{"id":1613,"date":"2018-02-27T12:52:20","date_gmt":"2018-02-27T12:52:20","guid":{"rendered":"http:\/\/noti-america.com\/site\/venezuela\/?p=1613"},"modified":"2018-02-27T12:52:20","modified_gmt":"2018-02-27T12:52:20","slug":"venezuela-recuerda-el-caracazo-del-27-de-febrero-de-1989","status":"publish","type":"post","link":"https:\/\/noti-america.com\/site\/venezuela\/2018\/02\/27\/venezuela-recuerda-el-caracazo-del-27-de-febrero-de-1989\/","title":{"rendered":"Venezuela recuerda \u00abel caracazo\u00bb del 27 de Febrero de 1989"},"content":{"rendered":"<blockquote><p><strong>Acaparamiento y anunci\u00f3s de incrementos sin regulaci\u00f3n alguna desat\u00f3 la ira de los venezolanos de escasos recursos, que empredieron acciones violentas contra comerciantes en Caracas.<\/strong><\/p>\n<p><strong>Toque de queda, por los desmanes del pueblo, y m\u00e1s de 9 mil soldados en la calle<\/strong><\/p>\n<p><em>El Caracazo fue un movimiento popular que surgi\u00f3 en Caracas el d\u00eda 27 de febrero de 1989, en rechaz\u00f3 a las medidas econ\u00f3micas impuestas por el gobierno de Carlos Andr\u00e9s P\u00e9rez. Tal movimiento inici\u00f3 como una serie de fuertes protestas y disturbios que culminaron el 8 de Marzo 1989.<\/em><\/p><\/blockquote>\n<p>https:\/\/www.youtube.com\/watch?v=jzLvacdAN30<\/p>\n<p>Desde horas de la madrugada del martes 28 de febrero de 1989 las calles de Caracas se llenaron de disparos y guardia nacional armada para tratar de imponer el orden desatado por los saqueos a comercios. Centenares de venezolanos cayeron por los disparos que propin\u00f3 el Ej\u00e9rcito.<\/p>\n<p>El Presidente Carlos Andr\u00e9s en muchos discursos argumentaba que alert\u00f3 sobre la tragedia econ\u00f3mica que se cern\u00eda sobre Venezuela, sometido a condiciones intolerables por el pago de la deuda, las medidas proteccionistas que manten\u00edan un cierre a los mercados de los productos que se produc\u00edan, lo que generar\u00eda explosiones sociales y descontentos en la poblaci\u00f3n.<\/p>\n<blockquote><p><strong>\u00abSoy uno de los l\u00edderes que abandera su posici\u00f3n frente a la Deuda Externa, el FMI es la representaci\u00f3n de los grandes pa\u00edses que est\u00e1n al servicio de sus propios inter\u00e9ses&#8230;. tenemos que conformar la concertaci\u00f3n latinoamericana para que no haya acciones en contra de las Naciones Latinoamericas\u00bb, expres\u00f3 para el momento, el ya fallecido CAP, en entrevista con Alejandro Guerrero de Panorama.<\/strong><\/p><\/blockquote>\n<p>La locura colectiva llega a su fin luego de que el Ej\u00e9rcito sali\u00f3 a las calles para controlar a los saqueadores, no obstante m\u00e1s de 300 muertos ya quedaban de saldo por las furia desatada en las calles.<\/p>\n<p><strong><img loading=\"lazy\" decoding=\"async\" class=\"alignright\" src=\"https:\/\/encrypted-tbn0.gstatic.com\/images?q=tbn:ANd9GcTn2tWm4jdbuhmM4Z76nEankwD4QFw6dfebIMKBOClDxSuqKzr_MQ\" alt=\"Resultado de imagen para 27 de febrero de 1989 (el caracazo)\" width=\"336\" height=\"232\" \/><\/strong><img loading=\"lazy\" decoding=\"async\" class=\"alignleft\" src=\"https:\/\/encrypted-tbn0.gstatic.com\/images?q=tbn:ANd9GcR9HyP57SdKQSUrOB21j4JLDWU9Xr0keL7K0D88ENwfWPjjQeAe\" alt=\"Resultado de imagen para 27 de febrero de 1989 (el caracazo)\" width=\"336\" height=\"223\" \/><img loading=\"lazy\" decoding=\"async\" class=\"alignnone\" src=\"https:\/\/encrypted-tbn0.gstatic.com\/images?q=tbn:ANd9GcTgE8ZOrHTu3rQ_pq2t9-X7Bu98Qg_39vuLdsNwiuGylUW9zHaN\" alt=\"Resultado de imagen para 27 de febrero de 1989 (el caracazo)\" width=\"328\" height=\"246\" \/><\/p>\n<p>Se recuerda que a ra\u00edz de las medidas econ\u00f3micas asumidas en el Gobierno de ent\u00f3nces Presidente de la Rep\u00fablica, Carlos Andr\u00e9s P\u00e9rez, entre ellas un incremento en el precio de la gasolina que implic\u00f3 aumento de los precios de los pasajes urbanos y extraurbanos, fue uno de los detonantes.<\/p>\n<p>&nbsp;<\/p>\n<p>Testimonios narran que el pueblo reaccion\u00f3 ante las medidas establecidas por el gobierno, sin haberse <img loading=\"lazy\" decoding=\"async\" class=\"attachment-266x266 size-266x266 alignleft\" src=\"http:\/\/noti-america.com\/site\/venezuela\/wp-content\/uploads\/sites\/2\/2018\/02\/caraczo4-320x320.jpg\" alt=\"\" width=\"266\" height=\"266\" \/>tomado en cuenta la opini\u00f3n del pueblo.<\/p>\n<p>Edificios y casas quedaron marcadas\u00a0 por las incursiones de la polic\u00eda y los soldados, muerte y abuso de poder seg\u00fan los afectados dej\u00f3 un da\u00f1o moral en los caraque\u00f1os que vieron destru\u00eddas sus propiedades, ya que las fuerzas armadas arremet\u00edan en busca de saqueadores y mercanc\u00eda robada sin mediar con los implicados.<\/p>\n<p>El recuerdo del 27 de febrero, es rememorar un hecho triste que enlut\u00f3 hogares caraque\u00f1os, as\u00ed lo rese\u00f1an cr\u00edticos y testigos de la \u00e9poca.<\/p>\n<div>Despu\u00e9s del auge petrolero de los a\u00f1os 70, la\u00a0<strong>econom\u00eda venezolana se fue debilitando paulatinamente<\/strong>\u00a0debido a las m\u00faltiples deudas que ten\u00eda la naci\u00f3n,\u00a0<strong>l<\/strong><strong>os \u00edndices inflacionarios aumentaban cada d\u00eda, la escasez de alimentos y los altos precios dejaban en jaque a las clases menos favorecidas<\/strong>.<\/div>\n<p>El 4 de diciembre 1988, con la esperanza de lograr un cambio\u00a0<strong>los venezolanos eligen a Carlos Andr\u00e9s P\u00e9rez como su nuevo Presidente<\/strong>, obteniendo 3.879.024 votos (52, 91%), convirti\u00e9ndose en el candidato con el mayor n\u00famero de votos en t\u00e9rminos absolutos hasta la fecha.<\/p>\n<p>&nbsp;<\/p>\n","protected":false},"excerpt":{"rendered":"<p>Acaparamiento y anunci\u00f3s de incrementos sin regulaci\u00f3n alguna desat\u00f3 la ira de los venezolanos de escasos recursos, que empredieron acciones violentas contra comerciantes en Caracas. Toque de queda, por los desmanes del pueblo, y&#46;&#46;&#46;<\/p>\n","protected":false},"author":11,"featured_media":1615,"comment_status":"open","ping_status":"open","sticky":false,"template":"","format":"standard","meta":{"_acf_changed":false,"om_disable_all_campaigns":false,"rop_custom_images_group":[],"rop_custom_messages_group":[],"rop_publish_now":"initial","rop_publish_now_accounts":{"twitter_242054905_242054905":""},"rop_publish_now_history":[],"rop_publish_now_status":"pending","_uf_show_specific_survey":0,"_uf_disable_surveys":false,"footnotes":""},"categories":[5,4,12,3,11],"tags":[],"class_list":["post-1613","post","type-post","status-publish","format-standard","has-post-thumbnail","hentry","category-economia","category-internacionales","category-opinion","category-politica","category-sucesos"],"acf":[],"aioseo_notices":[],"yoast_head":"<!-- This site is optimized with the Yoast SEO Premium plugin v24.9 (Yoast SEO v27.2) - https:\/\/yoast.com\/product\/yoast-seo-premium-wordpress\/ -->\n<title>Venezuela recuerda &quot;el caracazo&quot; del 27 de Febrero de 1989 - Venezuela | Noti-America.com<\/title>\n<meta name=\"robots\" content=\"index, follow, max-snippet:-1, max-image-preview:large, max-video-preview:-1\" \/>\n<link rel=\"canonical\" href=\"https:\/\/noti-america.com\/site\/venezuela\/2018\/02\/27\/venezuela-recuerda-el-caracazo-del-27-de-febrero-de-1989\/\" \/>\n<meta property=\"og:locale\" content=\"es_ES\" \/>\n<meta property=\"og:type\" content=\"article\" \/>\n<meta property=\"og:title\" content=\"Venezuela recuerda &quot;el caracazo&quot; del 27 de Febrero de 1989\" \/>\n<meta property=\"og:description\" content=\"Acaparamiento y anunci\u00f3s de incrementos sin regulaci\u00f3n alguna desat\u00f3 la ira de los venezolanos de escasos recursos, que empredieron acciones violentas contra comerciantes en Caracas. Toque de queda, por los desmanes del pueblo, y&#046;&#046;&#046;\" \/>\n<meta property=\"og:url\" content=\"https:\/\/noti-america.com\/site\/venezuela\/2018\/02\/27\/venezuela-recuerda-el-caracazo-del-27-de-febrero-de-1989\/\" \/>\n<meta property=\"og:site_name\" content=\"Venezuela | Noti-America.com\" \/>\n<meta property=\"article:published_time\" content=\"2018-02-27T12:52:20+00:00\" \/>\n<meta property=\"og:image\" content=\"https:\/\/noti-america.com\/site\/venezuela\/wp-content\/uploads\/sites\/2\/2018\/02\/caracazo5.jpg\" \/>\n\t<meta property=\"og:image:width\" content=\"313\" \/>\n\t<meta property=\"og:image:height\" content=\"161\" \/>\n\t<meta property=\"og:image:type\" content=\"image\/jpeg\" \/>\n<meta name=\"author\" content=\"Yliana Duque\" \/>\n<meta name=\"twitter:card\" content=\"summary_large_image\" \/>\n<meta name=\"twitter:creator\" content=\"@ylianaduque\" \/>\n<meta name=\"twitter:label1\" content=\"Escrito por\" \/>\n\t<meta name=\"twitter:data1\" content=\"Yliana Duque\" \/>\n\t<meta name=\"twitter:label2\" content=\"Tiempo estimado de lectura\" \/>\n\t<meta name=\"twitter:data2\" content=\"3 minutos\" \/>\n<script type=\"application\/ld+json\" class=\"yoast-schema-graph\">{\"@context\":\"https:\/\/schema.org\",\"@graph\":[{\"@type\":\"Article\",\"@id\":\"https:\/\/noti-america.com\/site\/venezuela\/2018\/02\/27\/venezuela-recuerda-el-caracazo-del-27-de-febrero-de-1989\/#article\",\"isPartOf\":{\"@id\":\"https:\/\/noti-america.com\/site\/venezuela\/2018\/02\/27\/venezuela-recuerda-el-caracazo-del-27-de-febrero-de-1989\/\"},\"author\":{\"name\":\"Yliana Duque\",\"@id\":\"https:\/\/noti-america.com\/site\/venezuela\/#\/schema\/person\/a166d9d45f249dbd09521fbc2e7342d8\"},\"headline\":\"Venezuela recuerda \u00abel caracazo\u00bb del 27 de Febrero de 1989\",\"datePublished\":\"2018-02-27T12:52:20+00:00\",\"mainEntityOfPage\":{\"@id\":\"https:\/\/noti-america.com\/site\/venezuela\/2018\/02\/27\/venezuela-recuerda-el-caracazo-del-27-de-febrero-de-1989\/\"},\"wordCount\":587,\"commentCount\":2,\"publisher\":{\"@id\":\"https:\/\/noti-america.com\/site\/venezuela\/#organization\"},\"image\":{\"@id\":\"https:\/\/noti-america.com\/site\/venezuela\/2018\/02\/27\/venezuela-recuerda-el-caracazo-del-27-de-febrero-de-1989\/#primaryimage\"},\"thumbnailUrl\":\"https:\/\/noti-america.com\/site\/venezuela\/wp-content\/uploads\/sites\/2\/2018\/02\/caracazo5.jpg\",\"articleSection\":[\"Econom\u00eda\",\"Internacionales\",\"Opini\u00f3n\",\"Pol\u00edtica\",\"Sucesos\"],\"inLanguage\":\"es\",\"potentialAction\":[{\"@type\":\"CommentAction\",\"name\":\"Comment\",\"target\":[\"https:\/\/noti-america.com\/site\/venezuela\/2018\/02\/27\/venezuela-recuerda-el-caracazo-del-27-de-febrero-de-1989\/#respond\"]}]},{\"@type\":\"WebPage\",\"@id\":\"https:\/\/noti-america.com\/site\/venezuela\/2018\/02\/27\/venezuela-recuerda-el-caracazo-del-27-de-febrero-de-1989\/\",\"url\":\"https:\/\/noti-america.com\/site\/venezuela\/2018\/02\/27\/venezuela-recuerda-el-caracazo-del-27-de-febrero-de-1989\/\",\"name\":\"Venezuela recuerda \\\"el caracazo\\\" del 27 de Febrero de 1989 - Venezuela | Noti-America.com\",\"isPartOf\":{\"@id\":\"https:\/\/noti-america.com\/site\/venezuela\/#website\"},\"primaryImageOfPage\":{\"@id\":\"https:\/\/noti-america.com\/site\/venezuela\/2018\/02\/27\/venezuela-recuerda-el-caracazo-del-27-de-febrero-de-1989\/#primaryimage\"},\"image\":{\"@id\":\"https:\/\/noti-america.com\/site\/venezuela\/2018\/02\/27\/venezuela-recuerda-el-caracazo-del-27-de-febrero-de-1989\/#primaryimage\"},\"thumbnailUrl\":\"https:\/\/noti-america.com\/site\/venezuela\/wp-content\/uploads\/sites\/2\/2018\/02\/caracazo5.jpg\",\"datePublished\":\"2018-02-27T12:52:20+00:00\",\"breadcrumb\":{\"@id\":\"https:\/\/noti-america.com\/site\/venezuela\/2018\/02\/27\/venezuela-recuerda-el-caracazo-del-27-de-febrero-de-1989\/#breadcrumb\"},\"inLanguage\":\"es\",\"potentialAction\":[{\"@type\":\"ReadAction\",\"target\":[\"https:\/\/noti-america.com\/site\/venezuela\/2018\/02\/27\/venezuela-recuerda-el-caracazo-del-27-de-febrero-de-1989\/\"]}]},{\"@type\":\"ImageObject\",\"inLanguage\":\"es\",\"@id\":\"https:\/\/noti-america.com\/site\/venezuela\/2018\/02\/27\/venezuela-recuerda-el-caracazo-del-27-de-febrero-de-1989\/#primaryimage\",\"url\":\"https:\/\/noti-america.com\/site\/venezuela\/wp-content\/uploads\/sites\/2\/2018\/02\/caracazo5.jpg\",\"contentUrl\":\"https:\/\/noti-america.com\/site\/venezuela\/wp-content\/uploads\/sites\/2\/2018\/02\/caracazo5.jpg\",\"width\":313,\"height\":161},{\"@type\":\"BreadcrumbList\",\"@id\":\"https:\/\/noti-america.com\/site\/venezuela\/2018\/02\/27\/venezuela-recuerda-el-caracazo-del-27-de-febrero-de-1989\/#breadcrumb\",\"itemListElement\":[{\"@type\":\"ListItem\",\"position\":1,\"name\":\"Portada\",\"item\":\"https:\/\/noti-america.com\/site\/venezuela\/\"},{\"@type\":\"ListItem\",\"position\":2,\"name\":\"Venezuela recuerda \u00abel caracazo\u00bb del 27 de Febrero de 1989\"}]},{\"@type\":\"WebSite\",\"@id\":\"https:\/\/noti-america.com\/site\/venezuela\/#website\",\"url\":\"https:\/\/noti-america.com\/site\/venezuela\/\",\"name\":\"Venezuela | Noti-America.com\",\"description\":\"\",\"publisher\":{\"@id\":\"https:\/\/noti-america.com\/site\/venezuela\/#organization\"},\"potentialAction\":[{\"@type\":\"SearchAction\",\"target\":{\"@type\":\"EntryPoint\",\"urlTemplate\":\"https:\/\/noti-america.com\/site\/venezuela\/?s={search_term_string}\"},\"query-input\":{\"@type\":\"PropertyValueSpecification\",\"valueRequired\":true,\"valueName\":\"search_term_string\"}}],\"inLanguage\":\"es\"},{\"@type\":\"Organization\",\"@id\":\"https:\/\/noti-america.com\/site\/venezuela\/#organization\",\"name\":\"Noti-America LLC | Venezuela\",\"url\":\"https:\/\/noti-america.com\/site\/venezuela\/\",\"logo\":{\"@type\":\"ImageObject\",\"inLanguage\":\"es\",\"@id\":\"https:\/\/noti-america.com\/site\/venezuela\/#\/schema\/logo\/image\/\",\"url\":\"https:\/\/noti-america.com\/site\/venezuela\/wp-content\/uploads\/sites\/2\/2020\/07\/LogoNA-4x3-1.jpg\",\"contentUrl\":\"https:\/\/noti-america.com\/site\/venezuela\/wp-content\/uploads\/sites\/2\/2020\/07\/LogoNA-4x3-1.jpg\",\"width\":1236,\"height\":1080,\"caption\":\"Noti-America LLC | Venezuela\"},\"image\":{\"@id\":\"https:\/\/noti-america.com\/site\/venezuela\/#\/schema\/logo\/image\/\"}},{\"@type\":\"Person\",\"@id\":\"https:\/\/noti-america.com\/site\/venezuela\/#\/schema\/person\/a166d9d45f249dbd09521fbc2e7342d8\",\"name\":\"Yliana Duque\",\"image\":{\"@type\":\"ImageObject\",\"inLanguage\":\"es\",\"@id\":\"https:\/\/secure.gravatar.com\/avatar\/8caf2a4035762b3be44c3a0455581febe2d5273a41ac40dacc575b8aa348fe65?s=96&d=mm&r=g\",\"url\":\"https:\/\/secure.gravatar.com\/avatar\/8caf2a4035762b3be44c3a0455581febe2d5273a41ac40dacc575b8aa348fe65?s=96&d=mm&r=g\",\"contentUrl\":\"https:\/\/secure.gravatar.com\/avatar\/8caf2a4035762b3be44c3a0455581febe2d5273a41ac40dacc575b8aa348fe65?s=96&d=mm&r=g\",\"caption\":\"Yliana Duque\"},\"description\":\"Ejercer el periodismo requiere de pasi\u00f3n y conocimiento en investigaci\u00f3n de campo. Siempre en la b\u00fasqueda de la verdad para aportar claridad y poder discernir sobre el hecho noticioso. Egresada de la Universidad de los Andes. Maestria en Relaciones Internacionales (UCV). Diplomado de Educaci\u00f3n Superior (Universidad Experimental LIbertador (UPEL), y Educaci\u00f3n superior a distancia (UFT). Estudios de Locuci\u00f3n- Actuaci\u00f3n-Publicidad y Mercadeo, Redes. Subdirectora de relaciones p\u00fablicas de la Asamablea Legislativa del Estado Sucre(1995)-Periodista de TELESOL,Telecaribe (Sucre). Jefe de Prensa de la Gobernaci\u00f3n del Estado Amazonas(1997). Periodista Comandancia General del Ej\u00e9rcito, Fuerte Tiuna (1996). Lider de Proyectos en educaci\u00f3n Superior en la Universidad Ferm\u00edn Toro (UFT) (2000). Docente Universitario UFT (2002-2007)-Docente de Educaci\u00f3n Superior a Distancia -titulado. Periodista Diario El Informador. Periodista en Apoyo A\u00e9reo de la Guardia Nacional, Aeropuerto Jacinto Lara. www.Noti-america.com (Venezuela)\",\"sameAs\":[\"https:\/\/x.com\/ylianaduque\"],\"url\":\"https:\/\/noti-america.com\/site\/venezuela\/author\/yduque\/\"}]}<\/script>\n<!-- \/ Yoast SEO Premium plugin. -->","yoast_head_json":{"title":"Venezuela recuerda \"el caracazo\" del 27 de Febrero de 1989 - Venezuela | Noti-America.com","robots":{"index":"index","follow":"follow","max-snippet":"max-snippet:-1","max-image-preview":"max-image-preview:large","max-video-preview":"max-video-preview:-1"},"canonical":"https:\/\/noti-america.com\/site\/venezuela\/2018\/02\/27\/venezuela-recuerda-el-caracazo-del-27-de-febrero-de-1989\/","og_locale":"es_ES","og_type":"article","og_title":"Venezuela recuerda \"el caracazo\" del 27 de Febrero de 1989","og_description":"Acaparamiento y anunci\u00f3s de incrementos sin regulaci\u00f3n alguna desat\u00f3 la ira de los venezolanos de escasos recursos, que empredieron acciones violentas contra comerciantes en Caracas. Toque de queda, por los desmanes del pueblo, y&#46;&#46;&#46;","og_url":"https:\/\/noti-america.com\/site\/venezuela\/2018\/02\/27\/venezuela-recuerda-el-caracazo-del-27-de-febrero-de-1989\/","og_site_name":"Venezuela | Noti-America.com","article_published_time":"2018-02-27T12:52:20+00:00","og_image":[{"width":313,"height":161,"url":"https:\/\/noti-america.com\/site\/venezuela\/wp-content\/uploads\/sites\/2\/2018\/02\/caracazo5.jpg","type":"image\/jpeg"}],"author":"Yliana Duque","twitter_card":"summary_large_image","twitter_creator":"@ylianaduque","twitter_misc":{"Escrito por":"Yliana Duque","Tiempo estimado de lectura":"3 minutos"},"schema":{"@context":"https:\/\/schema.org","@graph":[{"@type":"Article","@id":"https:\/\/noti-america.com\/site\/venezuela\/2018\/02\/27\/venezuela-recuerda-el-caracazo-del-27-de-febrero-de-1989\/#article","isPartOf":{"@id":"https:\/\/noti-america.com\/site\/venezuela\/2018\/02\/27\/venezuela-recuerda-el-caracazo-del-27-de-febrero-de-1989\/"},"author":{"name":"Yliana Duque","@id":"https:\/\/noti-america.com\/site\/venezuela\/#\/schema\/person\/a166d9d45f249dbd09521fbc2e7342d8"},"headline":"Venezuela recuerda \u00abel caracazo\u00bb del 27 de Febrero de 1989","datePublished":"2018-02-27T12:52:20+00:00","mainEntityOfPage":{"@id":"https:\/\/noti-america.com\/site\/venezuela\/2018\/02\/27\/venezuela-recuerda-el-caracazo-del-27-de-febrero-de-1989\/"},"wordCount":587,"commentCount":2,"publisher":{"@id":"https:\/\/noti-america.com\/site\/venezuela\/#organization"},"image":{"@id":"https:\/\/noti-america.com\/site\/venezuela\/2018\/02\/27\/venezuela-recuerda-el-caracazo-del-27-de-febrero-de-1989\/#primaryimage"},"thumbnailUrl":"https:\/\/noti-america.com\/site\/venezuela\/wp-content\/uploads\/sites\/2\/2018\/02\/caracazo5.jpg","articleSection":["Econom\u00eda","Internacionales","Opini\u00f3n","Pol\u00edtica","Sucesos"],"inLanguage":"es","potentialAction":[{"@type":"CommentAction","name":"Comment","target":["https:\/\/noti-america.com\/site\/venezuela\/2018\/02\/27\/venezuela-recuerda-el-caracazo-del-27-de-febrero-de-1989\/#respond"]}]},{"@type":"WebPage","@id":"https:\/\/noti-america.com\/site\/venezuela\/2018\/02\/27\/venezuela-recuerda-el-caracazo-del-27-de-febrero-de-1989\/","url":"https:\/\/noti-america.com\/site\/venezuela\/2018\/02\/27\/venezuela-recuerda-el-caracazo-del-27-de-febrero-de-1989\/","name":"Venezuela recuerda \"el caracazo\" del 27 de Febrero de 1989 - Venezuela | Noti-America.com","isPartOf":{"@id":"https:\/\/noti-america.com\/site\/venezuela\/#website"},"primaryImageOfPage":{"@id":"https:\/\/noti-america.com\/site\/venezuela\/2018\/02\/27\/venezuela-recuerda-el-caracazo-del-27-de-febrero-de-1989\/#primaryimage"},"image":{"@id":"https:\/\/noti-america.com\/site\/venezuela\/2018\/02\/27\/venezuela-recuerda-el-caracazo-del-27-de-febrero-de-1989\/#primaryimage"},"thumbnailUrl":"https:\/\/noti-america.com\/site\/venezuela\/wp-content\/uploads\/sites\/2\/2018\/02\/caracazo5.jpg","datePublished":"2018-02-27T12:52:20+00:00","breadcrumb":{"@id":"https:\/\/noti-america.com\/site\/venezuela\/2018\/02\/27\/venezuela-recuerda-el-caracazo-del-27-de-febrero-de-1989\/#breadcrumb"},"inLanguage":"es","potentialAction":[{"@type":"ReadAction","target":["https:\/\/noti-america.com\/site\/venezuela\/2018\/02\/27\/venezuela-recuerda-el-caracazo-del-27-de-febrero-de-1989\/"]}]},{"@type":"ImageObject","inLanguage":"es","@id":"https:\/\/noti-america.com\/site\/venezuela\/2018\/02\/27\/venezuela-recuerda-el-caracazo-del-27-de-febrero-de-1989\/#primaryimage","url":"https:\/\/noti-america.com\/site\/venezuela\/wp-content\/uploads\/sites\/2\/2018\/02\/caracazo5.jpg","contentUrl":"https:\/\/noti-america.com\/site\/venezuela\/wp-content\/uploads\/sites\/2\/2018\/02\/caracazo5.jpg","width":313,"height":161},{"@type":"BreadcrumbList","@id":"https:\/\/noti-america.com\/site\/venezuela\/2018\/02\/27\/venezuela-recuerda-el-caracazo-del-27-de-febrero-de-1989\/#breadcrumb","itemListElement":[{"@type":"ListItem","position":1,"name":"Portada","item":"https:\/\/noti-america.com\/site\/venezuela\/"},{"@type":"ListItem","position":2,"name":"Venezuela recuerda \u00abel caracazo\u00bb del 27 de Febrero de 1989"}]},{"@type":"WebSite","@id":"https:\/\/noti-america.com\/site\/venezuela\/#website","url":"https:\/\/noti-america.com\/site\/venezuela\/","name":"Venezuela | Noti-America.com","description":"","publisher":{"@id":"https:\/\/noti-america.com\/site\/venezuela\/#organization"},"potentialAction":[{"@type":"SearchAction","target":{"@type":"EntryPoint","urlTemplate":"https:\/\/noti-america.com\/site\/venezuela\/?s={search_term_string}"},"query-input":{"@type":"PropertyValueSpecification","valueRequired":true,"valueName":"search_term_string"}}],"inLanguage":"es"},{"@type":"Organization","@id":"https:\/\/noti-america.com\/site\/venezuela\/#organization","name":"Noti-America LLC | Venezuela","url":"https:\/\/noti-america.com\/site\/venezuela\/","logo":{"@type":"ImageObject","inLanguage":"es","@id":"https:\/\/noti-america.com\/site\/venezuela\/#\/schema\/logo\/image\/","url":"https:\/\/noti-america.com\/site\/venezuela\/wp-content\/uploads\/sites\/2\/2020\/07\/LogoNA-4x3-1.jpg","contentUrl":"https:\/\/noti-america.com\/site\/venezuela\/wp-content\/uploads\/sites\/2\/2020\/07\/LogoNA-4x3-1.jpg","width":1236,"height":1080,"caption":"Noti-America LLC | Venezuela"},"image":{"@id":"https:\/\/noti-america.com\/site\/venezuela\/#\/schema\/logo\/image\/"}},{"@type":"Person","@id":"https:\/\/noti-america.com\/site\/venezuela\/#\/schema\/person\/a166d9d45f249dbd09521fbc2e7342d8","name":"Yliana Duque","image":{"@type":"ImageObject","inLanguage":"es","@id":"https:\/\/secure.gravatar.com\/avatar\/8caf2a4035762b3be44c3a0455581febe2d5273a41ac40dacc575b8aa348fe65?s=96&d=mm&r=g","url":"https:\/\/secure.gravatar.com\/avatar\/8caf2a4035762b3be44c3a0455581febe2d5273a41ac40dacc575b8aa348fe65?s=96&d=mm&r=g","contentUrl":"https:\/\/secure.gravatar.com\/avatar\/8caf2a4035762b3be44c3a0455581febe2d5273a41ac40dacc575b8aa348fe65?s=96&d=mm&r=g","caption":"Yliana Duque"},"description":"Ejercer el periodismo requiere de pasi\u00f3n y conocimiento en investigaci\u00f3n de campo. Siempre en la b\u00fasqueda de la verdad para aportar claridad y poder discernir sobre el hecho noticioso. Egresada de la Universidad de los Andes. Maestria en Relaciones Internacionales (UCV). Diplomado de Educaci\u00f3n Superior (Universidad Experimental LIbertador (UPEL), y Educaci\u00f3n superior a distancia (UFT). Estudios de Locuci\u00f3n- Actuaci\u00f3n-Publicidad y Mercadeo, Redes. Subdirectora de relaciones p\u00fablicas de la Asamablea Legislativa del Estado Sucre(1995)-Periodista de TELESOL,Telecaribe (Sucre). Jefe de Prensa de la Gobernaci\u00f3n del Estado Amazonas(1997). Periodista Comandancia General del Ej\u00e9rcito, Fuerte Tiuna (1996). Lider de Proyectos en educaci\u00f3n Superior en la Universidad Ferm\u00edn Toro (UFT) (2000). Docente Universitario UFT (2002-2007)-Docente de Educaci\u00f3n Superior a Distancia -titulado. Periodista Diario El Informador. Periodista en Apoyo A\u00e9reo de la Guardia Nacional, Aeropuerto Jacinto Lara. www.Noti-america.com (Venezuela)","sameAs":["https:\/\/x.com\/ylianaduque"],"url":"https:\/\/noti-america.com\/site\/venezuela\/author\/yduque\/"}]}},"_links":{"self":[{"href":"https:\/\/noti-america.com\/site\/venezuela\/wp-json\/wp\/v2\/posts\/1613","targetHints":{"allow":["GET"]}}],"collection":[{"href":"https:\/\/noti-america.com\/site\/venezuela\/wp-json\/wp\/v2\/posts"}],"about":[{"href":"https:\/\/noti-america.com\/site\/venezuela\/wp-json\/wp\/v2\/types\/post"}],"author":[{"embeddable":true,"href":"https:\/\/noti-america.com\/site\/venezuela\/wp-json\/wp\/v2\/users\/11"}],"replies":[{"embeddable":true,"href":"https:\/\/noti-america.com\/site\/venezuela\/wp-json\/wp\/v2\/comments?post=1613"}],"version-history":[{"count":1,"href":"https:\/\/noti-america.com\/site\/venezuela\/wp-json\/wp\/v2\/posts\/1613\/revisions"}],"predecessor-version":[{"id":1616,"href":"https:\/\/noti-america.com\/site\/venezuela\/wp-json\/wp\/v2\/posts\/1613\/revisions\/1616"}],"wp:featuredmedia":[{"embeddable":true,"href":"https:\/\/noti-america.com\/site\/venezuela\/wp-json\/wp\/v2\/media\/1615"}],"wp:attachment":[{"href":"https:\/\/noti-america.com\/site\/venezuela\/wp-json\/wp\/v2\/media?parent=1613"}],"wp:term":[{"taxonomy":"category","embeddable":true,"href":"https:\/\/noti-america.com\/site\/venezuela\/wp-json\/wp\/v2\/categories?post=1613"},{"taxonomy":"post_tag","embeddable":true,"href":"https:\/\/noti-america.com\/site\/venezuela\/wp-json\/wp\/v2\/tags?post=1613"}],"curies":[{"name":"wp","href":"https:\/\/api.w.org\/{rel}","templated":true}]}}