{"id":16122,"date":"2021-09-05T12:52:14","date_gmt":"2021-09-05T12:52:14","guid":{"rendered":"https:\/\/noti-america.com\/site\/venezuela\/2021\/09\/05\/se-cae-la-dictadura-comunista-por-marlon-s-jimenez-garcia\/"},"modified":"2021-09-05T16:52:20","modified_gmt":"2021-09-05T16:52:20","slug":"se-cae-la-dictadura-comunista-por-marlon-s-jimenez-garcia","status":"publish","type":"post","link":"https:\/\/noti-america.com\/site\/venezuela\/2021\/09\/05\/se-cae-la-dictadura-comunista-por-marlon-s-jimenez-garcia\/","title":{"rendered":"\u00bfSE CAE LA DICTADURA COMUNISTA?  Por Marlon S Jim\u00e9nez Garc\u00eda"},"content":{"rendered":"<p>NOTI-AMERICA.COM | VENEZUELA<\/p>\n<p style=\"text-align: center;\">\u00bfSE CAE LA DICTADURA COMUNISTA?<\/p>\n<p><img loading=\"lazy\" decoding=\"async\" class=\"alignnone size-full wp-image-13522 aligncenter\" src=\"https:\/\/noti-america.com\/site\/venezuela\/wp-content\/uploads\/sites\/2\/2021\/09\/marlon-jimenez1.jpeg\" alt=\"\" width=\"240\" height=\"180\" \/><\/p>\n<p style=\"text-align: center;\">Por Marlon S Jim\u00e9nez Garc\u00eda<\/p>\n<p>El Maduro, como todo comunista, NO RECONOCE que no le ha sido f\u00e1cil, y ahora menos, perpetuarse en el poder; que sus \u00ednfulas de \u201cdictador\u201d, con todo el respaldo (en lo bueno y de lo malo en un porcentaje muy superior) de la FANB, est\u00e1n sufriendo los rigores de una \u201cgesti\u00f3n empobrecida\u201d en todo el \u00e1mbito de acci\u00f3n en la sociedad, que por supuesto, su principal v\u00edctima es el 90% del pueblo venezolano. Tambi\u00e9n juega un rol preponderante en ello, la comunidad internacional. Sin ella, hubiese sido imposible sentar a NEGOCIAR condiciones de \u201cconvivencia democr\u00e1tica\u201d al Maduro y su r\u00e9gimen comunista Procubano; otro aspecto importante y cimero es la conformaci\u00f3n de un frente nacional de oposici\u00f3n (que con todos y sus errores), encabezado por el Presidente de la AN leg\u00edtima electa en el 2015, Ing\u00ba Juan Guaid\u00f3\u00a0 que, logr\u00f3 consolidar el apoyo de m\u00e1s de 60 pa\u00edses y su reconocimiento\u00a0 como Presidente interino de Venezuela y, no menos importante, que desnud\u00f3 al r\u00e9gimen como forajido ante el mundo; la participaci\u00f3n activa de las ONG\u2019s nacionales y los organismos internacionales, todos vinculados a los DDHH que lograron preparar un riguroso expediente contra el Maduro, y fue presentado ante la CPI; hoy se est\u00e1 a la espera de una decisi\u00f3n que conduzca a una investigaci\u00f3n penal formal contra \u00e9l.<\/p>\n<p>\u00bfSe cae la dictadura? Sin duda,\u00a0 como tal, S\u00cd, y debilita su estructura porque quien funge como su ductor, llamado en los bajos fondos como el \u201cileg\u00edtimo, sin reconocimiento institucional\u201d, es un aventurero, un advenedizo que no ten\u00eda la put\u2026 idea del rol que le toc\u00f3 desempe\u00f1ar por mandato del Fidel y del Ra\u00fal producto del \u201cestado de inconsciencia\u201d por enfermedad grave del \u201ccomandante eternamente enterrado\u201d que le antecedi\u00f3 en el cargo, y que adem\u00e1s, le dej\u00f3 la revoluci\u00f3n con tumores malignos, corrupta hasta los tu\u00e9tanos y en medio de una tormenta ideol\u00f3gica maligna (\u00bfel comunismo es otra cosa?) de toda la estructura gubernamental.\u00a0 Se cae en M\u00e9xico; Maduro est\u00e1 en la mesa de negociaci\u00f3n \u201cforzado\u201d para poder reactivarse y tratar de buscar reconocimiento; all\u00e1 abre su \u201cjetota\u201d, para hablar de los dirigentes de la oposici\u00f3n y en cadena nacional pretende hacer ver que, los que piden cacao son ellos, cuando la realidad es que \u00e9l y su r\u00e9gimen tienen la \u201csoga en el cuello\u201d. Maduro est\u00e1 liquidado pol\u00edticamente, ha perdido el apoyo tangible del Foro de Sao Paulo, tal cual lo manifest\u00f3 LULA hace tres d\u00edas atr\u00e1s, y solo RUSIA lo acompa\u00f1a en el intento, por las deudas que el r\u00e9gimen tiene con ese pa\u00eds. Si Maduro se burla, nuevamente de la oposici\u00f3n en esta oportunidad, queda en el limbo y sin argumentos; su ca\u00edda ser\u00eda inminente.<\/p>\n<p>El Maduro, como ductor que es y bien asesorado por los cubanos, convirti\u00f3 al personal inoperativo que le acompa\u00f1a en delincuentes que corroen los recursos econ\u00f3micos de los cuales se prove\u00eda, tambi\u00e9n continuaron utilizando a la mal llamada revoluci\u00f3n en aventuras peligrosas y mal\u00e9volas: tr\u00e1fico ilegal, no solo de narc\u00f3ticos, sino tambi\u00e9n de oro y piedras preciosas; bachaqueo, -nombre dado por los paleros y babalaos cubanos- de gasolina, producto de la quiebra adrede de PDVSA, que ha originado escasez interna produci\u00e9ndose largas colas en las estaciones de servicio; del cobro indebido e ilegal de dinero externo que ha producido un letargo mortal en la econom\u00eda, aunado a una hiperinflaci\u00f3n devastadora que produce hambre, miseria y muerte en la sociedad; se ali\u00f3 con movimientos terroristas del mundo y la revoluci\u00f3n comenz\u00f3 a sufrir los avatares de esa mala influencia que le impidi\u00f3 poder surcar los espacios de la paz y de libertad en el mundo y por ende se gan\u00f3 el desprecio internacional.<\/p>\n<p>\u00bfQu\u00e9 hacer con Venezuela? Es necesario, importante y urgente en el corto plazo reconstruir la \u201cnueva\u201d Venezuela. Necesitamos un nuevo \u201cgerente\u201d y no el pirata que asume en la actualidad como mandadero de la revoluci\u00f3n, que no tenga un parche en el ojo; que no utilice garfios sino las manos completas para agarrar el volante con decisi\u00f3n y coraje; que no meta la pata de palo y vaya de errores en errores, sino que tenga los pies bien puestos sobre la tierra y no le tiemble el pulso; que tenga un cerebro bien puesto y preparado para llevar a Venezuela por nuevos derroteros y no una \u201crockola\u201d repetitiva e inerte. Necesitamos un Gerente que se rodee de ministros y viceministros preparados en las mejores academias de estudios de su pa\u00eds y del mundo; que el personal militar que lo acompa\u00f1e sea disciplinado de las leyes internas y sobre todo act\u00faen en salvaguarda de toda la sociedad venezolana ante cualquier eventualidad end\u00f3gena o ex\u00f3gena que se pueda presentar por culpa de las acciones del Maduro y de sus adl\u00e1teres.<\/p>\n<p>Para rehacer a Venezuela, debemos contar con la anuencia de todos los sectores involucrados en ella; no solo cuenta el factor econ\u00f3mico que es bien importante, sino que el factor pol\u00edtico involucrado act\u00fae en funci\u00f3n de lograr la unidad de acci\u00f3n y no se conviertan en un \u201cestorbo utilitario\u201d de factores facinerosos; los trabajadores, los estudiantes, los profesionales en las diversas \u00e1reas del quehacer deben por, obligaci\u00f3n moral con la nueva Venezuela, dar su aporte en ese quehacer fruct\u00edfero \u00a0y entre todos forjar un Estado donde la filosof\u00eda de acci\u00f3n de sus integrantes sea la paz, la libertad, la justicia y la toma de decisiones cuenten con el favor mayoritario.<\/p>\n<p>Esa nueva Venezuela anhelada, ser\u00e1 modelo para el mundo, como lo era Venezuela en la d\u00e9cada de los 60, 70, 80 y 90 del siglo XX. Los responsables del desmadre causado en Venezuela en toda su estructura f\u00edsica y moral ser\u00e1n castigados, no solo por la justicia divina, sino tambi\u00e9n por la justicia terrenal; aquella nacida en la Declaraci\u00f3n Universal de los Derechos Humanos y por ende de los entes jurisdiccionales supranacionales nacidos bajo el manto inspirador de esa Declaraci\u00f3n, donde resalta el Tribunal de La Haya. La negociaci\u00f3n en M\u00e9xico, que se reinicia hoy 3-9 debe (esperamos todos los venezolanos; confiamos en los representantes de la sociedad civil) se\u00f1alar el camino esperado: <strong>elecciones presidenciales en el corto plazo<\/strong>; otra cosa ser\u00eda in\u00fatil. En las elecciones del 21-11, los partidos de oposici\u00f3n participar\u00e1n, les deseo \u00e9xito, aunque no comparto la manera como lo est\u00e1n haciendo; hay improvisaci\u00f3n generalizada, ojal\u00e1 logren convencer (verdadera unidad) al pueblo en su participaci\u00f3n. Se cae la Dictadura, aunque el \u201cMaduro siga dando tumbos y hablando g\u00fcevonadas\u201d, hasta que el pueblo decida nuestro destino.<\/p>\n<p>Profesor Universitario<\/p>\n<p><a href=\"mailto:Marlons.jimenez55@gmail.com\">Marlons.jimenez55@gmail.com<\/a><\/p>\n<p>@marjimgar<\/p>\n","protected":false},"excerpt":{"rendered":"<p>NOTI-AMERICA.COM | VENEZUELA \u00bfSE CAE LA DICTADURA COMUNISTA? Por Marlon S Jim\u00e9nez Garc\u00eda El Maduro, como todo comunista, NO RECONOCE que no le ha sido f\u00e1cil, y ahora menos, perpetuarse en el poder; que&#46;&#46;&#46;<\/p>\n","protected":false},"author":2,"featured_media":13522,"comment_status":"open","ping_status":"open","sticky":false,"template":"","format":"standard","meta":{"_acf_changed":false,"om_disable_all_campaigns":false,"rop_custom_images_group":[],"rop_custom_messages_group":[],"rop_publish_now":"initial","rop_publish_now_accounts":{"twitter_242054905_242054905":""},"rop_publish_now_history":[],"rop_publish_now_status":"pending","_uf_show_specific_survey":0,"_uf_disable_surveys":false,"footnotes":""},"categories":[3],"tags":[],"class_list":["post-16122","post","type-post","status-publish","format-standard","has-post-thumbnail","hentry","category-politica"],"acf":[],"aioseo_notices":[],"yoast_head":"<!-- This site is optimized with the Yoast SEO Premium plugin v24.9 (Yoast SEO v27.2) - https:\/\/yoast.com\/product\/yoast-seo-premium-wordpress\/ -->\n<title>\u00bfSE CAE LA DICTADURA COMUNISTA? Por Marlon S Jim\u00e9nez Garc\u00eda - Venezuela | Noti-America.com<\/title>\n<meta name=\"robots\" content=\"index, follow, max-snippet:-1, max-image-preview:large, max-video-preview:-1\" \/>\n<link rel=\"canonical\" href=\"https:\/\/noti-america.com\/site\/venezuela\/2021\/09\/05\/se-cae-la-dictadura-comunista-por-marlon-s-jimenez-garcia\/\" \/>\n<meta property=\"og:locale\" content=\"es_ES\" \/>\n<meta property=\"og:type\" content=\"article\" \/>\n<meta property=\"og:title\" content=\"\u00bfSE CAE LA DICTADURA COMUNISTA? Por Marlon S Jim\u00e9nez Garc\u00eda\" \/>\n<meta property=\"og:description\" content=\"NOTI-AMERICA.COM | VENEZUELA \u00bfSE CAE LA DICTADURA COMUNISTA? Por Marlon S Jim\u00e9nez Garc\u00eda El Maduro, como todo comunista, NO RECONOCE que no le ha sido f\u00e1cil, y ahora menos, perpetuarse en el poder; que&#046;&#046;&#046;\" \/>\n<meta property=\"og:url\" content=\"https:\/\/noti-america.com\/site\/venezuela\/2021\/09\/05\/se-cae-la-dictadura-comunista-por-marlon-s-jimenez-garcia\/\" \/>\n<meta property=\"og:site_name\" content=\"Venezuela | Noti-America.com\" \/>\n<meta property=\"article:published_time\" content=\"2021-09-05T12:52:14+00:00\" \/>\n<meta property=\"article:modified_time\" content=\"2021-09-05T16:52:20+00:00\" \/>\n<meta property=\"og:image\" content=\"https:\/\/noti-america.com\/site\/venezuela\/wp-content\/uploads\/sites\/2\/2020\/11\/marlon-jimenez1.jpeg\" \/>\n\t<meta property=\"og:image:width\" content=\"1\" \/>\n\t<meta property=\"og:image:height\" content=\"1\" \/>\n\t<meta property=\"og:image:type\" content=\"image\/jpeg\" \/>\n<meta name=\"author\" content=\"rloaiza\" \/>\n<meta name=\"twitter:card\" content=\"summary_large_image\" \/>\n<meta name=\"twitter:label1\" content=\"Escrito por\" \/>\n\t<meta name=\"twitter:data1\" content=\"rloaiza\" \/>\n\t<meta name=\"twitter:label2\" content=\"Tiempo estimado de lectura\" \/>\n\t<meta name=\"twitter:data2\" content=\"6 minutos\" \/>\n<script type=\"application\/ld+json\" class=\"yoast-schema-graph\">{\"@context\":\"https:\/\/schema.org\",\"@graph\":[{\"@type\":\"Article\",\"@id\":\"https:\/\/noti-america.com\/site\/venezuela\/2021\/09\/05\/se-cae-la-dictadura-comunista-por-marlon-s-jimenez-garcia\/#article\",\"isPartOf\":{\"@id\":\"https:\/\/noti-america.com\/site\/venezuela\/2021\/09\/05\/se-cae-la-dictadura-comunista-por-marlon-s-jimenez-garcia\/\"},\"author\":{\"name\":\"rloaiza\",\"@id\":\"https:\/\/noti-america.com\/site\/venezuela\/#\/schema\/person\/a2e478ba496331ce89bcd0c731cd6533\"},\"headline\":\"\u00bfSE CAE LA DICTADURA COMUNISTA? Por Marlon S Jim\u00e9nez Garc\u00eda\",\"datePublished\":\"2021-09-05T12:52:14+00:00\",\"dateModified\":\"2021-09-05T16:52:20+00:00\",\"mainEntityOfPage\":{\"@id\":\"https:\/\/noti-america.com\/site\/venezuela\/2021\/09\/05\/se-cae-la-dictadura-comunista-por-marlon-s-jimenez-garcia\/\"},\"wordCount\":1186,\"commentCount\":0,\"publisher\":{\"@id\":\"https:\/\/noti-america.com\/site\/venezuela\/#organization\"},\"image\":{\"@id\":\"https:\/\/noti-america.com\/site\/venezuela\/2021\/09\/05\/se-cae-la-dictadura-comunista-por-marlon-s-jimenez-garcia\/#primaryimage\"},\"thumbnailUrl\":\"https:\/\/noti-america.com\/site\/venezuela\/wp-content\/uploads\/sites\/2\/2020\/11\/marlon-jimenez1.jpeg\",\"articleSection\":[\"Pol\u00edtica\"],\"inLanguage\":\"es\",\"potentialAction\":[{\"@type\":\"CommentAction\",\"name\":\"Comment\",\"target\":[\"https:\/\/noti-america.com\/site\/venezuela\/2021\/09\/05\/se-cae-la-dictadura-comunista-por-marlon-s-jimenez-garcia\/#respond\"]}]},{\"@type\":\"WebPage\",\"@id\":\"https:\/\/noti-america.com\/site\/venezuela\/2021\/09\/05\/se-cae-la-dictadura-comunista-por-marlon-s-jimenez-garcia\/\",\"url\":\"https:\/\/noti-america.com\/site\/venezuela\/2021\/09\/05\/se-cae-la-dictadura-comunista-por-marlon-s-jimenez-garcia\/\",\"name\":\"\u00bfSE CAE LA DICTADURA COMUNISTA? Por Marlon S Jim\u00e9nez Garc\u00eda - Venezuela | Noti-America.com\",\"isPartOf\":{\"@id\":\"https:\/\/noti-america.com\/site\/venezuela\/#website\"},\"primaryImageOfPage\":{\"@id\":\"https:\/\/noti-america.com\/site\/venezuela\/2021\/09\/05\/se-cae-la-dictadura-comunista-por-marlon-s-jimenez-garcia\/#primaryimage\"},\"image\":{\"@id\":\"https:\/\/noti-america.com\/site\/venezuela\/2021\/09\/05\/se-cae-la-dictadura-comunista-por-marlon-s-jimenez-garcia\/#primaryimage\"},\"thumbnailUrl\":\"https:\/\/noti-america.com\/site\/venezuela\/wp-content\/uploads\/sites\/2\/2020\/11\/marlon-jimenez1.jpeg\",\"datePublished\":\"2021-09-05T12:52:14+00:00\",\"dateModified\":\"2021-09-05T16:52:20+00:00\",\"breadcrumb\":{\"@id\":\"https:\/\/noti-america.com\/site\/venezuela\/2021\/09\/05\/se-cae-la-dictadura-comunista-por-marlon-s-jimenez-garcia\/#breadcrumb\"},\"inLanguage\":\"es\",\"potentialAction\":[{\"@type\":\"ReadAction\",\"target\":[\"https:\/\/noti-america.com\/site\/venezuela\/2021\/09\/05\/se-cae-la-dictadura-comunista-por-marlon-s-jimenez-garcia\/\"]}]},{\"@type\":\"ImageObject\",\"inLanguage\":\"es\",\"@id\":\"https:\/\/noti-america.com\/site\/venezuela\/2021\/09\/05\/se-cae-la-dictadura-comunista-por-marlon-s-jimenez-garcia\/#primaryimage\",\"url\":\"https:\/\/noti-america.com\/site\/venezuela\/wp-content\/uploads\/sites\/2\/2020\/11\/marlon-jimenez1.jpeg\",\"contentUrl\":\"https:\/\/noti-america.com\/site\/venezuela\/wp-content\/uploads\/sites\/2\/2020\/11\/marlon-jimenez1.jpeg\"},{\"@type\":\"BreadcrumbList\",\"@id\":\"https:\/\/noti-america.com\/site\/venezuela\/2021\/09\/05\/se-cae-la-dictadura-comunista-por-marlon-s-jimenez-garcia\/#breadcrumb\",\"itemListElement\":[{\"@type\":\"ListItem\",\"position\":1,\"name\":\"Portada\",\"item\":\"https:\/\/noti-america.com\/site\/venezuela\/\"},{\"@type\":\"ListItem\",\"position\":2,\"name\":\"\u00bfSE CAE LA DICTADURA COMUNISTA? Por Marlon S Jim\u00e9nez Garc\u00eda\"}]},{\"@type\":\"WebSite\",\"@id\":\"https:\/\/noti-america.com\/site\/venezuela\/#website\",\"url\":\"https:\/\/noti-america.com\/site\/venezuela\/\",\"name\":\"Venezuela | Noti-America.com\",\"description\":\"\",\"publisher\":{\"@id\":\"https:\/\/noti-america.com\/site\/venezuela\/#organization\"},\"potentialAction\":[{\"@type\":\"SearchAction\",\"target\":{\"@type\":\"EntryPoint\",\"urlTemplate\":\"https:\/\/noti-america.com\/site\/venezuela\/?s={search_term_string}\"},\"query-input\":{\"@type\":\"PropertyValueSpecification\",\"valueRequired\":true,\"valueName\":\"search_term_string\"}}],\"inLanguage\":\"es\"},{\"@type\":\"Organization\",\"@id\":\"https:\/\/noti-america.com\/site\/venezuela\/#organization\",\"name\":\"Noti-America LLC | Venezuela\",\"url\":\"https:\/\/noti-america.com\/site\/venezuela\/\",\"logo\":{\"@type\":\"ImageObject\",\"inLanguage\":\"es\",\"@id\":\"https:\/\/noti-america.com\/site\/venezuela\/#\/schema\/logo\/image\/\",\"url\":\"https:\/\/noti-america.com\/site\/venezuela\/wp-content\/uploads\/sites\/2\/2020\/07\/LogoNA-4x3-1.jpg\",\"contentUrl\":\"https:\/\/noti-america.com\/site\/venezuela\/wp-content\/uploads\/sites\/2\/2020\/07\/LogoNA-4x3-1.jpg\",\"width\":1236,\"height\":1080,\"caption\":\"Noti-America LLC | Venezuela\"},\"image\":{\"@id\":\"https:\/\/noti-america.com\/site\/venezuela\/#\/schema\/logo\/image\/\"}},{\"@type\":\"Person\",\"@id\":\"https:\/\/noti-america.com\/site\/venezuela\/#\/schema\/person\/a2e478ba496331ce89bcd0c731cd6533\",\"name\":\"rloaiza\",\"image\":{\"@type\":\"ImageObject\",\"inLanguage\":\"es\",\"@id\":\"https:\/\/secure.gravatar.com\/avatar\/190058e5d4427934610b99c45aa7a6558806850adedd53ddeddd194b04773e22?s=96&d=mm&r=g\",\"url\":\"https:\/\/secure.gravatar.com\/avatar\/190058e5d4427934610b99c45aa7a6558806850adedd53ddeddd194b04773e22?s=96&d=mm&r=g\",\"contentUrl\":\"https:\/\/secure.gravatar.com\/avatar\/190058e5d4427934610b99c45aa7a6558806850adedd53ddeddd194b04773e22?s=96&d=mm&r=g\",\"caption\":\"rloaiza\"},\"url\":\"https:\/\/noti-america.com\/site\/venezuela\/author\/rloaiza\/\"}]}<\/script>\n<!-- \/ Yoast SEO Premium plugin. -->","yoast_head_json":{"title":"\u00bfSE CAE LA DICTADURA COMUNISTA? Por Marlon S Jim\u00e9nez Garc\u00eda - Venezuela | Noti-America.com","robots":{"index":"index","follow":"follow","max-snippet":"max-snippet:-1","max-image-preview":"max-image-preview:large","max-video-preview":"max-video-preview:-1"},"canonical":"https:\/\/noti-america.com\/site\/venezuela\/2021\/09\/05\/se-cae-la-dictadura-comunista-por-marlon-s-jimenez-garcia\/","og_locale":"es_ES","og_type":"article","og_title":"\u00bfSE CAE LA DICTADURA COMUNISTA? Por Marlon S Jim\u00e9nez Garc\u00eda","og_description":"NOTI-AMERICA.COM | VENEZUELA \u00bfSE CAE LA DICTADURA COMUNISTA? Por Marlon S Jim\u00e9nez Garc\u00eda El Maduro, como todo comunista, NO RECONOCE que no le ha sido f\u00e1cil, y ahora menos, perpetuarse en el poder; que&#46;&#46;&#46;","og_url":"https:\/\/noti-america.com\/site\/venezuela\/2021\/09\/05\/se-cae-la-dictadura-comunista-por-marlon-s-jimenez-garcia\/","og_site_name":"Venezuela | Noti-America.com","article_published_time":"2021-09-05T12:52:14+00:00","article_modified_time":"2021-09-05T16:52:20+00:00","og_image":[{"url":"https:\/\/noti-america.com\/site\/venezuela\/wp-content\/uploads\/sites\/2\/2020\/11\/marlon-jimenez1.jpeg","width":1,"height":1,"type":"image\/jpeg"}],"author":"rloaiza","twitter_card":"summary_large_image","twitter_misc":{"Escrito por":"rloaiza","Tiempo estimado de lectura":"6 minutos"},"schema":{"@context":"https:\/\/schema.org","@graph":[{"@type":"Article","@id":"https:\/\/noti-america.com\/site\/venezuela\/2021\/09\/05\/se-cae-la-dictadura-comunista-por-marlon-s-jimenez-garcia\/#article","isPartOf":{"@id":"https:\/\/noti-america.com\/site\/venezuela\/2021\/09\/05\/se-cae-la-dictadura-comunista-por-marlon-s-jimenez-garcia\/"},"author":{"name":"rloaiza","@id":"https:\/\/noti-america.com\/site\/venezuela\/#\/schema\/person\/a2e478ba496331ce89bcd0c731cd6533"},"headline":"\u00bfSE CAE LA DICTADURA COMUNISTA? Por Marlon S Jim\u00e9nez Garc\u00eda","datePublished":"2021-09-05T12:52:14+00:00","dateModified":"2021-09-05T16:52:20+00:00","mainEntityOfPage":{"@id":"https:\/\/noti-america.com\/site\/venezuela\/2021\/09\/05\/se-cae-la-dictadura-comunista-por-marlon-s-jimenez-garcia\/"},"wordCount":1186,"commentCount":0,"publisher":{"@id":"https:\/\/noti-america.com\/site\/venezuela\/#organization"},"image":{"@id":"https:\/\/noti-america.com\/site\/venezuela\/2021\/09\/05\/se-cae-la-dictadura-comunista-por-marlon-s-jimenez-garcia\/#primaryimage"},"thumbnailUrl":"https:\/\/noti-america.com\/site\/venezuela\/wp-content\/uploads\/sites\/2\/2020\/11\/marlon-jimenez1.jpeg","articleSection":["Pol\u00edtica"],"inLanguage":"es","potentialAction":[{"@type":"CommentAction","name":"Comment","target":["https:\/\/noti-america.com\/site\/venezuela\/2021\/09\/05\/se-cae-la-dictadura-comunista-por-marlon-s-jimenez-garcia\/#respond"]}]},{"@type":"WebPage","@id":"https:\/\/noti-america.com\/site\/venezuela\/2021\/09\/05\/se-cae-la-dictadura-comunista-por-marlon-s-jimenez-garcia\/","url":"https:\/\/noti-america.com\/site\/venezuela\/2021\/09\/05\/se-cae-la-dictadura-comunista-por-marlon-s-jimenez-garcia\/","name":"\u00bfSE CAE LA DICTADURA COMUNISTA? Por Marlon S Jim\u00e9nez Garc\u00eda - Venezuela | Noti-America.com","isPartOf":{"@id":"https:\/\/noti-america.com\/site\/venezuela\/#website"},"primaryImageOfPage":{"@id":"https:\/\/noti-america.com\/site\/venezuela\/2021\/09\/05\/se-cae-la-dictadura-comunista-por-marlon-s-jimenez-garcia\/#primaryimage"},"image":{"@id":"https:\/\/noti-america.com\/site\/venezuela\/2021\/09\/05\/se-cae-la-dictadura-comunista-por-marlon-s-jimenez-garcia\/#primaryimage"},"thumbnailUrl":"https:\/\/noti-america.com\/site\/venezuela\/wp-content\/uploads\/sites\/2\/2020\/11\/marlon-jimenez1.jpeg","datePublished":"2021-09-05T12:52:14+00:00","dateModified":"2021-09-05T16:52:20+00:00","breadcrumb":{"@id":"https:\/\/noti-america.com\/site\/venezuela\/2021\/09\/05\/se-cae-la-dictadura-comunista-por-marlon-s-jimenez-garcia\/#breadcrumb"},"inLanguage":"es","potentialAction":[{"@type":"ReadAction","target":["https:\/\/noti-america.com\/site\/venezuela\/2021\/09\/05\/se-cae-la-dictadura-comunista-por-marlon-s-jimenez-garcia\/"]}]},{"@type":"ImageObject","inLanguage":"es","@id":"https:\/\/noti-america.com\/site\/venezuela\/2021\/09\/05\/se-cae-la-dictadura-comunista-por-marlon-s-jimenez-garcia\/#primaryimage","url":"https:\/\/noti-america.com\/site\/venezuela\/wp-content\/uploads\/sites\/2\/2020\/11\/marlon-jimenez1.jpeg","contentUrl":"https:\/\/noti-america.com\/site\/venezuela\/wp-content\/uploads\/sites\/2\/2020\/11\/marlon-jimenez1.jpeg"},{"@type":"BreadcrumbList","@id":"https:\/\/noti-america.com\/site\/venezuela\/2021\/09\/05\/se-cae-la-dictadura-comunista-por-marlon-s-jimenez-garcia\/#breadcrumb","itemListElement":[{"@type":"ListItem","position":1,"name":"Portada","item":"https:\/\/noti-america.com\/site\/venezuela\/"},{"@type":"ListItem","position":2,"name":"\u00bfSE CAE LA DICTADURA COMUNISTA? Por Marlon S Jim\u00e9nez Garc\u00eda"}]},{"@type":"WebSite","@id":"https:\/\/noti-america.com\/site\/venezuela\/#website","url":"https:\/\/noti-america.com\/site\/venezuela\/","name":"Venezuela | Noti-America.com","description":"","publisher":{"@id":"https:\/\/noti-america.com\/site\/venezuela\/#organization"},"potentialAction":[{"@type":"SearchAction","target":{"@type":"EntryPoint","urlTemplate":"https:\/\/noti-america.com\/site\/venezuela\/?s={search_term_string}"},"query-input":{"@type":"PropertyValueSpecification","valueRequired":true,"valueName":"search_term_string"}}],"inLanguage":"es"},{"@type":"Organization","@id":"https:\/\/noti-america.com\/site\/venezuela\/#organization","name":"Noti-America LLC | Venezuela","url":"https:\/\/noti-america.com\/site\/venezuela\/","logo":{"@type":"ImageObject","inLanguage":"es","@id":"https:\/\/noti-america.com\/site\/venezuela\/#\/schema\/logo\/image\/","url":"https:\/\/noti-america.com\/site\/venezuela\/wp-content\/uploads\/sites\/2\/2020\/07\/LogoNA-4x3-1.jpg","contentUrl":"https:\/\/noti-america.com\/site\/venezuela\/wp-content\/uploads\/sites\/2\/2020\/07\/LogoNA-4x3-1.jpg","width":1236,"height":1080,"caption":"Noti-America LLC | Venezuela"},"image":{"@id":"https:\/\/noti-america.com\/site\/venezuela\/#\/schema\/logo\/image\/"}},{"@type":"Person","@id":"https:\/\/noti-america.com\/site\/venezuela\/#\/schema\/person\/a2e478ba496331ce89bcd0c731cd6533","name":"rloaiza","image":{"@type":"ImageObject","inLanguage":"es","@id":"https:\/\/secure.gravatar.com\/avatar\/190058e5d4427934610b99c45aa7a6558806850adedd53ddeddd194b04773e22?s=96&d=mm&r=g","url":"https:\/\/secure.gravatar.com\/avatar\/190058e5d4427934610b99c45aa7a6558806850adedd53ddeddd194b04773e22?s=96&d=mm&r=g","contentUrl":"https:\/\/secure.gravatar.com\/avatar\/190058e5d4427934610b99c45aa7a6558806850adedd53ddeddd194b04773e22?s=96&d=mm&r=g","caption":"rloaiza"},"url":"https:\/\/noti-america.com\/site\/venezuela\/author\/rloaiza\/"}]}},"_links":{"self":[{"href":"https:\/\/noti-america.com\/site\/venezuela\/wp-json\/wp\/v2\/posts\/16122","targetHints":{"allow":["GET"]}}],"collection":[{"href":"https:\/\/noti-america.com\/site\/venezuela\/wp-json\/wp\/v2\/posts"}],"about":[{"href":"https:\/\/noti-america.com\/site\/venezuela\/wp-json\/wp\/v2\/types\/post"}],"author":[{"embeddable":true,"href":"https:\/\/noti-america.com\/site\/venezuela\/wp-json\/wp\/v2\/users\/2"}],"replies":[{"embeddable":true,"href":"https:\/\/noti-america.com\/site\/venezuela\/wp-json\/wp\/v2\/comments?post=16122"}],"version-history":[{"count":1,"href":"https:\/\/noti-america.com\/site\/venezuela\/wp-json\/wp\/v2\/posts\/16122\/revisions"}],"predecessor-version":[{"id":16123,"href":"https:\/\/noti-america.com\/site\/venezuela\/wp-json\/wp\/v2\/posts\/16122\/revisions\/16123"}],"wp:featuredmedia":[{"embeddable":true,"href":"https:\/\/noti-america.com\/site\/venezuela\/wp-json\/wp\/v2\/media\/13522"}],"wp:attachment":[{"href":"https:\/\/noti-america.com\/site\/venezuela\/wp-json\/wp\/v2\/media?parent=16122"}],"wp:term":[{"taxonomy":"category","embeddable":true,"href":"https:\/\/noti-america.com\/site\/venezuela\/wp-json\/wp\/v2\/categories?post=16122"},{"taxonomy":"post_tag","embeddable":true,"href":"https:\/\/noti-america.com\/site\/venezuela\/wp-json\/wp\/v2\/tags?post=16122"}],"curies":[{"name":"wp","href":"https:\/\/api.w.org\/{rel}","templated":true}]}}