{"id":16067,"date":"2021-08-29T11:24:46","date_gmt":"2021-08-29T11:24:46","guid":{"rendered":"https:\/\/noti-america.com\/site\/venezuela\/2021\/08\/29\/el-cambio-climatico-y-las-catastrofes-definen-las-tendencias-migratorias-en-centroamerica\/"},"modified":"2021-08-29T11:24:46","modified_gmt":"2021-08-29T11:24:46","slug":"el-cambio-climatico-y-las-catastrofes-definen-las-tendencias-migratorias-en-centroamerica","status":"publish","type":"post","link":"https:\/\/noti-america.com\/site\/venezuela\/2021\/08\/29\/el-cambio-climatico-y-las-catastrofes-definen-las-tendencias-migratorias-en-centroamerica\/","title":{"rendered":"El cambio clim\u00e1tico y las cat\u00e1strofes definen las tendencias migratorias en Centroam\u00e9rica"},"content":{"rendered":"<p>NOTI-AMERICA.COM | VENEZUELA<\/p>\n<p>www.atalayar.com<\/p>\n<div class=\"post-top\">\n<h1 class=\"post-title\">El cambio clim\u00e1tico y las cat\u00e1strofes definen las tendencias migratorias en Centroam\u00e9rica<\/h1>\n<div class=\"field field--name-field-subtitulo field--type-string field--label-hidden field__item\">La regi\u00f3n centroamericana se ha caracterizado por ser especialmente vulnerable a los impactos del cambio ambiental<\/div>\n<div class=\"field field--name-field-autor field--type-entity-reference field--label-hidden field__item\"><a href=\"https:\/\/atalayar.com\/taxonomy\/term\/661\" hreflang=\"es\">ONU\/Atalayar<\/a><\/div>\n<\/div>\n<div class=\"post-thumbnail\">\n<div class=\"field field--name-field-image field--type-image field--label-hidden field__item\"><img decoding=\"async\" src=\"https:\/\/atalayar.com\/sites\/default\/files\/styles\/foto_\/public\/noticias\/tormentas-inundaciones-ONU.jpg?itok=XEO1icNS\" alt=\"tormentas-inundaciones-ONU \" \/><\/div>\n<div class=\"pie-foto\">\n<p><strong>PHOTO\/Emiliano Tux Chub\u00a0<\/strong>\u00a0&#8211; \u00a0 Da\u00f1os causados por los huracanes Eta e Iota en la ciudad guatemalteca de San Pedro Carcha<\/p>\n<\/div>\n<\/div>\n<div class=\"post-content\">\n<div class=\"node__content clearfix\">\n<div class=\"field field--name-body field--type-text-with-summary field--label-hidden field__item\">\n<p>Unidos, para intentar cambiar de vida.\u00a0<strong>Migran solos o en grandes grupos, y por m\u00faltiples razones: huyendo de la pobreza, la violencia, la discriminaci\u00f3n\u00a0<\/strong>y, cada vez m\u00e1s, para dejar atr\u00e1s los desastres causados por fen\u00f3menos meteorol\u00f3gicos extremos que han devastado sus comunidades.<\/p>\n<p>Algunos de estos migrantes medioambientales han compartido* sus experiencias con la Organizaci\u00f3n Internacional para las Migraciones (OIM). Lo que todos tienen en com\u00fan es que lo perdieron todo por el paso de los huracanes \u00abEta\u00bb e \u00abIota\u00bb en noviembre de 2020.\u00a0<strong>Sus testimonios muestran c\u00f3mo la migraci\u00f3n en todo el mundo se ve cada vez m\u00e1s afectada por las consecuencias de las inundaciones, huracanes y tormentas<\/strong>. \u00a0En definitiva, por el cambio clim\u00e1tico, ya que tal y como expon\u00eda un informe publicado ayer por Noticias ONU, Am\u00e9rica Latina y el Caribe ser\u00e1 una de las regiones m\u00e1s afectadas por el calentamiento global.<\/p>\n<div class=\"ladillo\">Huyendo de la ira de la naturaleza<\/div>\n<p>La regi\u00f3n centroamericana se ha caracterizado por ser especialmente vulnerable a los impactos del cambio ambiental y clim\u00e1tico.\u00a0<strong>En el Corredor Seco, un espacio \u00e1rido que ocupa gran parte de Guatemala, Honduras y El Salvador, la agricultura de subsistencia se ve afectada regularmente por la sequ\u00eda.<\/strong>\u00a0Por ello, cuando se producen desastres repentinos, como los ocurridos en noviembre de 2020, superan la capacidad de resistencia de los hogares.<\/p>\n<p>Marvin, Jenny y Carlos no se conocen, pero los tres son centroamericanos.\u00a0<strong>Est\u00e1n en Tijuana por la misma raz\u00f3n: lo perdieron todo a finales del a\u00f1o pasado como consecuencia de los huracanes citados.<\/strong><\/p>\n<p><strong>Los tres est\u00e1n varados, expectantes, en una de las ciudades m\u00e1s transitadas de la frontera entre M\u00e9xico y Estados Unidos.<\/strong>\u00a0Desean poder pasar de alguna manera al otro lado y dejar atr\u00e1s el momento de sus vidas en el que la naturaleza aniquil\u00f3 sus propiedades y sus sue\u00f1os.<\/p>\n<div class=\"ladillo\">\n<figure role=\"group\"><img decoding=\"async\" src=\"https:\/\/atalayar.com\/sites\/default\/files\/inline-images\/inundaciones-catastrofes-ONU.jpg\" alt=\"inundaciones-catastrofes-ONU\" data-entity-type=\"file\" data-entity-uuid=\"f877caa4-2e3a-45f2-9f30-5e33d29ee6f6\" \/><figcaption>Emiliano Tux Chub\/ARCHIVO &#8211; Da\u00f1os causados por los huracanes Eta e Iota en la ciudad guatemalteca de San Pedro Carcha.<\/figcaption><\/figure>\n<p>\u00abEl r\u00edo Motagua es destructivo\u00bb<\/p><\/div>\n<p>Marvin es un agricultor de treinta a\u00f1os.<strong>\u00a0Emigr\u00f3 con Karen, su mujer, y sus dos hijos desde el departamento de Izabal en Guatemala.<\/strong>\u00a0Lo que dej\u00f3 atr\u00e1s es una pesadilla.<\/p>\n<p>En noviembre de 2020,\u00a0<strong>los dos huracanes \u00abEta\u00bb e \u00abIota\u00bb, de categor\u00eda 4 y 5 respectivamente en la escala Saffir-Simpson, devastaron la regi\u00f3n y afectaron a siete millones de personas en diez pa\u00edses,<\/strong>\u00a0entre ellos varios de Centroam\u00e9rica, el Caribe y M\u00e9xico.<\/p>\n<p>Guatemala fue uno de los pa\u00edses m\u00e1s afectados, junto con Honduras y Nicaragua, seg\u00fan la evaluaci\u00f3n del impacto de los huracanes realizada por el Centro de Seguimiento de Desplazamientos de la Organizaci\u00f3n Internacional para las Migraciones. Adem\u00e1s,\u00a0<strong>\u00abEta\u00bb e \u00abIota\u00bb provocaron 1,7 millones de nuevos desplazamientos, especialmente en Nicaragua, Guatemala y Honduras, seg\u00fan ese Centro.<\/strong><\/p>\n<p>Marvin y su familia lo vivieron de cerca:\u00a0<strong>\u00abCuando nos dijeron que ven\u00eda &#8216;la llena&#8217; (la crecida del r\u00edo), no lo cre\u00edmos. No llovi\u00f3 mucho, pero no sab\u00edamos que en el oeste del pa\u00eds hab\u00eda grandes tormentas<\/strong>. Un r\u00edo que viene de Honduras se llen\u00f3 completamente, y termin\u00f3 llenando tambi\u00e9n el r\u00edo Motagua\u00bb, dice el campesino.<\/p>\n<p>\u00abTen\u00eda un pobre animalito, un caballo, para jalar el producto, el ma\u00edz, la yuca&#8230; Ten\u00eda un trabajo diario con la ayuda del caballo, para sacar los productos del campo, a la carretera, para coger el autob\u00fas o el coche, para llevar el producto a los mercados, y la riada tambi\u00e9n se lo llev\u00f3, el pobre animal se muri\u00f3, lo perdimos, las vallas se perdieron, todo se perdi\u00f3\u00bb, a\u00f1ade.<\/p>\n<p>Antes de esto, Marvin trabaj\u00f3 en una empresa de pl\u00e1tanos que luego cerr\u00f3:\u00a0<strong>\u00abLa empresa colaps\u00f3 y despidi\u00f3 a todos sus trabajadores.<\/strong>\u00a0Pr\u00e1cticamente depend\u00edamos todos de ellos porque, sin esos salarios, no tenemos medios para cultivar la tierra, para comprar las semillas, los fertilizantes, los l\u00edquidos, que se necesitan\u00bb, dice Marvin.<\/p>\n<p>Su esposa, Karen Patricia, completa la historia de lo dif\u00edcil que fue y explica c\u00f3mo la migraci\u00f3n se convirti\u00f3 en su \u00fanico m\u00e9todo de supervivencia:<strong>\u00a0\u00abMis hijos quer\u00edan comer, pero no ten\u00edamos nada. Fue muy duro vivir eso, as\u00ed que tomamos la decisi\u00f3n de salir de all\u00ed;<\/strong>\u00a0no ten\u00edamos otra opci\u00f3n\u00bb, dice la madre migrante.<\/p>\n<p>Cruzar M\u00e9xico no fue f\u00e1cil. Se ahorran los detalles, pero dejan claro que el camino estuvo lleno de dificultades.<\/p>\n<p><strong>\u00abLo que quiero es que mis hijos no pasen por lo mismo que nosotros<\/strong>. Ser\u00eda muy duro para ellos volver a vivir esto\u00bb, dice Marvin, que echa en cara a las autoridades de su pa\u00eds que nunca les avisaran con antelaci\u00f3n de \u00abEta\u00bb.<\/p>\n<figure role=\"group\"><img decoding=\"async\" src=\"https:\/\/atalayar.com\/sites\/default\/files\/inline-images\/inundacion-asia-ONU.jpg\" alt=\"inundaciones-el salvador-ONU\" data-entity-type=\"file\" data-entity-uuid=\"a644c174-7330-4e21-96f6-afdf1169aeee\" \/><figcaption>WFP\/Mauricio Martinez &#8211; Una mujer camina en El Salvador en medio de los da\u00f1os causados por la tormenta tropical Amanda en mayo.<\/figcaption><\/figure>\n<div class=\"ladillo\">El agua se llev\u00f3 todo, todo, todo<\/div>\n<p>Jenny, por su parte, es hondure\u00f1a, de una zona del departamento de Cort\u00e9s llamada Bajos de Choloma.\u00a0<strong>En 2020 trabajaba en una empresa de costura, pero debido a la pandemia del COVID-19 se qued\u00f3 sin trabajo<\/strong>, como muchas otras personas.<\/p>\n<p>En su caso,<strong>\u00a0la experiencia de &#8216;Eta&#8217; e &#8216;Iota&#8217; le hizo recordar ese otro momento traum\u00e1tico de su vida<\/strong>, el paso del hurac\u00e1n \u00abMitch\u00bb por su comunidad hace 23 a\u00f1os.<\/p>\n<p>\u00abCuando pas\u00f3 el hurac\u00e1n &#8216;Mitch&#8217; nos tuvieron que sacar en botes para un cerro y de ah\u00ed, gracias a Dios, mi pap\u00e1 y mi mam\u00e1, nos recuperamos, pero ahora con los huracanes &#8216;Eta&#8217; e &#8216;Iota&#8217; pr\u00e1cticamente lo perdimos todo&#8230;\u00bb, explica al borde de las l\u00e1grimas.<\/p>\n<p><strong>La zona en la que vive est\u00e1 rodeada de \u00abbordos\u00bb (presas de contenci\u00f3n) que, durante las fuertes lluvias, como en esta ocasi\u00f3n, se rompen y desbordan provocando inundaciones y destrozos<\/strong>. Cuenta que la familia se salv\u00f3, pero perdi\u00f3 sus bienes.<\/p>\n<p>Cuando regres\u00f3 al pueblo, sus peores temores se hicieron realidad:\u00a0<strong>\u00ablas casas se perdieron, el agua se llev\u00f3 todo, todo, todo<\/strong>. Fue triste para nosotros volver y no encontrar nada despu\u00e9s de tantos a\u00f1os de lucha por tener algo\u00bb, dice.<\/p>\n<div class=\"ladillo\">El dolor de ver perderlo todo<\/div>\n<p>La misma experiencia vivi\u00f3 Carlos: \u00abFue muy doloroso ver c\u00f3mo se perd\u00eda lo poco que se ten\u00eda\u00bb.<br \/>\n<strong>\u00abSoy agricultor y me dedicaba a la agricultura en mi pa\u00eds, pero con el paso de los huracanes lo perd\u00ed todo y decid\u00ed emigrar a Estados Unidos\u00bb<\/strong>, cuenta este campesino de la comunidad de El Belloto, en el departamento hondure\u00f1o de Lempira, que emigr\u00f3 con su hijo de 5 a\u00f1os.<\/p>\n<p>La zona monta\u00f1osa en la que viv\u00eda no es especialmente propicia para la agricultura, pero sol\u00eda plantar caf\u00e9, ma\u00edz y frijoles, cultivos b\u00e1sicos en Centroam\u00e9rica.<\/p>\n<p><strong>\u00abViv\u00edamos bien, no nos faltaba nada<\/strong>. Despu\u00e9s de los huracanes, nuestra casa qued\u00f3 destruida, perdimos la parcela donde trabaj\u00e1bamos, la cosa se puso fea\u00bb, dice.<\/p>\n<p>Fueron varias semanas de lluvias que provocaron que<strong>\u00a0\u00abnos qued\u00e1ramos con las manos vac\u00edas\u00bb y que mucha gente acabara en la calle, sin trabajo, sin posibilidad de ganarse la vida<\/strong>. Sin opciones para mantener econ\u00f3micamente a su familia, Carlos pens\u00f3 que la mejor opci\u00f3n era marcharse.<\/p>\n<p>El 1 de febrero, junto a su hijo, parti\u00f3 hacia Tijuana llegando el 19 de marzo. La decisi\u00f3n no le pesa:\u00a0<strong>\u00abEs horrible quedarse sin nada de la noche a la ma\u00f1ana.<\/strong>\u00a0Es como si no se te ocurriera nada, no hab\u00eda nada que hacer en ese momento y se me ocurri\u00f3 mudarme aqu\u00ed, a Estados Unidos, porque es la \u00fanica manera\u00bb, a\u00f1ade.<\/p>\n<p>Junto a su hijo, Carlos Alfredo, recuerda lo que dejaron atr\u00e1s e insiste en que, pase lo que pase, volver\u00e1n a su comunidad. Sin embargo, le recuerda a su hijo peque\u00f1o que las cosas no ser\u00e1n iguales.<\/p>\n<p><strong>\u00abLa lecci\u00f3n que le dej\u00f3 (el haber emigrado) es que, aunque te enfrentes a la adversidad, siempre puedes levantarte, por mucho que te cueste<\/strong>. Se va a dar cuenta de lo que perdimos y que, por Dios, lo vamos a recuperar alg\u00fan d\u00eda, \u00bfno? Y, gracias a Dios, que est\u00e1 viviendo la aventura conmigo aqu\u00ed\u00bb, comparte Carlos.<\/p>\n<p><strong>La Organizaci\u00f3n Internacional para las Migraciones lleva d\u00e9cadas trabajando sobre los v\u00ednculos entre migraci\u00f3n, medio ambiente y cambio clim\u00e1tico.<\/strong>\u00a0Esta agencia de la ONU ayuda a las personas y a los gobiernos a prepararse para los efectos adversos del cambio clim\u00e1tico en la migraci\u00f3n. Tambi\u00e9n lleva a cabo programas de adaptaci\u00f3n y mitigaci\u00f3n del cambio clim\u00e1tico, de reducci\u00f3n del riesgo de cat\u00e1strofes y de estabilizaci\u00f3n comunitaria para ayudar a las personas a permanecer en sus hogares y evitar la migraci\u00f3n forzosa.<\/p>\n<p>Cuando la migraci\u00f3n es la \u00fanica opci\u00f3n,<strong>\u00a0la Organizaci\u00f3n trabaja con los gobiernos para garantizar v\u00edas seguras, ordenadas y regulares para la migraci\u00f3n, y proporciona ayuda a quienes se ven obligados a huir de sus hogares.<\/strong><\/p>\n<p>La OIM ha publicado, junto con la Secretar\u00eda del Sistema de Integraci\u00f3n Centroamericana (SICA), un estudio reciente sobre la relaci\u00f3n entre la migraci\u00f3n, los desastres y el cambio clim\u00e1tico en Centroam\u00e9rica.\u00a0<strong>Tambi\u00e9n apoya el desarrollo de pol\u00edticas adecuadas para prevenir la migraci\u00f3n forzada y atender las necesidades de los migrantes clim\u00e1ticos.<\/strong><\/p>\n<p><em>*Reportaje original en ingl\u00e9s producido por Cesia Chavarr\u00eda, Alejandro Cartagena y Alberto Cabezas de la Unidad de Comunicaci\u00f3n de la Organizaci\u00f3n Internacional para las Migraciones en M\u00e9xico, y Pablo Escribano, especialista tem\u00e1tico Regional en Migraci\u00f3n, Medio Ambiente y Cambio Clim\u00e1tico de la Oficina Regional para Centroam\u00e9rica, Norteam\u00e9rica y el Caribe de la OIM.<\/em><\/p>\n<\/div>\n<\/div>\n<\/div>\n","protected":false},"excerpt":{"rendered":"<p>NOTI-AMERICA.COM | VENEZUELA www.atalayar.com El cambio clim\u00e1tico y las cat\u00e1strofes definen las tendencias migratorias en Centroam\u00e9rica La regi\u00f3n centroamericana se ha caracterizado por ser especialmente vulnerable a los impactos del cambio ambiental ONU\/Atalayar PHOTO\/Emiliano&#46;&#46;&#46;<\/p>\n","protected":false},"author":2,"featured_media":16068,"comment_status":"open","ping_status":"open","sticky":false,"template":"","format":"standard","meta":{"_acf_changed":false,"om_disable_all_campaigns":false,"rop_custom_images_group":[],"rop_custom_messages_group":[],"rop_publish_now":"initial","rop_publish_now_accounts":{"twitter_242054905_242054905":""},"rop_publish_now_history":[],"rop_publish_now_status":"pending","_uf_show_specific_survey":0,"_uf_disable_surveys":false,"footnotes":""},"categories":[4],"tags":[],"class_list":["post-16067","post","type-post","status-publish","format-standard","has-post-thumbnail","hentry","category-internacionales"],"acf":[],"aioseo_notices":[],"yoast_head":"<!-- This site is optimized with the Yoast SEO Premium plugin v24.9 (Yoast SEO v27.2) - https:\/\/yoast.com\/product\/yoast-seo-premium-wordpress\/ -->\n<title>El cambio clim\u00e1tico y las cat\u00e1strofes definen las tendencias migratorias en Centroam\u00e9rica - Venezuela | Noti-America.com<\/title>\n<meta name=\"robots\" content=\"index, follow, max-snippet:-1, max-image-preview:large, max-video-preview:-1\" \/>\n<link rel=\"canonical\" href=\"https:\/\/noti-america.com\/site\/venezuela\/2021\/08\/29\/el-cambio-climatico-y-las-catastrofes-definen-las-tendencias-migratorias-en-centroamerica\/\" \/>\n<meta property=\"og:locale\" content=\"es_ES\" \/>\n<meta property=\"og:type\" content=\"article\" \/>\n<meta property=\"og:title\" content=\"El cambio clim\u00e1tico y las cat\u00e1strofes definen las tendencias migratorias en Centroam\u00e9rica\" \/>\n<meta property=\"og:description\" content=\"NOTI-AMERICA.COM | VENEZUELA www.atalayar.com El cambio clim\u00e1tico y las cat\u00e1strofes definen las tendencias migratorias en Centroam\u00e9rica La regi\u00f3n centroamericana se ha caracterizado por ser especialmente vulnerable a los impactos del cambio ambiental ONU\/Atalayar PHOTO\/Emiliano&#046;&#046;&#046;\" \/>\n<meta property=\"og:url\" content=\"https:\/\/noti-america.com\/site\/venezuela\/2021\/08\/29\/el-cambio-climatico-y-las-catastrofes-definen-las-tendencias-migratorias-en-centroamerica\/\" \/>\n<meta property=\"og:site_name\" content=\"Venezuela | Noti-America.com\" \/>\n<meta property=\"article:published_time\" content=\"2021-08-29T11:24:46+00:00\" \/>\n<meta property=\"og:image\" content=\"https:\/\/noti-america.com\/site\/venezuela\/wp-content\/uploads\/sites\/2\/2021\/08\/tormentas-inundaciones-ONU.jpg\" \/>\n\t<meta property=\"og:image:width\" content=\"813\" \/>\n\t<meta property=\"og:image:height\" content=\"558\" \/>\n\t<meta property=\"og:image:type\" content=\"image\/jpeg\" \/>\n<meta name=\"author\" content=\"rloaiza\" \/>\n<meta name=\"twitter:card\" content=\"summary_large_image\" \/>\n<meta name=\"twitter:label1\" content=\"Escrito por\" \/>\n\t<meta name=\"twitter:data1\" content=\"rloaiza\" \/>\n\t<meta name=\"twitter:label2\" content=\"Tiempo estimado de lectura\" \/>\n\t<meta name=\"twitter:data2\" content=\"9 minutos\" \/>\n<script type=\"application\/ld+json\" class=\"yoast-schema-graph\">{\"@context\":\"https:\/\/schema.org\",\"@graph\":[{\"@type\":\"Article\",\"@id\":\"https:\/\/noti-america.com\/site\/venezuela\/2021\/08\/29\/el-cambio-climatico-y-las-catastrofes-definen-las-tendencias-migratorias-en-centroamerica\/#article\",\"isPartOf\":{\"@id\":\"https:\/\/noti-america.com\/site\/venezuela\/2021\/08\/29\/el-cambio-climatico-y-las-catastrofes-definen-las-tendencias-migratorias-en-centroamerica\/\"},\"author\":{\"name\":\"rloaiza\",\"@id\":\"https:\/\/noti-america.com\/site\/venezuela\/#\/schema\/person\/a2e478ba496331ce89bcd0c731cd6533\"},\"headline\":\"El cambio clim\u00e1tico y las cat\u00e1strofes definen las tendencias migratorias en Centroam\u00e9rica\",\"datePublished\":\"2021-08-29T11:24:46+00:00\",\"mainEntityOfPage\":{\"@id\":\"https:\/\/noti-america.com\/site\/venezuela\/2021\/08\/29\/el-cambio-climatico-y-las-catastrofes-definen-las-tendencias-migratorias-en-centroamerica\/\"},\"wordCount\":1741,\"commentCount\":0,\"publisher\":{\"@id\":\"https:\/\/noti-america.com\/site\/venezuela\/#organization\"},\"image\":{\"@id\":\"https:\/\/noti-america.com\/site\/venezuela\/2021\/08\/29\/el-cambio-climatico-y-las-catastrofes-definen-las-tendencias-migratorias-en-centroamerica\/#primaryimage\"},\"thumbnailUrl\":\"https:\/\/noti-america.com\/site\/venezuela\/wp-content\/uploads\/sites\/2\/2021\/08\/tormentas-inundaciones-ONU.jpg\",\"articleSection\":[\"Internacionales\"],\"inLanguage\":\"es\",\"potentialAction\":[{\"@type\":\"CommentAction\",\"name\":\"Comment\",\"target\":[\"https:\/\/noti-america.com\/site\/venezuela\/2021\/08\/29\/el-cambio-climatico-y-las-catastrofes-definen-las-tendencias-migratorias-en-centroamerica\/#respond\"]}]},{\"@type\":\"WebPage\",\"@id\":\"https:\/\/noti-america.com\/site\/venezuela\/2021\/08\/29\/el-cambio-climatico-y-las-catastrofes-definen-las-tendencias-migratorias-en-centroamerica\/\",\"url\":\"https:\/\/noti-america.com\/site\/venezuela\/2021\/08\/29\/el-cambio-climatico-y-las-catastrofes-definen-las-tendencias-migratorias-en-centroamerica\/\",\"name\":\"El cambio clim\u00e1tico y las cat\u00e1strofes definen las tendencias migratorias en Centroam\u00e9rica - Venezuela | Noti-America.com\",\"isPartOf\":{\"@id\":\"https:\/\/noti-america.com\/site\/venezuela\/#website\"},\"primaryImageOfPage\":{\"@id\":\"https:\/\/noti-america.com\/site\/venezuela\/2021\/08\/29\/el-cambio-climatico-y-las-catastrofes-definen-las-tendencias-migratorias-en-centroamerica\/#primaryimage\"},\"image\":{\"@id\":\"https:\/\/noti-america.com\/site\/venezuela\/2021\/08\/29\/el-cambio-climatico-y-las-catastrofes-definen-las-tendencias-migratorias-en-centroamerica\/#primaryimage\"},\"thumbnailUrl\":\"https:\/\/noti-america.com\/site\/venezuela\/wp-content\/uploads\/sites\/2\/2021\/08\/tormentas-inundaciones-ONU.jpg\",\"datePublished\":\"2021-08-29T11:24:46+00:00\",\"breadcrumb\":{\"@id\":\"https:\/\/noti-america.com\/site\/venezuela\/2021\/08\/29\/el-cambio-climatico-y-las-catastrofes-definen-las-tendencias-migratorias-en-centroamerica\/#breadcrumb\"},\"inLanguage\":\"es\",\"potentialAction\":[{\"@type\":\"ReadAction\",\"target\":[\"https:\/\/noti-america.com\/site\/venezuela\/2021\/08\/29\/el-cambio-climatico-y-las-catastrofes-definen-las-tendencias-migratorias-en-centroamerica\/\"]}]},{\"@type\":\"ImageObject\",\"inLanguage\":\"es\",\"@id\":\"https:\/\/noti-america.com\/site\/venezuela\/2021\/08\/29\/el-cambio-climatico-y-las-catastrofes-definen-las-tendencias-migratorias-en-centroamerica\/#primaryimage\",\"url\":\"https:\/\/noti-america.com\/site\/venezuela\/wp-content\/uploads\/sites\/2\/2021\/08\/tormentas-inundaciones-ONU.jpg\",\"contentUrl\":\"https:\/\/noti-america.com\/site\/venezuela\/wp-content\/uploads\/sites\/2\/2021\/08\/tormentas-inundaciones-ONU.jpg\",\"width\":813,\"height\":558},{\"@type\":\"BreadcrumbList\",\"@id\":\"https:\/\/noti-america.com\/site\/venezuela\/2021\/08\/29\/el-cambio-climatico-y-las-catastrofes-definen-las-tendencias-migratorias-en-centroamerica\/#breadcrumb\",\"itemListElement\":[{\"@type\":\"ListItem\",\"position\":1,\"name\":\"Portada\",\"item\":\"https:\/\/noti-america.com\/site\/venezuela\/\"},{\"@type\":\"ListItem\",\"position\":2,\"name\":\"El cambio clim\u00e1tico y las cat\u00e1strofes definen las tendencias migratorias en Centroam\u00e9rica\"}]},{\"@type\":\"WebSite\",\"@id\":\"https:\/\/noti-america.com\/site\/venezuela\/#website\",\"url\":\"https:\/\/noti-america.com\/site\/venezuela\/\",\"name\":\"Venezuela | Noti-America.com\",\"description\":\"\",\"publisher\":{\"@id\":\"https:\/\/noti-america.com\/site\/venezuela\/#organization\"},\"potentialAction\":[{\"@type\":\"SearchAction\",\"target\":{\"@type\":\"EntryPoint\",\"urlTemplate\":\"https:\/\/noti-america.com\/site\/venezuela\/?s={search_term_string}\"},\"query-input\":{\"@type\":\"PropertyValueSpecification\",\"valueRequired\":true,\"valueName\":\"search_term_string\"}}],\"inLanguage\":\"es\"},{\"@type\":\"Organization\",\"@id\":\"https:\/\/noti-america.com\/site\/venezuela\/#organization\",\"name\":\"Noti-America LLC | Venezuela\",\"url\":\"https:\/\/noti-america.com\/site\/venezuela\/\",\"logo\":{\"@type\":\"ImageObject\",\"inLanguage\":\"es\",\"@id\":\"https:\/\/noti-america.com\/site\/venezuela\/#\/schema\/logo\/image\/\",\"url\":\"https:\/\/noti-america.com\/site\/venezuela\/wp-content\/uploads\/sites\/2\/2020\/07\/LogoNA-4x3-1.jpg\",\"contentUrl\":\"https:\/\/noti-america.com\/site\/venezuela\/wp-content\/uploads\/sites\/2\/2020\/07\/LogoNA-4x3-1.jpg\",\"width\":1236,\"height\":1080,\"caption\":\"Noti-America LLC | Venezuela\"},\"image\":{\"@id\":\"https:\/\/noti-america.com\/site\/venezuela\/#\/schema\/logo\/image\/\"}},{\"@type\":\"Person\",\"@id\":\"https:\/\/noti-america.com\/site\/venezuela\/#\/schema\/person\/a2e478ba496331ce89bcd0c731cd6533\",\"name\":\"rloaiza\",\"image\":{\"@type\":\"ImageObject\",\"inLanguage\":\"es\",\"@id\":\"https:\/\/secure.gravatar.com\/avatar\/190058e5d4427934610b99c45aa7a6558806850adedd53ddeddd194b04773e22?s=96&d=mm&r=g\",\"url\":\"https:\/\/secure.gravatar.com\/avatar\/190058e5d4427934610b99c45aa7a6558806850adedd53ddeddd194b04773e22?s=96&d=mm&r=g\",\"contentUrl\":\"https:\/\/secure.gravatar.com\/avatar\/190058e5d4427934610b99c45aa7a6558806850adedd53ddeddd194b04773e22?s=96&d=mm&r=g\",\"caption\":\"rloaiza\"},\"url\":\"https:\/\/noti-america.com\/site\/venezuela\/author\/rloaiza\/\"}]}<\/script>\n<!-- \/ Yoast SEO Premium plugin. -->","yoast_head_json":{"title":"El cambio clim\u00e1tico y las cat\u00e1strofes definen las tendencias migratorias en Centroam\u00e9rica - Venezuela | Noti-America.com","robots":{"index":"index","follow":"follow","max-snippet":"max-snippet:-1","max-image-preview":"max-image-preview:large","max-video-preview":"max-video-preview:-1"},"canonical":"https:\/\/noti-america.com\/site\/venezuela\/2021\/08\/29\/el-cambio-climatico-y-las-catastrofes-definen-las-tendencias-migratorias-en-centroamerica\/","og_locale":"es_ES","og_type":"article","og_title":"El cambio clim\u00e1tico y las cat\u00e1strofes definen las tendencias migratorias en Centroam\u00e9rica","og_description":"NOTI-AMERICA.COM | VENEZUELA www.atalayar.com El cambio clim\u00e1tico y las cat\u00e1strofes definen las tendencias migratorias en Centroam\u00e9rica La regi\u00f3n centroamericana se ha caracterizado por ser especialmente vulnerable a los impactos del cambio ambiental ONU\/Atalayar PHOTO\/Emiliano&#46;&#46;&#46;","og_url":"https:\/\/noti-america.com\/site\/venezuela\/2021\/08\/29\/el-cambio-climatico-y-las-catastrofes-definen-las-tendencias-migratorias-en-centroamerica\/","og_site_name":"Venezuela | Noti-America.com","article_published_time":"2021-08-29T11:24:46+00:00","og_image":[{"width":813,"height":558,"url":"https:\/\/noti-america.com\/site\/venezuela\/wp-content\/uploads\/sites\/2\/2021\/08\/tormentas-inundaciones-ONU.jpg","type":"image\/jpeg"}],"author":"rloaiza","twitter_card":"summary_large_image","twitter_misc":{"Escrito por":"rloaiza","Tiempo estimado de lectura":"9 minutos"},"schema":{"@context":"https:\/\/schema.org","@graph":[{"@type":"Article","@id":"https:\/\/noti-america.com\/site\/venezuela\/2021\/08\/29\/el-cambio-climatico-y-las-catastrofes-definen-las-tendencias-migratorias-en-centroamerica\/#article","isPartOf":{"@id":"https:\/\/noti-america.com\/site\/venezuela\/2021\/08\/29\/el-cambio-climatico-y-las-catastrofes-definen-las-tendencias-migratorias-en-centroamerica\/"},"author":{"name":"rloaiza","@id":"https:\/\/noti-america.com\/site\/venezuela\/#\/schema\/person\/a2e478ba496331ce89bcd0c731cd6533"},"headline":"El cambio clim\u00e1tico y las cat\u00e1strofes definen las tendencias migratorias en Centroam\u00e9rica","datePublished":"2021-08-29T11:24:46+00:00","mainEntityOfPage":{"@id":"https:\/\/noti-america.com\/site\/venezuela\/2021\/08\/29\/el-cambio-climatico-y-las-catastrofes-definen-las-tendencias-migratorias-en-centroamerica\/"},"wordCount":1741,"commentCount":0,"publisher":{"@id":"https:\/\/noti-america.com\/site\/venezuela\/#organization"},"image":{"@id":"https:\/\/noti-america.com\/site\/venezuela\/2021\/08\/29\/el-cambio-climatico-y-las-catastrofes-definen-las-tendencias-migratorias-en-centroamerica\/#primaryimage"},"thumbnailUrl":"https:\/\/noti-america.com\/site\/venezuela\/wp-content\/uploads\/sites\/2\/2021\/08\/tormentas-inundaciones-ONU.jpg","articleSection":["Internacionales"],"inLanguage":"es","potentialAction":[{"@type":"CommentAction","name":"Comment","target":["https:\/\/noti-america.com\/site\/venezuela\/2021\/08\/29\/el-cambio-climatico-y-las-catastrofes-definen-las-tendencias-migratorias-en-centroamerica\/#respond"]}]},{"@type":"WebPage","@id":"https:\/\/noti-america.com\/site\/venezuela\/2021\/08\/29\/el-cambio-climatico-y-las-catastrofes-definen-las-tendencias-migratorias-en-centroamerica\/","url":"https:\/\/noti-america.com\/site\/venezuela\/2021\/08\/29\/el-cambio-climatico-y-las-catastrofes-definen-las-tendencias-migratorias-en-centroamerica\/","name":"El cambio clim\u00e1tico y las cat\u00e1strofes definen las tendencias migratorias en Centroam\u00e9rica - Venezuela | Noti-America.com","isPartOf":{"@id":"https:\/\/noti-america.com\/site\/venezuela\/#website"},"primaryImageOfPage":{"@id":"https:\/\/noti-america.com\/site\/venezuela\/2021\/08\/29\/el-cambio-climatico-y-las-catastrofes-definen-las-tendencias-migratorias-en-centroamerica\/#primaryimage"},"image":{"@id":"https:\/\/noti-america.com\/site\/venezuela\/2021\/08\/29\/el-cambio-climatico-y-las-catastrofes-definen-las-tendencias-migratorias-en-centroamerica\/#primaryimage"},"thumbnailUrl":"https:\/\/noti-america.com\/site\/venezuela\/wp-content\/uploads\/sites\/2\/2021\/08\/tormentas-inundaciones-ONU.jpg","datePublished":"2021-08-29T11:24:46+00:00","breadcrumb":{"@id":"https:\/\/noti-america.com\/site\/venezuela\/2021\/08\/29\/el-cambio-climatico-y-las-catastrofes-definen-las-tendencias-migratorias-en-centroamerica\/#breadcrumb"},"inLanguage":"es","potentialAction":[{"@type":"ReadAction","target":["https:\/\/noti-america.com\/site\/venezuela\/2021\/08\/29\/el-cambio-climatico-y-las-catastrofes-definen-las-tendencias-migratorias-en-centroamerica\/"]}]},{"@type":"ImageObject","inLanguage":"es","@id":"https:\/\/noti-america.com\/site\/venezuela\/2021\/08\/29\/el-cambio-climatico-y-las-catastrofes-definen-las-tendencias-migratorias-en-centroamerica\/#primaryimage","url":"https:\/\/noti-america.com\/site\/venezuela\/wp-content\/uploads\/sites\/2\/2021\/08\/tormentas-inundaciones-ONU.jpg","contentUrl":"https:\/\/noti-america.com\/site\/venezuela\/wp-content\/uploads\/sites\/2\/2021\/08\/tormentas-inundaciones-ONU.jpg","width":813,"height":558},{"@type":"BreadcrumbList","@id":"https:\/\/noti-america.com\/site\/venezuela\/2021\/08\/29\/el-cambio-climatico-y-las-catastrofes-definen-las-tendencias-migratorias-en-centroamerica\/#breadcrumb","itemListElement":[{"@type":"ListItem","position":1,"name":"Portada","item":"https:\/\/noti-america.com\/site\/venezuela\/"},{"@type":"ListItem","position":2,"name":"El cambio clim\u00e1tico y las cat\u00e1strofes definen las tendencias migratorias en Centroam\u00e9rica"}]},{"@type":"WebSite","@id":"https:\/\/noti-america.com\/site\/venezuela\/#website","url":"https:\/\/noti-america.com\/site\/venezuela\/","name":"Venezuela | Noti-America.com","description":"","publisher":{"@id":"https:\/\/noti-america.com\/site\/venezuela\/#organization"},"potentialAction":[{"@type":"SearchAction","target":{"@type":"EntryPoint","urlTemplate":"https:\/\/noti-america.com\/site\/venezuela\/?s={search_term_string}"},"query-input":{"@type":"PropertyValueSpecification","valueRequired":true,"valueName":"search_term_string"}}],"inLanguage":"es"},{"@type":"Organization","@id":"https:\/\/noti-america.com\/site\/venezuela\/#organization","name":"Noti-America LLC | Venezuela","url":"https:\/\/noti-america.com\/site\/venezuela\/","logo":{"@type":"ImageObject","inLanguage":"es","@id":"https:\/\/noti-america.com\/site\/venezuela\/#\/schema\/logo\/image\/","url":"https:\/\/noti-america.com\/site\/venezuela\/wp-content\/uploads\/sites\/2\/2020\/07\/LogoNA-4x3-1.jpg","contentUrl":"https:\/\/noti-america.com\/site\/venezuela\/wp-content\/uploads\/sites\/2\/2020\/07\/LogoNA-4x3-1.jpg","width":1236,"height":1080,"caption":"Noti-America LLC | Venezuela"},"image":{"@id":"https:\/\/noti-america.com\/site\/venezuela\/#\/schema\/logo\/image\/"}},{"@type":"Person","@id":"https:\/\/noti-america.com\/site\/venezuela\/#\/schema\/person\/a2e478ba496331ce89bcd0c731cd6533","name":"rloaiza","image":{"@type":"ImageObject","inLanguage":"es","@id":"https:\/\/secure.gravatar.com\/avatar\/190058e5d4427934610b99c45aa7a6558806850adedd53ddeddd194b04773e22?s=96&d=mm&r=g","url":"https:\/\/secure.gravatar.com\/avatar\/190058e5d4427934610b99c45aa7a6558806850adedd53ddeddd194b04773e22?s=96&d=mm&r=g","contentUrl":"https:\/\/secure.gravatar.com\/avatar\/190058e5d4427934610b99c45aa7a6558806850adedd53ddeddd194b04773e22?s=96&d=mm&r=g","caption":"rloaiza"},"url":"https:\/\/noti-america.com\/site\/venezuela\/author\/rloaiza\/"}]}},"_links":{"self":[{"href":"https:\/\/noti-america.com\/site\/venezuela\/wp-json\/wp\/v2\/posts\/16067","targetHints":{"allow":["GET"]}}],"collection":[{"href":"https:\/\/noti-america.com\/site\/venezuela\/wp-json\/wp\/v2\/posts"}],"about":[{"href":"https:\/\/noti-america.com\/site\/venezuela\/wp-json\/wp\/v2\/types\/post"}],"author":[{"embeddable":true,"href":"https:\/\/noti-america.com\/site\/venezuela\/wp-json\/wp\/v2\/users\/2"}],"replies":[{"embeddable":true,"href":"https:\/\/noti-america.com\/site\/venezuela\/wp-json\/wp\/v2\/comments?post=16067"}],"version-history":[{"count":0,"href":"https:\/\/noti-america.com\/site\/venezuela\/wp-json\/wp\/v2\/posts\/16067\/revisions"}],"wp:featuredmedia":[{"embeddable":true,"href":"https:\/\/noti-america.com\/site\/venezuela\/wp-json\/wp\/v2\/media\/16068"}],"wp:attachment":[{"href":"https:\/\/noti-america.com\/site\/venezuela\/wp-json\/wp\/v2\/media?parent=16067"}],"wp:term":[{"taxonomy":"category","embeddable":true,"href":"https:\/\/noti-america.com\/site\/venezuela\/wp-json\/wp\/v2\/categories?post=16067"},{"taxonomy":"post_tag","embeddable":true,"href":"https:\/\/noti-america.com\/site\/venezuela\/wp-json\/wp\/v2\/tags?post=16067"}],"curies":[{"name":"wp","href":"https:\/\/api.w.org\/{rel}","templated":true}]}}