{"id":16065,"date":"2021-08-29T10:41:01","date_gmt":"2021-08-29T10:41:01","guid":{"rendered":"https:\/\/noti-america.com\/site\/venezuela\/2021\/08\/29\/maduro-presidente-obrerista-jajajaja-por-marlon-s-jimenez-garcia\/"},"modified":"2021-08-29T14:41:08","modified_gmt":"2021-08-29T14:41:08","slug":"maduro-presidente-obrerista-jajajaja-por-marlon-s-jimenez-garcia","status":"publish","type":"post","link":"https:\/\/noti-america.com\/site\/venezuela\/2021\/08\/29\/maduro-presidente-obrerista-jajajaja-por-marlon-s-jimenez-garcia\/","title":{"rendered":"MADURO PRESIDENTE OBRERISTA, JAJAJAJA  Por: Marlon S Jim\u00e9nez Garc\u00eda."},"content":{"rendered":"<p>NOTI-AMERICA.COM | VENEZUELA<\/p>\n<p style=\"text-align: center;\">MADURO PRESIDENTE OBRERISTA, JAJAJAJA<\/p>\n<p><img loading=\"lazy\" decoding=\"async\" class=\"alignnone size-full wp-image-13522 aligncenter\" src=\"https:\/\/noti-america.com\/site\/venezuela\/wp-content\/uploads\/sites\/2\/2021\/08\/marlon-jimenez1.jpeg\" alt=\"\" width=\"240\" height=\"180\" \/><\/p>\n<p style=\"text-align: center;\">Por: Marlon S Jim\u00e9nez Garc\u00eda.<\/p>\n<p>&nbsp;<\/p>\n<p>Causa estupor e indignaci\u00f3n escuchar al ileg\u00edtimo, EL Maduro, considerarse un \u201cPresidente obrerista\u201d. La realidad es que nunca los trabajadores, en su conjunto, han estado en peores condiciones, no solo desde el punto de vista salarial, sino tambi\u00e9n en lo social y en lo \u00e9tico, como est\u00e1n ahora; nunca antes en el contexto laboral hab\u00eda existido en un Gobierno, pol\u00edticas restrictivas que incidieran como vor\u00e1gine de forma negativa en la calidad de vida de los entes laborantes y de los dependientes de estos. \u00c9ste r\u00e9gimen comunista, es y ser\u00e1, una cosa in\u00fatil y despreciable, el hecho de llamarse Maduro \u201cpresidente obrerista\u201d, manifiesta de forma inequ\u00edvoca que la \u201crealidad construye la verdad\u201d, porque esa afirmaci\u00f3n del ileg\u00edtimo Maduro, confirma que todo se debe a un enga\u00f1o o artificio encubierto, propio y natural de los \u00f1\u00e1ngaras.<\/p>\n<p>La funcionalidad del r\u00e9gimen comunista con respecto a la relaci\u00f3n Estado \u2013 trabajadores no est\u00e1 ni siquiera al nivel de Zimbabwe, que es el pa\u00eds m\u00e1s pobre de \u00c1frica; el salario b\u00e1sico en ese pa\u00eds es de 82$ mensuales; mientras que Venezuela presenta de manera tangible el salario m\u00ednimo m\u00e1s bajo del mundo 1,6$; ese es el monto tambi\u00e9n de las pensiones de todos los trabajadores que cumplieron, por Ley, el tiempo que le correspondi\u00f3 en su ejercicio laboral. Para poner un caso evidente de la masacre salarial del r\u00e9gimen, escribo del sueldo de un Profesor Universitario (trabajador privilegiado en un pa\u00eds de primer mundo y de aquellos que desean serlo) con PHD, con la categor\u00eda de Titular, a dedicaci\u00f3n exclusiva, m\u00e1xima categor\u00eda en el estatus universitario devenga un salario mensual de 20$. Eso demuestra, a todas luces, que el comunismo destruye a la sociedad en su conjunto, pero particularmente, es inclemente, con su masa laboral, y \u00e9ste Sr. Maduro se hace llamar, lo reitero, para que le de verg\u00fcenza (que no existe en su conciencia comunista) Presidente \u201cobrerista\u201d JAJAJAJA.<\/p>\n<p>La \u201crealidad y verdad\u201d es que tanto el fenecido como el comunista procubano, son anti obreristas, son tramposos y malos cumplidores de sus obligaciones. En Venezuela la deuda interna, desde el punto de vista laboral en el sector p\u00fablico, aument\u00f3 en estos 22 a\u00f1os del r\u00e9gimen comunista m\u00e1s de 10.000 por ciento; cuesti\u00f3n que se vislumbra en las condiciones laborales de los jubilados. El r\u00e9gimen en casi todas sus Ministerios est\u00e1 s\u00faper atrasado en el pago de las prestaciones sociales; por ejemplo, en el ministerio de Salud y Educaci\u00f3n cientos de miles de trabajadores que tienen \u201coficialmente\u201d nueve y diez a\u00f1os jubilados, no han recibido los pagos correspondientes, con la gravedad de que los c\u00e1lculos de esas prestaciones sociales adeudadas, fueron hechos con salario de a\u00f1os anteriores a la fecha de jubilaci\u00f3n; significa, que la superinflaci\u00f3n y el \u201cretiro\u201d de los catorce (14) ceros de nuestra moneda, se \u201ctrag\u00f3\u201d esos montos y de nada le servir\u00e1 a ellos para disfrutar de los a\u00f1os laborados y est\u00e1n en franca decadencia en lo f\u00edsico y en lo moral y con ellos su familia. Igualmente ocurre con las universidades nacionales, es pat\u00e9tico ver los c\u00e1lculos de las prestaciones sociales de profesores, personal administrativo y obreros, realizadas en base a salarios de a\u00f1os anteriores, por no haber existido aumento salarial en el a\u00f1o de su final laboral, por ejemplo los jubilados del a\u00f1o 2010 y 2011, pertenecientes tambi\u00e9n a esta pol\u00edtica inflacionaria y maula del r\u00e9gimen.<\/p>\n<p>La sociedad venezolana en estas horas aciagas requiere un LIDERAZGO POL\u00cfTICO responsable y patriota; que deseche en estos momentos todo aquello que contribuya a la permanencia del r\u00e9gimen en el poder. La salida del Maduro y su cofrad\u00eda de bribones es una necesidad \u201cbiol\u00f3gica\u201d del pa\u00eds. Venezuela necesita volver a nacer como Rep\u00fablica; necesita fuerza volitiva de cambios \u201cradicales y contundentes\u201d para desechar ese pasado medieval tra\u00eddo por los talibanes comunistas del Maduro y de sus asesores \u201cmalnacidos\u201d cubanos; construir una nueva plataforma social, econ\u00f3mica y jur\u00eddica que est\u00e9 relacionado intr\u00ednsecamente con la relaci\u00f3n Estado \u2013 Ciudadano, que es la clave de consolidar en tiempo y espacio una sociedad de progreso, de compromiso y de respeto de las libertades individuales y colectivas y fundamentalmente de Leyes que incidan, PARA SIEMPRE sin ning\u00fan atisbo, en la \u201cviabilidad perenne\u201d de una democracia donde florezcan las verdaderas libertades de una sociedad de iguales. \u00bfPresidente obrerista? Jajaja, NO ME JODAS.<\/p>\n<p>&nbsp;<\/p>\n<p>&nbsp;<\/p>\n<p>Profesor Universitario<\/p>\n<p><a href=\"mailto:Marlons.jimenez55@gmail.com\">Marlons.jimenez55@gmail.com<\/a><\/p>\n<p>@marjimgar<\/p>\n<p>&nbsp;<\/p>\n","protected":false},"excerpt":{"rendered":"<p>NOTI-AMERICA.COM | VENEZUELA MADURO PRESIDENTE OBRERISTA, JAJAJAJA Por: Marlon S Jim\u00e9nez Garc\u00eda. &nbsp; Causa estupor e indignaci\u00f3n escuchar al ileg\u00edtimo, EL Maduro, considerarse un \u201cPresidente obrerista\u201d. La realidad es que nunca los trabajadores, en&#46;&#46;&#46;<\/p>\n","protected":false},"author":2,"featured_media":13522,"comment_status":"open","ping_status":"open","sticky":false,"template":"","format":"standard","meta":{"_acf_changed":false,"om_disable_all_campaigns":false,"rop_custom_images_group":[],"rop_custom_messages_group":[],"rop_publish_now":"initial","rop_publish_now_accounts":{"twitter_242054905_242054905":""},"rop_publish_now_history":[],"rop_publish_now_status":"pending","_uf_show_specific_survey":0,"_uf_disable_surveys":false,"footnotes":""},"categories":[3],"tags":[],"class_list":["post-16065","post","type-post","status-publish","format-standard","has-post-thumbnail","hentry","category-politica"],"acf":[],"aioseo_notices":[],"yoast_head":"<!-- This site is optimized with the Yoast SEO Premium plugin v24.9 (Yoast SEO v27.2) - https:\/\/yoast.com\/product\/yoast-seo-premium-wordpress\/ -->\n<title>MADURO PRESIDENTE OBRERISTA, JAJAJAJA Por: Marlon S Jim\u00e9nez Garc\u00eda. - Venezuela | Noti-America.com<\/title>\n<meta name=\"robots\" content=\"index, follow, max-snippet:-1, max-image-preview:large, max-video-preview:-1\" \/>\n<link rel=\"canonical\" href=\"https:\/\/noti-america.com\/site\/venezuela\/2021\/08\/29\/maduro-presidente-obrerista-jajajaja-por-marlon-s-jimenez-garcia\/\" \/>\n<meta property=\"og:locale\" content=\"es_ES\" \/>\n<meta property=\"og:type\" content=\"article\" \/>\n<meta property=\"og:title\" content=\"MADURO PRESIDENTE OBRERISTA, JAJAJAJA Por: Marlon S Jim\u00e9nez Garc\u00eda.\" \/>\n<meta property=\"og:description\" content=\"NOTI-AMERICA.COM | VENEZUELA MADURO PRESIDENTE OBRERISTA, JAJAJAJA Por: Marlon S Jim\u00e9nez Garc\u00eda. &nbsp; Causa estupor e indignaci\u00f3n escuchar al ileg\u00edtimo, EL Maduro, considerarse un \u201cPresidente obrerista\u201d. La realidad es que nunca los trabajadores, en&#046;&#046;&#046;\" \/>\n<meta property=\"og:url\" content=\"https:\/\/noti-america.com\/site\/venezuela\/2021\/08\/29\/maduro-presidente-obrerista-jajajaja-por-marlon-s-jimenez-garcia\/\" \/>\n<meta property=\"og:site_name\" content=\"Venezuela | Noti-America.com\" \/>\n<meta property=\"article:published_time\" content=\"2021-08-29T10:41:01+00:00\" \/>\n<meta property=\"article:modified_time\" content=\"2021-08-29T14:41:08+00:00\" \/>\n<meta property=\"og:image\" content=\"https:\/\/noti-america.com\/site\/venezuela\/wp-content\/uploads\/sites\/2\/2020\/11\/marlon-jimenez1.jpeg\" \/>\n\t<meta property=\"og:image:width\" content=\"1\" \/>\n\t<meta property=\"og:image:height\" content=\"1\" \/>\n\t<meta property=\"og:image:type\" content=\"image\/jpeg\" \/>\n<meta name=\"author\" content=\"rloaiza\" \/>\n<meta name=\"twitter:card\" content=\"summary_large_image\" \/>\n<meta name=\"twitter:label1\" content=\"Escrito por\" \/>\n\t<meta name=\"twitter:data1\" content=\"rloaiza\" \/>\n\t<meta name=\"twitter:label2\" content=\"Tiempo estimado de lectura\" \/>\n\t<meta name=\"twitter:data2\" content=\"4 minutos\" \/>\n<script type=\"application\/ld+json\" class=\"yoast-schema-graph\">{\"@context\":\"https:\/\/schema.org\",\"@graph\":[{\"@type\":\"Article\",\"@id\":\"https:\/\/noti-america.com\/site\/venezuela\/2021\/08\/29\/maduro-presidente-obrerista-jajajaja-por-marlon-s-jimenez-garcia\/#article\",\"isPartOf\":{\"@id\":\"https:\/\/noti-america.com\/site\/venezuela\/2021\/08\/29\/maduro-presidente-obrerista-jajajaja-por-marlon-s-jimenez-garcia\/\"},\"author\":{\"name\":\"rloaiza\",\"@id\":\"https:\/\/noti-america.com\/site\/venezuela\/#\/schema\/person\/a2e478ba496331ce89bcd0c731cd6533\"},\"headline\":\"MADURO PRESIDENTE OBRERISTA, JAJAJAJA Por: Marlon S Jim\u00e9nez Garc\u00eda.\",\"datePublished\":\"2021-08-29T10:41:01+00:00\",\"dateModified\":\"2021-08-29T14:41:08+00:00\",\"mainEntityOfPage\":{\"@id\":\"https:\/\/noti-america.com\/site\/venezuela\/2021\/08\/29\/maduro-presidente-obrerista-jajajaja-por-marlon-s-jimenez-garcia\/\"},\"wordCount\":803,\"commentCount\":0,\"publisher\":{\"@id\":\"https:\/\/noti-america.com\/site\/venezuela\/#organization\"},\"image\":{\"@id\":\"https:\/\/noti-america.com\/site\/venezuela\/2021\/08\/29\/maduro-presidente-obrerista-jajajaja-por-marlon-s-jimenez-garcia\/#primaryimage\"},\"thumbnailUrl\":\"https:\/\/noti-america.com\/site\/venezuela\/wp-content\/uploads\/sites\/2\/2020\/11\/marlon-jimenez1.jpeg\",\"articleSection\":[\"Pol\u00edtica\"],\"inLanguage\":\"es\",\"potentialAction\":[{\"@type\":\"CommentAction\",\"name\":\"Comment\",\"target\":[\"https:\/\/noti-america.com\/site\/venezuela\/2021\/08\/29\/maduro-presidente-obrerista-jajajaja-por-marlon-s-jimenez-garcia\/#respond\"]}]},{\"@type\":\"WebPage\",\"@id\":\"https:\/\/noti-america.com\/site\/venezuela\/2021\/08\/29\/maduro-presidente-obrerista-jajajaja-por-marlon-s-jimenez-garcia\/\",\"url\":\"https:\/\/noti-america.com\/site\/venezuela\/2021\/08\/29\/maduro-presidente-obrerista-jajajaja-por-marlon-s-jimenez-garcia\/\",\"name\":\"MADURO PRESIDENTE OBRERISTA, JAJAJAJA Por: Marlon S Jim\u00e9nez Garc\u00eda. - Venezuela | Noti-America.com\",\"isPartOf\":{\"@id\":\"https:\/\/noti-america.com\/site\/venezuela\/#website\"},\"primaryImageOfPage\":{\"@id\":\"https:\/\/noti-america.com\/site\/venezuela\/2021\/08\/29\/maduro-presidente-obrerista-jajajaja-por-marlon-s-jimenez-garcia\/#primaryimage\"},\"image\":{\"@id\":\"https:\/\/noti-america.com\/site\/venezuela\/2021\/08\/29\/maduro-presidente-obrerista-jajajaja-por-marlon-s-jimenez-garcia\/#primaryimage\"},\"thumbnailUrl\":\"https:\/\/noti-america.com\/site\/venezuela\/wp-content\/uploads\/sites\/2\/2020\/11\/marlon-jimenez1.jpeg\",\"datePublished\":\"2021-08-29T10:41:01+00:00\",\"dateModified\":\"2021-08-29T14:41:08+00:00\",\"breadcrumb\":{\"@id\":\"https:\/\/noti-america.com\/site\/venezuela\/2021\/08\/29\/maduro-presidente-obrerista-jajajaja-por-marlon-s-jimenez-garcia\/#breadcrumb\"},\"inLanguage\":\"es\",\"potentialAction\":[{\"@type\":\"ReadAction\",\"target\":[\"https:\/\/noti-america.com\/site\/venezuela\/2021\/08\/29\/maduro-presidente-obrerista-jajajaja-por-marlon-s-jimenez-garcia\/\"]}]},{\"@type\":\"ImageObject\",\"inLanguage\":\"es\",\"@id\":\"https:\/\/noti-america.com\/site\/venezuela\/2021\/08\/29\/maduro-presidente-obrerista-jajajaja-por-marlon-s-jimenez-garcia\/#primaryimage\",\"url\":\"https:\/\/noti-america.com\/site\/venezuela\/wp-content\/uploads\/sites\/2\/2020\/11\/marlon-jimenez1.jpeg\",\"contentUrl\":\"https:\/\/noti-america.com\/site\/venezuela\/wp-content\/uploads\/sites\/2\/2020\/11\/marlon-jimenez1.jpeg\"},{\"@type\":\"BreadcrumbList\",\"@id\":\"https:\/\/noti-america.com\/site\/venezuela\/2021\/08\/29\/maduro-presidente-obrerista-jajajaja-por-marlon-s-jimenez-garcia\/#breadcrumb\",\"itemListElement\":[{\"@type\":\"ListItem\",\"position\":1,\"name\":\"Portada\",\"item\":\"https:\/\/noti-america.com\/site\/venezuela\/\"},{\"@type\":\"ListItem\",\"position\":2,\"name\":\"MADURO PRESIDENTE OBRERISTA, JAJAJAJA Por: Marlon S Jim\u00e9nez Garc\u00eda.\"}]},{\"@type\":\"WebSite\",\"@id\":\"https:\/\/noti-america.com\/site\/venezuela\/#website\",\"url\":\"https:\/\/noti-america.com\/site\/venezuela\/\",\"name\":\"Venezuela | Noti-America.com\",\"description\":\"\",\"publisher\":{\"@id\":\"https:\/\/noti-america.com\/site\/venezuela\/#organization\"},\"potentialAction\":[{\"@type\":\"SearchAction\",\"target\":{\"@type\":\"EntryPoint\",\"urlTemplate\":\"https:\/\/noti-america.com\/site\/venezuela\/?s={search_term_string}\"},\"query-input\":{\"@type\":\"PropertyValueSpecification\",\"valueRequired\":true,\"valueName\":\"search_term_string\"}}],\"inLanguage\":\"es\"},{\"@type\":\"Organization\",\"@id\":\"https:\/\/noti-america.com\/site\/venezuela\/#organization\",\"name\":\"Noti-America LLC | Venezuela\",\"url\":\"https:\/\/noti-america.com\/site\/venezuela\/\",\"logo\":{\"@type\":\"ImageObject\",\"inLanguage\":\"es\",\"@id\":\"https:\/\/noti-america.com\/site\/venezuela\/#\/schema\/logo\/image\/\",\"url\":\"https:\/\/noti-america.com\/site\/venezuela\/wp-content\/uploads\/sites\/2\/2020\/07\/LogoNA-4x3-1.jpg\",\"contentUrl\":\"https:\/\/noti-america.com\/site\/venezuela\/wp-content\/uploads\/sites\/2\/2020\/07\/LogoNA-4x3-1.jpg\",\"width\":1236,\"height\":1080,\"caption\":\"Noti-America LLC | Venezuela\"},\"image\":{\"@id\":\"https:\/\/noti-america.com\/site\/venezuela\/#\/schema\/logo\/image\/\"}},{\"@type\":\"Person\",\"@id\":\"https:\/\/noti-america.com\/site\/venezuela\/#\/schema\/person\/a2e478ba496331ce89bcd0c731cd6533\",\"name\":\"rloaiza\",\"image\":{\"@type\":\"ImageObject\",\"inLanguage\":\"es\",\"@id\":\"https:\/\/secure.gravatar.com\/avatar\/190058e5d4427934610b99c45aa7a6558806850adedd53ddeddd194b04773e22?s=96&d=mm&r=g\",\"url\":\"https:\/\/secure.gravatar.com\/avatar\/190058e5d4427934610b99c45aa7a6558806850adedd53ddeddd194b04773e22?s=96&d=mm&r=g\",\"contentUrl\":\"https:\/\/secure.gravatar.com\/avatar\/190058e5d4427934610b99c45aa7a6558806850adedd53ddeddd194b04773e22?s=96&d=mm&r=g\",\"caption\":\"rloaiza\"},\"url\":\"https:\/\/noti-america.com\/site\/venezuela\/author\/rloaiza\/\"}]}<\/script>\n<!-- \/ Yoast SEO Premium plugin. -->","yoast_head_json":{"title":"MADURO PRESIDENTE OBRERISTA, JAJAJAJA Por: Marlon S Jim\u00e9nez Garc\u00eda. - Venezuela | Noti-America.com","robots":{"index":"index","follow":"follow","max-snippet":"max-snippet:-1","max-image-preview":"max-image-preview:large","max-video-preview":"max-video-preview:-1"},"canonical":"https:\/\/noti-america.com\/site\/venezuela\/2021\/08\/29\/maduro-presidente-obrerista-jajajaja-por-marlon-s-jimenez-garcia\/","og_locale":"es_ES","og_type":"article","og_title":"MADURO PRESIDENTE OBRERISTA, JAJAJAJA Por: Marlon S Jim\u00e9nez Garc\u00eda.","og_description":"NOTI-AMERICA.COM | VENEZUELA MADURO PRESIDENTE OBRERISTA, JAJAJAJA Por: Marlon S Jim\u00e9nez Garc\u00eda. &nbsp; Causa estupor e indignaci\u00f3n escuchar al ileg\u00edtimo, EL Maduro, considerarse un \u201cPresidente obrerista\u201d. La realidad es que nunca los trabajadores, en&#46;&#46;&#46;","og_url":"https:\/\/noti-america.com\/site\/venezuela\/2021\/08\/29\/maduro-presidente-obrerista-jajajaja-por-marlon-s-jimenez-garcia\/","og_site_name":"Venezuela | Noti-America.com","article_published_time":"2021-08-29T10:41:01+00:00","article_modified_time":"2021-08-29T14:41:08+00:00","og_image":[{"url":"https:\/\/noti-america.com\/site\/venezuela\/wp-content\/uploads\/sites\/2\/2020\/11\/marlon-jimenez1.jpeg","width":1,"height":1,"type":"image\/jpeg"}],"author":"rloaiza","twitter_card":"summary_large_image","twitter_misc":{"Escrito por":"rloaiza","Tiempo estimado de lectura":"4 minutos"},"schema":{"@context":"https:\/\/schema.org","@graph":[{"@type":"Article","@id":"https:\/\/noti-america.com\/site\/venezuela\/2021\/08\/29\/maduro-presidente-obrerista-jajajaja-por-marlon-s-jimenez-garcia\/#article","isPartOf":{"@id":"https:\/\/noti-america.com\/site\/venezuela\/2021\/08\/29\/maduro-presidente-obrerista-jajajaja-por-marlon-s-jimenez-garcia\/"},"author":{"name":"rloaiza","@id":"https:\/\/noti-america.com\/site\/venezuela\/#\/schema\/person\/a2e478ba496331ce89bcd0c731cd6533"},"headline":"MADURO PRESIDENTE OBRERISTA, JAJAJAJA Por: Marlon S Jim\u00e9nez Garc\u00eda.","datePublished":"2021-08-29T10:41:01+00:00","dateModified":"2021-08-29T14:41:08+00:00","mainEntityOfPage":{"@id":"https:\/\/noti-america.com\/site\/venezuela\/2021\/08\/29\/maduro-presidente-obrerista-jajajaja-por-marlon-s-jimenez-garcia\/"},"wordCount":803,"commentCount":0,"publisher":{"@id":"https:\/\/noti-america.com\/site\/venezuela\/#organization"},"image":{"@id":"https:\/\/noti-america.com\/site\/venezuela\/2021\/08\/29\/maduro-presidente-obrerista-jajajaja-por-marlon-s-jimenez-garcia\/#primaryimage"},"thumbnailUrl":"https:\/\/noti-america.com\/site\/venezuela\/wp-content\/uploads\/sites\/2\/2020\/11\/marlon-jimenez1.jpeg","articleSection":["Pol\u00edtica"],"inLanguage":"es","potentialAction":[{"@type":"CommentAction","name":"Comment","target":["https:\/\/noti-america.com\/site\/venezuela\/2021\/08\/29\/maduro-presidente-obrerista-jajajaja-por-marlon-s-jimenez-garcia\/#respond"]}]},{"@type":"WebPage","@id":"https:\/\/noti-america.com\/site\/venezuela\/2021\/08\/29\/maduro-presidente-obrerista-jajajaja-por-marlon-s-jimenez-garcia\/","url":"https:\/\/noti-america.com\/site\/venezuela\/2021\/08\/29\/maduro-presidente-obrerista-jajajaja-por-marlon-s-jimenez-garcia\/","name":"MADURO PRESIDENTE OBRERISTA, JAJAJAJA Por: Marlon S Jim\u00e9nez Garc\u00eda. - Venezuela | Noti-America.com","isPartOf":{"@id":"https:\/\/noti-america.com\/site\/venezuela\/#website"},"primaryImageOfPage":{"@id":"https:\/\/noti-america.com\/site\/venezuela\/2021\/08\/29\/maduro-presidente-obrerista-jajajaja-por-marlon-s-jimenez-garcia\/#primaryimage"},"image":{"@id":"https:\/\/noti-america.com\/site\/venezuela\/2021\/08\/29\/maduro-presidente-obrerista-jajajaja-por-marlon-s-jimenez-garcia\/#primaryimage"},"thumbnailUrl":"https:\/\/noti-america.com\/site\/venezuela\/wp-content\/uploads\/sites\/2\/2020\/11\/marlon-jimenez1.jpeg","datePublished":"2021-08-29T10:41:01+00:00","dateModified":"2021-08-29T14:41:08+00:00","breadcrumb":{"@id":"https:\/\/noti-america.com\/site\/venezuela\/2021\/08\/29\/maduro-presidente-obrerista-jajajaja-por-marlon-s-jimenez-garcia\/#breadcrumb"},"inLanguage":"es","potentialAction":[{"@type":"ReadAction","target":["https:\/\/noti-america.com\/site\/venezuela\/2021\/08\/29\/maduro-presidente-obrerista-jajajaja-por-marlon-s-jimenez-garcia\/"]}]},{"@type":"ImageObject","inLanguage":"es","@id":"https:\/\/noti-america.com\/site\/venezuela\/2021\/08\/29\/maduro-presidente-obrerista-jajajaja-por-marlon-s-jimenez-garcia\/#primaryimage","url":"https:\/\/noti-america.com\/site\/venezuela\/wp-content\/uploads\/sites\/2\/2020\/11\/marlon-jimenez1.jpeg","contentUrl":"https:\/\/noti-america.com\/site\/venezuela\/wp-content\/uploads\/sites\/2\/2020\/11\/marlon-jimenez1.jpeg"},{"@type":"BreadcrumbList","@id":"https:\/\/noti-america.com\/site\/venezuela\/2021\/08\/29\/maduro-presidente-obrerista-jajajaja-por-marlon-s-jimenez-garcia\/#breadcrumb","itemListElement":[{"@type":"ListItem","position":1,"name":"Portada","item":"https:\/\/noti-america.com\/site\/venezuela\/"},{"@type":"ListItem","position":2,"name":"MADURO PRESIDENTE OBRERISTA, JAJAJAJA Por: Marlon S Jim\u00e9nez Garc\u00eda."}]},{"@type":"WebSite","@id":"https:\/\/noti-america.com\/site\/venezuela\/#website","url":"https:\/\/noti-america.com\/site\/venezuela\/","name":"Venezuela | Noti-America.com","description":"","publisher":{"@id":"https:\/\/noti-america.com\/site\/venezuela\/#organization"},"potentialAction":[{"@type":"SearchAction","target":{"@type":"EntryPoint","urlTemplate":"https:\/\/noti-america.com\/site\/venezuela\/?s={search_term_string}"},"query-input":{"@type":"PropertyValueSpecification","valueRequired":true,"valueName":"search_term_string"}}],"inLanguage":"es"},{"@type":"Organization","@id":"https:\/\/noti-america.com\/site\/venezuela\/#organization","name":"Noti-America LLC | Venezuela","url":"https:\/\/noti-america.com\/site\/venezuela\/","logo":{"@type":"ImageObject","inLanguage":"es","@id":"https:\/\/noti-america.com\/site\/venezuela\/#\/schema\/logo\/image\/","url":"https:\/\/noti-america.com\/site\/venezuela\/wp-content\/uploads\/sites\/2\/2020\/07\/LogoNA-4x3-1.jpg","contentUrl":"https:\/\/noti-america.com\/site\/venezuela\/wp-content\/uploads\/sites\/2\/2020\/07\/LogoNA-4x3-1.jpg","width":1236,"height":1080,"caption":"Noti-America LLC | Venezuela"},"image":{"@id":"https:\/\/noti-america.com\/site\/venezuela\/#\/schema\/logo\/image\/"}},{"@type":"Person","@id":"https:\/\/noti-america.com\/site\/venezuela\/#\/schema\/person\/a2e478ba496331ce89bcd0c731cd6533","name":"rloaiza","image":{"@type":"ImageObject","inLanguage":"es","@id":"https:\/\/secure.gravatar.com\/avatar\/190058e5d4427934610b99c45aa7a6558806850adedd53ddeddd194b04773e22?s=96&d=mm&r=g","url":"https:\/\/secure.gravatar.com\/avatar\/190058e5d4427934610b99c45aa7a6558806850adedd53ddeddd194b04773e22?s=96&d=mm&r=g","contentUrl":"https:\/\/secure.gravatar.com\/avatar\/190058e5d4427934610b99c45aa7a6558806850adedd53ddeddd194b04773e22?s=96&d=mm&r=g","caption":"rloaiza"},"url":"https:\/\/noti-america.com\/site\/venezuela\/author\/rloaiza\/"}]}},"_links":{"self":[{"href":"https:\/\/noti-america.com\/site\/venezuela\/wp-json\/wp\/v2\/posts\/16065","targetHints":{"allow":["GET"]}}],"collection":[{"href":"https:\/\/noti-america.com\/site\/venezuela\/wp-json\/wp\/v2\/posts"}],"about":[{"href":"https:\/\/noti-america.com\/site\/venezuela\/wp-json\/wp\/v2\/types\/post"}],"author":[{"embeddable":true,"href":"https:\/\/noti-america.com\/site\/venezuela\/wp-json\/wp\/v2\/users\/2"}],"replies":[{"embeddable":true,"href":"https:\/\/noti-america.com\/site\/venezuela\/wp-json\/wp\/v2\/comments?post=16065"}],"version-history":[{"count":1,"href":"https:\/\/noti-america.com\/site\/venezuela\/wp-json\/wp\/v2\/posts\/16065\/revisions"}],"predecessor-version":[{"id":16066,"href":"https:\/\/noti-america.com\/site\/venezuela\/wp-json\/wp\/v2\/posts\/16065\/revisions\/16066"}],"wp:featuredmedia":[{"embeddable":true,"href":"https:\/\/noti-america.com\/site\/venezuela\/wp-json\/wp\/v2\/media\/13522"}],"wp:attachment":[{"href":"https:\/\/noti-america.com\/site\/venezuela\/wp-json\/wp\/v2\/media?parent=16065"}],"wp:term":[{"taxonomy":"category","embeddable":true,"href":"https:\/\/noti-america.com\/site\/venezuela\/wp-json\/wp\/v2\/categories?post=16065"},{"taxonomy":"post_tag","embeddable":true,"href":"https:\/\/noti-america.com\/site\/venezuela\/wp-json\/wp\/v2\/tags?post=16065"}],"curies":[{"name":"wp","href":"https:\/\/api.w.org\/{rel}","templated":true}]}}