{"id":16063,"date":"2021-08-29T10:33:29","date_gmt":"2021-08-29T10:33:29","guid":{"rendered":"https:\/\/noti-america.com\/site\/venezuela\/2021\/08\/29\/desmejoras-de-nuestras-clases-sociales-por-vicente-brito\/"},"modified":"2021-08-29T14:33:36","modified_gmt":"2021-08-29T14:33:36","slug":"desmejoras-de-nuestras-clases-sociales-por-vicente-brito","status":"publish","type":"post","link":"https:\/\/noti-america.com\/site\/venezuela\/2021\/08\/29\/desmejoras-de-nuestras-clases-sociales-por-vicente-brito\/","title":{"rendered":"\u00bfDESMEJORAS DE NUESTRAS CLASES SOCIALES? Por: Vicente Brito"},"content":{"rendered":"<p>NOTI-AMERICA.COM | VENEZUELA<\/p>\n<blockquote>\n<div dir=\"ltr\">\n<div dir=\"ltr\">\n<div dir=\"ltr\">\n<div dir=\"ltr\">\n<div dir=\"ltr\">\n<div dir=\"ltr\">\n<p class=\"v1MsoNormal\" align=\"center\"><b><span style=\"color: #000000; font-family: verdana, sans-serif; font-size: large;\">\u00bfDESMEJORAS DE NUESTRAS CLASES SOCIALES?<\/span><\/b><\/p>\n<p class=\"v1MsoNormal\" style=\"text-align: center;\"><span style=\"color: #000000; font-family: verdana, sans-serif; font-size: large;\"><b><img loading=\"lazy\" decoding=\"async\" class=\"alignnone size-medium wp-image-13704\" src=\"https:\/\/noti-america.com\/site\/venezuela\/wp-content\/uploads\/sites\/2\/2021\/08\/VICENTE-BRITO1-300x200.png\" alt=\"\" width=\"300\" height=\"200\" \/>\u00a0<\/b><\/span><\/p>\n<p class=\"v1MsoNormal\"><span style=\"color: #000000; font-family: trebuchet ms, sans-serif; font-size: large;\"><b>Vamos a analizar la evoluci\u00f3n de nuestras clases sociales en los \u00faltimos 50 a\u00f1os, desde 1971 al 2021. Como referencia nos permitimos comparar el ingreso de nuestra clase E en el a\u00f1o 1971 con el 2021 encontr\u00e1ndonos que es casi el recibido actualmente por la clase media, el cual se encuentra estimado entre 250$ y 300$ mensuales.<\/b><\/span><\/p>\n<p class=\"v1MsoNormal\"><span style=\"color: #000000; font-family: trebuchet ms, sans-serif; font-size: large;\"><b>\u00a0<\/b><\/span><\/p>\n<p class=\"v1MsoNormal\"><span style=\"color: #000000; font-family: trebuchet ms, sans-serif; font-size: large;\"><b>Pasamos en 50 a\u00f1os de estar ubicado dentro de los 30 pa\u00edses del mundo con mejores niveles de calidad de vida y con ingresos familiares de los mas altos, a estar en estos momentos dentro de los \u00faltimos 20 con menores niveles de calidad de vida y bajos ingresos familiares, se estima que este a\u00f1o 2021 ese monto este debajo de los 1.500$.<\/b><\/span><\/p>\n<p class=\"v1MsoNormal\"><span style=\"color: #000000; font-family: trebuchet ms, sans-serif; font-size: large;\"><b>\u00a0<\/b><\/span><\/p>\n<p class=\"v1MsoNormal\"><span style=\"color: #000000; font-family: trebuchet ms, sans-serif; font-size: large;\"><b>Las razones de estas desmejoras est\u00e1n vinculadas a las pol\u00edticas del modelo pol\u00edtico de gobierno aplicadas, donde buena parte de la actividad econ\u00f3mica pas\u00f3 a manos p\u00fablicas, con los preocupantes resultados obtenidos en la disminuci\u00f3n de su capacidad productiva y paralizaci\u00f3n de buena parte de ellas, encontr\u00e1ndonos que la casi totalidad de esas empresas p\u00fablicas est\u00e1n perdiendo dinero, teniendo el banco central que convertirse en su sost\u00e9n financiero con sus consecuencias inflacionarias en la reducci\u00f3n del valor real de los salarios percibido.<\/b><\/span><\/p>\n<p class=\"v1MsoNormal\"><span style=\"color: #000000; font-family: trebuchet ms, sans-serif; font-size: large;\"><b>\u00a0<\/b><\/span><\/p>\n<p class=\"v1MsoNormal\"><span style=\"color: #000000; font-family: trebuchet ms, sans-serif; font-size: large;\"><b>Los indicadores demuestran estas desmejoras ocurridas sobretodo en los \u00faltimos 10 a\u00f1os, cuyos n\u00fameros hacen evidentes como pasamos de ser un pa\u00eds con dos terceras partes de su poblaci\u00f3n con ingresos superiores a los 600$ al mes, a los niveles actuales donde apenas un 10% de la poblaci\u00f3n se encuentra con esos niveles de ingresos.\u00a0<\/b><\/span><\/p>\n<p class=\"v1MsoNormal\"><span style=\"color: #000000; font-family: trebuchet ms, sans-serif; font-size: large;\"><b>\u00a0<\/b><\/span><\/p>\n<p class=\"v1MsoNormal\"><span style=\"color: #000000; font-family: trebuchet ms, sans-serif; font-size: large;\"><b>A pesar de que un 25% aproximado de las familias se encuentran recibiendo alg\u00fan monto por las remesas enviadas del exterior, nos encontramos con unos elevados niveles de pobreza que reflejan la cr\u00edtica situaci\u00f3n econ\u00f3mica que nos afecta, sobretodo por la ca\u00edda en los niveles de consumo causada por los elevados niveles inflacionarios en que nos encontramos.\u00a0<\/b><\/span><\/p>\n<p class=\"v1MsoNormal\"><span style=\"color: #000000; font-family: trebuchet ms, sans-serif; font-size: large;\"><b>\u00a0<\/b><\/span><\/p>\n<p class=\"v1MsoNormal\"><span style=\"color: #000000; font-family: trebuchet ms, sans-serif; font-size: large;\"><b>Esas desmejoras sociales se hacen evidentes al observar c\u00f3mo han disminuido los niveles de ingresos familiares en los \u00faltimos a\u00f1os. Donde la casi totalidad de las familias han visto reducir su calidad de vida y\u00a0 poder adquisitivo. Encontr\u00e1ndonos hoy con casi el 90% de las familias en situaci\u00f3n de pobreza.<\/b><\/span><\/p>\n<p class=\"v1MsoNormal\" style=\"text-align: center;\"><b><span style=\"font-family: trebuchet ms, sans-serif;\">Vicente Brito<\/span><\/b><\/p>\n<p class=\"v1MsoNormal\" style=\"text-align: center;\"><span style=\"color: #000000; font-family: trebuchet ms, sans-serif; font-size: large;\"><b>Presidente<\/b><\/span><\/p>\n<p class=\"v1MsoNormal\" style=\"text-align: center;\"><span style=\"color: #000000; font-family: trebuchet ms, sans-serif; font-size: large;\"><b>Red por la defensa al Trabajo,<\/b><\/span><\/p>\n<p class=\"v1MsoNormal\" style=\"text-align: center;\"><span style=\"color: #000000; font-family: trebuchet ms, sans-serif; font-size: large;\"><b>la Propiedad y la Constituci\u00f3n.<\/b><\/span><\/p>\n<\/div>\n<\/div>\n<\/div>\n<\/div>\n<\/div>\n<\/div>\n<\/blockquote>\n","protected":false},"excerpt":{"rendered":"<p>NOTI-AMERICA.COM | VENEZUELA \u00bfDESMEJORAS DE NUESTRAS CLASES SOCIALES? \u00a0 Vamos a analizar la evoluci\u00f3n de nuestras clases sociales en los \u00faltimos 50 a\u00f1os, desde 1971 al 2021. Como referencia nos permitimos comparar el ingreso&#46;&#46;&#46;<\/p>\n","protected":false},"author":2,"featured_media":13704,"comment_status":"open","ping_status":"open","sticky":false,"template":"","format":"standard","meta":{"_acf_changed":false,"om_disable_all_campaigns":false,"rop_custom_images_group":[],"rop_custom_messages_group":[],"rop_publish_now":"initial","rop_publish_now_accounts":{"twitter_242054905_242054905":""},"rop_publish_now_history":[],"rop_publish_now_status":"pending","_uf_show_specific_survey":0,"_uf_disable_surveys":false,"footnotes":""},"categories":[3],"tags":[],"class_list":["post-16063","post","type-post","status-publish","format-standard","has-post-thumbnail","hentry","category-politica"],"acf":[],"aioseo_notices":[],"yoast_head":"<!-- This site is optimized with the Yoast SEO Premium plugin v24.9 (Yoast SEO v27.2) - https:\/\/yoast.com\/product\/yoast-seo-premium-wordpress\/ -->\n<title>\u00bfDESMEJORAS DE NUESTRAS CLASES SOCIALES? Por: Vicente Brito - Venezuela | Noti-America.com<\/title>\n<meta name=\"robots\" content=\"index, follow, max-snippet:-1, max-image-preview:large, max-video-preview:-1\" \/>\n<link rel=\"canonical\" href=\"https:\/\/noti-america.com\/site\/venezuela\/2021\/08\/29\/desmejoras-de-nuestras-clases-sociales-por-vicente-brito\/\" \/>\n<meta property=\"og:locale\" content=\"es_ES\" \/>\n<meta property=\"og:type\" content=\"article\" \/>\n<meta property=\"og:title\" content=\"\u00bfDESMEJORAS DE NUESTRAS CLASES SOCIALES? Por: Vicente Brito\" \/>\n<meta property=\"og:description\" content=\"NOTI-AMERICA.COM | VENEZUELA \u00bfDESMEJORAS DE NUESTRAS CLASES SOCIALES? \u00a0 Vamos a analizar la evoluci\u00f3n de nuestras clases sociales en los \u00faltimos 50 a\u00f1os, desde 1971 al 2021. Como referencia nos permitimos comparar el ingreso&#046;&#046;&#046;\" \/>\n<meta property=\"og:url\" content=\"https:\/\/noti-america.com\/site\/venezuela\/2021\/08\/29\/desmejoras-de-nuestras-clases-sociales-por-vicente-brito\/\" \/>\n<meta property=\"og:site_name\" content=\"Venezuela | Noti-America.com\" \/>\n<meta property=\"article:published_time\" content=\"2021-08-29T10:33:29+00:00\" \/>\n<meta property=\"article:modified_time\" content=\"2021-08-29T14:33:36+00:00\" \/>\n<meta property=\"og:image\" content=\"https:\/\/noti-america.com\/site\/venezuela\/wp-content\/uploads\/sites\/2\/2020\/12\/VICENTE-BRITO1.png\" \/>\n\t<meta property=\"og:image:width\" content=\"1\" \/>\n\t<meta property=\"og:image:height\" content=\"1\" \/>\n\t<meta property=\"og:image:type\" content=\"image\/png\" \/>\n<meta name=\"author\" content=\"rloaiza\" \/>\n<meta name=\"twitter:card\" content=\"summary_large_image\" \/>\n<meta name=\"twitter:label1\" content=\"Escrito por\" \/>\n\t<meta name=\"twitter:data1\" content=\"rloaiza\" \/>\n\t<meta name=\"twitter:label2\" content=\"Tiempo estimado de lectura\" \/>\n\t<meta name=\"twitter:data2\" content=\"2 minutos\" \/>\n<script type=\"application\/ld+json\" class=\"yoast-schema-graph\">{\"@context\":\"https:\/\/schema.org\",\"@graph\":[{\"@type\":\"Article\",\"@id\":\"https:\/\/noti-america.com\/site\/venezuela\/2021\/08\/29\/desmejoras-de-nuestras-clases-sociales-por-vicente-brito\/#article\",\"isPartOf\":{\"@id\":\"https:\/\/noti-america.com\/site\/venezuela\/2021\/08\/29\/desmejoras-de-nuestras-clases-sociales-por-vicente-brito\/\"},\"author\":{\"name\":\"rloaiza\",\"@id\":\"https:\/\/noti-america.com\/site\/venezuela\/#\/schema\/person\/a2e478ba496331ce89bcd0c731cd6533\"},\"headline\":\"\u00bfDESMEJORAS DE NUESTRAS CLASES SOCIALES? Por: Vicente Brito\",\"datePublished\":\"2021-08-29T10:33:29+00:00\",\"dateModified\":\"2021-08-29T14:33:36+00:00\",\"mainEntityOfPage\":{\"@id\":\"https:\/\/noti-america.com\/site\/venezuela\/2021\/08\/29\/desmejoras-de-nuestras-clases-sociales-por-vicente-brito\/\"},\"wordCount\":411,\"commentCount\":0,\"publisher\":{\"@id\":\"https:\/\/noti-america.com\/site\/venezuela\/#organization\"},\"image\":{\"@id\":\"https:\/\/noti-america.com\/site\/venezuela\/2021\/08\/29\/desmejoras-de-nuestras-clases-sociales-por-vicente-brito\/#primaryimage\"},\"thumbnailUrl\":\"https:\/\/noti-america.com\/site\/venezuela\/wp-content\/uploads\/sites\/2\/2020\/12\/VICENTE-BRITO1.png\",\"articleSection\":[\"Pol\u00edtica\"],\"inLanguage\":\"es\",\"potentialAction\":[{\"@type\":\"CommentAction\",\"name\":\"Comment\",\"target\":[\"https:\/\/noti-america.com\/site\/venezuela\/2021\/08\/29\/desmejoras-de-nuestras-clases-sociales-por-vicente-brito\/#respond\"]}]},{\"@type\":\"WebPage\",\"@id\":\"https:\/\/noti-america.com\/site\/venezuela\/2021\/08\/29\/desmejoras-de-nuestras-clases-sociales-por-vicente-brito\/\",\"url\":\"https:\/\/noti-america.com\/site\/venezuela\/2021\/08\/29\/desmejoras-de-nuestras-clases-sociales-por-vicente-brito\/\",\"name\":\"\u00bfDESMEJORAS DE NUESTRAS CLASES SOCIALES? Por: Vicente Brito - Venezuela | Noti-America.com\",\"isPartOf\":{\"@id\":\"https:\/\/noti-america.com\/site\/venezuela\/#website\"},\"primaryImageOfPage\":{\"@id\":\"https:\/\/noti-america.com\/site\/venezuela\/2021\/08\/29\/desmejoras-de-nuestras-clases-sociales-por-vicente-brito\/#primaryimage\"},\"image\":{\"@id\":\"https:\/\/noti-america.com\/site\/venezuela\/2021\/08\/29\/desmejoras-de-nuestras-clases-sociales-por-vicente-brito\/#primaryimage\"},\"thumbnailUrl\":\"https:\/\/noti-america.com\/site\/venezuela\/wp-content\/uploads\/sites\/2\/2020\/12\/VICENTE-BRITO1.png\",\"datePublished\":\"2021-08-29T10:33:29+00:00\",\"dateModified\":\"2021-08-29T14:33:36+00:00\",\"breadcrumb\":{\"@id\":\"https:\/\/noti-america.com\/site\/venezuela\/2021\/08\/29\/desmejoras-de-nuestras-clases-sociales-por-vicente-brito\/#breadcrumb\"},\"inLanguage\":\"es\",\"potentialAction\":[{\"@type\":\"ReadAction\",\"target\":[\"https:\/\/noti-america.com\/site\/venezuela\/2021\/08\/29\/desmejoras-de-nuestras-clases-sociales-por-vicente-brito\/\"]}]},{\"@type\":\"ImageObject\",\"inLanguage\":\"es\",\"@id\":\"https:\/\/noti-america.com\/site\/venezuela\/2021\/08\/29\/desmejoras-de-nuestras-clases-sociales-por-vicente-brito\/#primaryimage\",\"url\":\"https:\/\/noti-america.com\/site\/venezuela\/wp-content\/uploads\/sites\/2\/2020\/12\/VICENTE-BRITO1.png\",\"contentUrl\":\"https:\/\/noti-america.com\/site\/venezuela\/wp-content\/uploads\/sites\/2\/2020\/12\/VICENTE-BRITO1.png\"},{\"@type\":\"BreadcrumbList\",\"@id\":\"https:\/\/noti-america.com\/site\/venezuela\/2021\/08\/29\/desmejoras-de-nuestras-clases-sociales-por-vicente-brito\/#breadcrumb\",\"itemListElement\":[{\"@type\":\"ListItem\",\"position\":1,\"name\":\"Portada\",\"item\":\"https:\/\/noti-america.com\/site\/venezuela\/\"},{\"@type\":\"ListItem\",\"position\":2,\"name\":\"\u00bfDESMEJORAS DE NUESTRAS CLASES SOCIALES? Por: Vicente Brito\"}]},{\"@type\":\"WebSite\",\"@id\":\"https:\/\/noti-america.com\/site\/venezuela\/#website\",\"url\":\"https:\/\/noti-america.com\/site\/venezuela\/\",\"name\":\"Venezuela | Noti-America.com\",\"description\":\"\",\"publisher\":{\"@id\":\"https:\/\/noti-america.com\/site\/venezuela\/#organization\"},\"potentialAction\":[{\"@type\":\"SearchAction\",\"target\":{\"@type\":\"EntryPoint\",\"urlTemplate\":\"https:\/\/noti-america.com\/site\/venezuela\/?s={search_term_string}\"},\"query-input\":{\"@type\":\"PropertyValueSpecification\",\"valueRequired\":true,\"valueName\":\"search_term_string\"}}],\"inLanguage\":\"es\"},{\"@type\":\"Organization\",\"@id\":\"https:\/\/noti-america.com\/site\/venezuela\/#organization\",\"name\":\"Noti-America LLC | Venezuela\",\"url\":\"https:\/\/noti-america.com\/site\/venezuela\/\",\"logo\":{\"@type\":\"ImageObject\",\"inLanguage\":\"es\",\"@id\":\"https:\/\/noti-america.com\/site\/venezuela\/#\/schema\/logo\/image\/\",\"url\":\"https:\/\/noti-america.com\/site\/venezuela\/wp-content\/uploads\/sites\/2\/2020\/07\/LogoNA-4x3-1.jpg\",\"contentUrl\":\"https:\/\/noti-america.com\/site\/venezuela\/wp-content\/uploads\/sites\/2\/2020\/07\/LogoNA-4x3-1.jpg\",\"width\":1236,\"height\":1080,\"caption\":\"Noti-America LLC | Venezuela\"},\"image\":{\"@id\":\"https:\/\/noti-america.com\/site\/venezuela\/#\/schema\/logo\/image\/\"}},{\"@type\":\"Person\",\"@id\":\"https:\/\/noti-america.com\/site\/venezuela\/#\/schema\/person\/a2e478ba496331ce89bcd0c731cd6533\",\"name\":\"rloaiza\",\"image\":{\"@type\":\"ImageObject\",\"inLanguage\":\"es\",\"@id\":\"https:\/\/secure.gravatar.com\/avatar\/190058e5d4427934610b99c45aa7a6558806850adedd53ddeddd194b04773e22?s=96&d=mm&r=g\",\"url\":\"https:\/\/secure.gravatar.com\/avatar\/190058e5d4427934610b99c45aa7a6558806850adedd53ddeddd194b04773e22?s=96&d=mm&r=g\",\"contentUrl\":\"https:\/\/secure.gravatar.com\/avatar\/190058e5d4427934610b99c45aa7a6558806850adedd53ddeddd194b04773e22?s=96&d=mm&r=g\",\"caption\":\"rloaiza\"},\"url\":\"https:\/\/noti-america.com\/site\/venezuela\/author\/rloaiza\/\"}]}<\/script>\n<!-- \/ Yoast SEO Premium plugin. -->","yoast_head_json":{"title":"\u00bfDESMEJORAS DE NUESTRAS CLASES SOCIALES? Por: Vicente Brito - Venezuela | Noti-America.com","robots":{"index":"index","follow":"follow","max-snippet":"max-snippet:-1","max-image-preview":"max-image-preview:large","max-video-preview":"max-video-preview:-1"},"canonical":"https:\/\/noti-america.com\/site\/venezuela\/2021\/08\/29\/desmejoras-de-nuestras-clases-sociales-por-vicente-brito\/","og_locale":"es_ES","og_type":"article","og_title":"\u00bfDESMEJORAS DE NUESTRAS CLASES SOCIALES? Por: Vicente Brito","og_description":"NOTI-AMERICA.COM | VENEZUELA \u00bfDESMEJORAS DE NUESTRAS CLASES SOCIALES? \u00a0 Vamos a analizar la evoluci\u00f3n de nuestras clases sociales en los \u00faltimos 50 a\u00f1os, desde 1971 al 2021. Como referencia nos permitimos comparar el ingreso&#46;&#46;&#46;","og_url":"https:\/\/noti-america.com\/site\/venezuela\/2021\/08\/29\/desmejoras-de-nuestras-clases-sociales-por-vicente-brito\/","og_site_name":"Venezuela | Noti-America.com","article_published_time":"2021-08-29T10:33:29+00:00","article_modified_time":"2021-08-29T14:33:36+00:00","og_image":[{"url":"https:\/\/noti-america.com\/site\/venezuela\/wp-content\/uploads\/sites\/2\/2020\/12\/VICENTE-BRITO1.png","width":1,"height":1,"type":"image\/png"}],"author":"rloaiza","twitter_card":"summary_large_image","twitter_misc":{"Escrito por":"rloaiza","Tiempo estimado de lectura":"2 minutos"},"schema":{"@context":"https:\/\/schema.org","@graph":[{"@type":"Article","@id":"https:\/\/noti-america.com\/site\/venezuela\/2021\/08\/29\/desmejoras-de-nuestras-clases-sociales-por-vicente-brito\/#article","isPartOf":{"@id":"https:\/\/noti-america.com\/site\/venezuela\/2021\/08\/29\/desmejoras-de-nuestras-clases-sociales-por-vicente-brito\/"},"author":{"name":"rloaiza","@id":"https:\/\/noti-america.com\/site\/venezuela\/#\/schema\/person\/a2e478ba496331ce89bcd0c731cd6533"},"headline":"\u00bfDESMEJORAS DE NUESTRAS CLASES SOCIALES? Por: Vicente Brito","datePublished":"2021-08-29T10:33:29+00:00","dateModified":"2021-08-29T14:33:36+00:00","mainEntityOfPage":{"@id":"https:\/\/noti-america.com\/site\/venezuela\/2021\/08\/29\/desmejoras-de-nuestras-clases-sociales-por-vicente-brito\/"},"wordCount":411,"commentCount":0,"publisher":{"@id":"https:\/\/noti-america.com\/site\/venezuela\/#organization"},"image":{"@id":"https:\/\/noti-america.com\/site\/venezuela\/2021\/08\/29\/desmejoras-de-nuestras-clases-sociales-por-vicente-brito\/#primaryimage"},"thumbnailUrl":"https:\/\/noti-america.com\/site\/venezuela\/wp-content\/uploads\/sites\/2\/2020\/12\/VICENTE-BRITO1.png","articleSection":["Pol\u00edtica"],"inLanguage":"es","potentialAction":[{"@type":"CommentAction","name":"Comment","target":["https:\/\/noti-america.com\/site\/venezuela\/2021\/08\/29\/desmejoras-de-nuestras-clases-sociales-por-vicente-brito\/#respond"]}]},{"@type":"WebPage","@id":"https:\/\/noti-america.com\/site\/venezuela\/2021\/08\/29\/desmejoras-de-nuestras-clases-sociales-por-vicente-brito\/","url":"https:\/\/noti-america.com\/site\/venezuela\/2021\/08\/29\/desmejoras-de-nuestras-clases-sociales-por-vicente-brito\/","name":"\u00bfDESMEJORAS DE NUESTRAS CLASES SOCIALES? Por: Vicente Brito - Venezuela | Noti-America.com","isPartOf":{"@id":"https:\/\/noti-america.com\/site\/venezuela\/#website"},"primaryImageOfPage":{"@id":"https:\/\/noti-america.com\/site\/venezuela\/2021\/08\/29\/desmejoras-de-nuestras-clases-sociales-por-vicente-brito\/#primaryimage"},"image":{"@id":"https:\/\/noti-america.com\/site\/venezuela\/2021\/08\/29\/desmejoras-de-nuestras-clases-sociales-por-vicente-brito\/#primaryimage"},"thumbnailUrl":"https:\/\/noti-america.com\/site\/venezuela\/wp-content\/uploads\/sites\/2\/2020\/12\/VICENTE-BRITO1.png","datePublished":"2021-08-29T10:33:29+00:00","dateModified":"2021-08-29T14:33:36+00:00","breadcrumb":{"@id":"https:\/\/noti-america.com\/site\/venezuela\/2021\/08\/29\/desmejoras-de-nuestras-clases-sociales-por-vicente-brito\/#breadcrumb"},"inLanguage":"es","potentialAction":[{"@type":"ReadAction","target":["https:\/\/noti-america.com\/site\/venezuela\/2021\/08\/29\/desmejoras-de-nuestras-clases-sociales-por-vicente-brito\/"]}]},{"@type":"ImageObject","inLanguage":"es","@id":"https:\/\/noti-america.com\/site\/venezuela\/2021\/08\/29\/desmejoras-de-nuestras-clases-sociales-por-vicente-brito\/#primaryimage","url":"https:\/\/noti-america.com\/site\/venezuela\/wp-content\/uploads\/sites\/2\/2020\/12\/VICENTE-BRITO1.png","contentUrl":"https:\/\/noti-america.com\/site\/venezuela\/wp-content\/uploads\/sites\/2\/2020\/12\/VICENTE-BRITO1.png"},{"@type":"BreadcrumbList","@id":"https:\/\/noti-america.com\/site\/venezuela\/2021\/08\/29\/desmejoras-de-nuestras-clases-sociales-por-vicente-brito\/#breadcrumb","itemListElement":[{"@type":"ListItem","position":1,"name":"Portada","item":"https:\/\/noti-america.com\/site\/venezuela\/"},{"@type":"ListItem","position":2,"name":"\u00bfDESMEJORAS DE NUESTRAS CLASES SOCIALES? Por: Vicente Brito"}]},{"@type":"WebSite","@id":"https:\/\/noti-america.com\/site\/venezuela\/#website","url":"https:\/\/noti-america.com\/site\/venezuela\/","name":"Venezuela | Noti-America.com","description":"","publisher":{"@id":"https:\/\/noti-america.com\/site\/venezuela\/#organization"},"potentialAction":[{"@type":"SearchAction","target":{"@type":"EntryPoint","urlTemplate":"https:\/\/noti-america.com\/site\/venezuela\/?s={search_term_string}"},"query-input":{"@type":"PropertyValueSpecification","valueRequired":true,"valueName":"search_term_string"}}],"inLanguage":"es"},{"@type":"Organization","@id":"https:\/\/noti-america.com\/site\/venezuela\/#organization","name":"Noti-America LLC | Venezuela","url":"https:\/\/noti-america.com\/site\/venezuela\/","logo":{"@type":"ImageObject","inLanguage":"es","@id":"https:\/\/noti-america.com\/site\/venezuela\/#\/schema\/logo\/image\/","url":"https:\/\/noti-america.com\/site\/venezuela\/wp-content\/uploads\/sites\/2\/2020\/07\/LogoNA-4x3-1.jpg","contentUrl":"https:\/\/noti-america.com\/site\/venezuela\/wp-content\/uploads\/sites\/2\/2020\/07\/LogoNA-4x3-1.jpg","width":1236,"height":1080,"caption":"Noti-America LLC | Venezuela"},"image":{"@id":"https:\/\/noti-america.com\/site\/venezuela\/#\/schema\/logo\/image\/"}},{"@type":"Person","@id":"https:\/\/noti-america.com\/site\/venezuela\/#\/schema\/person\/a2e478ba496331ce89bcd0c731cd6533","name":"rloaiza","image":{"@type":"ImageObject","inLanguage":"es","@id":"https:\/\/secure.gravatar.com\/avatar\/190058e5d4427934610b99c45aa7a6558806850adedd53ddeddd194b04773e22?s=96&d=mm&r=g","url":"https:\/\/secure.gravatar.com\/avatar\/190058e5d4427934610b99c45aa7a6558806850adedd53ddeddd194b04773e22?s=96&d=mm&r=g","contentUrl":"https:\/\/secure.gravatar.com\/avatar\/190058e5d4427934610b99c45aa7a6558806850adedd53ddeddd194b04773e22?s=96&d=mm&r=g","caption":"rloaiza"},"url":"https:\/\/noti-america.com\/site\/venezuela\/author\/rloaiza\/"}]}},"_links":{"self":[{"href":"https:\/\/noti-america.com\/site\/venezuela\/wp-json\/wp\/v2\/posts\/16063","targetHints":{"allow":["GET"]}}],"collection":[{"href":"https:\/\/noti-america.com\/site\/venezuela\/wp-json\/wp\/v2\/posts"}],"about":[{"href":"https:\/\/noti-america.com\/site\/venezuela\/wp-json\/wp\/v2\/types\/post"}],"author":[{"embeddable":true,"href":"https:\/\/noti-america.com\/site\/venezuela\/wp-json\/wp\/v2\/users\/2"}],"replies":[{"embeddable":true,"href":"https:\/\/noti-america.com\/site\/venezuela\/wp-json\/wp\/v2\/comments?post=16063"}],"version-history":[{"count":1,"href":"https:\/\/noti-america.com\/site\/venezuela\/wp-json\/wp\/v2\/posts\/16063\/revisions"}],"predecessor-version":[{"id":16064,"href":"https:\/\/noti-america.com\/site\/venezuela\/wp-json\/wp\/v2\/posts\/16063\/revisions\/16064"}],"wp:featuredmedia":[{"embeddable":true,"href":"https:\/\/noti-america.com\/site\/venezuela\/wp-json\/wp\/v2\/media\/13704"}],"wp:attachment":[{"href":"https:\/\/noti-america.com\/site\/venezuela\/wp-json\/wp\/v2\/media?parent=16063"}],"wp:term":[{"taxonomy":"category","embeddable":true,"href":"https:\/\/noti-america.com\/site\/venezuela\/wp-json\/wp\/v2\/categories?post=16063"},{"taxonomy":"post_tag","embeddable":true,"href":"https:\/\/noti-america.com\/site\/venezuela\/wp-json\/wp\/v2\/tags?post=16063"}],"curies":[{"name":"wp","href":"https:\/\/api.w.org\/{rel}","templated":true}]}}