{"id":16053,"date":"2021-08-28T00:09:13","date_gmt":"2021-08-28T00:09:13","guid":{"rendered":"https:\/\/noti-america.com\/site\/venezuela\/?p=16053"},"modified":"2021-08-28T00:09:13","modified_gmt":"2021-08-28T00:09:13","slug":"mas-de-59-000-personas-se-han-movilizado-en-avion-en-semanas-flexibles","status":"publish","type":"post","link":"https:\/\/noti-america.com\/site\/venezuela\/2021\/08\/28\/mas-de-59-000-personas-se-han-movilizado-en-avion-en-semanas-flexibles\/","title":{"rendered":"M\u00e1s de 59.000 personas se han movilizado en avi\u00f3n en semanas flexibles"},"content":{"rendered":"<p>El\u00a0<a href=\"https:\/\/twitter.com\/juanteixeirad?lang=en\" target=\"_blank\" rel=\"noopener noreferrer\">presidente<\/a>\u00a0del Instituto Nacional de Aeron\u00e1utica Civil (INAC), Juan Manuel Teixeira, dijo el viernes que en las \u00faltimas semanas flexibles la movilizaci\u00f3n de pasajeros entre una entidad a otra mediante v\u00eda a\u00e9rea aument\u00f3 109%.<\/p>\n<p><img loading=\"lazy\" decoding=\"async\" class=\"alignnone size-full wp-image-16054\" src=\"https:\/\/noti-america.com\/site\/venezuela\/wp-content\/uploads\/sites\/2\/2021\/08\/maiquetiaaa-1.jpg\" alt=\"\" width=\"1024\" height=\"576\" srcset=\"https:\/\/noti-america.com\/site\/venezuela\/wp-content\/uploads\/sites\/2\/2021\/08\/maiquetiaaa-1.jpg 1024w, https:\/\/noti-america.com\/site\/venezuela\/wp-content\/uploads\/sites\/2\/2021\/08\/maiquetiaaa-1-300x169.jpg 300w, https:\/\/noti-america.com\/site\/venezuela\/wp-content\/uploads\/sites\/2\/2021\/08\/maiquetiaaa-1-768x432.jpg 768w\" sizes=\"auto, (max-width: 1024px) 100vw, 1024px\" \/><\/p>\n<p>Durante una entrevista en el programa \u00abAl Instante\u00bb que transmite\u00a0<em>Uni\u00f3n Radio<\/em>, inform\u00f3 que en semanas autorizadas por el Estado se han movilizado desde el aeropuerto de Maiquet\u00eda unos 59.130 pasajeros en 1.208 vuelos a nivel nacional, catalogando el hecho como muy positivo.<\/p>\n<p>El factor de ocupaci\u00f3n de esos vuelos est\u00e1 muy bueno. La tendencia es ir aumentando las frecuencias de los vuelos e ir movilizando a m\u00e1s pasajeros\u00bb, manifest\u00f3 Teixeira.<\/p>\n<p>En este sentido, el presidente del INAC indic\u00f3 que los destinos m\u00e1s solicitados son El Vigia, Barquisimeto, Maracaibo, Margarita, Matur\u00edn y Maiquet\u00eda.<\/p>\n<p>Adem\u00e1s, aclar\u00f3 que el reinicio de las operaciones \u00abno ha incidido para nada en el aumento de los contagios de COVID-19 a nivel nacional\u00bb. Al tiempo que adelant\u00f3 que se espera abrir m\u00e1s rutas en el pa\u00eds.<\/p>\n<p>Teixeira tambi\u00e9n consider\u00f3 como positivo el hecho se que se permitan viajes tur\u00edsticos desde Rusia hacia la isla de Margarita, por lo que dijo que el INAC estar\u00e1 atento con el cumplimiento de las medidas de bioseguridad con el fin de evitar nuevos contagios de COVID-19.<\/p>\n","protected":false},"excerpt":{"rendered":"<p>El\u00a0presidente\u00a0del Instituto Nacional de Aeron\u00e1utica Civil (INAC), Juan Manuel Teixeira, dijo el viernes que en las \u00faltimas semanas flexibles la movilizaci\u00f3n de pasajeros entre una entidad a otra mediante v\u00eda a\u00e9rea aument\u00f3 109%. Durante&#46;&#46;&#46;<\/p>\n","protected":false},"author":1,"featured_media":16054,"comment_status":"open","ping_status":"open","sticky":false,"template":"","format":"standard","meta":{"_acf_changed":false,"om_disable_all_campaigns":false,"rop_custom_images_group":[],"rop_custom_messages_group":[],"rop_publish_now":"initial","rop_publish_now_accounts":{"twitter_242054905_242054905":""},"rop_publish_now_history":[],"rop_publish_now_status":"pending","_uf_show_specific_survey":0,"_uf_disable_surveys":false,"footnotes":""},"categories":[156],"tags":[],"class_list":["post-16053","post","type-post","status-publish","format-standard","has-post-thumbnail","hentry","category-venezuela"],"acf":[],"aioseo_notices":[],"yoast_head":"<!-- This site is optimized with the Yoast SEO Premium plugin v24.9 (Yoast SEO v27.2) - https:\/\/yoast.com\/product\/yoast-seo-premium-wordpress\/ -->\n<title>M\u00e1s de 59.000 personas se han movilizado en avi\u00f3n en semanas flexibles - Venezuela | Noti-America.com<\/title>\n<meta name=\"robots\" content=\"index, follow, max-snippet:-1, max-image-preview:large, max-video-preview:-1\" \/>\n<link rel=\"canonical\" href=\"https:\/\/noti-america.com\/site\/venezuela\/2021\/08\/28\/mas-de-59-000-personas-se-han-movilizado-en-avion-en-semanas-flexibles\/\" \/>\n<meta property=\"og:locale\" content=\"es_ES\" \/>\n<meta property=\"og:type\" content=\"article\" \/>\n<meta property=\"og:title\" content=\"M\u00e1s de 59.000 personas se han movilizado en avi\u00f3n en semanas flexibles\" \/>\n<meta property=\"og:description\" content=\"El\u00a0presidente\u00a0del Instituto Nacional de Aeron\u00e1utica Civil (INAC), Juan Manuel Teixeira, dijo el viernes que en las \u00faltimas semanas flexibles la movilizaci\u00f3n de pasajeros entre una entidad a otra mediante v\u00eda a\u00e9rea aument\u00f3 109%. Durante&#046;&#046;&#046;\" \/>\n<meta property=\"og:url\" content=\"https:\/\/noti-america.com\/site\/venezuela\/2021\/08\/28\/mas-de-59-000-personas-se-han-movilizado-en-avion-en-semanas-flexibles\/\" \/>\n<meta property=\"og:site_name\" content=\"Venezuela | Noti-America.com\" \/>\n<meta property=\"article:published_time\" content=\"2021-08-28T00:09:13+00:00\" \/>\n<meta property=\"og:image\" content=\"https:\/\/noti-america.com\/site\/venezuela\/wp-content\/uploads\/sites\/2\/2021\/08\/maiquetiaaa-1.jpg\" \/>\n\t<meta property=\"og:image:width\" content=\"1024\" \/>\n\t<meta property=\"og:image:height\" content=\"576\" \/>\n\t<meta property=\"og:image:type\" content=\"image\/jpeg\" \/>\n<meta name=\"author\" content=\"Rosmer Herrera\" \/>\n<meta name=\"twitter:card\" content=\"summary_large_image\" \/>\n<meta name=\"twitter:label1\" content=\"Escrito por\" \/>\n\t<meta name=\"twitter:data1\" content=\"Rosmer Herrera\" \/>\n\t<meta name=\"twitter:label2\" content=\"Tiempo estimado de lectura\" \/>\n\t<meta name=\"twitter:data2\" content=\"1 minuto\" \/>\n<script type=\"application\/ld+json\" class=\"yoast-schema-graph\">{\"@context\":\"https:\/\/schema.org\",\"@graph\":[{\"@type\":\"Article\",\"@id\":\"https:\/\/noti-america.com\/site\/venezuela\/2021\/08\/28\/mas-de-59-000-personas-se-han-movilizado-en-avion-en-semanas-flexibles\/#article\",\"isPartOf\":{\"@id\":\"https:\/\/noti-america.com\/site\/venezuela\/2021\/08\/28\/mas-de-59-000-personas-se-han-movilizado-en-avion-en-semanas-flexibles\/\"},\"author\":{\"name\":\"Rosmer Herrera\",\"@id\":\"https:\/\/noti-america.com\/site\/venezuela\/#\/schema\/person\/fd58dbfb92a257e9dc5761bf69a855ff\"},\"headline\":\"M\u00e1s de 59.000 personas se han movilizado en avi\u00f3n en semanas flexibles\",\"datePublished\":\"2021-08-28T00:09:13+00:00\",\"mainEntityOfPage\":{\"@id\":\"https:\/\/noti-america.com\/site\/venezuela\/2021\/08\/28\/mas-de-59-000-personas-se-han-movilizado-en-avion-en-semanas-flexibles\/\"},\"wordCount\":237,\"commentCount\":0,\"publisher\":{\"@id\":\"https:\/\/noti-america.com\/site\/venezuela\/#organization\"},\"image\":{\"@id\":\"https:\/\/noti-america.com\/site\/venezuela\/2021\/08\/28\/mas-de-59-000-personas-se-han-movilizado-en-avion-en-semanas-flexibles\/#primaryimage\"},\"thumbnailUrl\":\"https:\/\/noti-america.com\/site\/venezuela\/wp-content\/uploads\/sites\/2\/2021\/08\/maiquetiaaa-1.jpg\",\"articleSection\":[\"Venezuela\"],\"inLanguage\":\"es\",\"potentialAction\":[{\"@type\":\"CommentAction\",\"name\":\"Comment\",\"target\":[\"https:\/\/noti-america.com\/site\/venezuela\/2021\/08\/28\/mas-de-59-000-personas-se-han-movilizado-en-avion-en-semanas-flexibles\/#respond\"]}]},{\"@type\":\"WebPage\",\"@id\":\"https:\/\/noti-america.com\/site\/venezuela\/2021\/08\/28\/mas-de-59-000-personas-se-han-movilizado-en-avion-en-semanas-flexibles\/\",\"url\":\"https:\/\/noti-america.com\/site\/venezuela\/2021\/08\/28\/mas-de-59-000-personas-se-han-movilizado-en-avion-en-semanas-flexibles\/\",\"name\":\"M\u00e1s de 59.000 personas se han movilizado en avi\u00f3n en semanas flexibles - Venezuela | Noti-America.com\",\"isPartOf\":{\"@id\":\"https:\/\/noti-america.com\/site\/venezuela\/#website\"},\"primaryImageOfPage\":{\"@id\":\"https:\/\/noti-america.com\/site\/venezuela\/2021\/08\/28\/mas-de-59-000-personas-se-han-movilizado-en-avion-en-semanas-flexibles\/#primaryimage\"},\"image\":{\"@id\":\"https:\/\/noti-america.com\/site\/venezuela\/2021\/08\/28\/mas-de-59-000-personas-se-han-movilizado-en-avion-en-semanas-flexibles\/#primaryimage\"},\"thumbnailUrl\":\"https:\/\/noti-america.com\/site\/venezuela\/wp-content\/uploads\/sites\/2\/2021\/08\/maiquetiaaa-1.jpg\",\"datePublished\":\"2021-08-28T00:09:13+00:00\",\"breadcrumb\":{\"@id\":\"https:\/\/noti-america.com\/site\/venezuela\/2021\/08\/28\/mas-de-59-000-personas-se-han-movilizado-en-avion-en-semanas-flexibles\/#breadcrumb\"},\"inLanguage\":\"es\",\"potentialAction\":[{\"@type\":\"ReadAction\",\"target\":[\"https:\/\/noti-america.com\/site\/venezuela\/2021\/08\/28\/mas-de-59-000-personas-se-han-movilizado-en-avion-en-semanas-flexibles\/\"]}]},{\"@type\":\"ImageObject\",\"inLanguage\":\"es\",\"@id\":\"https:\/\/noti-america.com\/site\/venezuela\/2021\/08\/28\/mas-de-59-000-personas-se-han-movilizado-en-avion-en-semanas-flexibles\/#primaryimage\",\"url\":\"https:\/\/noti-america.com\/site\/venezuela\/wp-content\/uploads\/sites\/2\/2021\/08\/maiquetiaaa-1.jpg\",\"contentUrl\":\"https:\/\/noti-america.com\/site\/venezuela\/wp-content\/uploads\/sites\/2\/2021\/08\/maiquetiaaa-1.jpg\",\"width\":1024,\"height\":576},{\"@type\":\"BreadcrumbList\",\"@id\":\"https:\/\/noti-america.com\/site\/venezuela\/2021\/08\/28\/mas-de-59-000-personas-se-han-movilizado-en-avion-en-semanas-flexibles\/#breadcrumb\",\"itemListElement\":[{\"@type\":\"ListItem\",\"position\":1,\"name\":\"Portada\",\"item\":\"https:\/\/noti-america.com\/site\/venezuela\/\"},{\"@type\":\"ListItem\",\"position\":2,\"name\":\"M\u00e1s de 59.000 personas se han movilizado en avi\u00f3n en semanas flexibles\"}]},{\"@type\":\"WebSite\",\"@id\":\"https:\/\/noti-america.com\/site\/venezuela\/#website\",\"url\":\"https:\/\/noti-america.com\/site\/venezuela\/\",\"name\":\"Venezuela | Noti-America.com\",\"description\":\"\",\"publisher\":{\"@id\":\"https:\/\/noti-america.com\/site\/venezuela\/#organization\"},\"potentialAction\":[{\"@type\":\"SearchAction\",\"target\":{\"@type\":\"EntryPoint\",\"urlTemplate\":\"https:\/\/noti-america.com\/site\/venezuela\/?s={search_term_string}\"},\"query-input\":{\"@type\":\"PropertyValueSpecification\",\"valueRequired\":true,\"valueName\":\"search_term_string\"}}],\"inLanguage\":\"es\"},{\"@type\":\"Organization\",\"@id\":\"https:\/\/noti-america.com\/site\/venezuela\/#organization\",\"name\":\"Noti-America LLC | Venezuela\",\"url\":\"https:\/\/noti-america.com\/site\/venezuela\/\",\"logo\":{\"@type\":\"ImageObject\",\"inLanguage\":\"es\",\"@id\":\"https:\/\/noti-america.com\/site\/venezuela\/#\/schema\/logo\/image\/\",\"url\":\"https:\/\/noti-america.com\/site\/venezuela\/wp-content\/uploads\/sites\/2\/2020\/07\/LogoNA-4x3-1.jpg\",\"contentUrl\":\"https:\/\/noti-america.com\/site\/venezuela\/wp-content\/uploads\/sites\/2\/2020\/07\/LogoNA-4x3-1.jpg\",\"width\":1236,\"height\":1080,\"caption\":\"Noti-America LLC | Venezuela\"},\"image\":{\"@id\":\"https:\/\/noti-america.com\/site\/venezuela\/#\/schema\/logo\/image\/\"}},{\"@type\":\"Person\",\"@id\":\"https:\/\/noti-america.com\/site\/venezuela\/#\/schema\/person\/fd58dbfb92a257e9dc5761bf69a855ff\",\"name\":\"Rosmer Herrera\",\"image\":{\"@type\":\"ImageObject\",\"inLanguage\":\"es\",\"@id\":\"https:\/\/secure.gravatar.com\/avatar\/153e75c261394dbf20ff1a1e70ea2be9494f2b40b7fc4e7704084db13220ae08?s=96&d=mm&r=g\",\"url\":\"https:\/\/secure.gravatar.com\/avatar\/153e75c261394dbf20ff1a1e70ea2be9494f2b40b7fc4e7704084db13220ae08?s=96&d=mm&r=g\",\"contentUrl\":\"https:\/\/secure.gravatar.com\/avatar\/153e75c261394dbf20ff1a1e70ea2be9494f2b40b7fc4e7704084db13220ae08?s=96&d=mm&r=g\",\"caption\":\"Rosmer Herrera\"},\"url\":\"https:\/\/noti-america.com\/site\/venezuela\/author\/rosmer33\/\"}]}<\/script>\n<!-- \/ Yoast SEO Premium plugin. -->","yoast_head_json":{"title":"M\u00e1s de 59.000 personas se han movilizado en avi\u00f3n en semanas flexibles - Venezuela | Noti-America.com","robots":{"index":"index","follow":"follow","max-snippet":"max-snippet:-1","max-image-preview":"max-image-preview:large","max-video-preview":"max-video-preview:-1"},"canonical":"https:\/\/noti-america.com\/site\/venezuela\/2021\/08\/28\/mas-de-59-000-personas-se-han-movilizado-en-avion-en-semanas-flexibles\/","og_locale":"es_ES","og_type":"article","og_title":"M\u00e1s de 59.000 personas se han movilizado en avi\u00f3n en semanas flexibles","og_description":"El\u00a0presidente\u00a0del Instituto Nacional de Aeron\u00e1utica Civil (INAC), Juan Manuel Teixeira, dijo el viernes que en las \u00faltimas semanas flexibles la movilizaci\u00f3n de pasajeros entre una entidad a otra mediante v\u00eda a\u00e9rea aument\u00f3 109%. Durante&#46;&#46;&#46;","og_url":"https:\/\/noti-america.com\/site\/venezuela\/2021\/08\/28\/mas-de-59-000-personas-se-han-movilizado-en-avion-en-semanas-flexibles\/","og_site_name":"Venezuela | Noti-America.com","article_published_time":"2021-08-28T00:09:13+00:00","og_image":[{"width":1024,"height":576,"url":"https:\/\/noti-america.com\/site\/venezuela\/wp-content\/uploads\/sites\/2\/2021\/08\/maiquetiaaa-1.jpg","type":"image\/jpeg"}],"author":"Rosmer Herrera","twitter_card":"summary_large_image","twitter_misc":{"Escrito por":"Rosmer Herrera","Tiempo estimado de lectura":"1 minuto"},"schema":{"@context":"https:\/\/schema.org","@graph":[{"@type":"Article","@id":"https:\/\/noti-america.com\/site\/venezuela\/2021\/08\/28\/mas-de-59-000-personas-se-han-movilizado-en-avion-en-semanas-flexibles\/#article","isPartOf":{"@id":"https:\/\/noti-america.com\/site\/venezuela\/2021\/08\/28\/mas-de-59-000-personas-se-han-movilizado-en-avion-en-semanas-flexibles\/"},"author":{"name":"Rosmer Herrera","@id":"https:\/\/noti-america.com\/site\/venezuela\/#\/schema\/person\/fd58dbfb92a257e9dc5761bf69a855ff"},"headline":"M\u00e1s de 59.000 personas se han movilizado en avi\u00f3n en semanas flexibles","datePublished":"2021-08-28T00:09:13+00:00","mainEntityOfPage":{"@id":"https:\/\/noti-america.com\/site\/venezuela\/2021\/08\/28\/mas-de-59-000-personas-se-han-movilizado-en-avion-en-semanas-flexibles\/"},"wordCount":237,"commentCount":0,"publisher":{"@id":"https:\/\/noti-america.com\/site\/venezuela\/#organization"},"image":{"@id":"https:\/\/noti-america.com\/site\/venezuela\/2021\/08\/28\/mas-de-59-000-personas-se-han-movilizado-en-avion-en-semanas-flexibles\/#primaryimage"},"thumbnailUrl":"https:\/\/noti-america.com\/site\/venezuela\/wp-content\/uploads\/sites\/2\/2021\/08\/maiquetiaaa-1.jpg","articleSection":["Venezuela"],"inLanguage":"es","potentialAction":[{"@type":"CommentAction","name":"Comment","target":["https:\/\/noti-america.com\/site\/venezuela\/2021\/08\/28\/mas-de-59-000-personas-se-han-movilizado-en-avion-en-semanas-flexibles\/#respond"]}]},{"@type":"WebPage","@id":"https:\/\/noti-america.com\/site\/venezuela\/2021\/08\/28\/mas-de-59-000-personas-se-han-movilizado-en-avion-en-semanas-flexibles\/","url":"https:\/\/noti-america.com\/site\/venezuela\/2021\/08\/28\/mas-de-59-000-personas-se-han-movilizado-en-avion-en-semanas-flexibles\/","name":"M\u00e1s de 59.000 personas se han movilizado en avi\u00f3n en semanas flexibles - Venezuela | Noti-America.com","isPartOf":{"@id":"https:\/\/noti-america.com\/site\/venezuela\/#website"},"primaryImageOfPage":{"@id":"https:\/\/noti-america.com\/site\/venezuela\/2021\/08\/28\/mas-de-59-000-personas-se-han-movilizado-en-avion-en-semanas-flexibles\/#primaryimage"},"image":{"@id":"https:\/\/noti-america.com\/site\/venezuela\/2021\/08\/28\/mas-de-59-000-personas-se-han-movilizado-en-avion-en-semanas-flexibles\/#primaryimage"},"thumbnailUrl":"https:\/\/noti-america.com\/site\/venezuela\/wp-content\/uploads\/sites\/2\/2021\/08\/maiquetiaaa-1.jpg","datePublished":"2021-08-28T00:09:13+00:00","breadcrumb":{"@id":"https:\/\/noti-america.com\/site\/venezuela\/2021\/08\/28\/mas-de-59-000-personas-se-han-movilizado-en-avion-en-semanas-flexibles\/#breadcrumb"},"inLanguage":"es","potentialAction":[{"@type":"ReadAction","target":["https:\/\/noti-america.com\/site\/venezuela\/2021\/08\/28\/mas-de-59-000-personas-se-han-movilizado-en-avion-en-semanas-flexibles\/"]}]},{"@type":"ImageObject","inLanguage":"es","@id":"https:\/\/noti-america.com\/site\/venezuela\/2021\/08\/28\/mas-de-59-000-personas-se-han-movilizado-en-avion-en-semanas-flexibles\/#primaryimage","url":"https:\/\/noti-america.com\/site\/venezuela\/wp-content\/uploads\/sites\/2\/2021\/08\/maiquetiaaa-1.jpg","contentUrl":"https:\/\/noti-america.com\/site\/venezuela\/wp-content\/uploads\/sites\/2\/2021\/08\/maiquetiaaa-1.jpg","width":1024,"height":576},{"@type":"BreadcrumbList","@id":"https:\/\/noti-america.com\/site\/venezuela\/2021\/08\/28\/mas-de-59-000-personas-se-han-movilizado-en-avion-en-semanas-flexibles\/#breadcrumb","itemListElement":[{"@type":"ListItem","position":1,"name":"Portada","item":"https:\/\/noti-america.com\/site\/venezuela\/"},{"@type":"ListItem","position":2,"name":"M\u00e1s de 59.000 personas se han movilizado en avi\u00f3n en semanas flexibles"}]},{"@type":"WebSite","@id":"https:\/\/noti-america.com\/site\/venezuela\/#website","url":"https:\/\/noti-america.com\/site\/venezuela\/","name":"Venezuela | Noti-America.com","description":"","publisher":{"@id":"https:\/\/noti-america.com\/site\/venezuela\/#organization"},"potentialAction":[{"@type":"SearchAction","target":{"@type":"EntryPoint","urlTemplate":"https:\/\/noti-america.com\/site\/venezuela\/?s={search_term_string}"},"query-input":{"@type":"PropertyValueSpecification","valueRequired":true,"valueName":"search_term_string"}}],"inLanguage":"es"},{"@type":"Organization","@id":"https:\/\/noti-america.com\/site\/venezuela\/#organization","name":"Noti-America LLC | Venezuela","url":"https:\/\/noti-america.com\/site\/venezuela\/","logo":{"@type":"ImageObject","inLanguage":"es","@id":"https:\/\/noti-america.com\/site\/venezuela\/#\/schema\/logo\/image\/","url":"https:\/\/noti-america.com\/site\/venezuela\/wp-content\/uploads\/sites\/2\/2020\/07\/LogoNA-4x3-1.jpg","contentUrl":"https:\/\/noti-america.com\/site\/venezuela\/wp-content\/uploads\/sites\/2\/2020\/07\/LogoNA-4x3-1.jpg","width":1236,"height":1080,"caption":"Noti-America LLC | Venezuela"},"image":{"@id":"https:\/\/noti-america.com\/site\/venezuela\/#\/schema\/logo\/image\/"}},{"@type":"Person","@id":"https:\/\/noti-america.com\/site\/venezuela\/#\/schema\/person\/fd58dbfb92a257e9dc5761bf69a855ff","name":"Rosmer Herrera","image":{"@type":"ImageObject","inLanguage":"es","@id":"https:\/\/secure.gravatar.com\/avatar\/153e75c261394dbf20ff1a1e70ea2be9494f2b40b7fc4e7704084db13220ae08?s=96&d=mm&r=g","url":"https:\/\/secure.gravatar.com\/avatar\/153e75c261394dbf20ff1a1e70ea2be9494f2b40b7fc4e7704084db13220ae08?s=96&d=mm&r=g","contentUrl":"https:\/\/secure.gravatar.com\/avatar\/153e75c261394dbf20ff1a1e70ea2be9494f2b40b7fc4e7704084db13220ae08?s=96&d=mm&r=g","caption":"Rosmer Herrera"},"url":"https:\/\/noti-america.com\/site\/venezuela\/author\/rosmer33\/"}]}},"_links":{"self":[{"href":"https:\/\/noti-america.com\/site\/venezuela\/wp-json\/wp\/v2\/posts\/16053","targetHints":{"allow":["GET"]}}],"collection":[{"href":"https:\/\/noti-america.com\/site\/venezuela\/wp-json\/wp\/v2\/posts"}],"about":[{"href":"https:\/\/noti-america.com\/site\/venezuela\/wp-json\/wp\/v2\/types\/post"}],"author":[{"embeddable":true,"href":"https:\/\/noti-america.com\/site\/venezuela\/wp-json\/wp\/v2\/users\/1"}],"replies":[{"embeddable":true,"href":"https:\/\/noti-america.com\/site\/venezuela\/wp-json\/wp\/v2\/comments?post=16053"}],"version-history":[{"count":2,"href":"https:\/\/noti-america.com\/site\/venezuela\/wp-json\/wp\/v2\/posts\/16053\/revisions"}],"predecessor-version":[{"id":16057,"href":"https:\/\/noti-america.com\/site\/venezuela\/wp-json\/wp\/v2\/posts\/16053\/revisions\/16057"}],"wp:featuredmedia":[{"embeddable":true,"href":"https:\/\/noti-america.com\/site\/venezuela\/wp-json\/wp\/v2\/media\/16054"}],"wp:attachment":[{"href":"https:\/\/noti-america.com\/site\/venezuela\/wp-json\/wp\/v2\/media?parent=16053"}],"wp:term":[{"taxonomy":"category","embeddable":true,"href":"https:\/\/noti-america.com\/site\/venezuela\/wp-json\/wp\/v2\/categories?post=16053"},{"taxonomy":"post_tag","embeddable":true,"href":"https:\/\/noti-america.com\/site\/venezuela\/wp-json\/wp\/v2\/tags?post=16053"}],"curies":[{"name":"wp","href":"https:\/\/api.w.org\/{rel}","templated":true}]}}