{"id":15999,"date":"2021-08-22T11:36:22","date_gmt":"2021-08-22T11:36:22","guid":{"rendered":"https:\/\/noti-america.com\/site\/venezuela\/?p=15999"},"modified":"2021-08-22T11:36:22","modified_gmt":"2021-08-22T11:36:22","slug":"5-razones-saludables-para-tomar-cafe-en-ayunas","status":"publish","type":"post","link":"https:\/\/noti-america.com\/site\/venezuela\/2021\/08\/22\/5-razones-saludables-para-tomar-cafe-en-ayunas\/","title":{"rendered":"5 razones saludables para tomar caf\u00e9 en ayunas"},"content":{"rendered":"<p class=\"amp-wp-subtitle\"><em><strong>El caf\u00e9 es una de las bebidas que m\u00e1s beneficios te va a dar si la incorporas todos los d\u00edas a tu desayuno.<\/strong><\/em><\/p>\n<p><img loading=\"lazy\" decoding=\"async\" class=\"alignnone size-full wp-image-16000\" src=\"https:\/\/noti-america.com\/site\/venezuela\/wp-content\/uploads\/sites\/2\/2021\/08\/cafe-ayunas-1140x703-1.jpg\" alt=\"\" width=\"1140\" height=\"703\" srcset=\"https:\/\/noti-america.com\/site\/venezuela\/wp-content\/uploads\/sites\/2\/2021\/08\/cafe-ayunas-1140x703-1.jpg 1140w, https:\/\/noti-america.com\/site\/venezuela\/wp-content\/uploads\/sites\/2\/2021\/08\/cafe-ayunas-1140x703-1-300x185.jpg 300w, https:\/\/noti-america.com\/site\/venezuela\/wp-content\/uploads\/sites\/2\/2021\/08\/cafe-ayunas-1140x703-1-1024x631.jpg 1024w, https:\/\/noti-america.com\/site\/venezuela\/wp-content\/uploads\/sites\/2\/2021\/08\/cafe-ayunas-1140x703-1-768x474.jpg 768w\" sizes=\"auto, (max-width: 1140px) 100vw, 1140px\" \/><\/p>\n<p>El<strong>\u00a0caf\u00e9<\/strong>\u00a0es una de las bebidas m\u00e1s consumidas en todo el mundo. Sus propiedades se cuentan por miles, y es que nuestra\u00a0<strong>salud<\/strong> y bienestar se va a ver mejorada si ingerimos este <strong>alimento<\/strong>\u00a0todos los d\u00edas. Sobre todo, si decidimos incorporar este producto a nuestro desayuno y consumirlo en\u00a0<strong>ayunas<\/strong>.<\/p>\n<p>Muchas personas no son conscientes de que el caf\u00e9 puede aportar a nuestro organismo una cantidad enorme de nutrientes esenciales si lo tomamos antes o durante el desayuno.<\/p>\n<p>Cuenta con muchas propiedades que ayudan a prevenir enfermedades y mejora muchos aspectos de nuestra salud.<\/p>\n<p>Por ello, es importante que conozcamos todos estos\u00a0<strong>beneficios<\/strong>\u00a0si nos consideramos usuarios frecuentes de esta bebida.<\/p>\n<p>Consumir este alimento en\u00a0<strong>ayunas<\/strong>\u00a0va a hacer que nuestro cuerpo absorba mejor todos estos nutrientes y tengamos un estado de salud mucho mejor.<\/p>\n<p>Eso s\u00ed, cuidado con pasarte de la cantidad recomendada por los expertos. Un exceso de consumo de caf\u00e9 todos los d\u00edas puede hacer que sufras problemas en algunas zonas de tu cuerpo debido al exceso de cafe\u00edna.<\/p>\n<h2>5 razones para tomar caf\u00e9 en ayunas<\/h2>\n<p>Es importante tener en cuenta que el caf\u00e9 es una fuente natural de\u00a0cafe\u00edna\u00a0que hay que saber tomar.<\/p>\n<p>No todo el mundo puede tomar la misma cantidad de\u00a0<strong>caf\u00e9<\/strong>\u00a0al d\u00eda ya que esto puede ser perjudicial para su salud. Y es que, como cualquier otra bebida con propiedades estimulantes, un exceso de consumo puede tener efectos nocivos para nuestra organismo.<\/p>\n<p><img loading=\"lazy\" decoding=\"async\" class=\"alignnone size-full wp-image-16001\" src=\"https:\/\/noti-america.com\/site\/venezuela\/wp-content\/uploads\/sites\/2\/2021\/08\/Cafe-cafeina-trigliceridos-1140x703-1.jpg\" alt=\"\" width=\"1140\" height=\"703\" srcset=\"https:\/\/noti-america.com\/site\/venezuela\/wp-content\/uploads\/sites\/2\/2021\/08\/Cafe-cafeina-trigliceridos-1140x703-1.jpg 1140w, https:\/\/noti-america.com\/site\/venezuela\/wp-content\/uploads\/sites\/2\/2021\/08\/Cafe-cafeina-trigliceridos-1140x703-1-300x185.jpg 300w, https:\/\/noti-america.com\/site\/venezuela\/wp-content\/uploads\/sites\/2\/2021\/08\/Cafe-cafeina-trigliceridos-1140x703-1-1024x631.jpg 1024w, https:\/\/noti-america.com\/site\/venezuela\/wp-content\/uploads\/sites\/2\/2021\/08\/Cafe-cafeina-trigliceridos-1140x703-1-768x474.jpg 768w\" sizes=\"auto, (max-width: 1140px) 100vw, 1140px\" \/><\/p>\n<p>Pero a pesar de ello, una taza al d\u00eda de caf\u00e9 en ayunas puede aportarnos muchas ventajas para la salud en el futuro.<\/p>\n<h3>Es una herramienta social<\/h3>\n<p>Desde hace siglos, el caf\u00e9 ha sido visto como un objeto social con el que se inician conversaciones y relaciones. Muchas personas quedan para tomar un\u00a0<strong>caf\u00e9<\/strong>, y esto se convierte en una rutina diaria muy beneficiosa. Tanto para mejorar tu salud f\u00edsica como mental.<\/p>\n<p>Esto es debido, seg\u00fan los expertos, a que esta bebida tiene un efecto de calidez que anima a la interacci\u00f3n social.<\/p>\n<h3>Es estimulante y te mantiene despierto<\/h3>\n<p>Si tomas caf\u00e9 en ayunas, este va a hacer que te mantengas despierto y alerta durante un buen rato despu\u00e9s de despertarte.<\/p>\n<p>La<strong>\u00a0cafe\u00edna<\/strong>\u00a0ayuda a mejorar la funci\u00f3n cerebral, de hecho este es el motivo por el que el caf\u00e9 es una de las bebidas vespertinas m\u00e1s consumidas en todo el mundo.<\/p>\n<p>Eso s\u00ed, lo mejor es consumirlo dos horas despu\u00e9s de habernos despertado. Ya que la hormona encargada de activar tu sistema nervioso ya no hace efecto y es cuando el caf\u00e9 va a hacer realmente su funci\u00f3n.<\/p>\n<h3>Quema grasa<\/h3>\n<p>Beber una taza de caf\u00e9 30 minutos antes de haber empezado cualquier rutina de ejercicio, va a hacer que tu cuerpo queme m\u00e1s cantidad de grasa que si no lo hicieras.<\/p>\n<p>Eso s\u00ed, recuerda no a\u00f1adir ning\u00fan tipo de edulcorante natural que haga el efecto contrario en tu cuerpo.<\/p>\n<h3>Ayuda a prevenir enfermedades<\/h3>\n<p>El caf\u00e9 tiene<strong>\u00a0propiedades antioxidantes<\/strong>\u00a0que ayudan a mantener la\u00a0<a href=\"https:\/\/www.tododisca.com\/cafe-bebida-ideal-mejorar-transito-intestinal\/\" target=\"_top\" rel=\"noopener\">salud<\/a>\u00a0de tu cuerpo. Muchos estudios defienden que puede ayudar a prevenir enfermedades como el colesterol, la diabetes, el c\u00e1ncer o algunos tipos de enfermedades cardiovasculares.<\/p>\n<h3>Mantiene tu salud mental<\/h3>\n<p>Mantener una buena salud mental es una de las cosas m\u00e1s importantes que debemos trabajar en nuestro d\u00eda a d\u00eda. El caf\u00e9 es un alimento que te va a ayudar a prevenir enfermedades relacionadas con tu estado mental.<\/p>\n<p>Y es que este producto ayuda a equilibrar el funcionamiento del sistema nervioso.<\/p>\n","protected":false},"excerpt":{"rendered":"<p>El caf\u00e9 es una de las bebidas que m\u00e1s beneficios te va a dar si la incorporas todos los d\u00edas a tu desayuno. El\u00a0caf\u00e9\u00a0es una de las bebidas m\u00e1s consumidas en todo el mundo.&#46;&#46;&#46;<\/p>\n","protected":false},"author":1,"featured_media":16002,"comment_status":"open","ping_status":"open","sticky":false,"template":"","format":"standard","meta":{"_acf_changed":false,"om_disable_all_campaigns":false,"rop_custom_images_group":[],"rop_custom_messages_group":[],"rop_publish_now":"initial","rop_publish_now_accounts":{"twitter_242054905_242054905":""},"rop_publish_now_history":[],"rop_publish_now_status":"pending","_uf_show_specific_survey":0,"_uf_disable_surveys":false,"footnotes":""},"categories":[1],"tags":[],"class_list":["post-15999","post","type-post","status-publish","format-standard","has-post-thumbnail","hentry","category-uncategorized"],"acf":[],"aioseo_notices":[],"yoast_head":"<!-- This site is optimized with the Yoast SEO Premium plugin v24.9 (Yoast SEO v27.2) - https:\/\/yoast.com\/product\/yoast-seo-premium-wordpress\/ -->\n<title>5 razones saludables para tomar caf\u00e9 en ayunas - Venezuela | Noti-America.com<\/title>\n<meta name=\"robots\" content=\"index, follow, max-snippet:-1, max-image-preview:large, max-video-preview:-1\" \/>\n<link rel=\"canonical\" href=\"https:\/\/noti-america.com\/site\/venezuela\/2021\/08\/22\/5-razones-saludables-para-tomar-cafe-en-ayunas\/\" \/>\n<meta property=\"og:locale\" content=\"es_ES\" \/>\n<meta property=\"og:type\" content=\"article\" \/>\n<meta property=\"og:title\" content=\"5 razones saludables para tomar caf\u00e9 en ayunas\" \/>\n<meta property=\"og:description\" content=\"El caf\u00e9 es una de las bebidas que m\u00e1s beneficios te va a dar si la incorporas todos los d\u00edas a tu desayuno. El\u00a0caf\u00e9\u00a0es una de las bebidas m\u00e1s consumidas en todo el mundo.&#046;&#046;&#046;\" \/>\n<meta property=\"og:url\" content=\"https:\/\/noti-america.com\/site\/venezuela\/2021\/08\/22\/5-razones-saludables-para-tomar-cafe-en-ayunas\/\" \/>\n<meta property=\"og:site_name\" content=\"Venezuela | Noti-America.com\" \/>\n<meta property=\"article:published_time\" content=\"2021-08-22T11:36:22+00:00\" \/>\n<meta property=\"og:image\" content=\"https:\/\/noti-america.com\/site\/venezuela\/wp-content\/uploads\/sites\/2\/2021\/08\/Cafe-cafeina-trigliceridos-1140x703-2.jpg\" \/>\n\t<meta property=\"og:image:width\" content=\"1140\" \/>\n\t<meta property=\"og:image:height\" content=\"703\" \/>\n\t<meta property=\"og:image:type\" content=\"image\/jpeg\" \/>\n<meta name=\"author\" content=\"Rosmer Herrera\" \/>\n<meta name=\"twitter:card\" content=\"summary_large_image\" \/>\n<meta name=\"twitter:label1\" content=\"Escrito por\" \/>\n\t<meta name=\"twitter:data1\" content=\"Rosmer Herrera\" \/>\n\t<meta name=\"twitter:label2\" content=\"Tiempo estimado de lectura\" \/>\n\t<meta name=\"twitter:data2\" content=\"3 minutos\" \/>\n<script type=\"application\/ld+json\" class=\"yoast-schema-graph\">{\"@context\":\"https:\/\/schema.org\",\"@graph\":[{\"@type\":\"Article\",\"@id\":\"https:\/\/noti-america.com\/site\/venezuela\/2021\/08\/22\/5-razones-saludables-para-tomar-cafe-en-ayunas\/#article\",\"isPartOf\":{\"@id\":\"https:\/\/noti-america.com\/site\/venezuela\/2021\/08\/22\/5-razones-saludables-para-tomar-cafe-en-ayunas\/\"},\"author\":{\"name\":\"Rosmer Herrera\",\"@id\":\"https:\/\/noti-america.com\/site\/venezuela\/#\/schema\/person\/fd58dbfb92a257e9dc5761bf69a855ff\"},\"headline\":\"5 razones saludables para tomar caf\u00e9 en ayunas\",\"datePublished\":\"2021-08-22T11:36:22+00:00\",\"mainEntityOfPage\":{\"@id\":\"https:\/\/noti-america.com\/site\/venezuela\/2021\/08\/22\/5-razones-saludables-para-tomar-cafe-en-ayunas\/\"},\"wordCount\":631,\"commentCount\":0,\"publisher\":{\"@id\":\"https:\/\/noti-america.com\/site\/venezuela\/#organization\"},\"image\":{\"@id\":\"https:\/\/noti-america.com\/site\/venezuela\/2021\/08\/22\/5-razones-saludables-para-tomar-cafe-en-ayunas\/#primaryimage\"},\"thumbnailUrl\":\"https:\/\/noti-america.com\/site\/venezuela\/wp-content\/uploads\/sites\/2\/2021\/08\/Cafe-cafeina-trigliceridos-1140x703-2.jpg\",\"articleSection\":[\"Uncategorized\"],\"inLanguage\":\"es\",\"potentialAction\":[{\"@type\":\"CommentAction\",\"name\":\"Comment\",\"target\":[\"https:\/\/noti-america.com\/site\/venezuela\/2021\/08\/22\/5-razones-saludables-para-tomar-cafe-en-ayunas\/#respond\"]}]},{\"@type\":\"WebPage\",\"@id\":\"https:\/\/noti-america.com\/site\/venezuela\/2021\/08\/22\/5-razones-saludables-para-tomar-cafe-en-ayunas\/\",\"url\":\"https:\/\/noti-america.com\/site\/venezuela\/2021\/08\/22\/5-razones-saludables-para-tomar-cafe-en-ayunas\/\",\"name\":\"5 razones saludables para tomar caf\u00e9 en ayunas - Venezuela | Noti-America.com\",\"isPartOf\":{\"@id\":\"https:\/\/noti-america.com\/site\/venezuela\/#website\"},\"primaryImageOfPage\":{\"@id\":\"https:\/\/noti-america.com\/site\/venezuela\/2021\/08\/22\/5-razones-saludables-para-tomar-cafe-en-ayunas\/#primaryimage\"},\"image\":{\"@id\":\"https:\/\/noti-america.com\/site\/venezuela\/2021\/08\/22\/5-razones-saludables-para-tomar-cafe-en-ayunas\/#primaryimage\"},\"thumbnailUrl\":\"https:\/\/noti-america.com\/site\/venezuela\/wp-content\/uploads\/sites\/2\/2021\/08\/Cafe-cafeina-trigliceridos-1140x703-2.jpg\",\"datePublished\":\"2021-08-22T11:36:22+00:00\",\"breadcrumb\":{\"@id\":\"https:\/\/noti-america.com\/site\/venezuela\/2021\/08\/22\/5-razones-saludables-para-tomar-cafe-en-ayunas\/#breadcrumb\"},\"inLanguage\":\"es\",\"potentialAction\":[{\"@type\":\"ReadAction\",\"target\":[\"https:\/\/noti-america.com\/site\/venezuela\/2021\/08\/22\/5-razones-saludables-para-tomar-cafe-en-ayunas\/\"]}]},{\"@type\":\"ImageObject\",\"inLanguage\":\"es\",\"@id\":\"https:\/\/noti-america.com\/site\/venezuela\/2021\/08\/22\/5-razones-saludables-para-tomar-cafe-en-ayunas\/#primaryimage\",\"url\":\"https:\/\/noti-america.com\/site\/venezuela\/wp-content\/uploads\/sites\/2\/2021\/08\/Cafe-cafeina-trigliceridos-1140x703-2.jpg\",\"contentUrl\":\"https:\/\/noti-america.com\/site\/venezuela\/wp-content\/uploads\/sites\/2\/2021\/08\/Cafe-cafeina-trigliceridos-1140x703-2.jpg\",\"width\":1140,\"height\":703},{\"@type\":\"BreadcrumbList\",\"@id\":\"https:\/\/noti-america.com\/site\/venezuela\/2021\/08\/22\/5-razones-saludables-para-tomar-cafe-en-ayunas\/#breadcrumb\",\"itemListElement\":[{\"@type\":\"ListItem\",\"position\":1,\"name\":\"Portada\",\"item\":\"https:\/\/noti-america.com\/site\/venezuela\/\"},{\"@type\":\"ListItem\",\"position\":2,\"name\":\"5 razones saludables para tomar caf\u00e9 en ayunas\"}]},{\"@type\":\"WebSite\",\"@id\":\"https:\/\/noti-america.com\/site\/venezuela\/#website\",\"url\":\"https:\/\/noti-america.com\/site\/venezuela\/\",\"name\":\"Venezuela | Noti-America.com\",\"description\":\"\",\"publisher\":{\"@id\":\"https:\/\/noti-america.com\/site\/venezuela\/#organization\"},\"potentialAction\":[{\"@type\":\"SearchAction\",\"target\":{\"@type\":\"EntryPoint\",\"urlTemplate\":\"https:\/\/noti-america.com\/site\/venezuela\/?s={search_term_string}\"},\"query-input\":{\"@type\":\"PropertyValueSpecification\",\"valueRequired\":true,\"valueName\":\"search_term_string\"}}],\"inLanguage\":\"es\"},{\"@type\":\"Organization\",\"@id\":\"https:\/\/noti-america.com\/site\/venezuela\/#organization\",\"name\":\"Noti-America LLC | Venezuela\",\"url\":\"https:\/\/noti-america.com\/site\/venezuela\/\",\"logo\":{\"@type\":\"ImageObject\",\"inLanguage\":\"es\",\"@id\":\"https:\/\/noti-america.com\/site\/venezuela\/#\/schema\/logo\/image\/\",\"url\":\"https:\/\/noti-america.com\/site\/venezuela\/wp-content\/uploads\/sites\/2\/2020\/07\/LogoNA-4x3-1.jpg\",\"contentUrl\":\"https:\/\/noti-america.com\/site\/venezuela\/wp-content\/uploads\/sites\/2\/2020\/07\/LogoNA-4x3-1.jpg\",\"width\":1236,\"height\":1080,\"caption\":\"Noti-America LLC | Venezuela\"},\"image\":{\"@id\":\"https:\/\/noti-america.com\/site\/venezuela\/#\/schema\/logo\/image\/\"}},{\"@type\":\"Person\",\"@id\":\"https:\/\/noti-america.com\/site\/venezuela\/#\/schema\/person\/fd58dbfb92a257e9dc5761bf69a855ff\",\"name\":\"Rosmer Herrera\",\"image\":{\"@type\":\"ImageObject\",\"inLanguage\":\"es\",\"@id\":\"https:\/\/secure.gravatar.com\/avatar\/153e75c261394dbf20ff1a1e70ea2be9494f2b40b7fc4e7704084db13220ae08?s=96&d=mm&r=g\",\"url\":\"https:\/\/secure.gravatar.com\/avatar\/153e75c261394dbf20ff1a1e70ea2be9494f2b40b7fc4e7704084db13220ae08?s=96&d=mm&r=g\",\"contentUrl\":\"https:\/\/secure.gravatar.com\/avatar\/153e75c261394dbf20ff1a1e70ea2be9494f2b40b7fc4e7704084db13220ae08?s=96&d=mm&r=g\",\"caption\":\"Rosmer Herrera\"},\"url\":\"https:\/\/noti-america.com\/site\/venezuela\/author\/rosmer33\/\"}]}<\/script>\n<!-- \/ Yoast SEO Premium plugin. -->","yoast_head_json":{"title":"5 razones saludables para tomar caf\u00e9 en ayunas - Venezuela | Noti-America.com","robots":{"index":"index","follow":"follow","max-snippet":"max-snippet:-1","max-image-preview":"max-image-preview:large","max-video-preview":"max-video-preview:-1"},"canonical":"https:\/\/noti-america.com\/site\/venezuela\/2021\/08\/22\/5-razones-saludables-para-tomar-cafe-en-ayunas\/","og_locale":"es_ES","og_type":"article","og_title":"5 razones saludables para tomar caf\u00e9 en ayunas","og_description":"El caf\u00e9 es una de las bebidas que m\u00e1s beneficios te va a dar si la incorporas todos los d\u00edas a tu desayuno. El\u00a0caf\u00e9\u00a0es una de las bebidas m\u00e1s consumidas en todo el mundo.&#46;&#46;&#46;","og_url":"https:\/\/noti-america.com\/site\/venezuela\/2021\/08\/22\/5-razones-saludables-para-tomar-cafe-en-ayunas\/","og_site_name":"Venezuela | Noti-America.com","article_published_time":"2021-08-22T11:36:22+00:00","og_image":[{"width":1140,"height":703,"url":"https:\/\/noti-america.com\/site\/venezuela\/wp-content\/uploads\/sites\/2\/2021\/08\/Cafe-cafeina-trigliceridos-1140x703-2.jpg","type":"image\/jpeg"}],"author":"Rosmer Herrera","twitter_card":"summary_large_image","twitter_misc":{"Escrito por":"Rosmer Herrera","Tiempo estimado de lectura":"3 minutos"},"schema":{"@context":"https:\/\/schema.org","@graph":[{"@type":"Article","@id":"https:\/\/noti-america.com\/site\/venezuela\/2021\/08\/22\/5-razones-saludables-para-tomar-cafe-en-ayunas\/#article","isPartOf":{"@id":"https:\/\/noti-america.com\/site\/venezuela\/2021\/08\/22\/5-razones-saludables-para-tomar-cafe-en-ayunas\/"},"author":{"name":"Rosmer Herrera","@id":"https:\/\/noti-america.com\/site\/venezuela\/#\/schema\/person\/fd58dbfb92a257e9dc5761bf69a855ff"},"headline":"5 razones saludables para tomar caf\u00e9 en ayunas","datePublished":"2021-08-22T11:36:22+00:00","mainEntityOfPage":{"@id":"https:\/\/noti-america.com\/site\/venezuela\/2021\/08\/22\/5-razones-saludables-para-tomar-cafe-en-ayunas\/"},"wordCount":631,"commentCount":0,"publisher":{"@id":"https:\/\/noti-america.com\/site\/venezuela\/#organization"},"image":{"@id":"https:\/\/noti-america.com\/site\/venezuela\/2021\/08\/22\/5-razones-saludables-para-tomar-cafe-en-ayunas\/#primaryimage"},"thumbnailUrl":"https:\/\/noti-america.com\/site\/venezuela\/wp-content\/uploads\/sites\/2\/2021\/08\/Cafe-cafeina-trigliceridos-1140x703-2.jpg","articleSection":["Uncategorized"],"inLanguage":"es","potentialAction":[{"@type":"CommentAction","name":"Comment","target":["https:\/\/noti-america.com\/site\/venezuela\/2021\/08\/22\/5-razones-saludables-para-tomar-cafe-en-ayunas\/#respond"]}]},{"@type":"WebPage","@id":"https:\/\/noti-america.com\/site\/venezuela\/2021\/08\/22\/5-razones-saludables-para-tomar-cafe-en-ayunas\/","url":"https:\/\/noti-america.com\/site\/venezuela\/2021\/08\/22\/5-razones-saludables-para-tomar-cafe-en-ayunas\/","name":"5 razones saludables para tomar caf\u00e9 en ayunas - Venezuela | Noti-America.com","isPartOf":{"@id":"https:\/\/noti-america.com\/site\/venezuela\/#website"},"primaryImageOfPage":{"@id":"https:\/\/noti-america.com\/site\/venezuela\/2021\/08\/22\/5-razones-saludables-para-tomar-cafe-en-ayunas\/#primaryimage"},"image":{"@id":"https:\/\/noti-america.com\/site\/venezuela\/2021\/08\/22\/5-razones-saludables-para-tomar-cafe-en-ayunas\/#primaryimage"},"thumbnailUrl":"https:\/\/noti-america.com\/site\/venezuela\/wp-content\/uploads\/sites\/2\/2021\/08\/Cafe-cafeina-trigliceridos-1140x703-2.jpg","datePublished":"2021-08-22T11:36:22+00:00","breadcrumb":{"@id":"https:\/\/noti-america.com\/site\/venezuela\/2021\/08\/22\/5-razones-saludables-para-tomar-cafe-en-ayunas\/#breadcrumb"},"inLanguage":"es","potentialAction":[{"@type":"ReadAction","target":["https:\/\/noti-america.com\/site\/venezuela\/2021\/08\/22\/5-razones-saludables-para-tomar-cafe-en-ayunas\/"]}]},{"@type":"ImageObject","inLanguage":"es","@id":"https:\/\/noti-america.com\/site\/venezuela\/2021\/08\/22\/5-razones-saludables-para-tomar-cafe-en-ayunas\/#primaryimage","url":"https:\/\/noti-america.com\/site\/venezuela\/wp-content\/uploads\/sites\/2\/2021\/08\/Cafe-cafeina-trigliceridos-1140x703-2.jpg","contentUrl":"https:\/\/noti-america.com\/site\/venezuela\/wp-content\/uploads\/sites\/2\/2021\/08\/Cafe-cafeina-trigliceridos-1140x703-2.jpg","width":1140,"height":703},{"@type":"BreadcrumbList","@id":"https:\/\/noti-america.com\/site\/venezuela\/2021\/08\/22\/5-razones-saludables-para-tomar-cafe-en-ayunas\/#breadcrumb","itemListElement":[{"@type":"ListItem","position":1,"name":"Portada","item":"https:\/\/noti-america.com\/site\/venezuela\/"},{"@type":"ListItem","position":2,"name":"5 razones saludables para tomar caf\u00e9 en ayunas"}]},{"@type":"WebSite","@id":"https:\/\/noti-america.com\/site\/venezuela\/#website","url":"https:\/\/noti-america.com\/site\/venezuela\/","name":"Venezuela | Noti-America.com","description":"","publisher":{"@id":"https:\/\/noti-america.com\/site\/venezuela\/#organization"},"potentialAction":[{"@type":"SearchAction","target":{"@type":"EntryPoint","urlTemplate":"https:\/\/noti-america.com\/site\/venezuela\/?s={search_term_string}"},"query-input":{"@type":"PropertyValueSpecification","valueRequired":true,"valueName":"search_term_string"}}],"inLanguage":"es"},{"@type":"Organization","@id":"https:\/\/noti-america.com\/site\/venezuela\/#organization","name":"Noti-America LLC | Venezuela","url":"https:\/\/noti-america.com\/site\/venezuela\/","logo":{"@type":"ImageObject","inLanguage":"es","@id":"https:\/\/noti-america.com\/site\/venezuela\/#\/schema\/logo\/image\/","url":"https:\/\/noti-america.com\/site\/venezuela\/wp-content\/uploads\/sites\/2\/2020\/07\/LogoNA-4x3-1.jpg","contentUrl":"https:\/\/noti-america.com\/site\/venezuela\/wp-content\/uploads\/sites\/2\/2020\/07\/LogoNA-4x3-1.jpg","width":1236,"height":1080,"caption":"Noti-America LLC | Venezuela"},"image":{"@id":"https:\/\/noti-america.com\/site\/venezuela\/#\/schema\/logo\/image\/"}},{"@type":"Person","@id":"https:\/\/noti-america.com\/site\/venezuela\/#\/schema\/person\/fd58dbfb92a257e9dc5761bf69a855ff","name":"Rosmer Herrera","image":{"@type":"ImageObject","inLanguage":"es","@id":"https:\/\/secure.gravatar.com\/avatar\/153e75c261394dbf20ff1a1e70ea2be9494f2b40b7fc4e7704084db13220ae08?s=96&d=mm&r=g","url":"https:\/\/secure.gravatar.com\/avatar\/153e75c261394dbf20ff1a1e70ea2be9494f2b40b7fc4e7704084db13220ae08?s=96&d=mm&r=g","contentUrl":"https:\/\/secure.gravatar.com\/avatar\/153e75c261394dbf20ff1a1e70ea2be9494f2b40b7fc4e7704084db13220ae08?s=96&d=mm&r=g","caption":"Rosmer Herrera"},"url":"https:\/\/noti-america.com\/site\/venezuela\/author\/rosmer33\/"}]}},"_links":{"self":[{"href":"https:\/\/noti-america.com\/site\/venezuela\/wp-json\/wp\/v2\/posts\/15999","targetHints":{"allow":["GET"]}}],"collection":[{"href":"https:\/\/noti-america.com\/site\/venezuela\/wp-json\/wp\/v2\/posts"}],"about":[{"href":"https:\/\/noti-america.com\/site\/venezuela\/wp-json\/wp\/v2\/types\/post"}],"author":[{"embeddable":true,"href":"https:\/\/noti-america.com\/site\/venezuela\/wp-json\/wp\/v2\/users\/1"}],"replies":[{"embeddable":true,"href":"https:\/\/noti-america.com\/site\/venezuela\/wp-json\/wp\/v2\/comments?post=15999"}],"version-history":[{"count":1,"href":"https:\/\/noti-america.com\/site\/venezuela\/wp-json\/wp\/v2\/posts\/15999\/revisions"}],"predecessor-version":[{"id":16003,"href":"https:\/\/noti-america.com\/site\/venezuela\/wp-json\/wp\/v2\/posts\/15999\/revisions\/16003"}],"wp:featuredmedia":[{"embeddable":true,"href":"https:\/\/noti-america.com\/site\/venezuela\/wp-json\/wp\/v2\/media\/16002"}],"wp:attachment":[{"href":"https:\/\/noti-america.com\/site\/venezuela\/wp-json\/wp\/v2\/media?parent=15999"}],"wp:term":[{"taxonomy":"category","embeddable":true,"href":"https:\/\/noti-america.com\/site\/venezuela\/wp-json\/wp\/v2\/categories?post=15999"},{"taxonomy":"post_tag","embeddable":true,"href":"https:\/\/noti-america.com\/site\/venezuela\/wp-json\/wp\/v2\/tags?post=15999"}],"curies":[{"name":"wp","href":"https:\/\/api.w.org\/{rel}","templated":true}]}}