{"id":15957,"date":"2021-08-16T13:56:38","date_gmt":"2021-08-16T13:56:38","guid":{"rendered":"https:\/\/noti-america.com\/site\/venezuela\/2021\/08\/16\/venezuela-abre-nueva-semana-de-flexibilizacion-del-16-al-22-de-agosto\/"},"modified":"2021-08-16T17:57:09","modified_gmt":"2021-08-16T17:57:09","slug":"venezuela-abre-nueva-semana-de-flexibilizacion-del-16-al-22-de-agosto","status":"publish","type":"post","link":"https:\/\/noti-america.com\/site\/venezuela\/2021\/08\/16\/venezuela-abre-nueva-semana-de-flexibilizacion-del-16-al-22-de-agosto\/","title":{"rendered":"Venezuela abre nueva semana de Flexibilizaci\u00f3n: Del 16 al 22 de agosto"},"content":{"rendered":"<p><img loading=\"lazy\" decoding=\"async\" class=\"aligncenter wp-image-15958 size-full\" src=\"https:\/\/noti-america.com\/site\/venezuela\/wp-content\/uploads\/sites\/2\/2021\/08\/mercado-de-catia-780x405-1.jpg\" alt=\"\" width=\"780\" height=\"405\" srcset=\"https:\/\/noti-america.com\/site\/venezuela\/wp-content\/uploads\/sites\/2\/2021\/08\/mercado-de-catia-780x405-1.jpg 780w, https:\/\/noti-america.com\/site\/venezuela\/wp-content\/uploads\/sites\/2\/2021\/08\/mercado-de-catia-780x405-1-300x156.jpg 300w, https:\/\/noti-america.com\/site\/venezuela\/wp-content\/uploads\/sites\/2\/2021\/08\/mercado-de-catia-780x405-1-768x399.jpg 768w\" sizes=\"auto, (max-width: 780px) 100vw, 780px\" \/><\/p>\n<p style=\"text-align: justify\">La Vicepresidenta Ejecutiva, <b>Delcy Rodr\u00edguez, <\/b>anunci\u00f3 en su cuenta social de twitter que Venezuela entre en una nueva semana de flexibilizaci\u00f3n.<\/p>\n<p>\u00abDesde este lunes 16 agosto hasta el pr\u00f3ximo domingo 22 agosto ser\u00e1 la semana de flexibilizaci\u00f3n econ\u00f3mica y segura en Venezuela. Como lo ha dicho el Pdte. @NicolasMaduro: durante estos d\u00edas debemos reforzar las medidas de bioseguridad. \u00a1No podemos descuidarnos! \u00a1Tod@s a cuidarnos!\u00bb finaliz\u00f3, Rodr\u00edguez.<!--\/data\/user\/0\/com.samsung.android.app.notes\/files\/clipdata\/clipdata_bodytext_210816_135137_918.sdocx--><\/p>\n","protected":false},"excerpt":{"rendered":"<p>La Vicepresidenta Ejecutiva, Delcy Rodr\u00edguez, anunci\u00f3 en su cuenta social de twitter que Venezuela entre en una nueva semana de flexibilizaci\u00f3n. \u00abDesde este lunes 16 agosto hasta el pr\u00f3ximo domingo 22 agosto ser\u00e1 la&#46;&#46;&#46;<\/p>\n","protected":false},"author":4,"featured_media":15958,"comment_status":"open","ping_status":"open","sticky":false,"template":"","format":"standard","meta":{"_acf_changed":false,"om_disable_all_campaigns":false,"rop_custom_images_group":[],"rop_custom_messages_group":[],"rop_publish_now":"initial","rop_publish_now_accounts":{"twitter_242054905_242054905":""},"rop_publish_now_history":[],"rop_publish_now_status":"pending","_uf_show_specific_survey":0,"_uf_disable_surveys":false,"footnotes":""},"categories":[162,203],"tags":[],"class_list":["post-15957","post","type-post","status-publish","format-standard","has-post-thumbnail","hentry","category-comercio","category-coronavirus-2"],"acf":[],"aioseo_notices":[],"yoast_head":"<!-- This site is optimized with the Yoast SEO Premium plugin v24.9 (Yoast SEO v27.2) - https:\/\/yoast.com\/product\/yoast-seo-premium-wordpress\/ -->\n<title>Venezuela abre nueva semana de Flexibilizaci\u00f3n: Del 16 al 22 de agosto - Venezuela | Noti-America.com<\/title>\n<meta name=\"robots\" content=\"index, follow, max-snippet:-1, max-image-preview:large, max-video-preview:-1\" \/>\n<link rel=\"canonical\" href=\"https:\/\/noti-america.com\/site\/venezuela\/2021\/08\/16\/venezuela-abre-nueva-semana-de-flexibilizacion-del-16-al-22-de-agosto\/\" \/>\n<meta property=\"og:locale\" content=\"es_ES\" \/>\n<meta property=\"og:type\" content=\"article\" \/>\n<meta property=\"og:title\" content=\"Venezuela abre nueva semana de Flexibilizaci\u00f3n: Del 16 al 22 de agosto\" \/>\n<meta property=\"og:description\" content=\"La Vicepresidenta Ejecutiva, Delcy Rodr\u00edguez, anunci\u00f3 en su cuenta social de twitter que Venezuela entre en una nueva semana de flexibilizaci\u00f3n. \u00abDesde este lunes 16 agosto hasta el pr\u00f3ximo domingo 22 agosto ser\u00e1 la&#046;&#046;&#046;\" \/>\n<meta property=\"og:url\" content=\"https:\/\/noti-america.com\/site\/venezuela\/2021\/08\/16\/venezuela-abre-nueva-semana-de-flexibilizacion-del-16-al-22-de-agosto\/\" \/>\n<meta property=\"og:site_name\" content=\"Venezuela | Noti-America.com\" \/>\n<meta property=\"article:author\" content=\"https:\/\/www.facebook.com\/AndresSalazarTV\/\" \/>\n<meta property=\"article:published_time\" content=\"2021-08-16T13:56:38+00:00\" \/>\n<meta property=\"article:modified_time\" content=\"2021-08-16T17:57:09+00:00\" \/>\n<meta property=\"og:image\" content=\"https:\/\/noti-america.com\/site\/venezuela\/wp-content\/uploads\/sites\/2\/2021\/08\/mercado-de-catia-780x405-1.jpg\" \/>\n\t<meta property=\"og:image:width\" content=\"780\" \/>\n\t<meta property=\"og:image:height\" content=\"405\" \/>\n\t<meta property=\"og:image:type\" content=\"image\/jpeg\" \/>\n<meta name=\"author\" content=\"Andr\u00e9s Salazar TV\" \/>\n<meta name=\"twitter:card\" content=\"summary_large_image\" \/>\n<meta name=\"twitter:label1\" content=\"Escrito por\" \/>\n\t<meta name=\"twitter:data1\" content=\"Andr\u00e9s Salazar TV\" \/>\n<script type=\"application\/ld+json\" class=\"yoast-schema-graph\">{\"@context\":\"https:\/\/schema.org\",\"@graph\":[{\"@type\":\"Article\",\"@id\":\"https:\/\/noti-america.com\/site\/venezuela\/2021\/08\/16\/venezuela-abre-nueva-semana-de-flexibilizacion-del-16-al-22-de-agosto\/#article\",\"isPartOf\":{\"@id\":\"https:\/\/noti-america.com\/site\/venezuela\/2021\/08\/16\/venezuela-abre-nueva-semana-de-flexibilizacion-del-16-al-22-de-agosto\/\"},\"author\":{\"name\":\"Andr\u00e9s Salazar TV\",\"@id\":\"https:\/\/noti-america.com\/site\/venezuela\/#\/schema\/person\/5536bbfd0e2b9220dabb68be6a79e6a2\"},\"headline\":\"Venezuela abre nueva semana de Flexibilizaci\u00f3n: Del 16 al 22 de agosto\",\"datePublished\":\"2021-08-16T13:56:38+00:00\",\"dateModified\":\"2021-08-16T17:57:09+00:00\",\"mainEntityOfPage\":{\"@id\":\"https:\/\/noti-america.com\/site\/venezuela\/2021\/08\/16\/venezuela-abre-nueva-semana-de-flexibilizacion-del-16-al-22-de-agosto\/\"},\"wordCount\":83,\"commentCount\":0,\"publisher\":{\"@id\":\"https:\/\/noti-america.com\/site\/venezuela\/#organization\"},\"image\":{\"@id\":\"https:\/\/noti-america.com\/site\/venezuela\/2021\/08\/16\/venezuela-abre-nueva-semana-de-flexibilizacion-del-16-al-22-de-agosto\/#primaryimage\"},\"thumbnailUrl\":\"https:\/\/noti-america.com\/site\/venezuela\/wp-content\/uploads\/sites\/2\/2021\/08\/mercado-de-catia-780x405-1.jpg\",\"articleSection\":[\"comercio\",\"Coronavirus\"],\"inLanguage\":\"es\",\"potentialAction\":[{\"@type\":\"CommentAction\",\"name\":\"Comment\",\"target\":[\"https:\/\/noti-america.com\/site\/venezuela\/2021\/08\/16\/venezuela-abre-nueva-semana-de-flexibilizacion-del-16-al-22-de-agosto\/#respond\"]}]},{\"@type\":\"WebPage\",\"@id\":\"https:\/\/noti-america.com\/site\/venezuela\/2021\/08\/16\/venezuela-abre-nueva-semana-de-flexibilizacion-del-16-al-22-de-agosto\/\",\"url\":\"https:\/\/noti-america.com\/site\/venezuela\/2021\/08\/16\/venezuela-abre-nueva-semana-de-flexibilizacion-del-16-al-22-de-agosto\/\",\"name\":\"Venezuela abre nueva semana de Flexibilizaci\u00f3n: Del 16 al 22 de agosto - Venezuela | Noti-America.com\",\"isPartOf\":{\"@id\":\"https:\/\/noti-america.com\/site\/venezuela\/#website\"},\"primaryImageOfPage\":{\"@id\":\"https:\/\/noti-america.com\/site\/venezuela\/2021\/08\/16\/venezuela-abre-nueva-semana-de-flexibilizacion-del-16-al-22-de-agosto\/#primaryimage\"},\"image\":{\"@id\":\"https:\/\/noti-america.com\/site\/venezuela\/2021\/08\/16\/venezuela-abre-nueva-semana-de-flexibilizacion-del-16-al-22-de-agosto\/#primaryimage\"},\"thumbnailUrl\":\"https:\/\/noti-america.com\/site\/venezuela\/wp-content\/uploads\/sites\/2\/2021\/08\/mercado-de-catia-780x405-1.jpg\",\"datePublished\":\"2021-08-16T13:56:38+00:00\",\"dateModified\":\"2021-08-16T17:57:09+00:00\",\"breadcrumb\":{\"@id\":\"https:\/\/noti-america.com\/site\/venezuela\/2021\/08\/16\/venezuela-abre-nueva-semana-de-flexibilizacion-del-16-al-22-de-agosto\/#breadcrumb\"},\"inLanguage\":\"es\",\"potentialAction\":[{\"@type\":\"ReadAction\",\"target\":[\"https:\/\/noti-america.com\/site\/venezuela\/2021\/08\/16\/venezuela-abre-nueva-semana-de-flexibilizacion-del-16-al-22-de-agosto\/\"]}]},{\"@type\":\"ImageObject\",\"inLanguage\":\"es\",\"@id\":\"https:\/\/noti-america.com\/site\/venezuela\/2021\/08\/16\/venezuela-abre-nueva-semana-de-flexibilizacion-del-16-al-22-de-agosto\/#primaryimage\",\"url\":\"https:\/\/noti-america.com\/site\/venezuela\/wp-content\/uploads\/sites\/2\/2021\/08\/mercado-de-catia-780x405-1.jpg\",\"contentUrl\":\"https:\/\/noti-america.com\/site\/venezuela\/wp-content\/uploads\/sites\/2\/2021\/08\/mercado-de-catia-780x405-1.jpg\",\"width\":780,\"height\":405},{\"@type\":\"BreadcrumbList\",\"@id\":\"https:\/\/noti-america.com\/site\/venezuela\/2021\/08\/16\/venezuela-abre-nueva-semana-de-flexibilizacion-del-16-al-22-de-agosto\/#breadcrumb\",\"itemListElement\":[{\"@type\":\"ListItem\",\"position\":1,\"name\":\"Portada\",\"item\":\"https:\/\/noti-america.com\/site\/venezuela\/\"},{\"@type\":\"ListItem\",\"position\":2,\"name\":\"Venezuela abre nueva semana de Flexibilizaci\u00f3n: Del 16 al 22 de agosto\"}]},{\"@type\":\"WebSite\",\"@id\":\"https:\/\/noti-america.com\/site\/venezuela\/#website\",\"url\":\"https:\/\/noti-america.com\/site\/venezuela\/\",\"name\":\"Venezuela | Noti-America.com\",\"description\":\"\",\"publisher\":{\"@id\":\"https:\/\/noti-america.com\/site\/venezuela\/#organization\"},\"potentialAction\":[{\"@type\":\"SearchAction\",\"target\":{\"@type\":\"EntryPoint\",\"urlTemplate\":\"https:\/\/noti-america.com\/site\/venezuela\/?s={search_term_string}\"},\"query-input\":{\"@type\":\"PropertyValueSpecification\",\"valueRequired\":true,\"valueName\":\"search_term_string\"}}],\"inLanguage\":\"es\"},{\"@type\":\"Organization\",\"@id\":\"https:\/\/noti-america.com\/site\/venezuela\/#organization\",\"name\":\"Noti-America LLC | Venezuela\",\"url\":\"https:\/\/noti-america.com\/site\/venezuela\/\",\"logo\":{\"@type\":\"ImageObject\",\"inLanguage\":\"es\",\"@id\":\"https:\/\/noti-america.com\/site\/venezuela\/#\/schema\/logo\/image\/\",\"url\":\"https:\/\/noti-america.com\/site\/venezuela\/wp-content\/uploads\/sites\/2\/2020\/07\/LogoNA-4x3-1.jpg\",\"contentUrl\":\"https:\/\/noti-america.com\/site\/venezuela\/wp-content\/uploads\/sites\/2\/2020\/07\/LogoNA-4x3-1.jpg\",\"width\":1236,\"height\":1080,\"caption\":\"Noti-America LLC | Venezuela\"},\"image\":{\"@id\":\"https:\/\/noti-america.com\/site\/venezuela\/#\/schema\/logo\/image\/\"}},{\"@type\":\"Person\",\"@id\":\"https:\/\/noti-america.com\/site\/venezuela\/#\/schema\/person\/5536bbfd0e2b9220dabb68be6a79e6a2\",\"name\":\"Andr\u00e9s Salazar TV\",\"image\":{\"@type\":\"ImageObject\",\"inLanguage\":\"es\",\"@id\":\"https:\/\/secure.gravatar.com\/avatar\/afe6826ba750395b641021d9bf08e5496b9d29671cfabb16346350901fb94310?s=96&d=mm&r=g\",\"url\":\"https:\/\/secure.gravatar.com\/avatar\/afe6826ba750395b641021d9bf08e5496b9d29671cfabb16346350901fb94310?s=96&d=mm&r=g\",\"contentUrl\":\"https:\/\/secure.gravatar.com\/avatar\/afe6826ba750395b641021d9bf08e5496b9d29671cfabb16346350901fb94310?s=96&d=mm&r=g\",\"caption\":\"Andr\u00e9s Salazar TV\"},\"description\":\"Periodista venezolano, especializado en deportes. Con m\u00e1s de 12 a\u00f1os de experiencia en medios de comunicaci\u00f3n. Cobertura informativa de los grandes eventos deportivos de Am\u00e9rica Latina y el Mundo.\",\"sameAs\":[\"https:\/\/www.facebook.com\/AndresSalazarTV\/\"],\"url\":\"https:\/\/noti-america.com\/site\/venezuela\/author\/asalazar\/\"}]}<\/script>\n<!-- \/ Yoast SEO Premium plugin. -->","yoast_head_json":{"title":"Venezuela abre nueva semana de Flexibilizaci\u00f3n: Del 16 al 22 de agosto - Venezuela | Noti-America.com","robots":{"index":"index","follow":"follow","max-snippet":"max-snippet:-1","max-image-preview":"max-image-preview:large","max-video-preview":"max-video-preview:-1"},"canonical":"https:\/\/noti-america.com\/site\/venezuela\/2021\/08\/16\/venezuela-abre-nueva-semana-de-flexibilizacion-del-16-al-22-de-agosto\/","og_locale":"es_ES","og_type":"article","og_title":"Venezuela abre nueva semana de Flexibilizaci\u00f3n: Del 16 al 22 de agosto","og_description":"La Vicepresidenta Ejecutiva, Delcy Rodr\u00edguez, anunci\u00f3 en su cuenta social de twitter que Venezuela entre en una nueva semana de flexibilizaci\u00f3n. \u00abDesde este lunes 16 agosto hasta el pr\u00f3ximo domingo 22 agosto ser\u00e1 la&#46;&#46;&#46;","og_url":"https:\/\/noti-america.com\/site\/venezuela\/2021\/08\/16\/venezuela-abre-nueva-semana-de-flexibilizacion-del-16-al-22-de-agosto\/","og_site_name":"Venezuela | Noti-America.com","article_author":"https:\/\/www.facebook.com\/AndresSalazarTV\/","article_published_time":"2021-08-16T13:56:38+00:00","article_modified_time":"2021-08-16T17:57:09+00:00","og_image":[{"width":780,"height":405,"url":"https:\/\/noti-america.com\/site\/venezuela\/wp-content\/uploads\/sites\/2\/2021\/08\/mercado-de-catia-780x405-1.jpg","type":"image\/jpeg"}],"author":"Andr\u00e9s Salazar TV","twitter_card":"summary_large_image","twitter_misc":{"Escrito por":"Andr\u00e9s Salazar TV"},"schema":{"@context":"https:\/\/schema.org","@graph":[{"@type":"Article","@id":"https:\/\/noti-america.com\/site\/venezuela\/2021\/08\/16\/venezuela-abre-nueva-semana-de-flexibilizacion-del-16-al-22-de-agosto\/#article","isPartOf":{"@id":"https:\/\/noti-america.com\/site\/venezuela\/2021\/08\/16\/venezuela-abre-nueva-semana-de-flexibilizacion-del-16-al-22-de-agosto\/"},"author":{"name":"Andr\u00e9s Salazar TV","@id":"https:\/\/noti-america.com\/site\/venezuela\/#\/schema\/person\/5536bbfd0e2b9220dabb68be6a79e6a2"},"headline":"Venezuela abre nueva semana de Flexibilizaci\u00f3n: Del 16 al 22 de agosto","datePublished":"2021-08-16T13:56:38+00:00","dateModified":"2021-08-16T17:57:09+00:00","mainEntityOfPage":{"@id":"https:\/\/noti-america.com\/site\/venezuela\/2021\/08\/16\/venezuela-abre-nueva-semana-de-flexibilizacion-del-16-al-22-de-agosto\/"},"wordCount":83,"commentCount":0,"publisher":{"@id":"https:\/\/noti-america.com\/site\/venezuela\/#organization"},"image":{"@id":"https:\/\/noti-america.com\/site\/venezuela\/2021\/08\/16\/venezuela-abre-nueva-semana-de-flexibilizacion-del-16-al-22-de-agosto\/#primaryimage"},"thumbnailUrl":"https:\/\/noti-america.com\/site\/venezuela\/wp-content\/uploads\/sites\/2\/2021\/08\/mercado-de-catia-780x405-1.jpg","articleSection":["comercio","Coronavirus"],"inLanguage":"es","potentialAction":[{"@type":"CommentAction","name":"Comment","target":["https:\/\/noti-america.com\/site\/venezuela\/2021\/08\/16\/venezuela-abre-nueva-semana-de-flexibilizacion-del-16-al-22-de-agosto\/#respond"]}]},{"@type":"WebPage","@id":"https:\/\/noti-america.com\/site\/venezuela\/2021\/08\/16\/venezuela-abre-nueva-semana-de-flexibilizacion-del-16-al-22-de-agosto\/","url":"https:\/\/noti-america.com\/site\/venezuela\/2021\/08\/16\/venezuela-abre-nueva-semana-de-flexibilizacion-del-16-al-22-de-agosto\/","name":"Venezuela abre nueva semana de Flexibilizaci\u00f3n: Del 16 al 22 de agosto - Venezuela | Noti-America.com","isPartOf":{"@id":"https:\/\/noti-america.com\/site\/venezuela\/#website"},"primaryImageOfPage":{"@id":"https:\/\/noti-america.com\/site\/venezuela\/2021\/08\/16\/venezuela-abre-nueva-semana-de-flexibilizacion-del-16-al-22-de-agosto\/#primaryimage"},"image":{"@id":"https:\/\/noti-america.com\/site\/venezuela\/2021\/08\/16\/venezuela-abre-nueva-semana-de-flexibilizacion-del-16-al-22-de-agosto\/#primaryimage"},"thumbnailUrl":"https:\/\/noti-america.com\/site\/venezuela\/wp-content\/uploads\/sites\/2\/2021\/08\/mercado-de-catia-780x405-1.jpg","datePublished":"2021-08-16T13:56:38+00:00","dateModified":"2021-08-16T17:57:09+00:00","breadcrumb":{"@id":"https:\/\/noti-america.com\/site\/venezuela\/2021\/08\/16\/venezuela-abre-nueva-semana-de-flexibilizacion-del-16-al-22-de-agosto\/#breadcrumb"},"inLanguage":"es","potentialAction":[{"@type":"ReadAction","target":["https:\/\/noti-america.com\/site\/venezuela\/2021\/08\/16\/venezuela-abre-nueva-semana-de-flexibilizacion-del-16-al-22-de-agosto\/"]}]},{"@type":"ImageObject","inLanguage":"es","@id":"https:\/\/noti-america.com\/site\/venezuela\/2021\/08\/16\/venezuela-abre-nueva-semana-de-flexibilizacion-del-16-al-22-de-agosto\/#primaryimage","url":"https:\/\/noti-america.com\/site\/venezuela\/wp-content\/uploads\/sites\/2\/2021\/08\/mercado-de-catia-780x405-1.jpg","contentUrl":"https:\/\/noti-america.com\/site\/venezuela\/wp-content\/uploads\/sites\/2\/2021\/08\/mercado-de-catia-780x405-1.jpg","width":780,"height":405},{"@type":"BreadcrumbList","@id":"https:\/\/noti-america.com\/site\/venezuela\/2021\/08\/16\/venezuela-abre-nueva-semana-de-flexibilizacion-del-16-al-22-de-agosto\/#breadcrumb","itemListElement":[{"@type":"ListItem","position":1,"name":"Portada","item":"https:\/\/noti-america.com\/site\/venezuela\/"},{"@type":"ListItem","position":2,"name":"Venezuela abre nueva semana de Flexibilizaci\u00f3n: Del 16 al 22 de agosto"}]},{"@type":"WebSite","@id":"https:\/\/noti-america.com\/site\/venezuela\/#website","url":"https:\/\/noti-america.com\/site\/venezuela\/","name":"Venezuela | Noti-America.com","description":"","publisher":{"@id":"https:\/\/noti-america.com\/site\/venezuela\/#organization"},"potentialAction":[{"@type":"SearchAction","target":{"@type":"EntryPoint","urlTemplate":"https:\/\/noti-america.com\/site\/venezuela\/?s={search_term_string}"},"query-input":{"@type":"PropertyValueSpecification","valueRequired":true,"valueName":"search_term_string"}}],"inLanguage":"es"},{"@type":"Organization","@id":"https:\/\/noti-america.com\/site\/venezuela\/#organization","name":"Noti-America LLC | Venezuela","url":"https:\/\/noti-america.com\/site\/venezuela\/","logo":{"@type":"ImageObject","inLanguage":"es","@id":"https:\/\/noti-america.com\/site\/venezuela\/#\/schema\/logo\/image\/","url":"https:\/\/noti-america.com\/site\/venezuela\/wp-content\/uploads\/sites\/2\/2020\/07\/LogoNA-4x3-1.jpg","contentUrl":"https:\/\/noti-america.com\/site\/venezuela\/wp-content\/uploads\/sites\/2\/2020\/07\/LogoNA-4x3-1.jpg","width":1236,"height":1080,"caption":"Noti-America LLC | Venezuela"},"image":{"@id":"https:\/\/noti-america.com\/site\/venezuela\/#\/schema\/logo\/image\/"}},{"@type":"Person","@id":"https:\/\/noti-america.com\/site\/venezuela\/#\/schema\/person\/5536bbfd0e2b9220dabb68be6a79e6a2","name":"Andr\u00e9s Salazar TV","image":{"@type":"ImageObject","inLanguage":"es","@id":"https:\/\/secure.gravatar.com\/avatar\/afe6826ba750395b641021d9bf08e5496b9d29671cfabb16346350901fb94310?s=96&d=mm&r=g","url":"https:\/\/secure.gravatar.com\/avatar\/afe6826ba750395b641021d9bf08e5496b9d29671cfabb16346350901fb94310?s=96&d=mm&r=g","contentUrl":"https:\/\/secure.gravatar.com\/avatar\/afe6826ba750395b641021d9bf08e5496b9d29671cfabb16346350901fb94310?s=96&d=mm&r=g","caption":"Andr\u00e9s Salazar TV"},"description":"Periodista venezolano, especializado en deportes. Con m\u00e1s de 12 a\u00f1os de experiencia en medios de comunicaci\u00f3n. Cobertura informativa de los grandes eventos deportivos de Am\u00e9rica Latina y el Mundo.","sameAs":["https:\/\/www.facebook.com\/AndresSalazarTV\/"],"url":"https:\/\/noti-america.com\/site\/venezuela\/author\/asalazar\/"}]}},"_links":{"self":[{"href":"https:\/\/noti-america.com\/site\/venezuela\/wp-json\/wp\/v2\/posts\/15957","targetHints":{"allow":["GET"]}}],"collection":[{"href":"https:\/\/noti-america.com\/site\/venezuela\/wp-json\/wp\/v2\/posts"}],"about":[{"href":"https:\/\/noti-america.com\/site\/venezuela\/wp-json\/wp\/v2\/types\/post"}],"author":[{"embeddable":true,"href":"https:\/\/noti-america.com\/site\/venezuela\/wp-json\/wp\/v2\/users\/4"}],"replies":[{"embeddable":true,"href":"https:\/\/noti-america.com\/site\/venezuela\/wp-json\/wp\/v2\/comments?post=15957"}],"version-history":[{"count":1,"href":"https:\/\/noti-america.com\/site\/venezuela\/wp-json\/wp\/v2\/posts\/15957\/revisions"}],"predecessor-version":[{"id":15959,"href":"https:\/\/noti-america.com\/site\/venezuela\/wp-json\/wp\/v2\/posts\/15957\/revisions\/15959"}],"wp:featuredmedia":[{"embeddable":true,"href":"https:\/\/noti-america.com\/site\/venezuela\/wp-json\/wp\/v2\/media\/15958"}],"wp:attachment":[{"href":"https:\/\/noti-america.com\/site\/venezuela\/wp-json\/wp\/v2\/media?parent=15957"}],"wp:term":[{"taxonomy":"category","embeddable":true,"href":"https:\/\/noti-america.com\/site\/venezuela\/wp-json\/wp\/v2\/categories?post=15957"},{"taxonomy":"post_tag","embeddable":true,"href":"https:\/\/noti-america.com\/site\/venezuela\/wp-json\/wp\/v2\/tags?post=15957"}],"curies":[{"name":"wp","href":"https:\/\/api.w.org\/{rel}","templated":true}]}}