{"id":15927,"date":"2021-08-12T18:42:55","date_gmt":"2021-08-12T18:40:42","guid":{"rendered":"https:\/\/noti-america.com\/site\/venezuela\/2021\/08\/12\/el-sabor-dulce-y-refinado-del-jamon-parma-ideal-para-celebraciones-especiales\/"},"modified":"2021-08-12T22:42:58","modified_gmt":"2021-08-12T22:42:58","slug":"el-sabor-dulce-y-refinado-del-jamon-parma-ideal-para-celebraciones-especiales","status":"publish","type":"post","link":"https:\/\/noti-america.com\/site\/venezuela\/2021\/08\/12\/el-sabor-dulce-y-refinado-del-jamon-parma-ideal-para-celebraciones-especiales\/","title":{"rendered":"El sabor dulce y refinado del jam\u00f3n Parma ideal para celebraciones especiales"},"content":{"rendered":"<p style=\"text-align: justify;\">Nota de Prensa<\/p>\n<p class=\"v1MsoNormal\" style=\"text-align: justify;\">Gracias al proceso de maduraci\u00f3n y su aroma ligeramente afrutado, logrado por los Artesanos del Sabor de La Montserratina, lo hace \u00fanico y exquisito al paladar.<\/p>\n<p class=\"v1MsoNormal\" style=\"text-align: justify;\"><b>\u00a0<\/b><b>El Jam\u00f3n curado tipo Parma<\/b>\u00a0es uno de los nuevos lanzamientos Premium \u00a0que se suma al portafolio de\u00a0<b>La Montserratina,<\/b>\u00a0\u00a0y que destaca por su calidad y su exquisito sabor, que lo hace una opci\u00f3n ideal para acompa\u00f1ar las ocasiones especiales.<\/p>\n<p class=\"v1MsoNormal\" style=\"text-align: justify;\">Replicando la tradici\u00f3n del jam\u00f3n originario de la regi\u00f3n italiana de Parma, \u00a0conocido\u00a0 como\u00a0<i>Prosciutto di Parma<\/i>, La Montserratina incorpora el\u00a0<b>Jam\u00f3n curado tipo Parma<\/b>\u00a0para agradar el paladar de sus consumidores, con un sabor dulce, intenso y refinado, adem\u00e1s de un aroma \u00a0ligeramente afrutado que persiste en los sentidos; y que perfectamente puede acompa\u00f1ar una agradable velada entre familia y amigos.<\/p>\n<p class=\"v1MsoNormal\" style=\"text-align: justify;\">Est\u00e1 elaborado con pierna de cerdo, que se ha dejado madurar por al menos 10 meses, y condimentado con sal y pimienta. Su carne es de color rojo intenso y brillante, con una fina capa de grasa interna que se ve entre blanca y tenuemente rosada.<\/p>\n<p class=\"v1MsoNormal\" style=\"text-align: justify;\">Es otro producto vers\u00e1til de\u00a0<b>La Montserratina.\u00a0<\/b>De hecho, el chef Esteban Luj\u00e1n asegura que es ideal para acompa\u00f1ar preparaciones con ingredientes como el salm\u00f3n; una pasta filetto, por ejemplo, o\u00a0 degustarlo solo con buen vino, preferiblemente tinto y de la uva Pinot Noir.<\/p>\n<p class=\"v1MsoNormal\" style=\"text-align: justify;\">\u00abCon este jam\u00f3n se puede elaborar un salm\u00f3n menier con unas lonchas de Parma, que est\u00e9n selladas; o hacer una pasta filetto \u00a0con aplicaciones de Parma, aceite de oliva, pimienta y aceite trufado, que realza el sabor de este producto\u00bb, se\u00f1ala Luj\u00e1n.<\/p>\n<p class=\"v1MsoNormal\" style=\"text-align: justify;\">Entre otras opciones para disfrutarlo en celebraciones con la familia o con los amigos es preparar volovanes de jam\u00f3n Parma o \u00abcestas\u00bb elaboradas con el mismo jam\u00f3n, rellenas de ma\u00edz, vegetales y queso crema.<\/p>\n<p class=\"v1MsoNormal\" style=\"text-align: justify;\">\u00abTodos los productos se merecen un trato (gastron\u00f3mico) que est\u00e9 a la altura de su calidad y este es un jam\u00f3n premium madurado por un largo tiempo, caracter\u00edstica que lo enmarca como especial; por eso, es para recetas \u00fanicas y momentos de compartir y de celebraci\u00f3n\u00bb, se\u00f1ala el chef.<\/p>\n<p class=\"v1MsoNormal\" style=\"text-align: justify;\"><b>\u00a0<\/b><b>El jam\u00f3n curado tipo Parma<\/b>\u00a0 y los otros productos Premium de la marca est\u00e1n disponibles en el bodeg\u00f3n de La Montserratina, en Bole\u00edta Sur, tambi\u00e9n\u00a0<b>en La Montserratina Bodeg\u00f3n Grill\u00a0<\/b>de Las Mercedes y de La Castellana;\u00a0 en supermercados, panader\u00edas y charcuter\u00edas premium, bodegones, restaurantes y cadenas independientes.<\/p>\n<p class=\"v1MsoNormal\" style=\"text-align: justify;\">En la p\u00e1gina web\u00a0<a href=\"http:\/\/www.montserratina.com\/\" target=\"_blank\" rel=\"noopener noreferrer\">www.montserratina.com<\/a>\u00a0y en las redes sociales de @LaMontserratina de Facebook, Twitter e Instagram, se pueden conocer m\u00e1s del portafolio de la marca, as\u00ed como recetas y preparaciones, con toda la l\u00ednea de sus\u00a0 tradicionales productos parrilleros.<\/p>\n","protected":false},"excerpt":{"rendered":"<p>Nota de Prensa Gracias al proceso de maduraci\u00f3n y su aroma ligeramente afrutado, logrado por los Artesanos del Sabor de La Montserratina, lo hace \u00fanico y exquisito al paladar. \u00a0El Jam\u00f3n curado tipo Parma\u00a0es&#46;&#46;&#46;<\/p>\n","protected":false},"author":1,"featured_media":15929,"comment_status":"open","ping_status":"open","sticky":false,"template":"","format":"image","meta":{"_acf_changed":false,"om_disable_all_campaigns":false,"rop_custom_images_group":[],"rop_custom_messages_group":[],"rop_publish_now":"initial","rop_publish_now_accounts":{"twitter_242054905_242054905":""},"rop_publish_now_history":[],"rop_publish_now_status":"pending","_uf_show_specific_survey":0,"_uf_disable_surveys":false,"footnotes":""},"categories":[132,186],"tags":[],"class_list":["post-15927","post","type-post","status-publish","format-image","has-post-thumbnail","hentry","category-actualidad","category-gastronomia","post_format-post-format-image"],"acf":[],"aioseo_notices":[],"yoast_head":"<!-- This site is optimized with the Yoast SEO Premium plugin v24.9 (Yoast SEO v27.2) - https:\/\/yoast.com\/product\/yoast-seo-premium-wordpress\/ -->\n<title>El sabor dulce y refinado del jam\u00f3n Parma ideal para celebraciones especiales - Venezuela | Noti-America.com<\/title>\n<meta name=\"robots\" content=\"index, follow, max-snippet:-1, max-image-preview:large, max-video-preview:-1\" \/>\n<link rel=\"canonical\" href=\"https:\/\/noti-america.com\/site\/venezuela\/2021\/08\/12\/el-sabor-dulce-y-refinado-del-jamon-parma-ideal-para-celebraciones-especiales\/\" \/>\n<meta property=\"og:locale\" content=\"es_ES\" \/>\n<meta property=\"og:type\" content=\"article\" \/>\n<meta property=\"og:title\" content=\"El sabor dulce y refinado del jam\u00f3n Parma ideal para celebraciones especiales\" \/>\n<meta property=\"og:description\" content=\"Nota de Prensa Gracias al proceso de maduraci\u00f3n y su aroma ligeramente afrutado, logrado por los Artesanos del Sabor de La Montserratina, lo hace \u00fanico y exquisito al paladar. \u00a0El Jam\u00f3n curado tipo Parma\u00a0es&#046;&#046;&#046;\" \/>\n<meta property=\"og:url\" content=\"https:\/\/noti-america.com\/site\/venezuela\/2021\/08\/12\/el-sabor-dulce-y-refinado-del-jamon-parma-ideal-para-celebraciones-especiales\/\" \/>\n<meta property=\"og:site_name\" content=\"Venezuela | Noti-America.com\" \/>\n<meta property=\"article:published_time\" content=\"2021-08-12T18:40:42+00:00\" \/>\n<meta property=\"article:modified_time\" content=\"2021-08-12T22:42:58+00:00\" \/>\n<meta property=\"og:image\" content=\"https:\/\/noti-america.com\/site\/venezuela\/wp-content\/uploads\/sites\/2\/2021\/08\/JAMON-PARMA.jpg\" \/>\n\t<meta property=\"og:image:width\" content=\"1650\" \/>\n\t<meta property=\"og:image:height\" content=\"1100\" \/>\n\t<meta property=\"og:image:type\" content=\"image\/jpeg\" \/>\n<meta name=\"author\" content=\"Rosmer Herrera\" \/>\n<meta name=\"twitter:card\" content=\"summary_large_image\" \/>\n<meta name=\"twitter:label1\" content=\"Escrito por\" \/>\n\t<meta name=\"twitter:data1\" content=\"Rosmer Herrera\" \/>\n\t<meta name=\"twitter:label2\" content=\"Tiempo estimado de lectura\" \/>\n\t<meta name=\"twitter:data2\" content=\"2 minutos\" \/>\n<script type=\"application\/ld+json\" class=\"yoast-schema-graph\">{\"@context\":\"https:\/\/schema.org\",\"@graph\":[{\"@type\":\"Article\",\"@id\":\"https:\/\/noti-america.com\/site\/venezuela\/2021\/08\/12\/el-sabor-dulce-y-refinado-del-jamon-parma-ideal-para-celebraciones-especiales\/#article\",\"isPartOf\":{\"@id\":\"https:\/\/noti-america.com\/site\/venezuela\/2021\/08\/12\/el-sabor-dulce-y-refinado-del-jamon-parma-ideal-para-celebraciones-especiales\/\"},\"author\":{\"name\":\"Rosmer Herrera\",\"@id\":\"https:\/\/noti-america.com\/site\/venezuela\/#\/schema\/person\/fd58dbfb92a257e9dc5761bf69a855ff\"},\"headline\":\"El sabor dulce y refinado del jam\u00f3n Parma ideal para celebraciones especiales\",\"datePublished\":\"2021-08-12T18:40:42+00:00\",\"dateModified\":\"2021-08-12T22:42:58+00:00\",\"mainEntityOfPage\":{\"@id\":\"https:\/\/noti-america.com\/site\/venezuela\/2021\/08\/12\/el-sabor-dulce-y-refinado-del-jamon-parma-ideal-para-celebraciones-especiales\/\"},\"wordCount\":487,\"commentCount\":0,\"publisher\":{\"@id\":\"https:\/\/noti-america.com\/site\/venezuela\/#organization\"},\"image\":{\"@id\":\"https:\/\/noti-america.com\/site\/venezuela\/2021\/08\/12\/el-sabor-dulce-y-refinado-del-jamon-parma-ideal-para-celebraciones-especiales\/#primaryimage\"},\"thumbnailUrl\":\"https:\/\/noti-america.com\/site\/venezuela\/wp-content\/uploads\/sites\/2\/2021\/08\/JAMON-PARMA.jpg\",\"articleSection\":[\"Actualidad\",\"Gastronom\u00eda\"],\"inLanguage\":\"es\",\"potentialAction\":[{\"@type\":\"CommentAction\",\"name\":\"Comment\",\"target\":[\"https:\/\/noti-america.com\/site\/venezuela\/2021\/08\/12\/el-sabor-dulce-y-refinado-del-jamon-parma-ideal-para-celebraciones-especiales\/#respond\"]}]},{\"@type\":\"WebPage\",\"@id\":\"https:\/\/noti-america.com\/site\/venezuela\/2021\/08\/12\/el-sabor-dulce-y-refinado-del-jamon-parma-ideal-para-celebraciones-especiales\/\",\"url\":\"https:\/\/noti-america.com\/site\/venezuela\/2021\/08\/12\/el-sabor-dulce-y-refinado-del-jamon-parma-ideal-para-celebraciones-especiales\/\",\"name\":\"El sabor dulce y refinado del jam\u00f3n Parma ideal para celebraciones especiales - Venezuela | Noti-America.com\",\"isPartOf\":{\"@id\":\"https:\/\/noti-america.com\/site\/venezuela\/#website\"},\"primaryImageOfPage\":{\"@id\":\"https:\/\/noti-america.com\/site\/venezuela\/2021\/08\/12\/el-sabor-dulce-y-refinado-del-jamon-parma-ideal-para-celebraciones-especiales\/#primaryimage\"},\"image\":{\"@id\":\"https:\/\/noti-america.com\/site\/venezuela\/2021\/08\/12\/el-sabor-dulce-y-refinado-del-jamon-parma-ideal-para-celebraciones-especiales\/#primaryimage\"},\"thumbnailUrl\":\"https:\/\/noti-america.com\/site\/venezuela\/wp-content\/uploads\/sites\/2\/2021\/08\/JAMON-PARMA.jpg\",\"datePublished\":\"2021-08-12T18:40:42+00:00\",\"dateModified\":\"2021-08-12T22:42:58+00:00\",\"breadcrumb\":{\"@id\":\"https:\/\/noti-america.com\/site\/venezuela\/2021\/08\/12\/el-sabor-dulce-y-refinado-del-jamon-parma-ideal-para-celebraciones-especiales\/#breadcrumb\"},\"inLanguage\":\"es\",\"potentialAction\":[{\"@type\":\"ReadAction\",\"target\":[\"https:\/\/noti-america.com\/site\/venezuela\/2021\/08\/12\/el-sabor-dulce-y-refinado-del-jamon-parma-ideal-para-celebraciones-especiales\/\"]}]},{\"@type\":\"ImageObject\",\"inLanguage\":\"es\",\"@id\":\"https:\/\/noti-america.com\/site\/venezuela\/2021\/08\/12\/el-sabor-dulce-y-refinado-del-jamon-parma-ideal-para-celebraciones-especiales\/#primaryimage\",\"url\":\"https:\/\/noti-america.com\/site\/venezuela\/wp-content\/uploads\/sites\/2\/2021\/08\/JAMON-PARMA.jpg\",\"contentUrl\":\"https:\/\/noti-america.com\/site\/venezuela\/wp-content\/uploads\/sites\/2\/2021\/08\/JAMON-PARMA.jpg\",\"width\":1650,\"height\":1100},{\"@type\":\"BreadcrumbList\",\"@id\":\"https:\/\/noti-america.com\/site\/venezuela\/2021\/08\/12\/el-sabor-dulce-y-refinado-del-jamon-parma-ideal-para-celebraciones-especiales\/#breadcrumb\",\"itemListElement\":[{\"@type\":\"ListItem\",\"position\":1,\"name\":\"Portada\",\"item\":\"https:\/\/noti-america.com\/site\/venezuela\/\"},{\"@type\":\"ListItem\",\"position\":2,\"name\":\"El sabor dulce y refinado del jam\u00f3n Parma ideal para celebraciones especiales\"}]},{\"@type\":\"WebSite\",\"@id\":\"https:\/\/noti-america.com\/site\/venezuela\/#website\",\"url\":\"https:\/\/noti-america.com\/site\/venezuela\/\",\"name\":\"Venezuela | Noti-America.com\",\"description\":\"\",\"publisher\":{\"@id\":\"https:\/\/noti-america.com\/site\/venezuela\/#organization\"},\"potentialAction\":[{\"@type\":\"SearchAction\",\"target\":{\"@type\":\"EntryPoint\",\"urlTemplate\":\"https:\/\/noti-america.com\/site\/venezuela\/?s={search_term_string}\"},\"query-input\":{\"@type\":\"PropertyValueSpecification\",\"valueRequired\":true,\"valueName\":\"search_term_string\"}}],\"inLanguage\":\"es\"},{\"@type\":\"Organization\",\"@id\":\"https:\/\/noti-america.com\/site\/venezuela\/#organization\",\"name\":\"Noti-America LLC | Venezuela\",\"url\":\"https:\/\/noti-america.com\/site\/venezuela\/\",\"logo\":{\"@type\":\"ImageObject\",\"inLanguage\":\"es\",\"@id\":\"https:\/\/noti-america.com\/site\/venezuela\/#\/schema\/logo\/image\/\",\"url\":\"https:\/\/noti-america.com\/site\/venezuela\/wp-content\/uploads\/sites\/2\/2020\/07\/LogoNA-4x3-1.jpg\",\"contentUrl\":\"https:\/\/noti-america.com\/site\/venezuela\/wp-content\/uploads\/sites\/2\/2020\/07\/LogoNA-4x3-1.jpg\",\"width\":1236,\"height\":1080,\"caption\":\"Noti-America LLC | Venezuela\"},\"image\":{\"@id\":\"https:\/\/noti-america.com\/site\/venezuela\/#\/schema\/logo\/image\/\"}},{\"@type\":\"Person\",\"@id\":\"https:\/\/noti-america.com\/site\/venezuela\/#\/schema\/person\/fd58dbfb92a257e9dc5761bf69a855ff\",\"name\":\"Rosmer Herrera\",\"image\":{\"@type\":\"ImageObject\",\"inLanguage\":\"es\",\"@id\":\"https:\/\/secure.gravatar.com\/avatar\/153e75c261394dbf20ff1a1e70ea2be9494f2b40b7fc4e7704084db13220ae08?s=96&d=mm&r=g\",\"url\":\"https:\/\/secure.gravatar.com\/avatar\/153e75c261394dbf20ff1a1e70ea2be9494f2b40b7fc4e7704084db13220ae08?s=96&d=mm&r=g\",\"contentUrl\":\"https:\/\/secure.gravatar.com\/avatar\/153e75c261394dbf20ff1a1e70ea2be9494f2b40b7fc4e7704084db13220ae08?s=96&d=mm&r=g\",\"caption\":\"Rosmer Herrera\"},\"url\":\"https:\/\/noti-america.com\/site\/venezuela\/author\/rosmer33\/\"}]}<\/script>\n<!-- \/ Yoast SEO Premium plugin. -->","yoast_head_json":{"title":"El sabor dulce y refinado del jam\u00f3n Parma ideal para celebraciones especiales - Venezuela | Noti-America.com","robots":{"index":"index","follow":"follow","max-snippet":"max-snippet:-1","max-image-preview":"max-image-preview:large","max-video-preview":"max-video-preview:-1"},"canonical":"https:\/\/noti-america.com\/site\/venezuela\/2021\/08\/12\/el-sabor-dulce-y-refinado-del-jamon-parma-ideal-para-celebraciones-especiales\/","og_locale":"es_ES","og_type":"article","og_title":"El sabor dulce y refinado del jam\u00f3n Parma ideal para celebraciones especiales","og_description":"Nota de Prensa Gracias al proceso de maduraci\u00f3n y su aroma ligeramente afrutado, logrado por los Artesanos del Sabor de La Montserratina, lo hace \u00fanico y exquisito al paladar. \u00a0El Jam\u00f3n curado tipo Parma\u00a0es&#46;&#46;&#46;","og_url":"https:\/\/noti-america.com\/site\/venezuela\/2021\/08\/12\/el-sabor-dulce-y-refinado-del-jamon-parma-ideal-para-celebraciones-especiales\/","og_site_name":"Venezuela | Noti-America.com","article_published_time":"2021-08-12T18:40:42+00:00","article_modified_time":"2021-08-12T22:42:58+00:00","og_image":[{"width":1650,"height":1100,"url":"https:\/\/noti-america.com\/site\/venezuela\/wp-content\/uploads\/sites\/2\/2021\/08\/JAMON-PARMA.jpg","type":"image\/jpeg"}],"author":"Rosmer Herrera","twitter_card":"summary_large_image","twitter_misc":{"Escrito por":"Rosmer Herrera","Tiempo estimado de lectura":"2 minutos"},"schema":{"@context":"https:\/\/schema.org","@graph":[{"@type":"Article","@id":"https:\/\/noti-america.com\/site\/venezuela\/2021\/08\/12\/el-sabor-dulce-y-refinado-del-jamon-parma-ideal-para-celebraciones-especiales\/#article","isPartOf":{"@id":"https:\/\/noti-america.com\/site\/venezuela\/2021\/08\/12\/el-sabor-dulce-y-refinado-del-jamon-parma-ideal-para-celebraciones-especiales\/"},"author":{"name":"Rosmer Herrera","@id":"https:\/\/noti-america.com\/site\/venezuela\/#\/schema\/person\/fd58dbfb92a257e9dc5761bf69a855ff"},"headline":"El sabor dulce y refinado del jam\u00f3n Parma ideal para celebraciones especiales","datePublished":"2021-08-12T18:40:42+00:00","dateModified":"2021-08-12T22:42:58+00:00","mainEntityOfPage":{"@id":"https:\/\/noti-america.com\/site\/venezuela\/2021\/08\/12\/el-sabor-dulce-y-refinado-del-jamon-parma-ideal-para-celebraciones-especiales\/"},"wordCount":487,"commentCount":0,"publisher":{"@id":"https:\/\/noti-america.com\/site\/venezuela\/#organization"},"image":{"@id":"https:\/\/noti-america.com\/site\/venezuela\/2021\/08\/12\/el-sabor-dulce-y-refinado-del-jamon-parma-ideal-para-celebraciones-especiales\/#primaryimage"},"thumbnailUrl":"https:\/\/noti-america.com\/site\/venezuela\/wp-content\/uploads\/sites\/2\/2021\/08\/JAMON-PARMA.jpg","articleSection":["Actualidad","Gastronom\u00eda"],"inLanguage":"es","potentialAction":[{"@type":"CommentAction","name":"Comment","target":["https:\/\/noti-america.com\/site\/venezuela\/2021\/08\/12\/el-sabor-dulce-y-refinado-del-jamon-parma-ideal-para-celebraciones-especiales\/#respond"]}]},{"@type":"WebPage","@id":"https:\/\/noti-america.com\/site\/venezuela\/2021\/08\/12\/el-sabor-dulce-y-refinado-del-jamon-parma-ideal-para-celebraciones-especiales\/","url":"https:\/\/noti-america.com\/site\/venezuela\/2021\/08\/12\/el-sabor-dulce-y-refinado-del-jamon-parma-ideal-para-celebraciones-especiales\/","name":"El sabor dulce y refinado del jam\u00f3n Parma ideal para celebraciones especiales - Venezuela | Noti-America.com","isPartOf":{"@id":"https:\/\/noti-america.com\/site\/venezuela\/#website"},"primaryImageOfPage":{"@id":"https:\/\/noti-america.com\/site\/venezuela\/2021\/08\/12\/el-sabor-dulce-y-refinado-del-jamon-parma-ideal-para-celebraciones-especiales\/#primaryimage"},"image":{"@id":"https:\/\/noti-america.com\/site\/venezuela\/2021\/08\/12\/el-sabor-dulce-y-refinado-del-jamon-parma-ideal-para-celebraciones-especiales\/#primaryimage"},"thumbnailUrl":"https:\/\/noti-america.com\/site\/venezuela\/wp-content\/uploads\/sites\/2\/2021\/08\/JAMON-PARMA.jpg","datePublished":"2021-08-12T18:40:42+00:00","dateModified":"2021-08-12T22:42:58+00:00","breadcrumb":{"@id":"https:\/\/noti-america.com\/site\/venezuela\/2021\/08\/12\/el-sabor-dulce-y-refinado-del-jamon-parma-ideal-para-celebraciones-especiales\/#breadcrumb"},"inLanguage":"es","potentialAction":[{"@type":"ReadAction","target":["https:\/\/noti-america.com\/site\/venezuela\/2021\/08\/12\/el-sabor-dulce-y-refinado-del-jamon-parma-ideal-para-celebraciones-especiales\/"]}]},{"@type":"ImageObject","inLanguage":"es","@id":"https:\/\/noti-america.com\/site\/venezuela\/2021\/08\/12\/el-sabor-dulce-y-refinado-del-jamon-parma-ideal-para-celebraciones-especiales\/#primaryimage","url":"https:\/\/noti-america.com\/site\/venezuela\/wp-content\/uploads\/sites\/2\/2021\/08\/JAMON-PARMA.jpg","contentUrl":"https:\/\/noti-america.com\/site\/venezuela\/wp-content\/uploads\/sites\/2\/2021\/08\/JAMON-PARMA.jpg","width":1650,"height":1100},{"@type":"BreadcrumbList","@id":"https:\/\/noti-america.com\/site\/venezuela\/2021\/08\/12\/el-sabor-dulce-y-refinado-del-jamon-parma-ideal-para-celebraciones-especiales\/#breadcrumb","itemListElement":[{"@type":"ListItem","position":1,"name":"Portada","item":"https:\/\/noti-america.com\/site\/venezuela\/"},{"@type":"ListItem","position":2,"name":"El sabor dulce y refinado del jam\u00f3n Parma ideal para celebraciones especiales"}]},{"@type":"WebSite","@id":"https:\/\/noti-america.com\/site\/venezuela\/#website","url":"https:\/\/noti-america.com\/site\/venezuela\/","name":"Venezuela | Noti-America.com","description":"","publisher":{"@id":"https:\/\/noti-america.com\/site\/venezuela\/#organization"},"potentialAction":[{"@type":"SearchAction","target":{"@type":"EntryPoint","urlTemplate":"https:\/\/noti-america.com\/site\/venezuela\/?s={search_term_string}"},"query-input":{"@type":"PropertyValueSpecification","valueRequired":true,"valueName":"search_term_string"}}],"inLanguage":"es"},{"@type":"Organization","@id":"https:\/\/noti-america.com\/site\/venezuela\/#organization","name":"Noti-America LLC | Venezuela","url":"https:\/\/noti-america.com\/site\/venezuela\/","logo":{"@type":"ImageObject","inLanguage":"es","@id":"https:\/\/noti-america.com\/site\/venezuela\/#\/schema\/logo\/image\/","url":"https:\/\/noti-america.com\/site\/venezuela\/wp-content\/uploads\/sites\/2\/2020\/07\/LogoNA-4x3-1.jpg","contentUrl":"https:\/\/noti-america.com\/site\/venezuela\/wp-content\/uploads\/sites\/2\/2020\/07\/LogoNA-4x3-1.jpg","width":1236,"height":1080,"caption":"Noti-America LLC | Venezuela"},"image":{"@id":"https:\/\/noti-america.com\/site\/venezuela\/#\/schema\/logo\/image\/"}},{"@type":"Person","@id":"https:\/\/noti-america.com\/site\/venezuela\/#\/schema\/person\/fd58dbfb92a257e9dc5761bf69a855ff","name":"Rosmer Herrera","image":{"@type":"ImageObject","inLanguage":"es","@id":"https:\/\/secure.gravatar.com\/avatar\/153e75c261394dbf20ff1a1e70ea2be9494f2b40b7fc4e7704084db13220ae08?s=96&d=mm&r=g","url":"https:\/\/secure.gravatar.com\/avatar\/153e75c261394dbf20ff1a1e70ea2be9494f2b40b7fc4e7704084db13220ae08?s=96&d=mm&r=g","contentUrl":"https:\/\/secure.gravatar.com\/avatar\/153e75c261394dbf20ff1a1e70ea2be9494f2b40b7fc4e7704084db13220ae08?s=96&d=mm&r=g","caption":"Rosmer Herrera"},"url":"https:\/\/noti-america.com\/site\/venezuela\/author\/rosmer33\/"}]}},"_links":{"self":[{"href":"https:\/\/noti-america.com\/site\/venezuela\/wp-json\/wp\/v2\/posts\/15927","targetHints":{"allow":["GET"]}}],"collection":[{"href":"https:\/\/noti-america.com\/site\/venezuela\/wp-json\/wp\/v2\/posts"}],"about":[{"href":"https:\/\/noti-america.com\/site\/venezuela\/wp-json\/wp\/v2\/types\/post"}],"author":[{"embeddable":true,"href":"https:\/\/noti-america.com\/site\/venezuela\/wp-json\/wp\/v2\/users\/1"}],"replies":[{"embeddable":true,"href":"https:\/\/noti-america.com\/site\/venezuela\/wp-json\/wp\/v2\/comments?post=15927"}],"version-history":[{"count":1,"href":"https:\/\/noti-america.com\/site\/venezuela\/wp-json\/wp\/v2\/posts\/15927\/revisions"}],"predecessor-version":[{"id":15928,"href":"https:\/\/noti-america.com\/site\/venezuela\/wp-json\/wp\/v2\/posts\/15927\/revisions\/15928"}],"wp:featuredmedia":[{"embeddable":true,"href":"https:\/\/noti-america.com\/site\/venezuela\/wp-json\/wp\/v2\/media\/15929"}],"wp:attachment":[{"href":"https:\/\/noti-america.com\/site\/venezuela\/wp-json\/wp\/v2\/media?parent=15927"}],"wp:term":[{"taxonomy":"category","embeddable":true,"href":"https:\/\/noti-america.com\/site\/venezuela\/wp-json\/wp\/v2\/categories?post=15927"},{"taxonomy":"post_tag","embeddable":true,"href":"https:\/\/noti-america.com\/site\/venezuela\/wp-json\/wp\/v2\/tags?post=15927"}],"curies":[{"name":"wp","href":"https:\/\/api.w.org\/{rel}","templated":true}]}}