{"id":15900,"date":"2021-08-09T18:50:17","date_gmt":"2021-08-09T18:50:17","guid":{"rendered":"https:\/\/noti-america.com\/site\/venezuela\/2021\/08\/09\/las-cinco-enfermedades-mas-recurrentes-en-el-cerebro\/"},"modified":"2021-08-09T22:50:28","modified_gmt":"2021-08-09T22:50:28","slug":"las-cinco-enfermedades-mas-recurrentes-en-el-cerebro","status":"publish","type":"post","link":"https:\/\/noti-america.com\/site\/venezuela\/2021\/08\/09\/las-cinco-enfermedades-mas-recurrentes-en-el-cerebro\/","title":{"rendered":"Las cinco enfermedades m\u00e1s recurrentes en el cerebro"},"content":{"rendered":"<p style=\"text-align: justify;\">Nota de Prensa<\/p>\n<p class=\"v1MsoNormal\" style=\"text-align: justify;\" align=\"center\"><span lang=\"ES\">La Hidrocefalia, craneosinostosis, migra\u00f1a, tumores cerebrales, hidrocefalia normotensiva son patolog\u00edas recurrentes en ni\u00f1os, adolescentes y adultos \u00a0seg\u00fan advierte el neur\u00f3logo\u00a0 Radovan Sancevic, del GMSP.<\/span><\/p>\n<p class=\"v1MsoNormal\" style=\"text-align: justify;\"><span lang=\"ES\">Hombres, mujeres, ni\u00f1os y adultos mayores est\u00e1n expuestos a diversas patolog\u00edas que pueden afectar el cerebro y su funcionamiento; algunas pueden tratarse con m\u00e9todos farmacol\u00f3gicos, otras en cambio llevan obligatoriamente al quir\u00f3fano.<\/span><\/p>\n<p class=\"v1MsoNormal\" style=\"text-align: justify;\"><span lang=\"ES\">A prop\u00f3sito del d\u00eda Mundial del Cerebro que se celebra el 22 de julio, el doctor Radovan Sancevic, neur\u00f3logo del Grupo M\u00e9dico Santa Paula (GMSP), con una amplia trayectoria en el cuidado de este \u00f3rgano, comparti\u00f3 el listado de las patolog\u00edas m\u00e1s recurrentes que pueden afectar \u00a0al cerebro, durante el desarrollo de una persona.<\/span><\/p>\n<p class=\"v1MsoNormal\" style=\"text-align: justify;\"><span lang=\"ES\">Siendo el cerebro el encargado de integrar toda la informaci\u00f3n recibida por los \u00f3rganos sensoriales y organizar una respuesta, adem\u00e1s de ser el responsable de controlar las funciones motoras, emocionales y cognitivas como los son el razonamiento, la expresi\u00f3n emocional y la memoria, es importante conocer qu\u00e9 hacer cuando algo falla.<\/span><\/p>\n<p class=\"v1MsoNormal\" style=\"text-align: justify;\"><b><span lang=\"ES\">Ni\u00f1os: Hidrocefalia y craneosinostosis<\/span><\/b><\/p>\n<p class=\"v1MsoNormal\" style=\"text-align: justify;\"><span lang=\"ES\">El doctor Sancevic\u00a0 explica que la patolog\u00eda m\u00e1s recurrente en los ni\u00f1os reci\u00e9n nacidos es la hidrocefalia, la cual se \u00a0caracteriza por la acumulaci\u00f3n de l\u00edquido encefaloraqu\u00eddeo a nivel de las cavidades del cerebro.<\/span><\/p>\n<p class=\"v1MsoNormal\" style=\"text-align: justify;\"><span lang=\"ES\">\u00a0\u00abSe produce\u00a0 cuando hay alguna alteraci\u00f3n y comienza a crecer la cabeza de los ni\u00f1os. El tratamiento de la hidrocefalia es con v\u00e1lvulas, que funcionan con unos cat\u00e9teres colocados dentro de esas cavidades, y que permiten drenar el l\u00edquido\u00a0 hacia el abdomen. Es una patolog\u00eda reversible\u00bb.<\/span><\/p>\n<p class=\"v1MsoNormal\" style=\"text-align: justify;\"><span lang=\"ES\">Otra \u00a0frecuente en los ni\u00f1os es la\u00a0<\/span><span lang=\"ES-UY\">craneosinostosis<b>.\u00a0<\/b>\u00abE<\/span><span lang=\"ES-UY\">s un defecto de nacimiento, en el cual los huesos del cr\u00e1neo del beb\u00e9 se cierran prematuramente<\/span><span lang=\"ES\">, haciendo que el crecimiento de su cabeza \u00a0no sea\u00a0 regular; es decir, en todas las direcciones, y por el contrario puede crecer m\u00e1s \u00a0la frente o la parte de atr\u00e1s. Eso es\u00a0 lo que llaman ni\u00f1os cabeza de mango, o las plagiocefalia.\u00a0 Hay diferentes tipos\u00a0 de craneosinostosis y se resuelven con intervenciones quir\u00fargicas\u00a0 en las que se eliminan\u00a0 las uniones anormales de los huesos, y se\u00a0 realizan reconstrucciones casi completas de la b\u00f3veda craneal.\u00bb<\/span><\/p>\n<p class=\"v1MsoNormal\" style=\"text-align: justify;\"><b><span lang=\"ES\">Adolescentes: Migra\u00f1as por chocolates y refrescos oscuros<\/span><\/b><\/p>\n<p class=\"v1MsoNormal\" style=\"text-align: justify;\"><span lang=\"ES\">Entre los adolescentes,\u00a0 la patolog\u00eda\u00a0 m\u00e1s frecuente \u00a0es la migra\u00f1a. \u00abEs un dolor de cabeza, o las famosas jaquecas que puede comenzar en edades de 10 a 15 a\u00f1os. Frecuentemente se registra m\u00e1s en\u00a0 mujeres, y \u00a0es un dolor de cabeza que va a estar contigo toda tu vida, con per\u00edodos mejores y otros menos. Para estos casos, hay tratamientos preventivos, y tratamientos medicamentosos para \u00a0las crisis severas,\u00bb seg\u00fan explica el doctor.<\/span><\/p>\n<p class=\"v1MsoNormal\" style=\"text-align: justify;\"><span lang=\"ES\">Al detallar las causas de la migra\u00f1a en adolescentes, el doctor Sancevic explica que \u00abest\u00e1 \u00a0asociada normalmente a un tipo de comidas como los\u00a0 chocolates, refrescos oscuros y jugos; por ello deben evitar este tipo de productos.\u00bb<\/span><\/p>\n<p class=\"v1MsoNormal\" style=\"text-align: justify;\"><span lang=\"ES\">Otra patolog\u00eda recurrente en los adolescentes y que afecta directamente al cerebro es la epilepsia,\u00a0 que se caracteriza por \u00a0convulsiones.<\/span><\/p>\n<p class=\"v1MsoNormal\" style=\"text-align: justify;\"><b><span lang=\"ES\">Adultos: Tumores cerebrales<\/span><\/b><\/p>\n<p class=\"v1MsoNormal\" style=\"text-align: justify;\"><span lang=\"ES\">En los casos de adultos, las patolog\u00edas m\u00e1s frecuentes, seg\u00fan el experto del GMSP,\u00a0 son los tumores cerebrales. \u00abHay tumores\u00a0 malignos y benignos, hay c\u00e1ncer de cerebro\u00bb.<\/span><\/p>\n<p class=\"v1MsoNormal\" style=\"text-align: justify;\"><span lang=\"ES\">En el caso de los \u00a0pacientes mayores de 70 a\u00f1os, la patolog\u00eda muy frecuente que se observa \u00a0es la hidrocefalia normotensiva del adulto, \u00abque es una acumulaci\u00f3n \u00a0de l\u00edquido anormal\u00a0 que produce la enfermedad de Hacking, que produce un trastorno de la marcha, urinarios y cognitivos. Es importante conocerla porque, es la \u00fanica demencia en el adulto mayor que es reversible. Si se le coloca una v\u00e1lvula en el cerebro el paciente mejora; de all\u00ed la importancia del diagn\u00f3stico.<\/span><\/p>\n<p class=\"v1MsoNormal\" style=\"text-align: justify;\"><b><span lang=\"ES\">C\u00f3mo cuidar nuestro cerebro<\/span><\/b><\/p>\n<p class=\"v1MsoNormal\" style=\"text-align: justify;\"><span lang=\"ES\">Son m\u00faltiples los estudios que se\u00f1alan que cuidar la tensi\u00f3n, controlar el az\u00facar y evitar fumar son acciones de protecci\u00f3n al cerebro. En tal sentido el doctor Sancevic destaca adem\u00e1s que es importante tambi\u00e9n hacer ejercicio.<\/span><\/p>\n<p class=\"v1MsoNormal\" style=\"text-align: justify;\"><span lang=\"ES\">Las personas que hacen ejercicio tienen mejor memoria y una mayor actividad cognitiva con el paso de los a\u00f1os.\u00a0 Hacer ejercicios anaer\u00f3bicos \u00a0permite una mejor oxigenaci\u00f3n del cerebro. Tambi\u00e9n una buena dieta,\u00a0 baja en colesterol, en triglic\u00e9ridos y en carbohidratos.<\/span><\/p>\n<p class=\"v1MsoNormal\" style=\"text-align: justify;\"><span lang=\"ES\">\u00abY finalmente una cosa que poco le paran, hay que descansar. Hay que dormir las horas necesarias, entre 5 y 8 horas. Es el tiempo que \u00a0el cerebro necesita \u00a0pues\u00a0 las neuronas se nutren mejor cuando \u00a0duermes\u00bb.<\/span><\/p>\n<p class=\"v1MsoNormal\" style=\"text-align: justify;\"><b><span lang=\"ES\">Diagn\u00f3sticos y tratamientos<\/span><\/b><\/p>\n<p class=\"v1MsoNormal\" style=\"text-align: justify;\"><span lang=\"ES\">En la actualidad el GMSP cuenta con una Unidad de Imagenolog\u00eda\u00a0 que trabaja los 365 d\u00edas del a\u00f1o, las 24 horas del d\u00eda, lo que permite atender los requerimientos de los especialistas en cuanto a resonancias magn\u00e9ticas, tomograf\u00edas,\u00a0 arteriograf\u00eda, entre otros estudios, que permitir\u00e1n un oportuno diagn\u00f3stico y tratamiento.<\/span><\/p>\n<p class=\"v1MsoNormal\" style=\"text-align: justify;\"><span lang=\"ES\">Disponer del personal especializado para neurocirug\u00edas infantiles y de adultos\u00a0 adem\u00e1s de\u00a0 quir\u00f3fanos bien equipados, permiten proyectar el \u00e9xito de cada una de las intervenciones que se realizan en este centro de salud que marca pauta en la vanguardia tecnol\u00f3gica en el pa\u00eds.\u00a0<\/span><\/p>\n","protected":false},"excerpt":{"rendered":"<p>Nota de Prensa La Hidrocefalia, craneosinostosis, migra\u00f1a, tumores cerebrales, hidrocefalia normotensiva son patolog\u00edas recurrentes en ni\u00f1os, adolescentes y adultos \u00a0seg\u00fan advierte el neur\u00f3logo\u00a0 Radovan Sancevic, del GMSP. Hombres, mujeres, ni\u00f1os y adultos mayores est\u00e1n&#46;&#46;&#46;<\/p>\n","protected":false},"author":1,"featured_media":15901,"comment_status":"open","ping_status":"open","sticky":false,"template":"","format":"image","meta":{"_acf_changed":false,"om_disable_all_campaigns":false,"rop_custom_images_group":[],"rop_custom_messages_group":[],"rop_publish_now":"initial","rop_publish_now_accounts":{"twitter_242054905_242054905":""},"rop_publish_now_history":[],"rop_publish_now_status":"pending","_uf_show_specific_survey":0,"_uf_disable_surveys":false,"footnotes":""},"categories":[132,13],"tags":[],"class_list":["post-15900","post","type-post","status-publish","format-image","has-post-thumbnail","hentry","category-actualidad","category-vida-y-salud","post_format-post-format-image"],"acf":[],"aioseo_notices":[],"yoast_head":"<!-- This site is optimized with the Yoast SEO Premium plugin v24.9 (Yoast SEO v27.2) - https:\/\/yoast.com\/product\/yoast-seo-premium-wordpress\/ -->\n<title>Las cinco enfermedades m\u00e1s recurrentes en el cerebro - Venezuela | Noti-America.com<\/title>\n<meta name=\"robots\" content=\"index, follow, max-snippet:-1, max-image-preview:large, max-video-preview:-1\" \/>\n<link rel=\"canonical\" href=\"https:\/\/noti-america.com\/site\/venezuela\/2021\/08\/09\/las-cinco-enfermedades-mas-recurrentes-en-el-cerebro\/\" \/>\n<meta property=\"og:locale\" content=\"es_ES\" \/>\n<meta property=\"og:type\" content=\"article\" \/>\n<meta property=\"og:title\" content=\"Las cinco enfermedades m\u00e1s recurrentes en el cerebro\" \/>\n<meta property=\"og:description\" content=\"Nota de Prensa La Hidrocefalia, craneosinostosis, migra\u00f1a, tumores cerebrales, hidrocefalia normotensiva son patolog\u00edas recurrentes en ni\u00f1os, adolescentes y adultos \u00a0seg\u00fan advierte el neur\u00f3logo\u00a0 Radovan Sancevic, del GMSP. Hombres, mujeres, ni\u00f1os y adultos mayores est\u00e1n&#046;&#046;&#046;\" \/>\n<meta property=\"og:url\" content=\"https:\/\/noti-america.com\/site\/venezuela\/2021\/08\/09\/las-cinco-enfermedades-mas-recurrentes-en-el-cerebro\/\" \/>\n<meta property=\"og:site_name\" content=\"Venezuela | Noti-America.com\" \/>\n<meta property=\"article:published_time\" content=\"2021-08-09T18:50:17+00:00\" \/>\n<meta property=\"article:modified_time\" content=\"2021-08-09T22:50:28+00:00\" \/>\n<meta property=\"og:image\" content=\"https:\/\/noti-america.com\/site\/venezuela\/wp-content\/uploads\/sites\/2\/2021\/08\/mental-3436232_960_720.jpg\" \/>\n\t<meta property=\"og:image:width\" content=\"960\" \/>\n\t<meta property=\"og:image:height\" content=\"528\" \/>\n\t<meta property=\"og:image:type\" content=\"image\/jpeg\" \/>\n<meta name=\"author\" content=\"Rosmer Herrera\" \/>\n<meta name=\"twitter:card\" content=\"summary_large_image\" \/>\n<meta name=\"twitter:label1\" content=\"Escrito por\" \/>\n\t<meta name=\"twitter:data1\" content=\"Rosmer Herrera\" \/>\n\t<meta name=\"twitter:label2\" content=\"Tiempo estimado de lectura\" \/>\n\t<meta name=\"twitter:data2\" content=\"4 minutos\" \/>\n<script type=\"application\/ld+json\" class=\"yoast-schema-graph\">{\"@context\":\"https:\/\/schema.org\",\"@graph\":[{\"@type\":\"Article\",\"@id\":\"https:\/\/noti-america.com\/site\/venezuela\/2021\/08\/09\/las-cinco-enfermedades-mas-recurrentes-en-el-cerebro\/#article\",\"isPartOf\":{\"@id\":\"https:\/\/noti-america.com\/site\/venezuela\/2021\/08\/09\/las-cinco-enfermedades-mas-recurrentes-en-el-cerebro\/\"},\"author\":{\"name\":\"Rosmer Herrera\",\"@id\":\"https:\/\/noti-america.com\/site\/venezuela\/#\/schema\/person\/fd58dbfb92a257e9dc5761bf69a855ff\"},\"headline\":\"Las cinco enfermedades m\u00e1s recurrentes en el cerebro\",\"datePublished\":\"2021-08-09T18:50:17+00:00\",\"dateModified\":\"2021-08-09T22:50:28+00:00\",\"mainEntityOfPage\":{\"@id\":\"https:\/\/noti-america.com\/site\/venezuela\/2021\/08\/09\/las-cinco-enfermedades-mas-recurrentes-en-el-cerebro\/\"},\"wordCount\":895,\"commentCount\":0,\"publisher\":{\"@id\":\"https:\/\/noti-america.com\/site\/venezuela\/#organization\"},\"image\":{\"@id\":\"https:\/\/noti-america.com\/site\/venezuela\/2021\/08\/09\/las-cinco-enfermedades-mas-recurrentes-en-el-cerebro\/#primaryimage\"},\"thumbnailUrl\":\"https:\/\/noti-america.com\/site\/venezuela\/wp-content\/uploads\/sites\/2\/2021\/08\/mental-3436232_960_720.jpg\",\"articleSection\":[\"Actualidad\",\"Vida y Salud\"],\"inLanguage\":\"es\",\"potentialAction\":[{\"@type\":\"CommentAction\",\"name\":\"Comment\",\"target\":[\"https:\/\/noti-america.com\/site\/venezuela\/2021\/08\/09\/las-cinco-enfermedades-mas-recurrentes-en-el-cerebro\/#respond\"]}]},{\"@type\":\"WebPage\",\"@id\":\"https:\/\/noti-america.com\/site\/venezuela\/2021\/08\/09\/las-cinco-enfermedades-mas-recurrentes-en-el-cerebro\/\",\"url\":\"https:\/\/noti-america.com\/site\/venezuela\/2021\/08\/09\/las-cinco-enfermedades-mas-recurrentes-en-el-cerebro\/\",\"name\":\"Las cinco enfermedades m\u00e1s recurrentes en el cerebro - Venezuela | Noti-America.com\",\"isPartOf\":{\"@id\":\"https:\/\/noti-america.com\/site\/venezuela\/#website\"},\"primaryImageOfPage\":{\"@id\":\"https:\/\/noti-america.com\/site\/venezuela\/2021\/08\/09\/las-cinco-enfermedades-mas-recurrentes-en-el-cerebro\/#primaryimage\"},\"image\":{\"@id\":\"https:\/\/noti-america.com\/site\/venezuela\/2021\/08\/09\/las-cinco-enfermedades-mas-recurrentes-en-el-cerebro\/#primaryimage\"},\"thumbnailUrl\":\"https:\/\/noti-america.com\/site\/venezuela\/wp-content\/uploads\/sites\/2\/2021\/08\/mental-3436232_960_720.jpg\",\"datePublished\":\"2021-08-09T18:50:17+00:00\",\"dateModified\":\"2021-08-09T22:50:28+00:00\",\"breadcrumb\":{\"@id\":\"https:\/\/noti-america.com\/site\/venezuela\/2021\/08\/09\/las-cinco-enfermedades-mas-recurrentes-en-el-cerebro\/#breadcrumb\"},\"inLanguage\":\"es\",\"potentialAction\":[{\"@type\":\"ReadAction\",\"target\":[\"https:\/\/noti-america.com\/site\/venezuela\/2021\/08\/09\/las-cinco-enfermedades-mas-recurrentes-en-el-cerebro\/\"]}]},{\"@type\":\"ImageObject\",\"inLanguage\":\"es\",\"@id\":\"https:\/\/noti-america.com\/site\/venezuela\/2021\/08\/09\/las-cinco-enfermedades-mas-recurrentes-en-el-cerebro\/#primaryimage\",\"url\":\"https:\/\/noti-america.com\/site\/venezuela\/wp-content\/uploads\/sites\/2\/2021\/08\/mental-3436232_960_720.jpg\",\"contentUrl\":\"https:\/\/noti-america.com\/site\/venezuela\/wp-content\/uploads\/sites\/2\/2021\/08\/mental-3436232_960_720.jpg\",\"width\":960,\"height\":528},{\"@type\":\"BreadcrumbList\",\"@id\":\"https:\/\/noti-america.com\/site\/venezuela\/2021\/08\/09\/las-cinco-enfermedades-mas-recurrentes-en-el-cerebro\/#breadcrumb\",\"itemListElement\":[{\"@type\":\"ListItem\",\"position\":1,\"name\":\"Portada\",\"item\":\"https:\/\/noti-america.com\/site\/venezuela\/\"},{\"@type\":\"ListItem\",\"position\":2,\"name\":\"Las cinco enfermedades m\u00e1s recurrentes en el cerebro\"}]},{\"@type\":\"WebSite\",\"@id\":\"https:\/\/noti-america.com\/site\/venezuela\/#website\",\"url\":\"https:\/\/noti-america.com\/site\/venezuela\/\",\"name\":\"Venezuela | Noti-America.com\",\"description\":\"\",\"publisher\":{\"@id\":\"https:\/\/noti-america.com\/site\/venezuela\/#organization\"},\"potentialAction\":[{\"@type\":\"SearchAction\",\"target\":{\"@type\":\"EntryPoint\",\"urlTemplate\":\"https:\/\/noti-america.com\/site\/venezuela\/?s={search_term_string}\"},\"query-input\":{\"@type\":\"PropertyValueSpecification\",\"valueRequired\":true,\"valueName\":\"search_term_string\"}}],\"inLanguage\":\"es\"},{\"@type\":\"Organization\",\"@id\":\"https:\/\/noti-america.com\/site\/venezuela\/#organization\",\"name\":\"Noti-America LLC | Venezuela\",\"url\":\"https:\/\/noti-america.com\/site\/venezuela\/\",\"logo\":{\"@type\":\"ImageObject\",\"inLanguage\":\"es\",\"@id\":\"https:\/\/noti-america.com\/site\/venezuela\/#\/schema\/logo\/image\/\",\"url\":\"https:\/\/noti-america.com\/site\/venezuela\/wp-content\/uploads\/sites\/2\/2020\/07\/LogoNA-4x3-1.jpg\",\"contentUrl\":\"https:\/\/noti-america.com\/site\/venezuela\/wp-content\/uploads\/sites\/2\/2020\/07\/LogoNA-4x3-1.jpg\",\"width\":1236,\"height\":1080,\"caption\":\"Noti-America LLC | Venezuela\"},\"image\":{\"@id\":\"https:\/\/noti-america.com\/site\/venezuela\/#\/schema\/logo\/image\/\"}},{\"@type\":\"Person\",\"@id\":\"https:\/\/noti-america.com\/site\/venezuela\/#\/schema\/person\/fd58dbfb92a257e9dc5761bf69a855ff\",\"name\":\"Rosmer Herrera\",\"image\":{\"@type\":\"ImageObject\",\"inLanguage\":\"es\",\"@id\":\"https:\/\/secure.gravatar.com\/avatar\/153e75c261394dbf20ff1a1e70ea2be9494f2b40b7fc4e7704084db13220ae08?s=96&d=mm&r=g\",\"url\":\"https:\/\/secure.gravatar.com\/avatar\/153e75c261394dbf20ff1a1e70ea2be9494f2b40b7fc4e7704084db13220ae08?s=96&d=mm&r=g\",\"contentUrl\":\"https:\/\/secure.gravatar.com\/avatar\/153e75c261394dbf20ff1a1e70ea2be9494f2b40b7fc4e7704084db13220ae08?s=96&d=mm&r=g\",\"caption\":\"Rosmer Herrera\"},\"url\":\"https:\/\/noti-america.com\/site\/venezuela\/author\/rosmer33\/\"}]}<\/script>\n<!-- \/ Yoast SEO Premium plugin. -->","yoast_head_json":{"title":"Las cinco enfermedades m\u00e1s recurrentes en el cerebro - Venezuela | Noti-America.com","robots":{"index":"index","follow":"follow","max-snippet":"max-snippet:-1","max-image-preview":"max-image-preview:large","max-video-preview":"max-video-preview:-1"},"canonical":"https:\/\/noti-america.com\/site\/venezuela\/2021\/08\/09\/las-cinco-enfermedades-mas-recurrentes-en-el-cerebro\/","og_locale":"es_ES","og_type":"article","og_title":"Las cinco enfermedades m\u00e1s recurrentes en el cerebro","og_description":"Nota de Prensa La Hidrocefalia, craneosinostosis, migra\u00f1a, tumores cerebrales, hidrocefalia normotensiva son patolog\u00edas recurrentes en ni\u00f1os, adolescentes y adultos \u00a0seg\u00fan advierte el neur\u00f3logo\u00a0 Radovan Sancevic, del GMSP. Hombres, mujeres, ni\u00f1os y adultos mayores est\u00e1n&#46;&#46;&#46;","og_url":"https:\/\/noti-america.com\/site\/venezuela\/2021\/08\/09\/las-cinco-enfermedades-mas-recurrentes-en-el-cerebro\/","og_site_name":"Venezuela | Noti-America.com","article_published_time":"2021-08-09T18:50:17+00:00","article_modified_time":"2021-08-09T22:50:28+00:00","og_image":[{"width":960,"height":528,"url":"https:\/\/noti-america.com\/site\/venezuela\/wp-content\/uploads\/sites\/2\/2021\/08\/mental-3436232_960_720.jpg","type":"image\/jpeg"}],"author":"Rosmer Herrera","twitter_card":"summary_large_image","twitter_misc":{"Escrito por":"Rosmer Herrera","Tiempo estimado de lectura":"4 minutos"},"schema":{"@context":"https:\/\/schema.org","@graph":[{"@type":"Article","@id":"https:\/\/noti-america.com\/site\/venezuela\/2021\/08\/09\/las-cinco-enfermedades-mas-recurrentes-en-el-cerebro\/#article","isPartOf":{"@id":"https:\/\/noti-america.com\/site\/venezuela\/2021\/08\/09\/las-cinco-enfermedades-mas-recurrentes-en-el-cerebro\/"},"author":{"name":"Rosmer Herrera","@id":"https:\/\/noti-america.com\/site\/venezuela\/#\/schema\/person\/fd58dbfb92a257e9dc5761bf69a855ff"},"headline":"Las cinco enfermedades m\u00e1s recurrentes en el cerebro","datePublished":"2021-08-09T18:50:17+00:00","dateModified":"2021-08-09T22:50:28+00:00","mainEntityOfPage":{"@id":"https:\/\/noti-america.com\/site\/venezuela\/2021\/08\/09\/las-cinco-enfermedades-mas-recurrentes-en-el-cerebro\/"},"wordCount":895,"commentCount":0,"publisher":{"@id":"https:\/\/noti-america.com\/site\/venezuela\/#organization"},"image":{"@id":"https:\/\/noti-america.com\/site\/venezuela\/2021\/08\/09\/las-cinco-enfermedades-mas-recurrentes-en-el-cerebro\/#primaryimage"},"thumbnailUrl":"https:\/\/noti-america.com\/site\/venezuela\/wp-content\/uploads\/sites\/2\/2021\/08\/mental-3436232_960_720.jpg","articleSection":["Actualidad","Vida y Salud"],"inLanguage":"es","potentialAction":[{"@type":"CommentAction","name":"Comment","target":["https:\/\/noti-america.com\/site\/venezuela\/2021\/08\/09\/las-cinco-enfermedades-mas-recurrentes-en-el-cerebro\/#respond"]}]},{"@type":"WebPage","@id":"https:\/\/noti-america.com\/site\/venezuela\/2021\/08\/09\/las-cinco-enfermedades-mas-recurrentes-en-el-cerebro\/","url":"https:\/\/noti-america.com\/site\/venezuela\/2021\/08\/09\/las-cinco-enfermedades-mas-recurrentes-en-el-cerebro\/","name":"Las cinco enfermedades m\u00e1s recurrentes en el cerebro - Venezuela | Noti-America.com","isPartOf":{"@id":"https:\/\/noti-america.com\/site\/venezuela\/#website"},"primaryImageOfPage":{"@id":"https:\/\/noti-america.com\/site\/venezuela\/2021\/08\/09\/las-cinco-enfermedades-mas-recurrentes-en-el-cerebro\/#primaryimage"},"image":{"@id":"https:\/\/noti-america.com\/site\/venezuela\/2021\/08\/09\/las-cinco-enfermedades-mas-recurrentes-en-el-cerebro\/#primaryimage"},"thumbnailUrl":"https:\/\/noti-america.com\/site\/venezuela\/wp-content\/uploads\/sites\/2\/2021\/08\/mental-3436232_960_720.jpg","datePublished":"2021-08-09T18:50:17+00:00","dateModified":"2021-08-09T22:50:28+00:00","breadcrumb":{"@id":"https:\/\/noti-america.com\/site\/venezuela\/2021\/08\/09\/las-cinco-enfermedades-mas-recurrentes-en-el-cerebro\/#breadcrumb"},"inLanguage":"es","potentialAction":[{"@type":"ReadAction","target":["https:\/\/noti-america.com\/site\/venezuela\/2021\/08\/09\/las-cinco-enfermedades-mas-recurrentes-en-el-cerebro\/"]}]},{"@type":"ImageObject","inLanguage":"es","@id":"https:\/\/noti-america.com\/site\/venezuela\/2021\/08\/09\/las-cinco-enfermedades-mas-recurrentes-en-el-cerebro\/#primaryimage","url":"https:\/\/noti-america.com\/site\/venezuela\/wp-content\/uploads\/sites\/2\/2021\/08\/mental-3436232_960_720.jpg","contentUrl":"https:\/\/noti-america.com\/site\/venezuela\/wp-content\/uploads\/sites\/2\/2021\/08\/mental-3436232_960_720.jpg","width":960,"height":528},{"@type":"BreadcrumbList","@id":"https:\/\/noti-america.com\/site\/venezuela\/2021\/08\/09\/las-cinco-enfermedades-mas-recurrentes-en-el-cerebro\/#breadcrumb","itemListElement":[{"@type":"ListItem","position":1,"name":"Portada","item":"https:\/\/noti-america.com\/site\/venezuela\/"},{"@type":"ListItem","position":2,"name":"Las cinco enfermedades m\u00e1s recurrentes en el cerebro"}]},{"@type":"WebSite","@id":"https:\/\/noti-america.com\/site\/venezuela\/#website","url":"https:\/\/noti-america.com\/site\/venezuela\/","name":"Venezuela | Noti-America.com","description":"","publisher":{"@id":"https:\/\/noti-america.com\/site\/venezuela\/#organization"},"potentialAction":[{"@type":"SearchAction","target":{"@type":"EntryPoint","urlTemplate":"https:\/\/noti-america.com\/site\/venezuela\/?s={search_term_string}"},"query-input":{"@type":"PropertyValueSpecification","valueRequired":true,"valueName":"search_term_string"}}],"inLanguage":"es"},{"@type":"Organization","@id":"https:\/\/noti-america.com\/site\/venezuela\/#organization","name":"Noti-America LLC | Venezuela","url":"https:\/\/noti-america.com\/site\/venezuela\/","logo":{"@type":"ImageObject","inLanguage":"es","@id":"https:\/\/noti-america.com\/site\/venezuela\/#\/schema\/logo\/image\/","url":"https:\/\/noti-america.com\/site\/venezuela\/wp-content\/uploads\/sites\/2\/2020\/07\/LogoNA-4x3-1.jpg","contentUrl":"https:\/\/noti-america.com\/site\/venezuela\/wp-content\/uploads\/sites\/2\/2020\/07\/LogoNA-4x3-1.jpg","width":1236,"height":1080,"caption":"Noti-America LLC | Venezuela"},"image":{"@id":"https:\/\/noti-america.com\/site\/venezuela\/#\/schema\/logo\/image\/"}},{"@type":"Person","@id":"https:\/\/noti-america.com\/site\/venezuela\/#\/schema\/person\/fd58dbfb92a257e9dc5761bf69a855ff","name":"Rosmer Herrera","image":{"@type":"ImageObject","inLanguage":"es","@id":"https:\/\/secure.gravatar.com\/avatar\/153e75c261394dbf20ff1a1e70ea2be9494f2b40b7fc4e7704084db13220ae08?s=96&d=mm&r=g","url":"https:\/\/secure.gravatar.com\/avatar\/153e75c261394dbf20ff1a1e70ea2be9494f2b40b7fc4e7704084db13220ae08?s=96&d=mm&r=g","contentUrl":"https:\/\/secure.gravatar.com\/avatar\/153e75c261394dbf20ff1a1e70ea2be9494f2b40b7fc4e7704084db13220ae08?s=96&d=mm&r=g","caption":"Rosmer Herrera"},"url":"https:\/\/noti-america.com\/site\/venezuela\/author\/rosmer33\/"}]}},"_links":{"self":[{"href":"https:\/\/noti-america.com\/site\/venezuela\/wp-json\/wp\/v2\/posts\/15900","targetHints":{"allow":["GET"]}}],"collection":[{"href":"https:\/\/noti-america.com\/site\/venezuela\/wp-json\/wp\/v2\/posts"}],"about":[{"href":"https:\/\/noti-america.com\/site\/venezuela\/wp-json\/wp\/v2\/types\/post"}],"author":[{"embeddable":true,"href":"https:\/\/noti-america.com\/site\/venezuela\/wp-json\/wp\/v2\/users\/1"}],"replies":[{"embeddable":true,"href":"https:\/\/noti-america.com\/site\/venezuela\/wp-json\/wp\/v2\/comments?post=15900"}],"version-history":[{"count":1,"href":"https:\/\/noti-america.com\/site\/venezuela\/wp-json\/wp\/v2\/posts\/15900\/revisions"}],"predecessor-version":[{"id":15902,"href":"https:\/\/noti-america.com\/site\/venezuela\/wp-json\/wp\/v2\/posts\/15900\/revisions\/15902"}],"wp:featuredmedia":[{"embeddable":true,"href":"https:\/\/noti-america.com\/site\/venezuela\/wp-json\/wp\/v2\/media\/15901"}],"wp:attachment":[{"href":"https:\/\/noti-america.com\/site\/venezuela\/wp-json\/wp\/v2\/media?parent=15900"}],"wp:term":[{"taxonomy":"category","embeddable":true,"href":"https:\/\/noti-america.com\/site\/venezuela\/wp-json\/wp\/v2\/categories?post=15900"},{"taxonomy":"post_tag","embeddable":true,"href":"https:\/\/noti-america.com\/site\/venezuela\/wp-json\/wp\/v2\/tags?post=15900"}],"curies":[{"name":"wp","href":"https:\/\/api.w.org\/{rel}","templated":true}]}}