{"id":1587,"date":"2018-02-21T19:48:49","date_gmt":"2018-02-21T19:48:49","guid":{"rendered":"http:\/\/noti-america.com\/site\/venezuela\/?p=1587"},"modified":"2018-02-21T19:49:12","modified_gmt":"2018-02-21T19:49:12","slug":"experto-de-la-onu-determina-que-en-venezuela-no-hay-crisis-humanitaria","status":"publish","type":"post","link":"https:\/\/noti-america.com\/site\/venezuela\/2018\/02\/21\/experto-de-la-onu-determina-que-en-venezuela-no-hay-crisis-humanitaria\/","title":{"rendered":"Experto de la ONU determina que en Venezuela \u00abNo hay crisis humanitaria\u00bb"},"content":{"rendered":"<p>&nbsp;<\/p>\n<blockquote><p><strong>Si un experto \u00abhumanista\u00bb quiere conocer la situaci\u00f3n de Venezuela, debe llegar de inc\u00f3gnito, y no desplazarse en camionetas de lujo y menos hospedarse en hoteles 5 estrellas, porque lo interesante es ver y palpar, en lugar de pasar por \u00abdonde pasa la Reina\u00bb.<\/strong><\/p><\/blockquote>\n<p>Mientras en las diferentes regiones del pa\u00ecs los venezolanos se desmoralizan, pierden la confianza en las instituciones, no consiguen alimentos, medicinas, ni efectivo, sumado al incremento desmesurado de los productos que ataca su bolsillo, y le impide el desempe\u00f1o diario, un experto en materia humanitaria emite una conclusi\u00f3n nada proporcional a la realidad del pa\u00eds.<\/p>\n<p>El reconocido experto independiente de la Organizaci\u00f3n de Naciones Unidas (ONU) sobre la Promoci\u00f3n de Un Orden Internacional Democr\u00e1tico y Equitativo,\u00a0<strong>Alfred de Zayas<\/strong>, concluy\u00f3 tras su visita a Venezuela que este pa\u00eds no sufre una crisis humanitaria.<\/p>\n<p>\u00abHe comparado las estad\u00edsticas de Venezuela con la de otros pa\u00edses y no hay crisis humanitaria, desde luego hay escasez y desabastecimiento pero quien haya vivido y trabajado por d\u00e9cadas para Naciones Unidas y conoce la situaci\u00f3n de pa\u00edses de Asia, de \u00c1frica y algunos de Am\u00e9rica, sabe que la situaci\u00f3n de Venezuela no es una crisis humanitaria\u00bb, sostuvo este martes en entrevista a Telesur.<\/p>\n<p>De acuerdo a la sem\u00e1ntica de la frase Crisis Humanitaria, se le define como\u00a0una situaci\u00f3n de emergencia en la que se prev\u00e9n necesidades masivas de ayuda\u00a0<b>humanitaria<\/b>\u00a0en un grado muy superior a lo que podr\u00eda ser habitual, y que si no se suministran con suficiencia, eficacia y diligencia, desemboca en una cat\u00e1strofe\u00a0<b>humanitaria<\/b>.<\/p>\n<p>Sin embargo, seg\u00fan la Organizaci\u00f3n de las Naciones Unidas, crisis Humanitaria se vincula directamente con la ayuda en situaciones en tiempos de enfrentamientos b\u00e9licos (guerras), persecusiones, desastres naturales, entre otros.<\/p>\n<p>Pero c\u00f3mo se puede concluir un informe bajo la direcci\u00f3n de un gobierno que quiere hacer ver una realidad inexistente, y es que para elaborar el informe sobre la situaci\u00f3n en Venezuela, Zayas viaj\u00f3 para visitar a sectores de la oposici\u00f3n, Fedec\u00e1maras, la sociedad civil e Iglesia. As\u00ed como tamb\u00eden <strong>habl\u00f3 con 16 ministros del Gobierno, visit\u00f3 las Misiones Sociales y supermercados para conocer la realidad venezolana, rese\u00f1\u00f3 Telesur en su portal web.<\/strong><\/p>\n<div style=\"width: 487px\" class=\"wp-caption alignnone\"><img loading=\"lazy\" decoding=\"async\" class=\"\" src=\"http:\/\/cdn.elimpulso.com\/media\/2018\/02\/Madeirense-12.jpg\" alt=\"\" width=\"477\" height=\"320\" \/><p class=\"wp-caption-text\">Foto tomada por gr\u00e1ficos de El Impulso, el 19 de febrero de 2018, a un reconocido \u00absupermercado\u00bb en el este de Barquisimeto, vac\u00edo.<\/p><\/div>\n<p><img decoding=\"async\" src=\"http:\/\/cdn.elimpulso.com\/media\/2018\/02\/Madeirense-11.jpg\" \/><\/p>\n<div style=\"width: 610px\" class=\"wp-caption alignnone\"><img loading=\"lazy\" decoding=\"async\" src=\"http:\/\/elnacional.com.do\/wp-content\/uploads\/2016\/08\/crisis-humanitaria-en-venezuela.jpg\" alt=\"Resultado de imagen para define crisis humanitaria\" width=\"600\" height=\"320\" \/><p class=\"wp-caption-text\">Estas son imagenes reales de los mercados del gobierno que abastecen a los venezolanos, as\u00ed est\u00e1n en todo el pa\u00eds. A d\u00f3nde llevaron a Alfred Zayas.<\/p><\/div>\n<div id=\"attachment_1589\" style=\"width: 310px\" class=\"wp-caption alignnone\"><img loading=\"lazy\" decoding=\"async\" aria-describedby=\"caption-attachment-1589\" class=\"wp-image-1589 size-medium\" src=\"http:\/\/noti-america.com\/site\/venezuela\/wp-content\/uploads\/sites\/2\/2018\/02\/protestadialisis-2-300x184.jpg\" alt=\"\" width=\"300\" height=\"184\" srcset=\"https:\/\/noti-america.com\/site\/venezuela\/wp-content\/uploads\/sites\/2\/2018\/02\/protestadialisis-2-300x184.jpg 300w, https:\/\/noti-america.com\/site\/venezuela\/wp-content\/uploads\/sites\/2\/2018\/02\/protestadialisis-2.jpg 700w\" sizes=\"auto, (max-width: 300px) 100vw, 300px\" \/><p id=\"caption-attachment-1589\" class=\"wp-caption-text\">Esta situaci\u00f3n la mantienen los que exigen di\u00e1lisis, y ayer 20 de feb, el Hospital JM de los R\u00edos protagoniz\u00f3 protestas por estos problemas, no contar con inmunosupresores, o no tener material para dializar.<\/p><\/div>\n<blockquote class=\"twitter-tweet\" data-width=\"500\" data-dnt=\"true\">\n<p lang=\"es\" dir=\"ltr\">Padres de ni\u00f1os venezolanos se encadenaron en hospital para exigir medicinas <a href=\"https:\/\/twitter.com\/hashtag\/AFP?src=hash&amp;ref_src=twsrc%5Etfw\">#AFP<\/a> <a href=\"https:\/\/t.co\/0No6qkm5Ha\">https:\/\/t.co\/0No6qkm5Ha<\/a> <a href=\"https:\/\/t.co\/KDaiyvIUio\">pic.twitter.com\/KDaiyvIUio<\/a><\/p>\n<p>&mdash; Agence France-Presse (@AFPespanol) <a href=\"https:\/\/twitter.com\/AFPespanol\/status\/966089836225376257?ref_src=twsrc%5Etfw\">February 20, 2018<\/a><\/p><\/blockquote>\n<p><script async src=\"https:\/\/platform.twitter.com\/widgets.js\" charset=\"utf-8\"><\/script><\/p>\n<p>Lo que no hizo el se\u00f1or Zayas, es ver las gigantescas colas en los mercales y visitar los Bicentenarios vac\u00edos o las farmacias de Farmapatria tambi\u00e9n vac\u00edas, de manera que cual obra de teatro con un excelente core\u00f3grafo y maquillador, adem\u00e1s de ambientadores de altura, el Se\u00f1or Alfred Zayas hizo un recorrido por las convenientes instalaciones que el gobierno adec\u00faa para desvistuar la verdad, y no tuvo oportunidad, en su recorrido, por ejemplo, poder conocer los mineros del Guaire en pleno centro de la capital venezolana.<\/p>\n<p>Finalmente puedo agregar mi seria apreciaci\u00f3n, y es que no resulta casual que TELESUR una vez m\u00e1s sea el vocero de la realidad del pa\u00eds, el protagonismo comunicacional con ventajismo del que prevalecen impide que otros medios de comunicaci\u00f3n tengan acceso a determinadas informaciones, como esta reciente visita.<\/p>\n<p>El Se\u00f1or Alfred Zayas expres\u00f3 que fue invisible a otros medios de comunicaci\u00f3n, ahora cabe la pregunta, por qu\u00e9 su representante o secretaria no envi\u00f3 las misivas correspondientes y as\u00ed mostrar sin gr\u00edngolas las calles de este pobre pa\u00eds petrolero que no merece la miseria en la que se encuentra.<\/p>\n<blockquote class=\"twitter-tweet\" data-width=\"500\" data-dnt=\"true\">\n<p lang=\"es\" dir=\"ltr\">Contundente video de <a href=\"https:\/\/twitter.com\/ClaudioNazoa?ref_src=twsrc%5Etfw\">@ClaudioNazoa<\/a>  que se explica por s\u00ed solo. <a href=\"https:\/\/t.co\/lXvoNKq85E\">pic.twitter.com\/lXvoNKq85E<\/a><\/p>\n<p>&mdash; Leonardo Padr\u00f3n (@Leonardo_Padron) <a href=\"https:\/\/twitter.com\/Leonardo_Padron\/status\/966368468714115072?ref_src=twsrc%5Etfw\">February 21, 2018<\/a><\/p><\/blockquote>\n<p><script async src=\"https:\/\/platform.twitter.com\/widgets.js\" charset=\"utf-8\"><\/script><\/p>\n<blockquote class=\"twitter-tweet\" data-width=\"500\" data-dnt=\"true\">\n<p lang=\"es\" dir=\"ltr\">Padres de ni\u00f1os trasplantados inician protesta indefinida en Venezuela&#8230; <a href=\"https:\/\/t.co\/heNE7Z5UrF\">pic.twitter.com\/heNE7Z5UrF<\/a><\/p>\n<p>&mdash; Noticiero Digital (@NDtitulares) <a href=\"https:\/\/twitter.com\/NDtitulares\/status\/966395673921839104?ref_src=twsrc%5Etfw\">February 21, 2018<\/a><\/p><\/blockquote>\n<p><script async src=\"https:\/\/platform.twitter.com\/widgets.js\" charset=\"utf-8\"><\/script><\/p>\n<p>https:\/\/twitter.com\/NoticiasVenezue\/status\/966395648953257985<\/p>\n<blockquote class=\"twitter-tweet\" data-width=\"500\" data-dnt=\"true\">\n<p lang=\"es\" dir=\"ltr\">Corruptos de <a href=\"https:\/\/twitter.com\/hashtag\/PDVSA?src=hash&amp;ref_src=twsrc%5Etfw\">#PDVSA<\/a> PROHIBIERON a trabajadores seguir esta cuenta de Twitter. Una acci\u00f3n que deja claro ante el mundo civilizado la naturaleza DICTATORIAL del r\u00e9gimen de Nicol\u00e1s Maduro y sus c\u00f3mplices.El hambre de libertad de los venezolanos no la confiscan los delincuentes <a href=\"https:\/\/t.co\/h1sj476tHr\">pic.twitter.com\/h1sj476tHr<\/a><\/p>\n<p>&mdash; Maibort Petit (@maibortpetit) <a href=\"https:\/\/twitter.com\/maibortpetit\/status\/966332908951756801?ref_src=twsrc%5Etfw\">February 21, 2018<\/a><\/p><\/blockquote>\n<p><script async src=\"https:\/\/platform.twitter.com\/widgets.js\" charset=\"utf-8\"><\/script><\/p>\n<p><img decoding=\"async\" src=\"https:\/\/encrypted-tbn0.gstatic.com\/images?q=tbn:ANd9GcRuK7zTm9cHU0uqK36xN0SJ1B8LITZXnlxG24y5KxELqilNoyrxEA\" alt=\"Resultado de imagen para el nuevo transporte colectivo en venezuela\" \/><\/p>\n","protected":false},"excerpt":{"rendered":"<p>&nbsp; Si un experto \u00abhumanista\u00bb quiere conocer la situaci\u00f3n de Venezuela, debe llegar de inc\u00f3gnito, y no desplazarse en camionetas de lujo y menos hospedarse en hoteles 5 estrellas, porque lo interesante es ver&#46;&#46;&#46;<\/p>\n","protected":false},"author":11,"featured_media":1591,"comment_status":"open","ping_status":"open","sticky":false,"template":"","format":"standard","meta":{"_acf_changed":false,"om_disable_all_campaigns":false,"rop_custom_images_group":[],"rop_custom_messages_group":[],"rop_publish_now":"initial","rop_publish_now_accounts":{"twitter_242054905_242054905":""},"rop_publish_now_history":[],"rop_publish_now_status":"pending","_uf_show_specific_survey":0,"_uf_disable_surveys":false,"footnotes":""},"categories":[5,4,12],"tags":[],"class_list":["post-1587","post","type-post","status-publish","format-standard","has-post-thumbnail","hentry","category-economia","category-internacionales","category-opinion"],"acf":[],"aioseo_notices":[],"yoast_head":"<!-- This site is optimized with the Yoast SEO Premium plugin v24.9 (Yoast SEO v27.2) - https:\/\/yoast.com\/product\/yoast-seo-premium-wordpress\/ -->\n<title>Experto de la ONU determina que en Venezuela &quot;No hay crisis humanitaria&quot; - Venezuela | Noti-America.com<\/title>\n<meta name=\"robots\" content=\"index, follow, max-snippet:-1, max-image-preview:large, max-video-preview:-1\" \/>\n<link rel=\"canonical\" href=\"https:\/\/noti-america.com\/site\/venezuela\/2018\/02\/21\/experto-de-la-onu-determina-que-en-venezuela-no-hay-crisis-humanitaria\/\" \/>\n<meta property=\"og:locale\" content=\"es_ES\" \/>\n<meta property=\"og:type\" content=\"article\" \/>\n<meta property=\"og:title\" content=\"Experto de la ONU determina que en Venezuela &quot;No hay crisis humanitaria&quot;\" \/>\n<meta property=\"og:description\" content=\"&nbsp; Si un experto \u00abhumanista\u00bb quiere conocer la situaci\u00f3n de Venezuela, debe llegar de inc\u00f3gnito, y no desplazarse en camionetas de lujo y menos hospedarse en hoteles 5 estrellas, porque lo interesante es ver&#046;&#046;&#046;\" \/>\n<meta property=\"og:url\" content=\"https:\/\/noti-america.com\/site\/venezuela\/2018\/02\/21\/experto-de-la-onu-determina-que-en-venezuela-no-hay-crisis-humanitaria\/\" \/>\n<meta property=\"og:site_name\" content=\"Venezuela | Noti-America.com\" \/>\n<meta property=\"article:published_time\" content=\"2018-02-21T19:48:49+00:00\" \/>\n<meta property=\"article:modified_time\" content=\"2018-02-21T19:49:12+00:00\" \/>\n<meta property=\"og:image\" content=\"https:\/\/noti-america.com\/site\/venezuela\/wp-content\/uploads\/sites\/2\/2018\/02\/transpor-barq.jpg\" \/>\n\t<meta property=\"og:image:width\" content=\"260\" \/>\n\t<meta property=\"og:image:height\" content=\"194\" \/>\n\t<meta property=\"og:image:type\" content=\"image\/jpeg\" \/>\n<meta name=\"author\" content=\"Yliana Duque\" \/>\n<meta name=\"twitter:card\" content=\"summary_large_image\" \/>\n<meta name=\"twitter:creator\" content=\"@ylianaduque\" \/>\n<meta name=\"twitter:label1\" content=\"Escrito por\" \/>\n\t<meta name=\"twitter:data1\" content=\"Yliana Duque\" \/>\n\t<meta name=\"twitter:label2\" content=\"Tiempo estimado de lectura\" \/>\n\t<meta name=\"twitter:data2\" content=\"4 minutos\" \/>\n<script type=\"application\/ld+json\" class=\"yoast-schema-graph\">{\"@context\":\"https:\/\/schema.org\",\"@graph\":[{\"@type\":\"Article\",\"@id\":\"https:\/\/noti-america.com\/site\/venezuela\/2018\/02\/21\/experto-de-la-onu-determina-que-en-venezuela-no-hay-crisis-humanitaria\/#article\",\"isPartOf\":{\"@id\":\"https:\/\/noti-america.com\/site\/venezuela\/2018\/02\/21\/experto-de-la-onu-determina-que-en-venezuela-no-hay-crisis-humanitaria\/\"},\"author\":{\"name\":\"Yliana Duque\",\"@id\":\"https:\/\/noti-america.com\/site\/venezuela\/#\/schema\/person\/a166d9d45f249dbd09521fbc2e7342d8\"},\"headline\":\"Experto de la ONU determina que en Venezuela \u00abNo hay crisis humanitaria\u00bb\",\"datePublished\":\"2018-02-21T19:48:49+00:00\",\"dateModified\":\"2018-02-21T19:49:12+00:00\",\"mainEntityOfPage\":{\"@id\":\"https:\/\/noti-america.com\/site\/venezuela\/2018\/02\/21\/experto-de-la-onu-determina-que-en-venezuela-no-hay-crisis-humanitaria\/\"},\"wordCount\":735,\"commentCount\":0,\"publisher\":{\"@id\":\"https:\/\/noti-america.com\/site\/venezuela\/#organization\"},\"image\":{\"@id\":\"https:\/\/noti-america.com\/site\/venezuela\/2018\/02\/21\/experto-de-la-onu-determina-que-en-venezuela-no-hay-crisis-humanitaria\/#primaryimage\"},\"thumbnailUrl\":\"https:\/\/noti-america.com\/site\/venezuela\/wp-content\/uploads\/sites\/2\/2018\/02\/transpor-barq.jpg\",\"articleSection\":[\"Econom\u00eda\",\"Internacionales\",\"Opini\u00f3n\"],\"inLanguage\":\"es\",\"potentialAction\":[{\"@type\":\"CommentAction\",\"name\":\"Comment\",\"target\":[\"https:\/\/noti-america.com\/site\/venezuela\/2018\/02\/21\/experto-de-la-onu-determina-que-en-venezuela-no-hay-crisis-humanitaria\/#respond\"]}]},{\"@type\":\"WebPage\",\"@id\":\"https:\/\/noti-america.com\/site\/venezuela\/2018\/02\/21\/experto-de-la-onu-determina-que-en-venezuela-no-hay-crisis-humanitaria\/\",\"url\":\"https:\/\/noti-america.com\/site\/venezuela\/2018\/02\/21\/experto-de-la-onu-determina-que-en-venezuela-no-hay-crisis-humanitaria\/\",\"name\":\"Experto de la ONU determina que en Venezuela \\\"No hay crisis humanitaria\\\" - Venezuela | Noti-America.com\",\"isPartOf\":{\"@id\":\"https:\/\/noti-america.com\/site\/venezuela\/#website\"},\"primaryImageOfPage\":{\"@id\":\"https:\/\/noti-america.com\/site\/venezuela\/2018\/02\/21\/experto-de-la-onu-determina-que-en-venezuela-no-hay-crisis-humanitaria\/#primaryimage\"},\"image\":{\"@id\":\"https:\/\/noti-america.com\/site\/venezuela\/2018\/02\/21\/experto-de-la-onu-determina-que-en-venezuela-no-hay-crisis-humanitaria\/#primaryimage\"},\"thumbnailUrl\":\"https:\/\/noti-america.com\/site\/venezuela\/wp-content\/uploads\/sites\/2\/2018\/02\/transpor-barq.jpg\",\"datePublished\":\"2018-02-21T19:48:49+00:00\",\"dateModified\":\"2018-02-21T19:49:12+00:00\",\"breadcrumb\":{\"@id\":\"https:\/\/noti-america.com\/site\/venezuela\/2018\/02\/21\/experto-de-la-onu-determina-que-en-venezuela-no-hay-crisis-humanitaria\/#breadcrumb\"},\"inLanguage\":\"es\",\"potentialAction\":[{\"@type\":\"ReadAction\",\"target\":[\"https:\/\/noti-america.com\/site\/venezuela\/2018\/02\/21\/experto-de-la-onu-determina-que-en-venezuela-no-hay-crisis-humanitaria\/\"]}]},{\"@type\":\"ImageObject\",\"inLanguage\":\"es\",\"@id\":\"https:\/\/noti-america.com\/site\/venezuela\/2018\/02\/21\/experto-de-la-onu-determina-que-en-venezuela-no-hay-crisis-humanitaria\/#primaryimage\",\"url\":\"https:\/\/noti-america.com\/site\/venezuela\/wp-content\/uploads\/sites\/2\/2018\/02\/transpor-barq.jpg\",\"contentUrl\":\"https:\/\/noti-america.com\/site\/venezuela\/wp-content\/uploads\/sites\/2\/2018\/02\/transpor-barq.jpg\",\"width\":260,\"height\":194},{\"@type\":\"BreadcrumbList\",\"@id\":\"https:\/\/noti-america.com\/site\/venezuela\/2018\/02\/21\/experto-de-la-onu-determina-que-en-venezuela-no-hay-crisis-humanitaria\/#breadcrumb\",\"itemListElement\":[{\"@type\":\"ListItem\",\"position\":1,\"name\":\"Portada\",\"item\":\"https:\/\/noti-america.com\/site\/venezuela\/\"},{\"@type\":\"ListItem\",\"position\":2,\"name\":\"Experto de la ONU determina que en Venezuela \u00abNo hay crisis humanitaria\u00bb\"}]},{\"@type\":\"WebSite\",\"@id\":\"https:\/\/noti-america.com\/site\/venezuela\/#website\",\"url\":\"https:\/\/noti-america.com\/site\/venezuela\/\",\"name\":\"Venezuela | Noti-America.com\",\"description\":\"\",\"publisher\":{\"@id\":\"https:\/\/noti-america.com\/site\/venezuela\/#organization\"},\"potentialAction\":[{\"@type\":\"SearchAction\",\"target\":{\"@type\":\"EntryPoint\",\"urlTemplate\":\"https:\/\/noti-america.com\/site\/venezuela\/?s={search_term_string}\"},\"query-input\":{\"@type\":\"PropertyValueSpecification\",\"valueRequired\":true,\"valueName\":\"search_term_string\"}}],\"inLanguage\":\"es\"},{\"@type\":\"Organization\",\"@id\":\"https:\/\/noti-america.com\/site\/venezuela\/#organization\",\"name\":\"Noti-America LLC | Venezuela\",\"url\":\"https:\/\/noti-america.com\/site\/venezuela\/\",\"logo\":{\"@type\":\"ImageObject\",\"inLanguage\":\"es\",\"@id\":\"https:\/\/noti-america.com\/site\/venezuela\/#\/schema\/logo\/image\/\",\"url\":\"https:\/\/noti-america.com\/site\/venezuela\/wp-content\/uploads\/sites\/2\/2020\/07\/LogoNA-4x3-1.jpg\",\"contentUrl\":\"https:\/\/noti-america.com\/site\/venezuela\/wp-content\/uploads\/sites\/2\/2020\/07\/LogoNA-4x3-1.jpg\",\"width\":1236,\"height\":1080,\"caption\":\"Noti-America LLC | Venezuela\"},\"image\":{\"@id\":\"https:\/\/noti-america.com\/site\/venezuela\/#\/schema\/logo\/image\/\"}},{\"@type\":\"Person\",\"@id\":\"https:\/\/noti-america.com\/site\/venezuela\/#\/schema\/person\/a166d9d45f249dbd09521fbc2e7342d8\",\"name\":\"Yliana Duque\",\"image\":{\"@type\":\"ImageObject\",\"inLanguage\":\"es\",\"@id\":\"https:\/\/secure.gravatar.com\/avatar\/8caf2a4035762b3be44c3a0455581febe2d5273a41ac40dacc575b8aa348fe65?s=96&d=mm&r=g\",\"url\":\"https:\/\/secure.gravatar.com\/avatar\/8caf2a4035762b3be44c3a0455581febe2d5273a41ac40dacc575b8aa348fe65?s=96&d=mm&r=g\",\"contentUrl\":\"https:\/\/secure.gravatar.com\/avatar\/8caf2a4035762b3be44c3a0455581febe2d5273a41ac40dacc575b8aa348fe65?s=96&d=mm&r=g\",\"caption\":\"Yliana Duque\"},\"description\":\"Ejercer el periodismo requiere de pasi\u00f3n y conocimiento en investigaci\u00f3n de campo. Siempre en la b\u00fasqueda de la verdad para aportar claridad y poder discernir sobre el hecho noticioso. Egresada de la Universidad de los Andes. Maestria en Relaciones Internacionales (UCV). Diplomado de Educaci\u00f3n Superior (Universidad Experimental LIbertador (UPEL), y Educaci\u00f3n superior a distancia (UFT). Estudios de Locuci\u00f3n- Actuaci\u00f3n-Publicidad y Mercadeo, Redes. Subdirectora de relaciones p\u00fablicas de la Asamablea Legislativa del Estado Sucre(1995)-Periodista de TELESOL,Telecaribe (Sucre). Jefe de Prensa de la Gobernaci\u00f3n del Estado Amazonas(1997). Periodista Comandancia General del Ej\u00e9rcito, Fuerte Tiuna (1996). Lider de Proyectos en educaci\u00f3n Superior en la Universidad Ferm\u00edn Toro (UFT) (2000). Docente Universitario UFT (2002-2007)-Docente de Educaci\u00f3n Superior a Distancia -titulado. Periodista Diario El Informador. Periodista en Apoyo A\u00e9reo de la Guardia Nacional, Aeropuerto Jacinto Lara. www.Noti-america.com (Venezuela)\",\"sameAs\":[\"https:\/\/x.com\/ylianaduque\"],\"url\":\"https:\/\/noti-america.com\/site\/venezuela\/author\/yduque\/\"}]}<\/script>\n<!-- \/ Yoast SEO Premium plugin. -->","yoast_head_json":{"title":"Experto de la ONU determina que en Venezuela \"No hay crisis humanitaria\" - Venezuela | Noti-America.com","robots":{"index":"index","follow":"follow","max-snippet":"max-snippet:-1","max-image-preview":"max-image-preview:large","max-video-preview":"max-video-preview:-1"},"canonical":"https:\/\/noti-america.com\/site\/venezuela\/2018\/02\/21\/experto-de-la-onu-determina-que-en-venezuela-no-hay-crisis-humanitaria\/","og_locale":"es_ES","og_type":"article","og_title":"Experto de la ONU determina que en Venezuela \"No hay crisis humanitaria\"","og_description":"&nbsp; Si un experto \u00abhumanista\u00bb quiere conocer la situaci\u00f3n de Venezuela, debe llegar de inc\u00f3gnito, y no desplazarse en camionetas de lujo y menos hospedarse en hoteles 5 estrellas, porque lo interesante es ver&#46;&#46;&#46;","og_url":"https:\/\/noti-america.com\/site\/venezuela\/2018\/02\/21\/experto-de-la-onu-determina-que-en-venezuela-no-hay-crisis-humanitaria\/","og_site_name":"Venezuela | Noti-America.com","article_published_time":"2018-02-21T19:48:49+00:00","article_modified_time":"2018-02-21T19:49:12+00:00","og_image":[{"width":260,"height":194,"url":"https:\/\/noti-america.com\/site\/venezuela\/wp-content\/uploads\/sites\/2\/2018\/02\/transpor-barq.jpg","type":"image\/jpeg"}],"author":"Yliana Duque","twitter_card":"summary_large_image","twitter_creator":"@ylianaduque","twitter_misc":{"Escrito por":"Yliana Duque","Tiempo estimado de lectura":"4 minutos"},"schema":{"@context":"https:\/\/schema.org","@graph":[{"@type":"Article","@id":"https:\/\/noti-america.com\/site\/venezuela\/2018\/02\/21\/experto-de-la-onu-determina-que-en-venezuela-no-hay-crisis-humanitaria\/#article","isPartOf":{"@id":"https:\/\/noti-america.com\/site\/venezuela\/2018\/02\/21\/experto-de-la-onu-determina-que-en-venezuela-no-hay-crisis-humanitaria\/"},"author":{"name":"Yliana Duque","@id":"https:\/\/noti-america.com\/site\/venezuela\/#\/schema\/person\/a166d9d45f249dbd09521fbc2e7342d8"},"headline":"Experto de la ONU determina que en Venezuela \u00abNo hay crisis humanitaria\u00bb","datePublished":"2018-02-21T19:48:49+00:00","dateModified":"2018-02-21T19:49:12+00:00","mainEntityOfPage":{"@id":"https:\/\/noti-america.com\/site\/venezuela\/2018\/02\/21\/experto-de-la-onu-determina-que-en-venezuela-no-hay-crisis-humanitaria\/"},"wordCount":735,"commentCount":0,"publisher":{"@id":"https:\/\/noti-america.com\/site\/venezuela\/#organization"},"image":{"@id":"https:\/\/noti-america.com\/site\/venezuela\/2018\/02\/21\/experto-de-la-onu-determina-que-en-venezuela-no-hay-crisis-humanitaria\/#primaryimage"},"thumbnailUrl":"https:\/\/noti-america.com\/site\/venezuela\/wp-content\/uploads\/sites\/2\/2018\/02\/transpor-barq.jpg","articleSection":["Econom\u00eda","Internacionales","Opini\u00f3n"],"inLanguage":"es","potentialAction":[{"@type":"CommentAction","name":"Comment","target":["https:\/\/noti-america.com\/site\/venezuela\/2018\/02\/21\/experto-de-la-onu-determina-que-en-venezuela-no-hay-crisis-humanitaria\/#respond"]}]},{"@type":"WebPage","@id":"https:\/\/noti-america.com\/site\/venezuela\/2018\/02\/21\/experto-de-la-onu-determina-que-en-venezuela-no-hay-crisis-humanitaria\/","url":"https:\/\/noti-america.com\/site\/venezuela\/2018\/02\/21\/experto-de-la-onu-determina-que-en-venezuela-no-hay-crisis-humanitaria\/","name":"Experto de la ONU determina que en Venezuela \"No hay crisis humanitaria\" - Venezuela | Noti-America.com","isPartOf":{"@id":"https:\/\/noti-america.com\/site\/venezuela\/#website"},"primaryImageOfPage":{"@id":"https:\/\/noti-america.com\/site\/venezuela\/2018\/02\/21\/experto-de-la-onu-determina-que-en-venezuela-no-hay-crisis-humanitaria\/#primaryimage"},"image":{"@id":"https:\/\/noti-america.com\/site\/venezuela\/2018\/02\/21\/experto-de-la-onu-determina-que-en-venezuela-no-hay-crisis-humanitaria\/#primaryimage"},"thumbnailUrl":"https:\/\/noti-america.com\/site\/venezuela\/wp-content\/uploads\/sites\/2\/2018\/02\/transpor-barq.jpg","datePublished":"2018-02-21T19:48:49+00:00","dateModified":"2018-02-21T19:49:12+00:00","breadcrumb":{"@id":"https:\/\/noti-america.com\/site\/venezuela\/2018\/02\/21\/experto-de-la-onu-determina-que-en-venezuela-no-hay-crisis-humanitaria\/#breadcrumb"},"inLanguage":"es","potentialAction":[{"@type":"ReadAction","target":["https:\/\/noti-america.com\/site\/venezuela\/2018\/02\/21\/experto-de-la-onu-determina-que-en-venezuela-no-hay-crisis-humanitaria\/"]}]},{"@type":"ImageObject","inLanguage":"es","@id":"https:\/\/noti-america.com\/site\/venezuela\/2018\/02\/21\/experto-de-la-onu-determina-que-en-venezuela-no-hay-crisis-humanitaria\/#primaryimage","url":"https:\/\/noti-america.com\/site\/venezuela\/wp-content\/uploads\/sites\/2\/2018\/02\/transpor-barq.jpg","contentUrl":"https:\/\/noti-america.com\/site\/venezuela\/wp-content\/uploads\/sites\/2\/2018\/02\/transpor-barq.jpg","width":260,"height":194},{"@type":"BreadcrumbList","@id":"https:\/\/noti-america.com\/site\/venezuela\/2018\/02\/21\/experto-de-la-onu-determina-que-en-venezuela-no-hay-crisis-humanitaria\/#breadcrumb","itemListElement":[{"@type":"ListItem","position":1,"name":"Portada","item":"https:\/\/noti-america.com\/site\/venezuela\/"},{"@type":"ListItem","position":2,"name":"Experto de la ONU determina que en Venezuela \u00abNo hay crisis humanitaria\u00bb"}]},{"@type":"WebSite","@id":"https:\/\/noti-america.com\/site\/venezuela\/#website","url":"https:\/\/noti-america.com\/site\/venezuela\/","name":"Venezuela | Noti-America.com","description":"","publisher":{"@id":"https:\/\/noti-america.com\/site\/venezuela\/#organization"},"potentialAction":[{"@type":"SearchAction","target":{"@type":"EntryPoint","urlTemplate":"https:\/\/noti-america.com\/site\/venezuela\/?s={search_term_string}"},"query-input":{"@type":"PropertyValueSpecification","valueRequired":true,"valueName":"search_term_string"}}],"inLanguage":"es"},{"@type":"Organization","@id":"https:\/\/noti-america.com\/site\/venezuela\/#organization","name":"Noti-America LLC | Venezuela","url":"https:\/\/noti-america.com\/site\/venezuela\/","logo":{"@type":"ImageObject","inLanguage":"es","@id":"https:\/\/noti-america.com\/site\/venezuela\/#\/schema\/logo\/image\/","url":"https:\/\/noti-america.com\/site\/venezuela\/wp-content\/uploads\/sites\/2\/2020\/07\/LogoNA-4x3-1.jpg","contentUrl":"https:\/\/noti-america.com\/site\/venezuela\/wp-content\/uploads\/sites\/2\/2020\/07\/LogoNA-4x3-1.jpg","width":1236,"height":1080,"caption":"Noti-America LLC | Venezuela"},"image":{"@id":"https:\/\/noti-america.com\/site\/venezuela\/#\/schema\/logo\/image\/"}},{"@type":"Person","@id":"https:\/\/noti-america.com\/site\/venezuela\/#\/schema\/person\/a166d9d45f249dbd09521fbc2e7342d8","name":"Yliana Duque","image":{"@type":"ImageObject","inLanguage":"es","@id":"https:\/\/secure.gravatar.com\/avatar\/8caf2a4035762b3be44c3a0455581febe2d5273a41ac40dacc575b8aa348fe65?s=96&d=mm&r=g","url":"https:\/\/secure.gravatar.com\/avatar\/8caf2a4035762b3be44c3a0455581febe2d5273a41ac40dacc575b8aa348fe65?s=96&d=mm&r=g","contentUrl":"https:\/\/secure.gravatar.com\/avatar\/8caf2a4035762b3be44c3a0455581febe2d5273a41ac40dacc575b8aa348fe65?s=96&d=mm&r=g","caption":"Yliana Duque"},"description":"Ejercer el periodismo requiere de pasi\u00f3n y conocimiento en investigaci\u00f3n de campo. Siempre en la b\u00fasqueda de la verdad para aportar claridad y poder discernir sobre el hecho noticioso. Egresada de la Universidad de los Andes. Maestria en Relaciones Internacionales (UCV). Diplomado de Educaci\u00f3n Superior (Universidad Experimental LIbertador (UPEL), y Educaci\u00f3n superior a distancia (UFT). Estudios de Locuci\u00f3n- Actuaci\u00f3n-Publicidad y Mercadeo, Redes. Subdirectora de relaciones p\u00fablicas de la Asamablea Legislativa del Estado Sucre(1995)-Periodista de TELESOL,Telecaribe (Sucre). Jefe de Prensa de la Gobernaci\u00f3n del Estado Amazonas(1997). Periodista Comandancia General del Ej\u00e9rcito, Fuerte Tiuna (1996). Lider de Proyectos en educaci\u00f3n Superior en la Universidad Ferm\u00edn Toro (UFT) (2000). Docente Universitario UFT (2002-2007)-Docente de Educaci\u00f3n Superior a Distancia -titulado. Periodista Diario El Informador. Periodista en Apoyo A\u00e9reo de la Guardia Nacional, Aeropuerto Jacinto Lara. www.Noti-america.com (Venezuela)","sameAs":["https:\/\/x.com\/ylianaduque"],"url":"https:\/\/noti-america.com\/site\/venezuela\/author\/yduque\/"}]}},"_links":{"self":[{"href":"https:\/\/noti-america.com\/site\/venezuela\/wp-json\/wp\/v2\/posts\/1587","targetHints":{"allow":["GET"]}}],"collection":[{"href":"https:\/\/noti-america.com\/site\/venezuela\/wp-json\/wp\/v2\/posts"}],"about":[{"href":"https:\/\/noti-america.com\/site\/venezuela\/wp-json\/wp\/v2\/types\/post"}],"author":[{"embeddable":true,"href":"https:\/\/noti-america.com\/site\/venezuela\/wp-json\/wp\/v2\/users\/11"}],"replies":[{"embeddable":true,"href":"https:\/\/noti-america.com\/site\/venezuela\/wp-json\/wp\/v2\/comments?post=1587"}],"version-history":[{"count":2,"href":"https:\/\/noti-america.com\/site\/venezuela\/wp-json\/wp\/v2\/posts\/1587\/revisions"}],"predecessor-version":[{"id":1592,"href":"https:\/\/noti-america.com\/site\/venezuela\/wp-json\/wp\/v2\/posts\/1587\/revisions\/1592"}],"wp:featuredmedia":[{"embeddable":true,"href":"https:\/\/noti-america.com\/site\/venezuela\/wp-json\/wp\/v2\/media\/1591"}],"wp:attachment":[{"href":"https:\/\/noti-america.com\/site\/venezuela\/wp-json\/wp\/v2\/media?parent=1587"}],"wp:term":[{"taxonomy":"category","embeddable":true,"href":"https:\/\/noti-america.com\/site\/venezuela\/wp-json\/wp\/v2\/categories?post=1587"},{"taxonomy":"post_tag","embeddable":true,"href":"https:\/\/noti-america.com\/site\/venezuela\/wp-json\/wp\/v2\/tags?post=1587"}],"curies":[{"name":"wp","href":"https:\/\/api.w.org\/{rel}","templated":true}]}}