{"id":15788,"date":"2021-07-30T18:15:34","date_gmt":"2021-07-30T18:15:34","guid":{"rendered":"https:\/\/noti-america.com\/site\/venezuela\/2021\/07\/30\/un-aula-virtual-jamas-sustituira-al-docente\/"},"modified":"2021-07-30T22:15:53","modified_gmt":"2021-07-30T22:15:53","slug":"un-aula-virtual-jamas-sustituira-al-docente","status":"publish","type":"post","link":"https:\/\/noti-america.com\/site\/venezuela\/2021\/07\/30\/un-aula-virtual-jamas-sustituira-al-docente\/","title":{"rendered":"Un aula virtual jam\u00e1s sustituir\u00e1 al docente"},"content":{"rendered":"<p style=\"text-align: justify;\">Nota de Prensa<\/p>\n<p class=\"v1MsoNormal\" style=\"text-align: justify;\" align=\"center\"><em><span lang=\"ES\">La experiencia de la U.E. I. Patria de Bol\u00edvar, donde combinaron las clases presenciales y virtuales de\u00a0 ni\u00f1os, con y sin condiciones educativas especiales, muestra que la presencia del docente es fundamental<\/span><span lang=\"ES\">.<\/span><\/em><\/p>\n<p class=\"v1MsoNormal\" style=\"text-align: justify;\"><span lang=\"ES\">El a\u00f1o escolar 2020-2021 culmina con un balance que invita a la reflexi\u00f3n de profesores e instituciones, proceso que incluye a los estudiantes y tambi\u00e9n a padres y representantes, quienes por segundo a\u00f1o consecutivo, enfrentaron tiempos complicados, por efecto pandemia.<\/span><\/p>\n<p class=\"v1MsoNormal\" style=\"text-align: justify;\"><span lang=\"ES\">Es una realidad que muchos planteles del pa\u00eds tuvieron limitaciones para cumplir con todos los contenidos program\u00e1ticos y lograr las competencias de sus estudiantes, desde el nivel de preescolar hasta el bachillerato. En algunos casos, debido a las dificultades t\u00e9cnicas para las clases virtuales, otros por falta de formaci\u00f3n y planificaci\u00f3n tanto del cuerpo docente como\u00a0 de los estudiantes para establecer el inicio, desarrollo y cierre de cada clase desde casa. \u00a0<\/span><\/p>\n<p class=\"v1MsoNormal\" style=\"text-align: justify;\"><span lang=\"ES\">En la b\u00fasqueda de compartir buenas pr\u00e1cticas, encontramos un caso de \u00e9xito en este nuevo formato educativo impuesto por la pandemia, y es el que resume la gesti\u00f3n acad\u00e9mica desarrollada por la \u00a0Unidad Educativa Integral Patria de Bol\u00edvar, donde el alumnado de preescolar, primaria y bachillerato logr\u00f3 cumplir con \u00a0las competencias curriculares y adem\u00e1s las establecidas por el plantel con su enfoque human\u00edstico y de desarrollo del pensamiento, donde priva la inclusi\u00f3n e integraci\u00f3n de los ni\u00f1os con necesidades educativas junto al resto del alumnado.<\/span><\/p>\n<p class=\"v1MsoNormal\" style=\"text-align: justify;\"><span lang=\"ES\">As\u00ed lo puntualiz\u00f3 Haydee Moreno, directora de este plantel privado ubicado en Caracas, el cual es modelo en\u00a0 el pa\u00eds en el proceso de integraci\u00f3n de ni\u00f1os y adolescentes con necesidades educativas especiales.<\/span><\/p>\n<p class=\"v1MsoNormal\" style=\"text-align: justify;\"><span lang=\"ES\">\u00abEn cada una de nuestras aulas de 20 alumnos, 5 tienen una condici\u00f3n especial, que no los limita a lograr una transformaci\u00f3n personal. Se respeta las diferencias, se practica la solidaridad, el ayudar al otro.\u00a0 Eso lo logramos gracias a un personal administrativo, docente y a unos alumnos sensibilizados que egresan, sin duda desde hace 26 a\u00f1os, como unos mejores ciudadanos\u00bb.<\/span><\/p>\n<p class=\"v1MsoNormal\" style=\"text-align: justify;\"><b><span lang=\"ES\">Clases virtuales vs presenciales<\/span><\/b><\/p>\n<p class=\"v1MsoNormal\" style=\"text-align: justify;\"><span lang=\"ES\">Para Moreno, fue un reto superado lograr adaptar a los alumnos, padres y docentes a la plataforma virtual, la cual a su juicio, jam\u00e1s sustituir\u00e1 la presencia del docente, especialmente durante los primeros a\u00f1os de estudio.<\/span><\/p>\n<p class=\"v1MsoNormal\" style=\"text-align: justify;\"><span lang=\"ES\">\u00abEn el plantel nos adaptamos y contamos con una plataforma tecnol\u00f3gica mediante la cual se hicieron evaluaciones y clases. Pero mantuvimos siempre el contacto presencial durante las semanas de flexibilizaci\u00f3n. Por ejemplo, primer a\u00f1o vino el lunes, segundo a\u00f1o el martes, el mi\u00e9rcoles tercer a\u00f1o, y as\u00ed sucesivamente. Adem\u00e1s dividimos las horas para que el profesor atendiera grupos de 4 estudiantes, y se rotaban a los docentes mientras los j\u00f3venes estaban en el aula con las normas de bioseguridad.\u00a0 Logramos una sincron\u00eda gracias a la planificaci\u00f3n y por eso la presencia del docente siempre estuvo para apoyar a nuestros muchachos.\u00bb<\/span><\/p>\n<p class=\"v1MsoNormal\" style=\"text-align: justify;\"><span lang=\"ES\">Explic\u00f3 que la triada compuesta por la familia, la escuela y el estudiante, hizo posible canalizar con \u00e9xito la atenci\u00f3n y educaci\u00f3n de todos los alumnos, incluyendo a los que presentan trastornos del neurodesarrollo, autismo y limitaciones motoras.<\/span><\/p>\n<p class=\"v1MsoNormal\" style=\"text-align: justify;\"><span lang=\"ES\">\u00abDesarrollamos un plan de evaluaci\u00f3n compartido con padres y alumnos, con estrategias del inicio, desarrollo y cierre de cada clase. Utilizamos gu\u00edas, clases virtuales, presenciales y superamos incluso las barreras de las fallas el\u00e9ctricas. Logramos capacitar a nuestros docentes para\u00a0 maximizar el uso de las herramientas tecnol\u00f3gicas y ante la posibilidad de un retorno permanente a las aulas para el pr\u00f3ximo a\u00f1o escolar, o de tener que continuar con apoyo de aulas virtuales, estamos preparados y formados para apoyar a los ni\u00f1os\u00bb, culmin\u00f3 Moreno.<\/span><\/p>\n<p class=\"v1MsoNormal\" style=\"text-align: justify;\"><b><span lang=\"ES\">El desaf\u00edo de los docentes<\/span><\/b><\/p>\n<p class=\"v1MsoNormal\" style=\"text-align: justify;\"><span lang=\"ES\">Por su parte \u00a0Jazm\u00edn Siso Mart\u00ednez, profesora de la unidad educativa, se\u00f1al\u00f3 que la pandemia afect\u00f3 en un principio; sin embargo, se adaptaron r\u00e1pidamente el sistema educativo para seguir trabajando de cerca con los ni\u00f1os.<\/span><\/p>\n<p class=\"v1MsoNormal\" style=\"text-align: justify;\"><span lang=\"ES\">\u00abSomos un colegio que se caracteriza por lograr\u00a0 el desarrollo del pensamiento creativo en aulas regulares y de inclusi\u00f3n. Realizamos adecuaciones curriculares para los estudiantes regulares y para los que tienen necesidades educativas especiales. Fueron adaptadas\u00a0 las clases virtuales, y a trav\u00e9s de grupos de whatsapps. As\u00ed logramos la\u00a0 interacci\u00f3n constante, guiamos al estudiante y aclaramos a tiempo las dudas y consultas,\u00bb seg\u00fan expuso la profesora Siso.<\/span><\/p>\n<p class=\"v1MsoNormal\" style=\"text-align: justify;\"><span lang=\"ES\">Al ser consultada sobre los retos para el pr\u00f3ximo per\u00edodo escolar, Siso Mart\u00ednez indica que est\u00e1n preparados para seguir educando con constancia, responsabilidad,\u00a0 y disciplina, \u00abteniendo en cuenta que\u00a0 seguimos trabajando para fortalecer el desarrollo del pensamiento creativo en nuestras aulas regulares y de inclusi\u00f3n\u00bb.<\/span><\/p>\n","protected":false},"excerpt":{"rendered":"<p>Nota de Prensa La experiencia de la U.E. I. Patria de Bol\u00edvar, donde combinaron las clases presenciales y virtuales de\u00a0 ni\u00f1os, con y sin condiciones educativas especiales, muestra que la presencia del docente es&#46;&#46;&#46;<\/p>\n","protected":false},"author":1,"featured_media":15789,"comment_status":"open","ping_status":"open","sticky":false,"template":"","format":"image","meta":{"_acf_changed":false,"om_disable_all_campaigns":false,"rop_custom_images_group":[],"rop_custom_messages_group":[],"rop_publish_now":"initial","rop_publish_now_accounts":{"twitter_242054905_242054905":""},"rop_publish_now_history":[],"rop_publish_now_status":"pending","_uf_show_specific_survey":0,"_uf_disable_surveys":false,"footnotes":""},"categories":[132,165],"tags":[],"class_list":["post-15788","post","type-post","status-publish","format-image","has-post-thumbnail","hentry","category-actualidad","category-educacion","post_format-post-format-image"],"acf":[],"aioseo_notices":[],"yoast_head":"<!-- This site is optimized with the Yoast SEO Premium plugin v24.9 (Yoast SEO v27.2) - https:\/\/yoast.com\/product\/yoast-seo-premium-wordpress\/ -->\n<title>Un aula virtual jam\u00e1s sustituir\u00e1 al docente - Venezuela | Noti-America.com<\/title>\n<meta name=\"robots\" content=\"index, follow, max-snippet:-1, max-image-preview:large, max-video-preview:-1\" \/>\n<link rel=\"canonical\" href=\"https:\/\/noti-america.com\/site\/venezuela\/2021\/07\/30\/un-aula-virtual-jamas-sustituira-al-docente\/\" \/>\n<meta property=\"og:locale\" content=\"es_ES\" \/>\n<meta property=\"og:type\" content=\"article\" \/>\n<meta property=\"og:title\" content=\"Un aula virtual jam\u00e1s sustituir\u00e1 al docente\" \/>\n<meta property=\"og:description\" content=\"Nota de Prensa La experiencia de la U.E. I. Patria de Bol\u00edvar, donde combinaron las clases presenciales y virtuales de\u00a0 ni\u00f1os, con y sin condiciones educativas especiales, muestra que la presencia del docente es&#046;&#046;&#046;\" \/>\n<meta property=\"og:url\" content=\"https:\/\/noti-america.com\/site\/venezuela\/2021\/07\/30\/un-aula-virtual-jamas-sustituira-al-docente\/\" \/>\n<meta property=\"og:site_name\" content=\"Venezuela | Noti-America.com\" \/>\n<meta property=\"article:published_time\" content=\"2021-07-30T18:15:34+00:00\" \/>\n<meta property=\"article:modified_time\" content=\"2021-07-30T22:15:53+00:00\" \/>\n<meta property=\"og:image\" content=\"https:\/\/noti-america.com\/site\/venezuela\/wp-content\/uploads\/sites\/2\/2021\/07\/teacher-4784916_960_720.jpg\" \/>\n\t<meta property=\"og:image:width\" content=\"960\" \/>\n\t<meta property=\"og:image:height\" content=\"640\" \/>\n\t<meta property=\"og:image:type\" content=\"image\/jpeg\" \/>\n<meta name=\"author\" content=\"Rosmer Herrera\" \/>\n<meta name=\"twitter:card\" content=\"summary_large_image\" \/>\n<meta name=\"twitter:label1\" content=\"Escrito por\" \/>\n\t<meta name=\"twitter:data1\" content=\"Rosmer Herrera\" \/>\n\t<meta name=\"twitter:label2\" content=\"Tiempo estimado de lectura\" \/>\n\t<meta name=\"twitter:data2\" content=\"4 minutos\" \/>\n<script type=\"application\/ld+json\" class=\"yoast-schema-graph\">{\"@context\":\"https:\/\/schema.org\",\"@graph\":[{\"@type\":\"Article\",\"@id\":\"https:\/\/noti-america.com\/site\/venezuela\/2021\/07\/30\/un-aula-virtual-jamas-sustituira-al-docente\/#article\",\"isPartOf\":{\"@id\":\"https:\/\/noti-america.com\/site\/venezuela\/2021\/07\/30\/un-aula-virtual-jamas-sustituira-al-docente\/\"},\"author\":{\"name\":\"Rosmer Herrera\",\"@id\":\"https:\/\/noti-america.com\/site\/venezuela\/#\/schema\/person\/fd58dbfb92a257e9dc5761bf69a855ff\"},\"headline\":\"Un aula virtual jam\u00e1s sustituir\u00e1 al docente\",\"datePublished\":\"2021-07-30T18:15:34+00:00\",\"dateModified\":\"2021-07-30T22:15:53+00:00\",\"mainEntityOfPage\":{\"@id\":\"https:\/\/noti-america.com\/site\/venezuela\/2021\/07\/30\/un-aula-virtual-jamas-sustituira-al-docente\/\"},\"wordCount\":807,\"commentCount\":0,\"publisher\":{\"@id\":\"https:\/\/noti-america.com\/site\/venezuela\/#organization\"},\"image\":{\"@id\":\"https:\/\/noti-america.com\/site\/venezuela\/2021\/07\/30\/un-aula-virtual-jamas-sustituira-al-docente\/#primaryimage\"},\"thumbnailUrl\":\"https:\/\/noti-america.com\/site\/venezuela\/wp-content\/uploads\/sites\/2\/2021\/07\/teacher-4784916_960_720.jpg\",\"articleSection\":[\"Actualidad\",\"Educaci\u00f3n\"],\"inLanguage\":\"es\",\"potentialAction\":[{\"@type\":\"CommentAction\",\"name\":\"Comment\",\"target\":[\"https:\/\/noti-america.com\/site\/venezuela\/2021\/07\/30\/un-aula-virtual-jamas-sustituira-al-docente\/#respond\"]}]},{\"@type\":\"WebPage\",\"@id\":\"https:\/\/noti-america.com\/site\/venezuela\/2021\/07\/30\/un-aula-virtual-jamas-sustituira-al-docente\/\",\"url\":\"https:\/\/noti-america.com\/site\/venezuela\/2021\/07\/30\/un-aula-virtual-jamas-sustituira-al-docente\/\",\"name\":\"Un aula virtual jam\u00e1s sustituir\u00e1 al docente - Venezuela | Noti-America.com\",\"isPartOf\":{\"@id\":\"https:\/\/noti-america.com\/site\/venezuela\/#website\"},\"primaryImageOfPage\":{\"@id\":\"https:\/\/noti-america.com\/site\/venezuela\/2021\/07\/30\/un-aula-virtual-jamas-sustituira-al-docente\/#primaryimage\"},\"image\":{\"@id\":\"https:\/\/noti-america.com\/site\/venezuela\/2021\/07\/30\/un-aula-virtual-jamas-sustituira-al-docente\/#primaryimage\"},\"thumbnailUrl\":\"https:\/\/noti-america.com\/site\/venezuela\/wp-content\/uploads\/sites\/2\/2021\/07\/teacher-4784916_960_720.jpg\",\"datePublished\":\"2021-07-30T18:15:34+00:00\",\"dateModified\":\"2021-07-30T22:15:53+00:00\",\"breadcrumb\":{\"@id\":\"https:\/\/noti-america.com\/site\/venezuela\/2021\/07\/30\/un-aula-virtual-jamas-sustituira-al-docente\/#breadcrumb\"},\"inLanguage\":\"es\",\"potentialAction\":[{\"@type\":\"ReadAction\",\"target\":[\"https:\/\/noti-america.com\/site\/venezuela\/2021\/07\/30\/un-aula-virtual-jamas-sustituira-al-docente\/\"]}]},{\"@type\":\"ImageObject\",\"inLanguage\":\"es\",\"@id\":\"https:\/\/noti-america.com\/site\/venezuela\/2021\/07\/30\/un-aula-virtual-jamas-sustituira-al-docente\/#primaryimage\",\"url\":\"https:\/\/noti-america.com\/site\/venezuela\/wp-content\/uploads\/sites\/2\/2021\/07\/teacher-4784916_960_720.jpg\",\"contentUrl\":\"https:\/\/noti-america.com\/site\/venezuela\/wp-content\/uploads\/sites\/2\/2021\/07\/teacher-4784916_960_720.jpg\",\"width\":960,\"height\":640},{\"@type\":\"BreadcrumbList\",\"@id\":\"https:\/\/noti-america.com\/site\/venezuela\/2021\/07\/30\/un-aula-virtual-jamas-sustituira-al-docente\/#breadcrumb\",\"itemListElement\":[{\"@type\":\"ListItem\",\"position\":1,\"name\":\"Portada\",\"item\":\"https:\/\/noti-america.com\/site\/venezuela\/\"},{\"@type\":\"ListItem\",\"position\":2,\"name\":\"Un aula virtual jam\u00e1s sustituir\u00e1 al docente\"}]},{\"@type\":\"WebSite\",\"@id\":\"https:\/\/noti-america.com\/site\/venezuela\/#website\",\"url\":\"https:\/\/noti-america.com\/site\/venezuela\/\",\"name\":\"Venezuela | Noti-America.com\",\"description\":\"\",\"publisher\":{\"@id\":\"https:\/\/noti-america.com\/site\/venezuela\/#organization\"},\"potentialAction\":[{\"@type\":\"SearchAction\",\"target\":{\"@type\":\"EntryPoint\",\"urlTemplate\":\"https:\/\/noti-america.com\/site\/venezuela\/?s={search_term_string}\"},\"query-input\":{\"@type\":\"PropertyValueSpecification\",\"valueRequired\":true,\"valueName\":\"search_term_string\"}}],\"inLanguage\":\"es\"},{\"@type\":\"Organization\",\"@id\":\"https:\/\/noti-america.com\/site\/venezuela\/#organization\",\"name\":\"Noti-America LLC | Venezuela\",\"url\":\"https:\/\/noti-america.com\/site\/venezuela\/\",\"logo\":{\"@type\":\"ImageObject\",\"inLanguage\":\"es\",\"@id\":\"https:\/\/noti-america.com\/site\/venezuela\/#\/schema\/logo\/image\/\",\"url\":\"https:\/\/noti-america.com\/site\/venezuela\/wp-content\/uploads\/sites\/2\/2020\/07\/LogoNA-4x3-1.jpg\",\"contentUrl\":\"https:\/\/noti-america.com\/site\/venezuela\/wp-content\/uploads\/sites\/2\/2020\/07\/LogoNA-4x3-1.jpg\",\"width\":1236,\"height\":1080,\"caption\":\"Noti-America LLC | Venezuela\"},\"image\":{\"@id\":\"https:\/\/noti-america.com\/site\/venezuela\/#\/schema\/logo\/image\/\"}},{\"@type\":\"Person\",\"@id\":\"https:\/\/noti-america.com\/site\/venezuela\/#\/schema\/person\/fd58dbfb92a257e9dc5761bf69a855ff\",\"name\":\"Rosmer Herrera\",\"image\":{\"@type\":\"ImageObject\",\"inLanguage\":\"es\",\"@id\":\"https:\/\/secure.gravatar.com\/avatar\/153e75c261394dbf20ff1a1e70ea2be9494f2b40b7fc4e7704084db13220ae08?s=96&d=mm&r=g\",\"url\":\"https:\/\/secure.gravatar.com\/avatar\/153e75c261394dbf20ff1a1e70ea2be9494f2b40b7fc4e7704084db13220ae08?s=96&d=mm&r=g\",\"contentUrl\":\"https:\/\/secure.gravatar.com\/avatar\/153e75c261394dbf20ff1a1e70ea2be9494f2b40b7fc4e7704084db13220ae08?s=96&d=mm&r=g\",\"caption\":\"Rosmer Herrera\"},\"url\":\"https:\/\/noti-america.com\/site\/venezuela\/author\/rosmer33\/\"}]}<\/script>\n<!-- \/ Yoast SEO Premium plugin. -->","yoast_head_json":{"title":"Un aula virtual jam\u00e1s sustituir\u00e1 al docente - Venezuela | Noti-America.com","robots":{"index":"index","follow":"follow","max-snippet":"max-snippet:-1","max-image-preview":"max-image-preview:large","max-video-preview":"max-video-preview:-1"},"canonical":"https:\/\/noti-america.com\/site\/venezuela\/2021\/07\/30\/un-aula-virtual-jamas-sustituira-al-docente\/","og_locale":"es_ES","og_type":"article","og_title":"Un aula virtual jam\u00e1s sustituir\u00e1 al docente","og_description":"Nota de Prensa La experiencia de la U.E. I. Patria de Bol\u00edvar, donde combinaron las clases presenciales y virtuales de\u00a0 ni\u00f1os, con y sin condiciones educativas especiales, muestra que la presencia del docente es&#46;&#46;&#46;","og_url":"https:\/\/noti-america.com\/site\/venezuela\/2021\/07\/30\/un-aula-virtual-jamas-sustituira-al-docente\/","og_site_name":"Venezuela | Noti-America.com","article_published_time":"2021-07-30T18:15:34+00:00","article_modified_time":"2021-07-30T22:15:53+00:00","og_image":[{"width":960,"height":640,"url":"https:\/\/noti-america.com\/site\/venezuela\/wp-content\/uploads\/sites\/2\/2021\/07\/teacher-4784916_960_720.jpg","type":"image\/jpeg"}],"author":"Rosmer Herrera","twitter_card":"summary_large_image","twitter_misc":{"Escrito por":"Rosmer Herrera","Tiempo estimado de lectura":"4 minutos"},"schema":{"@context":"https:\/\/schema.org","@graph":[{"@type":"Article","@id":"https:\/\/noti-america.com\/site\/venezuela\/2021\/07\/30\/un-aula-virtual-jamas-sustituira-al-docente\/#article","isPartOf":{"@id":"https:\/\/noti-america.com\/site\/venezuela\/2021\/07\/30\/un-aula-virtual-jamas-sustituira-al-docente\/"},"author":{"name":"Rosmer Herrera","@id":"https:\/\/noti-america.com\/site\/venezuela\/#\/schema\/person\/fd58dbfb92a257e9dc5761bf69a855ff"},"headline":"Un aula virtual jam\u00e1s sustituir\u00e1 al docente","datePublished":"2021-07-30T18:15:34+00:00","dateModified":"2021-07-30T22:15:53+00:00","mainEntityOfPage":{"@id":"https:\/\/noti-america.com\/site\/venezuela\/2021\/07\/30\/un-aula-virtual-jamas-sustituira-al-docente\/"},"wordCount":807,"commentCount":0,"publisher":{"@id":"https:\/\/noti-america.com\/site\/venezuela\/#organization"},"image":{"@id":"https:\/\/noti-america.com\/site\/venezuela\/2021\/07\/30\/un-aula-virtual-jamas-sustituira-al-docente\/#primaryimage"},"thumbnailUrl":"https:\/\/noti-america.com\/site\/venezuela\/wp-content\/uploads\/sites\/2\/2021\/07\/teacher-4784916_960_720.jpg","articleSection":["Actualidad","Educaci\u00f3n"],"inLanguage":"es","potentialAction":[{"@type":"CommentAction","name":"Comment","target":["https:\/\/noti-america.com\/site\/venezuela\/2021\/07\/30\/un-aula-virtual-jamas-sustituira-al-docente\/#respond"]}]},{"@type":"WebPage","@id":"https:\/\/noti-america.com\/site\/venezuela\/2021\/07\/30\/un-aula-virtual-jamas-sustituira-al-docente\/","url":"https:\/\/noti-america.com\/site\/venezuela\/2021\/07\/30\/un-aula-virtual-jamas-sustituira-al-docente\/","name":"Un aula virtual jam\u00e1s sustituir\u00e1 al docente - Venezuela | Noti-America.com","isPartOf":{"@id":"https:\/\/noti-america.com\/site\/venezuela\/#website"},"primaryImageOfPage":{"@id":"https:\/\/noti-america.com\/site\/venezuela\/2021\/07\/30\/un-aula-virtual-jamas-sustituira-al-docente\/#primaryimage"},"image":{"@id":"https:\/\/noti-america.com\/site\/venezuela\/2021\/07\/30\/un-aula-virtual-jamas-sustituira-al-docente\/#primaryimage"},"thumbnailUrl":"https:\/\/noti-america.com\/site\/venezuela\/wp-content\/uploads\/sites\/2\/2021\/07\/teacher-4784916_960_720.jpg","datePublished":"2021-07-30T18:15:34+00:00","dateModified":"2021-07-30T22:15:53+00:00","breadcrumb":{"@id":"https:\/\/noti-america.com\/site\/venezuela\/2021\/07\/30\/un-aula-virtual-jamas-sustituira-al-docente\/#breadcrumb"},"inLanguage":"es","potentialAction":[{"@type":"ReadAction","target":["https:\/\/noti-america.com\/site\/venezuela\/2021\/07\/30\/un-aula-virtual-jamas-sustituira-al-docente\/"]}]},{"@type":"ImageObject","inLanguage":"es","@id":"https:\/\/noti-america.com\/site\/venezuela\/2021\/07\/30\/un-aula-virtual-jamas-sustituira-al-docente\/#primaryimage","url":"https:\/\/noti-america.com\/site\/venezuela\/wp-content\/uploads\/sites\/2\/2021\/07\/teacher-4784916_960_720.jpg","contentUrl":"https:\/\/noti-america.com\/site\/venezuela\/wp-content\/uploads\/sites\/2\/2021\/07\/teacher-4784916_960_720.jpg","width":960,"height":640},{"@type":"BreadcrumbList","@id":"https:\/\/noti-america.com\/site\/venezuela\/2021\/07\/30\/un-aula-virtual-jamas-sustituira-al-docente\/#breadcrumb","itemListElement":[{"@type":"ListItem","position":1,"name":"Portada","item":"https:\/\/noti-america.com\/site\/venezuela\/"},{"@type":"ListItem","position":2,"name":"Un aula virtual jam\u00e1s sustituir\u00e1 al docente"}]},{"@type":"WebSite","@id":"https:\/\/noti-america.com\/site\/venezuela\/#website","url":"https:\/\/noti-america.com\/site\/venezuela\/","name":"Venezuela | Noti-America.com","description":"","publisher":{"@id":"https:\/\/noti-america.com\/site\/venezuela\/#organization"},"potentialAction":[{"@type":"SearchAction","target":{"@type":"EntryPoint","urlTemplate":"https:\/\/noti-america.com\/site\/venezuela\/?s={search_term_string}"},"query-input":{"@type":"PropertyValueSpecification","valueRequired":true,"valueName":"search_term_string"}}],"inLanguage":"es"},{"@type":"Organization","@id":"https:\/\/noti-america.com\/site\/venezuela\/#organization","name":"Noti-America LLC | Venezuela","url":"https:\/\/noti-america.com\/site\/venezuela\/","logo":{"@type":"ImageObject","inLanguage":"es","@id":"https:\/\/noti-america.com\/site\/venezuela\/#\/schema\/logo\/image\/","url":"https:\/\/noti-america.com\/site\/venezuela\/wp-content\/uploads\/sites\/2\/2020\/07\/LogoNA-4x3-1.jpg","contentUrl":"https:\/\/noti-america.com\/site\/venezuela\/wp-content\/uploads\/sites\/2\/2020\/07\/LogoNA-4x3-1.jpg","width":1236,"height":1080,"caption":"Noti-America LLC | Venezuela"},"image":{"@id":"https:\/\/noti-america.com\/site\/venezuela\/#\/schema\/logo\/image\/"}},{"@type":"Person","@id":"https:\/\/noti-america.com\/site\/venezuela\/#\/schema\/person\/fd58dbfb92a257e9dc5761bf69a855ff","name":"Rosmer Herrera","image":{"@type":"ImageObject","inLanguage":"es","@id":"https:\/\/secure.gravatar.com\/avatar\/153e75c261394dbf20ff1a1e70ea2be9494f2b40b7fc4e7704084db13220ae08?s=96&d=mm&r=g","url":"https:\/\/secure.gravatar.com\/avatar\/153e75c261394dbf20ff1a1e70ea2be9494f2b40b7fc4e7704084db13220ae08?s=96&d=mm&r=g","contentUrl":"https:\/\/secure.gravatar.com\/avatar\/153e75c261394dbf20ff1a1e70ea2be9494f2b40b7fc4e7704084db13220ae08?s=96&d=mm&r=g","caption":"Rosmer Herrera"},"url":"https:\/\/noti-america.com\/site\/venezuela\/author\/rosmer33\/"}]}},"_links":{"self":[{"href":"https:\/\/noti-america.com\/site\/venezuela\/wp-json\/wp\/v2\/posts\/15788","targetHints":{"allow":["GET"]}}],"collection":[{"href":"https:\/\/noti-america.com\/site\/venezuela\/wp-json\/wp\/v2\/posts"}],"about":[{"href":"https:\/\/noti-america.com\/site\/venezuela\/wp-json\/wp\/v2\/types\/post"}],"author":[{"embeddable":true,"href":"https:\/\/noti-america.com\/site\/venezuela\/wp-json\/wp\/v2\/users\/1"}],"replies":[{"embeddable":true,"href":"https:\/\/noti-america.com\/site\/venezuela\/wp-json\/wp\/v2\/comments?post=15788"}],"version-history":[{"count":1,"href":"https:\/\/noti-america.com\/site\/venezuela\/wp-json\/wp\/v2\/posts\/15788\/revisions"}],"predecessor-version":[{"id":15790,"href":"https:\/\/noti-america.com\/site\/venezuela\/wp-json\/wp\/v2\/posts\/15788\/revisions\/15790"}],"wp:featuredmedia":[{"embeddable":true,"href":"https:\/\/noti-america.com\/site\/venezuela\/wp-json\/wp\/v2\/media\/15789"}],"wp:attachment":[{"href":"https:\/\/noti-america.com\/site\/venezuela\/wp-json\/wp\/v2\/media?parent=15788"}],"wp:term":[{"taxonomy":"category","embeddable":true,"href":"https:\/\/noti-america.com\/site\/venezuela\/wp-json\/wp\/v2\/categories?post=15788"},{"taxonomy":"post_tag","embeddable":true,"href":"https:\/\/noti-america.com\/site\/venezuela\/wp-json\/wp\/v2\/tags?post=15788"}],"curies":[{"name":"wp","href":"https:\/\/api.w.org\/{rel}","templated":true}]}}