{"id":1574,"date":"2018-02-19T21:24:40","date_gmt":"2018-02-19T21:24:40","guid":{"rendered":"http:\/\/noti-america.com\/site\/venezuela\/?p=1574"},"modified":"2018-02-19T21:28:52","modified_gmt":"2018-02-19T21:28:52","slug":"emiten-orden-de-captura-contra-nicolas-maduro","status":"publish","type":"post","link":"https:\/\/noti-america.com\/site\/venezuela\/2018\/02\/19\/emiten-orden-de-captura-contra-nicolas-maduro\/","title":{"rendered":"EMITEN ORDEN DE CAPTURA CONTRA NICOL\u00c1S MADURO"},"content":{"rendered":"<blockquote><p><strong>Piden antejuicio de m\u00e9rito contra el Presidente de Venezuela Nicol\u00e1s maduro<\/strong><\/p><\/blockquote>\n<p>La Fiscal Luisa Ortega D\u00edaz,desde el pa\u00eds vecino Colombia, emprendi\u00f3 actuaciones y acusaciones formales a raz\u00f3n de diversas investigaciones que se emprendieron en 2015, donde se ven involucrados directivos del sonado caso de Odebrecht, y donde resaltan declaraciones de personas que participaron directamente\u00a0 de los pagos en la campa\u00f1a presidencial del fallecido Hugo Ch\u00e1vez y el actual Nicol\u00e1s Maduro.<\/p>\n<p>Destac\u00f3 que las acciones son contra el Presidente Nicol\u00e1s Maduro, a\u00fan cuando existen evidencias de multiples hechos, ejemplo caso El Junquito, no obstante dij\u00f3 Ortega D\u00edaz que por ahora se emprender\u00e1n acciones judiciales por peculado de uso y malversaci\u00f3n de fondos del Estado en su beneficio.<\/p>\n<p>https:\/\/www.youtube.com\/watch?v=Xntrf5E1n4o&#038;feature=push-lsb&#038;attr_tag=5LJ-oEOv6xJ4q4xL-6<\/p>\n<p>Entre las declaraciones ofrecidas por Ortega D\u00edaz resalt\u00f3 que en el 2012 la campa\u00f1a del Presidente Hugo Ch\u00e1vez fue pagada por Odebrecht y quien recibio miles de d\u00f3lares para financiar la campa\u00f1a, de manos de Monica Moura y Joao Santana, ambos directivos de la corporaci\u00f3n, fue el ent\u00f3nces Canciller Nicol\u00e1s Maduro.<\/p>\n<p>Dej\u00f3 expuesto que hubo empresas de maletin usadas para poder\u00a0 financiar la campa\u00f1a pol\u00edtica en el 2013.<\/p>\n<p>Asimismo, fue presentado ante los medios de comunicaci\u00f3n un escrito para que se oficie a trav\u00e9s interpol una alerta roja de captura contra Nicol\u00e1s Maduro, por delitos que superan la malversaci\u00f3n de m\u00e1s de 600 millones de d\u00f3lares.<\/p>\n<p>En cuanto a <strong>la legitimidad de la acusaci\u00f3n, por no estar en el pa\u00eds -Venezuela-,<\/strong>\u00a0se estableci\u00f3 que la actuaci\u00f3n del Tribunal Supremo de Justicia tiene valor en Venezuela y a nivel internacional, y la solicitud de que el TSJ decida admitir es v\u00e1lida dado la fuerza legal del organismo internacional de Interpol.<\/p>\n<p>&nbsp;<\/p>\n","protected":false},"excerpt":{"rendered":"<p>Piden antejuicio de m\u00e9rito contra el Presidente de Venezuela Nicol\u00e1s maduro La Fiscal Luisa Ortega D\u00edaz,desde el pa\u00eds vecino Colombia, emprendi\u00f3 actuaciones y acusaciones formales a raz\u00f3n de diversas investigaciones que se emprendieron en&#46;&#46;&#46;<\/p>\n","protected":false},"author":11,"featured_media":1575,"comment_status":"open","ping_status":"open","sticky":false,"template":"","format":"standard","meta":{"_acf_changed":false,"om_disable_all_campaigns":false,"rop_custom_images_group":[],"rop_custom_messages_group":[],"rop_publish_now":"initial","rop_publish_now_accounts":{"twitter_242054905_242054905":""},"rop_publish_now_history":[],"rop_publish_now_status":"pending","_uf_show_specific_survey":0,"_uf_disable_surveys":false,"footnotes":""},"categories":[4,11],"tags":[],"class_list":["post-1574","post","type-post","status-publish","format-standard","has-post-thumbnail","hentry","category-internacionales","category-sucesos"],"acf":[],"aioseo_notices":[],"yoast_head":"<!-- This site is optimized with the Yoast SEO Premium plugin v24.9 (Yoast SEO v27.2) - https:\/\/yoast.com\/product\/yoast-seo-premium-wordpress\/ -->\n<title>EMITEN ORDEN DE CAPTURA CONTRA NICOL\u00c1S MADURO - Venezuela | Noti-America.com<\/title>\n<meta name=\"robots\" content=\"index, follow, max-snippet:-1, max-image-preview:large, max-video-preview:-1\" \/>\n<link rel=\"canonical\" href=\"https:\/\/noti-america.com\/site\/venezuela\/2018\/02\/19\/emiten-orden-de-captura-contra-nicolas-maduro\/\" \/>\n<meta property=\"og:locale\" content=\"es_ES\" \/>\n<meta property=\"og:type\" content=\"article\" \/>\n<meta property=\"og:title\" content=\"EMITEN ORDEN DE CAPTURA CONTRA NICOL\u00c1S MADURO\" \/>\n<meta property=\"og:description\" content=\"Piden antejuicio de m\u00e9rito contra el Presidente de Venezuela Nicol\u00e1s maduro La Fiscal Luisa Ortega D\u00edaz,desde el pa\u00eds vecino Colombia, emprendi\u00f3 actuaciones y acusaciones formales a raz\u00f3n de diversas investigaciones que se emprendieron en&#046;&#046;&#046;\" \/>\n<meta property=\"og:url\" content=\"https:\/\/noti-america.com\/site\/venezuela\/2018\/02\/19\/emiten-orden-de-captura-contra-nicolas-maduro\/\" \/>\n<meta property=\"og:site_name\" content=\"Venezuela | Noti-America.com\" \/>\n<meta property=\"article:published_time\" content=\"2018-02-19T21:24:40+00:00\" \/>\n<meta property=\"article:modified_time\" content=\"2018-02-19T21:28:52+00:00\" \/>\n<meta property=\"og:image\" content=\"https:\/\/noti-america.com\/site\/venezuela\/wp-content\/uploads\/sites\/2\/2018\/02\/fiscal-ORTEGA.jpg\" \/>\n\t<meta property=\"og:image:width\" content=\"642\" \/>\n\t<meta property=\"og:image:height\" content=\"828\" \/>\n\t<meta property=\"og:image:type\" content=\"image\/jpeg\" \/>\n<meta name=\"author\" content=\"Yliana Duque\" \/>\n<meta name=\"twitter:card\" content=\"summary_large_image\" \/>\n<meta name=\"twitter:creator\" content=\"@ylianaduque\" \/>\n<meta name=\"twitter:label1\" content=\"Escrito por\" \/>\n\t<meta name=\"twitter:data1\" content=\"Yliana Duque\" \/>\n\t<meta name=\"twitter:label2\" content=\"Tiempo estimado de lectura\" \/>\n\t<meta name=\"twitter:data2\" content=\"2 minutos\" \/>\n<script type=\"application\/ld+json\" class=\"yoast-schema-graph\">{\"@context\":\"https:\/\/schema.org\",\"@graph\":[{\"@type\":\"Article\",\"@id\":\"https:\/\/noti-america.com\/site\/venezuela\/2018\/02\/19\/emiten-orden-de-captura-contra-nicolas-maduro\/#article\",\"isPartOf\":{\"@id\":\"https:\/\/noti-america.com\/site\/venezuela\/2018\/02\/19\/emiten-orden-de-captura-contra-nicolas-maduro\/\"},\"author\":{\"name\":\"Yliana Duque\",\"@id\":\"https:\/\/noti-america.com\/site\/venezuela\/#\/schema\/person\/a166d9d45f249dbd09521fbc2e7342d8\"},\"headline\":\"EMITEN ORDEN DE CAPTURA CONTRA NICOL\u00c1S MADURO\",\"datePublished\":\"2018-02-19T21:24:40+00:00\",\"dateModified\":\"2018-02-19T21:28:52+00:00\",\"mainEntityOfPage\":{\"@id\":\"https:\/\/noti-america.com\/site\/venezuela\/2018\/02\/19\/emiten-orden-de-captura-contra-nicolas-maduro\/\"},\"wordCount\":334,\"commentCount\":1,\"publisher\":{\"@id\":\"https:\/\/noti-america.com\/site\/venezuela\/#organization\"},\"image\":{\"@id\":\"https:\/\/noti-america.com\/site\/venezuela\/2018\/02\/19\/emiten-orden-de-captura-contra-nicolas-maduro\/#primaryimage\"},\"thumbnailUrl\":\"https:\/\/noti-america.com\/site\/venezuela\/wp-content\/uploads\/sites\/2\/2018\/02\/fiscal-ORTEGA.jpg\",\"articleSection\":[\"Internacionales\",\"Sucesos\"],\"inLanguage\":\"es\",\"potentialAction\":[{\"@type\":\"CommentAction\",\"name\":\"Comment\",\"target\":[\"https:\/\/noti-america.com\/site\/venezuela\/2018\/02\/19\/emiten-orden-de-captura-contra-nicolas-maduro\/#respond\"]}]},{\"@type\":\"WebPage\",\"@id\":\"https:\/\/noti-america.com\/site\/venezuela\/2018\/02\/19\/emiten-orden-de-captura-contra-nicolas-maduro\/\",\"url\":\"https:\/\/noti-america.com\/site\/venezuela\/2018\/02\/19\/emiten-orden-de-captura-contra-nicolas-maduro\/\",\"name\":\"EMITEN ORDEN DE CAPTURA CONTRA NICOL\u00c1S MADURO - Venezuela | Noti-America.com\",\"isPartOf\":{\"@id\":\"https:\/\/noti-america.com\/site\/venezuela\/#website\"},\"primaryImageOfPage\":{\"@id\":\"https:\/\/noti-america.com\/site\/venezuela\/2018\/02\/19\/emiten-orden-de-captura-contra-nicolas-maduro\/#primaryimage\"},\"image\":{\"@id\":\"https:\/\/noti-america.com\/site\/venezuela\/2018\/02\/19\/emiten-orden-de-captura-contra-nicolas-maduro\/#primaryimage\"},\"thumbnailUrl\":\"https:\/\/noti-america.com\/site\/venezuela\/wp-content\/uploads\/sites\/2\/2018\/02\/fiscal-ORTEGA.jpg\",\"datePublished\":\"2018-02-19T21:24:40+00:00\",\"dateModified\":\"2018-02-19T21:28:52+00:00\",\"breadcrumb\":{\"@id\":\"https:\/\/noti-america.com\/site\/venezuela\/2018\/02\/19\/emiten-orden-de-captura-contra-nicolas-maduro\/#breadcrumb\"},\"inLanguage\":\"es\",\"potentialAction\":[{\"@type\":\"ReadAction\",\"target\":[\"https:\/\/noti-america.com\/site\/venezuela\/2018\/02\/19\/emiten-orden-de-captura-contra-nicolas-maduro\/\"]}]},{\"@type\":\"ImageObject\",\"inLanguage\":\"es\",\"@id\":\"https:\/\/noti-america.com\/site\/venezuela\/2018\/02\/19\/emiten-orden-de-captura-contra-nicolas-maduro\/#primaryimage\",\"url\":\"https:\/\/noti-america.com\/site\/venezuela\/wp-content\/uploads\/sites\/2\/2018\/02\/fiscal-ORTEGA.jpg\",\"contentUrl\":\"https:\/\/noti-america.com\/site\/venezuela\/wp-content\/uploads\/sites\/2\/2018\/02\/fiscal-ORTEGA.jpg\",\"width\":642,\"height\":828},{\"@type\":\"BreadcrumbList\",\"@id\":\"https:\/\/noti-america.com\/site\/venezuela\/2018\/02\/19\/emiten-orden-de-captura-contra-nicolas-maduro\/#breadcrumb\",\"itemListElement\":[{\"@type\":\"ListItem\",\"position\":1,\"name\":\"Portada\",\"item\":\"https:\/\/noti-america.com\/site\/venezuela\/\"},{\"@type\":\"ListItem\",\"position\":2,\"name\":\"EMITEN ORDEN DE CAPTURA CONTRA NICOL\u00c1S MADURO\"}]},{\"@type\":\"WebSite\",\"@id\":\"https:\/\/noti-america.com\/site\/venezuela\/#website\",\"url\":\"https:\/\/noti-america.com\/site\/venezuela\/\",\"name\":\"Venezuela | Noti-America.com\",\"description\":\"\",\"publisher\":{\"@id\":\"https:\/\/noti-america.com\/site\/venezuela\/#organization\"},\"potentialAction\":[{\"@type\":\"SearchAction\",\"target\":{\"@type\":\"EntryPoint\",\"urlTemplate\":\"https:\/\/noti-america.com\/site\/venezuela\/?s={search_term_string}\"},\"query-input\":{\"@type\":\"PropertyValueSpecification\",\"valueRequired\":true,\"valueName\":\"search_term_string\"}}],\"inLanguage\":\"es\"},{\"@type\":\"Organization\",\"@id\":\"https:\/\/noti-america.com\/site\/venezuela\/#organization\",\"name\":\"Noti-America LLC | Venezuela\",\"url\":\"https:\/\/noti-america.com\/site\/venezuela\/\",\"logo\":{\"@type\":\"ImageObject\",\"inLanguage\":\"es\",\"@id\":\"https:\/\/noti-america.com\/site\/venezuela\/#\/schema\/logo\/image\/\",\"url\":\"https:\/\/noti-america.com\/site\/venezuela\/wp-content\/uploads\/sites\/2\/2020\/07\/LogoNA-4x3-1.jpg\",\"contentUrl\":\"https:\/\/noti-america.com\/site\/venezuela\/wp-content\/uploads\/sites\/2\/2020\/07\/LogoNA-4x3-1.jpg\",\"width\":1236,\"height\":1080,\"caption\":\"Noti-America LLC | Venezuela\"},\"image\":{\"@id\":\"https:\/\/noti-america.com\/site\/venezuela\/#\/schema\/logo\/image\/\"}},{\"@type\":\"Person\",\"@id\":\"https:\/\/noti-america.com\/site\/venezuela\/#\/schema\/person\/a166d9d45f249dbd09521fbc2e7342d8\",\"name\":\"Yliana Duque\",\"image\":{\"@type\":\"ImageObject\",\"inLanguage\":\"es\",\"@id\":\"https:\/\/secure.gravatar.com\/avatar\/8caf2a4035762b3be44c3a0455581febe2d5273a41ac40dacc575b8aa348fe65?s=96&d=mm&r=g\",\"url\":\"https:\/\/secure.gravatar.com\/avatar\/8caf2a4035762b3be44c3a0455581febe2d5273a41ac40dacc575b8aa348fe65?s=96&d=mm&r=g\",\"contentUrl\":\"https:\/\/secure.gravatar.com\/avatar\/8caf2a4035762b3be44c3a0455581febe2d5273a41ac40dacc575b8aa348fe65?s=96&d=mm&r=g\",\"caption\":\"Yliana Duque\"},\"description\":\"Ejercer el periodismo requiere de pasi\u00f3n y conocimiento en investigaci\u00f3n de campo. Siempre en la b\u00fasqueda de la verdad para aportar claridad y poder discernir sobre el hecho noticioso. Egresada de la Universidad de los Andes. Maestria en Relaciones Internacionales (UCV). Diplomado de Educaci\u00f3n Superior (Universidad Experimental LIbertador (UPEL), y Educaci\u00f3n superior a distancia (UFT). Estudios de Locuci\u00f3n- Actuaci\u00f3n-Publicidad y Mercadeo, Redes. Subdirectora de relaciones p\u00fablicas de la Asamablea Legislativa del Estado Sucre(1995)-Periodista de TELESOL,Telecaribe (Sucre). Jefe de Prensa de la Gobernaci\u00f3n del Estado Amazonas(1997). Periodista Comandancia General del Ej\u00e9rcito, Fuerte Tiuna (1996). Lider de Proyectos en educaci\u00f3n Superior en la Universidad Ferm\u00edn Toro (UFT) (2000). Docente Universitario UFT (2002-2007)-Docente de Educaci\u00f3n Superior a Distancia -titulado. Periodista Diario El Informador. Periodista en Apoyo A\u00e9reo de la Guardia Nacional, Aeropuerto Jacinto Lara. www.Noti-america.com (Venezuela)\",\"sameAs\":[\"https:\/\/x.com\/ylianaduque\"],\"url\":\"https:\/\/noti-america.com\/site\/venezuela\/author\/yduque\/\"}]}<\/script>\n<!-- \/ Yoast SEO Premium plugin. -->","yoast_head_json":{"title":"EMITEN ORDEN DE CAPTURA CONTRA NICOL\u00c1S MADURO - Venezuela | Noti-America.com","robots":{"index":"index","follow":"follow","max-snippet":"max-snippet:-1","max-image-preview":"max-image-preview:large","max-video-preview":"max-video-preview:-1"},"canonical":"https:\/\/noti-america.com\/site\/venezuela\/2018\/02\/19\/emiten-orden-de-captura-contra-nicolas-maduro\/","og_locale":"es_ES","og_type":"article","og_title":"EMITEN ORDEN DE CAPTURA CONTRA NICOL\u00c1S MADURO","og_description":"Piden antejuicio de m\u00e9rito contra el Presidente de Venezuela Nicol\u00e1s maduro La Fiscal Luisa Ortega D\u00edaz,desde el pa\u00eds vecino Colombia, emprendi\u00f3 actuaciones y acusaciones formales a raz\u00f3n de diversas investigaciones que se emprendieron en&#46;&#46;&#46;","og_url":"https:\/\/noti-america.com\/site\/venezuela\/2018\/02\/19\/emiten-orden-de-captura-contra-nicolas-maduro\/","og_site_name":"Venezuela | Noti-America.com","article_published_time":"2018-02-19T21:24:40+00:00","article_modified_time":"2018-02-19T21:28:52+00:00","og_image":[{"width":642,"height":828,"url":"https:\/\/noti-america.com\/site\/venezuela\/wp-content\/uploads\/sites\/2\/2018\/02\/fiscal-ORTEGA.jpg","type":"image\/jpeg"}],"author":"Yliana Duque","twitter_card":"summary_large_image","twitter_creator":"@ylianaduque","twitter_misc":{"Escrito por":"Yliana Duque","Tiempo estimado de lectura":"2 minutos"},"schema":{"@context":"https:\/\/schema.org","@graph":[{"@type":"Article","@id":"https:\/\/noti-america.com\/site\/venezuela\/2018\/02\/19\/emiten-orden-de-captura-contra-nicolas-maduro\/#article","isPartOf":{"@id":"https:\/\/noti-america.com\/site\/venezuela\/2018\/02\/19\/emiten-orden-de-captura-contra-nicolas-maduro\/"},"author":{"name":"Yliana Duque","@id":"https:\/\/noti-america.com\/site\/venezuela\/#\/schema\/person\/a166d9d45f249dbd09521fbc2e7342d8"},"headline":"EMITEN ORDEN DE CAPTURA CONTRA NICOL\u00c1S MADURO","datePublished":"2018-02-19T21:24:40+00:00","dateModified":"2018-02-19T21:28:52+00:00","mainEntityOfPage":{"@id":"https:\/\/noti-america.com\/site\/venezuela\/2018\/02\/19\/emiten-orden-de-captura-contra-nicolas-maduro\/"},"wordCount":334,"commentCount":1,"publisher":{"@id":"https:\/\/noti-america.com\/site\/venezuela\/#organization"},"image":{"@id":"https:\/\/noti-america.com\/site\/venezuela\/2018\/02\/19\/emiten-orden-de-captura-contra-nicolas-maduro\/#primaryimage"},"thumbnailUrl":"https:\/\/noti-america.com\/site\/venezuela\/wp-content\/uploads\/sites\/2\/2018\/02\/fiscal-ORTEGA.jpg","articleSection":["Internacionales","Sucesos"],"inLanguage":"es","potentialAction":[{"@type":"CommentAction","name":"Comment","target":["https:\/\/noti-america.com\/site\/venezuela\/2018\/02\/19\/emiten-orden-de-captura-contra-nicolas-maduro\/#respond"]}]},{"@type":"WebPage","@id":"https:\/\/noti-america.com\/site\/venezuela\/2018\/02\/19\/emiten-orden-de-captura-contra-nicolas-maduro\/","url":"https:\/\/noti-america.com\/site\/venezuela\/2018\/02\/19\/emiten-orden-de-captura-contra-nicolas-maduro\/","name":"EMITEN ORDEN DE CAPTURA CONTRA NICOL\u00c1S MADURO - Venezuela | Noti-America.com","isPartOf":{"@id":"https:\/\/noti-america.com\/site\/venezuela\/#website"},"primaryImageOfPage":{"@id":"https:\/\/noti-america.com\/site\/venezuela\/2018\/02\/19\/emiten-orden-de-captura-contra-nicolas-maduro\/#primaryimage"},"image":{"@id":"https:\/\/noti-america.com\/site\/venezuela\/2018\/02\/19\/emiten-orden-de-captura-contra-nicolas-maduro\/#primaryimage"},"thumbnailUrl":"https:\/\/noti-america.com\/site\/venezuela\/wp-content\/uploads\/sites\/2\/2018\/02\/fiscal-ORTEGA.jpg","datePublished":"2018-02-19T21:24:40+00:00","dateModified":"2018-02-19T21:28:52+00:00","breadcrumb":{"@id":"https:\/\/noti-america.com\/site\/venezuela\/2018\/02\/19\/emiten-orden-de-captura-contra-nicolas-maduro\/#breadcrumb"},"inLanguage":"es","potentialAction":[{"@type":"ReadAction","target":["https:\/\/noti-america.com\/site\/venezuela\/2018\/02\/19\/emiten-orden-de-captura-contra-nicolas-maduro\/"]}]},{"@type":"ImageObject","inLanguage":"es","@id":"https:\/\/noti-america.com\/site\/venezuela\/2018\/02\/19\/emiten-orden-de-captura-contra-nicolas-maduro\/#primaryimage","url":"https:\/\/noti-america.com\/site\/venezuela\/wp-content\/uploads\/sites\/2\/2018\/02\/fiscal-ORTEGA.jpg","contentUrl":"https:\/\/noti-america.com\/site\/venezuela\/wp-content\/uploads\/sites\/2\/2018\/02\/fiscal-ORTEGA.jpg","width":642,"height":828},{"@type":"BreadcrumbList","@id":"https:\/\/noti-america.com\/site\/venezuela\/2018\/02\/19\/emiten-orden-de-captura-contra-nicolas-maduro\/#breadcrumb","itemListElement":[{"@type":"ListItem","position":1,"name":"Portada","item":"https:\/\/noti-america.com\/site\/venezuela\/"},{"@type":"ListItem","position":2,"name":"EMITEN ORDEN DE CAPTURA CONTRA NICOL\u00c1S MADURO"}]},{"@type":"WebSite","@id":"https:\/\/noti-america.com\/site\/venezuela\/#website","url":"https:\/\/noti-america.com\/site\/venezuela\/","name":"Venezuela | Noti-America.com","description":"","publisher":{"@id":"https:\/\/noti-america.com\/site\/venezuela\/#organization"},"potentialAction":[{"@type":"SearchAction","target":{"@type":"EntryPoint","urlTemplate":"https:\/\/noti-america.com\/site\/venezuela\/?s={search_term_string}"},"query-input":{"@type":"PropertyValueSpecification","valueRequired":true,"valueName":"search_term_string"}}],"inLanguage":"es"},{"@type":"Organization","@id":"https:\/\/noti-america.com\/site\/venezuela\/#organization","name":"Noti-America LLC | Venezuela","url":"https:\/\/noti-america.com\/site\/venezuela\/","logo":{"@type":"ImageObject","inLanguage":"es","@id":"https:\/\/noti-america.com\/site\/venezuela\/#\/schema\/logo\/image\/","url":"https:\/\/noti-america.com\/site\/venezuela\/wp-content\/uploads\/sites\/2\/2020\/07\/LogoNA-4x3-1.jpg","contentUrl":"https:\/\/noti-america.com\/site\/venezuela\/wp-content\/uploads\/sites\/2\/2020\/07\/LogoNA-4x3-1.jpg","width":1236,"height":1080,"caption":"Noti-America LLC | Venezuela"},"image":{"@id":"https:\/\/noti-america.com\/site\/venezuela\/#\/schema\/logo\/image\/"}},{"@type":"Person","@id":"https:\/\/noti-america.com\/site\/venezuela\/#\/schema\/person\/a166d9d45f249dbd09521fbc2e7342d8","name":"Yliana Duque","image":{"@type":"ImageObject","inLanguage":"es","@id":"https:\/\/secure.gravatar.com\/avatar\/8caf2a4035762b3be44c3a0455581febe2d5273a41ac40dacc575b8aa348fe65?s=96&d=mm&r=g","url":"https:\/\/secure.gravatar.com\/avatar\/8caf2a4035762b3be44c3a0455581febe2d5273a41ac40dacc575b8aa348fe65?s=96&d=mm&r=g","contentUrl":"https:\/\/secure.gravatar.com\/avatar\/8caf2a4035762b3be44c3a0455581febe2d5273a41ac40dacc575b8aa348fe65?s=96&d=mm&r=g","caption":"Yliana Duque"},"description":"Ejercer el periodismo requiere de pasi\u00f3n y conocimiento en investigaci\u00f3n de campo. Siempre en la b\u00fasqueda de la verdad para aportar claridad y poder discernir sobre el hecho noticioso. Egresada de la Universidad de los Andes. Maestria en Relaciones Internacionales (UCV). Diplomado de Educaci\u00f3n Superior (Universidad Experimental LIbertador (UPEL), y Educaci\u00f3n superior a distancia (UFT). Estudios de Locuci\u00f3n- Actuaci\u00f3n-Publicidad y Mercadeo, Redes. Subdirectora de relaciones p\u00fablicas de la Asamablea Legislativa del Estado Sucre(1995)-Periodista de TELESOL,Telecaribe (Sucre). Jefe de Prensa de la Gobernaci\u00f3n del Estado Amazonas(1997). Periodista Comandancia General del Ej\u00e9rcito, Fuerte Tiuna (1996). Lider de Proyectos en educaci\u00f3n Superior en la Universidad Ferm\u00edn Toro (UFT) (2000). Docente Universitario UFT (2002-2007)-Docente de Educaci\u00f3n Superior a Distancia -titulado. Periodista Diario El Informador. Periodista en Apoyo A\u00e9reo de la Guardia Nacional, Aeropuerto Jacinto Lara. www.Noti-america.com (Venezuela)","sameAs":["https:\/\/x.com\/ylianaduque"],"url":"https:\/\/noti-america.com\/site\/venezuela\/author\/yduque\/"}]}},"_links":{"self":[{"href":"https:\/\/noti-america.com\/site\/venezuela\/wp-json\/wp\/v2\/posts\/1574","targetHints":{"allow":["GET"]}}],"collection":[{"href":"https:\/\/noti-america.com\/site\/venezuela\/wp-json\/wp\/v2\/posts"}],"about":[{"href":"https:\/\/noti-america.com\/site\/venezuela\/wp-json\/wp\/v2\/types\/post"}],"author":[{"embeddable":true,"href":"https:\/\/noti-america.com\/site\/venezuela\/wp-json\/wp\/v2\/users\/11"}],"replies":[{"embeddable":true,"href":"https:\/\/noti-america.com\/site\/venezuela\/wp-json\/wp\/v2\/comments?post=1574"}],"version-history":[{"count":4,"href":"https:\/\/noti-america.com\/site\/venezuela\/wp-json\/wp\/v2\/posts\/1574\/revisions"}],"predecessor-version":[{"id":1579,"href":"https:\/\/noti-america.com\/site\/venezuela\/wp-json\/wp\/v2\/posts\/1574\/revisions\/1579"}],"wp:featuredmedia":[{"embeddable":true,"href":"https:\/\/noti-america.com\/site\/venezuela\/wp-json\/wp\/v2\/media\/1575"}],"wp:attachment":[{"href":"https:\/\/noti-america.com\/site\/venezuela\/wp-json\/wp\/v2\/media?parent=1574"}],"wp:term":[{"taxonomy":"category","embeddable":true,"href":"https:\/\/noti-america.com\/site\/venezuela\/wp-json\/wp\/v2\/categories?post=1574"},{"taxonomy":"post_tag","embeddable":true,"href":"https:\/\/noti-america.com\/site\/venezuela\/wp-json\/wp\/v2\/tags?post=1574"}],"curies":[{"name":"wp","href":"https:\/\/api.w.org\/{rel}","templated":true}]}}