{"id":15496,"date":"2021-07-14T13:34:48","date_gmt":"2021-07-14T13:34:48","guid":{"rendered":"https:\/\/noti-america.com\/site\/venezuela\/2021\/07\/14\/se-acerca-el-dia-de-la-libertad-en-cuba-pero-el-reto-es-desalentador\/"},"modified":"2021-07-14T17:34:56","modified_gmt":"2021-07-14T17:34:56","slug":"se-acerca-el-dia-de-la-libertad-en-cuba-pero-el-reto-es-desalentador","status":"publish","type":"post","link":"https:\/\/noti-america.com\/site\/venezuela\/2021\/07\/14\/se-acerca-el-dia-de-la-libertad-en-cuba-pero-el-reto-es-desalentador\/","title":{"rendered":"Se acerca el D\u00eda de la Libertad en Cuba, pero el reto es desalentador"},"content":{"rendered":"<p>NOTI-AMERICA.COM | VENEZUELA<\/p>\n<p>www.israelnoticias.com<\/p>\n<h1 class=\"jeg_post_title\">Se acerca el D\u00eda de la Libertad en Cuba, pero el reto es desalentador<\/h1>\n<p><img loading=\"lazy\" decoding=\"async\" class=\" wp-image-15497 aligncenter\" src=\"https:\/\/noti-america.com\/site\/venezuela\/wp-content\/uploads\/sites\/2\/2021\/07\/Libertad-para-Cuba-1200x675-1-300x169.jpg\" alt=\"\" width=\"490\" height=\"276\" srcset=\"https:\/\/noti-america.com\/site\/venezuela\/wp-content\/uploads\/sites\/2\/2021\/07\/Libertad-para-Cuba-1200x675-1-300x169.jpg 300w, https:\/\/noti-america.com\/site\/venezuela\/wp-content\/uploads\/sites\/2\/2021\/07\/Libertad-para-Cuba-1200x675-1-1024x576.jpg 1024w, https:\/\/noti-america.com\/site\/venezuela\/wp-content\/uploads\/sites\/2\/2021\/07\/Libertad-para-Cuba-1200x675-1-768x432.jpg 768w, https:\/\/noti-america.com\/site\/venezuela\/wp-content\/uploads\/sites\/2\/2021\/07\/Libertad-para-Cuba-1200x675-1.jpg 1200w\" sizes=\"auto, (max-width: 490px) 100vw, 490px\" \/><\/p>\n<p><strong>El estallido del 11 de julio de manifestaciones contra el r\u00e9gimen en Cuba, en ciudades y pueblos de la isla, tom\u00f3 por sorpresa al r\u00e9gimen y a los medios de comunicaci\u00f3n internacionales<\/strong>. La pobreza, el hambre, las consecuencias de la pandemia y la creciente represi\u00f3n contribuyeron al estallido; la gente no ped\u00eda vacunas contra el COVID-19,\u00a0<a href=\"https:\/\/providencemag.com\/2021\/07\/cuba-freedom-approaching-challenge-daunting-protests\/\" target=\"_blank\" rel=\"noreferrer noopener\">sino libertad y el fin del r\u00e9gimen<\/a>. Algunos se sorprendieron, pero se ve\u00eda venir.<\/p>\n<p>Los miles de personas que se manifestaron proced\u00edan de todo tipo de entornos: muchos j\u00f3venes, artistas y activistas, estudiantes y profesores, hambrientos y desempleados (que son muchos), periodistas, sacerdotes cat\u00f3licos ordinarios (la jerarqu\u00eda eclesi\u00e1stica est\u00e1, sin embargo, comprometida con el r\u00e9gimen), bautistas y adoradores de la santer\u00eda. En Cuba s\u00f3lo hay un partido legal, el Partido Comunista de Cuba, que ha mantenido un poder monol\u00edtico durante d\u00e9cadas, pero hay muchas organizaciones pol\u00edticas y sociales peque\u00f1as, pobres, irregulares o ilegales que forman una especie de constelaci\u00f3n suelta de grupos antiautoritarios sin l\u00edderes. Su n\u00famero y su peque\u00f1ez hacen m\u00e1s dif\u00edcil que la cacareada Seguridad del Estado cubana pueda penetrar o controlar a todos ellos. Un enjambre de peque\u00f1as agrupaciones -que hacen uso de un cierto nivel de informalidad y espontaneidad, vinculadas libremente a trav\u00e9s de los medios de comunicaci\u00f3n social (cuando est\u00e1n disponibles) y que trabajan con objetivos muy amplios- es una forma de eludir parcialmente el enorme aparato represivo del Estado.<\/p>\n<p>Pero en la noche del 11 de julio, las fuerzas de seguridad del r\u00e9gimen entraron en acci\u00f3n y detuvieron a m\u00e1s de un centenar de personas.\u00a0<strong>Hay informes cre\u00edbles de muertos y heridos,\u00a0<a href=\"https:\/\/israelnoticias.com\/latam\/la-policia-del-regimen-cubano-cede-ante-los-manifestantes-en-camaguey\/\" target=\"_blank\" rel=\"noreferrer noopener\">v\u00eddeos de fuego real, de brutalidad policial<\/a>\u00a0y, por supuesto, el r\u00e9gimen hizo todo lo posible para restringir las comunicaciones y el acceso a Internet<\/strong>. Pero a pesar de lo alentadoras que fueron las im\u00e1genes iniciales procedentes de Cuba, ser\u00e1 extremadamente dif\u00edcil para los valientes manifestantes desarmados eliminar a un estado policial fuertemente armado y profundamente experimentado no s\u00f3lo en la represi\u00f3n en su pa\u00eds, sino tambi\u00e9n en el extranjero. El r\u00e9gimen cubano est\u00e1 actualmente involucrado tanto en la subversi\u00f3n como en la supervivencia del r\u00e9gimen en varios pa\u00edses de Am\u00e9rica Latina. Sabe, por su larga experiencia, c\u00f3mo derrocar reg\u00edmenes y c\u00f3mo mantenerlos en el poder, c\u00f3mo usar suficiente represi\u00f3n sin arriesgarse a una reacci\u00f3n por usar demasiada violencia demasiado pronto. Es de esperar que en un futuro pr\u00f3ximo (si las restricciones de la COVID-19 lo permiten) se produzcan concentraciones masivas muy orquestadas por el r\u00e9gimen para mostrar su poder al mundo. El 26 de julio est\u00e1 a la vuelta de la esquina.<\/p>\n<p>Y el aparato represivo del Estado est\u00e1 vinculado a la principal empresa generadora de dinero del pa\u00eds, un holding que controla la mayor parte de la industria tur\u00edstica y financiera del pa\u00eds. Si te alojas en un hotel en Cuba, utilizas una tarjeta de cr\u00e9dito, cambias dinero o env\u00edas d\u00f3lares a alguien a trav\u00e9s de los canales oficiales, est\u00e1s poniendo dinero en el bolsillo de los generales gobernantes de Cuba y de sus apparatchiks del partido.<\/p>\n<p>El 11 de julio no fue la ca\u00edda de un r\u00e9gimen odioso, sino el \u00faltimo asalto en la larga y amarga lucha del pueblo cubano por obtener su libertad, una lucha que ha incluido todo tipo de actividades: conspiraci\u00f3n, a\u00f1os de insurgencia, activismo, huelgas de hambre, periodismo, arte, exilio y muerte.<\/p>\n<p>Muchos estadounidenses, con su corta capacidad de atenci\u00f3n pol\u00edtica, se han conmovido con esas im\u00e1genes que provienen en su mayor\u00eda de un d\u00eda en la vida de la tan maltratada Rep\u00fablica Cubana.\u00a0<strong>Al apagar las im\u00e1genes, el r\u00e9gimen espera que el mundo se olvide, siga adelante, se distraiga con lo siguiente. Eso puede funcionar por ahora; ya lo ha hecho antes<\/strong>. El r\u00e9gimen tambi\u00e9n puede intentar generar otra crisis migratoria, si las condiciones son las adecuadas.<\/p>\n<p>Aparte del olvido occidental, el r\u00e9gimen necesita divisas. La pandemia ha perjudicado al sector tur\u00edstico, una de las principales fuentes de ingresos de la \u00e9lite gobernante. Otra fuente constante de liquidez, el r\u00e9gimen de Venezuela, tiene grandes problemas, pero seguir\u00e1 ayudando a los gobernantes de La Habana todo lo que pueda. La Uni\u00f3n Europea, cuyo Ministerio de Asuntos Exteriores socialista espa\u00f1ol tiene debilidad por el r\u00e9gimen de La Habana, es un obvio chivo expiatorio. Y el presidente izquierdista de M\u00e9xico, L\u00f3pez Obrador (AMLO), ha expresado repetidamente su disposici\u00f3n a rescatar al r\u00e9gimen cubano, si se hace con otros. China ya est\u00e1 ayudando a Cuba, pero China no hace caridad.<\/p>\n<p><strong>\u00bfQu\u00e9 puede hacer Estados Unidos?\u00a0<\/strong>No hay mucho que proporcione resultados inmediatos. Asegurarse de que el pueblo cubano sabe que su lucha no est\u00e1 olvidada y facilitar herramientas para eludir la censura en Internet son pasos obvios pero importantes. Intentar forjar un consenso bipartidista sobre Cuba ser\u00eda bueno. Compartir informaci\u00f3n fiable sobre la oposici\u00f3n a Cuba, reunirse, rezar, hacer causa com\u00fan con partidarios afines de la libertad de Cuba en Estados Unidos son peque\u00f1os gestos significativos que pueden hacer los estadounidenses de a pie. Estados Unidos tambi\u00e9n puede evitar la trampa obvia de recompensar al r\u00e9gimen con dinero en efectivo que se utilizar\u00e1 para perpetuar su control del poder. Extra\u00f1amente, justo cuando comenz\u00f3 la represi\u00f3n contra los manifestantes en Cuba, algunos en Washington empezaron a pedir el levantamiento del embargo comercial de Estados Unidos (que de todos modos exime a los alimentos y las medicinas), la misma cosa que el r\u00e9gimen que actualmente est\u00e1 intensificando la represi\u00f3n quiere m\u00e1s de Washington. En un mundo m\u00e1s humano, el r\u00e9gimen permitir\u00eda \u201ccorredores humanitarios\u201d sin restricciones para llevar alimentos y medicinas de emergencia a la gente hambrienta. Pero eso ya ha sido rechazado por La Habana.<\/p>\n<p><strong>Me temo que se avecinan d\u00edas m\u00e1s oscuros de sacrificio para el pueblo cubano, y deseo que no sea as\u00ed<\/strong>. La eventual victoria, duramente conseguida, la conseguir\u00e1n los de la isla y los de ning\u00fan otro lugar. Nosotros s\u00f3lo podemos ayudarles o pon\u00e9rselo m\u00e1s dif\u00edcil. Pero los cubanos se merecen una vida digna y libre que les ha sido negada durante tanto tiempo. El d\u00eda de la libertad no est\u00e1 del todo cerca, pero est\u00e1 llegando.<\/p>\n","protected":false},"excerpt":{"rendered":"<p>NOTI-AMERICA.COM | VENEZUELA www.israelnoticias.com Se acerca el D\u00eda de la Libertad en Cuba, pero el reto es desalentador El estallido del 11 de julio de manifestaciones contra el r\u00e9gimen en Cuba, en ciudades y&#46;&#46;&#46;<\/p>\n","protected":false},"author":2,"featured_media":15497,"comment_status":"open","ping_status":"open","sticky":false,"template":"","format":"standard","meta":{"_acf_changed":false,"om_disable_all_campaigns":false,"rop_custom_images_group":[],"rop_custom_messages_group":[],"rop_publish_now":"initial","rop_publish_now_accounts":{"twitter_242054905_242054905":""},"rop_publish_now_history":[],"rop_publish_now_status":"pending","_uf_show_specific_survey":0,"_uf_disable_surveys":false,"footnotes":""},"categories":[4],"tags":[],"class_list":["post-15496","post","type-post","status-publish","format-standard","has-post-thumbnail","hentry","category-internacionales"],"acf":[],"aioseo_notices":[],"yoast_head":"<!-- This site is optimized with the Yoast SEO Premium plugin v24.9 (Yoast SEO v27.2) - https:\/\/yoast.com\/product\/yoast-seo-premium-wordpress\/ -->\n<title>Se acerca el D\u00eda de la Libertad en Cuba, pero el reto es desalentador - Venezuela | Noti-America.com<\/title>\n<meta name=\"robots\" content=\"index, follow, max-snippet:-1, max-image-preview:large, max-video-preview:-1\" \/>\n<link rel=\"canonical\" href=\"https:\/\/noti-america.com\/site\/venezuela\/2021\/07\/14\/se-acerca-el-dia-de-la-libertad-en-cuba-pero-el-reto-es-desalentador\/\" \/>\n<meta property=\"og:locale\" content=\"es_ES\" \/>\n<meta property=\"og:type\" content=\"article\" \/>\n<meta property=\"og:title\" content=\"Se acerca el D\u00eda de la Libertad en Cuba, pero el reto es desalentador\" \/>\n<meta property=\"og:description\" content=\"NOTI-AMERICA.COM | VENEZUELA www.israelnoticias.com Se acerca el D\u00eda de la Libertad en Cuba, pero el reto es desalentador El estallido del 11 de julio de manifestaciones contra el r\u00e9gimen en Cuba, en ciudades y&#046;&#046;&#046;\" \/>\n<meta property=\"og:url\" content=\"https:\/\/noti-america.com\/site\/venezuela\/2021\/07\/14\/se-acerca-el-dia-de-la-libertad-en-cuba-pero-el-reto-es-desalentador\/\" \/>\n<meta property=\"og:site_name\" content=\"Venezuela | Noti-America.com\" \/>\n<meta property=\"article:published_time\" content=\"2021-07-14T13:34:48+00:00\" \/>\n<meta property=\"article:modified_time\" content=\"2021-07-14T17:34:56+00:00\" \/>\n<meta property=\"og:image\" content=\"https:\/\/noti-america.com\/site\/venezuela\/wp-content\/uploads\/sites\/2\/2021\/07\/Libertad-para-Cuba-1200x675-1.jpg\" \/>\n\t<meta property=\"og:image:width\" content=\"1200\" \/>\n\t<meta property=\"og:image:height\" content=\"675\" \/>\n\t<meta property=\"og:image:type\" content=\"image\/jpeg\" \/>\n<meta name=\"author\" content=\"rloaiza\" \/>\n<meta name=\"twitter:card\" content=\"summary_large_image\" \/>\n<meta name=\"twitter:label1\" content=\"Escrito por\" \/>\n\t<meta name=\"twitter:data1\" content=\"rloaiza\" \/>\n\t<meta name=\"twitter:label2\" content=\"Tiempo estimado de lectura\" \/>\n\t<meta name=\"twitter:data2\" content=\"6 minutos\" \/>\n<script type=\"application\/ld+json\" class=\"yoast-schema-graph\">{\"@context\":\"https:\/\/schema.org\",\"@graph\":[{\"@type\":\"Article\",\"@id\":\"https:\/\/noti-america.com\/site\/venezuela\/2021\/07\/14\/se-acerca-el-dia-de-la-libertad-en-cuba-pero-el-reto-es-desalentador\/#article\",\"isPartOf\":{\"@id\":\"https:\/\/noti-america.com\/site\/venezuela\/2021\/07\/14\/se-acerca-el-dia-de-la-libertad-en-cuba-pero-el-reto-es-desalentador\/\"},\"author\":{\"name\":\"rloaiza\",\"@id\":\"https:\/\/noti-america.com\/site\/venezuela\/#\/schema\/person\/a2e478ba496331ce89bcd0c731cd6533\"},\"headline\":\"Se acerca el D\u00eda de la Libertad en Cuba, pero el reto es desalentador\",\"datePublished\":\"2021-07-14T13:34:48+00:00\",\"dateModified\":\"2021-07-14T17:34:56+00:00\",\"mainEntityOfPage\":{\"@id\":\"https:\/\/noti-america.com\/site\/venezuela\/2021\/07\/14\/se-acerca-el-dia-de-la-libertad-en-cuba-pero-el-reto-es-desalentador\/\"},\"wordCount\":1150,\"commentCount\":0,\"publisher\":{\"@id\":\"https:\/\/noti-america.com\/site\/venezuela\/#organization\"},\"image\":{\"@id\":\"https:\/\/noti-america.com\/site\/venezuela\/2021\/07\/14\/se-acerca-el-dia-de-la-libertad-en-cuba-pero-el-reto-es-desalentador\/#primaryimage\"},\"thumbnailUrl\":\"https:\/\/noti-america.com\/site\/venezuela\/wp-content\/uploads\/sites\/2\/2021\/07\/Libertad-para-Cuba-1200x675-1.jpg\",\"articleSection\":[\"Internacionales\"],\"inLanguage\":\"es\",\"potentialAction\":[{\"@type\":\"CommentAction\",\"name\":\"Comment\",\"target\":[\"https:\/\/noti-america.com\/site\/venezuela\/2021\/07\/14\/se-acerca-el-dia-de-la-libertad-en-cuba-pero-el-reto-es-desalentador\/#respond\"]}]},{\"@type\":\"WebPage\",\"@id\":\"https:\/\/noti-america.com\/site\/venezuela\/2021\/07\/14\/se-acerca-el-dia-de-la-libertad-en-cuba-pero-el-reto-es-desalentador\/\",\"url\":\"https:\/\/noti-america.com\/site\/venezuela\/2021\/07\/14\/se-acerca-el-dia-de-la-libertad-en-cuba-pero-el-reto-es-desalentador\/\",\"name\":\"Se acerca el D\u00eda de la Libertad en Cuba, pero el reto es desalentador - Venezuela | Noti-America.com\",\"isPartOf\":{\"@id\":\"https:\/\/noti-america.com\/site\/venezuela\/#website\"},\"primaryImageOfPage\":{\"@id\":\"https:\/\/noti-america.com\/site\/venezuela\/2021\/07\/14\/se-acerca-el-dia-de-la-libertad-en-cuba-pero-el-reto-es-desalentador\/#primaryimage\"},\"image\":{\"@id\":\"https:\/\/noti-america.com\/site\/venezuela\/2021\/07\/14\/se-acerca-el-dia-de-la-libertad-en-cuba-pero-el-reto-es-desalentador\/#primaryimage\"},\"thumbnailUrl\":\"https:\/\/noti-america.com\/site\/venezuela\/wp-content\/uploads\/sites\/2\/2021\/07\/Libertad-para-Cuba-1200x675-1.jpg\",\"datePublished\":\"2021-07-14T13:34:48+00:00\",\"dateModified\":\"2021-07-14T17:34:56+00:00\",\"breadcrumb\":{\"@id\":\"https:\/\/noti-america.com\/site\/venezuela\/2021\/07\/14\/se-acerca-el-dia-de-la-libertad-en-cuba-pero-el-reto-es-desalentador\/#breadcrumb\"},\"inLanguage\":\"es\",\"potentialAction\":[{\"@type\":\"ReadAction\",\"target\":[\"https:\/\/noti-america.com\/site\/venezuela\/2021\/07\/14\/se-acerca-el-dia-de-la-libertad-en-cuba-pero-el-reto-es-desalentador\/\"]}]},{\"@type\":\"ImageObject\",\"inLanguage\":\"es\",\"@id\":\"https:\/\/noti-america.com\/site\/venezuela\/2021\/07\/14\/se-acerca-el-dia-de-la-libertad-en-cuba-pero-el-reto-es-desalentador\/#primaryimage\",\"url\":\"https:\/\/noti-america.com\/site\/venezuela\/wp-content\/uploads\/sites\/2\/2021\/07\/Libertad-para-Cuba-1200x675-1.jpg\",\"contentUrl\":\"https:\/\/noti-america.com\/site\/venezuela\/wp-content\/uploads\/sites\/2\/2021\/07\/Libertad-para-Cuba-1200x675-1.jpg\",\"width\":1200,\"height\":675},{\"@type\":\"BreadcrumbList\",\"@id\":\"https:\/\/noti-america.com\/site\/venezuela\/2021\/07\/14\/se-acerca-el-dia-de-la-libertad-en-cuba-pero-el-reto-es-desalentador\/#breadcrumb\",\"itemListElement\":[{\"@type\":\"ListItem\",\"position\":1,\"name\":\"Portada\",\"item\":\"https:\/\/noti-america.com\/site\/venezuela\/\"},{\"@type\":\"ListItem\",\"position\":2,\"name\":\"Se acerca el D\u00eda de la Libertad en Cuba, pero el reto es desalentador\"}]},{\"@type\":\"WebSite\",\"@id\":\"https:\/\/noti-america.com\/site\/venezuela\/#website\",\"url\":\"https:\/\/noti-america.com\/site\/venezuela\/\",\"name\":\"Venezuela | Noti-America.com\",\"description\":\"\",\"publisher\":{\"@id\":\"https:\/\/noti-america.com\/site\/venezuela\/#organization\"},\"potentialAction\":[{\"@type\":\"SearchAction\",\"target\":{\"@type\":\"EntryPoint\",\"urlTemplate\":\"https:\/\/noti-america.com\/site\/venezuela\/?s={search_term_string}\"},\"query-input\":{\"@type\":\"PropertyValueSpecification\",\"valueRequired\":true,\"valueName\":\"search_term_string\"}}],\"inLanguage\":\"es\"},{\"@type\":\"Organization\",\"@id\":\"https:\/\/noti-america.com\/site\/venezuela\/#organization\",\"name\":\"Noti-America LLC | Venezuela\",\"url\":\"https:\/\/noti-america.com\/site\/venezuela\/\",\"logo\":{\"@type\":\"ImageObject\",\"inLanguage\":\"es\",\"@id\":\"https:\/\/noti-america.com\/site\/venezuela\/#\/schema\/logo\/image\/\",\"url\":\"https:\/\/noti-america.com\/site\/venezuela\/wp-content\/uploads\/sites\/2\/2020\/07\/LogoNA-4x3-1.jpg\",\"contentUrl\":\"https:\/\/noti-america.com\/site\/venezuela\/wp-content\/uploads\/sites\/2\/2020\/07\/LogoNA-4x3-1.jpg\",\"width\":1236,\"height\":1080,\"caption\":\"Noti-America LLC | Venezuela\"},\"image\":{\"@id\":\"https:\/\/noti-america.com\/site\/venezuela\/#\/schema\/logo\/image\/\"}},{\"@type\":\"Person\",\"@id\":\"https:\/\/noti-america.com\/site\/venezuela\/#\/schema\/person\/a2e478ba496331ce89bcd0c731cd6533\",\"name\":\"rloaiza\",\"image\":{\"@type\":\"ImageObject\",\"inLanguage\":\"es\",\"@id\":\"https:\/\/secure.gravatar.com\/avatar\/190058e5d4427934610b99c45aa7a6558806850adedd53ddeddd194b04773e22?s=96&d=mm&r=g\",\"url\":\"https:\/\/secure.gravatar.com\/avatar\/190058e5d4427934610b99c45aa7a6558806850adedd53ddeddd194b04773e22?s=96&d=mm&r=g\",\"contentUrl\":\"https:\/\/secure.gravatar.com\/avatar\/190058e5d4427934610b99c45aa7a6558806850adedd53ddeddd194b04773e22?s=96&d=mm&r=g\",\"caption\":\"rloaiza\"},\"url\":\"https:\/\/noti-america.com\/site\/venezuela\/author\/rloaiza\/\"}]}<\/script>\n<!-- \/ Yoast SEO Premium plugin. -->","yoast_head_json":{"title":"Se acerca el D\u00eda de la Libertad en Cuba, pero el reto es desalentador - Venezuela | Noti-America.com","robots":{"index":"index","follow":"follow","max-snippet":"max-snippet:-1","max-image-preview":"max-image-preview:large","max-video-preview":"max-video-preview:-1"},"canonical":"https:\/\/noti-america.com\/site\/venezuela\/2021\/07\/14\/se-acerca-el-dia-de-la-libertad-en-cuba-pero-el-reto-es-desalentador\/","og_locale":"es_ES","og_type":"article","og_title":"Se acerca el D\u00eda de la Libertad en Cuba, pero el reto es desalentador","og_description":"NOTI-AMERICA.COM | VENEZUELA www.israelnoticias.com Se acerca el D\u00eda de la Libertad en Cuba, pero el reto es desalentador El estallido del 11 de julio de manifestaciones contra el r\u00e9gimen en Cuba, en ciudades y&#46;&#46;&#46;","og_url":"https:\/\/noti-america.com\/site\/venezuela\/2021\/07\/14\/se-acerca-el-dia-de-la-libertad-en-cuba-pero-el-reto-es-desalentador\/","og_site_name":"Venezuela | Noti-America.com","article_published_time":"2021-07-14T13:34:48+00:00","article_modified_time":"2021-07-14T17:34:56+00:00","og_image":[{"width":1200,"height":675,"url":"https:\/\/noti-america.com\/site\/venezuela\/wp-content\/uploads\/sites\/2\/2021\/07\/Libertad-para-Cuba-1200x675-1.jpg","type":"image\/jpeg"}],"author":"rloaiza","twitter_card":"summary_large_image","twitter_misc":{"Escrito por":"rloaiza","Tiempo estimado de lectura":"6 minutos"},"schema":{"@context":"https:\/\/schema.org","@graph":[{"@type":"Article","@id":"https:\/\/noti-america.com\/site\/venezuela\/2021\/07\/14\/se-acerca-el-dia-de-la-libertad-en-cuba-pero-el-reto-es-desalentador\/#article","isPartOf":{"@id":"https:\/\/noti-america.com\/site\/venezuela\/2021\/07\/14\/se-acerca-el-dia-de-la-libertad-en-cuba-pero-el-reto-es-desalentador\/"},"author":{"name":"rloaiza","@id":"https:\/\/noti-america.com\/site\/venezuela\/#\/schema\/person\/a2e478ba496331ce89bcd0c731cd6533"},"headline":"Se acerca el D\u00eda de la Libertad en Cuba, pero el reto es desalentador","datePublished":"2021-07-14T13:34:48+00:00","dateModified":"2021-07-14T17:34:56+00:00","mainEntityOfPage":{"@id":"https:\/\/noti-america.com\/site\/venezuela\/2021\/07\/14\/se-acerca-el-dia-de-la-libertad-en-cuba-pero-el-reto-es-desalentador\/"},"wordCount":1150,"commentCount":0,"publisher":{"@id":"https:\/\/noti-america.com\/site\/venezuela\/#organization"},"image":{"@id":"https:\/\/noti-america.com\/site\/venezuela\/2021\/07\/14\/se-acerca-el-dia-de-la-libertad-en-cuba-pero-el-reto-es-desalentador\/#primaryimage"},"thumbnailUrl":"https:\/\/noti-america.com\/site\/venezuela\/wp-content\/uploads\/sites\/2\/2021\/07\/Libertad-para-Cuba-1200x675-1.jpg","articleSection":["Internacionales"],"inLanguage":"es","potentialAction":[{"@type":"CommentAction","name":"Comment","target":["https:\/\/noti-america.com\/site\/venezuela\/2021\/07\/14\/se-acerca-el-dia-de-la-libertad-en-cuba-pero-el-reto-es-desalentador\/#respond"]}]},{"@type":"WebPage","@id":"https:\/\/noti-america.com\/site\/venezuela\/2021\/07\/14\/se-acerca-el-dia-de-la-libertad-en-cuba-pero-el-reto-es-desalentador\/","url":"https:\/\/noti-america.com\/site\/venezuela\/2021\/07\/14\/se-acerca-el-dia-de-la-libertad-en-cuba-pero-el-reto-es-desalentador\/","name":"Se acerca el D\u00eda de la Libertad en Cuba, pero el reto es desalentador - Venezuela | Noti-America.com","isPartOf":{"@id":"https:\/\/noti-america.com\/site\/venezuela\/#website"},"primaryImageOfPage":{"@id":"https:\/\/noti-america.com\/site\/venezuela\/2021\/07\/14\/se-acerca-el-dia-de-la-libertad-en-cuba-pero-el-reto-es-desalentador\/#primaryimage"},"image":{"@id":"https:\/\/noti-america.com\/site\/venezuela\/2021\/07\/14\/se-acerca-el-dia-de-la-libertad-en-cuba-pero-el-reto-es-desalentador\/#primaryimage"},"thumbnailUrl":"https:\/\/noti-america.com\/site\/venezuela\/wp-content\/uploads\/sites\/2\/2021\/07\/Libertad-para-Cuba-1200x675-1.jpg","datePublished":"2021-07-14T13:34:48+00:00","dateModified":"2021-07-14T17:34:56+00:00","breadcrumb":{"@id":"https:\/\/noti-america.com\/site\/venezuela\/2021\/07\/14\/se-acerca-el-dia-de-la-libertad-en-cuba-pero-el-reto-es-desalentador\/#breadcrumb"},"inLanguage":"es","potentialAction":[{"@type":"ReadAction","target":["https:\/\/noti-america.com\/site\/venezuela\/2021\/07\/14\/se-acerca-el-dia-de-la-libertad-en-cuba-pero-el-reto-es-desalentador\/"]}]},{"@type":"ImageObject","inLanguage":"es","@id":"https:\/\/noti-america.com\/site\/venezuela\/2021\/07\/14\/se-acerca-el-dia-de-la-libertad-en-cuba-pero-el-reto-es-desalentador\/#primaryimage","url":"https:\/\/noti-america.com\/site\/venezuela\/wp-content\/uploads\/sites\/2\/2021\/07\/Libertad-para-Cuba-1200x675-1.jpg","contentUrl":"https:\/\/noti-america.com\/site\/venezuela\/wp-content\/uploads\/sites\/2\/2021\/07\/Libertad-para-Cuba-1200x675-1.jpg","width":1200,"height":675},{"@type":"BreadcrumbList","@id":"https:\/\/noti-america.com\/site\/venezuela\/2021\/07\/14\/se-acerca-el-dia-de-la-libertad-en-cuba-pero-el-reto-es-desalentador\/#breadcrumb","itemListElement":[{"@type":"ListItem","position":1,"name":"Portada","item":"https:\/\/noti-america.com\/site\/venezuela\/"},{"@type":"ListItem","position":2,"name":"Se acerca el D\u00eda de la Libertad en Cuba, pero el reto es desalentador"}]},{"@type":"WebSite","@id":"https:\/\/noti-america.com\/site\/venezuela\/#website","url":"https:\/\/noti-america.com\/site\/venezuela\/","name":"Venezuela | Noti-America.com","description":"","publisher":{"@id":"https:\/\/noti-america.com\/site\/venezuela\/#organization"},"potentialAction":[{"@type":"SearchAction","target":{"@type":"EntryPoint","urlTemplate":"https:\/\/noti-america.com\/site\/venezuela\/?s={search_term_string}"},"query-input":{"@type":"PropertyValueSpecification","valueRequired":true,"valueName":"search_term_string"}}],"inLanguage":"es"},{"@type":"Organization","@id":"https:\/\/noti-america.com\/site\/venezuela\/#organization","name":"Noti-America LLC | Venezuela","url":"https:\/\/noti-america.com\/site\/venezuela\/","logo":{"@type":"ImageObject","inLanguage":"es","@id":"https:\/\/noti-america.com\/site\/venezuela\/#\/schema\/logo\/image\/","url":"https:\/\/noti-america.com\/site\/venezuela\/wp-content\/uploads\/sites\/2\/2020\/07\/LogoNA-4x3-1.jpg","contentUrl":"https:\/\/noti-america.com\/site\/venezuela\/wp-content\/uploads\/sites\/2\/2020\/07\/LogoNA-4x3-1.jpg","width":1236,"height":1080,"caption":"Noti-America LLC | Venezuela"},"image":{"@id":"https:\/\/noti-america.com\/site\/venezuela\/#\/schema\/logo\/image\/"}},{"@type":"Person","@id":"https:\/\/noti-america.com\/site\/venezuela\/#\/schema\/person\/a2e478ba496331ce89bcd0c731cd6533","name":"rloaiza","image":{"@type":"ImageObject","inLanguage":"es","@id":"https:\/\/secure.gravatar.com\/avatar\/190058e5d4427934610b99c45aa7a6558806850adedd53ddeddd194b04773e22?s=96&d=mm&r=g","url":"https:\/\/secure.gravatar.com\/avatar\/190058e5d4427934610b99c45aa7a6558806850adedd53ddeddd194b04773e22?s=96&d=mm&r=g","contentUrl":"https:\/\/secure.gravatar.com\/avatar\/190058e5d4427934610b99c45aa7a6558806850adedd53ddeddd194b04773e22?s=96&d=mm&r=g","caption":"rloaiza"},"url":"https:\/\/noti-america.com\/site\/venezuela\/author\/rloaiza\/"}]}},"_links":{"self":[{"href":"https:\/\/noti-america.com\/site\/venezuela\/wp-json\/wp\/v2\/posts\/15496","targetHints":{"allow":["GET"]}}],"collection":[{"href":"https:\/\/noti-america.com\/site\/venezuela\/wp-json\/wp\/v2\/posts"}],"about":[{"href":"https:\/\/noti-america.com\/site\/venezuela\/wp-json\/wp\/v2\/types\/post"}],"author":[{"embeddable":true,"href":"https:\/\/noti-america.com\/site\/venezuela\/wp-json\/wp\/v2\/users\/2"}],"replies":[{"embeddable":true,"href":"https:\/\/noti-america.com\/site\/venezuela\/wp-json\/wp\/v2\/comments?post=15496"}],"version-history":[{"count":1,"href":"https:\/\/noti-america.com\/site\/venezuela\/wp-json\/wp\/v2\/posts\/15496\/revisions"}],"predecessor-version":[{"id":15498,"href":"https:\/\/noti-america.com\/site\/venezuela\/wp-json\/wp\/v2\/posts\/15496\/revisions\/15498"}],"wp:featuredmedia":[{"embeddable":true,"href":"https:\/\/noti-america.com\/site\/venezuela\/wp-json\/wp\/v2\/media\/15497"}],"wp:attachment":[{"href":"https:\/\/noti-america.com\/site\/venezuela\/wp-json\/wp\/v2\/media?parent=15496"}],"wp:term":[{"taxonomy":"category","embeddable":true,"href":"https:\/\/noti-america.com\/site\/venezuela\/wp-json\/wp\/v2\/categories?post=15496"},{"taxonomy":"post_tag","embeddable":true,"href":"https:\/\/noti-america.com\/site\/venezuela\/wp-json\/wp\/v2\/tags?post=15496"}],"curies":[{"name":"wp","href":"https:\/\/api.w.org\/{rel}","templated":true}]}}