{"id":15240,"date":"2021-06-22T03:27:24","date_gmt":"2021-06-22T03:27:24","guid":{"rendered":"https:\/\/noti-america.com\/site\/venezuela\/2021\/06\/22\/tengo-edad-una-cancion-que-une-a-tres-generaciones\/"},"modified":"2021-06-22T03:27:24","modified_gmt":"2021-06-22T03:27:24","slug":"tengo-edad-una-cancion-que-une-a-tres-generaciones","status":"publish","type":"post","link":"https:\/\/noti-america.com\/site\/venezuela\/2021\/06\/22\/tengo-edad-una-cancion-que-une-a-tres-generaciones\/","title":{"rendered":"\u201cTengo Edad\u201d una canci\u00f3n que une a tres generaciones"},"content":{"rendered":"<p>El cantautor venezolano Douglas Josu\u00e9 une su talento junto al reconocido Alexis Pe\u00f1a, para lanzar una nueva versi\u00f3n de un tema cl\u00e1sico de los 80 denominado \u201cTengo Edad\u201d, de la agrupaci\u00f3n venezolana \u201cT\u00e9mpano\u201d.<\/p>\n<p>La canci\u00f3n busca resaltar el amor no correspondido entre dos adolescentes, y que adem\u00e1s es interrumpido por un tercero.<\/p>\n<p>Esta nueva producci\u00f3n que une a tres\u00a0generaciones, est\u00e1 disponible en todas las plataformas digitales, y tendr\u00e1 su video oficial entre finales de junio y principios de julio en Youtube.<\/p>\n<p>Cabe destacar que Douglas Josu\u00e9 y Alexis Pe\u00f1a tienen una amplia trayectoria en la industria musical y han alcanzado grandes \u00e9xitos a nivel nacional e internacional.<\/p>\n<p>Por su parte, Douglas quien tiene m\u00e1s de 20 a\u00f1os de carrera art\u00edstica, y tres placas discogr\u00e1ficas: \u201cVuelvo a brillar\u201d (2007), \u201cLa Estampida\u201d (2019) y \u201cDoble Visi\u00f3n\u201d (2021); se ha caracterizado por darle un toque de originalidad a su m\u00fasica, pues sus temas tienen un estilo sutil y un sonido fresco, cargado de rock; por este motivo es conocido tambi\u00e9n como \u201cEl rockero rom\u00e1ntico\u201d.<\/p>\n<p>Mientras que Alexis es uno de los cantantes de pop rock m\u00e1s importantes en la historia musical de Venezuela. Form\u00f3 parte de la agrupaci\u00f3n T\u00e9mpano, Poster, Soto Blues Band, y como solista edit\u00f3 el \u00e1lbum Alexis (1997), con la colaboraci\u00f3n de m\u00fasicos de talla nacional e internacional. Su nombre tambi\u00e9n est\u00e1 asociado a las agrupaciones Resistencia, Santos Viejos, p\u00f3ker y Trip Machine.<\/p>\n<p>Si deseas conocer m\u00e1s sobre estos talentos venezolanos, puedes seguirlo en sus redes sociales: Instagram:\u00a0@douglasjosuemusic\u00a0TikTok:\u00a0@douglasjosuemusic\u00a0Youtube:\u00a0douglas josue \/ Instagram: @alexispenasinger<\/p>\n<p><a href=\"https:\/\/youtu.be\/gsCax7WY_Pw\" data-saferedirecturl=\"https:\/\/www.google.com\/url?q=https:\/\/youtu.be\/gsCax7WY_Pw&amp;source=gmail&amp;ust=1624429489154000&amp;usg=AFQjCNGeuaLExl9utsKScFqO0NBGJOj21w\">https:\/\/youtu.be\/gsCax7WY_Pw<\/a><\/p>\n","protected":false},"excerpt":{"rendered":"<p>El cantautor venezolano Douglas Josu\u00e9 une su talento junto al reconocido Alexis Pe\u00f1a, para lanzar una nueva versi\u00f3n de un tema cl\u00e1sico de los 80 denominado \u201cTengo Edad\u201d, de la agrupaci\u00f3n venezolana \u201cT\u00e9mpano\u201d. La&#46;&#46;&#46;<\/p>\n","protected":false},"author":115,"featured_media":15241,"comment_status":"open","ping_status":"open","sticky":false,"template":"","format":"standard","meta":{"_acf_changed":false,"om_disable_all_campaigns":false,"rop_custom_images_group":[],"rop_custom_messages_group":[],"rop_publish_now":"initial","rop_publish_now_accounts":{"twitter_242054905_242054905":""},"rop_publish_now_history":[],"rop_publish_now_status":"pending","_uf_show_specific_survey":0,"_uf_disable_surveys":false,"footnotes":""},"categories":[8],"tags":[237],"class_list":["post-15240","post","type-post","status-publish","format-standard","has-post-thumbnail","hentry","category-arte-y-espectaculos","tag-portada"],"acf":[],"aioseo_notices":[],"yoast_head":"<!-- This site is optimized with the Yoast SEO Premium plugin v24.9 (Yoast SEO v27.2) - https:\/\/yoast.com\/product\/yoast-seo-premium-wordpress\/ -->\n<title>\u201cTengo Edad\u201d una canci\u00f3n que une a tres generaciones - Venezuela | Noti-America.com<\/title>\n<meta name=\"robots\" content=\"index, follow, max-snippet:-1, max-image-preview:large, max-video-preview:-1\" \/>\n<link rel=\"canonical\" href=\"https:\/\/noti-america.com\/site\/venezuela\/2021\/06\/22\/tengo-edad-una-cancion-que-une-a-tres-generaciones\/\" \/>\n<meta property=\"og:locale\" content=\"es_ES\" \/>\n<meta property=\"og:type\" content=\"article\" \/>\n<meta property=\"og:title\" content=\"\u201cTengo Edad\u201d una canci\u00f3n que une a tres generaciones\" \/>\n<meta property=\"og:description\" content=\"El cantautor venezolano Douglas Josu\u00e9 une su talento junto al reconocido Alexis Pe\u00f1a, para lanzar una nueva versi\u00f3n de un tema cl\u00e1sico de los 80 denominado \u201cTengo Edad\u201d, de la agrupaci\u00f3n venezolana \u201cT\u00e9mpano\u201d. La&#046;&#046;&#046;\" \/>\n<meta property=\"og:url\" content=\"https:\/\/noti-america.com\/site\/venezuela\/2021\/06\/22\/tengo-edad-una-cancion-que-une-a-tres-generaciones\/\" \/>\n<meta property=\"og:site_name\" content=\"Venezuela | Noti-America.com\" \/>\n<meta property=\"article:published_time\" content=\"2021-06-22T03:27:24+00:00\" \/>\n<meta property=\"og:image\" content=\"https:\/\/noti-america.com\/site\/venezuela\/wp-content\/uploads\/sites\/2\/2021\/06\/Douglas-Josue-Alexis-Pena.jpg\" \/>\n\t<meta property=\"og:image:width\" content=\"1058\" \/>\n\t<meta property=\"og:image:height\" content=\"1021\" \/>\n\t<meta property=\"og:image:type\" content=\"image\/jpeg\" \/>\n<meta name=\"author\" content=\"Yorvis Chirinos\" \/>\n<meta name=\"twitter:card\" content=\"summary_large_image\" \/>\n<meta name=\"twitter:label1\" content=\"Escrito por\" \/>\n\t<meta name=\"twitter:data1\" content=\"Yorvis Chirinos\" \/>\n\t<meta name=\"twitter:label2\" content=\"Tiempo estimado de lectura\" \/>\n\t<meta name=\"twitter:data2\" content=\"1 minuto\" \/>\n<script type=\"application\/ld+json\" class=\"yoast-schema-graph\">{\"@context\":\"https:\/\/schema.org\",\"@graph\":[{\"@type\":\"Article\",\"@id\":\"https:\/\/noti-america.com\/site\/venezuela\/2021\/06\/22\/tengo-edad-una-cancion-que-une-a-tres-generaciones\/#article\",\"isPartOf\":{\"@id\":\"https:\/\/noti-america.com\/site\/venezuela\/2021\/06\/22\/tengo-edad-una-cancion-que-une-a-tres-generaciones\/\"},\"author\":{\"name\":\"Yorvis Chirinos\",\"@id\":\"https:\/\/noti-america.com\/site\/venezuela\/#\/schema\/person\/e26605061ce4ac6a4c3950ac2214c88d\"},\"headline\":\"\u201cTengo Edad\u201d una canci\u00f3n que une a tres generaciones\",\"datePublished\":\"2021-06-22T03:27:24+00:00\",\"mainEntityOfPage\":{\"@id\":\"https:\/\/noti-america.com\/site\/venezuela\/2021\/06\/22\/tengo-edad-una-cancion-que-une-a-tres-generaciones\/\"},\"wordCount\":292,\"commentCount\":0,\"publisher\":{\"@id\":\"https:\/\/noti-america.com\/site\/venezuela\/#organization\"},\"image\":{\"@id\":\"https:\/\/noti-america.com\/site\/venezuela\/2021\/06\/22\/tengo-edad-una-cancion-que-une-a-tres-generaciones\/#primaryimage\"},\"thumbnailUrl\":\"https:\/\/noti-america.com\/site\/venezuela\/wp-content\/uploads\/sites\/2\/2021\/06\/Douglas-Josue-Alexis-Pena.jpg\",\"keywords\":[\"portada\"],\"articleSection\":[\"Arte y Espect\u00e1culos\"],\"inLanguage\":\"es\",\"potentialAction\":[{\"@type\":\"CommentAction\",\"name\":\"Comment\",\"target\":[\"https:\/\/noti-america.com\/site\/venezuela\/2021\/06\/22\/tengo-edad-una-cancion-que-une-a-tres-generaciones\/#respond\"]}]},{\"@type\":\"WebPage\",\"@id\":\"https:\/\/noti-america.com\/site\/venezuela\/2021\/06\/22\/tengo-edad-una-cancion-que-une-a-tres-generaciones\/\",\"url\":\"https:\/\/noti-america.com\/site\/venezuela\/2021\/06\/22\/tengo-edad-una-cancion-que-une-a-tres-generaciones\/\",\"name\":\"\u201cTengo Edad\u201d una canci\u00f3n que une a tres generaciones - Venezuela | Noti-America.com\",\"isPartOf\":{\"@id\":\"https:\/\/noti-america.com\/site\/venezuela\/#website\"},\"primaryImageOfPage\":{\"@id\":\"https:\/\/noti-america.com\/site\/venezuela\/2021\/06\/22\/tengo-edad-una-cancion-que-une-a-tres-generaciones\/#primaryimage\"},\"image\":{\"@id\":\"https:\/\/noti-america.com\/site\/venezuela\/2021\/06\/22\/tengo-edad-una-cancion-que-une-a-tres-generaciones\/#primaryimage\"},\"thumbnailUrl\":\"https:\/\/noti-america.com\/site\/venezuela\/wp-content\/uploads\/sites\/2\/2021\/06\/Douglas-Josue-Alexis-Pena.jpg\",\"datePublished\":\"2021-06-22T03:27:24+00:00\",\"breadcrumb\":{\"@id\":\"https:\/\/noti-america.com\/site\/venezuela\/2021\/06\/22\/tengo-edad-una-cancion-que-une-a-tres-generaciones\/#breadcrumb\"},\"inLanguage\":\"es\",\"potentialAction\":[{\"@type\":\"ReadAction\",\"target\":[\"https:\/\/noti-america.com\/site\/venezuela\/2021\/06\/22\/tengo-edad-una-cancion-que-une-a-tres-generaciones\/\"]}]},{\"@type\":\"ImageObject\",\"inLanguage\":\"es\",\"@id\":\"https:\/\/noti-america.com\/site\/venezuela\/2021\/06\/22\/tengo-edad-una-cancion-que-une-a-tres-generaciones\/#primaryimage\",\"url\":\"https:\/\/noti-america.com\/site\/venezuela\/wp-content\/uploads\/sites\/2\/2021\/06\/Douglas-Josue-Alexis-Pena.jpg\",\"contentUrl\":\"https:\/\/noti-america.com\/site\/venezuela\/wp-content\/uploads\/sites\/2\/2021\/06\/Douglas-Josue-Alexis-Pena.jpg\",\"width\":1058,\"height\":1021},{\"@type\":\"BreadcrumbList\",\"@id\":\"https:\/\/noti-america.com\/site\/venezuela\/2021\/06\/22\/tengo-edad-una-cancion-que-une-a-tres-generaciones\/#breadcrumb\",\"itemListElement\":[{\"@type\":\"ListItem\",\"position\":1,\"name\":\"Portada\",\"item\":\"https:\/\/noti-america.com\/site\/venezuela\/\"},{\"@type\":\"ListItem\",\"position\":2,\"name\":\"\u201cTengo Edad\u201d una canci\u00f3n que une a tres generaciones\"}]},{\"@type\":\"WebSite\",\"@id\":\"https:\/\/noti-america.com\/site\/venezuela\/#website\",\"url\":\"https:\/\/noti-america.com\/site\/venezuela\/\",\"name\":\"Venezuela | Noti-America.com\",\"description\":\"\",\"publisher\":{\"@id\":\"https:\/\/noti-america.com\/site\/venezuela\/#organization\"},\"potentialAction\":[{\"@type\":\"SearchAction\",\"target\":{\"@type\":\"EntryPoint\",\"urlTemplate\":\"https:\/\/noti-america.com\/site\/venezuela\/?s={search_term_string}\"},\"query-input\":{\"@type\":\"PropertyValueSpecification\",\"valueRequired\":true,\"valueName\":\"search_term_string\"}}],\"inLanguage\":\"es\"},{\"@type\":\"Organization\",\"@id\":\"https:\/\/noti-america.com\/site\/venezuela\/#organization\",\"name\":\"Noti-America LLC | Venezuela\",\"url\":\"https:\/\/noti-america.com\/site\/venezuela\/\",\"logo\":{\"@type\":\"ImageObject\",\"inLanguage\":\"es\",\"@id\":\"https:\/\/noti-america.com\/site\/venezuela\/#\/schema\/logo\/image\/\",\"url\":\"https:\/\/noti-america.com\/site\/venezuela\/wp-content\/uploads\/sites\/2\/2020\/07\/LogoNA-4x3-1.jpg\",\"contentUrl\":\"https:\/\/noti-america.com\/site\/venezuela\/wp-content\/uploads\/sites\/2\/2020\/07\/LogoNA-4x3-1.jpg\",\"width\":1236,\"height\":1080,\"caption\":\"Noti-America LLC | Venezuela\"},\"image\":{\"@id\":\"https:\/\/noti-america.com\/site\/venezuela\/#\/schema\/logo\/image\/\"}},{\"@type\":\"Person\",\"@id\":\"https:\/\/noti-america.com\/site\/venezuela\/#\/schema\/person\/e26605061ce4ac6a4c3950ac2214c88d\",\"name\":\"Yorvis Chirinos\",\"image\":{\"@type\":\"ImageObject\",\"inLanguage\":\"es\",\"@id\":\"https:\/\/secure.gravatar.com\/avatar\/0a7b4fc99f07257186745713daa39781b31793a8e9a3284f87c9c220d1bfbd94?s=96&d=mm&r=g\",\"url\":\"https:\/\/secure.gravatar.com\/avatar\/0a7b4fc99f07257186745713daa39781b31793a8e9a3284f87c9c220d1bfbd94?s=96&d=mm&r=g\",\"contentUrl\":\"https:\/\/secure.gravatar.com\/avatar\/0a7b4fc99f07257186745713daa39781b31793a8e9a3284f87c9c220d1bfbd94?s=96&d=mm&r=g\",\"caption\":\"Yorvis Chirinos\"},\"url\":\"https:\/\/noti-america.com\/site\/venezuela\/author\/ychirinos\/\"}]}<\/script>\n<!-- \/ Yoast SEO Premium plugin. -->","yoast_head_json":{"title":"\u201cTengo Edad\u201d una canci\u00f3n que une a tres generaciones - Venezuela | Noti-America.com","robots":{"index":"index","follow":"follow","max-snippet":"max-snippet:-1","max-image-preview":"max-image-preview:large","max-video-preview":"max-video-preview:-1"},"canonical":"https:\/\/noti-america.com\/site\/venezuela\/2021\/06\/22\/tengo-edad-una-cancion-que-une-a-tres-generaciones\/","og_locale":"es_ES","og_type":"article","og_title":"\u201cTengo Edad\u201d una canci\u00f3n que une a tres generaciones","og_description":"El cantautor venezolano Douglas Josu\u00e9 une su talento junto al reconocido Alexis Pe\u00f1a, para lanzar una nueva versi\u00f3n de un tema cl\u00e1sico de los 80 denominado \u201cTengo Edad\u201d, de la agrupaci\u00f3n venezolana \u201cT\u00e9mpano\u201d. La&#46;&#46;&#46;","og_url":"https:\/\/noti-america.com\/site\/venezuela\/2021\/06\/22\/tengo-edad-una-cancion-que-une-a-tres-generaciones\/","og_site_name":"Venezuela | Noti-America.com","article_published_time":"2021-06-22T03:27:24+00:00","og_image":[{"width":1058,"height":1021,"url":"https:\/\/noti-america.com\/site\/venezuela\/wp-content\/uploads\/sites\/2\/2021\/06\/Douglas-Josue-Alexis-Pena.jpg","type":"image\/jpeg"}],"author":"Yorvis Chirinos","twitter_card":"summary_large_image","twitter_misc":{"Escrito por":"Yorvis Chirinos","Tiempo estimado de lectura":"1 minuto"},"schema":{"@context":"https:\/\/schema.org","@graph":[{"@type":"Article","@id":"https:\/\/noti-america.com\/site\/venezuela\/2021\/06\/22\/tengo-edad-una-cancion-que-une-a-tres-generaciones\/#article","isPartOf":{"@id":"https:\/\/noti-america.com\/site\/venezuela\/2021\/06\/22\/tengo-edad-una-cancion-que-une-a-tres-generaciones\/"},"author":{"name":"Yorvis Chirinos","@id":"https:\/\/noti-america.com\/site\/venezuela\/#\/schema\/person\/e26605061ce4ac6a4c3950ac2214c88d"},"headline":"\u201cTengo Edad\u201d una canci\u00f3n que une a tres generaciones","datePublished":"2021-06-22T03:27:24+00:00","mainEntityOfPage":{"@id":"https:\/\/noti-america.com\/site\/venezuela\/2021\/06\/22\/tengo-edad-una-cancion-que-une-a-tres-generaciones\/"},"wordCount":292,"commentCount":0,"publisher":{"@id":"https:\/\/noti-america.com\/site\/venezuela\/#organization"},"image":{"@id":"https:\/\/noti-america.com\/site\/venezuela\/2021\/06\/22\/tengo-edad-una-cancion-que-une-a-tres-generaciones\/#primaryimage"},"thumbnailUrl":"https:\/\/noti-america.com\/site\/venezuela\/wp-content\/uploads\/sites\/2\/2021\/06\/Douglas-Josue-Alexis-Pena.jpg","keywords":["portada"],"articleSection":["Arte y Espect\u00e1culos"],"inLanguage":"es","potentialAction":[{"@type":"CommentAction","name":"Comment","target":["https:\/\/noti-america.com\/site\/venezuela\/2021\/06\/22\/tengo-edad-una-cancion-que-une-a-tres-generaciones\/#respond"]}]},{"@type":"WebPage","@id":"https:\/\/noti-america.com\/site\/venezuela\/2021\/06\/22\/tengo-edad-una-cancion-que-une-a-tres-generaciones\/","url":"https:\/\/noti-america.com\/site\/venezuela\/2021\/06\/22\/tengo-edad-una-cancion-que-une-a-tres-generaciones\/","name":"\u201cTengo Edad\u201d una canci\u00f3n que une a tres generaciones - Venezuela | Noti-America.com","isPartOf":{"@id":"https:\/\/noti-america.com\/site\/venezuela\/#website"},"primaryImageOfPage":{"@id":"https:\/\/noti-america.com\/site\/venezuela\/2021\/06\/22\/tengo-edad-una-cancion-que-une-a-tres-generaciones\/#primaryimage"},"image":{"@id":"https:\/\/noti-america.com\/site\/venezuela\/2021\/06\/22\/tengo-edad-una-cancion-que-une-a-tres-generaciones\/#primaryimage"},"thumbnailUrl":"https:\/\/noti-america.com\/site\/venezuela\/wp-content\/uploads\/sites\/2\/2021\/06\/Douglas-Josue-Alexis-Pena.jpg","datePublished":"2021-06-22T03:27:24+00:00","breadcrumb":{"@id":"https:\/\/noti-america.com\/site\/venezuela\/2021\/06\/22\/tengo-edad-una-cancion-que-une-a-tres-generaciones\/#breadcrumb"},"inLanguage":"es","potentialAction":[{"@type":"ReadAction","target":["https:\/\/noti-america.com\/site\/venezuela\/2021\/06\/22\/tengo-edad-una-cancion-que-une-a-tres-generaciones\/"]}]},{"@type":"ImageObject","inLanguage":"es","@id":"https:\/\/noti-america.com\/site\/venezuela\/2021\/06\/22\/tengo-edad-una-cancion-que-une-a-tres-generaciones\/#primaryimage","url":"https:\/\/noti-america.com\/site\/venezuela\/wp-content\/uploads\/sites\/2\/2021\/06\/Douglas-Josue-Alexis-Pena.jpg","contentUrl":"https:\/\/noti-america.com\/site\/venezuela\/wp-content\/uploads\/sites\/2\/2021\/06\/Douglas-Josue-Alexis-Pena.jpg","width":1058,"height":1021},{"@type":"BreadcrumbList","@id":"https:\/\/noti-america.com\/site\/venezuela\/2021\/06\/22\/tengo-edad-una-cancion-que-une-a-tres-generaciones\/#breadcrumb","itemListElement":[{"@type":"ListItem","position":1,"name":"Portada","item":"https:\/\/noti-america.com\/site\/venezuela\/"},{"@type":"ListItem","position":2,"name":"\u201cTengo Edad\u201d una canci\u00f3n que une a tres generaciones"}]},{"@type":"WebSite","@id":"https:\/\/noti-america.com\/site\/venezuela\/#website","url":"https:\/\/noti-america.com\/site\/venezuela\/","name":"Venezuela | Noti-America.com","description":"","publisher":{"@id":"https:\/\/noti-america.com\/site\/venezuela\/#organization"},"potentialAction":[{"@type":"SearchAction","target":{"@type":"EntryPoint","urlTemplate":"https:\/\/noti-america.com\/site\/venezuela\/?s={search_term_string}"},"query-input":{"@type":"PropertyValueSpecification","valueRequired":true,"valueName":"search_term_string"}}],"inLanguage":"es"},{"@type":"Organization","@id":"https:\/\/noti-america.com\/site\/venezuela\/#organization","name":"Noti-America LLC | Venezuela","url":"https:\/\/noti-america.com\/site\/venezuela\/","logo":{"@type":"ImageObject","inLanguage":"es","@id":"https:\/\/noti-america.com\/site\/venezuela\/#\/schema\/logo\/image\/","url":"https:\/\/noti-america.com\/site\/venezuela\/wp-content\/uploads\/sites\/2\/2020\/07\/LogoNA-4x3-1.jpg","contentUrl":"https:\/\/noti-america.com\/site\/venezuela\/wp-content\/uploads\/sites\/2\/2020\/07\/LogoNA-4x3-1.jpg","width":1236,"height":1080,"caption":"Noti-America LLC | Venezuela"},"image":{"@id":"https:\/\/noti-america.com\/site\/venezuela\/#\/schema\/logo\/image\/"}},{"@type":"Person","@id":"https:\/\/noti-america.com\/site\/venezuela\/#\/schema\/person\/e26605061ce4ac6a4c3950ac2214c88d","name":"Yorvis Chirinos","image":{"@type":"ImageObject","inLanguage":"es","@id":"https:\/\/secure.gravatar.com\/avatar\/0a7b4fc99f07257186745713daa39781b31793a8e9a3284f87c9c220d1bfbd94?s=96&d=mm&r=g","url":"https:\/\/secure.gravatar.com\/avatar\/0a7b4fc99f07257186745713daa39781b31793a8e9a3284f87c9c220d1bfbd94?s=96&d=mm&r=g","contentUrl":"https:\/\/secure.gravatar.com\/avatar\/0a7b4fc99f07257186745713daa39781b31793a8e9a3284f87c9c220d1bfbd94?s=96&d=mm&r=g","caption":"Yorvis Chirinos"},"url":"https:\/\/noti-america.com\/site\/venezuela\/author\/ychirinos\/"}]}},"_links":{"self":[{"href":"https:\/\/noti-america.com\/site\/venezuela\/wp-json\/wp\/v2\/posts\/15240","targetHints":{"allow":["GET"]}}],"collection":[{"href":"https:\/\/noti-america.com\/site\/venezuela\/wp-json\/wp\/v2\/posts"}],"about":[{"href":"https:\/\/noti-america.com\/site\/venezuela\/wp-json\/wp\/v2\/types\/post"}],"author":[{"embeddable":true,"href":"https:\/\/noti-america.com\/site\/venezuela\/wp-json\/wp\/v2\/users\/115"}],"replies":[{"embeddable":true,"href":"https:\/\/noti-america.com\/site\/venezuela\/wp-json\/wp\/v2\/comments?post=15240"}],"version-history":[{"count":0,"href":"https:\/\/noti-america.com\/site\/venezuela\/wp-json\/wp\/v2\/posts\/15240\/revisions"}],"wp:featuredmedia":[{"embeddable":true,"href":"https:\/\/noti-america.com\/site\/venezuela\/wp-json\/wp\/v2\/media\/15241"}],"wp:attachment":[{"href":"https:\/\/noti-america.com\/site\/venezuela\/wp-json\/wp\/v2\/media?parent=15240"}],"wp:term":[{"taxonomy":"category","embeddable":true,"href":"https:\/\/noti-america.com\/site\/venezuela\/wp-json\/wp\/v2\/categories?post=15240"},{"taxonomy":"post_tag","embeddable":true,"href":"https:\/\/noti-america.com\/site\/venezuela\/wp-json\/wp\/v2\/tags?post=15240"}],"curies":[{"name":"wp","href":"https:\/\/api.w.org\/{rel}","templated":true}]}}