{"id":15231,"date":"2021-06-21T20:23:03","date_gmt":"2021-06-21T20:23:03","guid":{"rendered":"https:\/\/noti-america.com\/site\/venezuela\/2021\/06\/21\/caf-emite-su-primer-bono-de-nutricion-en-favor-de-america-latina\/"},"modified":"2021-06-21T20:23:03","modified_gmt":"2021-06-21T20:23:03","slug":"caf-emite-su-primer-bono-de-nutricion-en-favor-de-america-latina","status":"publish","type":"post","link":"https:\/\/noti-america.com\/site\/venezuela\/2021\/06\/21\/caf-emite-su-primer-bono-de-nutricion-en-favor-de-america-latina\/","title":{"rendered":"CAF emite su primer Bono de Nutrici\u00f3n en favor de Am\u00e9rica Latina"},"content":{"rendered":"<p>NOTI-AMERICA.COM | VENEZUELA<\/p>\n<p>www.atalayar.com<\/p>\n<div class=\"post-top\">\n<h1 class=\"post-title\">CAF emite su primer Bono de Nutrici\u00f3n en favor de Am\u00e9rica Latina<\/h1>\n<div class=\"field field--name-field-subtitulo field--type-string field--label-hidden field__item\">La emisi\u00f3n, por un monto total de 20.000 millones de yenes, fue adquirida por inversionistas institucionales japoneses y se destinar\u00e1 a financiar exclusivamente iniciativas relacionadas con nutrici\u00f3n<\/div>\n<div class=\"field field--name-field-autor field--type-entity-reference field--label-hidden field__item\"><a href=\"https:\/\/atalayar.com\/taxonomy\/term\/904\" hreflang=\"es\">Atalayar<\/a><\/div>\n<\/div>\n<div class=\"post-thumbnail\">\n<div class=\"field field--name-field-image field--type-image field--label-hidden field__item\"><img decoding=\"async\" src=\"https:\/\/atalayar.com\/sites\/default\/files\/styles\/foto_\/public\/noticias\/atalayar_caf_bono_nutrcion_america%20latina.jpg?itok=DwalLYDS\" alt=\"CAF emite su primer Bono de Nutrici\u00f3n en favor de Am\u00e9rica Latina\" \/><\/div>\n<div class=\"pie-foto\">\n<p>\u00a0&#8211;<\/p>\n<\/div>\n<\/div>\n<div class=\"post-content\">\n<div class=\"node__content clearfix\">\n<div class=\"field field--name-body field--type-text-with-summary field--label-hidden field__item\">\n<p><strong>CAF -banco de desarrollo de Am\u00e9rica Latina- realiz\u00f3 de la mano de Daiwa Securities Group su primera colocaci\u00f3n tem\u00e1tica de bonos espec\u00edficamente dirigidos al financiamiento de programas de nutrici\u00f3n<\/strong>. Los t\u00edtulos, por un total de 20.000 millones de yenes (aproximadamente 183 millones de d\u00f3lares) tienen un plazo de 7 a\u00f1os.<\/p>\n<p><strong>\u00abEste tipo de bonos tem\u00e1ticos son fundamentales para promover iniciativas que mejoren el bienestar de la poblaci\u00f3n, especialmente ni\u00f1os de 0 a 6 a\u00f1os, mujeres embarazadas y personas con discapacidad.\u00a0<\/strong>Con estos recursos fortaleceremos los programas alimentarios en Am\u00e9rica Latina\u00bb, afirm\u00f3 Renny L\u00f3pez, presidente ejecutivo Interino de CAF.<\/p>\n<p><strong>Los fondos recaudados por medio de los bonos de nutrici\u00f3n\u00a0<\/strong>se destinar\u00e1n para diversas iniciativas relacionadas con la agenda de nutrici\u00f3n, que s\u00f3lo en Argentina han beneficiado hasta el momento a 2,9 millones de ni\u00f1os de 0 a 6 a\u00f1os, embarazadas y discapacitados con la Tarjeta Alimentar, que forma parte del Programa de Apoyo al Plan Nacional Argentina contra el hambre.<\/p>\n<p>Por otro lado,\u00a0<strong>este tipo de bonos de CAF les permite a los inversionistas japoneses participar en iniciativas que mejoran el bienestar de los latinoamericanos<\/strong>, asegurando el acceso a la canasta b\u00e1sica alimentaria de los m\u00e1s vulnerables.<\/p>\n<\/div>\n<\/div>\n<\/div>\n","protected":false},"excerpt":{"rendered":"<p>NOTI-AMERICA.COM | VENEZUELA www.atalayar.com CAF emite su primer Bono de Nutrici\u00f3n en favor de Am\u00e9rica Latina La emisi\u00f3n, por un monto total de 20.000 millones de yenes, fue adquirida por inversionistas institucionales japoneses y&#46;&#46;&#46;<\/p>\n","protected":false},"author":2,"featured_media":15232,"comment_status":"open","ping_status":"open","sticky":false,"template":"","format":"standard","meta":{"_acf_changed":false,"om_disable_all_campaigns":false,"rop_custom_images_group":[],"rop_custom_messages_group":[],"rop_publish_now":"initial","rop_publish_now_accounts":{"twitter_242054905_242054905":""},"rop_publish_now_history":[],"rop_publish_now_status":"pending","_uf_show_specific_survey":0,"_uf_disable_surveys":false,"footnotes":""},"categories":[5],"tags":[],"class_list":["post-15231","post","type-post","status-publish","format-standard","has-post-thumbnail","hentry","category-economia"],"acf":[],"aioseo_notices":[],"yoast_head":"<!-- This site is optimized with the Yoast SEO Premium plugin v24.9 (Yoast SEO v27.2) - https:\/\/yoast.com\/product\/yoast-seo-premium-wordpress\/ -->\n<title>CAF emite su primer Bono de Nutrici\u00f3n en favor de Am\u00e9rica Latina - Venezuela | Noti-America.com<\/title>\n<meta name=\"robots\" content=\"index, follow, max-snippet:-1, max-image-preview:large, max-video-preview:-1\" \/>\n<link rel=\"canonical\" href=\"https:\/\/noti-america.com\/site\/venezuela\/2021\/06\/21\/caf-emite-su-primer-bono-de-nutricion-en-favor-de-america-latina\/\" \/>\n<meta property=\"og:locale\" content=\"es_ES\" \/>\n<meta property=\"og:type\" content=\"article\" \/>\n<meta property=\"og:title\" content=\"CAF emite su primer Bono de Nutrici\u00f3n en favor de Am\u00e9rica Latina\" \/>\n<meta property=\"og:description\" content=\"NOTI-AMERICA.COM | VENEZUELA www.atalayar.com CAF emite su primer Bono de Nutrici\u00f3n en favor de Am\u00e9rica Latina La emisi\u00f3n, por un monto total de 20.000 millones de yenes, fue adquirida por inversionistas institucionales japoneses y&#046;&#046;&#046;\" \/>\n<meta property=\"og:url\" content=\"https:\/\/noti-america.com\/site\/venezuela\/2021\/06\/21\/caf-emite-su-primer-bono-de-nutricion-en-favor-de-america-latina\/\" \/>\n<meta property=\"og:site_name\" content=\"Venezuela | Noti-America.com\" \/>\n<meta property=\"article:published_time\" content=\"2021-06-21T20:23:03+00:00\" \/>\n<meta property=\"og:image\" content=\"https:\/\/noti-america.com\/site\/venezuela\/wp-content\/uploads\/sites\/2\/2021\/06\/atalayar_caf_bono_nutrcion_america-latina.jpg\" \/>\n\t<meta property=\"og:image:width\" content=\"813\" \/>\n\t<meta property=\"og:image:height\" content=\"558\" \/>\n\t<meta property=\"og:image:type\" content=\"image\/jpeg\" \/>\n<meta name=\"author\" content=\"rloaiza\" \/>\n<meta name=\"twitter:card\" content=\"summary_large_image\" \/>\n<meta name=\"twitter:label1\" content=\"Escrito por\" \/>\n\t<meta name=\"twitter:data1\" content=\"rloaiza\" \/>\n\t<meta name=\"twitter:label2\" content=\"Tiempo estimado de lectura\" \/>\n\t<meta name=\"twitter:data2\" content=\"1 minuto\" \/>\n<script type=\"application\/ld+json\" class=\"yoast-schema-graph\">{\"@context\":\"https:\/\/schema.org\",\"@graph\":[{\"@type\":\"Article\",\"@id\":\"https:\/\/noti-america.com\/site\/venezuela\/2021\/06\/21\/caf-emite-su-primer-bono-de-nutricion-en-favor-de-america-latina\/#article\",\"isPartOf\":{\"@id\":\"https:\/\/noti-america.com\/site\/venezuela\/2021\/06\/21\/caf-emite-su-primer-bono-de-nutricion-en-favor-de-america-latina\/\"},\"author\":{\"name\":\"rloaiza\",\"@id\":\"https:\/\/noti-america.com\/site\/venezuela\/#\/schema\/person\/a2e478ba496331ce89bcd0c731cd6533\"},\"headline\":\"CAF emite su primer Bono de Nutrici\u00f3n en favor de Am\u00e9rica Latina\",\"datePublished\":\"2021-06-21T20:23:03+00:00\",\"mainEntityOfPage\":{\"@id\":\"https:\/\/noti-america.com\/site\/venezuela\/2021\/06\/21\/caf-emite-su-primer-bono-de-nutricion-en-favor-de-america-latina\/\"},\"wordCount\":274,\"commentCount\":0,\"publisher\":{\"@id\":\"https:\/\/noti-america.com\/site\/venezuela\/#organization\"},\"image\":{\"@id\":\"https:\/\/noti-america.com\/site\/venezuela\/2021\/06\/21\/caf-emite-su-primer-bono-de-nutricion-en-favor-de-america-latina\/#primaryimage\"},\"thumbnailUrl\":\"https:\/\/noti-america.com\/site\/venezuela\/wp-content\/uploads\/sites\/2\/2021\/06\/atalayar_caf_bono_nutrcion_america-latina.jpg\",\"articleSection\":[\"Econom\u00eda\"],\"inLanguage\":\"es\",\"potentialAction\":[{\"@type\":\"CommentAction\",\"name\":\"Comment\",\"target\":[\"https:\/\/noti-america.com\/site\/venezuela\/2021\/06\/21\/caf-emite-su-primer-bono-de-nutricion-en-favor-de-america-latina\/#respond\"]}]},{\"@type\":\"WebPage\",\"@id\":\"https:\/\/noti-america.com\/site\/venezuela\/2021\/06\/21\/caf-emite-su-primer-bono-de-nutricion-en-favor-de-america-latina\/\",\"url\":\"https:\/\/noti-america.com\/site\/venezuela\/2021\/06\/21\/caf-emite-su-primer-bono-de-nutricion-en-favor-de-america-latina\/\",\"name\":\"CAF emite su primer Bono de Nutrici\u00f3n en favor de Am\u00e9rica Latina - Venezuela | Noti-America.com\",\"isPartOf\":{\"@id\":\"https:\/\/noti-america.com\/site\/venezuela\/#website\"},\"primaryImageOfPage\":{\"@id\":\"https:\/\/noti-america.com\/site\/venezuela\/2021\/06\/21\/caf-emite-su-primer-bono-de-nutricion-en-favor-de-america-latina\/#primaryimage\"},\"image\":{\"@id\":\"https:\/\/noti-america.com\/site\/venezuela\/2021\/06\/21\/caf-emite-su-primer-bono-de-nutricion-en-favor-de-america-latina\/#primaryimage\"},\"thumbnailUrl\":\"https:\/\/noti-america.com\/site\/venezuela\/wp-content\/uploads\/sites\/2\/2021\/06\/atalayar_caf_bono_nutrcion_america-latina.jpg\",\"datePublished\":\"2021-06-21T20:23:03+00:00\",\"breadcrumb\":{\"@id\":\"https:\/\/noti-america.com\/site\/venezuela\/2021\/06\/21\/caf-emite-su-primer-bono-de-nutricion-en-favor-de-america-latina\/#breadcrumb\"},\"inLanguage\":\"es\",\"potentialAction\":[{\"@type\":\"ReadAction\",\"target\":[\"https:\/\/noti-america.com\/site\/venezuela\/2021\/06\/21\/caf-emite-su-primer-bono-de-nutricion-en-favor-de-america-latina\/\"]}]},{\"@type\":\"ImageObject\",\"inLanguage\":\"es\",\"@id\":\"https:\/\/noti-america.com\/site\/venezuela\/2021\/06\/21\/caf-emite-su-primer-bono-de-nutricion-en-favor-de-america-latina\/#primaryimage\",\"url\":\"https:\/\/noti-america.com\/site\/venezuela\/wp-content\/uploads\/sites\/2\/2021\/06\/atalayar_caf_bono_nutrcion_america-latina.jpg\",\"contentUrl\":\"https:\/\/noti-america.com\/site\/venezuela\/wp-content\/uploads\/sites\/2\/2021\/06\/atalayar_caf_bono_nutrcion_america-latina.jpg\",\"width\":813,\"height\":558},{\"@type\":\"BreadcrumbList\",\"@id\":\"https:\/\/noti-america.com\/site\/venezuela\/2021\/06\/21\/caf-emite-su-primer-bono-de-nutricion-en-favor-de-america-latina\/#breadcrumb\",\"itemListElement\":[{\"@type\":\"ListItem\",\"position\":1,\"name\":\"Portada\",\"item\":\"https:\/\/noti-america.com\/site\/venezuela\/\"},{\"@type\":\"ListItem\",\"position\":2,\"name\":\"CAF emite su primer Bono de Nutrici\u00f3n en favor de Am\u00e9rica Latina\"}]},{\"@type\":\"WebSite\",\"@id\":\"https:\/\/noti-america.com\/site\/venezuela\/#website\",\"url\":\"https:\/\/noti-america.com\/site\/venezuela\/\",\"name\":\"Venezuela | Noti-America.com\",\"description\":\"\",\"publisher\":{\"@id\":\"https:\/\/noti-america.com\/site\/venezuela\/#organization\"},\"potentialAction\":[{\"@type\":\"SearchAction\",\"target\":{\"@type\":\"EntryPoint\",\"urlTemplate\":\"https:\/\/noti-america.com\/site\/venezuela\/?s={search_term_string}\"},\"query-input\":{\"@type\":\"PropertyValueSpecification\",\"valueRequired\":true,\"valueName\":\"search_term_string\"}}],\"inLanguage\":\"es\"},{\"@type\":\"Organization\",\"@id\":\"https:\/\/noti-america.com\/site\/venezuela\/#organization\",\"name\":\"Noti-America LLC | Venezuela\",\"url\":\"https:\/\/noti-america.com\/site\/venezuela\/\",\"logo\":{\"@type\":\"ImageObject\",\"inLanguage\":\"es\",\"@id\":\"https:\/\/noti-america.com\/site\/venezuela\/#\/schema\/logo\/image\/\",\"url\":\"https:\/\/noti-america.com\/site\/venezuela\/wp-content\/uploads\/sites\/2\/2020\/07\/LogoNA-4x3-1.jpg\",\"contentUrl\":\"https:\/\/noti-america.com\/site\/venezuela\/wp-content\/uploads\/sites\/2\/2020\/07\/LogoNA-4x3-1.jpg\",\"width\":1236,\"height\":1080,\"caption\":\"Noti-America LLC | Venezuela\"},\"image\":{\"@id\":\"https:\/\/noti-america.com\/site\/venezuela\/#\/schema\/logo\/image\/\"}},{\"@type\":\"Person\",\"@id\":\"https:\/\/noti-america.com\/site\/venezuela\/#\/schema\/person\/a2e478ba496331ce89bcd0c731cd6533\",\"name\":\"rloaiza\",\"image\":{\"@type\":\"ImageObject\",\"inLanguage\":\"es\",\"@id\":\"https:\/\/secure.gravatar.com\/avatar\/190058e5d4427934610b99c45aa7a6558806850adedd53ddeddd194b04773e22?s=96&d=mm&r=g\",\"url\":\"https:\/\/secure.gravatar.com\/avatar\/190058e5d4427934610b99c45aa7a6558806850adedd53ddeddd194b04773e22?s=96&d=mm&r=g\",\"contentUrl\":\"https:\/\/secure.gravatar.com\/avatar\/190058e5d4427934610b99c45aa7a6558806850adedd53ddeddd194b04773e22?s=96&d=mm&r=g\",\"caption\":\"rloaiza\"},\"url\":\"https:\/\/noti-america.com\/site\/venezuela\/author\/rloaiza\/\"}]}<\/script>\n<!-- \/ Yoast SEO Premium plugin. -->","yoast_head_json":{"title":"CAF emite su primer Bono de Nutrici\u00f3n en favor de Am\u00e9rica Latina - Venezuela | Noti-America.com","robots":{"index":"index","follow":"follow","max-snippet":"max-snippet:-1","max-image-preview":"max-image-preview:large","max-video-preview":"max-video-preview:-1"},"canonical":"https:\/\/noti-america.com\/site\/venezuela\/2021\/06\/21\/caf-emite-su-primer-bono-de-nutricion-en-favor-de-america-latina\/","og_locale":"es_ES","og_type":"article","og_title":"CAF emite su primer Bono de Nutrici\u00f3n en favor de Am\u00e9rica Latina","og_description":"NOTI-AMERICA.COM | VENEZUELA www.atalayar.com CAF emite su primer Bono de Nutrici\u00f3n en favor de Am\u00e9rica Latina La emisi\u00f3n, por un monto total de 20.000 millones de yenes, fue adquirida por inversionistas institucionales japoneses y&#46;&#46;&#46;","og_url":"https:\/\/noti-america.com\/site\/venezuela\/2021\/06\/21\/caf-emite-su-primer-bono-de-nutricion-en-favor-de-america-latina\/","og_site_name":"Venezuela | Noti-America.com","article_published_time":"2021-06-21T20:23:03+00:00","og_image":[{"width":813,"height":558,"url":"https:\/\/noti-america.com\/site\/venezuela\/wp-content\/uploads\/sites\/2\/2021\/06\/atalayar_caf_bono_nutrcion_america-latina.jpg","type":"image\/jpeg"}],"author":"rloaiza","twitter_card":"summary_large_image","twitter_misc":{"Escrito por":"rloaiza","Tiempo estimado de lectura":"1 minuto"},"schema":{"@context":"https:\/\/schema.org","@graph":[{"@type":"Article","@id":"https:\/\/noti-america.com\/site\/venezuela\/2021\/06\/21\/caf-emite-su-primer-bono-de-nutricion-en-favor-de-america-latina\/#article","isPartOf":{"@id":"https:\/\/noti-america.com\/site\/venezuela\/2021\/06\/21\/caf-emite-su-primer-bono-de-nutricion-en-favor-de-america-latina\/"},"author":{"name":"rloaiza","@id":"https:\/\/noti-america.com\/site\/venezuela\/#\/schema\/person\/a2e478ba496331ce89bcd0c731cd6533"},"headline":"CAF emite su primer Bono de Nutrici\u00f3n en favor de Am\u00e9rica Latina","datePublished":"2021-06-21T20:23:03+00:00","mainEntityOfPage":{"@id":"https:\/\/noti-america.com\/site\/venezuela\/2021\/06\/21\/caf-emite-su-primer-bono-de-nutricion-en-favor-de-america-latina\/"},"wordCount":274,"commentCount":0,"publisher":{"@id":"https:\/\/noti-america.com\/site\/venezuela\/#organization"},"image":{"@id":"https:\/\/noti-america.com\/site\/venezuela\/2021\/06\/21\/caf-emite-su-primer-bono-de-nutricion-en-favor-de-america-latina\/#primaryimage"},"thumbnailUrl":"https:\/\/noti-america.com\/site\/venezuela\/wp-content\/uploads\/sites\/2\/2021\/06\/atalayar_caf_bono_nutrcion_america-latina.jpg","articleSection":["Econom\u00eda"],"inLanguage":"es","potentialAction":[{"@type":"CommentAction","name":"Comment","target":["https:\/\/noti-america.com\/site\/venezuela\/2021\/06\/21\/caf-emite-su-primer-bono-de-nutricion-en-favor-de-america-latina\/#respond"]}]},{"@type":"WebPage","@id":"https:\/\/noti-america.com\/site\/venezuela\/2021\/06\/21\/caf-emite-su-primer-bono-de-nutricion-en-favor-de-america-latina\/","url":"https:\/\/noti-america.com\/site\/venezuela\/2021\/06\/21\/caf-emite-su-primer-bono-de-nutricion-en-favor-de-america-latina\/","name":"CAF emite su primer Bono de Nutrici\u00f3n en favor de Am\u00e9rica Latina - Venezuela | Noti-America.com","isPartOf":{"@id":"https:\/\/noti-america.com\/site\/venezuela\/#website"},"primaryImageOfPage":{"@id":"https:\/\/noti-america.com\/site\/venezuela\/2021\/06\/21\/caf-emite-su-primer-bono-de-nutricion-en-favor-de-america-latina\/#primaryimage"},"image":{"@id":"https:\/\/noti-america.com\/site\/venezuela\/2021\/06\/21\/caf-emite-su-primer-bono-de-nutricion-en-favor-de-america-latina\/#primaryimage"},"thumbnailUrl":"https:\/\/noti-america.com\/site\/venezuela\/wp-content\/uploads\/sites\/2\/2021\/06\/atalayar_caf_bono_nutrcion_america-latina.jpg","datePublished":"2021-06-21T20:23:03+00:00","breadcrumb":{"@id":"https:\/\/noti-america.com\/site\/venezuela\/2021\/06\/21\/caf-emite-su-primer-bono-de-nutricion-en-favor-de-america-latina\/#breadcrumb"},"inLanguage":"es","potentialAction":[{"@type":"ReadAction","target":["https:\/\/noti-america.com\/site\/venezuela\/2021\/06\/21\/caf-emite-su-primer-bono-de-nutricion-en-favor-de-america-latina\/"]}]},{"@type":"ImageObject","inLanguage":"es","@id":"https:\/\/noti-america.com\/site\/venezuela\/2021\/06\/21\/caf-emite-su-primer-bono-de-nutricion-en-favor-de-america-latina\/#primaryimage","url":"https:\/\/noti-america.com\/site\/venezuela\/wp-content\/uploads\/sites\/2\/2021\/06\/atalayar_caf_bono_nutrcion_america-latina.jpg","contentUrl":"https:\/\/noti-america.com\/site\/venezuela\/wp-content\/uploads\/sites\/2\/2021\/06\/atalayar_caf_bono_nutrcion_america-latina.jpg","width":813,"height":558},{"@type":"BreadcrumbList","@id":"https:\/\/noti-america.com\/site\/venezuela\/2021\/06\/21\/caf-emite-su-primer-bono-de-nutricion-en-favor-de-america-latina\/#breadcrumb","itemListElement":[{"@type":"ListItem","position":1,"name":"Portada","item":"https:\/\/noti-america.com\/site\/venezuela\/"},{"@type":"ListItem","position":2,"name":"CAF emite su primer Bono de Nutrici\u00f3n en favor de Am\u00e9rica Latina"}]},{"@type":"WebSite","@id":"https:\/\/noti-america.com\/site\/venezuela\/#website","url":"https:\/\/noti-america.com\/site\/venezuela\/","name":"Venezuela | Noti-America.com","description":"","publisher":{"@id":"https:\/\/noti-america.com\/site\/venezuela\/#organization"},"potentialAction":[{"@type":"SearchAction","target":{"@type":"EntryPoint","urlTemplate":"https:\/\/noti-america.com\/site\/venezuela\/?s={search_term_string}"},"query-input":{"@type":"PropertyValueSpecification","valueRequired":true,"valueName":"search_term_string"}}],"inLanguage":"es"},{"@type":"Organization","@id":"https:\/\/noti-america.com\/site\/venezuela\/#organization","name":"Noti-America LLC | Venezuela","url":"https:\/\/noti-america.com\/site\/venezuela\/","logo":{"@type":"ImageObject","inLanguage":"es","@id":"https:\/\/noti-america.com\/site\/venezuela\/#\/schema\/logo\/image\/","url":"https:\/\/noti-america.com\/site\/venezuela\/wp-content\/uploads\/sites\/2\/2020\/07\/LogoNA-4x3-1.jpg","contentUrl":"https:\/\/noti-america.com\/site\/venezuela\/wp-content\/uploads\/sites\/2\/2020\/07\/LogoNA-4x3-1.jpg","width":1236,"height":1080,"caption":"Noti-America LLC | Venezuela"},"image":{"@id":"https:\/\/noti-america.com\/site\/venezuela\/#\/schema\/logo\/image\/"}},{"@type":"Person","@id":"https:\/\/noti-america.com\/site\/venezuela\/#\/schema\/person\/a2e478ba496331ce89bcd0c731cd6533","name":"rloaiza","image":{"@type":"ImageObject","inLanguage":"es","@id":"https:\/\/secure.gravatar.com\/avatar\/190058e5d4427934610b99c45aa7a6558806850adedd53ddeddd194b04773e22?s=96&d=mm&r=g","url":"https:\/\/secure.gravatar.com\/avatar\/190058e5d4427934610b99c45aa7a6558806850adedd53ddeddd194b04773e22?s=96&d=mm&r=g","contentUrl":"https:\/\/secure.gravatar.com\/avatar\/190058e5d4427934610b99c45aa7a6558806850adedd53ddeddd194b04773e22?s=96&d=mm&r=g","caption":"rloaiza"},"url":"https:\/\/noti-america.com\/site\/venezuela\/author\/rloaiza\/"}]}},"_links":{"self":[{"href":"https:\/\/noti-america.com\/site\/venezuela\/wp-json\/wp\/v2\/posts\/15231","targetHints":{"allow":["GET"]}}],"collection":[{"href":"https:\/\/noti-america.com\/site\/venezuela\/wp-json\/wp\/v2\/posts"}],"about":[{"href":"https:\/\/noti-america.com\/site\/venezuela\/wp-json\/wp\/v2\/types\/post"}],"author":[{"embeddable":true,"href":"https:\/\/noti-america.com\/site\/venezuela\/wp-json\/wp\/v2\/users\/2"}],"replies":[{"embeddable":true,"href":"https:\/\/noti-america.com\/site\/venezuela\/wp-json\/wp\/v2\/comments?post=15231"}],"version-history":[{"count":0,"href":"https:\/\/noti-america.com\/site\/venezuela\/wp-json\/wp\/v2\/posts\/15231\/revisions"}],"wp:featuredmedia":[{"embeddable":true,"href":"https:\/\/noti-america.com\/site\/venezuela\/wp-json\/wp\/v2\/media\/15232"}],"wp:attachment":[{"href":"https:\/\/noti-america.com\/site\/venezuela\/wp-json\/wp\/v2\/media?parent=15231"}],"wp:term":[{"taxonomy":"category","embeddable":true,"href":"https:\/\/noti-america.com\/site\/venezuela\/wp-json\/wp\/v2\/categories?post=15231"},{"taxonomy":"post_tag","embeddable":true,"href":"https:\/\/noti-america.com\/site\/venezuela\/wp-json\/wp\/v2\/tags?post=15231"}],"curies":[{"name":"wp","href":"https:\/\/api.w.org\/{rel}","templated":true}]}}