{"id":15211,"date":"2021-06-19T16:32:09","date_gmt":"2021-06-19T16:32:09","guid":{"rendered":"https:\/\/noti-america.com\/site\/venezuela\/2021\/06\/19\/tras-6-anos-sin-poder-caminar-mariangel-rodriguez-fue-operada\/"},"modified":"2021-06-19T20:32:18","modified_gmt":"2021-06-19T20:32:18","slug":"tras-6-anos-sin-poder-caminar-mariangel-rodriguez-fue-operada","status":"publish","type":"post","link":"https:\/\/noti-america.com\/site\/venezuela\/2021\/06\/19\/tras-6-anos-sin-poder-caminar-mariangel-rodriguez-fue-operada\/","title":{"rendered":"Tras 6 a\u00f1os sin poder caminar Mariangel Rodriguez fue operada"},"content":{"rendered":"<p style=\"text-align: justify;\">Nota de Prensa<\/p>\n<p class=\"v1MsoNormal\" style=\"text-align: justify;\" align=\"center\"><strong><em><span lang=\"ES-UY\">La peque\u00f1a viaj\u00f3 a Caracas desde Bocon\u00f3, \u00a0y fue intervenida en el GMSP como parte de acci\u00f3n de responsabilidad social, tras una alianza con\u00a0 la Fundaci\u00f3n Un Toque de Luz y el doctor Alberto Mart\u00ednez Conde.<\/span><\/em><\/strong><\/p>\n<p class=\"v1MsoNormal\" style=\"text-align: justify;\"><span lang=\"ES-UY\">Durante seis a\u00f1os, la peque\u00f1a Mariangel Rodriguez, una ni\u00f1a nacida en una zona rural de Bocon\u00f3, tuvo que arrastrarse en el piso sin poder caminar, debido a las maniobras de resucitaci\u00f3n durante su parto, las cuales le causaron una Hipoxia Natal que ha impedido su desarrollo normal.<\/span><\/p>\n<p class=\"v1MsoNormal\" style=\"text-align: justify;\"><span lang=\"ES-UY\">Esa realidad cambiar\u00e1 gracias a la alianza lograda entre el Grupo M\u00e9dico Santa Paula (GMSP), la Fundaci\u00f3n Un Toque de Luz y un grupo de m\u00e9dicos liderados por el experto en traumatolog\u00eda y ortopedia infantil, el doctor Alberto Mart\u00ednez Conde, aliado de la cl\u00ednica.<\/span><\/p>\n<p class=\"v1MsoNormal\" style=\"text-align: justify;\"><span lang=\"ES-UY\">El caso de la peque\u00f1a Mariangel, lleg\u00f3 al GMSP gracias a amigos, vecinos e integrantes de la fundaci\u00f3n, quienes unieron esfuerzos para lograr trasladar a la peque\u00f1a desde Bocon\u00f3, para una cirug\u00eda exitosa \u00a0que llev\u00f3 adelante el Dr. Mart\u00ednez Conde \u00a0con el apoyo de los m\u00e9dicos Jos\u00e9 Antonio Medina y la\u00a0 doctora Aliz Amoedo, quienes dispusieron de forma ad honorem sus servicios, los cuales tambi\u00e9n fueron apoyados en el \u00e1rea de pediatr\u00eda por la doctora Ana Cecilia Machado, Onc\u00f3logo Pediatra.<\/span><\/p>\n<p class=\"v1MsoNormal\" style=\"text-align: justify;\"><span lang=\"ES-UY\">El doctor Mart\u00ednez Conde inform\u00f3 que \u00abSe intervino practic\u00e1ndose relajaci\u00f3n de los m\u00fasculos que le imped\u00edan abrir las piernas, a trav\u00e9s de un procedimiento quir\u00fargico conocido como\u00a0<i>miomectom\u00eda<\/i>\u00a0de los aductores mediano y menor. Tambi\u00e9n se alargaron los tendones que le imped\u00edan un apoyo total de sus pies, entre ellos el tend\u00f3n de Aquiles, flexor com\u00fan de los dedos y flexor propio del\u00a0<i>hallux\u00a0<\/i>(dedo gordo). Finalmente se corrigi\u00f3 el pie plano por una t\u00e9cnica conocida como calc\u00e1neo stop, con la colocaci\u00f3n de un tornillo especial de titanio de 4.5 mm y de 20 mm de longitud.\u00bb<\/span><\/p>\n<p class=\"v1MsoNormal\" style=\"text-align: justify;\"><span lang=\"ES-UY\">En la actualidad la peque\u00f1a se encuentra inmovilizada con un yeso inguinop\u00e9dico, el cual deber\u00e1 tener durante unas tres semanas; posteriormente ir\u00e1 a rehabilitaci\u00f3n\u00a0 con la terapeuta Mar\u00eda Fernanda Escobar.<\/span><\/p>\n<p class=\"v1MsoNormal\" style=\"text-align: justify;\"><b><span lang=\"ES-UY\">Ayudar es hacer pa\u00eds<\/span><\/b><\/p>\n<p class=\"v1MsoNormal\" style=\"text-align: justify;\"><span lang=\"ES-UY\">Para Leopoldo Quintero, director del GMSP, ayudar a caminar a Mariangel \u00a0es un esfuerzo de m\u00faltiples instituciones y especialistas quienes de forma altruista han puesto su empe\u00f1o, esfuerzo, tiempo y recursos para lograr que camine.<\/span><\/p>\n<p class=\"v1MsoNormal\" style=\"text-align: justify;\"><span lang=\"ES-UY\">Quintero suma esta gesti\u00f3n a las tantas cumplidas como RSE que desarrolla mensualmente la cl\u00ednica, quien\u00a0 extiende estas obras a los empleados, particulares, casos de las comunidades aleda\u00f1as y casos de ONG como Un Toque de Luz. \u00abDimos total exoneraci\u00f3n por el uso de nuestros quir\u00f3fanos y del material m\u00e9dico. Estamos convencidos de que, hacemos pa\u00eds cuando ayudamos a nuestro pr\u00f3jimo, y hago una invitaci\u00f3n al sector privado a apoyar a los menos favorecidos\u00bb.<\/span><\/p>\n","protected":false},"excerpt":{"rendered":"<p>Nota de Prensa La peque\u00f1a viaj\u00f3 a Caracas desde Bocon\u00f3, \u00a0y fue intervenida en el GMSP como parte de acci\u00f3n de responsabilidad social, tras una alianza con\u00a0 la Fundaci\u00f3n Un Toque de Luz y&#46;&#46;&#46;<\/p>\n","protected":false},"author":1,"featured_media":15212,"comment_status":"open","ping_status":"open","sticky":false,"template":"","format":"image","meta":{"_acf_changed":false,"om_disable_all_campaigns":false,"rop_custom_images_group":[],"rop_custom_messages_group":[],"rop_publish_now":"initial","rop_publish_now_accounts":{"twitter_242054905_242054905":""},"rop_publish_now_history":[],"rop_publish_now_status":"pending","_uf_show_specific_survey":0,"_uf_disable_surveys":false,"footnotes":""},"categories":[132,13],"tags":[],"class_list":["post-15211","post","type-post","status-publish","format-image","has-post-thumbnail","hentry","category-actualidad","category-vida-y-salud","post_format-post-format-image"],"acf":[],"aioseo_notices":[],"yoast_head":"<!-- This site is optimized with the Yoast SEO Premium plugin v24.9 (Yoast SEO v27.2) - https:\/\/yoast.com\/product\/yoast-seo-premium-wordpress\/ -->\n<title>Tras 6 a\u00f1os sin poder caminar Mariangel Rodriguez fue operada - Venezuela | Noti-America.com<\/title>\n<meta name=\"robots\" content=\"index, follow, max-snippet:-1, max-image-preview:large, max-video-preview:-1\" \/>\n<link rel=\"canonical\" href=\"https:\/\/noti-america.com\/site\/venezuela\/2021\/06\/19\/tras-6-anos-sin-poder-caminar-mariangel-rodriguez-fue-operada\/\" \/>\n<meta property=\"og:locale\" content=\"es_ES\" \/>\n<meta property=\"og:type\" content=\"article\" \/>\n<meta property=\"og:title\" content=\"Tras 6 a\u00f1os sin poder caminar Mariangel Rodriguez fue operada\" \/>\n<meta property=\"og:description\" content=\"Nota de Prensa La peque\u00f1a viaj\u00f3 a Caracas desde Bocon\u00f3, \u00a0y fue intervenida en el GMSP como parte de acci\u00f3n de responsabilidad social, tras una alianza con\u00a0 la Fundaci\u00f3n Un Toque de Luz y&#046;&#046;&#046;\" \/>\n<meta property=\"og:url\" content=\"https:\/\/noti-america.com\/site\/venezuela\/2021\/06\/19\/tras-6-anos-sin-poder-caminar-mariangel-rodriguez-fue-operada\/\" \/>\n<meta property=\"og:site_name\" content=\"Venezuela | Noti-America.com\" \/>\n<meta property=\"article:published_time\" content=\"2021-06-19T16:32:09+00:00\" \/>\n<meta property=\"article:modified_time\" content=\"2021-06-19T20:32:18+00:00\" \/>\n<meta property=\"og:image\" content=\"https:\/\/noti-america.com\/site\/venezuela\/wp-content\/uploads\/sites\/2\/2021\/06\/22ff458d-268f-4155-8634-0e3d83722ee2-e1624134700691.jpg\" \/>\n\t<meta property=\"og:image:width\" content=\"300\" \/>\n\t<meta property=\"og:image:height\" content=\"400\" \/>\n\t<meta property=\"og:image:type\" content=\"image\/jpeg\" \/>\n<meta name=\"author\" content=\"Rosmer Herrera\" \/>\n<meta name=\"twitter:card\" content=\"summary_large_image\" \/>\n<meta name=\"twitter:label1\" content=\"Escrito por\" \/>\n\t<meta name=\"twitter:data1\" content=\"Rosmer Herrera\" \/>\n\t<meta name=\"twitter:label2\" content=\"Tiempo estimado de lectura\" \/>\n\t<meta name=\"twitter:data2\" content=\"3 minutos\" \/>\n<script type=\"application\/ld+json\" class=\"yoast-schema-graph\">{\"@context\":\"https:\/\/schema.org\",\"@graph\":[{\"@type\":\"Article\",\"@id\":\"https:\/\/noti-america.com\/site\/venezuela\/2021\/06\/19\/tras-6-anos-sin-poder-caminar-mariangel-rodriguez-fue-operada\/#article\",\"isPartOf\":{\"@id\":\"https:\/\/noti-america.com\/site\/venezuela\/2021\/06\/19\/tras-6-anos-sin-poder-caminar-mariangel-rodriguez-fue-operada\/\"},\"author\":{\"name\":\"Rosmer Herrera\",\"@id\":\"https:\/\/noti-america.com\/site\/venezuela\/#\/schema\/person\/fd58dbfb92a257e9dc5761bf69a855ff\"},\"headline\":\"Tras 6 a\u00f1os sin poder caminar Mariangel Rodriguez fue operada\",\"datePublished\":\"2021-06-19T16:32:09+00:00\",\"dateModified\":\"2021-06-19T20:32:18+00:00\",\"mainEntityOfPage\":{\"@id\":\"https:\/\/noti-america.com\/site\/venezuela\/2021\/06\/19\/tras-6-anos-sin-poder-caminar-mariangel-rodriguez-fue-operada\/\"},\"wordCount\":512,\"commentCount\":0,\"publisher\":{\"@id\":\"https:\/\/noti-america.com\/site\/venezuela\/#organization\"},\"image\":{\"@id\":\"https:\/\/noti-america.com\/site\/venezuela\/2021\/06\/19\/tras-6-anos-sin-poder-caminar-mariangel-rodriguez-fue-operada\/#primaryimage\"},\"thumbnailUrl\":\"https:\/\/noti-america.com\/site\/venezuela\/wp-content\/uploads\/sites\/2\/2021\/06\/22ff458d-268f-4155-8634-0e3d83722ee2-e1624134700691.jpg\",\"articleSection\":[\"Actualidad\",\"Vida y Salud\"],\"inLanguage\":\"es\",\"potentialAction\":[{\"@type\":\"CommentAction\",\"name\":\"Comment\",\"target\":[\"https:\/\/noti-america.com\/site\/venezuela\/2021\/06\/19\/tras-6-anos-sin-poder-caminar-mariangel-rodriguez-fue-operada\/#respond\"]}]},{\"@type\":\"WebPage\",\"@id\":\"https:\/\/noti-america.com\/site\/venezuela\/2021\/06\/19\/tras-6-anos-sin-poder-caminar-mariangel-rodriguez-fue-operada\/\",\"url\":\"https:\/\/noti-america.com\/site\/venezuela\/2021\/06\/19\/tras-6-anos-sin-poder-caminar-mariangel-rodriguez-fue-operada\/\",\"name\":\"Tras 6 a\u00f1os sin poder caminar Mariangel Rodriguez fue operada - Venezuela | Noti-America.com\",\"isPartOf\":{\"@id\":\"https:\/\/noti-america.com\/site\/venezuela\/#website\"},\"primaryImageOfPage\":{\"@id\":\"https:\/\/noti-america.com\/site\/venezuela\/2021\/06\/19\/tras-6-anos-sin-poder-caminar-mariangel-rodriguez-fue-operada\/#primaryimage\"},\"image\":{\"@id\":\"https:\/\/noti-america.com\/site\/venezuela\/2021\/06\/19\/tras-6-anos-sin-poder-caminar-mariangel-rodriguez-fue-operada\/#primaryimage\"},\"thumbnailUrl\":\"https:\/\/noti-america.com\/site\/venezuela\/wp-content\/uploads\/sites\/2\/2021\/06\/22ff458d-268f-4155-8634-0e3d83722ee2-e1624134700691.jpg\",\"datePublished\":\"2021-06-19T16:32:09+00:00\",\"dateModified\":\"2021-06-19T20:32:18+00:00\",\"breadcrumb\":{\"@id\":\"https:\/\/noti-america.com\/site\/venezuela\/2021\/06\/19\/tras-6-anos-sin-poder-caminar-mariangel-rodriguez-fue-operada\/#breadcrumb\"},\"inLanguage\":\"es\",\"potentialAction\":[{\"@type\":\"ReadAction\",\"target\":[\"https:\/\/noti-america.com\/site\/venezuela\/2021\/06\/19\/tras-6-anos-sin-poder-caminar-mariangel-rodriguez-fue-operada\/\"]}]},{\"@type\":\"ImageObject\",\"inLanguage\":\"es\",\"@id\":\"https:\/\/noti-america.com\/site\/venezuela\/2021\/06\/19\/tras-6-anos-sin-poder-caminar-mariangel-rodriguez-fue-operada\/#primaryimage\",\"url\":\"https:\/\/noti-america.com\/site\/venezuela\/wp-content\/uploads\/sites\/2\/2021\/06\/22ff458d-268f-4155-8634-0e3d83722ee2-e1624134700691.jpg\",\"contentUrl\":\"https:\/\/noti-america.com\/site\/venezuela\/wp-content\/uploads\/sites\/2\/2021\/06\/22ff458d-268f-4155-8634-0e3d83722ee2-e1624134700691.jpg\",\"width\":300,\"height\":400},{\"@type\":\"BreadcrumbList\",\"@id\":\"https:\/\/noti-america.com\/site\/venezuela\/2021\/06\/19\/tras-6-anos-sin-poder-caminar-mariangel-rodriguez-fue-operada\/#breadcrumb\",\"itemListElement\":[{\"@type\":\"ListItem\",\"position\":1,\"name\":\"Portada\",\"item\":\"https:\/\/noti-america.com\/site\/venezuela\/\"},{\"@type\":\"ListItem\",\"position\":2,\"name\":\"Tras 6 a\u00f1os sin poder caminar Mariangel Rodriguez fue operada\"}]},{\"@type\":\"WebSite\",\"@id\":\"https:\/\/noti-america.com\/site\/venezuela\/#website\",\"url\":\"https:\/\/noti-america.com\/site\/venezuela\/\",\"name\":\"Venezuela | Noti-America.com\",\"description\":\"\",\"publisher\":{\"@id\":\"https:\/\/noti-america.com\/site\/venezuela\/#organization\"},\"potentialAction\":[{\"@type\":\"SearchAction\",\"target\":{\"@type\":\"EntryPoint\",\"urlTemplate\":\"https:\/\/noti-america.com\/site\/venezuela\/?s={search_term_string}\"},\"query-input\":{\"@type\":\"PropertyValueSpecification\",\"valueRequired\":true,\"valueName\":\"search_term_string\"}}],\"inLanguage\":\"es\"},{\"@type\":\"Organization\",\"@id\":\"https:\/\/noti-america.com\/site\/venezuela\/#organization\",\"name\":\"Noti-America LLC | Venezuela\",\"url\":\"https:\/\/noti-america.com\/site\/venezuela\/\",\"logo\":{\"@type\":\"ImageObject\",\"inLanguage\":\"es\",\"@id\":\"https:\/\/noti-america.com\/site\/venezuela\/#\/schema\/logo\/image\/\",\"url\":\"https:\/\/noti-america.com\/site\/venezuela\/wp-content\/uploads\/sites\/2\/2020\/07\/LogoNA-4x3-1.jpg\",\"contentUrl\":\"https:\/\/noti-america.com\/site\/venezuela\/wp-content\/uploads\/sites\/2\/2020\/07\/LogoNA-4x3-1.jpg\",\"width\":1236,\"height\":1080,\"caption\":\"Noti-America LLC | Venezuela\"},\"image\":{\"@id\":\"https:\/\/noti-america.com\/site\/venezuela\/#\/schema\/logo\/image\/\"}},{\"@type\":\"Person\",\"@id\":\"https:\/\/noti-america.com\/site\/venezuela\/#\/schema\/person\/fd58dbfb92a257e9dc5761bf69a855ff\",\"name\":\"Rosmer Herrera\",\"image\":{\"@type\":\"ImageObject\",\"inLanguage\":\"es\",\"@id\":\"https:\/\/secure.gravatar.com\/avatar\/153e75c261394dbf20ff1a1e70ea2be9494f2b40b7fc4e7704084db13220ae08?s=96&d=mm&r=g\",\"url\":\"https:\/\/secure.gravatar.com\/avatar\/153e75c261394dbf20ff1a1e70ea2be9494f2b40b7fc4e7704084db13220ae08?s=96&d=mm&r=g\",\"contentUrl\":\"https:\/\/secure.gravatar.com\/avatar\/153e75c261394dbf20ff1a1e70ea2be9494f2b40b7fc4e7704084db13220ae08?s=96&d=mm&r=g\",\"caption\":\"Rosmer Herrera\"},\"url\":\"https:\/\/noti-america.com\/site\/venezuela\/author\/rosmer33\/\"}]}<\/script>\n<!-- \/ Yoast SEO Premium plugin. -->","yoast_head_json":{"title":"Tras 6 a\u00f1os sin poder caminar Mariangel Rodriguez fue operada - Venezuela | Noti-America.com","robots":{"index":"index","follow":"follow","max-snippet":"max-snippet:-1","max-image-preview":"max-image-preview:large","max-video-preview":"max-video-preview:-1"},"canonical":"https:\/\/noti-america.com\/site\/venezuela\/2021\/06\/19\/tras-6-anos-sin-poder-caminar-mariangel-rodriguez-fue-operada\/","og_locale":"es_ES","og_type":"article","og_title":"Tras 6 a\u00f1os sin poder caminar Mariangel Rodriguez fue operada","og_description":"Nota de Prensa La peque\u00f1a viaj\u00f3 a Caracas desde Bocon\u00f3, \u00a0y fue intervenida en el GMSP como parte de acci\u00f3n de responsabilidad social, tras una alianza con\u00a0 la Fundaci\u00f3n Un Toque de Luz y&#46;&#46;&#46;","og_url":"https:\/\/noti-america.com\/site\/venezuela\/2021\/06\/19\/tras-6-anos-sin-poder-caminar-mariangel-rodriguez-fue-operada\/","og_site_name":"Venezuela | Noti-America.com","article_published_time":"2021-06-19T16:32:09+00:00","article_modified_time":"2021-06-19T20:32:18+00:00","og_image":[{"width":300,"height":400,"url":"https:\/\/noti-america.com\/site\/venezuela\/wp-content\/uploads\/sites\/2\/2021\/06\/22ff458d-268f-4155-8634-0e3d83722ee2-e1624134700691.jpg","type":"image\/jpeg"}],"author":"Rosmer Herrera","twitter_card":"summary_large_image","twitter_misc":{"Escrito por":"Rosmer Herrera","Tiempo estimado de lectura":"3 minutos"},"schema":{"@context":"https:\/\/schema.org","@graph":[{"@type":"Article","@id":"https:\/\/noti-america.com\/site\/venezuela\/2021\/06\/19\/tras-6-anos-sin-poder-caminar-mariangel-rodriguez-fue-operada\/#article","isPartOf":{"@id":"https:\/\/noti-america.com\/site\/venezuela\/2021\/06\/19\/tras-6-anos-sin-poder-caminar-mariangel-rodriguez-fue-operada\/"},"author":{"name":"Rosmer Herrera","@id":"https:\/\/noti-america.com\/site\/venezuela\/#\/schema\/person\/fd58dbfb92a257e9dc5761bf69a855ff"},"headline":"Tras 6 a\u00f1os sin poder caminar Mariangel Rodriguez fue operada","datePublished":"2021-06-19T16:32:09+00:00","dateModified":"2021-06-19T20:32:18+00:00","mainEntityOfPage":{"@id":"https:\/\/noti-america.com\/site\/venezuela\/2021\/06\/19\/tras-6-anos-sin-poder-caminar-mariangel-rodriguez-fue-operada\/"},"wordCount":512,"commentCount":0,"publisher":{"@id":"https:\/\/noti-america.com\/site\/venezuela\/#organization"},"image":{"@id":"https:\/\/noti-america.com\/site\/venezuela\/2021\/06\/19\/tras-6-anos-sin-poder-caminar-mariangel-rodriguez-fue-operada\/#primaryimage"},"thumbnailUrl":"https:\/\/noti-america.com\/site\/venezuela\/wp-content\/uploads\/sites\/2\/2021\/06\/22ff458d-268f-4155-8634-0e3d83722ee2-e1624134700691.jpg","articleSection":["Actualidad","Vida y Salud"],"inLanguage":"es","potentialAction":[{"@type":"CommentAction","name":"Comment","target":["https:\/\/noti-america.com\/site\/venezuela\/2021\/06\/19\/tras-6-anos-sin-poder-caminar-mariangel-rodriguez-fue-operada\/#respond"]}]},{"@type":"WebPage","@id":"https:\/\/noti-america.com\/site\/venezuela\/2021\/06\/19\/tras-6-anos-sin-poder-caminar-mariangel-rodriguez-fue-operada\/","url":"https:\/\/noti-america.com\/site\/venezuela\/2021\/06\/19\/tras-6-anos-sin-poder-caminar-mariangel-rodriguez-fue-operada\/","name":"Tras 6 a\u00f1os sin poder caminar Mariangel Rodriguez fue operada - Venezuela | Noti-America.com","isPartOf":{"@id":"https:\/\/noti-america.com\/site\/venezuela\/#website"},"primaryImageOfPage":{"@id":"https:\/\/noti-america.com\/site\/venezuela\/2021\/06\/19\/tras-6-anos-sin-poder-caminar-mariangel-rodriguez-fue-operada\/#primaryimage"},"image":{"@id":"https:\/\/noti-america.com\/site\/venezuela\/2021\/06\/19\/tras-6-anos-sin-poder-caminar-mariangel-rodriguez-fue-operada\/#primaryimage"},"thumbnailUrl":"https:\/\/noti-america.com\/site\/venezuela\/wp-content\/uploads\/sites\/2\/2021\/06\/22ff458d-268f-4155-8634-0e3d83722ee2-e1624134700691.jpg","datePublished":"2021-06-19T16:32:09+00:00","dateModified":"2021-06-19T20:32:18+00:00","breadcrumb":{"@id":"https:\/\/noti-america.com\/site\/venezuela\/2021\/06\/19\/tras-6-anos-sin-poder-caminar-mariangel-rodriguez-fue-operada\/#breadcrumb"},"inLanguage":"es","potentialAction":[{"@type":"ReadAction","target":["https:\/\/noti-america.com\/site\/venezuela\/2021\/06\/19\/tras-6-anos-sin-poder-caminar-mariangel-rodriguez-fue-operada\/"]}]},{"@type":"ImageObject","inLanguage":"es","@id":"https:\/\/noti-america.com\/site\/venezuela\/2021\/06\/19\/tras-6-anos-sin-poder-caminar-mariangel-rodriguez-fue-operada\/#primaryimage","url":"https:\/\/noti-america.com\/site\/venezuela\/wp-content\/uploads\/sites\/2\/2021\/06\/22ff458d-268f-4155-8634-0e3d83722ee2-e1624134700691.jpg","contentUrl":"https:\/\/noti-america.com\/site\/venezuela\/wp-content\/uploads\/sites\/2\/2021\/06\/22ff458d-268f-4155-8634-0e3d83722ee2-e1624134700691.jpg","width":300,"height":400},{"@type":"BreadcrumbList","@id":"https:\/\/noti-america.com\/site\/venezuela\/2021\/06\/19\/tras-6-anos-sin-poder-caminar-mariangel-rodriguez-fue-operada\/#breadcrumb","itemListElement":[{"@type":"ListItem","position":1,"name":"Portada","item":"https:\/\/noti-america.com\/site\/venezuela\/"},{"@type":"ListItem","position":2,"name":"Tras 6 a\u00f1os sin poder caminar Mariangel Rodriguez fue operada"}]},{"@type":"WebSite","@id":"https:\/\/noti-america.com\/site\/venezuela\/#website","url":"https:\/\/noti-america.com\/site\/venezuela\/","name":"Venezuela | Noti-America.com","description":"","publisher":{"@id":"https:\/\/noti-america.com\/site\/venezuela\/#organization"},"potentialAction":[{"@type":"SearchAction","target":{"@type":"EntryPoint","urlTemplate":"https:\/\/noti-america.com\/site\/venezuela\/?s={search_term_string}"},"query-input":{"@type":"PropertyValueSpecification","valueRequired":true,"valueName":"search_term_string"}}],"inLanguage":"es"},{"@type":"Organization","@id":"https:\/\/noti-america.com\/site\/venezuela\/#organization","name":"Noti-America LLC | Venezuela","url":"https:\/\/noti-america.com\/site\/venezuela\/","logo":{"@type":"ImageObject","inLanguage":"es","@id":"https:\/\/noti-america.com\/site\/venezuela\/#\/schema\/logo\/image\/","url":"https:\/\/noti-america.com\/site\/venezuela\/wp-content\/uploads\/sites\/2\/2020\/07\/LogoNA-4x3-1.jpg","contentUrl":"https:\/\/noti-america.com\/site\/venezuela\/wp-content\/uploads\/sites\/2\/2020\/07\/LogoNA-4x3-1.jpg","width":1236,"height":1080,"caption":"Noti-America LLC | Venezuela"},"image":{"@id":"https:\/\/noti-america.com\/site\/venezuela\/#\/schema\/logo\/image\/"}},{"@type":"Person","@id":"https:\/\/noti-america.com\/site\/venezuela\/#\/schema\/person\/fd58dbfb92a257e9dc5761bf69a855ff","name":"Rosmer Herrera","image":{"@type":"ImageObject","inLanguage":"es","@id":"https:\/\/secure.gravatar.com\/avatar\/153e75c261394dbf20ff1a1e70ea2be9494f2b40b7fc4e7704084db13220ae08?s=96&d=mm&r=g","url":"https:\/\/secure.gravatar.com\/avatar\/153e75c261394dbf20ff1a1e70ea2be9494f2b40b7fc4e7704084db13220ae08?s=96&d=mm&r=g","contentUrl":"https:\/\/secure.gravatar.com\/avatar\/153e75c261394dbf20ff1a1e70ea2be9494f2b40b7fc4e7704084db13220ae08?s=96&d=mm&r=g","caption":"Rosmer Herrera"},"url":"https:\/\/noti-america.com\/site\/venezuela\/author\/rosmer33\/"}]}},"_links":{"self":[{"href":"https:\/\/noti-america.com\/site\/venezuela\/wp-json\/wp\/v2\/posts\/15211","targetHints":{"allow":["GET"]}}],"collection":[{"href":"https:\/\/noti-america.com\/site\/venezuela\/wp-json\/wp\/v2\/posts"}],"about":[{"href":"https:\/\/noti-america.com\/site\/venezuela\/wp-json\/wp\/v2\/types\/post"}],"author":[{"embeddable":true,"href":"https:\/\/noti-america.com\/site\/venezuela\/wp-json\/wp\/v2\/users\/1"}],"replies":[{"embeddable":true,"href":"https:\/\/noti-america.com\/site\/venezuela\/wp-json\/wp\/v2\/comments?post=15211"}],"version-history":[{"count":1,"href":"https:\/\/noti-america.com\/site\/venezuela\/wp-json\/wp\/v2\/posts\/15211\/revisions"}],"predecessor-version":[{"id":15213,"href":"https:\/\/noti-america.com\/site\/venezuela\/wp-json\/wp\/v2\/posts\/15211\/revisions\/15213"}],"wp:featuredmedia":[{"embeddable":true,"href":"https:\/\/noti-america.com\/site\/venezuela\/wp-json\/wp\/v2\/media\/15212"}],"wp:attachment":[{"href":"https:\/\/noti-america.com\/site\/venezuela\/wp-json\/wp\/v2\/media?parent=15211"}],"wp:term":[{"taxonomy":"category","embeddable":true,"href":"https:\/\/noti-america.com\/site\/venezuela\/wp-json\/wp\/v2\/categories?post=15211"},{"taxonomy":"post_tag","embeddable":true,"href":"https:\/\/noti-america.com\/site\/venezuela\/wp-json\/wp\/v2\/tags?post=15211"}],"curies":[{"name":"wp","href":"https:\/\/api.w.org\/{rel}","templated":true}]}}