{"id":15029,"date":"2021-06-01T15:12:16","date_gmt":"2021-06-01T15:12:16","guid":{"rendered":"https:\/\/noti-america.com\/site\/venezuela\/2021\/06\/01\/referendum-ya-por-eduardo-jose-fernandez\/"},"modified":"2021-06-01T19:12:24","modified_gmt":"2021-06-01T19:12:24","slug":"referendum-ya-por-eduardo-jose-fernandez","status":"publish","type":"post","link":"https:\/\/noti-america.com\/site\/venezuela\/2021\/06\/01\/referendum-ya-por-eduardo-jose-fernandez\/","title":{"rendered":"\u00a1REFER\u00c9NDUM YA!  Por:   Eduardo Jos\u00e9 Fern\u00e1ndez\u00a0"},"content":{"rendered":"<p>NOTI-AMERIC.COM | VENEZUELA<\/p>\n<div dir=\"auto\" style=\"text-align: center;\">\u00a1REFER\u00c9NDUM YA!<\/div>\n<div dir=\"auto\"><img loading=\"lazy\" decoding=\"async\" class=\"alignnone size-medium wp-image-14256 aligncenter\" src=\"https:\/\/noti-america.com\/site\/venezuela\/wp-content\/uploads\/sites\/2\/2021\/06\/EDUARDO-JOSE-FERNANDEZ-300x238.jpg\" alt=\"\" width=\"300\" height=\"238\" \/><\/div>\n<div dir=\"auto\"><\/div>\n<div dir=\"auto\" style=\"text-align: center;\">Eduardo Jos\u00e9 Fern\u00e1ndez<\/div>\n<div dir=\"auto\" style=\"text-align: center;\">Soci\u00f3logo-Pol\u00edtico<\/div>\n<div dir=\"auto\"><\/div>\n<div dir=\"auto\">El Refer\u00e9ndum Revocatorio de Mandato, est\u00e1 regulado en el art\u00edculo 72 de nuestra Constituci\u00f3n y, se trata de la facultad conferida al pueblo para destituir o remover anticipadamente un funcionario electo popularmente, cuando \u00e9ste ejerza sus funciones de forma contraria a sus intereses.<\/div>\n<div dir=\"auto\"><\/div>\n<div dir=\"auto\">Como mecanismo pacifico, democr\u00e1tico y constitucional, siempre ser\u00e1 una salida tangible y segura ante las propuestas de guerras, invasiones y ataques nucleares. Comenzar a negociar para terminar en una propuesta electoral con condiciones m\u00ednimas podr\u00eda ser un escape a la crisis pol\u00edtica que vive el pa\u00eds.<\/div>\n<div dir=\"auto\"><\/div>\n<div dir=\"auto\">Esta propuesta para resultar victoriosa pasa por cumplir algunas premisas determinantes.\u00a0 En primer lugar, la unidad de todos los ciudadanos. Adem\u00e1s, la unificaci\u00f3n de los partidos de la oposici\u00f3n, condiciones claras del CNE y garant\u00edas internacionales. Solo as\u00ed podemos ir a esa batalla sin tantos costos pol\u00edticos y con un pueblo convencido de salir del gobierno.<\/div>\n<div dir=\"auto\"><\/div>\n<div dir=\"auto\">El caudal de votos ser\u00e1 indetenible, solo si logramos la unidad y la motivaci\u00f3n sin vericuetos principistas. El refer\u00e9ndum revocatorio contra Nicolas Maduro, asumiendo que ser\u00e1 exitoso, nos colocara en el otro gran reto de afrontar en el t\u00e9rmino perentorio y constitucional con la sobrevenida elecciones presidenciales, que terminaran con esta etapa oscura de la historia venezolana y el advenimiento de un proceso de transici\u00f3n hacia una verdadera democracia.<\/div>\n<div dir=\"auto\"><\/div>\n<div dir=\"auto\">Los mecanismos de esta acci\u00f3n refrendaria pasan necesariamente por una negociaci\u00f3n.\u00a0 El ejemplo m\u00e1s cercano lo vivi\u00f3 el pueblo chileno cuando por la presi\u00f3n internacional, la dictadura de Augusto Pinochet acept\u00f3 ir a un Refer\u00e9ndum Revocatorio, convencido de que ganar\u00eda de forma aplastante, cosa que no ocurri\u00f3. Con toda la ventaja que ten\u00eda la dictadura en ese momento, no pudieron detener la gran cantidad de votos que termin\u00f3 castigando a la dictadura chilena.<\/div>\n<div dir=\"auto\"><\/div>\n<div dir=\"auto\">Venezuela necesita una soluci\u00f3n inmediata a la crisis pol\u00edtica para que tengamos resultados viables a la gran cat\u00e1strofe humanitaria que vivimos. El Refer\u00e9ndum Revocatorio representa un espacio para esa salida, donde los egos de los pol\u00edticos, tanto opositores como del gobierno, se aparten y la gente solo tenga que decidir si contin\u00faa el gobierno de Maduro o no contin\u00faa; es decir, es una oportunidad donde la gente decidir\u00e1 por su libertad y no por candidatos.<\/div>\n","protected":false},"excerpt":{"rendered":"<p>NOTI-AMERIC.COM | VENEZUELA \u00a1REFER\u00c9NDUM YA! Eduardo Jos\u00e9 Fern\u00e1ndez Soci\u00f3logo-Pol\u00edtico El Refer\u00e9ndum Revocatorio de Mandato, est\u00e1 regulado en el art\u00edculo 72 de nuestra Constituci\u00f3n y, se trata de la facultad conferida al pueblo para destituir&#46;&#46;&#46;<\/p>\n","protected":false},"author":2,"featured_media":14256,"comment_status":"open","ping_status":"open","sticky":false,"template":"","format":"standard","meta":{"_acf_changed":false,"om_disable_all_campaigns":false,"rop_custom_images_group":[],"rop_custom_messages_group":[],"rop_publish_now":"initial","rop_publish_now_accounts":{"twitter_242054905_242054905":""},"rop_publish_now_history":[],"rop_publish_now_status":"pending","_uf_show_specific_survey":0,"_uf_disable_surveys":false,"footnotes":""},"categories":[3],"tags":[],"class_list":["post-15029","post","type-post","status-publish","format-standard","has-post-thumbnail","hentry","category-politica"],"acf":[],"aioseo_notices":[],"yoast_head":"<!-- This site is optimized with the Yoast SEO Premium plugin v24.9 (Yoast SEO v27.2) - https:\/\/yoast.com\/product\/yoast-seo-premium-wordpress\/ -->\n<title>\u00a1REFER\u00c9NDUM YA! Por:  Eduardo Jos\u00e9 Fern\u00e1ndez\u00a0 - Venezuela | Noti-America.com<\/title>\n<meta name=\"robots\" content=\"index, follow, max-snippet:-1, max-image-preview:large, max-video-preview:-1\" \/>\n<link rel=\"canonical\" href=\"https:\/\/noti-america.com\/site\/venezuela\/2021\/06\/01\/referendum-ya-por-eduardo-jose-fernandez\/\" \/>\n<meta property=\"og:locale\" content=\"es_ES\" \/>\n<meta property=\"og:type\" content=\"article\" \/>\n<meta property=\"og:title\" content=\"\u00a1REFER\u00c9NDUM YA! Por:  Eduardo Jos\u00e9 Fern\u00e1ndez\u00a0\" \/>\n<meta property=\"og:description\" content=\"NOTI-AMERIC.COM | VENEZUELA \u00a1REFER\u00c9NDUM YA! Eduardo Jos\u00e9 Fern\u00e1ndez Soci\u00f3logo-Pol\u00edtico El Refer\u00e9ndum Revocatorio de Mandato, est\u00e1 regulado en el art\u00edculo 72 de nuestra Constituci\u00f3n y, se trata de la facultad conferida al pueblo para destituir&#046;&#046;&#046;\" \/>\n<meta property=\"og:url\" content=\"https:\/\/noti-america.com\/site\/venezuela\/2021\/06\/01\/referendum-ya-por-eduardo-jose-fernandez\/\" \/>\n<meta property=\"og:site_name\" content=\"Venezuela | Noti-America.com\" \/>\n<meta property=\"article:published_time\" content=\"2021-06-01T15:12:16+00:00\" \/>\n<meta property=\"article:modified_time\" content=\"2021-06-01T19:12:24+00:00\" \/>\n<meta property=\"og:image\" content=\"https:\/\/noti-america.com\/site\/venezuela\/wp-content\/uploads\/sites\/2\/2021\/03\/EDUARDO-JOSE-FERNANDEZ.jpg\" \/>\n\t<meta property=\"og:image:width\" content=\"1\" \/>\n\t<meta property=\"og:image:height\" content=\"1\" \/>\n\t<meta property=\"og:image:type\" content=\"image\/jpeg\" \/>\n<meta name=\"author\" content=\"rloaiza\" \/>\n<meta name=\"twitter:card\" content=\"summary_large_image\" \/>\n<meta name=\"twitter:label1\" content=\"Escrito por\" \/>\n\t<meta name=\"twitter:data1\" content=\"rloaiza\" \/>\n\t<meta name=\"twitter:label2\" content=\"Tiempo estimado de lectura\" \/>\n\t<meta name=\"twitter:data2\" content=\"2 minutos\" \/>\n<script type=\"application\/ld+json\" class=\"yoast-schema-graph\">{\"@context\":\"https:\/\/schema.org\",\"@graph\":[{\"@type\":\"Article\",\"@id\":\"https:\/\/noti-america.com\/site\/venezuela\/2021\/06\/01\/referendum-ya-por-eduardo-jose-fernandez\/#article\",\"isPartOf\":{\"@id\":\"https:\/\/noti-america.com\/site\/venezuela\/2021\/06\/01\/referendum-ya-por-eduardo-jose-fernandez\/\"},\"author\":{\"name\":\"rloaiza\",\"@id\":\"https:\/\/noti-america.com\/site\/venezuela\/#\/schema\/person\/a2e478ba496331ce89bcd0c731cd6533\"},\"headline\":\"\u00a1REFER\u00c9NDUM YA! Por: Eduardo Jos\u00e9 Fern\u00e1ndez\u00a0\",\"datePublished\":\"2021-06-01T15:12:16+00:00\",\"dateModified\":\"2021-06-01T19:12:24+00:00\",\"mainEntityOfPage\":{\"@id\":\"https:\/\/noti-america.com\/site\/venezuela\/2021\/06\/01\/referendum-ya-por-eduardo-jose-fernandez\/\"},\"wordCount\":413,\"commentCount\":0,\"publisher\":{\"@id\":\"https:\/\/noti-america.com\/site\/venezuela\/#organization\"},\"image\":{\"@id\":\"https:\/\/noti-america.com\/site\/venezuela\/2021\/06\/01\/referendum-ya-por-eduardo-jose-fernandez\/#primaryimage\"},\"thumbnailUrl\":\"https:\/\/noti-america.com\/site\/venezuela\/wp-content\/uploads\/sites\/2\/2021\/03\/EDUARDO-JOSE-FERNANDEZ.jpg\",\"articleSection\":[\"Pol\u00edtica\"],\"inLanguage\":\"es\",\"potentialAction\":[{\"@type\":\"CommentAction\",\"name\":\"Comment\",\"target\":[\"https:\/\/noti-america.com\/site\/venezuela\/2021\/06\/01\/referendum-ya-por-eduardo-jose-fernandez\/#respond\"]}]},{\"@type\":\"WebPage\",\"@id\":\"https:\/\/noti-america.com\/site\/venezuela\/2021\/06\/01\/referendum-ya-por-eduardo-jose-fernandez\/\",\"url\":\"https:\/\/noti-america.com\/site\/venezuela\/2021\/06\/01\/referendum-ya-por-eduardo-jose-fernandez\/\",\"name\":\"\u00a1REFER\u00c9NDUM YA! Por: Eduardo Jos\u00e9 Fern\u00e1ndez\u00a0 - Venezuela | Noti-America.com\",\"isPartOf\":{\"@id\":\"https:\/\/noti-america.com\/site\/venezuela\/#website\"},\"primaryImageOfPage\":{\"@id\":\"https:\/\/noti-america.com\/site\/venezuela\/2021\/06\/01\/referendum-ya-por-eduardo-jose-fernandez\/#primaryimage\"},\"image\":{\"@id\":\"https:\/\/noti-america.com\/site\/venezuela\/2021\/06\/01\/referendum-ya-por-eduardo-jose-fernandez\/#primaryimage\"},\"thumbnailUrl\":\"https:\/\/noti-america.com\/site\/venezuela\/wp-content\/uploads\/sites\/2\/2021\/03\/EDUARDO-JOSE-FERNANDEZ.jpg\",\"datePublished\":\"2021-06-01T15:12:16+00:00\",\"dateModified\":\"2021-06-01T19:12:24+00:00\",\"breadcrumb\":{\"@id\":\"https:\/\/noti-america.com\/site\/venezuela\/2021\/06\/01\/referendum-ya-por-eduardo-jose-fernandez\/#breadcrumb\"},\"inLanguage\":\"es\",\"potentialAction\":[{\"@type\":\"ReadAction\",\"target\":[\"https:\/\/noti-america.com\/site\/venezuela\/2021\/06\/01\/referendum-ya-por-eduardo-jose-fernandez\/\"]}]},{\"@type\":\"ImageObject\",\"inLanguage\":\"es\",\"@id\":\"https:\/\/noti-america.com\/site\/venezuela\/2021\/06\/01\/referendum-ya-por-eduardo-jose-fernandez\/#primaryimage\",\"url\":\"https:\/\/noti-america.com\/site\/venezuela\/wp-content\/uploads\/sites\/2\/2021\/03\/EDUARDO-JOSE-FERNANDEZ.jpg\",\"contentUrl\":\"https:\/\/noti-america.com\/site\/venezuela\/wp-content\/uploads\/sites\/2\/2021\/03\/EDUARDO-JOSE-FERNANDEZ.jpg\"},{\"@type\":\"BreadcrumbList\",\"@id\":\"https:\/\/noti-america.com\/site\/venezuela\/2021\/06\/01\/referendum-ya-por-eduardo-jose-fernandez\/#breadcrumb\",\"itemListElement\":[{\"@type\":\"ListItem\",\"position\":1,\"name\":\"Portada\",\"item\":\"https:\/\/noti-america.com\/site\/venezuela\/\"},{\"@type\":\"ListItem\",\"position\":2,\"name\":\"\u00a1REFER\u00c9NDUM YA! Por: Eduardo Jos\u00e9 Fern\u00e1ndez\u00a0\"}]},{\"@type\":\"WebSite\",\"@id\":\"https:\/\/noti-america.com\/site\/venezuela\/#website\",\"url\":\"https:\/\/noti-america.com\/site\/venezuela\/\",\"name\":\"Venezuela | Noti-America.com\",\"description\":\"\",\"publisher\":{\"@id\":\"https:\/\/noti-america.com\/site\/venezuela\/#organization\"},\"potentialAction\":[{\"@type\":\"SearchAction\",\"target\":{\"@type\":\"EntryPoint\",\"urlTemplate\":\"https:\/\/noti-america.com\/site\/venezuela\/?s={search_term_string}\"},\"query-input\":{\"@type\":\"PropertyValueSpecification\",\"valueRequired\":true,\"valueName\":\"search_term_string\"}}],\"inLanguage\":\"es\"},{\"@type\":\"Organization\",\"@id\":\"https:\/\/noti-america.com\/site\/venezuela\/#organization\",\"name\":\"Noti-America LLC | Venezuela\",\"url\":\"https:\/\/noti-america.com\/site\/venezuela\/\",\"logo\":{\"@type\":\"ImageObject\",\"inLanguage\":\"es\",\"@id\":\"https:\/\/noti-america.com\/site\/venezuela\/#\/schema\/logo\/image\/\",\"url\":\"https:\/\/noti-america.com\/site\/venezuela\/wp-content\/uploads\/sites\/2\/2020\/07\/LogoNA-4x3-1.jpg\",\"contentUrl\":\"https:\/\/noti-america.com\/site\/venezuela\/wp-content\/uploads\/sites\/2\/2020\/07\/LogoNA-4x3-1.jpg\",\"width\":1236,\"height\":1080,\"caption\":\"Noti-America LLC | Venezuela\"},\"image\":{\"@id\":\"https:\/\/noti-america.com\/site\/venezuela\/#\/schema\/logo\/image\/\"}},{\"@type\":\"Person\",\"@id\":\"https:\/\/noti-america.com\/site\/venezuela\/#\/schema\/person\/a2e478ba496331ce89bcd0c731cd6533\",\"name\":\"rloaiza\",\"image\":{\"@type\":\"ImageObject\",\"inLanguage\":\"es\",\"@id\":\"https:\/\/secure.gravatar.com\/avatar\/190058e5d4427934610b99c45aa7a6558806850adedd53ddeddd194b04773e22?s=96&d=mm&r=g\",\"url\":\"https:\/\/secure.gravatar.com\/avatar\/190058e5d4427934610b99c45aa7a6558806850adedd53ddeddd194b04773e22?s=96&d=mm&r=g\",\"contentUrl\":\"https:\/\/secure.gravatar.com\/avatar\/190058e5d4427934610b99c45aa7a6558806850adedd53ddeddd194b04773e22?s=96&d=mm&r=g\",\"caption\":\"rloaiza\"},\"url\":\"https:\/\/noti-america.com\/site\/venezuela\/author\/rloaiza\/\"}]}<\/script>\n<!-- \/ Yoast SEO Premium plugin. -->","yoast_head_json":{"title":"\u00a1REFER\u00c9NDUM YA! Por:  Eduardo Jos\u00e9 Fern\u00e1ndez\u00a0 - Venezuela | Noti-America.com","robots":{"index":"index","follow":"follow","max-snippet":"max-snippet:-1","max-image-preview":"max-image-preview:large","max-video-preview":"max-video-preview:-1"},"canonical":"https:\/\/noti-america.com\/site\/venezuela\/2021\/06\/01\/referendum-ya-por-eduardo-jose-fernandez\/","og_locale":"es_ES","og_type":"article","og_title":"\u00a1REFER\u00c9NDUM YA! Por:  Eduardo Jos\u00e9 Fern\u00e1ndez\u00a0","og_description":"NOTI-AMERIC.COM | VENEZUELA \u00a1REFER\u00c9NDUM YA! Eduardo Jos\u00e9 Fern\u00e1ndez Soci\u00f3logo-Pol\u00edtico El Refer\u00e9ndum Revocatorio de Mandato, est\u00e1 regulado en el art\u00edculo 72 de nuestra Constituci\u00f3n y, se trata de la facultad conferida al pueblo para destituir&#46;&#46;&#46;","og_url":"https:\/\/noti-america.com\/site\/venezuela\/2021\/06\/01\/referendum-ya-por-eduardo-jose-fernandez\/","og_site_name":"Venezuela | Noti-America.com","article_published_time":"2021-06-01T15:12:16+00:00","article_modified_time":"2021-06-01T19:12:24+00:00","og_image":[{"url":"https:\/\/noti-america.com\/site\/venezuela\/wp-content\/uploads\/sites\/2\/2021\/03\/EDUARDO-JOSE-FERNANDEZ.jpg","width":1,"height":1,"type":"image\/jpeg"}],"author":"rloaiza","twitter_card":"summary_large_image","twitter_misc":{"Escrito por":"rloaiza","Tiempo estimado de lectura":"2 minutos"},"schema":{"@context":"https:\/\/schema.org","@graph":[{"@type":"Article","@id":"https:\/\/noti-america.com\/site\/venezuela\/2021\/06\/01\/referendum-ya-por-eduardo-jose-fernandez\/#article","isPartOf":{"@id":"https:\/\/noti-america.com\/site\/venezuela\/2021\/06\/01\/referendum-ya-por-eduardo-jose-fernandez\/"},"author":{"name":"rloaiza","@id":"https:\/\/noti-america.com\/site\/venezuela\/#\/schema\/person\/a2e478ba496331ce89bcd0c731cd6533"},"headline":"\u00a1REFER\u00c9NDUM YA! Por: Eduardo Jos\u00e9 Fern\u00e1ndez\u00a0","datePublished":"2021-06-01T15:12:16+00:00","dateModified":"2021-06-01T19:12:24+00:00","mainEntityOfPage":{"@id":"https:\/\/noti-america.com\/site\/venezuela\/2021\/06\/01\/referendum-ya-por-eduardo-jose-fernandez\/"},"wordCount":413,"commentCount":0,"publisher":{"@id":"https:\/\/noti-america.com\/site\/venezuela\/#organization"},"image":{"@id":"https:\/\/noti-america.com\/site\/venezuela\/2021\/06\/01\/referendum-ya-por-eduardo-jose-fernandez\/#primaryimage"},"thumbnailUrl":"https:\/\/noti-america.com\/site\/venezuela\/wp-content\/uploads\/sites\/2\/2021\/03\/EDUARDO-JOSE-FERNANDEZ.jpg","articleSection":["Pol\u00edtica"],"inLanguage":"es","potentialAction":[{"@type":"CommentAction","name":"Comment","target":["https:\/\/noti-america.com\/site\/venezuela\/2021\/06\/01\/referendum-ya-por-eduardo-jose-fernandez\/#respond"]}]},{"@type":"WebPage","@id":"https:\/\/noti-america.com\/site\/venezuela\/2021\/06\/01\/referendum-ya-por-eduardo-jose-fernandez\/","url":"https:\/\/noti-america.com\/site\/venezuela\/2021\/06\/01\/referendum-ya-por-eduardo-jose-fernandez\/","name":"\u00a1REFER\u00c9NDUM YA! Por: Eduardo Jos\u00e9 Fern\u00e1ndez\u00a0 - Venezuela | Noti-America.com","isPartOf":{"@id":"https:\/\/noti-america.com\/site\/venezuela\/#website"},"primaryImageOfPage":{"@id":"https:\/\/noti-america.com\/site\/venezuela\/2021\/06\/01\/referendum-ya-por-eduardo-jose-fernandez\/#primaryimage"},"image":{"@id":"https:\/\/noti-america.com\/site\/venezuela\/2021\/06\/01\/referendum-ya-por-eduardo-jose-fernandez\/#primaryimage"},"thumbnailUrl":"https:\/\/noti-america.com\/site\/venezuela\/wp-content\/uploads\/sites\/2\/2021\/03\/EDUARDO-JOSE-FERNANDEZ.jpg","datePublished":"2021-06-01T15:12:16+00:00","dateModified":"2021-06-01T19:12:24+00:00","breadcrumb":{"@id":"https:\/\/noti-america.com\/site\/venezuela\/2021\/06\/01\/referendum-ya-por-eduardo-jose-fernandez\/#breadcrumb"},"inLanguage":"es","potentialAction":[{"@type":"ReadAction","target":["https:\/\/noti-america.com\/site\/venezuela\/2021\/06\/01\/referendum-ya-por-eduardo-jose-fernandez\/"]}]},{"@type":"ImageObject","inLanguage":"es","@id":"https:\/\/noti-america.com\/site\/venezuela\/2021\/06\/01\/referendum-ya-por-eduardo-jose-fernandez\/#primaryimage","url":"https:\/\/noti-america.com\/site\/venezuela\/wp-content\/uploads\/sites\/2\/2021\/03\/EDUARDO-JOSE-FERNANDEZ.jpg","contentUrl":"https:\/\/noti-america.com\/site\/venezuela\/wp-content\/uploads\/sites\/2\/2021\/03\/EDUARDO-JOSE-FERNANDEZ.jpg"},{"@type":"BreadcrumbList","@id":"https:\/\/noti-america.com\/site\/venezuela\/2021\/06\/01\/referendum-ya-por-eduardo-jose-fernandez\/#breadcrumb","itemListElement":[{"@type":"ListItem","position":1,"name":"Portada","item":"https:\/\/noti-america.com\/site\/venezuela\/"},{"@type":"ListItem","position":2,"name":"\u00a1REFER\u00c9NDUM YA! Por: Eduardo Jos\u00e9 Fern\u00e1ndez\u00a0"}]},{"@type":"WebSite","@id":"https:\/\/noti-america.com\/site\/venezuela\/#website","url":"https:\/\/noti-america.com\/site\/venezuela\/","name":"Venezuela | Noti-America.com","description":"","publisher":{"@id":"https:\/\/noti-america.com\/site\/venezuela\/#organization"},"potentialAction":[{"@type":"SearchAction","target":{"@type":"EntryPoint","urlTemplate":"https:\/\/noti-america.com\/site\/venezuela\/?s={search_term_string}"},"query-input":{"@type":"PropertyValueSpecification","valueRequired":true,"valueName":"search_term_string"}}],"inLanguage":"es"},{"@type":"Organization","@id":"https:\/\/noti-america.com\/site\/venezuela\/#organization","name":"Noti-America LLC | Venezuela","url":"https:\/\/noti-america.com\/site\/venezuela\/","logo":{"@type":"ImageObject","inLanguage":"es","@id":"https:\/\/noti-america.com\/site\/venezuela\/#\/schema\/logo\/image\/","url":"https:\/\/noti-america.com\/site\/venezuela\/wp-content\/uploads\/sites\/2\/2020\/07\/LogoNA-4x3-1.jpg","contentUrl":"https:\/\/noti-america.com\/site\/venezuela\/wp-content\/uploads\/sites\/2\/2020\/07\/LogoNA-4x3-1.jpg","width":1236,"height":1080,"caption":"Noti-America LLC | Venezuela"},"image":{"@id":"https:\/\/noti-america.com\/site\/venezuela\/#\/schema\/logo\/image\/"}},{"@type":"Person","@id":"https:\/\/noti-america.com\/site\/venezuela\/#\/schema\/person\/a2e478ba496331ce89bcd0c731cd6533","name":"rloaiza","image":{"@type":"ImageObject","inLanguage":"es","@id":"https:\/\/secure.gravatar.com\/avatar\/190058e5d4427934610b99c45aa7a6558806850adedd53ddeddd194b04773e22?s=96&d=mm&r=g","url":"https:\/\/secure.gravatar.com\/avatar\/190058e5d4427934610b99c45aa7a6558806850adedd53ddeddd194b04773e22?s=96&d=mm&r=g","contentUrl":"https:\/\/secure.gravatar.com\/avatar\/190058e5d4427934610b99c45aa7a6558806850adedd53ddeddd194b04773e22?s=96&d=mm&r=g","caption":"rloaiza"},"url":"https:\/\/noti-america.com\/site\/venezuela\/author\/rloaiza\/"}]}},"_links":{"self":[{"href":"https:\/\/noti-america.com\/site\/venezuela\/wp-json\/wp\/v2\/posts\/15029","targetHints":{"allow":["GET"]}}],"collection":[{"href":"https:\/\/noti-america.com\/site\/venezuela\/wp-json\/wp\/v2\/posts"}],"about":[{"href":"https:\/\/noti-america.com\/site\/venezuela\/wp-json\/wp\/v2\/types\/post"}],"author":[{"embeddable":true,"href":"https:\/\/noti-america.com\/site\/venezuela\/wp-json\/wp\/v2\/users\/2"}],"replies":[{"embeddable":true,"href":"https:\/\/noti-america.com\/site\/venezuela\/wp-json\/wp\/v2\/comments?post=15029"}],"version-history":[{"count":1,"href":"https:\/\/noti-america.com\/site\/venezuela\/wp-json\/wp\/v2\/posts\/15029\/revisions"}],"predecessor-version":[{"id":15030,"href":"https:\/\/noti-america.com\/site\/venezuela\/wp-json\/wp\/v2\/posts\/15029\/revisions\/15030"}],"wp:featuredmedia":[{"embeddable":true,"href":"https:\/\/noti-america.com\/site\/venezuela\/wp-json\/wp\/v2\/media\/14256"}],"wp:attachment":[{"href":"https:\/\/noti-america.com\/site\/venezuela\/wp-json\/wp\/v2\/media?parent=15029"}],"wp:term":[{"taxonomy":"category","embeddable":true,"href":"https:\/\/noti-america.com\/site\/venezuela\/wp-json\/wp\/v2\/categories?post=15029"},{"taxonomy":"post_tag","embeddable":true,"href":"https:\/\/noti-america.com\/site\/venezuela\/wp-json\/wp\/v2\/tags?post=15029"}],"curies":[{"name":"wp","href":"https:\/\/api.w.org\/{rel}","templated":true}]}}