{"id":14901,"date":"2021-05-19T04:00:48","date_gmt":"2021-05-19T04:00:48","guid":{"rendered":"https:\/\/noti-america.com\/site\/venezuela\/?p=14901"},"modified":"2021-05-19T04:00:48","modified_gmt":"2021-05-19T04:00:48","slug":"lasso-y-danna-paola-estrenan-ladrones","status":"publish","type":"post","link":"https:\/\/noti-america.com\/site\/venezuela\/2021\/05\/19\/lasso-y-danna-paola-estrenan-ladrones\/","title":{"rendered":"LASSO Y DANNA PAOLA ESTRENAN \u201cLADRONES\u201d"},"content":{"rendered":"<p><strong>NOTI-AM\u00c9RICA<\/strong> | VENEZUELA<\/p>\n<div id=\"attachment_14902\" style=\"width: 310px\" class=\"wp-caption alignnone\"><img loading=\"lazy\" decoding=\"async\" aria-describedby=\"caption-attachment-14902\" class=\"wp-image-14902 size-medium\" src=\"https:\/\/noti-america.com\/site\/venezuela\/wp-content\/uploads\/sites\/2\/2021\/05\/1621391378604_1621391375243_Lasso-y-Danna-Paola-300x300.png\" alt=\"\" width=\"300\" height=\"300\" srcset=\"https:\/\/noti-america.com\/site\/venezuela\/wp-content\/uploads\/sites\/2\/2021\/05\/1621391378604_1621391375243_Lasso-y-Danna-Paola-300x300.png 300w, https:\/\/noti-america.com\/site\/venezuela\/wp-content\/uploads\/sites\/2\/2021\/05\/1621391378604_1621391375243_Lasso-y-Danna-Paola-150x150.png 150w, https:\/\/noti-america.com\/site\/venezuela\/wp-content\/uploads\/sites\/2\/2021\/05\/1621391378604_1621391375243_Lasso-y-Danna-Paola-80x80.png 80w, https:\/\/noti-america.com\/site\/venezuela\/wp-content\/uploads\/sites\/2\/2021\/05\/1621391378604_1621391375243_Lasso-y-Danna-Paola-320x320.png 320w, https:\/\/noti-america.com\/site\/venezuela\/wp-content\/uploads\/sites\/2\/2021\/05\/1621391378604_1621391375243_Lasso-y-Danna-Paola.png 631w\" sizes=\"auto, (max-width: 300px) 100vw, 300px\" \/><p id=\"caption-attachment-14902\" class=\"wp-caption-text\"><strong>\u201cLasso y Danna Paola<\/strong> lanzan su segundo track en colaboraci\u00f3n, titulado Ladrones. La primera vez que colaboraron juntos fue en 2019 con Subt\u00edtulos\u201d.<\/p><\/div>\n<p>Ladrones es una tema que el propio Lasso define como un reggaet\u00f3n con pena, un g\u00e9nero que \u00e9l siente que define algunas de sus canciones y en sus propias palabras es una manera de indagar en esas cadencias de reggaet\u00f3n sin perder el sonido que lleva trabajando en los \u00faltimos a\u00f1os, y con la participaci\u00f3n de Danna, el track toma una fuerza incre\u00edble.<\/p>\n<p>La letra de la canci\u00f3n habla sobre esas relaciones que uno no deber\u00eda de tener, que sabes que te van a perjudicar pero de una manera u otra terminas involucrado en ellas. Tambi\u00e9n acomoda perfecto para las relaciones que a veces uno quiere tener con alguna amistad pero que sabemos muy bien la forma en la que terminar\u00e1n las cosas. De estas tem\u00e1ticas nace el nombre del track, por esa insinuaci\u00f3n a robar un beso que no deber\u00eda de ser.<\/p>\n<p>El track fue producido por Orlando Vitto, con una estructura muy minimalista, utilizando los sonidos adecuados y justos para darle la identidad que se buscaba. Una base muy fuerte del track son los coros o corales que caracterizan el sonido de esta producci\u00f3n.<\/p>\n<p>Algo interesante a destacar es que tanto la tem\u00e1tica de la canci\u00f3n como el videoclip es la continuaci\u00f3n del track antes mencionado Subt\u00edtulos. La primera parte fue esa etapa donde ambos quieren pero no tienen claro si dar\u00e1n el paso o no, y para esta segunda parte todo gira entorno a que a pesar de saber que no deber\u00edan de hacer nada ya lo est\u00e1n haciendo, como ladrones. Por parte del video, inicia los primeros segundos donde termina el videoclip pasado, donde a Lasso le hab\u00edan disparado y en esta continuaci\u00f3n podremos descubrir qu\u00e9 fue lo que sucedi\u00f3, literalmente dos a\u00f1os despu\u00e9s. El videoclip muestra una qu\u00edmica incre\u00edble en c\u00e1mara entre Lasso y Danna, ambos sumando todo su talento y arte en la canci\u00f3n.<\/p>\n<p>Cr\u00e9ditos: Universal Music Group, M\u00e9xico.<\/p>\n<div class=\"video-container\"><iframe loading=\"lazy\" title=\"Lasso, Danna Paola - Ladrones\" width=\"500\" height=\"375\" src=\"https:\/\/www.youtube.com\/embed\/wFkvyxLzLu0?feature=oembed&#038;wmode=opaque\" frameborder=\"0\" allow=\"accelerometer; autoplay; clipboard-write; encrypted-media; gyroscope; picture-in-picture; web-share\" referrerpolicy=\"strict-origin-when-cross-origin\" allowfullscreen><\/iframe><\/div>\n<p>Para conocer m\u00e1s sobre LASSO, pueden seguirlo por sus cuentas oficiales en las redes sociales.<\/p>\n<p>Facebook: Lasso<br \/>\nTwitter: @LassoMusica<br \/>\nInstagram: @lassomusica<br \/>\nYouTube: LassoMusica<\/p>\n","protected":false},"excerpt":{"rendered":"<p>NOTI-AM\u00c9RICA | VENEZUELA Ladrones es una tema que el propio Lasso define como un reggaet\u00f3n con pena, un g\u00e9nero que \u00e9l siente que define algunas de sus canciones y en sus propias palabras es&#46;&#46;&#46;<\/p>\n","protected":false},"author":1,"featured_media":14902,"comment_status":"open","ping_status":"open","sticky":false,"template":"","format":"standard","meta":{"_acf_changed":false,"om_disable_all_campaigns":false,"rop_custom_images_group":[],"rop_custom_messages_group":[],"rop_publish_now":"initial","rop_publish_now_accounts":{"twitter_242054905_242054905":""},"rop_publish_now_history":[],"rop_publish_now_status":"pending","_uf_show_specific_survey":0,"_uf_disable_surveys":false,"footnotes":""},"categories":[8,34,156],"tags":[],"class_list":["post-14901","post","type-post","status-publish","format-standard","has-post-thumbnail","hentry","category-arte-y-espectaculos","category-musica","category-venezuela"],"acf":[],"aioseo_notices":[],"yoast_head":"<!-- This site is optimized with the Yoast SEO Premium plugin v24.9 (Yoast SEO v27.2) - https:\/\/yoast.com\/product\/yoast-seo-premium-wordpress\/ -->\n<title>LASSO Y DANNA PAOLA ESTRENAN \u201cLADRONES\u201d - Venezuela | Noti-America.com<\/title>\n<meta name=\"robots\" content=\"index, follow, max-snippet:-1, max-image-preview:large, max-video-preview:-1\" \/>\n<link rel=\"canonical\" href=\"https:\/\/noti-america.com\/site\/venezuela\/2021\/05\/19\/lasso-y-danna-paola-estrenan-ladrones\/\" \/>\n<meta property=\"og:locale\" content=\"es_ES\" \/>\n<meta property=\"og:type\" content=\"article\" \/>\n<meta property=\"og:title\" content=\"LASSO Y DANNA PAOLA ESTRENAN \u201cLADRONES\u201d\" \/>\n<meta property=\"og:description\" content=\"NOTI-AM\u00c9RICA | VENEZUELA Ladrones es una tema que el propio Lasso define como un reggaet\u00f3n con pena, un g\u00e9nero que \u00e9l siente que define algunas de sus canciones y en sus propias palabras es&#046;&#046;&#046;\" \/>\n<meta property=\"og:url\" content=\"https:\/\/noti-america.com\/site\/venezuela\/2021\/05\/19\/lasso-y-danna-paola-estrenan-ladrones\/\" \/>\n<meta property=\"og:site_name\" content=\"Venezuela | Noti-America.com\" \/>\n<meta property=\"article:published_time\" content=\"2021-05-19T04:00:48+00:00\" \/>\n<meta property=\"og:image\" content=\"https:\/\/noti-america.com\/site\/venezuela\/wp-content\/uploads\/sites\/2\/2021\/05\/1621391378604_1621391375243_Lasso-y-Danna-Paola.png\" \/>\n\t<meta property=\"og:image:width\" content=\"631\" \/>\n\t<meta property=\"og:image:height\" content=\"631\" \/>\n\t<meta property=\"og:image:type\" content=\"image\/png\" \/>\n<meta name=\"author\" content=\"Rosmer Herrera\" \/>\n<meta name=\"twitter:card\" content=\"summary_large_image\" \/>\n<meta name=\"twitter:label1\" content=\"Escrito por\" \/>\n\t<meta name=\"twitter:data1\" content=\"Rosmer Herrera\" \/>\n\t<meta name=\"twitter:label2\" content=\"Tiempo estimado de lectura\" \/>\n\t<meta name=\"twitter:data2\" content=\"2 minutos\" \/>\n<script type=\"application\/ld+json\" class=\"yoast-schema-graph\">{\"@context\":\"https:\/\/schema.org\",\"@graph\":[{\"@type\":\"Article\",\"@id\":\"https:\/\/noti-america.com\/site\/venezuela\/2021\/05\/19\/lasso-y-danna-paola-estrenan-ladrones\/#article\",\"isPartOf\":{\"@id\":\"https:\/\/noti-america.com\/site\/venezuela\/2021\/05\/19\/lasso-y-danna-paola-estrenan-ladrones\/\"},\"author\":{\"name\":\"Rosmer Herrera\",\"@id\":\"https:\/\/noti-america.com\/site\/venezuela\/#\/schema\/person\/fd58dbfb92a257e9dc5761bf69a855ff\"},\"headline\":\"LASSO Y DANNA PAOLA ESTRENAN \u201cLADRONES\u201d\",\"datePublished\":\"2021-05-19T04:00:48+00:00\",\"mainEntityOfPage\":{\"@id\":\"https:\/\/noti-america.com\/site\/venezuela\/2021\/05\/19\/lasso-y-danna-paola-estrenan-ladrones\/\"},\"wordCount\":417,\"commentCount\":0,\"publisher\":{\"@id\":\"https:\/\/noti-america.com\/site\/venezuela\/#organization\"},\"image\":{\"@id\":\"https:\/\/noti-america.com\/site\/venezuela\/2021\/05\/19\/lasso-y-danna-paola-estrenan-ladrones\/#primaryimage\"},\"thumbnailUrl\":\"https:\/\/noti-america.com\/site\/venezuela\/wp-content\/uploads\/sites\/2\/2021\/05\/1621391378604_1621391375243_Lasso-y-Danna-Paola.png\",\"articleSection\":[\"Arte y Espect\u00e1culos\",\"M\u00fasica\",\"Venezuela\"],\"inLanguage\":\"es\",\"potentialAction\":[{\"@type\":\"CommentAction\",\"name\":\"Comment\",\"target\":[\"https:\/\/noti-america.com\/site\/venezuela\/2021\/05\/19\/lasso-y-danna-paola-estrenan-ladrones\/#respond\"]}]},{\"@type\":\"WebPage\",\"@id\":\"https:\/\/noti-america.com\/site\/venezuela\/2021\/05\/19\/lasso-y-danna-paola-estrenan-ladrones\/\",\"url\":\"https:\/\/noti-america.com\/site\/venezuela\/2021\/05\/19\/lasso-y-danna-paola-estrenan-ladrones\/\",\"name\":\"LASSO Y DANNA PAOLA ESTRENAN \u201cLADRONES\u201d - Venezuela | Noti-America.com\",\"isPartOf\":{\"@id\":\"https:\/\/noti-america.com\/site\/venezuela\/#website\"},\"primaryImageOfPage\":{\"@id\":\"https:\/\/noti-america.com\/site\/venezuela\/2021\/05\/19\/lasso-y-danna-paola-estrenan-ladrones\/#primaryimage\"},\"image\":{\"@id\":\"https:\/\/noti-america.com\/site\/venezuela\/2021\/05\/19\/lasso-y-danna-paola-estrenan-ladrones\/#primaryimage\"},\"thumbnailUrl\":\"https:\/\/noti-america.com\/site\/venezuela\/wp-content\/uploads\/sites\/2\/2021\/05\/1621391378604_1621391375243_Lasso-y-Danna-Paola.png\",\"datePublished\":\"2021-05-19T04:00:48+00:00\",\"breadcrumb\":{\"@id\":\"https:\/\/noti-america.com\/site\/venezuela\/2021\/05\/19\/lasso-y-danna-paola-estrenan-ladrones\/#breadcrumb\"},\"inLanguage\":\"es\",\"potentialAction\":[{\"@type\":\"ReadAction\",\"target\":[\"https:\/\/noti-america.com\/site\/venezuela\/2021\/05\/19\/lasso-y-danna-paola-estrenan-ladrones\/\"]}]},{\"@type\":\"ImageObject\",\"inLanguage\":\"es\",\"@id\":\"https:\/\/noti-america.com\/site\/venezuela\/2021\/05\/19\/lasso-y-danna-paola-estrenan-ladrones\/#primaryimage\",\"url\":\"https:\/\/noti-america.com\/site\/venezuela\/wp-content\/uploads\/sites\/2\/2021\/05\/1621391378604_1621391375243_Lasso-y-Danna-Paola.png\",\"contentUrl\":\"https:\/\/noti-america.com\/site\/venezuela\/wp-content\/uploads\/sites\/2\/2021\/05\/1621391378604_1621391375243_Lasso-y-Danna-Paola.png\",\"width\":631,\"height\":631},{\"@type\":\"BreadcrumbList\",\"@id\":\"https:\/\/noti-america.com\/site\/venezuela\/2021\/05\/19\/lasso-y-danna-paola-estrenan-ladrones\/#breadcrumb\",\"itemListElement\":[{\"@type\":\"ListItem\",\"position\":1,\"name\":\"Portada\",\"item\":\"https:\/\/noti-america.com\/site\/venezuela\/\"},{\"@type\":\"ListItem\",\"position\":2,\"name\":\"LASSO Y DANNA PAOLA ESTRENAN \u201cLADRONES\u201d\"}]},{\"@type\":\"WebSite\",\"@id\":\"https:\/\/noti-america.com\/site\/venezuela\/#website\",\"url\":\"https:\/\/noti-america.com\/site\/venezuela\/\",\"name\":\"Venezuela | Noti-America.com\",\"description\":\"\",\"publisher\":{\"@id\":\"https:\/\/noti-america.com\/site\/venezuela\/#organization\"},\"potentialAction\":[{\"@type\":\"SearchAction\",\"target\":{\"@type\":\"EntryPoint\",\"urlTemplate\":\"https:\/\/noti-america.com\/site\/venezuela\/?s={search_term_string}\"},\"query-input\":{\"@type\":\"PropertyValueSpecification\",\"valueRequired\":true,\"valueName\":\"search_term_string\"}}],\"inLanguage\":\"es\"},{\"@type\":\"Organization\",\"@id\":\"https:\/\/noti-america.com\/site\/venezuela\/#organization\",\"name\":\"Noti-America LLC | Venezuela\",\"url\":\"https:\/\/noti-america.com\/site\/venezuela\/\",\"logo\":{\"@type\":\"ImageObject\",\"inLanguage\":\"es\",\"@id\":\"https:\/\/noti-america.com\/site\/venezuela\/#\/schema\/logo\/image\/\",\"url\":\"https:\/\/noti-america.com\/site\/venezuela\/wp-content\/uploads\/sites\/2\/2020\/07\/LogoNA-4x3-1.jpg\",\"contentUrl\":\"https:\/\/noti-america.com\/site\/venezuela\/wp-content\/uploads\/sites\/2\/2020\/07\/LogoNA-4x3-1.jpg\",\"width\":1236,\"height\":1080,\"caption\":\"Noti-America LLC | Venezuela\"},\"image\":{\"@id\":\"https:\/\/noti-america.com\/site\/venezuela\/#\/schema\/logo\/image\/\"}},{\"@type\":\"Person\",\"@id\":\"https:\/\/noti-america.com\/site\/venezuela\/#\/schema\/person\/fd58dbfb92a257e9dc5761bf69a855ff\",\"name\":\"Rosmer Herrera\",\"image\":{\"@type\":\"ImageObject\",\"inLanguage\":\"es\",\"@id\":\"https:\/\/secure.gravatar.com\/avatar\/153e75c261394dbf20ff1a1e70ea2be9494f2b40b7fc4e7704084db13220ae08?s=96&d=mm&r=g\",\"url\":\"https:\/\/secure.gravatar.com\/avatar\/153e75c261394dbf20ff1a1e70ea2be9494f2b40b7fc4e7704084db13220ae08?s=96&d=mm&r=g\",\"contentUrl\":\"https:\/\/secure.gravatar.com\/avatar\/153e75c261394dbf20ff1a1e70ea2be9494f2b40b7fc4e7704084db13220ae08?s=96&d=mm&r=g\",\"caption\":\"Rosmer Herrera\"},\"url\":\"https:\/\/noti-america.com\/site\/venezuela\/author\/rosmer33\/\"}]}<\/script>\n<!-- \/ Yoast SEO Premium plugin. -->","yoast_head_json":{"title":"LASSO Y DANNA PAOLA ESTRENAN \u201cLADRONES\u201d - Venezuela | Noti-America.com","robots":{"index":"index","follow":"follow","max-snippet":"max-snippet:-1","max-image-preview":"max-image-preview:large","max-video-preview":"max-video-preview:-1"},"canonical":"https:\/\/noti-america.com\/site\/venezuela\/2021\/05\/19\/lasso-y-danna-paola-estrenan-ladrones\/","og_locale":"es_ES","og_type":"article","og_title":"LASSO Y DANNA PAOLA ESTRENAN \u201cLADRONES\u201d","og_description":"NOTI-AM\u00c9RICA | VENEZUELA Ladrones es una tema que el propio Lasso define como un reggaet\u00f3n con pena, un g\u00e9nero que \u00e9l siente que define algunas de sus canciones y en sus propias palabras es&#46;&#46;&#46;","og_url":"https:\/\/noti-america.com\/site\/venezuela\/2021\/05\/19\/lasso-y-danna-paola-estrenan-ladrones\/","og_site_name":"Venezuela | Noti-America.com","article_published_time":"2021-05-19T04:00:48+00:00","og_image":[{"width":631,"height":631,"url":"https:\/\/noti-america.com\/site\/venezuela\/wp-content\/uploads\/sites\/2\/2021\/05\/1621391378604_1621391375243_Lasso-y-Danna-Paola.png","type":"image\/png"}],"author":"Rosmer Herrera","twitter_card":"summary_large_image","twitter_misc":{"Escrito por":"Rosmer Herrera","Tiempo estimado de lectura":"2 minutos"},"schema":{"@context":"https:\/\/schema.org","@graph":[{"@type":"Article","@id":"https:\/\/noti-america.com\/site\/venezuela\/2021\/05\/19\/lasso-y-danna-paola-estrenan-ladrones\/#article","isPartOf":{"@id":"https:\/\/noti-america.com\/site\/venezuela\/2021\/05\/19\/lasso-y-danna-paola-estrenan-ladrones\/"},"author":{"name":"Rosmer Herrera","@id":"https:\/\/noti-america.com\/site\/venezuela\/#\/schema\/person\/fd58dbfb92a257e9dc5761bf69a855ff"},"headline":"LASSO Y DANNA PAOLA ESTRENAN \u201cLADRONES\u201d","datePublished":"2021-05-19T04:00:48+00:00","mainEntityOfPage":{"@id":"https:\/\/noti-america.com\/site\/venezuela\/2021\/05\/19\/lasso-y-danna-paola-estrenan-ladrones\/"},"wordCount":417,"commentCount":0,"publisher":{"@id":"https:\/\/noti-america.com\/site\/venezuela\/#organization"},"image":{"@id":"https:\/\/noti-america.com\/site\/venezuela\/2021\/05\/19\/lasso-y-danna-paola-estrenan-ladrones\/#primaryimage"},"thumbnailUrl":"https:\/\/noti-america.com\/site\/venezuela\/wp-content\/uploads\/sites\/2\/2021\/05\/1621391378604_1621391375243_Lasso-y-Danna-Paola.png","articleSection":["Arte y Espect\u00e1culos","M\u00fasica","Venezuela"],"inLanguage":"es","potentialAction":[{"@type":"CommentAction","name":"Comment","target":["https:\/\/noti-america.com\/site\/venezuela\/2021\/05\/19\/lasso-y-danna-paola-estrenan-ladrones\/#respond"]}]},{"@type":"WebPage","@id":"https:\/\/noti-america.com\/site\/venezuela\/2021\/05\/19\/lasso-y-danna-paola-estrenan-ladrones\/","url":"https:\/\/noti-america.com\/site\/venezuela\/2021\/05\/19\/lasso-y-danna-paola-estrenan-ladrones\/","name":"LASSO Y DANNA PAOLA ESTRENAN \u201cLADRONES\u201d - Venezuela | Noti-America.com","isPartOf":{"@id":"https:\/\/noti-america.com\/site\/venezuela\/#website"},"primaryImageOfPage":{"@id":"https:\/\/noti-america.com\/site\/venezuela\/2021\/05\/19\/lasso-y-danna-paola-estrenan-ladrones\/#primaryimage"},"image":{"@id":"https:\/\/noti-america.com\/site\/venezuela\/2021\/05\/19\/lasso-y-danna-paola-estrenan-ladrones\/#primaryimage"},"thumbnailUrl":"https:\/\/noti-america.com\/site\/venezuela\/wp-content\/uploads\/sites\/2\/2021\/05\/1621391378604_1621391375243_Lasso-y-Danna-Paola.png","datePublished":"2021-05-19T04:00:48+00:00","breadcrumb":{"@id":"https:\/\/noti-america.com\/site\/venezuela\/2021\/05\/19\/lasso-y-danna-paola-estrenan-ladrones\/#breadcrumb"},"inLanguage":"es","potentialAction":[{"@type":"ReadAction","target":["https:\/\/noti-america.com\/site\/venezuela\/2021\/05\/19\/lasso-y-danna-paola-estrenan-ladrones\/"]}]},{"@type":"ImageObject","inLanguage":"es","@id":"https:\/\/noti-america.com\/site\/venezuela\/2021\/05\/19\/lasso-y-danna-paola-estrenan-ladrones\/#primaryimage","url":"https:\/\/noti-america.com\/site\/venezuela\/wp-content\/uploads\/sites\/2\/2021\/05\/1621391378604_1621391375243_Lasso-y-Danna-Paola.png","contentUrl":"https:\/\/noti-america.com\/site\/venezuela\/wp-content\/uploads\/sites\/2\/2021\/05\/1621391378604_1621391375243_Lasso-y-Danna-Paola.png","width":631,"height":631},{"@type":"BreadcrumbList","@id":"https:\/\/noti-america.com\/site\/venezuela\/2021\/05\/19\/lasso-y-danna-paola-estrenan-ladrones\/#breadcrumb","itemListElement":[{"@type":"ListItem","position":1,"name":"Portada","item":"https:\/\/noti-america.com\/site\/venezuela\/"},{"@type":"ListItem","position":2,"name":"LASSO Y DANNA PAOLA ESTRENAN \u201cLADRONES\u201d"}]},{"@type":"WebSite","@id":"https:\/\/noti-america.com\/site\/venezuela\/#website","url":"https:\/\/noti-america.com\/site\/venezuela\/","name":"Venezuela | Noti-America.com","description":"","publisher":{"@id":"https:\/\/noti-america.com\/site\/venezuela\/#organization"},"potentialAction":[{"@type":"SearchAction","target":{"@type":"EntryPoint","urlTemplate":"https:\/\/noti-america.com\/site\/venezuela\/?s={search_term_string}"},"query-input":{"@type":"PropertyValueSpecification","valueRequired":true,"valueName":"search_term_string"}}],"inLanguage":"es"},{"@type":"Organization","@id":"https:\/\/noti-america.com\/site\/venezuela\/#organization","name":"Noti-America LLC | Venezuela","url":"https:\/\/noti-america.com\/site\/venezuela\/","logo":{"@type":"ImageObject","inLanguage":"es","@id":"https:\/\/noti-america.com\/site\/venezuela\/#\/schema\/logo\/image\/","url":"https:\/\/noti-america.com\/site\/venezuela\/wp-content\/uploads\/sites\/2\/2020\/07\/LogoNA-4x3-1.jpg","contentUrl":"https:\/\/noti-america.com\/site\/venezuela\/wp-content\/uploads\/sites\/2\/2020\/07\/LogoNA-4x3-1.jpg","width":1236,"height":1080,"caption":"Noti-America LLC | Venezuela"},"image":{"@id":"https:\/\/noti-america.com\/site\/venezuela\/#\/schema\/logo\/image\/"}},{"@type":"Person","@id":"https:\/\/noti-america.com\/site\/venezuela\/#\/schema\/person\/fd58dbfb92a257e9dc5761bf69a855ff","name":"Rosmer Herrera","image":{"@type":"ImageObject","inLanguage":"es","@id":"https:\/\/secure.gravatar.com\/avatar\/153e75c261394dbf20ff1a1e70ea2be9494f2b40b7fc4e7704084db13220ae08?s=96&d=mm&r=g","url":"https:\/\/secure.gravatar.com\/avatar\/153e75c261394dbf20ff1a1e70ea2be9494f2b40b7fc4e7704084db13220ae08?s=96&d=mm&r=g","contentUrl":"https:\/\/secure.gravatar.com\/avatar\/153e75c261394dbf20ff1a1e70ea2be9494f2b40b7fc4e7704084db13220ae08?s=96&d=mm&r=g","caption":"Rosmer Herrera"},"url":"https:\/\/noti-america.com\/site\/venezuela\/author\/rosmer33\/"}]}},"_links":{"self":[{"href":"https:\/\/noti-america.com\/site\/venezuela\/wp-json\/wp\/v2\/posts\/14901","targetHints":{"allow":["GET"]}}],"collection":[{"href":"https:\/\/noti-america.com\/site\/venezuela\/wp-json\/wp\/v2\/posts"}],"about":[{"href":"https:\/\/noti-america.com\/site\/venezuela\/wp-json\/wp\/v2\/types\/post"}],"author":[{"embeddable":true,"href":"https:\/\/noti-america.com\/site\/venezuela\/wp-json\/wp\/v2\/users\/1"}],"replies":[{"embeddable":true,"href":"https:\/\/noti-america.com\/site\/venezuela\/wp-json\/wp\/v2\/comments?post=14901"}],"version-history":[{"count":1,"href":"https:\/\/noti-america.com\/site\/venezuela\/wp-json\/wp\/v2\/posts\/14901\/revisions"}],"predecessor-version":[{"id":14904,"href":"https:\/\/noti-america.com\/site\/venezuela\/wp-json\/wp\/v2\/posts\/14901\/revisions\/14904"}],"wp:featuredmedia":[{"embeddable":true,"href":"https:\/\/noti-america.com\/site\/venezuela\/wp-json\/wp\/v2\/media\/14902"}],"wp:attachment":[{"href":"https:\/\/noti-america.com\/site\/venezuela\/wp-json\/wp\/v2\/media?parent=14901"}],"wp:term":[{"taxonomy":"category","embeddable":true,"href":"https:\/\/noti-america.com\/site\/venezuela\/wp-json\/wp\/v2\/categories?post=14901"},{"taxonomy":"post_tag","embeddable":true,"href":"https:\/\/noti-america.com\/site\/venezuela\/wp-json\/wp\/v2\/tags?post=14901"}],"curies":[{"name":"wp","href":"https:\/\/api.w.org\/{rel}","templated":true}]}}