{"id":14813,"date":"2021-05-13T05:57:55","date_gmt":"2021-05-13T05:57:55","guid":{"rendered":"https:\/\/noti-america.com\/site\/venezuela\/2021\/05\/13\/disenadora-liliana-carmona-se-une-a-dos-artistas-para-impulsar-el-emprendimiento-2\/"},"modified":"2021-05-13T09:58:04","modified_gmt":"2021-05-13T09:58:04","slug":"disenadora-liliana-carmona-se-une-a-dos-artistas-para-impulsar-el-emprendimiento-2","status":"publish","type":"post","link":"https:\/\/noti-america.com\/site\/venezuela\/2021\/05\/13\/disenadora-liliana-carmona-se-une-a-dos-artistas-para-impulsar-el-emprendimiento-2\/","title":{"rendered":"Dise\u00f1adora Liliana Carmona se une a dos artistas para impulsar el emprendimiento"},"content":{"rendered":"<div class=\"gs\">\n<div class=\"\">\n<div id=\":zn\" class=\"ii gt\">\n<div id=\":vo\" class=\"a3s aiL \">\n<div dir=\"ltr\">\n<div dir=\"auto\">\n<div dir=\"ltr\">\n<div>Con 14 a\u00f1os de trayectoria en el mercado venezolano, la empresaria oriunda del estado Carabobo, Liliana Carmona @lcbottier, decidi\u00f3 por primera vez involucrar a otras artistas en el proceso de creaci\u00f3n de sus dise\u00f1os.<\/div>\n<div><\/div>\n<div>Este 2021 Carmona quiso despertar la musa de gente creativa que ha estado en pausa debido a la situaci\u00f3n pa\u00eds y a la pandemia del covid-19 y as\u00ed unir el talento de todas para impulsar el dise\u00f1o nacional.<\/div>\n<div><\/div>\n<div>La nueva colecci\u00f3n de LC Bottier \u00abArt Collection\u00bb cuenta con el apoyo creativo de la artista Armary Prado y la dise\u00f1adora de joyas y fantas\u00eda Macarena Ju\u00e1rez, quienes aportaron sus ideas y arte para que hoy la mujer hispana pueda apreciar y usar una cartera como una obra de arte que lleva el sello de tres artistas venezolanas.<\/div>\n<div><\/div>\n<div>\u00abComo microempresaria venezolana he pasado por muchas vicisitudes e inconvenientes que me han hecho aprender. Por eso quise proponerles esta uni\u00f3n a Armary y Macarena y guiarlas para que sigan apostando en su emprendimiento y se conecten con su pasi\u00f3n\u00bb, expres\u00f3 Liliana Carmona.<\/div>\n<div><\/div>\n<div>La artista Armary Prado @abautmi se destaca en pintar ropa, accesorios y objetos, por lo que Liliana la llam\u00f3 para unir fuerzas y le propuso que pintara las carteras de su nueva colecci\u00f3n \u00abpara darle color y vida\u00bb.<\/div>\n<div><\/div>\n<div>\u00abEsta idea de pintar mis carteras impuls\u00f3 a Armary a hacer algo diferente, fue un reto. Mis carteras hoy son distintas a como las ven\u00eda haciendo gracias al talento y apoyo de Armary Prado\u00bb.<\/div>\n<div><\/div>\n<div>En el caso de la dise\u00f1adora de joyas y fantas\u00eda Macarena Ju\u00e1rez @makyjuarez08\u00a0 su aporte fue darle vida a la representaci\u00f3n gr\u00e1fica de la marca LC Bottier, \u00abella realiz\u00f3 mi isologo en acr\u00edlico color dorado, lo que le otorg\u00f3 m\u00e1s relevancia y estilismo a las carteras de la colecci\u00f3n\u00bb.<\/div>\n<div><\/div>\n<div>Sobre \u00abArt Collection\u00bb de LC Bottier, la dise\u00f1adora coment\u00f3 que las carteras est\u00e1n elaboradas de un material resistente lo que las hace duraderas, vers\u00e1tiles y c\u00f3modas. Un dato importante es que cada pieza es \u00fanica y limitada \u00abcada cartera es original porque cada una es pintada seg\u00fan la esencia del momento\u00bb.<\/div>\n<div><\/div>\n<div>\u00abQuiero que la persona que use la cartera sepa que est\u00e1 llevando una obra de arte en su hombro\u00bb, afirm\u00f3 Liliana.<\/div>\n<div><\/div>\n<div>Asimismo, detall\u00f3 que la\u00a0colecci\u00f3n la conforman dos modelos de cartera; la tote bag y la ri\u00f1onera. Esta \u00faltima es un accesorio realmente c\u00f3modo que va en la cintura, de tama\u00f1o peque\u00f1o para salir de la casa con lo esencial.<\/div>\n<div><\/div>\n<div>\u00abDurante estos momentos de pandemia tenemos que seguir conect\u00e1ndonos con nuestro ser y lo que sabemos hacer,\u00a0unir fuerzas y crear nuevos mercados\u00bb.<\/div>\n<div><\/div>\n<div>Estas son las primeras piezas de la colecci\u00f3n ya que en las pr\u00f3ximas semanas Liliana Carmona agregar\u00e1 sandalias y botas bajo este mismo estilo colorido y en alianza con Armary\u00a0y Macarena.<\/div>\n<div><\/div>\n<div>Para Liliana Carmona ofrecer su experiencia a otros no es algo nuevo, a trav\u00e9s de su espacio radial tambi\u00e9n se dedica a dar consejos que puedan alivianar el proceso de emprender de las personas que tomen este arriesgado pero fascinante camino.<\/div>\n<div class=\"yj6qo\"><\/div>\n<div class=\"adL\"><\/div>\n<div class=\"adL\" dir=\"auto\"><\/div>\n<div class=\"adL\"><\/div>\n<\/div>\n<\/div>\n<div class=\"adL\"><\/div>\n<\/div>\n<div class=\"adL\"><\/div>\n<\/div>\n<\/div>\n<div id=\":126\" class=\"hq gt\">\n<div class=\"hp\"><\/div>\n<div id=\":125\" class=\"ho\"><span class=\"aVW\"><span id=\":122\">12<\/span>\u00a0archivos adjuntos<\/span><\/p>\n<div class=\"aZi J-J5-Ji\">\n<div id=\":11x\" class=\"T-I J-J5-Ji aZj T-I-ax7 T-I-Js-IF L3\" role=\"button\" aria-label=\"Descargar todos los archivos adjuntos\" data-tooltip=\"Descargar todos los archivos adjuntos\">\n<div class=\"asa\">\n<div class=\"aZh T-I-J3 J-J5-Ji\"><\/div>\n<\/div>\n<div class=\"a3I\"><\/div>\n<\/div>\n<div id=\":11w\" class=\"T-I J-J5-Ji aZj T-I-ax7 T-I-Js-Gs L3\" role=\"button\" aria-label=\"A\u00f1adirlo todo a Drive\" data-tooltip=\"A\u00f1adirlo todo a Drive\">\n<div class=\"asa\">\n<div class=\"XF T-I-J3 J-J5-Ji\">\n<div class=\"T-aT4\">\n<div><\/div>\n<div class=\"T-aT4-JX\"><\/div>\n<\/div>\n<\/div>\n<\/div>\n<div class=\"a3I\"><\/div>\n<\/div>\n<\/div>\n<\/div>\n<div id=\":123\"><\/div>\n<div id=\":124\" class=\"aQH\">\n<div class=\"aZK\"><\/div>\n<\/div>\n<\/div>\n<div class=\"hi\"><\/div>\n<\/div>\n<\/div>\n","protected":false},"excerpt":{"rendered":"<p>Con 14 a\u00f1os de trayectoria en el mercado venezolano, la empresaria oriunda del estado Carabobo, Liliana Carmona @lcbottier, decidi\u00f3 por primera vez involucrar a otras artistas en el proceso de creaci\u00f3n de sus dise\u00f1os.&#46;&#46;&#46;<\/p>\n","protected":false},"author":115,"featured_media":14814,"comment_status":"open","ping_status":"open","sticky":false,"template":"","format":"standard","meta":{"_acf_changed":false,"om_disable_all_campaigns":false,"rop_custom_images_group":[],"rop_custom_messages_group":[],"rop_publish_now":"initial","rop_publish_now_accounts":{"twitter_242054905_242054905":""},"rop_publish_now_history":[],"rop_publish_now_status":"pending","_uf_show_specific_survey":0,"_uf_disable_surveys":false,"footnotes":""},"categories":[8],"tags":[237],"class_list":["post-14813","post","type-post","status-publish","format-standard","has-post-thumbnail","hentry","category-arte-y-espectaculos","tag-portada"],"acf":[],"aioseo_notices":[],"yoast_head":"<!-- This site is optimized with the Yoast SEO Premium plugin v24.9 (Yoast SEO v27.2) - https:\/\/yoast.com\/product\/yoast-seo-premium-wordpress\/ -->\n<title>Dise\u00f1adora Liliana Carmona se une a dos artistas para impulsar el emprendimiento - Venezuela | Noti-America.com<\/title>\n<meta name=\"robots\" content=\"index, follow, max-snippet:-1, max-image-preview:large, max-video-preview:-1\" \/>\n<link rel=\"canonical\" href=\"https:\/\/noti-america.com\/site\/venezuela\/2021\/05\/13\/disenadora-liliana-carmona-se-une-a-dos-artistas-para-impulsar-el-emprendimiento-2\/\" \/>\n<meta property=\"og:locale\" content=\"es_ES\" \/>\n<meta property=\"og:type\" content=\"article\" \/>\n<meta property=\"og:title\" content=\"Dise\u00f1adora Liliana Carmona se une a dos artistas para impulsar el emprendimiento\" \/>\n<meta property=\"og:description\" content=\"Con 14 a\u00f1os de trayectoria en el mercado venezolano, la empresaria oriunda del estado Carabobo, Liliana Carmona @lcbottier, decidi\u00f3 por primera vez involucrar a otras artistas en el proceso de creaci\u00f3n de sus dise\u00f1os.&#046;&#046;&#046;\" \/>\n<meta property=\"og:url\" content=\"https:\/\/noti-america.com\/site\/venezuela\/2021\/05\/13\/disenadora-liliana-carmona-se-une-a-dos-artistas-para-impulsar-el-emprendimiento-2\/\" \/>\n<meta property=\"og:site_name\" content=\"Venezuela | Noti-America.com\" \/>\n<meta property=\"article:published_time\" content=\"2021-05-13T05:57:55+00:00\" \/>\n<meta property=\"article:modified_time\" content=\"2021-05-13T09:58:04+00:00\" \/>\n<meta property=\"og:image\" content=\"https:\/\/noti-america.com\/site\/venezuela\/wp-content\/uploads\/sites\/2\/2021\/05\/IMG-20210428-WA0134.jpg\" \/>\n\t<meta property=\"og:image:width\" content=\"810\" \/>\n\t<meta property=\"og:image:height\" content=\"1080\" \/>\n\t<meta property=\"og:image:type\" content=\"image\/jpeg\" \/>\n<meta name=\"author\" content=\"Yorvis Chirinos\" \/>\n<meta name=\"twitter:card\" content=\"summary_large_image\" \/>\n<meta name=\"twitter:label1\" content=\"Escrito por\" \/>\n\t<meta name=\"twitter:data1\" content=\"Yorvis Chirinos\" \/>\n\t<meta name=\"twitter:label2\" content=\"Tiempo estimado de lectura\" \/>\n\t<meta name=\"twitter:data2\" content=\"3 minutos\" \/>\n<script type=\"application\/ld+json\" class=\"yoast-schema-graph\">{\"@context\":\"https:\/\/schema.org\",\"@graph\":[{\"@type\":\"Article\",\"@id\":\"https:\/\/noti-america.com\/site\/venezuela\/2021\/05\/13\/disenadora-liliana-carmona-se-une-a-dos-artistas-para-impulsar-el-emprendimiento-2\/#article\",\"isPartOf\":{\"@id\":\"https:\/\/noti-america.com\/site\/venezuela\/2021\/05\/13\/disenadora-liliana-carmona-se-une-a-dos-artistas-para-impulsar-el-emprendimiento-2\/\"},\"author\":{\"name\":\"Yorvis Chirinos\",\"@id\":\"https:\/\/noti-america.com\/site\/venezuela\/#\/schema\/person\/e26605061ce4ac6a4c3950ac2214c88d\"},\"headline\":\"Dise\u00f1adora Liliana Carmona se une a dos artistas para impulsar el emprendimiento\",\"datePublished\":\"2021-05-13T05:57:55+00:00\",\"dateModified\":\"2021-05-13T09:58:04+00:00\",\"mainEntityOfPage\":{\"@id\":\"https:\/\/noti-america.com\/site\/venezuela\/2021\/05\/13\/disenadora-liliana-carmona-se-une-a-dos-artistas-para-impulsar-el-emprendimiento-2\/\"},\"wordCount\":552,\"commentCount\":0,\"publisher\":{\"@id\":\"https:\/\/noti-america.com\/site\/venezuela\/#organization\"},\"image\":{\"@id\":\"https:\/\/noti-america.com\/site\/venezuela\/2021\/05\/13\/disenadora-liliana-carmona-se-une-a-dos-artistas-para-impulsar-el-emprendimiento-2\/#primaryimage\"},\"thumbnailUrl\":\"https:\/\/noti-america.com\/site\/venezuela\/wp-content\/uploads\/sites\/2\/2021\/05\/IMG-20210428-WA0134.jpg\",\"keywords\":[\"portada\"],\"articleSection\":[\"Arte y Espect\u00e1culos\"],\"inLanguage\":\"es\",\"potentialAction\":[{\"@type\":\"CommentAction\",\"name\":\"Comment\",\"target\":[\"https:\/\/noti-america.com\/site\/venezuela\/2021\/05\/13\/disenadora-liliana-carmona-se-une-a-dos-artistas-para-impulsar-el-emprendimiento-2\/#respond\"]}]},{\"@type\":\"WebPage\",\"@id\":\"https:\/\/noti-america.com\/site\/venezuela\/2021\/05\/13\/disenadora-liliana-carmona-se-une-a-dos-artistas-para-impulsar-el-emprendimiento-2\/\",\"url\":\"https:\/\/noti-america.com\/site\/venezuela\/2021\/05\/13\/disenadora-liliana-carmona-se-une-a-dos-artistas-para-impulsar-el-emprendimiento-2\/\",\"name\":\"Dise\u00f1adora Liliana Carmona se une a dos artistas para impulsar el emprendimiento - Venezuela | Noti-America.com\",\"isPartOf\":{\"@id\":\"https:\/\/noti-america.com\/site\/venezuela\/#website\"},\"primaryImageOfPage\":{\"@id\":\"https:\/\/noti-america.com\/site\/venezuela\/2021\/05\/13\/disenadora-liliana-carmona-se-une-a-dos-artistas-para-impulsar-el-emprendimiento-2\/#primaryimage\"},\"image\":{\"@id\":\"https:\/\/noti-america.com\/site\/venezuela\/2021\/05\/13\/disenadora-liliana-carmona-se-une-a-dos-artistas-para-impulsar-el-emprendimiento-2\/#primaryimage\"},\"thumbnailUrl\":\"https:\/\/noti-america.com\/site\/venezuela\/wp-content\/uploads\/sites\/2\/2021\/05\/IMG-20210428-WA0134.jpg\",\"datePublished\":\"2021-05-13T05:57:55+00:00\",\"dateModified\":\"2021-05-13T09:58:04+00:00\",\"breadcrumb\":{\"@id\":\"https:\/\/noti-america.com\/site\/venezuela\/2021\/05\/13\/disenadora-liliana-carmona-se-une-a-dos-artistas-para-impulsar-el-emprendimiento-2\/#breadcrumb\"},\"inLanguage\":\"es\",\"potentialAction\":[{\"@type\":\"ReadAction\",\"target\":[\"https:\/\/noti-america.com\/site\/venezuela\/2021\/05\/13\/disenadora-liliana-carmona-se-une-a-dos-artistas-para-impulsar-el-emprendimiento-2\/\"]}]},{\"@type\":\"ImageObject\",\"inLanguage\":\"es\",\"@id\":\"https:\/\/noti-america.com\/site\/venezuela\/2021\/05\/13\/disenadora-liliana-carmona-se-une-a-dos-artistas-para-impulsar-el-emprendimiento-2\/#primaryimage\",\"url\":\"https:\/\/noti-america.com\/site\/venezuela\/wp-content\/uploads\/sites\/2\/2021\/05\/IMG-20210428-WA0134.jpg\",\"contentUrl\":\"https:\/\/noti-america.com\/site\/venezuela\/wp-content\/uploads\/sites\/2\/2021\/05\/IMG-20210428-WA0134.jpg\",\"width\":810,\"height\":1080},{\"@type\":\"BreadcrumbList\",\"@id\":\"https:\/\/noti-america.com\/site\/venezuela\/2021\/05\/13\/disenadora-liliana-carmona-se-une-a-dos-artistas-para-impulsar-el-emprendimiento-2\/#breadcrumb\",\"itemListElement\":[{\"@type\":\"ListItem\",\"position\":1,\"name\":\"Portada\",\"item\":\"https:\/\/noti-america.com\/site\/venezuela\/\"},{\"@type\":\"ListItem\",\"position\":2,\"name\":\"Dise\u00f1adora Liliana Carmona se une a dos artistas para impulsar el emprendimiento\"}]},{\"@type\":\"WebSite\",\"@id\":\"https:\/\/noti-america.com\/site\/venezuela\/#website\",\"url\":\"https:\/\/noti-america.com\/site\/venezuela\/\",\"name\":\"Venezuela | Noti-America.com\",\"description\":\"\",\"publisher\":{\"@id\":\"https:\/\/noti-america.com\/site\/venezuela\/#organization\"},\"potentialAction\":[{\"@type\":\"SearchAction\",\"target\":{\"@type\":\"EntryPoint\",\"urlTemplate\":\"https:\/\/noti-america.com\/site\/venezuela\/?s={search_term_string}\"},\"query-input\":{\"@type\":\"PropertyValueSpecification\",\"valueRequired\":true,\"valueName\":\"search_term_string\"}}],\"inLanguage\":\"es\"},{\"@type\":\"Organization\",\"@id\":\"https:\/\/noti-america.com\/site\/venezuela\/#organization\",\"name\":\"Noti-America LLC | Venezuela\",\"url\":\"https:\/\/noti-america.com\/site\/venezuela\/\",\"logo\":{\"@type\":\"ImageObject\",\"inLanguage\":\"es\",\"@id\":\"https:\/\/noti-america.com\/site\/venezuela\/#\/schema\/logo\/image\/\",\"url\":\"https:\/\/noti-america.com\/site\/venezuela\/wp-content\/uploads\/sites\/2\/2020\/07\/LogoNA-4x3-1.jpg\",\"contentUrl\":\"https:\/\/noti-america.com\/site\/venezuela\/wp-content\/uploads\/sites\/2\/2020\/07\/LogoNA-4x3-1.jpg\",\"width\":1236,\"height\":1080,\"caption\":\"Noti-America LLC | Venezuela\"},\"image\":{\"@id\":\"https:\/\/noti-america.com\/site\/venezuela\/#\/schema\/logo\/image\/\"}},{\"@type\":\"Person\",\"@id\":\"https:\/\/noti-america.com\/site\/venezuela\/#\/schema\/person\/e26605061ce4ac6a4c3950ac2214c88d\",\"name\":\"Yorvis Chirinos\",\"image\":{\"@type\":\"ImageObject\",\"inLanguage\":\"es\",\"@id\":\"https:\/\/secure.gravatar.com\/avatar\/0a7b4fc99f07257186745713daa39781b31793a8e9a3284f87c9c220d1bfbd94?s=96&d=mm&r=g\",\"url\":\"https:\/\/secure.gravatar.com\/avatar\/0a7b4fc99f07257186745713daa39781b31793a8e9a3284f87c9c220d1bfbd94?s=96&d=mm&r=g\",\"contentUrl\":\"https:\/\/secure.gravatar.com\/avatar\/0a7b4fc99f07257186745713daa39781b31793a8e9a3284f87c9c220d1bfbd94?s=96&d=mm&r=g\",\"caption\":\"Yorvis Chirinos\"},\"url\":\"https:\/\/noti-america.com\/site\/venezuela\/author\/ychirinos\/\"}]}<\/script>\n<!-- \/ Yoast SEO Premium plugin. -->","yoast_head_json":{"title":"Dise\u00f1adora Liliana Carmona se une a dos artistas para impulsar el emprendimiento - Venezuela | Noti-America.com","robots":{"index":"index","follow":"follow","max-snippet":"max-snippet:-1","max-image-preview":"max-image-preview:large","max-video-preview":"max-video-preview:-1"},"canonical":"https:\/\/noti-america.com\/site\/venezuela\/2021\/05\/13\/disenadora-liliana-carmona-se-une-a-dos-artistas-para-impulsar-el-emprendimiento-2\/","og_locale":"es_ES","og_type":"article","og_title":"Dise\u00f1adora Liliana Carmona se une a dos artistas para impulsar el emprendimiento","og_description":"Con 14 a\u00f1os de trayectoria en el mercado venezolano, la empresaria oriunda del estado Carabobo, Liliana Carmona @lcbottier, decidi\u00f3 por primera vez involucrar a otras artistas en el proceso de creaci\u00f3n de sus dise\u00f1os.&#46;&#46;&#46;","og_url":"https:\/\/noti-america.com\/site\/venezuela\/2021\/05\/13\/disenadora-liliana-carmona-se-une-a-dos-artistas-para-impulsar-el-emprendimiento-2\/","og_site_name":"Venezuela | Noti-America.com","article_published_time":"2021-05-13T05:57:55+00:00","article_modified_time":"2021-05-13T09:58:04+00:00","og_image":[{"width":810,"height":1080,"url":"https:\/\/noti-america.com\/site\/venezuela\/wp-content\/uploads\/sites\/2\/2021\/05\/IMG-20210428-WA0134.jpg","type":"image\/jpeg"}],"author":"Yorvis Chirinos","twitter_card":"summary_large_image","twitter_misc":{"Escrito por":"Yorvis Chirinos","Tiempo estimado de lectura":"3 minutos"},"schema":{"@context":"https:\/\/schema.org","@graph":[{"@type":"Article","@id":"https:\/\/noti-america.com\/site\/venezuela\/2021\/05\/13\/disenadora-liliana-carmona-se-une-a-dos-artistas-para-impulsar-el-emprendimiento-2\/#article","isPartOf":{"@id":"https:\/\/noti-america.com\/site\/venezuela\/2021\/05\/13\/disenadora-liliana-carmona-se-une-a-dos-artistas-para-impulsar-el-emprendimiento-2\/"},"author":{"name":"Yorvis Chirinos","@id":"https:\/\/noti-america.com\/site\/venezuela\/#\/schema\/person\/e26605061ce4ac6a4c3950ac2214c88d"},"headline":"Dise\u00f1adora Liliana Carmona se une a dos artistas para impulsar el emprendimiento","datePublished":"2021-05-13T05:57:55+00:00","dateModified":"2021-05-13T09:58:04+00:00","mainEntityOfPage":{"@id":"https:\/\/noti-america.com\/site\/venezuela\/2021\/05\/13\/disenadora-liliana-carmona-se-une-a-dos-artistas-para-impulsar-el-emprendimiento-2\/"},"wordCount":552,"commentCount":0,"publisher":{"@id":"https:\/\/noti-america.com\/site\/venezuela\/#organization"},"image":{"@id":"https:\/\/noti-america.com\/site\/venezuela\/2021\/05\/13\/disenadora-liliana-carmona-se-une-a-dos-artistas-para-impulsar-el-emprendimiento-2\/#primaryimage"},"thumbnailUrl":"https:\/\/noti-america.com\/site\/venezuela\/wp-content\/uploads\/sites\/2\/2021\/05\/IMG-20210428-WA0134.jpg","keywords":["portada"],"articleSection":["Arte y Espect\u00e1culos"],"inLanguage":"es","potentialAction":[{"@type":"CommentAction","name":"Comment","target":["https:\/\/noti-america.com\/site\/venezuela\/2021\/05\/13\/disenadora-liliana-carmona-se-une-a-dos-artistas-para-impulsar-el-emprendimiento-2\/#respond"]}]},{"@type":"WebPage","@id":"https:\/\/noti-america.com\/site\/venezuela\/2021\/05\/13\/disenadora-liliana-carmona-se-une-a-dos-artistas-para-impulsar-el-emprendimiento-2\/","url":"https:\/\/noti-america.com\/site\/venezuela\/2021\/05\/13\/disenadora-liliana-carmona-se-une-a-dos-artistas-para-impulsar-el-emprendimiento-2\/","name":"Dise\u00f1adora Liliana Carmona se une a dos artistas para impulsar el emprendimiento - Venezuela | Noti-America.com","isPartOf":{"@id":"https:\/\/noti-america.com\/site\/venezuela\/#website"},"primaryImageOfPage":{"@id":"https:\/\/noti-america.com\/site\/venezuela\/2021\/05\/13\/disenadora-liliana-carmona-se-une-a-dos-artistas-para-impulsar-el-emprendimiento-2\/#primaryimage"},"image":{"@id":"https:\/\/noti-america.com\/site\/venezuela\/2021\/05\/13\/disenadora-liliana-carmona-se-une-a-dos-artistas-para-impulsar-el-emprendimiento-2\/#primaryimage"},"thumbnailUrl":"https:\/\/noti-america.com\/site\/venezuela\/wp-content\/uploads\/sites\/2\/2021\/05\/IMG-20210428-WA0134.jpg","datePublished":"2021-05-13T05:57:55+00:00","dateModified":"2021-05-13T09:58:04+00:00","breadcrumb":{"@id":"https:\/\/noti-america.com\/site\/venezuela\/2021\/05\/13\/disenadora-liliana-carmona-se-une-a-dos-artistas-para-impulsar-el-emprendimiento-2\/#breadcrumb"},"inLanguage":"es","potentialAction":[{"@type":"ReadAction","target":["https:\/\/noti-america.com\/site\/venezuela\/2021\/05\/13\/disenadora-liliana-carmona-se-une-a-dos-artistas-para-impulsar-el-emprendimiento-2\/"]}]},{"@type":"ImageObject","inLanguage":"es","@id":"https:\/\/noti-america.com\/site\/venezuela\/2021\/05\/13\/disenadora-liliana-carmona-se-une-a-dos-artistas-para-impulsar-el-emprendimiento-2\/#primaryimage","url":"https:\/\/noti-america.com\/site\/venezuela\/wp-content\/uploads\/sites\/2\/2021\/05\/IMG-20210428-WA0134.jpg","contentUrl":"https:\/\/noti-america.com\/site\/venezuela\/wp-content\/uploads\/sites\/2\/2021\/05\/IMG-20210428-WA0134.jpg","width":810,"height":1080},{"@type":"BreadcrumbList","@id":"https:\/\/noti-america.com\/site\/venezuela\/2021\/05\/13\/disenadora-liliana-carmona-se-une-a-dos-artistas-para-impulsar-el-emprendimiento-2\/#breadcrumb","itemListElement":[{"@type":"ListItem","position":1,"name":"Portada","item":"https:\/\/noti-america.com\/site\/venezuela\/"},{"@type":"ListItem","position":2,"name":"Dise\u00f1adora Liliana Carmona se une a dos artistas para impulsar el emprendimiento"}]},{"@type":"WebSite","@id":"https:\/\/noti-america.com\/site\/venezuela\/#website","url":"https:\/\/noti-america.com\/site\/venezuela\/","name":"Venezuela | Noti-America.com","description":"","publisher":{"@id":"https:\/\/noti-america.com\/site\/venezuela\/#organization"},"potentialAction":[{"@type":"SearchAction","target":{"@type":"EntryPoint","urlTemplate":"https:\/\/noti-america.com\/site\/venezuela\/?s={search_term_string}"},"query-input":{"@type":"PropertyValueSpecification","valueRequired":true,"valueName":"search_term_string"}}],"inLanguage":"es"},{"@type":"Organization","@id":"https:\/\/noti-america.com\/site\/venezuela\/#organization","name":"Noti-America LLC | Venezuela","url":"https:\/\/noti-america.com\/site\/venezuela\/","logo":{"@type":"ImageObject","inLanguage":"es","@id":"https:\/\/noti-america.com\/site\/venezuela\/#\/schema\/logo\/image\/","url":"https:\/\/noti-america.com\/site\/venezuela\/wp-content\/uploads\/sites\/2\/2020\/07\/LogoNA-4x3-1.jpg","contentUrl":"https:\/\/noti-america.com\/site\/venezuela\/wp-content\/uploads\/sites\/2\/2020\/07\/LogoNA-4x3-1.jpg","width":1236,"height":1080,"caption":"Noti-America LLC | Venezuela"},"image":{"@id":"https:\/\/noti-america.com\/site\/venezuela\/#\/schema\/logo\/image\/"}},{"@type":"Person","@id":"https:\/\/noti-america.com\/site\/venezuela\/#\/schema\/person\/e26605061ce4ac6a4c3950ac2214c88d","name":"Yorvis Chirinos","image":{"@type":"ImageObject","inLanguage":"es","@id":"https:\/\/secure.gravatar.com\/avatar\/0a7b4fc99f07257186745713daa39781b31793a8e9a3284f87c9c220d1bfbd94?s=96&d=mm&r=g","url":"https:\/\/secure.gravatar.com\/avatar\/0a7b4fc99f07257186745713daa39781b31793a8e9a3284f87c9c220d1bfbd94?s=96&d=mm&r=g","contentUrl":"https:\/\/secure.gravatar.com\/avatar\/0a7b4fc99f07257186745713daa39781b31793a8e9a3284f87c9c220d1bfbd94?s=96&d=mm&r=g","caption":"Yorvis Chirinos"},"url":"https:\/\/noti-america.com\/site\/venezuela\/author\/ychirinos\/"}]}},"_links":{"self":[{"href":"https:\/\/noti-america.com\/site\/venezuela\/wp-json\/wp\/v2\/posts\/14813","targetHints":{"allow":["GET"]}}],"collection":[{"href":"https:\/\/noti-america.com\/site\/venezuela\/wp-json\/wp\/v2\/posts"}],"about":[{"href":"https:\/\/noti-america.com\/site\/venezuela\/wp-json\/wp\/v2\/types\/post"}],"author":[{"embeddable":true,"href":"https:\/\/noti-america.com\/site\/venezuela\/wp-json\/wp\/v2\/users\/115"}],"replies":[{"embeddable":true,"href":"https:\/\/noti-america.com\/site\/venezuela\/wp-json\/wp\/v2\/comments?post=14813"}],"version-history":[{"count":1,"href":"https:\/\/noti-america.com\/site\/venezuela\/wp-json\/wp\/v2\/posts\/14813\/revisions"}],"predecessor-version":[{"id":14815,"href":"https:\/\/noti-america.com\/site\/venezuela\/wp-json\/wp\/v2\/posts\/14813\/revisions\/14815"}],"wp:featuredmedia":[{"embeddable":true,"href":"https:\/\/noti-america.com\/site\/venezuela\/wp-json\/wp\/v2\/media\/14814"}],"wp:attachment":[{"href":"https:\/\/noti-america.com\/site\/venezuela\/wp-json\/wp\/v2\/media?parent=14813"}],"wp:term":[{"taxonomy":"category","embeddable":true,"href":"https:\/\/noti-america.com\/site\/venezuela\/wp-json\/wp\/v2\/categories?post=14813"},{"taxonomy":"post_tag","embeddable":true,"href":"https:\/\/noti-america.com\/site\/venezuela\/wp-json\/wp\/v2\/tags?post=14813"}],"curies":[{"name":"wp","href":"https:\/\/api.w.org\/{rel}","templated":true}]}}