{"id":14750,"date":"2021-05-06T16:01:32","date_gmt":"2021-05-06T16:01:32","guid":{"rendered":"https:\/\/noti-america.com\/site\/venezuela\/2021\/05\/06\/aumentan-casos-de-disfonia-en-pacientes-post-covid\/"},"modified":"2021-05-06T20:01:41","modified_gmt":"2021-05-06T20:01:41","slug":"aumentan-casos-de-disfonia-en-pacientes-post-covid","status":"publish","type":"post","link":"https:\/\/noti-america.com\/site\/venezuela\/2021\/05\/06\/aumentan-casos-de-disfonia-en-pacientes-post-covid\/","title":{"rendered":"Aumentan casos de disfon\u00eda en pacientes post Covid"},"content":{"rendered":"<p style=\"text-align: justify;\">Nota de Prensa<\/p>\n<p class=\"v1MsoNormal\" style=\"text-align: justify;\" align=\"center\"><strong><em>Expertos otorrinos del Grupo M\u00e9dico Santa Paula indican que, quienes ingresan a la UCI y son intubados por largo tiempo, pueden registrar cambios en su voz por las \u00falceras que se convierten en granulomas y deben ser retirados con cirug\u00eda.<\/em><\/strong><\/p>\n<p class=\"v1MsoNormal\" style=\"text-align: justify;\">La disminuci\u00f3n de la capacidad respiratoria, la tos, las lesiones en la lengua y el uso de mascarilla constante que obliga a un esfuerzo mayor para hablar, hace que pueda registrarse una fatiga vocal y se produzca lo que se conoce como disfon\u00eda.<\/p>\n<p class=\"v1MsoNormal\" style=\"text-align: justify;\">As\u00ed lo se\u00f1ala la doctora Gabriela Ibedaca,\u00a0 experta del aparato bucal del Grupo M\u00e9dico Santa Paula (GMSP), quien adem\u00e1s agrega que \u00abLa disfon\u00eda es una alteraci\u00f3n de la calidad de nuestra voz, del tono, timbre, intensidad y duraci\u00f3n. El mal uso de la misma genera inflamaci\u00f3n o irritaci\u00f3n, mientras que la afon\u00eda \u00a0conlleva a la p\u00e9rdida total\u00a0 de la voz\u00bb.<\/p>\n<p class=\"v1MsoNormal\" style=\"text-align: justify;\">Al relacionarlo con el Covid, comenta que se est\u00e1n observando muchos casos de disfon\u00eda en pacientes que han estado en las Unidades de Terapia Intensiva (UCI) con intubaci\u00f3n prolongada, lo cual produce alteraciones en los \u00f3rganos que se ubican alrededor de su aparato fonador.<\/p>\n<p class=\"v1MsoNormal\" style=\"text-align: justify;\">\u00abDespu\u00e9s de un a\u00f1o de pandemia podemos hablar de disfon\u00eda producto de Covid, sobre todo en mayores de edad.\u00a0 Aunque el virus no afecta directamente a las cuerdas vocales, s\u00ed ataca al sistema respiratorio, y al expulsar el aire tambi\u00e9n est\u00e1 impactando en la voz. Por ello, existen pacientes que quedan con problemas de disfon\u00eda, por no poder expulsar bien el aire y tambi\u00e9n por la tos.\u00bb<\/p>\n<p class=\"v1MsoNormal\" style=\"text-align: justify;\">Adem\u00e1s de estas consecuencias, la especialista explica que tambi\u00e9n se registran lesiones t\u00edpicas post intubaci\u00f3n prolongada, ya que el \u00abtubo endotraqueal puede crear \u00falceras que posteriormente se convierten en granulomas, o peque\u00f1as bolitas de tejidos que quedan en las cuerdas vocales y generan una lesi\u00f3n permanente que \u00a0debe corregirse con cirug\u00eda\u00bb.<\/p>\n<p class=\"v1MsoNormal\" style=\"text-align: justify;\">Detalla adem\u00e1s que, ahora se habla de la lengua post Covid, con caracter\u00edsticas muy particulares. \u00abSe ve despulida, con \u00falceras, depapilada, duele y arde, lo que trae como consecuencia un trastorno al no poder articular bien las palabras y registrar alteraciones de la voz\u00bb.<\/p>\n<p class=\"v1MsoNormal\" style=\"text-align: justify;\"><b>Diagn\u00f3sticos oportunos<\/b><\/p>\n<p class=\"v1MsoNormal\" style=\"text-align: justify;\">En la actualidad, \u00a0la\u00a0<b>cl\u00ednica<\/b>\u00a0GMSP dispone de un avanzado equipo tecnol\u00f3gico para apoyar el trabajo de los otorrinos, en el diagn\u00f3stico de las diversas patolog\u00edas que puede registrar a voz, entre ellos la\u00a0<span lang=\"IT\">\u00a0nasofibrolaringoscopia, o examen de endoscopia que recorre la nariz hasta llegar a la laringe y permite diagn\u00f3sticos precisos.<\/span><\/p>\n<p class=\"v1MsoNormal\" style=\"text-align: justify;\"><span lang=\"IT\">Entre otros estudios recomendados por la especialista del GMSP, figuran la tele laringoscopia, la estroboscopia y los ex\u00e1menes radiol\u00f3gicos.<\/span><\/p>\n<p class=\"v1MsoNormal\" style=\"text-align: justify;\">La doctora Virginia Petonia, tambi\u00e9n otorrinolaring\u00f3loga, explica que\u00a0en el tratamiento del paciente participa un equipo multidisciplinario, entre ellos otorrinolaring\u00f3logos,\u00a0 fonoaudi\u00f3logos, gastroenter\u00f3logos e incluso psic\u00f3logos. \u00abEl diagn\u00f3stico comienza con un interrogatorio en el que adem\u00e1s se analizan los antecedentes personales, los h\u00e1bitos psico-biol\u00f3gicos e incluso las comorbilidades. Luego, se define si se aplica un tratamiento farmacol\u00f3gico, si se trata de un proceso inflamatorio o infeccioso. Puede darse el caso de que se trate de enfermedades asociadas, o se requieren fono terapias y rehabilitaci\u00f3n vocal.\u00bb<\/p>\n<p class=\"v1MsoNormal\" style=\"text-align: justify;\"><b>Cuando la cirug\u00eda es la \u00fanica opci\u00f3n<\/b><\/p>\n<p class=\"v1MsoNormal\" style=\"text-align: justify;\">Por su parte, el \u00a0doctor Rafael Cabrera, otorrinolaring\u00f3logo del GMSP, aborda el tema de los tumores que pueden llevar a la intervenci\u00f3n quir\u00fargica del paciente y a los\u00a0 cuidados de la voz. \u00abHay tumores benignos y malignos. Los m\u00e1s frecuentes son los granulomas post intubaci\u00f3n, quistes, papilomatosis lar\u00edngea (VPH). Tras un tratamiento quir\u00fargico, se procede \u00a0luego al proceso para la educaci\u00f3n de la voz\u00bb.<\/p>\n<p class=\"v1MsoNormal\" style=\"text-align: justify;\">Destaca que cuando se sufre de disfon\u00eda, el paciente suele ponerse ronco, tiene tos progresiva, surge el dolor de o\u00eddo, dolor al deglutir, hay p\u00e9rdida de peso y tambi\u00e9n puede haber dificultad para respirar.<\/p>\n<p class=\"v1MsoNormal\" style=\"text-align: justify;\">\u00abSi se presentan estos s\u00edntomas hay que acudir al m\u00e9dico. Tambi\u00e9n hay factores de riesgo como lo son el consumo de tabaco, alcohol, adem\u00e1s de las infecciones virales, incluido el Virus de Papiloma Humano PH y el virus de Epstein Barr.\u00bb<\/p>\n<p class=\"v1MsoNormal\" style=\"text-align: justify;\">Como recomendaci\u00f3n para cuidar la voz, el doctor Cabrera indica consumir frutas y verduras todos los d\u00edas, \u00a0las cuales aportan vitamina A; adem\u00e1s, \u00a0hidratarse con 8 a 10 vasos al d\u00eda, evitar factores irritantes como polvo, gases, smog, qu\u00edmicos, cigarrillos, alcohol, cafe\u00edna.<\/p>\n<p class=\"v1MsoNormal\" style=\"text-align: justify;\">Otras consideraciones son hablar pausado y sin esfuerzo, evitar gritar o susurrar, realizar ejercicio f\u00edsico y tener un sue\u00f1o reparador. En el caso de los profesionales de la voz, como locutores y docentes, deben acudir al menos una vez al a\u00f1o para el chequeo de la voz.<\/p>\n","protected":false},"excerpt":{"rendered":"<p>Nota de Prensa Expertos otorrinos del Grupo M\u00e9dico Santa Paula indican que, quienes ingresan a la UCI y son intubados por largo tiempo, pueden registrar cambios en su voz por las \u00falceras que se&#46;&#46;&#46;<\/p>\n","protected":false},"author":1,"featured_media":14751,"comment_status":"open","ping_status":"open","sticky":false,"template":"","format":"image","meta":{"_acf_changed":false,"om_disable_all_campaigns":false,"rop_custom_images_group":[],"rop_custom_messages_group":[],"rop_publish_now":"initial","rop_publish_now_accounts":{"twitter_242054905_242054905":""},"rop_publish_now_history":[],"rop_publish_now_status":"pending","_uf_show_specific_survey":0,"_uf_disable_surveys":false,"footnotes":""},"categories":[132,13],"tags":[],"class_list":["post-14750","post","type-post","status-publish","format-image","has-post-thumbnail","hentry","category-actualidad","category-vida-y-salud","post_format-post-format-image"],"acf":[],"aioseo_notices":[],"yoast_head":"<!-- This site is optimized with the Yoast SEO Premium plugin v24.9 (Yoast SEO v27.2) - https:\/\/yoast.com\/product\/yoast-seo-premium-wordpress\/ -->\n<title>Aumentan casos de disfon\u00eda en pacientes post Covid - Venezuela | Noti-America.com<\/title>\n<meta name=\"robots\" content=\"index, follow, max-snippet:-1, max-image-preview:large, max-video-preview:-1\" \/>\n<link rel=\"canonical\" href=\"https:\/\/noti-america.com\/site\/venezuela\/2021\/05\/06\/aumentan-casos-de-disfonia-en-pacientes-post-covid\/\" \/>\n<meta property=\"og:locale\" content=\"es_ES\" \/>\n<meta property=\"og:type\" content=\"article\" \/>\n<meta property=\"og:title\" content=\"Aumentan casos de disfon\u00eda en pacientes post Covid\" \/>\n<meta property=\"og:description\" content=\"Nota de Prensa Expertos otorrinos del Grupo M\u00e9dico Santa Paula indican que, quienes ingresan a la UCI y son intubados por largo tiempo, pueden registrar cambios en su voz por las \u00falceras que se&#046;&#046;&#046;\" \/>\n<meta property=\"og:url\" content=\"https:\/\/noti-america.com\/site\/venezuela\/2021\/05\/06\/aumentan-casos-de-disfonia-en-pacientes-post-covid\/\" \/>\n<meta property=\"og:site_name\" content=\"Venezuela | Noti-America.com\" \/>\n<meta property=\"article:published_time\" content=\"2021-05-06T16:01:32+00:00\" \/>\n<meta property=\"article:modified_time\" content=\"2021-05-06T20:01:41+00:00\" \/>\n<meta property=\"og:image\" content=\"https:\/\/noti-america.com\/site\/venezuela\/wp-content\/uploads\/sites\/2\/2021\/05\/23-2147767673.jpg\" \/>\n\t<meta property=\"og:image:width\" content=\"624\" \/>\n\t<meta property=\"og:image:height\" content=\"417\" \/>\n\t<meta property=\"og:image:type\" content=\"image\/jpeg\" \/>\n<meta name=\"author\" content=\"Rosmer Herrera\" \/>\n<meta name=\"twitter:card\" content=\"summary_large_image\" \/>\n<meta name=\"twitter:label1\" content=\"Escrito por\" \/>\n\t<meta name=\"twitter:data1\" content=\"Rosmer Herrera\" \/>\n\t<meta name=\"twitter:label2\" content=\"Tiempo estimado de lectura\" \/>\n\t<meta name=\"twitter:data2\" content=\"4 minutos\" \/>\n<script type=\"application\/ld+json\" class=\"yoast-schema-graph\">{\"@context\":\"https:\/\/schema.org\",\"@graph\":[{\"@type\":\"Article\",\"@id\":\"https:\/\/noti-america.com\/site\/venezuela\/2021\/05\/06\/aumentan-casos-de-disfonia-en-pacientes-post-covid\/#article\",\"isPartOf\":{\"@id\":\"https:\/\/noti-america.com\/site\/venezuela\/2021\/05\/06\/aumentan-casos-de-disfonia-en-pacientes-post-covid\/\"},\"author\":{\"name\":\"Rosmer Herrera\",\"@id\":\"https:\/\/noti-america.com\/site\/venezuela\/#\/schema\/person\/fd58dbfb92a257e9dc5761bf69a855ff\"},\"headline\":\"Aumentan casos de disfon\u00eda en pacientes post Covid\",\"datePublished\":\"2021-05-06T16:01:32+00:00\",\"dateModified\":\"2021-05-06T20:01:41+00:00\",\"mainEntityOfPage\":{\"@id\":\"https:\/\/noti-america.com\/site\/venezuela\/2021\/05\/06\/aumentan-casos-de-disfonia-en-pacientes-post-covid\/\"},\"wordCount\":830,\"commentCount\":0,\"publisher\":{\"@id\":\"https:\/\/noti-america.com\/site\/venezuela\/#organization\"},\"image\":{\"@id\":\"https:\/\/noti-america.com\/site\/venezuela\/2021\/05\/06\/aumentan-casos-de-disfonia-en-pacientes-post-covid\/#primaryimage\"},\"thumbnailUrl\":\"https:\/\/noti-america.com\/site\/venezuela\/wp-content\/uploads\/sites\/2\/2021\/05\/23-2147767673.jpg\",\"articleSection\":[\"Actualidad\",\"Vida y Salud\"],\"inLanguage\":\"es\",\"potentialAction\":[{\"@type\":\"CommentAction\",\"name\":\"Comment\",\"target\":[\"https:\/\/noti-america.com\/site\/venezuela\/2021\/05\/06\/aumentan-casos-de-disfonia-en-pacientes-post-covid\/#respond\"]}]},{\"@type\":\"WebPage\",\"@id\":\"https:\/\/noti-america.com\/site\/venezuela\/2021\/05\/06\/aumentan-casos-de-disfonia-en-pacientes-post-covid\/\",\"url\":\"https:\/\/noti-america.com\/site\/venezuela\/2021\/05\/06\/aumentan-casos-de-disfonia-en-pacientes-post-covid\/\",\"name\":\"Aumentan casos de disfon\u00eda en pacientes post Covid - Venezuela | Noti-America.com\",\"isPartOf\":{\"@id\":\"https:\/\/noti-america.com\/site\/venezuela\/#website\"},\"primaryImageOfPage\":{\"@id\":\"https:\/\/noti-america.com\/site\/venezuela\/2021\/05\/06\/aumentan-casos-de-disfonia-en-pacientes-post-covid\/#primaryimage\"},\"image\":{\"@id\":\"https:\/\/noti-america.com\/site\/venezuela\/2021\/05\/06\/aumentan-casos-de-disfonia-en-pacientes-post-covid\/#primaryimage\"},\"thumbnailUrl\":\"https:\/\/noti-america.com\/site\/venezuela\/wp-content\/uploads\/sites\/2\/2021\/05\/23-2147767673.jpg\",\"datePublished\":\"2021-05-06T16:01:32+00:00\",\"dateModified\":\"2021-05-06T20:01:41+00:00\",\"breadcrumb\":{\"@id\":\"https:\/\/noti-america.com\/site\/venezuela\/2021\/05\/06\/aumentan-casos-de-disfonia-en-pacientes-post-covid\/#breadcrumb\"},\"inLanguage\":\"es\",\"potentialAction\":[{\"@type\":\"ReadAction\",\"target\":[\"https:\/\/noti-america.com\/site\/venezuela\/2021\/05\/06\/aumentan-casos-de-disfonia-en-pacientes-post-covid\/\"]}]},{\"@type\":\"ImageObject\",\"inLanguage\":\"es\",\"@id\":\"https:\/\/noti-america.com\/site\/venezuela\/2021\/05\/06\/aumentan-casos-de-disfonia-en-pacientes-post-covid\/#primaryimage\",\"url\":\"https:\/\/noti-america.com\/site\/venezuela\/wp-content\/uploads\/sites\/2\/2021\/05\/23-2147767673.jpg\",\"contentUrl\":\"https:\/\/noti-america.com\/site\/venezuela\/wp-content\/uploads\/sites\/2\/2021\/05\/23-2147767673.jpg\",\"width\":624,\"height\":417},{\"@type\":\"BreadcrumbList\",\"@id\":\"https:\/\/noti-america.com\/site\/venezuela\/2021\/05\/06\/aumentan-casos-de-disfonia-en-pacientes-post-covid\/#breadcrumb\",\"itemListElement\":[{\"@type\":\"ListItem\",\"position\":1,\"name\":\"Portada\",\"item\":\"https:\/\/noti-america.com\/site\/venezuela\/\"},{\"@type\":\"ListItem\",\"position\":2,\"name\":\"Aumentan casos de disfon\u00eda en pacientes post Covid\"}]},{\"@type\":\"WebSite\",\"@id\":\"https:\/\/noti-america.com\/site\/venezuela\/#website\",\"url\":\"https:\/\/noti-america.com\/site\/venezuela\/\",\"name\":\"Venezuela | Noti-America.com\",\"description\":\"\",\"publisher\":{\"@id\":\"https:\/\/noti-america.com\/site\/venezuela\/#organization\"},\"potentialAction\":[{\"@type\":\"SearchAction\",\"target\":{\"@type\":\"EntryPoint\",\"urlTemplate\":\"https:\/\/noti-america.com\/site\/venezuela\/?s={search_term_string}\"},\"query-input\":{\"@type\":\"PropertyValueSpecification\",\"valueRequired\":true,\"valueName\":\"search_term_string\"}}],\"inLanguage\":\"es\"},{\"@type\":\"Organization\",\"@id\":\"https:\/\/noti-america.com\/site\/venezuela\/#organization\",\"name\":\"Noti-America LLC | Venezuela\",\"url\":\"https:\/\/noti-america.com\/site\/venezuela\/\",\"logo\":{\"@type\":\"ImageObject\",\"inLanguage\":\"es\",\"@id\":\"https:\/\/noti-america.com\/site\/venezuela\/#\/schema\/logo\/image\/\",\"url\":\"https:\/\/noti-america.com\/site\/venezuela\/wp-content\/uploads\/sites\/2\/2020\/07\/LogoNA-4x3-1.jpg\",\"contentUrl\":\"https:\/\/noti-america.com\/site\/venezuela\/wp-content\/uploads\/sites\/2\/2020\/07\/LogoNA-4x3-1.jpg\",\"width\":1236,\"height\":1080,\"caption\":\"Noti-America LLC | Venezuela\"},\"image\":{\"@id\":\"https:\/\/noti-america.com\/site\/venezuela\/#\/schema\/logo\/image\/\"}},{\"@type\":\"Person\",\"@id\":\"https:\/\/noti-america.com\/site\/venezuela\/#\/schema\/person\/fd58dbfb92a257e9dc5761bf69a855ff\",\"name\":\"Rosmer Herrera\",\"image\":{\"@type\":\"ImageObject\",\"inLanguage\":\"es\",\"@id\":\"https:\/\/secure.gravatar.com\/avatar\/153e75c261394dbf20ff1a1e70ea2be9494f2b40b7fc4e7704084db13220ae08?s=96&d=mm&r=g\",\"url\":\"https:\/\/secure.gravatar.com\/avatar\/153e75c261394dbf20ff1a1e70ea2be9494f2b40b7fc4e7704084db13220ae08?s=96&d=mm&r=g\",\"contentUrl\":\"https:\/\/secure.gravatar.com\/avatar\/153e75c261394dbf20ff1a1e70ea2be9494f2b40b7fc4e7704084db13220ae08?s=96&d=mm&r=g\",\"caption\":\"Rosmer Herrera\"},\"url\":\"https:\/\/noti-america.com\/site\/venezuela\/author\/rosmer33\/\"}]}<\/script>\n<!-- \/ Yoast SEO Premium plugin. -->","yoast_head_json":{"title":"Aumentan casos de disfon\u00eda en pacientes post Covid - Venezuela | Noti-America.com","robots":{"index":"index","follow":"follow","max-snippet":"max-snippet:-1","max-image-preview":"max-image-preview:large","max-video-preview":"max-video-preview:-1"},"canonical":"https:\/\/noti-america.com\/site\/venezuela\/2021\/05\/06\/aumentan-casos-de-disfonia-en-pacientes-post-covid\/","og_locale":"es_ES","og_type":"article","og_title":"Aumentan casos de disfon\u00eda en pacientes post Covid","og_description":"Nota de Prensa Expertos otorrinos del Grupo M\u00e9dico Santa Paula indican que, quienes ingresan a la UCI y son intubados por largo tiempo, pueden registrar cambios en su voz por las \u00falceras que se&#46;&#46;&#46;","og_url":"https:\/\/noti-america.com\/site\/venezuela\/2021\/05\/06\/aumentan-casos-de-disfonia-en-pacientes-post-covid\/","og_site_name":"Venezuela | Noti-America.com","article_published_time":"2021-05-06T16:01:32+00:00","article_modified_time":"2021-05-06T20:01:41+00:00","og_image":[{"width":624,"height":417,"url":"https:\/\/noti-america.com\/site\/venezuela\/wp-content\/uploads\/sites\/2\/2021\/05\/23-2147767673.jpg","type":"image\/jpeg"}],"author":"Rosmer Herrera","twitter_card":"summary_large_image","twitter_misc":{"Escrito por":"Rosmer Herrera","Tiempo estimado de lectura":"4 minutos"},"schema":{"@context":"https:\/\/schema.org","@graph":[{"@type":"Article","@id":"https:\/\/noti-america.com\/site\/venezuela\/2021\/05\/06\/aumentan-casos-de-disfonia-en-pacientes-post-covid\/#article","isPartOf":{"@id":"https:\/\/noti-america.com\/site\/venezuela\/2021\/05\/06\/aumentan-casos-de-disfonia-en-pacientes-post-covid\/"},"author":{"name":"Rosmer Herrera","@id":"https:\/\/noti-america.com\/site\/venezuela\/#\/schema\/person\/fd58dbfb92a257e9dc5761bf69a855ff"},"headline":"Aumentan casos de disfon\u00eda en pacientes post Covid","datePublished":"2021-05-06T16:01:32+00:00","dateModified":"2021-05-06T20:01:41+00:00","mainEntityOfPage":{"@id":"https:\/\/noti-america.com\/site\/venezuela\/2021\/05\/06\/aumentan-casos-de-disfonia-en-pacientes-post-covid\/"},"wordCount":830,"commentCount":0,"publisher":{"@id":"https:\/\/noti-america.com\/site\/venezuela\/#organization"},"image":{"@id":"https:\/\/noti-america.com\/site\/venezuela\/2021\/05\/06\/aumentan-casos-de-disfonia-en-pacientes-post-covid\/#primaryimage"},"thumbnailUrl":"https:\/\/noti-america.com\/site\/venezuela\/wp-content\/uploads\/sites\/2\/2021\/05\/23-2147767673.jpg","articleSection":["Actualidad","Vida y Salud"],"inLanguage":"es","potentialAction":[{"@type":"CommentAction","name":"Comment","target":["https:\/\/noti-america.com\/site\/venezuela\/2021\/05\/06\/aumentan-casos-de-disfonia-en-pacientes-post-covid\/#respond"]}]},{"@type":"WebPage","@id":"https:\/\/noti-america.com\/site\/venezuela\/2021\/05\/06\/aumentan-casos-de-disfonia-en-pacientes-post-covid\/","url":"https:\/\/noti-america.com\/site\/venezuela\/2021\/05\/06\/aumentan-casos-de-disfonia-en-pacientes-post-covid\/","name":"Aumentan casos de disfon\u00eda en pacientes post Covid - Venezuela | Noti-America.com","isPartOf":{"@id":"https:\/\/noti-america.com\/site\/venezuela\/#website"},"primaryImageOfPage":{"@id":"https:\/\/noti-america.com\/site\/venezuela\/2021\/05\/06\/aumentan-casos-de-disfonia-en-pacientes-post-covid\/#primaryimage"},"image":{"@id":"https:\/\/noti-america.com\/site\/venezuela\/2021\/05\/06\/aumentan-casos-de-disfonia-en-pacientes-post-covid\/#primaryimage"},"thumbnailUrl":"https:\/\/noti-america.com\/site\/venezuela\/wp-content\/uploads\/sites\/2\/2021\/05\/23-2147767673.jpg","datePublished":"2021-05-06T16:01:32+00:00","dateModified":"2021-05-06T20:01:41+00:00","breadcrumb":{"@id":"https:\/\/noti-america.com\/site\/venezuela\/2021\/05\/06\/aumentan-casos-de-disfonia-en-pacientes-post-covid\/#breadcrumb"},"inLanguage":"es","potentialAction":[{"@type":"ReadAction","target":["https:\/\/noti-america.com\/site\/venezuela\/2021\/05\/06\/aumentan-casos-de-disfonia-en-pacientes-post-covid\/"]}]},{"@type":"ImageObject","inLanguage":"es","@id":"https:\/\/noti-america.com\/site\/venezuela\/2021\/05\/06\/aumentan-casos-de-disfonia-en-pacientes-post-covid\/#primaryimage","url":"https:\/\/noti-america.com\/site\/venezuela\/wp-content\/uploads\/sites\/2\/2021\/05\/23-2147767673.jpg","contentUrl":"https:\/\/noti-america.com\/site\/venezuela\/wp-content\/uploads\/sites\/2\/2021\/05\/23-2147767673.jpg","width":624,"height":417},{"@type":"BreadcrumbList","@id":"https:\/\/noti-america.com\/site\/venezuela\/2021\/05\/06\/aumentan-casos-de-disfonia-en-pacientes-post-covid\/#breadcrumb","itemListElement":[{"@type":"ListItem","position":1,"name":"Portada","item":"https:\/\/noti-america.com\/site\/venezuela\/"},{"@type":"ListItem","position":2,"name":"Aumentan casos de disfon\u00eda en pacientes post Covid"}]},{"@type":"WebSite","@id":"https:\/\/noti-america.com\/site\/venezuela\/#website","url":"https:\/\/noti-america.com\/site\/venezuela\/","name":"Venezuela | Noti-America.com","description":"","publisher":{"@id":"https:\/\/noti-america.com\/site\/venezuela\/#organization"},"potentialAction":[{"@type":"SearchAction","target":{"@type":"EntryPoint","urlTemplate":"https:\/\/noti-america.com\/site\/venezuela\/?s={search_term_string}"},"query-input":{"@type":"PropertyValueSpecification","valueRequired":true,"valueName":"search_term_string"}}],"inLanguage":"es"},{"@type":"Organization","@id":"https:\/\/noti-america.com\/site\/venezuela\/#organization","name":"Noti-America LLC | Venezuela","url":"https:\/\/noti-america.com\/site\/venezuela\/","logo":{"@type":"ImageObject","inLanguage":"es","@id":"https:\/\/noti-america.com\/site\/venezuela\/#\/schema\/logo\/image\/","url":"https:\/\/noti-america.com\/site\/venezuela\/wp-content\/uploads\/sites\/2\/2020\/07\/LogoNA-4x3-1.jpg","contentUrl":"https:\/\/noti-america.com\/site\/venezuela\/wp-content\/uploads\/sites\/2\/2020\/07\/LogoNA-4x3-1.jpg","width":1236,"height":1080,"caption":"Noti-America LLC | Venezuela"},"image":{"@id":"https:\/\/noti-america.com\/site\/venezuela\/#\/schema\/logo\/image\/"}},{"@type":"Person","@id":"https:\/\/noti-america.com\/site\/venezuela\/#\/schema\/person\/fd58dbfb92a257e9dc5761bf69a855ff","name":"Rosmer Herrera","image":{"@type":"ImageObject","inLanguage":"es","@id":"https:\/\/secure.gravatar.com\/avatar\/153e75c261394dbf20ff1a1e70ea2be9494f2b40b7fc4e7704084db13220ae08?s=96&d=mm&r=g","url":"https:\/\/secure.gravatar.com\/avatar\/153e75c261394dbf20ff1a1e70ea2be9494f2b40b7fc4e7704084db13220ae08?s=96&d=mm&r=g","contentUrl":"https:\/\/secure.gravatar.com\/avatar\/153e75c261394dbf20ff1a1e70ea2be9494f2b40b7fc4e7704084db13220ae08?s=96&d=mm&r=g","caption":"Rosmer Herrera"},"url":"https:\/\/noti-america.com\/site\/venezuela\/author\/rosmer33\/"}]}},"_links":{"self":[{"href":"https:\/\/noti-america.com\/site\/venezuela\/wp-json\/wp\/v2\/posts\/14750","targetHints":{"allow":["GET"]}}],"collection":[{"href":"https:\/\/noti-america.com\/site\/venezuela\/wp-json\/wp\/v2\/posts"}],"about":[{"href":"https:\/\/noti-america.com\/site\/venezuela\/wp-json\/wp\/v2\/types\/post"}],"author":[{"embeddable":true,"href":"https:\/\/noti-america.com\/site\/venezuela\/wp-json\/wp\/v2\/users\/1"}],"replies":[{"embeddable":true,"href":"https:\/\/noti-america.com\/site\/venezuela\/wp-json\/wp\/v2\/comments?post=14750"}],"version-history":[{"count":1,"href":"https:\/\/noti-america.com\/site\/venezuela\/wp-json\/wp\/v2\/posts\/14750\/revisions"}],"predecessor-version":[{"id":14752,"href":"https:\/\/noti-america.com\/site\/venezuela\/wp-json\/wp\/v2\/posts\/14750\/revisions\/14752"}],"wp:featuredmedia":[{"embeddable":true,"href":"https:\/\/noti-america.com\/site\/venezuela\/wp-json\/wp\/v2\/media\/14751"}],"wp:attachment":[{"href":"https:\/\/noti-america.com\/site\/venezuela\/wp-json\/wp\/v2\/media?parent=14750"}],"wp:term":[{"taxonomy":"category","embeddable":true,"href":"https:\/\/noti-america.com\/site\/venezuela\/wp-json\/wp\/v2\/categories?post=14750"},{"taxonomy":"post_tag","embeddable":true,"href":"https:\/\/noti-america.com\/site\/venezuela\/wp-json\/wp\/v2\/tags?post=14750"}],"curies":[{"name":"wp","href":"https:\/\/api.w.org\/{rel}","templated":true}]}}