{"id":14596,"date":"2021-04-22T06:03:17","date_gmt":"2021-04-22T06:03:17","guid":{"rendered":"https:\/\/noti-america.com\/site\/venezuela\/2021\/04\/22\/alfonso-mendoza-es-el-nuevo-cantante-venezolano-que-nso-presenta-su-tema-quiero-quiero\/"},"modified":"2021-04-23T03:36:26","modified_gmt":"2021-04-23T03:36:26","slug":"alfonso-mendoza-es-el-nuevo-cantante-venezolano-que-nso-presenta-su-tema-quiero-quiero","status":"publish","type":"post","link":"https:\/\/noti-america.com\/site\/venezuela\/2021\/04\/22\/alfonso-mendoza-es-el-nuevo-cantante-venezolano-que-nso-presenta-su-tema-quiero-quiero\/","title":{"rendered":"Alfonso Mendoza es el nuevo cantante venezolano que nos presenta su tema &#8221; Quiero Quiero&#8221;"},"content":{"rendered":"<p>Alfonso Mendoza Alessio, un joven calaboce\u00f1o, ingeniero de producci\u00f3n y magister en finanzas venezolano que inicia su carrera como cantante en marzo de 2021, estrenando su primer sencillo pop urbano \u00abQuiero quiero\u00bb a trav\u00e9s de las principales plataformas digitales, con perspectivas de crecimiento art\u00edstico entre las nuevas revelaciones del pop latino.<\/p>\n<p>\u00abQuiero quiero\u00bb fue grabado bajo la producci\u00f3n de LaiMusicVe con la participaci\u00f3n de Briel Err\u00e9, Aiv\u00e1n y Prego. Acompa\u00f1ado de un video musical con sello de Cygnus Media Group, bajo la direcci\u00f3n de Miguel Mardeni. El video se desarrolla en un ambiente de piscina y amigos, donde Alfonso conoce una joven a la cual le canta bajo la influencia del amor a primera vista, pero al final descubre que todo es un sue\u00f1o y que en su realidad es despertado por su mascota.<\/p>\n<p>&nbsp;<\/p>\n<p>Alfonso nace en el seno de una familia de productores agropecuarios, el 20 de marzo de 1987 en la ciudad de Calabozo, Estado Gu\u00e1rico, Venezuela. Hijo mayor de tres hermanos, se crio en un ambiente de caballos, toros coleados, m\u00fasica llanera y c\u00e1lidos atardeceres. Aficionado a la nataci\u00f3n desde los 7 a\u00f1os, durante su adolescencia nace su inter\u00e9s por la m\u00fasica venezolana, teniendo bajo su influencia temas del Maestro Juan Vicente Torrealba, Luis Silva, Rogelio Ortiz, entre otros.<\/p>\n<p>Realiza estudios de Ingenier\u00eda de Producci\u00f3n en la Universidad Metropolitana en Caracas (2004-2009) y comienza una etapa de influencias de artistas de g\u00e9neros pop y rock, como: Bon Jovi, Queen, Backstreet Boys, Britney Spears y algunos latinos del momento como: Caramelos de Cianuro, Franco de Vita, Shakira, Ricky Martin y Luis Miguel. Su primera formaci\u00f3n musical la recibe en el Orfe\u00f3n de la Universidad, calificando su voz de tenor, lo que lo lleva a participar en diversos conciertos y eventos de la coral.<\/p>\n<p>Despu\u00e9s del a\u00f1o 2012, en paralelo a ejercer su profesi\u00f3n de ingeniero, recibe clases en los talleres de canto del Profesor F\u00e9lix Formental en Caracas, donde continu\u00f3 su formaci\u00f3n vocal y art\u00edstica hasta el a\u00f1o 2016. Durante este per\u00edodo compone junto al m\u00fasico Miguel Quinteiro varios temas en versi\u00f3n pop rock, los cuales comparte en sus redes sociales. Tambi\u00e9n particip\u00f3 en dos festivales de canto en Caracas, interpretando el cl\u00e1sico \u00abGranada\u00bb de Agust\u00edn Lara y la tonada \u00abAs\u00ed se le canta al llano\u00bb de Rogelio Ortiz. Actualmente, contin\u00faa form\u00e1ndose como estudiante de canto en la Academia de Artes Integrales de la reconocida artista Delia Dorta.<\/p>\n<p>En el a\u00f1o 2019, obtiene el t\u00edtulo de Magister en Finanzas en el Instituto de Estudios Superiores de Administraci\u00f3n (IESA) en Caracas, compartiendo su profesi\u00f3n y proyectos de producci\u00f3n agropecuaria, con su pasi\u00f3n por la m\u00fasica, colgando en sus redes sociales covers de canciones con las que se ha identificado y temas de su autor\u00eda en versi\u00f3n pop rock, que lo conducen en el a\u00f1o 2021 a dar un paso m\u00e1s y presentar su primer sencillo \u00abQuiero quiero\u00bb.<\/p>\n<p>Instagram: @alfonsomendozamusic; Canal de YouTube: \u00abAlfonso Mendoza Music\u00bb; Manager: @luisecapecchi<\/p>\n","protected":false},"excerpt":{"rendered":"<p>Alfonso Mendoza Alessio, un joven calaboce\u00f1o, ingeniero de producci\u00f3n y magister en finanzas venezolano que inicia su carrera como cantante en marzo de 2021, estrenando su primer sencillo pop urbano \u00abQuiero quiero\u00bb a trav\u00e9s&#46;&#46;&#46;<\/p>\n","protected":false},"author":115,"featured_media":14597,"comment_status":"open","ping_status":"open","sticky":false,"template":"","format":"standard","meta":{"_acf_changed":false,"om_disable_all_campaigns":false,"rop_custom_images_group":[],"rop_custom_messages_group":[],"rop_publish_now":"initial","rop_publish_now_accounts":{"twitter_242054905_242054905":""},"rop_publish_now_history":[],"rop_publish_now_status":"pending","_uf_show_specific_survey":0,"_uf_disable_surveys":false,"footnotes":""},"categories":[8],"tags":[237],"class_list":["post-14596","post","type-post","status-publish","format-standard","has-post-thumbnail","hentry","category-arte-y-espectaculos","tag-portada"],"acf":[],"aioseo_notices":[],"yoast_head":"<!-- This site is optimized with the Yoast SEO Premium plugin v24.9 (Yoast SEO v27.2) - https:\/\/yoast.com\/product\/yoast-seo-premium-wordpress\/ -->\n<title>Alfonso Mendoza es el nuevo cantante venezolano que nos presenta su tema &#8221; Quiero Quiero&#8221; - Venezuela | Noti-America.com<\/title>\n<meta name=\"robots\" content=\"index, follow, max-snippet:-1, max-image-preview:large, max-video-preview:-1\" \/>\n<link rel=\"canonical\" href=\"https:\/\/noti-america.com\/site\/venezuela\/2021\/04\/22\/alfonso-mendoza-es-el-nuevo-cantante-venezolano-que-nso-presenta-su-tema-quiero-quiero\/\" \/>\n<meta property=\"og:locale\" content=\"es_ES\" \/>\n<meta property=\"og:type\" content=\"article\" \/>\n<meta property=\"og:title\" content=\"Alfonso Mendoza es el nuevo cantante venezolano que nos presenta su tema &#8221; Quiero Quiero&#8221;\" \/>\n<meta property=\"og:description\" content=\"Alfonso Mendoza Alessio, un joven calaboce\u00f1o, ingeniero de producci\u00f3n y magister en finanzas venezolano que inicia su carrera como cantante en marzo de 2021, estrenando su primer sencillo pop urbano \u00abQuiero quiero\u00bb a trav\u00e9s&#046;&#046;&#046;\" \/>\n<meta property=\"og:url\" content=\"https:\/\/noti-america.com\/site\/venezuela\/2021\/04\/22\/alfonso-mendoza-es-el-nuevo-cantante-venezolano-que-nso-presenta-su-tema-quiero-quiero\/\" \/>\n<meta property=\"og:site_name\" content=\"Venezuela | Noti-America.com\" \/>\n<meta property=\"article:published_time\" content=\"2021-04-22T06:03:17+00:00\" \/>\n<meta property=\"article:modified_time\" content=\"2021-04-23T03:36:26+00:00\" \/>\n<meta property=\"og:image\" content=\"https:\/\/noti-america.com\/site\/venezuela\/wp-content\/uploads\/sites\/2\/2021\/04\/Quiero.jpg\" \/>\n\t<meta property=\"og:image:width\" content=\"1400\" \/>\n\t<meta property=\"og:image:height\" content=\"1400\" \/>\n\t<meta property=\"og:image:type\" content=\"image\/jpeg\" \/>\n<meta name=\"author\" content=\"Yorvis Chirinos\" \/>\n<meta name=\"twitter:card\" content=\"summary_large_image\" \/>\n<meta name=\"twitter:label1\" content=\"Escrito por\" \/>\n\t<meta name=\"twitter:data1\" content=\"Yorvis Chirinos\" \/>\n\t<meta name=\"twitter:label2\" content=\"Tiempo estimado de lectura\" \/>\n\t<meta name=\"twitter:data2\" content=\"3 minutos\" \/>\n<script type=\"application\/ld+json\" class=\"yoast-schema-graph\">{\"@context\":\"https:\/\/schema.org\",\"@graph\":[{\"@type\":\"Article\",\"@id\":\"https:\/\/noti-america.com\/site\/venezuela\/2021\/04\/22\/alfonso-mendoza-es-el-nuevo-cantante-venezolano-que-nso-presenta-su-tema-quiero-quiero\/#article\",\"isPartOf\":{\"@id\":\"https:\/\/noti-america.com\/site\/venezuela\/2021\/04\/22\/alfonso-mendoza-es-el-nuevo-cantante-venezolano-que-nso-presenta-su-tema-quiero-quiero\/\"},\"author\":{\"name\":\"Yorvis Chirinos\",\"@id\":\"https:\/\/noti-america.com\/site\/venezuela\/#\/schema\/person\/e26605061ce4ac6a4c3950ac2214c88d\"},\"headline\":\"Alfonso Mendoza es el nuevo cantante venezolano que nos presenta su tema &#8221; Quiero Quiero&#8221;\",\"datePublished\":\"2021-04-22T06:03:17+00:00\",\"dateModified\":\"2021-04-23T03:36:26+00:00\",\"mainEntityOfPage\":{\"@id\":\"https:\/\/noti-america.com\/site\/venezuela\/2021\/04\/22\/alfonso-mendoza-es-el-nuevo-cantante-venezolano-que-nso-presenta-su-tema-quiero-quiero\/\"},\"wordCount\":543,\"commentCount\":0,\"publisher\":{\"@id\":\"https:\/\/noti-america.com\/site\/venezuela\/#organization\"},\"image\":{\"@id\":\"https:\/\/noti-america.com\/site\/venezuela\/2021\/04\/22\/alfonso-mendoza-es-el-nuevo-cantante-venezolano-que-nso-presenta-su-tema-quiero-quiero\/#primaryimage\"},\"thumbnailUrl\":\"https:\/\/noti-america.com\/site\/venezuela\/wp-content\/uploads\/sites\/2\/2021\/04\/Quiero.jpg\",\"keywords\":[\"portada\"],\"articleSection\":[\"Arte y Espect\u00e1culos\"],\"inLanguage\":\"es\",\"potentialAction\":[{\"@type\":\"CommentAction\",\"name\":\"Comment\",\"target\":[\"https:\/\/noti-america.com\/site\/venezuela\/2021\/04\/22\/alfonso-mendoza-es-el-nuevo-cantante-venezolano-que-nso-presenta-su-tema-quiero-quiero\/#respond\"]}]},{\"@type\":\"WebPage\",\"@id\":\"https:\/\/noti-america.com\/site\/venezuela\/2021\/04\/22\/alfonso-mendoza-es-el-nuevo-cantante-venezolano-que-nso-presenta-su-tema-quiero-quiero\/\",\"url\":\"https:\/\/noti-america.com\/site\/venezuela\/2021\/04\/22\/alfonso-mendoza-es-el-nuevo-cantante-venezolano-que-nso-presenta-su-tema-quiero-quiero\/\",\"name\":\"Alfonso Mendoza es el nuevo cantante venezolano que nos presenta su tema &#8221; Quiero Quiero&#8221; - Venezuela | Noti-America.com\",\"isPartOf\":{\"@id\":\"https:\/\/noti-america.com\/site\/venezuela\/#website\"},\"primaryImageOfPage\":{\"@id\":\"https:\/\/noti-america.com\/site\/venezuela\/2021\/04\/22\/alfonso-mendoza-es-el-nuevo-cantante-venezolano-que-nso-presenta-su-tema-quiero-quiero\/#primaryimage\"},\"image\":{\"@id\":\"https:\/\/noti-america.com\/site\/venezuela\/2021\/04\/22\/alfonso-mendoza-es-el-nuevo-cantante-venezolano-que-nso-presenta-su-tema-quiero-quiero\/#primaryimage\"},\"thumbnailUrl\":\"https:\/\/noti-america.com\/site\/venezuela\/wp-content\/uploads\/sites\/2\/2021\/04\/Quiero.jpg\",\"datePublished\":\"2021-04-22T06:03:17+00:00\",\"dateModified\":\"2021-04-23T03:36:26+00:00\",\"breadcrumb\":{\"@id\":\"https:\/\/noti-america.com\/site\/venezuela\/2021\/04\/22\/alfonso-mendoza-es-el-nuevo-cantante-venezolano-que-nso-presenta-su-tema-quiero-quiero\/#breadcrumb\"},\"inLanguage\":\"es\",\"potentialAction\":[{\"@type\":\"ReadAction\",\"target\":[\"https:\/\/noti-america.com\/site\/venezuela\/2021\/04\/22\/alfonso-mendoza-es-el-nuevo-cantante-venezolano-que-nso-presenta-su-tema-quiero-quiero\/\"]}]},{\"@type\":\"ImageObject\",\"inLanguage\":\"es\",\"@id\":\"https:\/\/noti-america.com\/site\/venezuela\/2021\/04\/22\/alfonso-mendoza-es-el-nuevo-cantante-venezolano-que-nso-presenta-su-tema-quiero-quiero\/#primaryimage\",\"url\":\"https:\/\/noti-america.com\/site\/venezuela\/wp-content\/uploads\/sites\/2\/2021\/04\/Quiero.jpg\",\"contentUrl\":\"https:\/\/noti-america.com\/site\/venezuela\/wp-content\/uploads\/sites\/2\/2021\/04\/Quiero.jpg\",\"width\":1400,\"height\":1400},{\"@type\":\"BreadcrumbList\",\"@id\":\"https:\/\/noti-america.com\/site\/venezuela\/2021\/04\/22\/alfonso-mendoza-es-el-nuevo-cantante-venezolano-que-nso-presenta-su-tema-quiero-quiero\/#breadcrumb\",\"itemListElement\":[{\"@type\":\"ListItem\",\"position\":1,\"name\":\"Portada\",\"item\":\"https:\/\/noti-america.com\/site\/venezuela\/\"},{\"@type\":\"ListItem\",\"position\":2,\"name\":\"Alfonso Mendoza es el nuevo cantante venezolano que nos presenta su tema &#8221; Quiero Quiero&#8221;\"}]},{\"@type\":\"WebSite\",\"@id\":\"https:\/\/noti-america.com\/site\/venezuela\/#website\",\"url\":\"https:\/\/noti-america.com\/site\/venezuela\/\",\"name\":\"Venezuela | Noti-America.com\",\"description\":\"\",\"publisher\":{\"@id\":\"https:\/\/noti-america.com\/site\/venezuela\/#organization\"},\"potentialAction\":[{\"@type\":\"SearchAction\",\"target\":{\"@type\":\"EntryPoint\",\"urlTemplate\":\"https:\/\/noti-america.com\/site\/venezuela\/?s={search_term_string}\"},\"query-input\":{\"@type\":\"PropertyValueSpecification\",\"valueRequired\":true,\"valueName\":\"search_term_string\"}}],\"inLanguage\":\"es\"},{\"@type\":\"Organization\",\"@id\":\"https:\/\/noti-america.com\/site\/venezuela\/#organization\",\"name\":\"Noti-America LLC | Venezuela\",\"url\":\"https:\/\/noti-america.com\/site\/venezuela\/\",\"logo\":{\"@type\":\"ImageObject\",\"inLanguage\":\"es\",\"@id\":\"https:\/\/noti-america.com\/site\/venezuela\/#\/schema\/logo\/image\/\",\"url\":\"https:\/\/noti-america.com\/site\/venezuela\/wp-content\/uploads\/sites\/2\/2020\/07\/LogoNA-4x3-1.jpg\",\"contentUrl\":\"https:\/\/noti-america.com\/site\/venezuela\/wp-content\/uploads\/sites\/2\/2020\/07\/LogoNA-4x3-1.jpg\",\"width\":1236,\"height\":1080,\"caption\":\"Noti-America LLC | Venezuela\"},\"image\":{\"@id\":\"https:\/\/noti-america.com\/site\/venezuela\/#\/schema\/logo\/image\/\"}},{\"@type\":\"Person\",\"@id\":\"https:\/\/noti-america.com\/site\/venezuela\/#\/schema\/person\/e26605061ce4ac6a4c3950ac2214c88d\",\"name\":\"Yorvis Chirinos\",\"image\":{\"@type\":\"ImageObject\",\"inLanguage\":\"es\",\"@id\":\"https:\/\/secure.gravatar.com\/avatar\/0a7b4fc99f07257186745713daa39781b31793a8e9a3284f87c9c220d1bfbd94?s=96&d=mm&r=g\",\"url\":\"https:\/\/secure.gravatar.com\/avatar\/0a7b4fc99f07257186745713daa39781b31793a8e9a3284f87c9c220d1bfbd94?s=96&d=mm&r=g\",\"contentUrl\":\"https:\/\/secure.gravatar.com\/avatar\/0a7b4fc99f07257186745713daa39781b31793a8e9a3284f87c9c220d1bfbd94?s=96&d=mm&r=g\",\"caption\":\"Yorvis Chirinos\"},\"url\":\"https:\/\/noti-america.com\/site\/venezuela\/author\/ychirinos\/\"}]}<\/script>\n<!-- \/ Yoast SEO Premium plugin. -->","yoast_head_json":{"title":"Alfonso Mendoza es el nuevo cantante venezolano que nos presenta su tema &#8221; Quiero Quiero&#8221; - Venezuela | Noti-America.com","robots":{"index":"index","follow":"follow","max-snippet":"max-snippet:-1","max-image-preview":"max-image-preview:large","max-video-preview":"max-video-preview:-1"},"canonical":"https:\/\/noti-america.com\/site\/venezuela\/2021\/04\/22\/alfonso-mendoza-es-el-nuevo-cantante-venezolano-que-nso-presenta-su-tema-quiero-quiero\/","og_locale":"es_ES","og_type":"article","og_title":"Alfonso Mendoza es el nuevo cantante venezolano que nos presenta su tema &#8221; Quiero Quiero&#8221;","og_description":"Alfonso Mendoza Alessio, un joven calaboce\u00f1o, ingeniero de producci\u00f3n y magister en finanzas venezolano que inicia su carrera como cantante en marzo de 2021, estrenando su primer sencillo pop urbano \u00abQuiero quiero\u00bb a trav\u00e9s&#46;&#46;&#46;","og_url":"https:\/\/noti-america.com\/site\/venezuela\/2021\/04\/22\/alfonso-mendoza-es-el-nuevo-cantante-venezolano-que-nso-presenta-su-tema-quiero-quiero\/","og_site_name":"Venezuela | Noti-America.com","article_published_time":"2021-04-22T06:03:17+00:00","article_modified_time":"2021-04-23T03:36:26+00:00","og_image":[{"width":1400,"height":1400,"url":"https:\/\/noti-america.com\/site\/venezuela\/wp-content\/uploads\/sites\/2\/2021\/04\/Quiero.jpg","type":"image\/jpeg"}],"author":"Yorvis Chirinos","twitter_card":"summary_large_image","twitter_misc":{"Escrito por":"Yorvis Chirinos","Tiempo estimado de lectura":"3 minutos"},"schema":{"@context":"https:\/\/schema.org","@graph":[{"@type":"Article","@id":"https:\/\/noti-america.com\/site\/venezuela\/2021\/04\/22\/alfonso-mendoza-es-el-nuevo-cantante-venezolano-que-nso-presenta-su-tema-quiero-quiero\/#article","isPartOf":{"@id":"https:\/\/noti-america.com\/site\/venezuela\/2021\/04\/22\/alfonso-mendoza-es-el-nuevo-cantante-venezolano-que-nso-presenta-su-tema-quiero-quiero\/"},"author":{"name":"Yorvis Chirinos","@id":"https:\/\/noti-america.com\/site\/venezuela\/#\/schema\/person\/e26605061ce4ac6a4c3950ac2214c88d"},"headline":"Alfonso Mendoza es el nuevo cantante venezolano que nos presenta su tema &#8221; Quiero Quiero&#8221;","datePublished":"2021-04-22T06:03:17+00:00","dateModified":"2021-04-23T03:36:26+00:00","mainEntityOfPage":{"@id":"https:\/\/noti-america.com\/site\/venezuela\/2021\/04\/22\/alfonso-mendoza-es-el-nuevo-cantante-venezolano-que-nso-presenta-su-tema-quiero-quiero\/"},"wordCount":543,"commentCount":0,"publisher":{"@id":"https:\/\/noti-america.com\/site\/venezuela\/#organization"},"image":{"@id":"https:\/\/noti-america.com\/site\/venezuela\/2021\/04\/22\/alfonso-mendoza-es-el-nuevo-cantante-venezolano-que-nso-presenta-su-tema-quiero-quiero\/#primaryimage"},"thumbnailUrl":"https:\/\/noti-america.com\/site\/venezuela\/wp-content\/uploads\/sites\/2\/2021\/04\/Quiero.jpg","keywords":["portada"],"articleSection":["Arte y Espect\u00e1culos"],"inLanguage":"es","potentialAction":[{"@type":"CommentAction","name":"Comment","target":["https:\/\/noti-america.com\/site\/venezuela\/2021\/04\/22\/alfonso-mendoza-es-el-nuevo-cantante-venezolano-que-nso-presenta-su-tema-quiero-quiero\/#respond"]}]},{"@type":"WebPage","@id":"https:\/\/noti-america.com\/site\/venezuela\/2021\/04\/22\/alfonso-mendoza-es-el-nuevo-cantante-venezolano-que-nso-presenta-su-tema-quiero-quiero\/","url":"https:\/\/noti-america.com\/site\/venezuela\/2021\/04\/22\/alfonso-mendoza-es-el-nuevo-cantante-venezolano-que-nso-presenta-su-tema-quiero-quiero\/","name":"Alfonso Mendoza es el nuevo cantante venezolano que nos presenta su tema &#8221; Quiero Quiero&#8221; - Venezuela | Noti-America.com","isPartOf":{"@id":"https:\/\/noti-america.com\/site\/venezuela\/#website"},"primaryImageOfPage":{"@id":"https:\/\/noti-america.com\/site\/venezuela\/2021\/04\/22\/alfonso-mendoza-es-el-nuevo-cantante-venezolano-que-nso-presenta-su-tema-quiero-quiero\/#primaryimage"},"image":{"@id":"https:\/\/noti-america.com\/site\/venezuela\/2021\/04\/22\/alfonso-mendoza-es-el-nuevo-cantante-venezolano-que-nso-presenta-su-tema-quiero-quiero\/#primaryimage"},"thumbnailUrl":"https:\/\/noti-america.com\/site\/venezuela\/wp-content\/uploads\/sites\/2\/2021\/04\/Quiero.jpg","datePublished":"2021-04-22T06:03:17+00:00","dateModified":"2021-04-23T03:36:26+00:00","breadcrumb":{"@id":"https:\/\/noti-america.com\/site\/venezuela\/2021\/04\/22\/alfonso-mendoza-es-el-nuevo-cantante-venezolano-que-nso-presenta-su-tema-quiero-quiero\/#breadcrumb"},"inLanguage":"es","potentialAction":[{"@type":"ReadAction","target":["https:\/\/noti-america.com\/site\/venezuela\/2021\/04\/22\/alfonso-mendoza-es-el-nuevo-cantante-venezolano-que-nso-presenta-su-tema-quiero-quiero\/"]}]},{"@type":"ImageObject","inLanguage":"es","@id":"https:\/\/noti-america.com\/site\/venezuela\/2021\/04\/22\/alfonso-mendoza-es-el-nuevo-cantante-venezolano-que-nso-presenta-su-tema-quiero-quiero\/#primaryimage","url":"https:\/\/noti-america.com\/site\/venezuela\/wp-content\/uploads\/sites\/2\/2021\/04\/Quiero.jpg","contentUrl":"https:\/\/noti-america.com\/site\/venezuela\/wp-content\/uploads\/sites\/2\/2021\/04\/Quiero.jpg","width":1400,"height":1400},{"@type":"BreadcrumbList","@id":"https:\/\/noti-america.com\/site\/venezuela\/2021\/04\/22\/alfonso-mendoza-es-el-nuevo-cantante-venezolano-que-nso-presenta-su-tema-quiero-quiero\/#breadcrumb","itemListElement":[{"@type":"ListItem","position":1,"name":"Portada","item":"https:\/\/noti-america.com\/site\/venezuela\/"},{"@type":"ListItem","position":2,"name":"Alfonso Mendoza es el nuevo cantante venezolano que nos presenta su tema &#8221; Quiero Quiero&#8221;"}]},{"@type":"WebSite","@id":"https:\/\/noti-america.com\/site\/venezuela\/#website","url":"https:\/\/noti-america.com\/site\/venezuela\/","name":"Venezuela | Noti-America.com","description":"","publisher":{"@id":"https:\/\/noti-america.com\/site\/venezuela\/#organization"},"potentialAction":[{"@type":"SearchAction","target":{"@type":"EntryPoint","urlTemplate":"https:\/\/noti-america.com\/site\/venezuela\/?s={search_term_string}"},"query-input":{"@type":"PropertyValueSpecification","valueRequired":true,"valueName":"search_term_string"}}],"inLanguage":"es"},{"@type":"Organization","@id":"https:\/\/noti-america.com\/site\/venezuela\/#organization","name":"Noti-America LLC | Venezuela","url":"https:\/\/noti-america.com\/site\/venezuela\/","logo":{"@type":"ImageObject","inLanguage":"es","@id":"https:\/\/noti-america.com\/site\/venezuela\/#\/schema\/logo\/image\/","url":"https:\/\/noti-america.com\/site\/venezuela\/wp-content\/uploads\/sites\/2\/2020\/07\/LogoNA-4x3-1.jpg","contentUrl":"https:\/\/noti-america.com\/site\/venezuela\/wp-content\/uploads\/sites\/2\/2020\/07\/LogoNA-4x3-1.jpg","width":1236,"height":1080,"caption":"Noti-America LLC | Venezuela"},"image":{"@id":"https:\/\/noti-america.com\/site\/venezuela\/#\/schema\/logo\/image\/"}},{"@type":"Person","@id":"https:\/\/noti-america.com\/site\/venezuela\/#\/schema\/person\/e26605061ce4ac6a4c3950ac2214c88d","name":"Yorvis Chirinos","image":{"@type":"ImageObject","inLanguage":"es","@id":"https:\/\/secure.gravatar.com\/avatar\/0a7b4fc99f07257186745713daa39781b31793a8e9a3284f87c9c220d1bfbd94?s=96&d=mm&r=g","url":"https:\/\/secure.gravatar.com\/avatar\/0a7b4fc99f07257186745713daa39781b31793a8e9a3284f87c9c220d1bfbd94?s=96&d=mm&r=g","contentUrl":"https:\/\/secure.gravatar.com\/avatar\/0a7b4fc99f07257186745713daa39781b31793a8e9a3284f87c9c220d1bfbd94?s=96&d=mm&r=g","caption":"Yorvis Chirinos"},"url":"https:\/\/noti-america.com\/site\/venezuela\/author\/ychirinos\/"}]}},"_links":{"self":[{"href":"https:\/\/noti-america.com\/site\/venezuela\/wp-json\/wp\/v2\/posts\/14596","targetHints":{"allow":["GET"]}}],"collection":[{"href":"https:\/\/noti-america.com\/site\/venezuela\/wp-json\/wp\/v2\/posts"}],"about":[{"href":"https:\/\/noti-america.com\/site\/venezuela\/wp-json\/wp\/v2\/types\/post"}],"author":[{"embeddable":true,"href":"https:\/\/noti-america.com\/site\/venezuela\/wp-json\/wp\/v2\/users\/115"}],"replies":[{"embeddable":true,"href":"https:\/\/noti-america.com\/site\/venezuela\/wp-json\/wp\/v2\/comments?post=14596"}],"version-history":[{"count":2,"href":"https:\/\/noti-america.com\/site\/venezuela\/wp-json\/wp\/v2\/posts\/14596\/revisions"}],"predecessor-version":[{"id":14599,"href":"https:\/\/noti-america.com\/site\/venezuela\/wp-json\/wp\/v2\/posts\/14596\/revisions\/14599"}],"wp:featuredmedia":[{"embeddable":true,"href":"https:\/\/noti-america.com\/site\/venezuela\/wp-json\/wp\/v2\/media\/14597"}],"wp:attachment":[{"href":"https:\/\/noti-america.com\/site\/venezuela\/wp-json\/wp\/v2\/media?parent=14596"}],"wp:term":[{"taxonomy":"category","embeddable":true,"href":"https:\/\/noti-america.com\/site\/venezuela\/wp-json\/wp\/v2\/categories?post=14596"},{"taxonomy":"post_tag","embeddable":true,"href":"https:\/\/noti-america.com\/site\/venezuela\/wp-json\/wp\/v2\/tags?post=14596"}],"curies":[{"name":"wp","href":"https:\/\/api.w.org\/{rel}","templated":true}]}}