{"id":14555,"date":"2021-04-18T11:35:06","date_gmt":"2021-04-18T11:35:06","guid":{"rendered":"https:\/\/noti-america.com\/site\/venezuela\/2021\/04\/18\/venezuela-victima-mortal-del-comunismo-por-marlon-s-jimenez-garcia\/"},"modified":"2021-04-18T15:35:14","modified_gmt":"2021-04-18T15:35:14","slug":"venezuela-victima-mortal-del-comunismo-por-marlon-s-jimenez-garcia","status":"publish","type":"post","link":"https:\/\/noti-america.com\/site\/venezuela\/2021\/04\/18\/venezuela-victima-mortal-del-comunismo-por-marlon-s-jimenez-garcia\/","title":{"rendered":"VENEZUELA VICTIMA MORTAL DEL\u00a0COMUNISMO  \u00a0Por: Marlon S Jim\u00e9nez Garc\u00eda"},"content":{"rendered":"<p>VENEZUELA | NOTI-AMERICA.COM<\/p>\n<p style=\"text-align: center;\">VENEZUELA VICTIMA MORTAL DEL\u00a0COMUNISMO<\/p>\n<p><img loading=\"lazy\" decoding=\"async\" class=\"alignnone size-full wp-image-13522 aligncenter\" src=\"https:\/\/noti-america.com\/site\/venezuela\/wp-content\/uploads\/sites\/2\/2021\/04\/marlon-jimenez1.jpeg\" alt=\"\" width=\"240\" height=\"180\" \/><\/p>\n<p style=\"text-align: center;\">\u00a0Por: Marlon S Jim\u00e9nez Garc\u00eda<\/p>\n<p>&nbsp;<\/p>\n<p>Nuestra bella Venezuela, en otrora, pa\u00eds de ensue\u00f1o, cuna de inmigrantes en un 95% de am\u00e9rica, Europa, y Asia, tierra de oportunidades, de libertades ciudadanas y fundador en el continente de la pluralidad pol\u00edtica, de la democracia, y de la conformaci\u00f3n de un verdadero Estado de Derecho; es hoy, un pa\u00eds de pesadilla; de ruindad pol\u00edtica, econ\u00f3mica, social y moral. La emigraci\u00f3n es el pan de cada d\u00eda, sobre todo de nuestro principal talento profesional y laboral y est\u00e1 inmerso bajo la dominaci\u00f3n de un r\u00e9gimen dictatorial, que tiene como norte avasallar a todos los factores opositores y contrasta con una pol\u00edtica de persecuci\u00f3n, de c\u00e1rcel y de muerte.<\/p>\n<p>Venezuela es un pa\u00eds donde el hambre, la miseria y la muerte, es una filosof\u00eda de vida del comunismo imperante, no hay posibilidad de alcanzar calidad de vida, cada d\u00eda se disminuye el lapso de vida de nuestro pueblo; en la mal llamada 4ta rep\u00fablica el nivel de vida de su poblaci\u00f3n aument\u00f3, pas\u00f3, desde 1958 a 1998 de 48 a\u00f1os a 72 a\u00f1os, se redujo los \u00edndices de mortalidad a todos los niveles del proceso evolutivo del hombre, lo que \u00edndica a las claras que nuestra calidad de vida mejor\u00f3 a\u00f1o tras a\u00f1o; en la 5ta rep\u00fablica, con la llegada de la \u201crevoluci\u00f3n macabra\u201d de manera revulsiva, la edad de vida\u00a0 ha decrecido porcentualmente en niveles dantescos. Hoy, el principio de la \u201cprimac\u00eda de la realidad\u201d es determinante; el r\u00e9gimen cada d\u00eda reduce, por su impopularidad geom\u00e9trica, su capacidad de convencer al pueblo, su diarrea verbal produce: escozor, arrechera, malestar f\u00edsico y espiritual en el \u00e1mbito de la convivencia familiar y ciudadana, y una actitud intolerable contra aquellos que juegan demag\u00f3gicamente con el hambre y con la muerte de la poblaci\u00f3n; acentuada a cada instante, por los salarios insignificantes y la hiperinflaci\u00f3n que es enemiga de la paz espiritual.<\/p>\n<p>Venezuela, es un pa\u00eds donde es imposible gozar de calidad de vida, millones de conciudadanos salen como \u201calma que lleva el diablo\u201d de nuestras fronteras a buscar horizontes distintos y diversos para poder congraciarse con la esperanza de un mejor vivir: salud, medicinas, comida, trabajo, paz espiritual, libertades ciudadanas, ahorro para ayudar econ\u00f3micamente a su familia en el pa\u00eds; es decir, los comunistas socavaron las bases del desarrollo y de las potencialidades estructurales para convertir a los venezolanos en miserables, harapientos y hambrientos (muertos en vida); es decir, en piltrafas humanas<\/p>\n<p>El engendro, el d\u00eda 14 de abril, manifest\u00f3, a viva voz y en cadena nacional, que ellos NO SE VAN DEL PODER NI POR LAS BUENAS NI POR LAS MALAS, \u00bfqu\u00e9 significa eso?, \u00bfque los esfuerzos que estamos realizando para lograr un pa\u00eds de democracia y libertades, no valen nada? Ese comentario, tenemos que tomarlo en el escenario donde \u00e9l est\u00e1. Est\u00e1 desesperado, no tiene respaldo internacional y cada d\u00eda crece el rechazo a su r\u00e9gimen, en los pocos pa\u00edses que hasta ahora lo han manifestado. La situaci\u00f3n de precariedad del r\u00e9gimen se agrava, porque hasta los cubanos, est\u00e1n a punto de DEJARLE EL PELERO, por las presiones que los chinos y los rusos le est\u00e1n haciendo, para ellos, mejorar las relaciones tensas y peligrosas que tienen con EEUU; y, los cubanos tambi\u00e9n desean mejorar, las de ellos, a los tiempos de Obama.<\/p>\n<p>Adem\u00e1s, el foro de SAO PAULO est\u00e1 consciente que la izquierda tendr\u00e1 muy poco \u00e9xito en lo electoral de seguir este r\u00e9gimen en el poder en Venezuela; cuesti\u00f3n que tendr\u00e1 efectos en las elecciones de Per\u00fa y de Colombia, y hasta en las de Espa\u00f1a a celebrarse pr\u00f3ximamente, igual como las tuvo la semana pasada en Ecuador. La Unidad Nacional, propuesta a realizarse SIN EXCLUSIONES, los pone a tambalear en lo f\u00edsico como en lo psicol\u00f3gico; si esta se consolida, como esperamos fielmente que ocurra, podemos afirmar: digan lo que digan; no tienen ning\u00fan chance, para continuar en el poder; ya sea, como dice el engendro, ni por las buenas ni por las malas.<\/p>\n<p>El comunismo en Cuba, que tiene m\u00e1s de 60 a\u00f1os en el poder, nunca sensibiliz\u00f3 al continente y mas all\u00e1, como est\u00e1 ocurriendo hoy; ese adefesio de la IZQUIERDA PROGRESISTA, llamada as\u00ed, por una cofrad\u00eda de forajidos que se han aprovechado de ello, que utilizan la palabra PUEBLO para cometer, en nombre de \u00e9l, sus fechor\u00edas; han quedado al descubierto con el caso venezolano; nunca se hab\u00eda visto de manera tangible, los efectos mortales del comunismo sobre un pa\u00eds y su pueblo. El mundo civilizado no sale de su asombro al ver como se destruy\u00f3 en tan corto tiempo el pa\u00eds m\u00e1s rico del mundo; que transform\u00f3 a la clase media mejor estructurada del universo, en miserable y ver como se produjo un efecto de inmediato, con la migraci\u00f3n causada que, seg\u00fan los especialistas es la m\u00e1s grande, jam\u00e1s ocurrida, en el mundo, incluyendo las dos guerras mundiales del siglo XX, por la destrucci\u00f3n integral causada.<\/p>\n<p>En Venezuela, es el \u00fanico pa\u00eds del mundo, donde no hay vacunas para el COVID 19 y tampoco para no morir de hambre; la soluci\u00f3n para este coctel macabro, es que el engendro se VAYA PA&#8217;L CARAJO SIN REGRESO Y QUE SE LLEVE A LOS DELINCUENTES QUE LO ACOMPA\u00d1AN; en eso, la sociedad civil con todos sus integrantes en acci\u00f3n, somos los protagonistas de esa salida y vamos a contar, para esa gesta patriota, con los militares institucionales, que son la mayor\u00eda, para levantar las banderas de nuestra CN y por ende de la democracia y de las libertades ciudadanas.\u00a0\u00a0 .<\/p>\n<p>Esperamos lo que viene (que ya est\u00e1) y actuaremos con gallard\u00eda como buenos hijos de Bol\u00edvar. Para luego es tarde.<\/p>\n<p>&nbsp;<\/p>\n<p>Profesor Universitario<\/p>\n<p>marlons.jimenez55@gmail.com<\/p>\n<p>@marjimgar<\/p>\n","protected":false},"excerpt":{"rendered":"<p>VENEZUELA | NOTI-AMERICA.COM VENEZUELA VICTIMA MORTAL DEL\u00a0COMUNISMO \u00a0Por: Marlon S Jim\u00e9nez Garc\u00eda &nbsp; Nuestra bella Venezuela, en otrora, pa\u00eds de ensue\u00f1o, cuna de inmigrantes en un 95% de am\u00e9rica, Europa, y Asia, tierra de&#46;&#46;&#46;<\/p>\n","protected":false},"author":2,"featured_media":13522,"comment_status":"open","ping_status":"open","sticky":false,"template":"","format":"standard","meta":{"_acf_changed":false,"om_disable_all_campaigns":false,"rop_custom_images_group":[],"rop_custom_messages_group":[],"rop_publish_now":"initial","rop_publish_now_accounts":{"twitter_242054905_242054905":""},"rop_publish_now_history":[],"rop_publish_now_status":"pending","_uf_show_specific_survey":0,"_uf_disable_surveys":false,"footnotes":""},"categories":[3],"tags":[],"class_list":["post-14555","post","type-post","status-publish","format-standard","has-post-thumbnail","hentry","category-politica"],"acf":[],"aioseo_notices":[],"yoast_head":"<!-- This site is optimized with the Yoast SEO Premium plugin v24.9 (Yoast SEO v27.2) - https:\/\/yoast.com\/product\/yoast-seo-premium-wordpress\/ -->\n<title>VENEZUELA VICTIMA MORTAL DEL\u00a0COMUNISMO \u00a0Por: Marlon S Jim\u00e9nez Garc\u00eda - Venezuela | Noti-America.com<\/title>\n<meta name=\"robots\" content=\"index, follow, max-snippet:-1, max-image-preview:large, max-video-preview:-1\" \/>\n<link rel=\"canonical\" href=\"https:\/\/noti-america.com\/site\/venezuela\/2021\/04\/18\/venezuela-victima-mortal-del-comunismo-por-marlon-s-jimenez-garcia\/\" \/>\n<meta property=\"og:locale\" content=\"es_ES\" \/>\n<meta property=\"og:type\" content=\"article\" \/>\n<meta property=\"og:title\" content=\"VENEZUELA VICTIMA MORTAL DEL\u00a0COMUNISMO \u00a0Por: Marlon S Jim\u00e9nez Garc\u00eda\" \/>\n<meta property=\"og:description\" content=\"VENEZUELA | NOTI-AMERICA.COM VENEZUELA VICTIMA MORTAL DEL\u00a0COMUNISMO \u00a0Por: Marlon S Jim\u00e9nez Garc\u00eda &nbsp; Nuestra bella Venezuela, en otrora, pa\u00eds de ensue\u00f1o, cuna de inmigrantes en un 95% de am\u00e9rica, Europa, y Asia, tierra de&#046;&#046;&#046;\" \/>\n<meta property=\"og:url\" content=\"https:\/\/noti-america.com\/site\/venezuela\/2021\/04\/18\/venezuela-victima-mortal-del-comunismo-por-marlon-s-jimenez-garcia\/\" \/>\n<meta property=\"og:site_name\" content=\"Venezuela | Noti-America.com\" \/>\n<meta property=\"article:published_time\" content=\"2021-04-18T11:35:06+00:00\" \/>\n<meta property=\"article:modified_time\" content=\"2021-04-18T15:35:14+00:00\" \/>\n<meta property=\"og:image\" content=\"https:\/\/noti-america.com\/site\/venezuela\/wp-content\/uploads\/sites\/2\/2020\/11\/marlon-jimenez1.jpeg\" \/>\n\t<meta property=\"og:image:width\" content=\"1\" \/>\n\t<meta property=\"og:image:height\" content=\"1\" \/>\n\t<meta property=\"og:image:type\" content=\"image\/jpeg\" \/>\n<meta name=\"author\" content=\"rloaiza\" \/>\n<meta name=\"twitter:card\" content=\"summary_large_image\" \/>\n<meta name=\"twitter:label1\" content=\"Escrito por\" \/>\n\t<meta name=\"twitter:data1\" content=\"rloaiza\" \/>\n\t<meta name=\"twitter:label2\" content=\"Tiempo estimado de lectura\" \/>\n\t<meta name=\"twitter:data2\" content=\"5 minutos\" \/>\n<script type=\"application\/ld+json\" class=\"yoast-schema-graph\">{\"@context\":\"https:\/\/schema.org\",\"@graph\":[{\"@type\":\"Article\",\"@id\":\"https:\/\/noti-america.com\/site\/venezuela\/2021\/04\/18\/venezuela-victima-mortal-del-comunismo-por-marlon-s-jimenez-garcia\/#article\",\"isPartOf\":{\"@id\":\"https:\/\/noti-america.com\/site\/venezuela\/2021\/04\/18\/venezuela-victima-mortal-del-comunismo-por-marlon-s-jimenez-garcia\/\"},\"author\":{\"name\":\"rloaiza\",\"@id\":\"https:\/\/noti-america.com\/site\/venezuela\/#\/schema\/person\/a2e478ba496331ce89bcd0c731cd6533\"},\"headline\":\"VENEZUELA VICTIMA MORTAL DEL\u00a0COMUNISMO \u00a0Por: Marlon S Jim\u00e9nez Garc\u00eda\",\"datePublished\":\"2021-04-18T11:35:06+00:00\",\"dateModified\":\"2021-04-18T15:35:14+00:00\",\"mainEntityOfPage\":{\"@id\":\"https:\/\/noti-america.com\/site\/venezuela\/2021\/04\/18\/venezuela-victima-mortal-del-comunismo-por-marlon-s-jimenez-garcia\/\"},\"wordCount\":1037,\"commentCount\":0,\"publisher\":{\"@id\":\"https:\/\/noti-america.com\/site\/venezuela\/#organization\"},\"image\":{\"@id\":\"https:\/\/noti-america.com\/site\/venezuela\/2021\/04\/18\/venezuela-victima-mortal-del-comunismo-por-marlon-s-jimenez-garcia\/#primaryimage\"},\"thumbnailUrl\":\"https:\/\/noti-america.com\/site\/venezuela\/wp-content\/uploads\/sites\/2\/2020\/11\/marlon-jimenez1.jpeg\",\"articleSection\":[\"Pol\u00edtica\"],\"inLanguage\":\"es\",\"potentialAction\":[{\"@type\":\"CommentAction\",\"name\":\"Comment\",\"target\":[\"https:\/\/noti-america.com\/site\/venezuela\/2021\/04\/18\/venezuela-victima-mortal-del-comunismo-por-marlon-s-jimenez-garcia\/#respond\"]}]},{\"@type\":\"WebPage\",\"@id\":\"https:\/\/noti-america.com\/site\/venezuela\/2021\/04\/18\/venezuela-victima-mortal-del-comunismo-por-marlon-s-jimenez-garcia\/\",\"url\":\"https:\/\/noti-america.com\/site\/venezuela\/2021\/04\/18\/venezuela-victima-mortal-del-comunismo-por-marlon-s-jimenez-garcia\/\",\"name\":\"VENEZUELA VICTIMA MORTAL DEL\u00a0COMUNISMO \u00a0Por: Marlon S Jim\u00e9nez Garc\u00eda - Venezuela | Noti-America.com\",\"isPartOf\":{\"@id\":\"https:\/\/noti-america.com\/site\/venezuela\/#website\"},\"primaryImageOfPage\":{\"@id\":\"https:\/\/noti-america.com\/site\/venezuela\/2021\/04\/18\/venezuela-victima-mortal-del-comunismo-por-marlon-s-jimenez-garcia\/#primaryimage\"},\"image\":{\"@id\":\"https:\/\/noti-america.com\/site\/venezuela\/2021\/04\/18\/venezuela-victima-mortal-del-comunismo-por-marlon-s-jimenez-garcia\/#primaryimage\"},\"thumbnailUrl\":\"https:\/\/noti-america.com\/site\/venezuela\/wp-content\/uploads\/sites\/2\/2020\/11\/marlon-jimenez1.jpeg\",\"datePublished\":\"2021-04-18T11:35:06+00:00\",\"dateModified\":\"2021-04-18T15:35:14+00:00\",\"breadcrumb\":{\"@id\":\"https:\/\/noti-america.com\/site\/venezuela\/2021\/04\/18\/venezuela-victima-mortal-del-comunismo-por-marlon-s-jimenez-garcia\/#breadcrumb\"},\"inLanguage\":\"es\",\"potentialAction\":[{\"@type\":\"ReadAction\",\"target\":[\"https:\/\/noti-america.com\/site\/venezuela\/2021\/04\/18\/venezuela-victima-mortal-del-comunismo-por-marlon-s-jimenez-garcia\/\"]}]},{\"@type\":\"ImageObject\",\"inLanguage\":\"es\",\"@id\":\"https:\/\/noti-america.com\/site\/venezuela\/2021\/04\/18\/venezuela-victima-mortal-del-comunismo-por-marlon-s-jimenez-garcia\/#primaryimage\",\"url\":\"https:\/\/noti-america.com\/site\/venezuela\/wp-content\/uploads\/sites\/2\/2020\/11\/marlon-jimenez1.jpeg\",\"contentUrl\":\"https:\/\/noti-america.com\/site\/venezuela\/wp-content\/uploads\/sites\/2\/2020\/11\/marlon-jimenez1.jpeg\"},{\"@type\":\"BreadcrumbList\",\"@id\":\"https:\/\/noti-america.com\/site\/venezuela\/2021\/04\/18\/venezuela-victima-mortal-del-comunismo-por-marlon-s-jimenez-garcia\/#breadcrumb\",\"itemListElement\":[{\"@type\":\"ListItem\",\"position\":1,\"name\":\"Portada\",\"item\":\"https:\/\/noti-america.com\/site\/venezuela\/\"},{\"@type\":\"ListItem\",\"position\":2,\"name\":\"VENEZUELA VICTIMA MORTAL DEL\u00a0COMUNISMO \u00a0Por: Marlon S Jim\u00e9nez Garc\u00eda\"}]},{\"@type\":\"WebSite\",\"@id\":\"https:\/\/noti-america.com\/site\/venezuela\/#website\",\"url\":\"https:\/\/noti-america.com\/site\/venezuela\/\",\"name\":\"Venezuela | Noti-America.com\",\"description\":\"\",\"publisher\":{\"@id\":\"https:\/\/noti-america.com\/site\/venezuela\/#organization\"},\"potentialAction\":[{\"@type\":\"SearchAction\",\"target\":{\"@type\":\"EntryPoint\",\"urlTemplate\":\"https:\/\/noti-america.com\/site\/venezuela\/?s={search_term_string}\"},\"query-input\":{\"@type\":\"PropertyValueSpecification\",\"valueRequired\":true,\"valueName\":\"search_term_string\"}}],\"inLanguage\":\"es\"},{\"@type\":\"Organization\",\"@id\":\"https:\/\/noti-america.com\/site\/venezuela\/#organization\",\"name\":\"Noti-America LLC | Venezuela\",\"url\":\"https:\/\/noti-america.com\/site\/venezuela\/\",\"logo\":{\"@type\":\"ImageObject\",\"inLanguage\":\"es\",\"@id\":\"https:\/\/noti-america.com\/site\/venezuela\/#\/schema\/logo\/image\/\",\"url\":\"https:\/\/noti-america.com\/site\/venezuela\/wp-content\/uploads\/sites\/2\/2020\/07\/LogoNA-4x3-1.jpg\",\"contentUrl\":\"https:\/\/noti-america.com\/site\/venezuela\/wp-content\/uploads\/sites\/2\/2020\/07\/LogoNA-4x3-1.jpg\",\"width\":1236,\"height\":1080,\"caption\":\"Noti-America LLC | Venezuela\"},\"image\":{\"@id\":\"https:\/\/noti-america.com\/site\/venezuela\/#\/schema\/logo\/image\/\"}},{\"@type\":\"Person\",\"@id\":\"https:\/\/noti-america.com\/site\/venezuela\/#\/schema\/person\/a2e478ba496331ce89bcd0c731cd6533\",\"name\":\"rloaiza\",\"image\":{\"@type\":\"ImageObject\",\"inLanguage\":\"es\",\"@id\":\"https:\/\/secure.gravatar.com\/avatar\/190058e5d4427934610b99c45aa7a6558806850adedd53ddeddd194b04773e22?s=96&d=mm&r=g\",\"url\":\"https:\/\/secure.gravatar.com\/avatar\/190058e5d4427934610b99c45aa7a6558806850adedd53ddeddd194b04773e22?s=96&d=mm&r=g\",\"contentUrl\":\"https:\/\/secure.gravatar.com\/avatar\/190058e5d4427934610b99c45aa7a6558806850adedd53ddeddd194b04773e22?s=96&d=mm&r=g\",\"caption\":\"rloaiza\"},\"url\":\"https:\/\/noti-america.com\/site\/venezuela\/author\/rloaiza\/\"}]}<\/script>\n<!-- \/ Yoast SEO Premium plugin. -->","yoast_head_json":{"title":"VENEZUELA VICTIMA MORTAL DEL\u00a0COMUNISMO \u00a0Por: Marlon S Jim\u00e9nez Garc\u00eda - Venezuela | Noti-America.com","robots":{"index":"index","follow":"follow","max-snippet":"max-snippet:-1","max-image-preview":"max-image-preview:large","max-video-preview":"max-video-preview:-1"},"canonical":"https:\/\/noti-america.com\/site\/venezuela\/2021\/04\/18\/venezuela-victima-mortal-del-comunismo-por-marlon-s-jimenez-garcia\/","og_locale":"es_ES","og_type":"article","og_title":"VENEZUELA VICTIMA MORTAL DEL\u00a0COMUNISMO \u00a0Por: Marlon S Jim\u00e9nez Garc\u00eda","og_description":"VENEZUELA | NOTI-AMERICA.COM VENEZUELA VICTIMA MORTAL DEL\u00a0COMUNISMO \u00a0Por: Marlon S Jim\u00e9nez Garc\u00eda &nbsp; Nuestra bella Venezuela, en otrora, pa\u00eds de ensue\u00f1o, cuna de inmigrantes en un 95% de am\u00e9rica, Europa, y Asia, tierra de&#46;&#46;&#46;","og_url":"https:\/\/noti-america.com\/site\/venezuela\/2021\/04\/18\/venezuela-victima-mortal-del-comunismo-por-marlon-s-jimenez-garcia\/","og_site_name":"Venezuela | Noti-America.com","article_published_time":"2021-04-18T11:35:06+00:00","article_modified_time":"2021-04-18T15:35:14+00:00","og_image":[{"url":"https:\/\/noti-america.com\/site\/venezuela\/wp-content\/uploads\/sites\/2\/2020\/11\/marlon-jimenez1.jpeg","width":1,"height":1,"type":"image\/jpeg"}],"author":"rloaiza","twitter_card":"summary_large_image","twitter_misc":{"Escrito por":"rloaiza","Tiempo estimado de lectura":"5 minutos"},"schema":{"@context":"https:\/\/schema.org","@graph":[{"@type":"Article","@id":"https:\/\/noti-america.com\/site\/venezuela\/2021\/04\/18\/venezuela-victima-mortal-del-comunismo-por-marlon-s-jimenez-garcia\/#article","isPartOf":{"@id":"https:\/\/noti-america.com\/site\/venezuela\/2021\/04\/18\/venezuela-victima-mortal-del-comunismo-por-marlon-s-jimenez-garcia\/"},"author":{"name":"rloaiza","@id":"https:\/\/noti-america.com\/site\/venezuela\/#\/schema\/person\/a2e478ba496331ce89bcd0c731cd6533"},"headline":"VENEZUELA VICTIMA MORTAL DEL\u00a0COMUNISMO \u00a0Por: Marlon S Jim\u00e9nez Garc\u00eda","datePublished":"2021-04-18T11:35:06+00:00","dateModified":"2021-04-18T15:35:14+00:00","mainEntityOfPage":{"@id":"https:\/\/noti-america.com\/site\/venezuela\/2021\/04\/18\/venezuela-victima-mortal-del-comunismo-por-marlon-s-jimenez-garcia\/"},"wordCount":1037,"commentCount":0,"publisher":{"@id":"https:\/\/noti-america.com\/site\/venezuela\/#organization"},"image":{"@id":"https:\/\/noti-america.com\/site\/venezuela\/2021\/04\/18\/venezuela-victima-mortal-del-comunismo-por-marlon-s-jimenez-garcia\/#primaryimage"},"thumbnailUrl":"https:\/\/noti-america.com\/site\/venezuela\/wp-content\/uploads\/sites\/2\/2020\/11\/marlon-jimenez1.jpeg","articleSection":["Pol\u00edtica"],"inLanguage":"es","potentialAction":[{"@type":"CommentAction","name":"Comment","target":["https:\/\/noti-america.com\/site\/venezuela\/2021\/04\/18\/venezuela-victima-mortal-del-comunismo-por-marlon-s-jimenez-garcia\/#respond"]}]},{"@type":"WebPage","@id":"https:\/\/noti-america.com\/site\/venezuela\/2021\/04\/18\/venezuela-victima-mortal-del-comunismo-por-marlon-s-jimenez-garcia\/","url":"https:\/\/noti-america.com\/site\/venezuela\/2021\/04\/18\/venezuela-victima-mortal-del-comunismo-por-marlon-s-jimenez-garcia\/","name":"VENEZUELA VICTIMA MORTAL DEL\u00a0COMUNISMO \u00a0Por: Marlon S Jim\u00e9nez Garc\u00eda - Venezuela | Noti-America.com","isPartOf":{"@id":"https:\/\/noti-america.com\/site\/venezuela\/#website"},"primaryImageOfPage":{"@id":"https:\/\/noti-america.com\/site\/venezuela\/2021\/04\/18\/venezuela-victima-mortal-del-comunismo-por-marlon-s-jimenez-garcia\/#primaryimage"},"image":{"@id":"https:\/\/noti-america.com\/site\/venezuela\/2021\/04\/18\/venezuela-victima-mortal-del-comunismo-por-marlon-s-jimenez-garcia\/#primaryimage"},"thumbnailUrl":"https:\/\/noti-america.com\/site\/venezuela\/wp-content\/uploads\/sites\/2\/2020\/11\/marlon-jimenez1.jpeg","datePublished":"2021-04-18T11:35:06+00:00","dateModified":"2021-04-18T15:35:14+00:00","breadcrumb":{"@id":"https:\/\/noti-america.com\/site\/venezuela\/2021\/04\/18\/venezuela-victima-mortal-del-comunismo-por-marlon-s-jimenez-garcia\/#breadcrumb"},"inLanguage":"es","potentialAction":[{"@type":"ReadAction","target":["https:\/\/noti-america.com\/site\/venezuela\/2021\/04\/18\/venezuela-victima-mortal-del-comunismo-por-marlon-s-jimenez-garcia\/"]}]},{"@type":"ImageObject","inLanguage":"es","@id":"https:\/\/noti-america.com\/site\/venezuela\/2021\/04\/18\/venezuela-victima-mortal-del-comunismo-por-marlon-s-jimenez-garcia\/#primaryimage","url":"https:\/\/noti-america.com\/site\/venezuela\/wp-content\/uploads\/sites\/2\/2020\/11\/marlon-jimenez1.jpeg","contentUrl":"https:\/\/noti-america.com\/site\/venezuela\/wp-content\/uploads\/sites\/2\/2020\/11\/marlon-jimenez1.jpeg"},{"@type":"BreadcrumbList","@id":"https:\/\/noti-america.com\/site\/venezuela\/2021\/04\/18\/venezuela-victima-mortal-del-comunismo-por-marlon-s-jimenez-garcia\/#breadcrumb","itemListElement":[{"@type":"ListItem","position":1,"name":"Portada","item":"https:\/\/noti-america.com\/site\/venezuela\/"},{"@type":"ListItem","position":2,"name":"VENEZUELA VICTIMA MORTAL DEL\u00a0COMUNISMO \u00a0Por: Marlon S Jim\u00e9nez Garc\u00eda"}]},{"@type":"WebSite","@id":"https:\/\/noti-america.com\/site\/venezuela\/#website","url":"https:\/\/noti-america.com\/site\/venezuela\/","name":"Venezuela | Noti-America.com","description":"","publisher":{"@id":"https:\/\/noti-america.com\/site\/venezuela\/#organization"},"potentialAction":[{"@type":"SearchAction","target":{"@type":"EntryPoint","urlTemplate":"https:\/\/noti-america.com\/site\/venezuela\/?s={search_term_string}"},"query-input":{"@type":"PropertyValueSpecification","valueRequired":true,"valueName":"search_term_string"}}],"inLanguage":"es"},{"@type":"Organization","@id":"https:\/\/noti-america.com\/site\/venezuela\/#organization","name":"Noti-America LLC | Venezuela","url":"https:\/\/noti-america.com\/site\/venezuela\/","logo":{"@type":"ImageObject","inLanguage":"es","@id":"https:\/\/noti-america.com\/site\/venezuela\/#\/schema\/logo\/image\/","url":"https:\/\/noti-america.com\/site\/venezuela\/wp-content\/uploads\/sites\/2\/2020\/07\/LogoNA-4x3-1.jpg","contentUrl":"https:\/\/noti-america.com\/site\/venezuela\/wp-content\/uploads\/sites\/2\/2020\/07\/LogoNA-4x3-1.jpg","width":1236,"height":1080,"caption":"Noti-America LLC | Venezuela"},"image":{"@id":"https:\/\/noti-america.com\/site\/venezuela\/#\/schema\/logo\/image\/"}},{"@type":"Person","@id":"https:\/\/noti-america.com\/site\/venezuela\/#\/schema\/person\/a2e478ba496331ce89bcd0c731cd6533","name":"rloaiza","image":{"@type":"ImageObject","inLanguage":"es","@id":"https:\/\/secure.gravatar.com\/avatar\/190058e5d4427934610b99c45aa7a6558806850adedd53ddeddd194b04773e22?s=96&d=mm&r=g","url":"https:\/\/secure.gravatar.com\/avatar\/190058e5d4427934610b99c45aa7a6558806850adedd53ddeddd194b04773e22?s=96&d=mm&r=g","contentUrl":"https:\/\/secure.gravatar.com\/avatar\/190058e5d4427934610b99c45aa7a6558806850adedd53ddeddd194b04773e22?s=96&d=mm&r=g","caption":"rloaiza"},"url":"https:\/\/noti-america.com\/site\/venezuela\/author\/rloaiza\/"}]}},"_links":{"self":[{"href":"https:\/\/noti-america.com\/site\/venezuela\/wp-json\/wp\/v2\/posts\/14555","targetHints":{"allow":["GET"]}}],"collection":[{"href":"https:\/\/noti-america.com\/site\/venezuela\/wp-json\/wp\/v2\/posts"}],"about":[{"href":"https:\/\/noti-america.com\/site\/venezuela\/wp-json\/wp\/v2\/types\/post"}],"author":[{"embeddable":true,"href":"https:\/\/noti-america.com\/site\/venezuela\/wp-json\/wp\/v2\/users\/2"}],"replies":[{"embeddable":true,"href":"https:\/\/noti-america.com\/site\/venezuela\/wp-json\/wp\/v2\/comments?post=14555"}],"version-history":[{"count":1,"href":"https:\/\/noti-america.com\/site\/venezuela\/wp-json\/wp\/v2\/posts\/14555\/revisions"}],"predecessor-version":[{"id":14556,"href":"https:\/\/noti-america.com\/site\/venezuela\/wp-json\/wp\/v2\/posts\/14555\/revisions\/14556"}],"wp:featuredmedia":[{"embeddable":true,"href":"https:\/\/noti-america.com\/site\/venezuela\/wp-json\/wp\/v2\/media\/13522"}],"wp:attachment":[{"href":"https:\/\/noti-america.com\/site\/venezuela\/wp-json\/wp\/v2\/media?parent=14555"}],"wp:term":[{"taxonomy":"category","embeddable":true,"href":"https:\/\/noti-america.com\/site\/venezuela\/wp-json\/wp\/v2\/categories?post=14555"},{"taxonomy":"post_tag","embeddable":true,"href":"https:\/\/noti-america.com\/site\/venezuela\/wp-json\/wp\/v2\/tags?post=14555"}],"curies":[{"name":"wp","href":"https:\/\/api.w.org\/{rel}","templated":true}]}}