{"id":1414,"date":"2018-01-07T16:49:46","date_gmt":"2018-01-07T16:49:46","guid":{"rendered":"http:\/\/noti-america.com\/site\/venezuela\/?p=1414"},"modified":"2018-01-07T16:49:46","modified_gmt":"2018-01-07T16:49:46","slug":"trabajadores-de-pdvsa-protestan-por-hambre","status":"publish","type":"post","link":"https:\/\/noti-america.com\/site\/venezuela\/2018\/01\/07\/trabajadores-de-pdvsa-protestan-por-hambre\/","title":{"rendered":"Trabajadores de PDVSA protestan por hambre"},"content":{"rendered":"<p>Los churupos, \u00a1No les alcanzan! Trabajadores de Petrocede\u00f1o, filial de PDVSA, usaron sus cascos como cacerolas en una protesta la noche del s\u00e1bado -6 de enero 2018-, para exigir aumento salarial, tal como qued\u00f3 expuesto a trav\u00e9s de las redes, desde las instancias de la petrolera venezolana.<\/p>\n<p>https:\/\/www.youtube.com\/watch?v=y2buYRT4vUc<\/p>\n<p>Comentarios como este: \u00abREBELION EN LA GRANJA DE LOS ROJOS <strong>Trabajadores de Petrocede\u00f1o<\/strong> sonaron sus ollas para exigir ajuste salarial\u00bb, describen el malestar de ciudadanos que se sienten afectados por la severa crisis que se enfrenta en el pa\u00eds.<\/p>\n<div class=\"stream-item-header\">\n<div class=\"ProfileTweet-action ProfileTweet-action--more js-more-ProfileTweet-actions\">\n<div class=\"dropdown\"><\/div>\n<\/div>\n<\/div>\n<div class=\"js-tweet-text-container\">\n<blockquote>\n<p class=\"TweetTextSize  js-tweet-text tweet-text\" lang=\"es\">Los CASTROCHAVISTAS tienen un cerebro muy sencillo. Todo el que protesta por sus derechos o toca cacerolas como <strong>Trabajadores de Petrocede\u00f1o<\/strong> es un \u00abESCU\u00c1LIDO\u00bb. Y todo jalabola as\u00ed sea por ladr\u00f3n que hable bien de la tiran\u00eda es un \u00abgran patriota revolucionario.\u00bb hasta q se volt\u00e9e.- @newtonmatamoros<\/p>\n<p lang=\"es\"><img decoding=\"async\" src=\"https:\/\/pbs.twimg.com\/media\/DS8c3-tXUAIC8bG.jpg\" \/><\/p>\n<p lang=\"es\"><strong>Se destacaron consignas como \u201cmis hijos tienen hambre\u201d, en rechazo al sueldo que obtienen diariamente a cambio de su trabajo<\/strong>.<\/p>\n<\/blockquote>\n<p lang=\"es\">Cabe destacar que desde finales del mes de diciembre las protestas en Venezuela se han intensificado en varios sectores de la poblaci\u00f3n a causa de la falta de alimentos y los problemas en materia econ\u00f3mica que viene afectando a todo el pa\u00eds con una inflaci\u00f3n que cerr\u00f3 en 2017 en aproximadamente 2500% seg\u00fan cifras extraoficiales.<\/p>\n<p>https:\/\/www.youtube.com\/watch?v=-tNGrGpS0Ig<\/p>\n<\/div>\n<blockquote class=\"twitter-tweet\" data-width=\"500\" data-dnt=\"true\">\n<p lang=\"es\" dir=\"ltr\">&quot;Trabajadores de Petrocede\u00f1o&quot; en el pasado gritaban <a href=\"https:\/\/twitter.com\/hashtag\/UhAhChavezNoSeVa?src=hash&amp;ref_src=twsrc%5Etfw\">#UhAhChavezNoSeVa<\/a><br \/>Ahora saben el error que fue gritar la consigna!<br \/>Nunca es tarde para sacar el cartelito que <a href=\"https:\/\/twitter.com\/hashtag\/FueraMaduro?src=hash&amp;ref_src=twsrc%5Etfw\">#FueraMaduro<\/a><\/p>\n<p>&mdash; G\u00e9G\u00e9 (@GegeRpz) <a href=\"https:\/\/twitter.com\/GegeRpz\/status\/950009953263280129?ref_src=twsrc%5Etfw\">January 7, 2018<\/a><\/p><\/blockquote>\n<p><script async src=\"https:\/\/platform.twitter.com\/widgets.js\" charset=\"utf-8\"><\/script><\/p>\n<h2>PDVSA NO ATIENDE MERCADO NACIONAL<\/h2>\n<blockquote><p>Falta de repuestos, lubricantes, cauchos, baterias, y m\u00e1s est\u00e1n obligando a los venezolanos a \u00abarrumar\u00bb veh\u00edculos por no poder mantener o reparar, a consecuencia de elevados costos de los mismos.<\/p><\/blockquote>\n<p>Recordemos que uno de los graves problemas que se vienen presentando es la paralizaci\u00f3n de sector automotor a consecuencia de no contar con aceites de motor y lubricantes, situaci\u00f3n que a\u00fan no ha esclarecido el Gobierno Nacional, sin embargo han surgido aclaratorias de parte de sindicalistas y personalidades involucradas directamente con la petrolera.<\/p>\n<p>En este sentido resaltan las declaraciones de Ivan Freites, Secretario de la Federaci\u00f3n de trabajadores petroleros de PDVSA, quien ha denunciado en diversas oportunidades las irregularidades que han generado el severo deterioro de la industria petrolera, y por ende culpa a las autoridades por entregar activos internacionales, como el caso de las instalaciones de Bonaire, y el recientemente sonado caso de la entrega de la Refiner\u00eda Cienfuegos a Cuba, por uina supuesta deuda con la isla.<\/p>\n<div class=\"video-container\"><iframe loading=\"lazy\" title=\"Venezuela - Trabajadores petroleros denuncian irregularidades dentro de Pdvsa  - VPITV\" width=\"500\" height=\"281\" src=\"https:\/\/www.youtube.com\/embed\/sT2FqGMpAG4?feature=oembed&#038;wmode=opaque\" frameborder=\"0\" allow=\"accelerometer; autoplay; clipboard-write; encrypted-media; gyroscope; picture-in-picture; web-share\" referrerpolicy=\"strict-origin-when-cross-origin\" allowfullscreen><\/iframe><\/div>\n<p>&nbsp;<\/p>\n","protected":false},"excerpt":{"rendered":"<p>Los churupos, \u00a1No les alcanzan! Trabajadores de Petrocede\u00f1o, filial de PDVSA, usaron sus cascos como cacerolas en una protesta la noche del s\u00e1bado -6 de enero 2018-, para exigir aumento salarial, tal como qued\u00f3&#46;&#46;&#46;<\/p>\n","protected":false},"author":11,"featured_media":1416,"comment_status":"open","ping_status":"open","sticky":false,"template":"","format":"standard","meta":{"_acf_changed":false,"om_disable_all_campaigns":false,"rop_custom_images_group":[],"rop_custom_messages_group":[],"rop_publish_now":"initial","rop_publish_now_accounts":{"twitter_242054905_242054905":""},"rop_publish_now_history":[],"rop_publish_now_status":"pending","_uf_show_specific_survey":0,"_uf_disable_surveys":false,"footnotes":""},"categories":[5,4,12,3,11],"tags":[],"class_list":["post-1414","post","type-post","status-publish","format-standard","has-post-thumbnail","hentry","category-economia","category-internacionales","category-opinion","category-politica","category-sucesos"],"acf":[],"aioseo_notices":[],"yoast_head":"<!-- This site is optimized with the Yoast SEO Premium plugin v24.9 (Yoast SEO v27.2) - https:\/\/yoast.com\/product\/yoast-seo-premium-wordpress\/ -->\n<title>Trabajadores de PDVSA protestan por hambre - Venezuela | Noti-America.com<\/title>\n<meta name=\"robots\" content=\"index, follow, max-snippet:-1, max-image-preview:large, max-video-preview:-1\" \/>\n<link rel=\"canonical\" href=\"https:\/\/noti-america.com\/site\/venezuela\/2018\/01\/07\/trabajadores-de-pdvsa-protestan-por-hambre\/\" \/>\n<meta property=\"og:locale\" content=\"es_ES\" \/>\n<meta property=\"og:type\" content=\"article\" \/>\n<meta property=\"og:title\" content=\"Trabajadores de PDVSA protestan por hambre\" \/>\n<meta property=\"og:description\" content=\"Los churupos, \u00a1No les alcanzan! Trabajadores de Petrocede\u00f1o, filial de PDVSA, usaron sus cascos como cacerolas en una protesta la noche del s\u00e1bado -6 de enero 2018-, para exigir aumento salarial, tal como qued\u00f3&#046;&#046;&#046;\" \/>\n<meta property=\"og:url\" content=\"https:\/\/noti-america.com\/site\/venezuela\/2018\/01\/07\/trabajadores-de-pdvsa-protestan-por-hambre\/\" \/>\n<meta property=\"og:site_name\" content=\"Venezuela | Noti-America.com\" \/>\n<meta property=\"article:published_time\" content=\"2018-01-07T16:49:46+00:00\" \/>\n<meta property=\"og:image\" content=\"https:\/\/noti-america.com\/site\/venezuela\/wp-content\/uploads\/sites\/2\/2018\/01\/petrocede\u00f1o-pdvsa.jpg\" \/>\n\t<meta property=\"og:image:width\" content=\"793\" \/>\n\t<meta property=\"og:image:height\" content=\"460\" \/>\n\t<meta property=\"og:image:type\" content=\"image\/jpeg\" \/>\n<meta name=\"author\" content=\"Yliana Duque\" \/>\n<meta name=\"twitter:card\" content=\"summary_large_image\" \/>\n<meta name=\"twitter:creator\" content=\"@ylianaduque\" \/>\n<meta name=\"twitter:label1\" content=\"Escrito por\" \/>\n\t<meta name=\"twitter:data1\" content=\"Yliana Duque\" \/>\n\t<meta name=\"twitter:label2\" content=\"Tiempo estimado de lectura\" \/>\n\t<meta name=\"twitter:data2\" content=\"2 minutos\" \/>\n<script type=\"application\/ld+json\" class=\"yoast-schema-graph\">{\"@context\":\"https:\/\/schema.org\",\"@graph\":[{\"@type\":\"Article\",\"@id\":\"https:\/\/noti-america.com\/site\/venezuela\/2018\/01\/07\/trabajadores-de-pdvsa-protestan-por-hambre\/#article\",\"isPartOf\":{\"@id\":\"https:\/\/noti-america.com\/site\/venezuela\/2018\/01\/07\/trabajadores-de-pdvsa-protestan-por-hambre\/\"},\"author\":{\"name\":\"Yliana Duque\",\"@id\":\"https:\/\/noti-america.com\/site\/venezuela\/#\/schema\/person\/a166d9d45f249dbd09521fbc2e7342d8\"},\"headline\":\"Trabajadores de PDVSA protestan por hambre\",\"datePublished\":\"2018-01-07T16:49:46+00:00\",\"mainEntityOfPage\":{\"@id\":\"https:\/\/noti-america.com\/site\/venezuela\/2018\/01\/07\/trabajadores-de-pdvsa-protestan-por-hambre\/\"},\"wordCount\":431,\"commentCount\":0,\"publisher\":{\"@id\":\"https:\/\/noti-america.com\/site\/venezuela\/#organization\"},\"image\":{\"@id\":\"https:\/\/noti-america.com\/site\/venezuela\/2018\/01\/07\/trabajadores-de-pdvsa-protestan-por-hambre\/#primaryimage\"},\"thumbnailUrl\":\"https:\/\/noti-america.com\/site\/venezuela\/wp-content\/uploads\/sites\/2\/2018\/01\/petrocede\u00f1o-pdvsa.jpg\",\"articleSection\":[\"Econom\u00eda\",\"Internacionales\",\"Opini\u00f3n\",\"Pol\u00edtica\",\"Sucesos\"],\"inLanguage\":\"es\",\"potentialAction\":[{\"@type\":\"CommentAction\",\"name\":\"Comment\",\"target\":[\"https:\/\/noti-america.com\/site\/venezuela\/2018\/01\/07\/trabajadores-de-pdvsa-protestan-por-hambre\/#respond\"]}]},{\"@type\":\"WebPage\",\"@id\":\"https:\/\/noti-america.com\/site\/venezuela\/2018\/01\/07\/trabajadores-de-pdvsa-protestan-por-hambre\/\",\"url\":\"https:\/\/noti-america.com\/site\/venezuela\/2018\/01\/07\/trabajadores-de-pdvsa-protestan-por-hambre\/\",\"name\":\"Trabajadores de PDVSA protestan por hambre - Venezuela | Noti-America.com\",\"isPartOf\":{\"@id\":\"https:\/\/noti-america.com\/site\/venezuela\/#website\"},\"primaryImageOfPage\":{\"@id\":\"https:\/\/noti-america.com\/site\/venezuela\/2018\/01\/07\/trabajadores-de-pdvsa-protestan-por-hambre\/#primaryimage\"},\"image\":{\"@id\":\"https:\/\/noti-america.com\/site\/venezuela\/2018\/01\/07\/trabajadores-de-pdvsa-protestan-por-hambre\/#primaryimage\"},\"thumbnailUrl\":\"https:\/\/noti-america.com\/site\/venezuela\/wp-content\/uploads\/sites\/2\/2018\/01\/petrocede\u00f1o-pdvsa.jpg\",\"datePublished\":\"2018-01-07T16:49:46+00:00\",\"breadcrumb\":{\"@id\":\"https:\/\/noti-america.com\/site\/venezuela\/2018\/01\/07\/trabajadores-de-pdvsa-protestan-por-hambre\/#breadcrumb\"},\"inLanguage\":\"es\",\"potentialAction\":[{\"@type\":\"ReadAction\",\"target\":[\"https:\/\/noti-america.com\/site\/venezuela\/2018\/01\/07\/trabajadores-de-pdvsa-protestan-por-hambre\/\"]}]},{\"@type\":\"ImageObject\",\"inLanguage\":\"es\",\"@id\":\"https:\/\/noti-america.com\/site\/venezuela\/2018\/01\/07\/trabajadores-de-pdvsa-protestan-por-hambre\/#primaryimage\",\"url\":\"https:\/\/noti-america.com\/site\/venezuela\/wp-content\/uploads\/sites\/2\/2018\/01\/petrocede\u00f1o-pdvsa.jpg\",\"contentUrl\":\"https:\/\/noti-america.com\/site\/venezuela\/wp-content\/uploads\/sites\/2\/2018\/01\/petrocede\u00f1o-pdvsa.jpg\",\"width\":793,\"height\":460},{\"@type\":\"BreadcrumbList\",\"@id\":\"https:\/\/noti-america.com\/site\/venezuela\/2018\/01\/07\/trabajadores-de-pdvsa-protestan-por-hambre\/#breadcrumb\",\"itemListElement\":[{\"@type\":\"ListItem\",\"position\":1,\"name\":\"Portada\",\"item\":\"https:\/\/noti-america.com\/site\/venezuela\/\"},{\"@type\":\"ListItem\",\"position\":2,\"name\":\"Trabajadores de PDVSA protestan por hambre\"}]},{\"@type\":\"WebSite\",\"@id\":\"https:\/\/noti-america.com\/site\/venezuela\/#website\",\"url\":\"https:\/\/noti-america.com\/site\/venezuela\/\",\"name\":\"Venezuela | Noti-America.com\",\"description\":\"\",\"publisher\":{\"@id\":\"https:\/\/noti-america.com\/site\/venezuela\/#organization\"},\"potentialAction\":[{\"@type\":\"SearchAction\",\"target\":{\"@type\":\"EntryPoint\",\"urlTemplate\":\"https:\/\/noti-america.com\/site\/venezuela\/?s={search_term_string}\"},\"query-input\":{\"@type\":\"PropertyValueSpecification\",\"valueRequired\":true,\"valueName\":\"search_term_string\"}}],\"inLanguage\":\"es\"},{\"@type\":\"Organization\",\"@id\":\"https:\/\/noti-america.com\/site\/venezuela\/#organization\",\"name\":\"Noti-America LLC | Venezuela\",\"url\":\"https:\/\/noti-america.com\/site\/venezuela\/\",\"logo\":{\"@type\":\"ImageObject\",\"inLanguage\":\"es\",\"@id\":\"https:\/\/noti-america.com\/site\/venezuela\/#\/schema\/logo\/image\/\",\"url\":\"https:\/\/noti-america.com\/site\/venezuela\/wp-content\/uploads\/sites\/2\/2020\/07\/LogoNA-4x3-1.jpg\",\"contentUrl\":\"https:\/\/noti-america.com\/site\/venezuela\/wp-content\/uploads\/sites\/2\/2020\/07\/LogoNA-4x3-1.jpg\",\"width\":1236,\"height\":1080,\"caption\":\"Noti-America LLC | Venezuela\"},\"image\":{\"@id\":\"https:\/\/noti-america.com\/site\/venezuela\/#\/schema\/logo\/image\/\"}},{\"@type\":\"Person\",\"@id\":\"https:\/\/noti-america.com\/site\/venezuela\/#\/schema\/person\/a166d9d45f249dbd09521fbc2e7342d8\",\"name\":\"Yliana Duque\",\"image\":{\"@type\":\"ImageObject\",\"inLanguage\":\"es\",\"@id\":\"https:\/\/secure.gravatar.com\/avatar\/8caf2a4035762b3be44c3a0455581febe2d5273a41ac40dacc575b8aa348fe65?s=96&d=mm&r=g\",\"url\":\"https:\/\/secure.gravatar.com\/avatar\/8caf2a4035762b3be44c3a0455581febe2d5273a41ac40dacc575b8aa348fe65?s=96&d=mm&r=g\",\"contentUrl\":\"https:\/\/secure.gravatar.com\/avatar\/8caf2a4035762b3be44c3a0455581febe2d5273a41ac40dacc575b8aa348fe65?s=96&d=mm&r=g\",\"caption\":\"Yliana Duque\"},\"description\":\"Ejercer el periodismo requiere de pasi\u00f3n y conocimiento en investigaci\u00f3n de campo. Siempre en la b\u00fasqueda de la verdad para aportar claridad y poder discernir sobre el hecho noticioso. Egresada de la Universidad de los Andes. Maestria en Relaciones Internacionales (UCV). Diplomado de Educaci\u00f3n Superior (Universidad Experimental LIbertador (UPEL), y Educaci\u00f3n superior a distancia (UFT). Estudios de Locuci\u00f3n- Actuaci\u00f3n-Publicidad y Mercadeo, Redes. Subdirectora de relaciones p\u00fablicas de la Asamablea Legislativa del Estado Sucre(1995)-Periodista de TELESOL,Telecaribe (Sucre). Jefe de Prensa de la Gobernaci\u00f3n del Estado Amazonas(1997). Periodista Comandancia General del Ej\u00e9rcito, Fuerte Tiuna (1996). Lider de Proyectos en educaci\u00f3n Superior en la Universidad Ferm\u00edn Toro (UFT) (2000). Docente Universitario UFT (2002-2007)-Docente de Educaci\u00f3n Superior a Distancia -titulado. Periodista Diario El Informador. Periodista en Apoyo A\u00e9reo de la Guardia Nacional, Aeropuerto Jacinto Lara. www.Noti-america.com (Venezuela)\",\"sameAs\":[\"https:\/\/x.com\/ylianaduque\"],\"url\":\"https:\/\/noti-america.com\/site\/venezuela\/author\/yduque\/\"}]}<\/script>\n<!-- \/ Yoast SEO Premium plugin. -->","yoast_head_json":{"title":"Trabajadores de PDVSA protestan por hambre - Venezuela | Noti-America.com","robots":{"index":"index","follow":"follow","max-snippet":"max-snippet:-1","max-image-preview":"max-image-preview:large","max-video-preview":"max-video-preview:-1"},"canonical":"https:\/\/noti-america.com\/site\/venezuela\/2018\/01\/07\/trabajadores-de-pdvsa-protestan-por-hambre\/","og_locale":"es_ES","og_type":"article","og_title":"Trabajadores de PDVSA protestan por hambre","og_description":"Los churupos, \u00a1No les alcanzan! Trabajadores de Petrocede\u00f1o, filial de PDVSA, usaron sus cascos como cacerolas en una protesta la noche del s\u00e1bado -6 de enero 2018-, para exigir aumento salarial, tal como qued\u00f3&#46;&#46;&#46;","og_url":"https:\/\/noti-america.com\/site\/venezuela\/2018\/01\/07\/trabajadores-de-pdvsa-protestan-por-hambre\/","og_site_name":"Venezuela | Noti-America.com","article_published_time":"2018-01-07T16:49:46+00:00","og_image":[{"width":793,"height":460,"url":"https:\/\/noti-america.com\/site\/venezuela\/wp-content\/uploads\/sites\/2\/2018\/01\/petrocede\u00f1o-pdvsa.jpg","type":"image\/jpeg"}],"author":"Yliana Duque","twitter_card":"summary_large_image","twitter_creator":"@ylianaduque","twitter_misc":{"Escrito por":"Yliana Duque","Tiempo estimado de lectura":"2 minutos"},"schema":{"@context":"https:\/\/schema.org","@graph":[{"@type":"Article","@id":"https:\/\/noti-america.com\/site\/venezuela\/2018\/01\/07\/trabajadores-de-pdvsa-protestan-por-hambre\/#article","isPartOf":{"@id":"https:\/\/noti-america.com\/site\/venezuela\/2018\/01\/07\/trabajadores-de-pdvsa-protestan-por-hambre\/"},"author":{"name":"Yliana Duque","@id":"https:\/\/noti-america.com\/site\/venezuela\/#\/schema\/person\/a166d9d45f249dbd09521fbc2e7342d8"},"headline":"Trabajadores de PDVSA protestan por hambre","datePublished":"2018-01-07T16:49:46+00:00","mainEntityOfPage":{"@id":"https:\/\/noti-america.com\/site\/venezuela\/2018\/01\/07\/trabajadores-de-pdvsa-protestan-por-hambre\/"},"wordCount":431,"commentCount":0,"publisher":{"@id":"https:\/\/noti-america.com\/site\/venezuela\/#organization"},"image":{"@id":"https:\/\/noti-america.com\/site\/venezuela\/2018\/01\/07\/trabajadores-de-pdvsa-protestan-por-hambre\/#primaryimage"},"thumbnailUrl":"https:\/\/noti-america.com\/site\/venezuela\/wp-content\/uploads\/sites\/2\/2018\/01\/petrocede\u00f1o-pdvsa.jpg","articleSection":["Econom\u00eda","Internacionales","Opini\u00f3n","Pol\u00edtica","Sucesos"],"inLanguage":"es","potentialAction":[{"@type":"CommentAction","name":"Comment","target":["https:\/\/noti-america.com\/site\/venezuela\/2018\/01\/07\/trabajadores-de-pdvsa-protestan-por-hambre\/#respond"]}]},{"@type":"WebPage","@id":"https:\/\/noti-america.com\/site\/venezuela\/2018\/01\/07\/trabajadores-de-pdvsa-protestan-por-hambre\/","url":"https:\/\/noti-america.com\/site\/venezuela\/2018\/01\/07\/trabajadores-de-pdvsa-protestan-por-hambre\/","name":"Trabajadores de PDVSA protestan por hambre - Venezuela | Noti-America.com","isPartOf":{"@id":"https:\/\/noti-america.com\/site\/venezuela\/#website"},"primaryImageOfPage":{"@id":"https:\/\/noti-america.com\/site\/venezuela\/2018\/01\/07\/trabajadores-de-pdvsa-protestan-por-hambre\/#primaryimage"},"image":{"@id":"https:\/\/noti-america.com\/site\/venezuela\/2018\/01\/07\/trabajadores-de-pdvsa-protestan-por-hambre\/#primaryimage"},"thumbnailUrl":"https:\/\/noti-america.com\/site\/venezuela\/wp-content\/uploads\/sites\/2\/2018\/01\/petrocede\u00f1o-pdvsa.jpg","datePublished":"2018-01-07T16:49:46+00:00","breadcrumb":{"@id":"https:\/\/noti-america.com\/site\/venezuela\/2018\/01\/07\/trabajadores-de-pdvsa-protestan-por-hambre\/#breadcrumb"},"inLanguage":"es","potentialAction":[{"@type":"ReadAction","target":["https:\/\/noti-america.com\/site\/venezuela\/2018\/01\/07\/trabajadores-de-pdvsa-protestan-por-hambre\/"]}]},{"@type":"ImageObject","inLanguage":"es","@id":"https:\/\/noti-america.com\/site\/venezuela\/2018\/01\/07\/trabajadores-de-pdvsa-protestan-por-hambre\/#primaryimage","url":"https:\/\/noti-america.com\/site\/venezuela\/wp-content\/uploads\/sites\/2\/2018\/01\/petrocede\u00f1o-pdvsa.jpg","contentUrl":"https:\/\/noti-america.com\/site\/venezuela\/wp-content\/uploads\/sites\/2\/2018\/01\/petrocede\u00f1o-pdvsa.jpg","width":793,"height":460},{"@type":"BreadcrumbList","@id":"https:\/\/noti-america.com\/site\/venezuela\/2018\/01\/07\/trabajadores-de-pdvsa-protestan-por-hambre\/#breadcrumb","itemListElement":[{"@type":"ListItem","position":1,"name":"Portada","item":"https:\/\/noti-america.com\/site\/venezuela\/"},{"@type":"ListItem","position":2,"name":"Trabajadores de PDVSA protestan por hambre"}]},{"@type":"WebSite","@id":"https:\/\/noti-america.com\/site\/venezuela\/#website","url":"https:\/\/noti-america.com\/site\/venezuela\/","name":"Venezuela | Noti-America.com","description":"","publisher":{"@id":"https:\/\/noti-america.com\/site\/venezuela\/#organization"},"potentialAction":[{"@type":"SearchAction","target":{"@type":"EntryPoint","urlTemplate":"https:\/\/noti-america.com\/site\/venezuela\/?s={search_term_string}"},"query-input":{"@type":"PropertyValueSpecification","valueRequired":true,"valueName":"search_term_string"}}],"inLanguage":"es"},{"@type":"Organization","@id":"https:\/\/noti-america.com\/site\/venezuela\/#organization","name":"Noti-America LLC | Venezuela","url":"https:\/\/noti-america.com\/site\/venezuela\/","logo":{"@type":"ImageObject","inLanguage":"es","@id":"https:\/\/noti-america.com\/site\/venezuela\/#\/schema\/logo\/image\/","url":"https:\/\/noti-america.com\/site\/venezuela\/wp-content\/uploads\/sites\/2\/2020\/07\/LogoNA-4x3-1.jpg","contentUrl":"https:\/\/noti-america.com\/site\/venezuela\/wp-content\/uploads\/sites\/2\/2020\/07\/LogoNA-4x3-1.jpg","width":1236,"height":1080,"caption":"Noti-America LLC | Venezuela"},"image":{"@id":"https:\/\/noti-america.com\/site\/venezuela\/#\/schema\/logo\/image\/"}},{"@type":"Person","@id":"https:\/\/noti-america.com\/site\/venezuela\/#\/schema\/person\/a166d9d45f249dbd09521fbc2e7342d8","name":"Yliana Duque","image":{"@type":"ImageObject","inLanguage":"es","@id":"https:\/\/secure.gravatar.com\/avatar\/8caf2a4035762b3be44c3a0455581febe2d5273a41ac40dacc575b8aa348fe65?s=96&d=mm&r=g","url":"https:\/\/secure.gravatar.com\/avatar\/8caf2a4035762b3be44c3a0455581febe2d5273a41ac40dacc575b8aa348fe65?s=96&d=mm&r=g","contentUrl":"https:\/\/secure.gravatar.com\/avatar\/8caf2a4035762b3be44c3a0455581febe2d5273a41ac40dacc575b8aa348fe65?s=96&d=mm&r=g","caption":"Yliana Duque"},"description":"Ejercer el periodismo requiere de pasi\u00f3n y conocimiento en investigaci\u00f3n de campo. Siempre en la b\u00fasqueda de la verdad para aportar claridad y poder discernir sobre el hecho noticioso. Egresada de la Universidad de los Andes. Maestria en Relaciones Internacionales (UCV). Diplomado de Educaci\u00f3n Superior (Universidad Experimental LIbertador (UPEL), y Educaci\u00f3n superior a distancia (UFT). Estudios de Locuci\u00f3n- Actuaci\u00f3n-Publicidad y Mercadeo, Redes. Subdirectora de relaciones p\u00fablicas de la Asamablea Legislativa del Estado Sucre(1995)-Periodista de TELESOL,Telecaribe (Sucre). Jefe de Prensa de la Gobernaci\u00f3n del Estado Amazonas(1997). Periodista Comandancia General del Ej\u00e9rcito, Fuerte Tiuna (1996). Lider de Proyectos en educaci\u00f3n Superior en la Universidad Ferm\u00edn Toro (UFT) (2000). Docente Universitario UFT (2002-2007)-Docente de Educaci\u00f3n Superior a Distancia -titulado. Periodista Diario El Informador. Periodista en Apoyo A\u00e9reo de la Guardia Nacional, Aeropuerto Jacinto Lara. www.Noti-america.com (Venezuela)","sameAs":["https:\/\/x.com\/ylianaduque"],"url":"https:\/\/noti-america.com\/site\/venezuela\/author\/yduque\/"}]}},"_links":{"self":[{"href":"https:\/\/noti-america.com\/site\/venezuela\/wp-json\/wp\/v2\/posts\/1414","targetHints":{"allow":["GET"]}}],"collection":[{"href":"https:\/\/noti-america.com\/site\/venezuela\/wp-json\/wp\/v2\/posts"}],"about":[{"href":"https:\/\/noti-america.com\/site\/venezuela\/wp-json\/wp\/v2\/types\/post"}],"author":[{"embeddable":true,"href":"https:\/\/noti-america.com\/site\/venezuela\/wp-json\/wp\/v2\/users\/11"}],"replies":[{"embeddable":true,"href":"https:\/\/noti-america.com\/site\/venezuela\/wp-json\/wp\/v2\/comments?post=1414"}],"version-history":[{"count":2,"href":"https:\/\/noti-america.com\/site\/venezuela\/wp-json\/wp\/v2\/posts\/1414\/revisions"}],"predecessor-version":[{"id":1417,"href":"https:\/\/noti-america.com\/site\/venezuela\/wp-json\/wp\/v2\/posts\/1414\/revisions\/1417"}],"wp:featuredmedia":[{"embeddable":true,"href":"https:\/\/noti-america.com\/site\/venezuela\/wp-json\/wp\/v2\/media\/1416"}],"wp:attachment":[{"href":"https:\/\/noti-america.com\/site\/venezuela\/wp-json\/wp\/v2\/media?parent=1414"}],"wp:term":[{"taxonomy":"category","embeddable":true,"href":"https:\/\/noti-america.com\/site\/venezuela\/wp-json\/wp\/v2\/categories?post=1414"},{"taxonomy":"post_tag","embeddable":true,"href":"https:\/\/noti-america.com\/site\/venezuela\/wp-json\/wp\/v2\/tags?post=1414"}],"curies":[{"name":"wp","href":"https:\/\/api.w.org\/{rel}","templated":true}]}}