{"id":14024,"date":"2021-02-07T12:59:22","date_gmt":"2021-02-07T12:59:22","guid":{"rendered":"https:\/\/noti-america.com\/site\/venezuela\/2021\/02\/07\/un-llamado-patriota-unidad-nacional-por-marlon-s-jimenez-garcia\/"},"modified":"2021-02-07T16:59:29","modified_gmt":"2021-02-07T16:59:29","slug":"un-llamado-patriota-unidad-nacional-por-marlon-s-jimenez-garcia","status":"publish","type":"post","link":"https:\/\/noti-america.com\/site\/venezuela\/2021\/02\/07\/un-llamado-patriota-unidad-nacional-por-marlon-s-jimenez-garcia\/","title":{"rendered":"UN LLAMADO PATRIOTA, UNIDAD NACIONAL Por: Marlon S Jim\u00e9nez Garc\u00eda"},"content":{"rendered":"<p>VENEZUELA | NOTI-AMERICA.COM<\/p>\n<p style=\"text-align: center;\">UN LLAMADO PATRIOTA, UNIDAD NACIONAL<\/p>\n<p><img loading=\"lazy\" decoding=\"async\" class=\"alignnone size-full wp-image-13522 aligncenter\" src=\"https:\/\/noti-america.com\/site\/venezuela\/wp-content\/uploads\/sites\/2\/2021\/02\/marlon-jimenez1.jpeg\" alt=\"\" width=\"240\" height=\"180\" \/><\/p>\n<p style=\"text-align: center;\">\u00a0 \u00a0\u00a0\u00a0\u00a0\u00a0\u00a0\u00a0\u00a0\u00a0\u00a0\u00a0Por: Marlon S Jim\u00e9nez Garc\u00eda<\/p>\n<p>&nbsp;<\/p>\n<p>La sociedad venezolana, en su plenitud f\u00edsica y mental, pero que sufre d\u00eda a d\u00eda los embates comunistas del engendro y de su r\u00e9gimen, solicita al un\u00edsono, con un grito ensordecedor una estrategia pol\u00edtica firme que consolide en tiempo y espacio una aut\u00e9ntica <strong>Unidad Nacional<\/strong>, que est\u00e9 conformada no s\u00f3lo por los partidos pol\u00edticos, sino por todos los sectores activos de la vida nacional: universidades p\u00fablicas y privadas, gremios profesionales, academias de todo el \u00e1mbito cient\u00edfico, las iglesias cristianas y otras; empresarios, trabajadores, estudiantes, comandos vecinales de acci\u00f3n pol\u00edtica y un aspecto bien importante y determinante en la acci\u00f3n de cambio irrestricto que necesita nuestro pa\u00eds, como es la participaci\u00f3n, en ese gran movimiento de unidad nacional, de los llamados \u201cexchavistas\u201d; movimientos sociales que apoyaron en otrora al \u201ccomandante eternamente enterrado\u201d, que est\u00e1n hastiados del r\u00e9gimen\u00a0 procubano\u00a0 y del desmadre causado por los comunistas en el poder.<\/p>\n<p>Este gran movimiento de Unidad Nacional, sin duda, acarrear\u00e1 al r\u00e9gimen que dirige el engendro heredero muchas dificultades en el intento de perpetuarse para siempre en el poder; no habr\u00e1 espacios para la violencia, el camino es la paz verdadera, no la \u201cpaz de los sepulcros\u201d ordenada desde la habana; la meta es consolidar los principios filos\u00f3ficos inspiradores de la CN de 1999: Estado Social de Derecho, Libertades Ciudadanas, Pluralidad Pol\u00edtica, Respeto de los Derechos Humanos, Independencia de los Poderes P\u00fablicos; todos con un sentido inequ\u00edvoco de desarrollo geom\u00e9trico de la democracia.<\/p>\n<p>Este gran movimiento de Unidad Nacional traer\u00e1 consigo fe y esperanza en el cambio necesario; el pueblo no est\u00e1 latente ni dormido, est\u00e1 esperando ese llamado de Unidad, de lucha, de transformaci\u00f3n social, para movilizarse mucho m\u00e1s, pero ahora, con vehemencia y decisi\u00f3n de cambio del gobierno (exclusivamente del inquilino de Miraflores) en nuestro pa\u00eds, como <strong>la \u201c\u00fanica v\u00eda\u201d <\/strong>de proceder a la instalaci\u00f3n de manera, inequ\u00edvoca, de una ideolog\u00eda cuyos principios filos\u00f3ficos y metaf\u00edsicos, sea la \u201ccalidad de vida\u201d de todos los venezolanos. La movilizaci\u00f3n no es la \u00fanica estrategia de lucha, pero si es la m\u00e1s imprescindible. Tambi\u00e9n es un hero\u00edsmo del pueblo venezolano, el contar con el respaldo y la solidaridad extrema de la comunidad internacional, como la mayor\u00eda de los pa\u00edses de nuestro subcontinente, de EE. UU, Canad\u00e1, de la Uni\u00f3n Europea, de pa\u00edses asi\u00e1ticos, de \u00c1frica, de Ocean\u00eda y de organizaciones como la O.N.U y la O.E.A. y sus organismos relacionados con la defensa de los DD. HH. En este sentido, es digno reconocerlo y gratificante saberlo, que Guaid\u00f3, nuestro presidente interino, ha jugado un papel protag\u00f3nico (aleg\u00f3ricamente hablando, de una pel\u00edcula nominada 15 veces al \u00d3scar), y ser\u00eda un acto de mezquindad y de ego\u00edsmo no reconocerlo. Tengo muchos a\u00f1os en la vida pol\u00edtica y jam\u00e1s hab\u00eda presenciado en el continente, por lo menos, un respaldo internacional tan grande como el recibido por el Ing. Juan Guaid\u00f3.<\/p>\n<p>Este Gran Movimiento de Unidad Nacional, el cual se ha planteado (tengo, contados hoy, m\u00e1s de 12 art\u00edculos realizados en el logro de ese objetivo) \u00a0durante los \u00faltimos a\u00f1os y que no se ha podido consolidar por razones subalternas y clientelares, unas, y cremat\u00edsticas otras, es\u00a0 determinante, es vital y es reconfortante\u00a0 para el esp\u00edritu de lucha de nuestros coterr\u00e1neos; y estas razones terminar\u00e1n de hundir, en tiempo y espacio, en el foso de esti\u00e9rcol, en el cual est\u00e1, al engendro y su r\u00e9gimen. Para ello, la \u201cprimac\u00eda de la realidad\u201d es la piedra angular para alcanzar los objetivos determinados en la estrategia de lucha planteada.<\/p>\n<p>Estrategia pol\u00edtica y coraje constituyen la fuente de la victoria: sabidur\u00eda, el entendimiento y aceptaci\u00f3n de los momentos diacr\u00f3nicos estelares de nuestra vida republicana, nos dar\u00e1n el brillo necesario para derrotar las huestes asesinas, comunistas y antipatri\u00f3ticas, que han causado la hecatombe pol\u00edtica, econ\u00f3mica, social y moral sufrida por nuestro pueblo en los \u00faltimos veinte a\u00f1os, incluyendo la peor y la m\u00e1s desgraciada de todas, LA MIGRACI\u00d6N, que rompi\u00f3 la estructura de toda sociedad: la familia. .<\/p>\n<p>La FAN, tiene la oportunidad hist\u00f3rica de plegarse a este gran movimiento de reconstrucci\u00f3n nacional; ellos deben plegarse a la bandera originaria y libertaria de nuestro Libertador Sim\u00f3n Bol\u00edvar: convertir de verdad, verdad a nuestro ej\u00e9rcito en verdaderos \u201cforjadores de libertad\u201d. Pero, para lograr este prop\u00f3sito es necesario renunciar a cualquier inter\u00e9s individual, grupal, partidista o cualquier otro; lo importante, es rescatar nuestra Democracia, nuestras libertades ciudadanas y republicanas, nuestro Estado de Derecho y declarar al \u201ccomunismo\u201d como enemigo ac\u00e9rrimo de una sociedad plural y principal protagonista de la miseria, el hambre y la muerte. Lleg\u00f3 la hora de las definiciones, \u201cquien no participa en la cosa p\u00fablica, no puede llamarse pasivo, sino in\u00fatil\u201d.<\/p>\n<p>Profesor Universitario<\/p>\n<p><a href=\"mailto:marlons.jimenez55@gmail.com\">marlons.jimenez55@gmail.com<\/a><\/p>\n<p>@marjimgar<\/p>\n","protected":false},"excerpt":{"rendered":"<p>VENEZUELA | NOTI-AMERICA.COM UN LLAMADO PATRIOTA, UNIDAD NACIONAL \u00a0 \u00a0\u00a0\u00a0\u00a0\u00a0\u00a0\u00a0\u00a0\u00a0\u00a0\u00a0Por: Marlon S Jim\u00e9nez Garc\u00eda &nbsp; La sociedad venezolana, en su plenitud f\u00edsica y mental, pero que sufre d\u00eda a d\u00eda los embates comunistas del&#46;&#46;&#46;<\/p>\n","protected":false},"author":2,"featured_media":13522,"comment_status":"open","ping_status":"open","sticky":false,"template":"","format":"standard","meta":{"_acf_changed":false,"om_disable_all_campaigns":false,"rop_custom_images_group":[],"rop_custom_messages_group":[],"rop_publish_now":"initial","rop_publish_now_accounts":{"twitter_242054905_242054905":""},"rop_publish_now_history":[],"rop_publish_now_status":"pending","_uf_show_specific_survey":0,"_uf_disable_surveys":false,"footnotes":""},"categories":[3],"tags":[],"class_list":["post-14024","post","type-post","status-publish","format-standard","has-post-thumbnail","hentry","category-politica"],"acf":[],"aioseo_notices":[],"yoast_head":"<!-- This site is optimized with the Yoast SEO Premium plugin v24.9 (Yoast SEO v27.2) - https:\/\/yoast.com\/product\/yoast-seo-premium-wordpress\/ -->\n<title>UN LLAMADO PATRIOTA, UNIDAD NACIONAL Por: Marlon S Jim\u00e9nez Garc\u00eda - Venezuela | Noti-America.com<\/title>\n<meta name=\"robots\" content=\"index, follow, max-snippet:-1, max-image-preview:large, max-video-preview:-1\" \/>\n<link rel=\"canonical\" href=\"https:\/\/noti-america.com\/site\/venezuela\/2021\/02\/07\/un-llamado-patriota-unidad-nacional-por-marlon-s-jimenez-garcia\/\" \/>\n<meta property=\"og:locale\" content=\"es_ES\" \/>\n<meta property=\"og:type\" content=\"article\" \/>\n<meta property=\"og:title\" content=\"UN LLAMADO PATRIOTA, UNIDAD NACIONAL Por: Marlon S Jim\u00e9nez Garc\u00eda\" \/>\n<meta property=\"og:description\" content=\"VENEZUELA | NOTI-AMERICA.COM UN LLAMADO PATRIOTA, UNIDAD NACIONAL \u00a0 \u00a0\u00a0\u00a0\u00a0\u00a0\u00a0\u00a0\u00a0\u00a0\u00a0\u00a0Por: Marlon S Jim\u00e9nez Garc\u00eda &nbsp; La sociedad venezolana, en su plenitud f\u00edsica y mental, pero que sufre d\u00eda a d\u00eda los embates comunistas del&#046;&#046;&#046;\" \/>\n<meta property=\"og:url\" content=\"https:\/\/noti-america.com\/site\/venezuela\/2021\/02\/07\/un-llamado-patriota-unidad-nacional-por-marlon-s-jimenez-garcia\/\" \/>\n<meta property=\"og:site_name\" content=\"Venezuela | Noti-America.com\" \/>\n<meta property=\"article:published_time\" content=\"2021-02-07T12:59:22+00:00\" \/>\n<meta property=\"article:modified_time\" content=\"2021-02-07T16:59:29+00:00\" \/>\n<meta property=\"og:image\" content=\"https:\/\/noti-america.com\/site\/venezuela\/wp-content\/uploads\/sites\/2\/2020\/11\/marlon-jimenez1.jpeg\" \/>\n\t<meta property=\"og:image:width\" content=\"1\" \/>\n\t<meta property=\"og:image:height\" content=\"1\" \/>\n\t<meta property=\"og:image:type\" content=\"image\/jpeg\" \/>\n<meta name=\"author\" content=\"rloaiza\" \/>\n<meta name=\"twitter:card\" content=\"summary_large_image\" \/>\n<meta name=\"twitter:label1\" content=\"Escrito por\" \/>\n\t<meta name=\"twitter:data1\" content=\"rloaiza\" \/>\n\t<meta name=\"twitter:label2\" content=\"Tiempo estimado de lectura\" \/>\n\t<meta name=\"twitter:data2\" content=\"4 minutos\" \/>\n<script type=\"application\/ld+json\" class=\"yoast-schema-graph\">{\"@context\":\"https:\/\/schema.org\",\"@graph\":[{\"@type\":\"Article\",\"@id\":\"https:\/\/noti-america.com\/site\/venezuela\/2021\/02\/07\/un-llamado-patriota-unidad-nacional-por-marlon-s-jimenez-garcia\/#article\",\"isPartOf\":{\"@id\":\"https:\/\/noti-america.com\/site\/venezuela\/2021\/02\/07\/un-llamado-patriota-unidad-nacional-por-marlon-s-jimenez-garcia\/\"},\"author\":{\"name\":\"rloaiza\",\"@id\":\"https:\/\/noti-america.com\/site\/venezuela\/#\/schema\/person\/a2e478ba496331ce89bcd0c731cd6533\"},\"headline\":\"UN LLAMADO PATRIOTA, UNIDAD NACIONAL Por: Marlon S Jim\u00e9nez Garc\u00eda\",\"datePublished\":\"2021-02-07T12:59:22+00:00\",\"dateModified\":\"2021-02-07T16:59:29+00:00\",\"mainEntityOfPage\":{\"@id\":\"https:\/\/noti-america.com\/site\/venezuela\/2021\/02\/07\/un-llamado-patriota-unidad-nacional-por-marlon-s-jimenez-garcia\/\"},\"wordCount\":888,\"commentCount\":0,\"publisher\":{\"@id\":\"https:\/\/noti-america.com\/site\/venezuela\/#organization\"},\"image\":{\"@id\":\"https:\/\/noti-america.com\/site\/venezuela\/2021\/02\/07\/un-llamado-patriota-unidad-nacional-por-marlon-s-jimenez-garcia\/#primaryimage\"},\"thumbnailUrl\":\"https:\/\/noti-america.com\/site\/venezuela\/wp-content\/uploads\/sites\/2\/2020\/11\/marlon-jimenez1.jpeg\",\"articleSection\":[\"Pol\u00edtica\"],\"inLanguage\":\"es\",\"potentialAction\":[{\"@type\":\"CommentAction\",\"name\":\"Comment\",\"target\":[\"https:\/\/noti-america.com\/site\/venezuela\/2021\/02\/07\/un-llamado-patriota-unidad-nacional-por-marlon-s-jimenez-garcia\/#respond\"]}]},{\"@type\":\"WebPage\",\"@id\":\"https:\/\/noti-america.com\/site\/venezuela\/2021\/02\/07\/un-llamado-patriota-unidad-nacional-por-marlon-s-jimenez-garcia\/\",\"url\":\"https:\/\/noti-america.com\/site\/venezuela\/2021\/02\/07\/un-llamado-patriota-unidad-nacional-por-marlon-s-jimenez-garcia\/\",\"name\":\"UN LLAMADO PATRIOTA, UNIDAD NACIONAL Por: Marlon S Jim\u00e9nez Garc\u00eda - Venezuela | Noti-America.com\",\"isPartOf\":{\"@id\":\"https:\/\/noti-america.com\/site\/venezuela\/#website\"},\"primaryImageOfPage\":{\"@id\":\"https:\/\/noti-america.com\/site\/venezuela\/2021\/02\/07\/un-llamado-patriota-unidad-nacional-por-marlon-s-jimenez-garcia\/#primaryimage\"},\"image\":{\"@id\":\"https:\/\/noti-america.com\/site\/venezuela\/2021\/02\/07\/un-llamado-patriota-unidad-nacional-por-marlon-s-jimenez-garcia\/#primaryimage\"},\"thumbnailUrl\":\"https:\/\/noti-america.com\/site\/venezuela\/wp-content\/uploads\/sites\/2\/2020\/11\/marlon-jimenez1.jpeg\",\"datePublished\":\"2021-02-07T12:59:22+00:00\",\"dateModified\":\"2021-02-07T16:59:29+00:00\",\"breadcrumb\":{\"@id\":\"https:\/\/noti-america.com\/site\/venezuela\/2021\/02\/07\/un-llamado-patriota-unidad-nacional-por-marlon-s-jimenez-garcia\/#breadcrumb\"},\"inLanguage\":\"es\",\"potentialAction\":[{\"@type\":\"ReadAction\",\"target\":[\"https:\/\/noti-america.com\/site\/venezuela\/2021\/02\/07\/un-llamado-patriota-unidad-nacional-por-marlon-s-jimenez-garcia\/\"]}]},{\"@type\":\"ImageObject\",\"inLanguage\":\"es\",\"@id\":\"https:\/\/noti-america.com\/site\/venezuela\/2021\/02\/07\/un-llamado-patriota-unidad-nacional-por-marlon-s-jimenez-garcia\/#primaryimage\",\"url\":\"https:\/\/noti-america.com\/site\/venezuela\/wp-content\/uploads\/sites\/2\/2020\/11\/marlon-jimenez1.jpeg\",\"contentUrl\":\"https:\/\/noti-america.com\/site\/venezuela\/wp-content\/uploads\/sites\/2\/2020\/11\/marlon-jimenez1.jpeg\"},{\"@type\":\"BreadcrumbList\",\"@id\":\"https:\/\/noti-america.com\/site\/venezuela\/2021\/02\/07\/un-llamado-patriota-unidad-nacional-por-marlon-s-jimenez-garcia\/#breadcrumb\",\"itemListElement\":[{\"@type\":\"ListItem\",\"position\":1,\"name\":\"Portada\",\"item\":\"https:\/\/noti-america.com\/site\/venezuela\/\"},{\"@type\":\"ListItem\",\"position\":2,\"name\":\"UN LLAMADO PATRIOTA, UNIDAD NACIONAL Por: Marlon S Jim\u00e9nez Garc\u00eda\"}]},{\"@type\":\"WebSite\",\"@id\":\"https:\/\/noti-america.com\/site\/venezuela\/#website\",\"url\":\"https:\/\/noti-america.com\/site\/venezuela\/\",\"name\":\"Venezuela | Noti-America.com\",\"description\":\"\",\"publisher\":{\"@id\":\"https:\/\/noti-america.com\/site\/venezuela\/#organization\"},\"potentialAction\":[{\"@type\":\"SearchAction\",\"target\":{\"@type\":\"EntryPoint\",\"urlTemplate\":\"https:\/\/noti-america.com\/site\/venezuela\/?s={search_term_string}\"},\"query-input\":{\"@type\":\"PropertyValueSpecification\",\"valueRequired\":true,\"valueName\":\"search_term_string\"}}],\"inLanguage\":\"es\"},{\"@type\":\"Organization\",\"@id\":\"https:\/\/noti-america.com\/site\/venezuela\/#organization\",\"name\":\"Noti-America LLC | Venezuela\",\"url\":\"https:\/\/noti-america.com\/site\/venezuela\/\",\"logo\":{\"@type\":\"ImageObject\",\"inLanguage\":\"es\",\"@id\":\"https:\/\/noti-america.com\/site\/venezuela\/#\/schema\/logo\/image\/\",\"url\":\"https:\/\/noti-america.com\/site\/venezuela\/wp-content\/uploads\/sites\/2\/2020\/07\/LogoNA-4x3-1.jpg\",\"contentUrl\":\"https:\/\/noti-america.com\/site\/venezuela\/wp-content\/uploads\/sites\/2\/2020\/07\/LogoNA-4x3-1.jpg\",\"width\":1236,\"height\":1080,\"caption\":\"Noti-America LLC | Venezuela\"},\"image\":{\"@id\":\"https:\/\/noti-america.com\/site\/venezuela\/#\/schema\/logo\/image\/\"}},{\"@type\":\"Person\",\"@id\":\"https:\/\/noti-america.com\/site\/venezuela\/#\/schema\/person\/a2e478ba496331ce89bcd0c731cd6533\",\"name\":\"rloaiza\",\"image\":{\"@type\":\"ImageObject\",\"inLanguage\":\"es\",\"@id\":\"https:\/\/secure.gravatar.com\/avatar\/190058e5d4427934610b99c45aa7a6558806850adedd53ddeddd194b04773e22?s=96&d=mm&r=g\",\"url\":\"https:\/\/secure.gravatar.com\/avatar\/190058e5d4427934610b99c45aa7a6558806850adedd53ddeddd194b04773e22?s=96&d=mm&r=g\",\"contentUrl\":\"https:\/\/secure.gravatar.com\/avatar\/190058e5d4427934610b99c45aa7a6558806850adedd53ddeddd194b04773e22?s=96&d=mm&r=g\",\"caption\":\"rloaiza\"},\"url\":\"https:\/\/noti-america.com\/site\/venezuela\/author\/rloaiza\/\"}]}<\/script>\n<!-- \/ Yoast SEO Premium plugin. -->","yoast_head_json":{"title":"UN LLAMADO PATRIOTA, UNIDAD NACIONAL Por: Marlon S Jim\u00e9nez Garc\u00eda - Venezuela | Noti-America.com","robots":{"index":"index","follow":"follow","max-snippet":"max-snippet:-1","max-image-preview":"max-image-preview:large","max-video-preview":"max-video-preview:-1"},"canonical":"https:\/\/noti-america.com\/site\/venezuela\/2021\/02\/07\/un-llamado-patriota-unidad-nacional-por-marlon-s-jimenez-garcia\/","og_locale":"es_ES","og_type":"article","og_title":"UN LLAMADO PATRIOTA, UNIDAD NACIONAL Por: Marlon S Jim\u00e9nez Garc\u00eda","og_description":"VENEZUELA | NOTI-AMERICA.COM UN LLAMADO PATRIOTA, UNIDAD NACIONAL \u00a0 \u00a0\u00a0\u00a0\u00a0\u00a0\u00a0\u00a0\u00a0\u00a0\u00a0\u00a0Por: Marlon S Jim\u00e9nez Garc\u00eda &nbsp; La sociedad venezolana, en su plenitud f\u00edsica y mental, pero que sufre d\u00eda a d\u00eda los embates comunistas del&#46;&#46;&#46;","og_url":"https:\/\/noti-america.com\/site\/venezuela\/2021\/02\/07\/un-llamado-patriota-unidad-nacional-por-marlon-s-jimenez-garcia\/","og_site_name":"Venezuela | Noti-America.com","article_published_time":"2021-02-07T12:59:22+00:00","article_modified_time":"2021-02-07T16:59:29+00:00","og_image":[{"url":"https:\/\/noti-america.com\/site\/venezuela\/wp-content\/uploads\/sites\/2\/2020\/11\/marlon-jimenez1.jpeg","width":1,"height":1,"type":"image\/jpeg"}],"author":"rloaiza","twitter_card":"summary_large_image","twitter_misc":{"Escrito por":"rloaiza","Tiempo estimado de lectura":"4 minutos"},"schema":{"@context":"https:\/\/schema.org","@graph":[{"@type":"Article","@id":"https:\/\/noti-america.com\/site\/venezuela\/2021\/02\/07\/un-llamado-patriota-unidad-nacional-por-marlon-s-jimenez-garcia\/#article","isPartOf":{"@id":"https:\/\/noti-america.com\/site\/venezuela\/2021\/02\/07\/un-llamado-patriota-unidad-nacional-por-marlon-s-jimenez-garcia\/"},"author":{"name":"rloaiza","@id":"https:\/\/noti-america.com\/site\/venezuela\/#\/schema\/person\/a2e478ba496331ce89bcd0c731cd6533"},"headline":"UN LLAMADO PATRIOTA, UNIDAD NACIONAL Por: Marlon S Jim\u00e9nez Garc\u00eda","datePublished":"2021-02-07T12:59:22+00:00","dateModified":"2021-02-07T16:59:29+00:00","mainEntityOfPage":{"@id":"https:\/\/noti-america.com\/site\/venezuela\/2021\/02\/07\/un-llamado-patriota-unidad-nacional-por-marlon-s-jimenez-garcia\/"},"wordCount":888,"commentCount":0,"publisher":{"@id":"https:\/\/noti-america.com\/site\/venezuela\/#organization"},"image":{"@id":"https:\/\/noti-america.com\/site\/venezuela\/2021\/02\/07\/un-llamado-patriota-unidad-nacional-por-marlon-s-jimenez-garcia\/#primaryimage"},"thumbnailUrl":"https:\/\/noti-america.com\/site\/venezuela\/wp-content\/uploads\/sites\/2\/2020\/11\/marlon-jimenez1.jpeg","articleSection":["Pol\u00edtica"],"inLanguage":"es","potentialAction":[{"@type":"CommentAction","name":"Comment","target":["https:\/\/noti-america.com\/site\/venezuela\/2021\/02\/07\/un-llamado-patriota-unidad-nacional-por-marlon-s-jimenez-garcia\/#respond"]}]},{"@type":"WebPage","@id":"https:\/\/noti-america.com\/site\/venezuela\/2021\/02\/07\/un-llamado-patriota-unidad-nacional-por-marlon-s-jimenez-garcia\/","url":"https:\/\/noti-america.com\/site\/venezuela\/2021\/02\/07\/un-llamado-patriota-unidad-nacional-por-marlon-s-jimenez-garcia\/","name":"UN LLAMADO PATRIOTA, UNIDAD NACIONAL Por: Marlon S Jim\u00e9nez Garc\u00eda - Venezuela | Noti-America.com","isPartOf":{"@id":"https:\/\/noti-america.com\/site\/venezuela\/#website"},"primaryImageOfPage":{"@id":"https:\/\/noti-america.com\/site\/venezuela\/2021\/02\/07\/un-llamado-patriota-unidad-nacional-por-marlon-s-jimenez-garcia\/#primaryimage"},"image":{"@id":"https:\/\/noti-america.com\/site\/venezuela\/2021\/02\/07\/un-llamado-patriota-unidad-nacional-por-marlon-s-jimenez-garcia\/#primaryimage"},"thumbnailUrl":"https:\/\/noti-america.com\/site\/venezuela\/wp-content\/uploads\/sites\/2\/2020\/11\/marlon-jimenez1.jpeg","datePublished":"2021-02-07T12:59:22+00:00","dateModified":"2021-02-07T16:59:29+00:00","breadcrumb":{"@id":"https:\/\/noti-america.com\/site\/venezuela\/2021\/02\/07\/un-llamado-patriota-unidad-nacional-por-marlon-s-jimenez-garcia\/#breadcrumb"},"inLanguage":"es","potentialAction":[{"@type":"ReadAction","target":["https:\/\/noti-america.com\/site\/venezuela\/2021\/02\/07\/un-llamado-patriota-unidad-nacional-por-marlon-s-jimenez-garcia\/"]}]},{"@type":"ImageObject","inLanguage":"es","@id":"https:\/\/noti-america.com\/site\/venezuela\/2021\/02\/07\/un-llamado-patriota-unidad-nacional-por-marlon-s-jimenez-garcia\/#primaryimage","url":"https:\/\/noti-america.com\/site\/venezuela\/wp-content\/uploads\/sites\/2\/2020\/11\/marlon-jimenez1.jpeg","contentUrl":"https:\/\/noti-america.com\/site\/venezuela\/wp-content\/uploads\/sites\/2\/2020\/11\/marlon-jimenez1.jpeg"},{"@type":"BreadcrumbList","@id":"https:\/\/noti-america.com\/site\/venezuela\/2021\/02\/07\/un-llamado-patriota-unidad-nacional-por-marlon-s-jimenez-garcia\/#breadcrumb","itemListElement":[{"@type":"ListItem","position":1,"name":"Portada","item":"https:\/\/noti-america.com\/site\/venezuela\/"},{"@type":"ListItem","position":2,"name":"UN LLAMADO PATRIOTA, UNIDAD NACIONAL Por: Marlon S Jim\u00e9nez Garc\u00eda"}]},{"@type":"WebSite","@id":"https:\/\/noti-america.com\/site\/venezuela\/#website","url":"https:\/\/noti-america.com\/site\/venezuela\/","name":"Venezuela | Noti-America.com","description":"","publisher":{"@id":"https:\/\/noti-america.com\/site\/venezuela\/#organization"},"potentialAction":[{"@type":"SearchAction","target":{"@type":"EntryPoint","urlTemplate":"https:\/\/noti-america.com\/site\/venezuela\/?s={search_term_string}"},"query-input":{"@type":"PropertyValueSpecification","valueRequired":true,"valueName":"search_term_string"}}],"inLanguage":"es"},{"@type":"Organization","@id":"https:\/\/noti-america.com\/site\/venezuela\/#organization","name":"Noti-America LLC | Venezuela","url":"https:\/\/noti-america.com\/site\/venezuela\/","logo":{"@type":"ImageObject","inLanguage":"es","@id":"https:\/\/noti-america.com\/site\/venezuela\/#\/schema\/logo\/image\/","url":"https:\/\/noti-america.com\/site\/venezuela\/wp-content\/uploads\/sites\/2\/2020\/07\/LogoNA-4x3-1.jpg","contentUrl":"https:\/\/noti-america.com\/site\/venezuela\/wp-content\/uploads\/sites\/2\/2020\/07\/LogoNA-4x3-1.jpg","width":1236,"height":1080,"caption":"Noti-America LLC | Venezuela"},"image":{"@id":"https:\/\/noti-america.com\/site\/venezuela\/#\/schema\/logo\/image\/"}},{"@type":"Person","@id":"https:\/\/noti-america.com\/site\/venezuela\/#\/schema\/person\/a2e478ba496331ce89bcd0c731cd6533","name":"rloaiza","image":{"@type":"ImageObject","inLanguage":"es","@id":"https:\/\/secure.gravatar.com\/avatar\/190058e5d4427934610b99c45aa7a6558806850adedd53ddeddd194b04773e22?s=96&d=mm&r=g","url":"https:\/\/secure.gravatar.com\/avatar\/190058e5d4427934610b99c45aa7a6558806850adedd53ddeddd194b04773e22?s=96&d=mm&r=g","contentUrl":"https:\/\/secure.gravatar.com\/avatar\/190058e5d4427934610b99c45aa7a6558806850adedd53ddeddd194b04773e22?s=96&d=mm&r=g","caption":"rloaiza"},"url":"https:\/\/noti-america.com\/site\/venezuela\/author\/rloaiza\/"}]}},"_links":{"self":[{"href":"https:\/\/noti-america.com\/site\/venezuela\/wp-json\/wp\/v2\/posts\/14024","targetHints":{"allow":["GET"]}}],"collection":[{"href":"https:\/\/noti-america.com\/site\/venezuela\/wp-json\/wp\/v2\/posts"}],"about":[{"href":"https:\/\/noti-america.com\/site\/venezuela\/wp-json\/wp\/v2\/types\/post"}],"author":[{"embeddable":true,"href":"https:\/\/noti-america.com\/site\/venezuela\/wp-json\/wp\/v2\/users\/2"}],"replies":[{"embeddable":true,"href":"https:\/\/noti-america.com\/site\/venezuela\/wp-json\/wp\/v2\/comments?post=14024"}],"version-history":[{"count":1,"href":"https:\/\/noti-america.com\/site\/venezuela\/wp-json\/wp\/v2\/posts\/14024\/revisions"}],"predecessor-version":[{"id":14025,"href":"https:\/\/noti-america.com\/site\/venezuela\/wp-json\/wp\/v2\/posts\/14024\/revisions\/14025"}],"wp:featuredmedia":[{"embeddable":true,"href":"https:\/\/noti-america.com\/site\/venezuela\/wp-json\/wp\/v2\/media\/13522"}],"wp:attachment":[{"href":"https:\/\/noti-america.com\/site\/venezuela\/wp-json\/wp\/v2\/media?parent=14024"}],"wp:term":[{"taxonomy":"category","embeddable":true,"href":"https:\/\/noti-america.com\/site\/venezuela\/wp-json\/wp\/v2\/categories?post=14024"},{"taxonomy":"post_tag","embeddable":true,"href":"https:\/\/noti-america.com\/site\/venezuela\/wp-json\/wp\/v2\/tags?post=14024"}],"curies":[{"name":"wp","href":"https:\/\/api.w.org\/{rel}","templated":true}]}}