{"id":1397,"date":"2018-01-02T15:56:58","date_gmt":"2018-01-02T15:56:58","guid":{"rendered":"http:\/\/noti-america.com\/site\/venezuela\/?p=1397"},"modified":"2018-01-02T16:01:51","modified_gmt":"2018-01-02T16:01:51","slug":"salarios-en-latinoamerica-seran-reflejo-de-la-economia-en-la-region","status":"publish","type":"post","link":"https:\/\/noti-america.com\/site\/venezuela\/2018\/01\/02\/salarios-en-latinoamerica-seran-reflejo-de-la-economia-en-la-region\/","title":{"rendered":"Salarios en Latinoam\u00e9rica ser\u00e1n reflejo de la econom\u00eda en la regi\u00f3n"},"content":{"rendered":"<p>Los salarios m\u00ednimos se muestran como una oferta para vivir mejor en Latinoam\u00e9rica, pero cu\u00e1n suficiente resultan estos ingresos para el ciudadano com\u00fan dependiendo de las condiciones en cada uno de los pa\u00edses. Recordemos que existen diversidad de factores econ\u00f3micos y pol\u00edticos que interfieren en el \u00e1mbito social, all\u00ed recae el analizar si estos incrementos generan mejoras en la calidad de vida.<\/p>\n<blockquote><p><strong>En Argentina, Brasil, Colombia, M\u00e9xico, Ecuador, Uruguay, Bolivia y Chile, el\u00a0salario m\u00ednimo\u00a0promedio para el 2018 ser\u00e1 de aproximadamente USD 355.<\/strong><\/p>\n<p><strong>La crisis econ\u00f3mica en Venezuela es tal, que en lo corrido del a\u00f1o pasado,\u00a0Nicol\u00e1s <\/strong><strong>Maduro<\/strong><strong>subi\u00f3 el salario m\u00ednimo seis veces. \u00a0El \u00faltimo fue del 40 % en el mes de diciembre. Pero ante la crisis econ\u00f3mica que vive el pa\u00eds, los ciudadanos han determinado que no es suficiente para comprar la canasta b\u00e1sica.<\/strong><\/p><\/blockquote>\n<p>Actualmente Mexico<strong> ofrece un salario m\u00ednimo mensual de 2.220 pesos,<\/strong> promediando los diferentes montos que se manejan en el pa\u00eds; ya que dependiendo de la actividad que realice el empleado, se aplican algunas variantes.<\/p>\n<p>Este salario al cambio en d\u00f3lares,\u00a0<strong>oscila entre los US$ 105 y los US$ 125 mensuales<\/strong>; de acuerdo a la manera en la que se ubique la paridad cambiaria al momento de ejecutar el c\u00e1lculo. Con esto no basta para salir de la lista negra de los pa\u00edses con el sueldo m\u00ednimo m\u00e1s bajo.<\/p>\n<p>En tal sentido, M\u00e9xico es uno de los pa\u00edses donde est\u00e1n m\u00e1s cerca la canasta b\u00e1sica y el salario m\u00ednimo. De acuerdo a los datos publicados por la revista \u201cExpansi\u00f3n\u201d de M\u00e9xico, vemos que para mayo del 2017 la canasta b\u00e1sica se ubicaba en unos 2.823 pesos, dejando as\u00ed una diferencia de 603 pesos.<\/p>\n<p><strong>Colombia<\/strong><\/p>\n<p>Mientras tanto, en tierras colombianas, el Gobierno Nacional expidi\u00f3 el decreto que fij\u00f3 el\u00a0<strong>aumento de 7 por ciento<\/strong>\u00a0en el salario m\u00ednimo, lo que marc\u00f3 en 2017 un salario base fue de $737.717, lo que signific\u00f3 un aumento de $48.261. M\u00e1s sin embargo, el presidente de Colombia, <strong>Juan Manuel Santos, anunci\u00f3 el 30 de diciembre que el salario m\u00ednimo mensual ser\u00e1 de USD 265<\/strong>, con un subsidio de transporte por el orden de los USD 30.<\/p>\n<h2><strong>Brasil<\/strong><\/h2>\n<p>El salario m\u00ednimo en Brasil aumentar\u00e1 un 1.81% a partir del pr\u00f3ximo mes de enero, cuando pasar\u00e1 a ser de 954 reales, equivalentes actualmente a 288,1 d\u00f3lares.<\/p>\n<p>Se establece en 954 reales pues el aumento del m\u00ednimo se decide con una f\u00f3rmula que considera la inflaci\u00f3n, la tasa de crecimiento del a\u00f1o anterior y otras variables.<\/p>\n<p>Seg\u00fan se explic\u00f3 en el decreto firmado por el presidente Michel Temer, la raz\u00f3n de la escasa subida del salario para 2018 est\u00e1 en el comportamiento de la econom\u00eda durante 2016.<\/p>\n<h2><strong>Argentina<\/strong><\/h2>\n<p>Para mayo de 2016 el gobierno de Argentina inform\u00f3 el incremento del salario m\u00ednimo, vital y m\u00f3vil que estaba en 6.060 pesos (404 d\u00f3lares), el cual pas\u00f3 a valer 8.080 pesos (538 d\u00f3lares). Con este monto se convirti\u00f3 en el mejor salario de Sudam\u00e9rica y\u00a0el 2\u00b0 mejor de Am\u00e9rica Latina, s\u00f3lo superado por Panam\u00e1. Asimismo, se increment\u00f3 un 750% la pensi\u00f3n por desempleo, que presentaba cifras muy desactualizadas.<\/p>\n<p>Argentina cerr\u00f3 el a\u00f1o con una inflaci\u00f3n cercana al 21%. El gobierno de Mauricio Macri determin\u00f3 que la ampliaci\u00f3n del salario b\u00e1sico se har\u00e1 en tres partes a partir de enero y en lo corrido del primer semestre del 2018. El salario base qued\u00f3 en USD 544.<\/p>\n<p>Mientras en <strong>Paraguay<\/strong>, el salario m\u00ednimo legal comenz\u00f3 a regir a partir de<strong> junio de 2017 y se ubica en USD 371<\/strong>. El salario b\u00e1sico en este pa\u00eds ser\u00e1 renovado a mediados del 2018.<\/p>\n<h2><strong>Chile<\/strong><\/h2>\n<p>Este 27 de diciembre de 2017 se anunci\u00f3 cu\u00e1l ser\u00e1 el incremento del Salario B\u00e1sico Unificado (SBU) para 2018.<\/p>\n<p>De acuerdo con lo informado por el Ministerio de Trabajo de Chile, el aumento al SBU ser\u00e1 de USD 11, es decir que pasara de USD 375 a USD 386.<\/p>\n<p><strong>Per\u00fa<\/strong><\/p>\n<p>Mientras tanto, en Per\u00fa no se anunci\u00f3 cu\u00e1l ser\u00e1 el aumento del sueldo m\u00ednimo para este a\u00f1o. Se espera que en el transcurso de enero se anuncie el monto correspondiente. Por ahora, el ministro de Trabajo, Alfonso Grados, dijo que comenzar\u00e1 a evaluar un incremento del salario m\u00ednimo vital (SMV), fijado en USD 250.<\/p>\n<p>Al mismo tiempo, el gobierno de <strong>Uruguay<\/strong> defini\u00f3 el valor del salario base, para el a\u00f1o que corre, en USD 431. Cabe decir que, a nivel latinoamericano, Uruguay tiene la inflaci\u00f3n m\u00e1s alta -sin contar a Venezuela- con un promedio de 6,88%.<\/p>\n<p>Y para finales de diciembre, el presidente de <strong>Ecuador<\/strong>, Len\u00edn Moreno, anunci\u00f3 un salario m\u00ednimo de USD 391. Teniendo adem\u00e1s en cuenta que en noviembre del 2017, el \u00edndice inflacionario fue de -0,27%, seg\u00fan el Instituto Nacional de Estad\u00edstica y Censos (INEC).<\/p>\n<p>Sin embargo, <strong>Venezuela<\/strong> sigue quedando atr\u00e1s, con uno de los salarios m\u00e1s precarios en Latinoam\u00e9rica, aunque el presidente de Venezuela, Nicol\u00e1s Maduro, anunci\u00f3 este domingo un aumento de 40% en el salario m\u00ednimo, el sexto en el a\u00f1o que termina, no deja de estar marcado por una espiral hiperinflacionaria.<\/p>\n<blockquote><p><img loading=\"lazy\" decoding=\"async\" class=\"alignnone size-medium wp-image-1399\" src=\"http:\/\/noti-america.com\/site\/venezuela\/wp-content\/uploads\/sites\/2\/2018\/01\/billetes-001-300x225.jpg\" alt=\"\" width=\"300\" height=\"225\" srcset=\"https:\/\/noti-america.com\/site\/venezuela\/wp-content\/uploads\/sites\/2\/2018\/01\/billetes-001-300x225.jpg 300w, https:\/\/noti-america.com\/site\/venezuela\/wp-content\/uploads\/sites\/2\/2018\/01\/billetes-001-768x576.jpg 768w, https:\/\/noti-america.com\/site\/venezuela\/wp-content\/uploads\/sites\/2\/2018\/01\/billetes-001-1024x768.jpg 1024w\" sizes=\"auto, (max-width: 300px) 100vw, 300px\" \/><\/p>\n<p>Con esto el sueldo b\u00e1sico queda en 248.510 bol\u00edvares, equivalentes a 74 d\u00f3lares a la tasa de cambio oficial y 2,2 d\u00f3lares a la del mercado negro.<\/p><\/blockquote>\n<p>A ello se suma un bono de alimentaci\u00f3n de 549.000 bol\u00edvares, con lo que el \u00abingreso m\u00ednimo integral\u00bb totaliza <strong>798.510 bol\u00edvares<\/strong> (238 d\u00f3lares a la tasa oficial y <strong><em>7,16 a la del d\u00f3lar paralelo<\/em><\/strong>).<\/p>\n<p>Maduro, quien realiz\u00f3 aumentos previos de 50%, 60%, 50%, 40% y 30% en 2017, inform\u00f3 \u00a0en cadena de radio y televisi\u00f3n que busca \u00abcuidar\u00bb a los trabajadores frente a lo que denomin\u00f3 un \u00abmecanismo completamente falaz, criminal, de fijaci\u00f3n de precios\u00bb.<\/p>\n<p>Establecer una comparaci\u00f3n del salario con el \u00abd\u00f3lar negro\u00bb resulta relevante, ya que muchos productos b\u00e1sicos son importados por el sector privado con divisas adquiridas en el mercado paralelo, a la vez que el gobierno mantiene congelada desde septiembre la venta oficial a tasas altamente subsidiadas.<\/p>\n<p>El Estado monopoliza los d\u00f3lares mediante un control de cambios vigente desde 2003, ello ha llevado la inflaci\u00f3n a las nubes: el Fondo Monetario Internacional (FMI) prev\u00e9 que en 2018 superar\u00e1 el 2.300%.<\/p>\n<blockquote>\n<ul>\n<li><strong>Maduro calific\u00f3 este domingo el mercado negro como un \u00abc\u00e1ncer maldito\u00bb.<\/strong><\/li>\n<\/ul>\n<\/blockquote>\n<p>Con el incremento salarial anunciado, se desconoce c\u00f3mo quedar\u00e1 el precio de la canasta b\u00e1sica de alimentos para el 2018, aunque ya era desalentador conocer que en noviembre la canasta b\u00e1sica se ubicaba \u00a0en 3,8 millones de bol\u00edvares, con lo cual se requer\u00edan m\u00e1s de cinco ingresos m\u00ednimos para cubrirla.<\/p>\n<blockquote><p>&nbsp;<\/p>\n<p>&nbsp;<\/p>\n<p>&nbsp;<\/p>\n<p>&nbsp;<\/p>\n<p>&nbsp;<\/p>\n<p>&nbsp;<\/p>\n<p>&nbsp;<\/p>\n<p>&nbsp;<\/p>\n<p>&nbsp;<\/p>\n<p>&nbsp;<\/p><\/blockquote>\n","protected":false},"excerpt":{"rendered":"<p>Los salarios m\u00ednimos se muestran como una oferta para vivir mejor en Latinoam\u00e9rica, pero cu\u00e1n suficiente resultan estos ingresos para el ciudadano com\u00fan dependiendo de las condiciones en cada uno de los pa\u00edses. Recordemos&#46;&#46;&#46;<\/p>\n","protected":false},"author":11,"featured_media":1400,"comment_status":"open","ping_status":"open","sticky":false,"template":"","format":"standard","meta":{"_acf_changed":false,"om_disable_all_campaigns":false,"rop_custom_images_group":[],"rop_custom_messages_group":[],"rop_publish_now":"initial","rop_publish_now_accounts":{"twitter_242054905_242054905":""},"rop_publish_now_history":[],"rop_publish_now_status":"pending","_uf_show_specific_survey":0,"_uf_disable_surveys":false,"footnotes":""},"categories":[5,4,3],"tags":[],"class_list":["post-1397","post","type-post","status-publish","format-standard","has-post-thumbnail","hentry","category-economia","category-internacionales","category-politica"],"acf":[],"aioseo_notices":[],"yoast_head":"<!-- This site is optimized with the Yoast SEO Premium plugin v24.9 (Yoast SEO v27.2) - https:\/\/yoast.com\/product\/yoast-seo-premium-wordpress\/ -->\n<title>Salarios en Latinoam\u00e9rica ser\u00e1n reflejo de la econom\u00eda en la regi\u00f3n - Venezuela | Noti-America.com<\/title>\n<meta name=\"robots\" content=\"index, follow, max-snippet:-1, max-image-preview:large, max-video-preview:-1\" \/>\n<link rel=\"canonical\" href=\"https:\/\/noti-america.com\/site\/venezuela\/2018\/01\/02\/salarios-en-latinoamerica-seran-reflejo-de-la-economia-en-la-region\/\" \/>\n<meta property=\"og:locale\" content=\"es_ES\" \/>\n<meta property=\"og:type\" content=\"article\" \/>\n<meta property=\"og:title\" content=\"Salarios en Latinoam\u00e9rica ser\u00e1n reflejo de la econom\u00eda en la regi\u00f3n\" \/>\n<meta property=\"og:description\" content=\"Los salarios m\u00ednimos se muestran como una oferta para vivir mejor en Latinoam\u00e9rica, pero cu\u00e1n suficiente resultan estos ingresos para el ciudadano com\u00fan dependiendo de las condiciones en cada uno de los pa\u00edses. Recordemos&#046;&#046;&#046;\" \/>\n<meta property=\"og:url\" content=\"https:\/\/noti-america.com\/site\/venezuela\/2018\/01\/02\/salarios-en-latinoamerica-seran-reflejo-de-la-economia-en-la-region\/\" \/>\n<meta property=\"og:site_name\" content=\"Venezuela | Noti-America.com\" \/>\n<meta property=\"article:published_time\" content=\"2018-01-02T15:56:58+00:00\" \/>\n<meta property=\"article:modified_time\" content=\"2018-01-02T16:01:51+00:00\" \/>\n<meta property=\"og:image\" content=\"https:\/\/noti-america.com\/site\/venezuela\/wp-content\/uploads\/sites\/2\/2018\/01\/bolivares-y-pesos-colombianos.jpg\" \/>\n\t<meta property=\"og:image:width\" content=\"940\" \/>\n\t<meta property=\"og:image:height\" content=\"528\" \/>\n\t<meta property=\"og:image:type\" content=\"image\/jpeg\" \/>\n<meta name=\"author\" content=\"Yliana Duque\" \/>\n<meta name=\"twitter:card\" content=\"summary_large_image\" \/>\n<meta name=\"twitter:creator\" content=\"@ylianaduque\" \/>\n<meta name=\"twitter:label1\" content=\"Escrito por\" \/>\n\t<meta name=\"twitter:data1\" content=\"Yliana Duque\" \/>\n\t<meta name=\"twitter:label2\" content=\"Tiempo estimado de lectura\" \/>\n\t<meta name=\"twitter:data2\" content=\"6 minutos\" \/>\n<script type=\"application\/ld+json\" class=\"yoast-schema-graph\">{\"@context\":\"https:\/\/schema.org\",\"@graph\":[{\"@type\":\"Article\",\"@id\":\"https:\/\/noti-america.com\/site\/venezuela\/2018\/01\/02\/salarios-en-latinoamerica-seran-reflejo-de-la-economia-en-la-region\/#article\",\"isPartOf\":{\"@id\":\"https:\/\/noti-america.com\/site\/venezuela\/2018\/01\/02\/salarios-en-latinoamerica-seran-reflejo-de-la-economia-en-la-region\/\"},\"author\":{\"name\":\"Yliana Duque\",\"@id\":\"https:\/\/noti-america.com\/site\/venezuela\/#\/schema\/person\/a166d9d45f249dbd09521fbc2e7342d8\"},\"headline\":\"Salarios en Latinoam\u00e9rica ser\u00e1n reflejo de la econom\u00eda en la regi\u00f3n\",\"datePublished\":\"2018-01-02T15:56:58+00:00\",\"dateModified\":\"2018-01-02T16:01:51+00:00\",\"mainEntityOfPage\":{\"@id\":\"https:\/\/noti-america.com\/site\/venezuela\/2018\/01\/02\/salarios-en-latinoamerica-seran-reflejo-de-la-economia-en-la-region\/\"},\"wordCount\":1142,\"commentCount\":1,\"publisher\":{\"@id\":\"https:\/\/noti-america.com\/site\/venezuela\/#organization\"},\"image\":{\"@id\":\"https:\/\/noti-america.com\/site\/venezuela\/2018\/01\/02\/salarios-en-latinoamerica-seran-reflejo-de-la-economia-en-la-region\/#primaryimage\"},\"thumbnailUrl\":\"https:\/\/noti-america.com\/site\/venezuela\/wp-content\/uploads\/sites\/2\/2018\/01\/bolivares-y-pesos-colombianos.jpg\",\"articleSection\":[\"Econom\u00eda\",\"Internacionales\",\"Pol\u00edtica\"],\"inLanguage\":\"es\",\"potentialAction\":[{\"@type\":\"CommentAction\",\"name\":\"Comment\",\"target\":[\"https:\/\/noti-america.com\/site\/venezuela\/2018\/01\/02\/salarios-en-latinoamerica-seran-reflejo-de-la-economia-en-la-region\/#respond\"]}]},{\"@type\":\"WebPage\",\"@id\":\"https:\/\/noti-america.com\/site\/venezuela\/2018\/01\/02\/salarios-en-latinoamerica-seran-reflejo-de-la-economia-en-la-region\/\",\"url\":\"https:\/\/noti-america.com\/site\/venezuela\/2018\/01\/02\/salarios-en-latinoamerica-seran-reflejo-de-la-economia-en-la-region\/\",\"name\":\"Salarios en Latinoam\u00e9rica ser\u00e1n reflejo de la econom\u00eda en la regi\u00f3n - Venezuela | Noti-America.com\",\"isPartOf\":{\"@id\":\"https:\/\/noti-america.com\/site\/venezuela\/#website\"},\"primaryImageOfPage\":{\"@id\":\"https:\/\/noti-america.com\/site\/venezuela\/2018\/01\/02\/salarios-en-latinoamerica-seran-reflejo-de-la-economia-en-la-region\/#primaryimage\"},\"image\":{\"@id\":\"https:\/\/noti-america.com\/site\/venezuela\/2018\/01\/02\/salarios-en-latinoamerica-seran-reflejo-de-la-economia-en-la-region\/#primaryimage\"},\"thumbnailUrl\":\"https:\/\/noti-america.com\/site\/venezuela\/wp-content\/uploads\/sites\/2\/2018\/01\/bolivares-y-pesos-colombianos.jpg\",\"datePublished\":\"2018-01-02T15:56:58+00:00\",\"dateModified\":\"2018-01-02T16:01:51+00:00\",\"breadcrumb\":{\"@id\":\"https:\/\/noti-america.com\/site\/venezuela\/2018\/01\/02\/salarios-en-latinoamerica-seran-reflejo-de-la-economia-en-la-region\/#breadcrumb\"},\"inLanguage\":\"es\",\"potentialAction\":[{\"@type\":\"ReadAction\",\"target\":[\"https:\/\/noti-america.com\/site\/venezuela\/2018\/01\/02\/salarios-en-latinoamerica-seran-reflejo-de-la-economia-en-la-region\/\"]}]},{\"@type\":\"ImageObject\",\"inLanguage\":\"es\",\"@id\":\"https:\/\/noti-america.com\/site\/venezuela\/2018\/01\/02\/salarios-en-latinoamerica-seran-reflejo-de-la-economia-en-la-region\/#primaryimage\",\"url\":\"https:\/\/noti-america.com\/site\/venezuela\/wp-content\/uploads\/sites\/2\/2018\/01\/bolivares-y-pesos-colombianos.jpg\",\"contentUrl\":\"https:\/\/noti-america.com\/site\/venezuela\/wp-content\/uploads\/sites\/2\/2018\/01\/bolivares-y-pesos-colombianos.jpg\",\"width\":940,\"height\":528},{\"@type\":\"BreadcrumbList\",\"@id\":\"https:\/\/noti-america.com\/site\/venezuela\/2018\/01\/02\/salarios-en-latinoamerica-seran-reflejo-de-la-economia-en-la-region\/#breadcrumb\",\"itemListElement\":[{\"@type\":\"ListItem\",\"position\":1,\"name\":\"Portada\",\"item\":\"https:\/\/noti-america.com\/site\/venezuela\/\"},{\"@type\":\"ListItem\",\"position\":2,\"name\":\"Salarios en Latinoam\u00e9rica ser\u00e1n reflejo de la econom\u00eda en la regi\u00f3n\"}]},{\"@type\":\"WebSite\",\"@id\":\"https:\/\/noti-america.com\/site\/venezuela\/#website\",\"url\":\"https:\/\/noti-america.com\/site\/venezuela\/\",\"name\":\"Venezuela | Noti-America.com\",\"description\":\"\",\"publisher\":{\"@id\":\"https:\/\/noti-america.com\/site\/venezuela\/#organization\"},\"potentialAction\":[{\"@type\":\"SearchAction\",\"target\":{\"@type\":\"EntryPoint\",\"urlTemplate\":\"https:\/\/noti-america.com\/site\/venezuela\/?s={search_term_string}\"},\"query-input\":{\"@type\":\"PropertyValueSpecification\",\"valueRequired\":true,\"valueName\":\"search_term_string\"}}],\"inLanguage\":\"es\"},{\"@type\":\"Organization\",\"@id\":\"https:\/\/noti-america.com\/site\/venezuela\/#organization\",\"name\":\"Noti-America LLC | Venezuela\",\"url\":\"https:\/\/noti-america.com\/site\/venezuela\/\",\"logo\":{\"@type\":\"ImageObject\",\"inLanguage\":\"es\",\"@id\":\"https:\/\/noti-america.com\/site\/venezuela\/#\/schema\/logo\/image\/\",\"url\":\"https:\/\/noti-america.com\/site\/venezuela\/wp-content\/uploads\/sites\/2\/2020\/07\/LogoNA-4x3-1.jpg\",\"contentUrl\":\"https:\/\/noti-america.com\/site\/venezuela\/wp-content\/uploads\/sites\/2\/2020\/07\/LogoNA-4x3-1.jpg\",\"width\":1236,\"height\":1080,\"caption\":\"Noti-America LLC | Venezuela\"},\"image\":{\"@id\":\"https:\/\/noti-america.com\/site\/venezuela\/#\/schema\/logo\/image\/\"}},{\"@type\":\"Person\",\"@id\":\"https:\/\/noti-america.com\/site\/venezuela\/#\/schema\/person\/a166d9d45f249dbd09521fbc2e7342d8\",\"name\":\"Yliana Duque\",\"image\":{\"@type\":\"ImageObject\",\"inLanguage\":\"es\",\"@id\":\"https:\/\/secure.gravatar.com\/avatar\/8caf2a4035762b3be44c3a0455581febe2d5273a41ac40dacc575b8aa348fe65?s=96&d=mm&r=g\",\"url\":\"https:\/\/secure.gravatar.com\/avatar\/8caf2a4035762b3be44c3a0455581febe2d5273a41ac40dacc575b8aa348fe65?s=96&d=mm&r=g\",\"contentUrl\":\"https:\/\/secure.gravatar.com\/avatar\/8caf2a4035762b3be44c3a0455581febe2d5273a41ac40dacc575b8aa348fe65?s=96&d=mm&r=g\",\"caption\":\"Yliana Duque\"},\"description\":\"Ejercer el periodismo requiere de pasi\u00f3n y conocimiento en investigaci\u00f3n de campo. Siempre en la b\u00fasqueda de la verdad para aportar claridad y poder discernir sobre el hecho noticioso. Egresada de la Universidad de los Andes. Maestria en Relaciones Internacionales (UCV). Diplomado de Educaci\u00f3n Superior (Universidad Experimental LIbertador (UPEL), y Educaci\u00f3n superior a distancia (UFT). Estudios de Locuci\u00f3n- Actuaci\u00f3n-Publicidad y Mercadeo, Redes. Subdirectora de relaciones p\u00fablicas de la Asamablea Legislativa del Estado Sucre(1995)-Periodista de TELESOL,Telecaribe (Sucre). Jefe de Prensa de la Gobernaci\u00f3n del Estado Amazonas(1997). Periodista Comandancia General del Ej\u00e9rcito, Fuerte Tiuna (1996). Lider de Proyectos en educaci\u00f3n Superior en la Universidad Ferm\u00edn Toro (UFT) (2000). Docente Universitario UFT (2002-2007)-Docente de Educaci\u00f3n Superior a Distancia -titulado. Periodista Diario El Informador. Periodista en Apoyo A\u00e9reo de la Guardia Nacional, Aeropuerto Jacinto Lara. www.Noti-america.com (Venezuela)\",\"sameAs\":[\"https:\/\/x.com\/ylianaduque\"],\"url\":\"https:\/\/noti-america.com\/site\/venezuela\/author\/yduque\/\"}]}<\/script>\n<!-- \/ Yoast SEO Premium plugin. -->","yoast_head_json":{"title":"Salarios en Latinoam\u00e9rica ser\u00e1n reflejo de la econom\u00eda en la regi\u00f3n - Venezuela | Noti-America.com","robots":{"index":"index","follow":"follow","max-snippet":"max-snippet:-1","max-image-preview":"max-image-preview:large","max-video-preview":"max-video-preview:-1"},"canonical":"https:\/\/noti-america.com\/site\/venezuela\/2018\/01\/02\/salarios-en-latinoamerica-seran-reflejo-de-la-economia-en-la-region\/","og_locale":"es_ES","og_type":"article","og_title":"Salarios en Latinoam\u00e9rica ser\u00e1n reflejo de la econom\u00eda en la regi\u00f3n","og_description":"Los salarios m\u00ednimos se muestran como una oferta para vivir mejor en Latinoam\u00e9rica, pero cu\u00e1n suficiente resultan estos ingresos para el ciudadano com\u00fan dependiendo de las condiciones en cada uno de los pa\u00edses. Recordemos&#46;&#46;&#46;","og_url":"https:\/\/noti-america.com\/site\/venezuela\/2018\/01\/02\/salarios-en-latinoamerica-seran-reflejo-de-la-economia-en-la-region\/","og_site_name":"Venezuela | Noti-America.com","article_published_time":"2018-01-02T15:56:58+00:00","article_modified_time":"2018-01-02T16:01:51+00:00","og_image":[{"width":940,"height":528,"url":"https:\/\/noti-america.com\/site\/venezuela\/wp-content\/uploads\/sites\/2\/2018\/01\/bolivares-y-pesos-colombianos.jpg","type":"image\/jpeg"}],"author":"Yliana Duque","twitter_card":"summary_large_image","twitter_creator":"@ylianaduque","twitter_misc":{"Escrito por":"Yliana Duque","Tiempo estimado de lectura":"6 minutos"},"schema":{"@context":"https:\/\/schema.org","@graph":[{"@type":"Article","@id":"https:\/\/noti-america.com\/site\/venezuela\/2018\/01\/02\/salarios-en-latinoamerica-seran-reflejo-de-la-economia-en-la-region\/#article","isPartOf":{"@id":"https:\/\/noti-america.com\/site\/venezuela\/2018\/01\/02\/salarios-en-latinoamerica-seran-reflejo-de-la-economia-en-la-region\/"},"author":{"name":"Yliana Duque","@id":"https:\/\/noti-america.com\/site\/venezuela\/#\/schema\/person\/a166d9d45f249dbd09521fbc2e7342d8"},"headline":"Salarios en Latinoam\u00e9rica ser\u00e1n reflejo de la econom\u00eda en la regi\u00f3n","datePublished":"2018-01-02T15:56:58+00:00","dateModified":"2018-01-02T16:01:51+00:00","mainEntityOfPage":{"@id":"https:\/\/noti-america.com\/site\/venezuela\/2018\/01\/02\/salarios-en-latinoamerica-seran-reflejo-de-la-economia-en-la-region\/"},"wordCount":1142,"commentCount":1,"publisher":{"@id":"https:\/\/noti-america.com\/site\/venezuela\/#organization"},"image":{"@id":"https:\/\/noti-america.com\/site\/venezuela\/2018\/01\/02\/salarios-en-latinoamerica-seran-reflejo-de-la-economia-en-la-region\/#primaryimage"},"thumbnailUrl":"https:\/\/noti-america.com\/site\/venezuela\/wp-content\/uploads\/sites\/2\/2018\/01\/bolivares-y-pesos-colombianos.jpg","articleSection":["Econom\u00eda","Internacionales","Pol\u00edtica"],"inLanguage":"es","potentialAction":[{"@type":"CommentAction","name":"Comment","target":["https:\/\/noti-america.com\/site\/venezuela\/2018\/01\/02\/salarios-en-latinoamerica-seran-reflejo-de-la-economia-en-la-region\/#respond"]}]},{"@type":"WebPage","@id":"https:\/\/noti-america.com\/site\/venezuela\/2018\/01\/02\/salarios-en-latinoamerica-seran-reflejo-de-la-economia-en-la-region\/","url":"https:\/\/noti-america.com\/site\/venezuela\/2018\/01\/02\/salarios-en-latinoamerica-seran-reflejo-de-la-economia-en-la-region\/","name":"Salarios en Latinoam\u00e9rica ser\u00e1n reflejo de la econom\u00eda en la regi\u00f3n - Venezuela | Noti-America.com","isPartOf":{"@id":"https:\/\/noti-america.com\/site\/venezuela\/#website"},"primaryImageOfPage":{"@id":"https:\/\/noti-america.com\/site\/venezuela\/2018\/01\/02\/salarios-en-latinoamerica-seran-reflejo-de-la-economia-en-la-region\/#primaryimage"},"image":{"@id":"https:\/\/noti-america.com\/site\/venezuela\/2018\/01\/02\/salarios-en-latinoamerica-seran-reflejo-de-la-economia-en-la-region\/#primaryimage"},"thumbnailUrl":"https:\/\/noti-america.com\/site\/venezuela\/wp-content\/uploads\/sites\/2\/2018\/01\/bolivares-y-pesos-colombianos.jpg","datePublished":"2018-01-02T15:56:58+00:00","dateModified":"2018-01-02T16:01:51+00:00","breadcrumb":{"@id":"https:\/\/noti-america.com\/site\/venezuela\/2018\/01\/02\/salarios-en-latinoamerica-seran-reflejo-de-la-economia-en-la-region\/#breadcrumb"},"inLanguage":"es","potentialAction":[{"@type":"ReadAction","target":["https:\/\/noti-america.com\/site\/venezuela\/2018\/01\/02\/salarios-en-latinoamerica-seran-reflejo-de-la-economia-en-la-region\/"]}]},{"@type":"ImageObject","inLanguage":"es","@id":"https:\/\/noti-america.com\/site\/venezuela\/2018\/01\/02\/salarios-en-latinoamerica-seran-reflejo-de-la-economia-en-la-region\/#primaryimage","url":"https:\/\/noti-america.com\/site\/venezuela\/wp-content\/uploads\/sites\/2\/2018\/01\/bolivares-y-pesos-colombianos.jpg","contentUrl":"https:\/\/noti-america.com\/site\/venezuela\/wp-content\/uploads\/sites\/2\/2018\/01\/bolivares-y-pesos-colombianos.jpg","width":940,"height":528},{"@type":"BreadcrumbList","@id":"https:\/\/noti-america.com\/site\/venezuela\/2018\/01\/02\/salarios-en-latinoamerica-seran-reflejo-de-la-economia-en-la-region\/#breadcrumb","itemListElement":[{"@type":"ListItem","position":1,"name":"Portada","item":"https:\/\/noti-america.com\/site\/venezuela\/"},{"@type":"ListItem","position":2,"name":"Salarios en Latinoam\u00e9rica ser\u00e1n reflejo de la econom\u00eda en la regi\u00f3n"}]},{"@type":"WebSite","@id":"https:\/\/noti-america.com\/site\/venezuela\/#website","url":"https:\/\/noti-america.com\/site\/venezuela\/","name":"Venezuela | Noti-America.com","description":"","publisher":{"@id":"https:\/\/noti-america.com\/site\/venezuela\/#organization"},"potentialAction":[{"@type":"SearchAction","target":{"@type":"EntryPoint","urlTemplate":"https:\/\/noti-america.com\/site\/venezuela\/?s={search_term_string}"},"query-input":{"@type":"PropertyValueSpecification","valueRequired":true,"valueName":"search_term_string"}}],"inLanguage":"es"},{"@type":"Organization","@id":"https:\/\/noti-america.com\/site\/venezuela\/#organization","name":"Noti-America LLC | Venezuela","url":"https:\/\/noti-america.com\/site\/venezuela\/","logo":{"@type":"ImageObject","inLanguage":"es","@id":"https:\/\/noti-america.com\/site\/venezuela\/#\/schema\/logo\/image\/","url":"https:\/\/noti-america.com\/site\/venezuela\/wp-content\/uploads\/sites\/2\/2020\/07\/LogoNA-4x3-1.jpg","contentUrl":"https:\/\/noti-america.com\/site\/venezuela\/wp-content\/uploads\/sites\/2\/2020\/07\/LogoNA-4x3-1.jpg","width":1236,"height":1080,"caption":"Noti-America LLC | Venezuela"},"image":{"@id":"https:\/\/noti-america.com\/site\/venezuela\/#\/schema\/logo\/image\/"}},{"@type":"Person","@id":"https:\/\/noti-america.com\/site\/venezuela\/#\/schema\/person\/a166d9d45f249dbd09521fbc2e7342d8","name":"Yliana Duque","image":{"@type":"ImageObject","inLanguage":"es","@id":"https:\/\/secure.gravatar.com\/avatar\/8caf2a4035762b3be44c3a0455581febe2d5273a41ac40dacc575b8aa348fe65?s=96&d=mm&r=g","url":"https:\/\/secure.gravatar.com\/avatar\/8caf2a4035762b3be44c3a0455581febe2d5273a41ac40dacc575b8aa348fe65?s=96&d=mm&r=g","contentUrl":"https:\/\/secure.gravatar.com\/avatar\/8caf2a4035762b3be44c3a0455581febe2d5273a41ac40dacc575b8aa348fe65?s=96&d=mm&r=g","caption":"Yliana Duque"},"description":"Ejercer el periodismo requiere de pasi\u00f3n y conocimiento en investigaci\u00f3n de campo. Siempre en la b\u00fasqueda de la verdad para aportar claridad y poder discernir sobre el hecho noticioso. Egresada de la Universidad de los Andes. Maestria en Relaciones Internacionales (UCV). Diplomado de Educaci\u00f3n Superior (Universidad Experimental LIbertador (UPEL), y Educaci\u00f3n superior a distancia (UFT). Estudios de Locuci\u00f3n- Actuaci\u00f3n-Publicidad y Mercadeo, Redes. Subdirectora de relaciones p\u00fablicas de la Asamablea Legislativa del Estado Sucre(1995)-Periodista de TELESOL,Telecaribe (Sucre). Jefe de Prensa de la Gobernaci\u00f3n del Estado Amazonas(1997). Periodista Comandancia General del Ej\u00e9rcito, Fuerte Tiuna (1996). Lider de Proyectos en educaci\u00f3n Superior en la Universidad Ferm\u00edn Toro (UFT) (2000). Docente Universitario UFT (2002-2007)-Docente de Educaci\u00f3n Superior a Distancia -titulado. Periodista Diario El Informador. Periodista en Apoyo A\u00e9reo de la Guardia Nacional, Aeropuerto Jacinto Lara. www.Noti-america.com (Venezuela)","sameAs":["https:\/\/x.com\/ylianaduque"],"url":"https:\/\/noti-america.com\/site\/venezuela\/author\/yduque\/"}]}},"_links":{"self":[{"href":"https:\/\/noti-america.com\/site\/venezuela\/wp-json\/wp\/v2\/posts\/1397","targetHints":{"allow":["GET"]}}],"collection":[{"href":"https:\/\/noti-america.com\/site\/venezuela\/wp-json\/wp\/v2\/posts"}],"about":[{"href":"https:\/\/noti-america.com\/site\/venezuela\/wp-json\/wp\/v2\/types\/post"}],"author":[{"embeddable":true,"href":"https:\/\/noti-america.com\/site\/venezuela\/wp-json\/wp\/v2\/users\/11"}],"replies":[{"embeddable":true,"href":"https:\/\/noti-america.com\/site\/venezuela\/wp-json\/wp\/v2\/comments?post=1397"}],"version-history":[{"count":3,"href":"https:\/\/noti-america.com\/site\/venezuela\/wp-json\/wp\/v2\/posts\/1397\/revisions"}],"predecessor-version":[{"id":1403,"href":"https:\/\/noti-america.com\/site\/venezuela\/wp-json\/wp\/v2\/posts\/1397\/revisions\/1403"}],"wp:featuredmedia":[{"embeddable":true,"href":"https:\/\/noti-america.com\/site\/venezuela\/wp-json\/wp\/v2\/media\/1400"}],"wp:attachment":[{"href":"https:\/\/noti-america.com\/site\/venezuela\/wp-json\/wp\/v2\/media?parent=1397"}],"wp:term":[{"taxonomy":"category","embeddable":true,"href":"https:\/\/noti-america.com\/site\/venezuela\/wp-json\/wp\/v2\/categories?post=1397"},{"taxonomy":"post_tag","embeddable":true,"href":"https:\/\/noti-america.com\/site\/venezuela\/wp-json\/wp\/v2\/tags?post=1397"}],"curies":[{"name":"wp","href":"https:\/\/api.w.org\/{rel}","templated":true}]}}