{"id":13931,"date":"2021-01-17T14:15:04","date_gmt":"2021-01-17T14:15:04","guid":{"rendered":"https:\/\/noti-america.com\/site\/venezuela\/2021\/01\/17\/podremos-volver-a-tener-la-calidad-de-vida-de-hace-30-anos\/"},"modified":"2021-01-17T18:15:11","modified_gmt":"2021-01-17T18:15:11","slug":"podremos-volver-a-tener-la-calidad-de-vida-de-hace-30-anos","status":"publish","type":"post","link":"https:\/\/noti-america.com\/site\/venezuela\/2021\/01\/17\/podremos-volver-a-tener-la-calidad-de-vida-de-hace-30-anos\/","title":{"rendered":"\u00bfPODREMOS\u00a0VOLVER A TENER LA CALIDAD DE VIDA DE HACE 30 A\u00d1OS?"},"content":{"rendered":"<p><strong>Venezuela | Noti-America.com<\/strong><\/p>\n<p style=\"text-align: center;\"><strong>\u00bfPODREMOS\u00a0VOLVER A TENER LA CALIDAD DE VIDA DE HACE 30 A\u00d1OS?<\/strong><\/p>\n<p><img loading=\"lazy\" decoding=\"async\" class=\"alignnone size-medium wp-image-13890 aligncenter\" src=\"https:\/\/noti-america.com\/site\/venezuela\/wp-content\/uploads\/sites\/2\/2021\/01\/vicente-brito1-300x169.png\" alt=\"\" width=\"300\" height=\"169\" \/><\/p>\n<p><strong>\u00a0<\/strong><\/p>\n<p><strong>A pesar de las dificultades a las cuales nos encontramos sometidos, los Venezolanos sostienen sus esperanzas en que si podemos volver a tener la calidad de vida que tuvimos hace 30 a\u00f1os atr\u00e1s, Esas aspiraciones se sostienen en que somos un pa\u00eds de m\u00faltiples\u00a0recursos y de grandes oportunidades, como muy pocos en el mundo. Tenemos un potencial de desarrollo el cual se mantiene intacto a pesar de las desmejoras observadas en buena parte de la infraestructura p\u00fablica y las afectaciones que hemos tenido los privados por la pol\u00edtica estatizada\u00a0de nuestras propiedades. Esto unido a la alta formaci\u00f3n\u00a0profesional y t\u00e9cnica que poseemos los Venezolanos, nos permite ser optimistas de que si podemos alcanzar estos niveles de desarrollo.<\/strong><\/p>\n<p><strong>\u00a0<\/strong><\/p>\n<p><strong>A lo largo de nuestra historia hemos visto c\u00f3mo hemos superado guerras, enfermedades tales como el paludismo, gripe espa\u00f1ola, etc. Igualmente hemos alcanzado niveles de crecimientos econ\u00f3micos como en el siglo XIX con la explotaci\u00f3n ganadera, la producci\u00f3n\u00a0y exportaci\u00f3n de caf\u00e9 y cacao. En el siglo XX la explotaci\u00f3n\u00a0petrolera trajo grandes beneficios a nuestro desarrollo donde los gobiernos de turnos utilizan buena parte de los ingresos petroleros, para mejorar las condiciones de vida de la poblaci\u00f3n, al invertirlos en el desarrollo de: vialidad, agua, electricidad, viviendas, planteles educativos, hospitales, etc. Logramos convertirnos en la d\u00e9cada de los 50 y 60 dentro de los 20 pa\u00edses del mundo con mejor infraestructura p\u00fablica. Fuimos el pa\u00eds con mayor flujo de inmigrantes a nivel mundial, siendo beneficiados con millones de ciudadanos procedentes de m\u00e1s de 20 pa\u00edses. Lo cual le dio un gran impulso a nuestro desarrollo por sus conocimientos y pujanza\u00a0para el trabajo.<\/strong><\/p>\n<p><strong>\u00a0<\/strong><\/p>\n<p><strong>El crecimiento de la actividad privada fue un factor determinante en ese desarrollo con su evidente impulso en alcanzar mejoras en calidad de vida, al poder cancelar salarios que nos colocaron a nuestros trabajadores en los segundos mejores pagados del continente. La construcci\u00f3n de m\u00e1s de un mill\u00f3n y medio de viviendas para beneficiar a la clase trabajadora est\u00e1 a la vista siendo financiadas por la banca hipotecaria y el sistema de ahorro y pr\u00e9stamo a m\u00e1s de 20 a\u00f1os permitiendo que nuestros trabajadores tengan vivienda propia. La industria privada permiti\u00f3 producir en el pa\u00eds casi el 80% de lo que antes se importaba generando m\u00e1s de un mill\u00f3n de puestos de trabajo directos e indirectos. La agricultura y ganader\u00eda crecieron multiplicando su capacidad productiva en cuatro veces en menos de 10 a\u00f1os. El crecimiento de la producci\u00f3n av\u00edcola fue impresionante pasando a ser exportadores de pollo, igual sucedi\u00f3 con la producci\u00f3n porcina convirti\u00e9ndolos a las empresas procesadoras de jamones en exportadores al mercado caribe\u00f1o. Alcanzamos a ser el quinto productor de at\u00fan del mundo con un gran impulso en el desarrollo socioecon\u00f3mico de varios estados como Sucre, Falc\u00f3n, Anzo\u00e1tegui y Nueva Esparta. El turismo nacional e internacional aument\u00f3 tres veces en 8 a\u00f1os y pasamos a ser un destino tur\u00edstico que compet\u00eda con los dem\u00e1s pa\u00edses del caribe, siendo una fuente de empleo que impuls\u00f3 el desarrollo y crecimiento social de 8 estados. La empresa privada era el motor que impulsaba el bienestar de la gran mayor\u00eda de las familias Venezolanas al generar el 80% del empleo.<\/strong><\/p>\n<p><strong>\u00a0<\/strong><\/p>\n<p><strong>Por estas razones el venezolano sostiene sus expectativas de que si podemos alcanzar nuestra anterior calidad de vida y las mejoras sociales de las cuales disfrutamos. Gracias que a pesar de todas las trabas y afectaciones de la propiedad privada. La empresa privada se sostiene activa, as\u00ed lo demuestra que produce y comercializa el 80% de lo que no se importa, sigue sosteniendo su capacidad de empleo en casi cuatro millones de trabajadores directos e indirectos, son los mejores remunerados donde sus salarios est\u00e1n por encima del establecido oficialmente entre 5 y hasta 30 veces del salario m\u00ednimo, a pesar de que muchas empresas sus propietarios sostienen sus p\u00e9rdidas y hacen magia para seguir operando. Es por ello que la empresa privada es parte de las esperanzas de los venezolanos de recuperar su calidad de vida a trav\u00e9s del trabajo y esfuerzo propio. As\u00ed lo demuestra el grado de aceptaci\u00f3n y confianza que ha logrado obtener nuestra empresa privada al alcanzar un 70% de aprobaci\u00f3n popular.<\/strong><\/p>\n<p style=\"text-align: center;\"><strong>Vicente Brito<\/strong><\/p>\n<p style=\"font-weight: 400; text-align: center;\"><strong>Presidente<\/strong><\/p>\n<p style=\"font-weight: 400; text-align: center;\"><strong>Red por la defensa al Trabajo,<\/strong><\/p>\n<p style=\"font-weight: 400; text-align: center;\"><strong>la Propiedad y la Constituci\u00f3n.<\/strong><\/p>\n<p>&nbsp;<\/p>\n","protected":false},"excerpt":{"rendered":"<p>Venezuela | Noti-America.com \u00bfPODREMOS\u00a0VOLVER A TENER LA CALIDAD DE VIDA DE HACE 30 A\u00d1OS? \u00a0 A pesar de las dificultades a las cuales nos encontramos sometidos, los Venezolanos sostienen sus esperanzas en que si&#46;&#46;&#46;<\/p>\n","protected":false},"author":2,"featured_media":13890,"comment_status":"open","ping_status":"open","sticky":false,"template":"","format":"standard","meta":{"_acf_changed":false,"om_disable_all_campaigns":false,"rop_custom_images_group":[],"rop_custom_messages_group":[],"rop_publish_now":"initial","rop_publish_now_accounts":{"twitter_242054905_242054905":""},"rop_publish_now_history":[],"rop_publish_now_status":"pending","_uf_show_specific_survey":0,"_uf_disable_surveys":false,"footnotes":""},"categories":[3],"tags":[],"class_list":["post-13931","post","type-post","status-publish","format-standard","has-post-thumbnail","hentry","category-politica"],"acf":[],"aioseo_notices":[],"yoast_head":"<!-- This site is optimized with the Yoast SEO Premium plugin v24.9 (Yoast SEO v27.2) - https:\/\/yoast.com\/product\/yoast-seo-premium-wordpress\/ -->\n<title>\u00bfPODREMOS\u00a0VOLVER A TENER LA CALIDAD DE VIDA DE HACE 30 A\u00d1OS? - Venezuela | Noti-America.com<\/title>\n<meta name=\"robots\" content=\"index, follow, max-snippet:-1, max-image-preview:large, max-video-preview:-1\" \/>\n<link rel=\"canonical\" href=\"https:\/\/noti-america.com\/site\/venezuela\/2021\/01\/17\/podremos-volver-a-tener-la-calidad-de-vida-de-hace-30-anos\/\" \/>\n<meta property=\"og:locale\" content=\"es_ES\" \/>\n<meta property=\"og:type\" content=\"article\" \/>\n<meta property=\"og:title\" content=\"\u00bfPODREMOS\u00a0VOLVER A TENER LA CALIDAD DE VIDA DE HACE 30 A\u00d1OS?\" \/>\n<meta property=\"og:description\" content=\"Venezuela | Noti-America.com \u00bfPODREMOS\u00a0VOLVER A TENER LA CALIDAD DE VIDA DE HACE 30 A\u00d1OS? \u00a0 A pesar de las dificultades a las cuales nos encontramos sometidos, los Venezolanos sostienen sus esperanzas en que si&#046;&#046;&#046;\" \/>\n<meta property=\"og:url\" content=\"https:\/\/noti-america.com\/site\/venezuela\/2021\/01\/17\/podremos-volver-a-tener-la-calidad-de-vida-de-hace-30-anos\/\" \/>\n<meta property=\"og:site_name\" content=\"Venezuela | Noti-America.com\" \/>\n<meta property=\"article:published_time\" content=\"2021-01-17T14:15:04+00:00\" \/>\n<meta property=\"article:modified_time\" content=\"2021-01-17T18:15:11+00:00\" \/>\n<meta property=\"og:image\" content=\"https:\/\/noti-america.com\/site\/venezuela\/wp-content\/uploads\/sites\/2\/2021\/01\/vicente-brito1.png\" \/>\n\t<meta property=\"og:image:width\" content=\"1\" \/>\n\t<meta property=\"og:image:height\" content=\"1\" \/>\n\t<meta property=\"og:image:type\" content=\"image\/png\" \/>\n<meta name=\"author\" content=\"rloaiza\" \/>\n<meta name=\"twitter:card\" content=\"summary_large_image\" \/>\n<meta name=\"twitter:label1\" content=\"Escrito por\" \/>\n\t<meta name=\"twitter:data1\" content=\"rloaiza\" \/>\n\t<meta name=\"twitter:label2\" content=\"Tiempo estimado de lectura\" \/>\n\t<meta name=\"twitter:data2\" content=\"4 minutos\" \/>\n<script type=\"application\/ld+json\" class=\"yoast-schema-graph\">{\"@context\":\"https:\/\/schema.org\",\"@graph\":[{\"@type\":\"Article\",\"@id\":\"https:\/\/noti-america.com\/site\/venezuela\/2021\/01\/17\/podremos-volver-a-tener-la-calidad-de-vida-de-hace-30-anos\/#article\",\"isPartOf\":{\"@id\":\"https:\/\/noti-america.com\/site\/venezuela\/2021\/01\/17\/podremos-volver-a-tener-la-calidad-de-vida-de-hace-30-anos\/\"},\"author\":{\"name\":\"rloaiza\",\"@id\":\"https:\/\/noti-america.com\/site\/venezuela\/#\/schema\/person\/a2e478ba496331ce89bcd0c731cd6533\"},\"headline\":\"\u00bfPODREMOS\u00a0VOLVER A TENER LA CALIDAD DE VIDA DE HACE 30 A\u00d1OS?\",\"datePublished\":\"2021-01-17T14:15:04+00:00\",\"dateModified\":\"2021-01-17T18:15:11+00:00\",\"mainEntityOfPage\":{\"@id\":\"https:\/\/noti-america.com\/site\/venezuela\/2021\/01\/17\/podremos-volver-a-tener-la-calidad-de-vida-de-hace-30-anos\/\"},\"wordCount\":779,\"commentCount\":0,\"publisher\":{\"@id\":\"https:\/\/noti-america.com\/site\/venezuela\/#organization\"},\"image\":{\"@id\":\"https:\/\/noti-america.com\/site\/venezuela\/2021\/01\/17\/podremos-volver-a-tener-la-calidad-de-vida-de-hace-30-anos\/#primaryimage\"},\"thumbnailUrl\":\"https:\/\/noti-america.com\/site\/venezuela\/wp-content\/uploads\/sites\/2\/2021\/01\/vicente-brito1.png\",\"articleSection\":[\"Pol\u00edtica\"],\"inLanguage\":\"es\",\"potentialAction\":[{\"@type\":\"CommentAction\",\"name\":\"Comment\",\"target\":[\"https:\/\/noti-america.com\/site\/venezuela\/2021\/01\/17\/podremos-volver-a-tener-la-calidad-de-vida-de-hace-30-anos\/#respond\"]}]},{\"@type\":\"WebPage\",\"@id\":\"https:\/\/noti-america.com\/site\/venezuela\/2021\/01\/17\/podremos-volver-a-tener-la-calidad-de-vida-de-hace-30-anos\/\",\"url\":\"https:\/\/noti-america.com\/site\/venezuela\/2021\/01\/17\/podremos-volver-a-tener-la-calidad-de-vida-de-hace-30-anos\/\",\"name\":\"\u00bfPODREMOS\u00a0VOLVER A TENER LA CALIDAD DE VIDA DE HACE 30 A\u00d1OS? - Venezuela | Noti-America.com\",\"isPartOf\":{\"@id\":\"https:\/\/noti-america.com\/site\/venezuela\/#website\"},\"primaryImageOfPage\":{\"@id\":\"https:\/\/noti-america.com\/site\/venezuela\/2021\/01\/17\/podremos-volver-a-tener-la-calidad-de-vida-de-hace-30-anos\/#primaryimage\"},\"image\":{\"@id\":\"https:\/\/noti-america.com\/site\/venezuela\/2021\/01\/17\/podremos-volver-a-tener-la-calidad-de-vida-de-hace-30-anos\/#primaryimage\"},\"thumbnailUrl\":\"https:\/\/noti-america.com\/site\/venezuela\/wp-content\/uploads\/sites\/2\/2021\/01\/vicente-brito1.png\",\"datePublished\":\"2021-01-17T14:15:04+00:00\",\"dateModified\":\"2021-01-17T18:15:11+00:00\",\"breadcrumb\":{\"@id\":\"https:\/\/noti-america.com\/site\/venezuela\/2021\/01\/17\/podremos-volver-a-tener-la-calidad-de-vida-de-hace-30-anos\/#breadcrumb\"},\"inLanguage\":\"es\",\"potentialAction\":[{\"@type\":\"ReadAction\",\"target\":[\"https:\/\/noti-america.com\/site\/venezuela\/2021\/01\/17\/podremos-volver-a-tener-la-calidad-de-vida-de-hace-30-anos\/\"]}]},{\"@type\":\"ImageObject\",\"inLanguage\":\"es\",\"@id\":\"https:\/\/noti-america.com\/site\/venezuela\/2021\/01\/17\/podremos-volver-a-tener-la-calidad-de-vida-de-hace-30-anos\/#primaryimage\",\"url\":\"https:\/\/noti-america.com\/site\/venezuela\/wp-content\/uploads\/sites\/2\/2021\/01\/vicente-brito1.png\",\"contentUrl\":\"https:\/\/noti-america.com\/site\/venezuela\/wp-content\/uploads\/sites\/2\/2021\/01\/vicente-brito1.png\"},{\"@type\":\"BreadcrumbList\",\"@id\":\"https:\/\/noti-america.com\/site\/venezuela\/2021\/01\/17\/podremos-volver-a-tener-la-calidad-de-vida-de-hace-30-anos\/#breadcrumb\",\"itemListElement\":[{\"@type\":\"ListItem\",\"position\":1,\"name\":\"Portada\",\"item\":\"https:\/\/noti-america.com\/site\/venezuela\/\"},{\"@type\":\"ListItem\",\"position\":2,\"name\":\"\u00bfPODREMOS\u00a0VOLVER A TENER LA CALIDAD DE VIDA DE HACE 30 A\u00d1OS?\"}]},{\"@type\":\"WebSite\",\"@id\":\"https:\/\/noti-america.com\/site\/venezuela\/#website\",\"url\":\"https:\/\/noti-america.com\/site\/venezuela\/\",\"name\":\"Venezuela | Noti-America.com\",\"description\":\"\",\"publisher\":{\"@id\":\"https:\/\/noti-america.com\/site\/venezuela\/#organization\"},\"potentialAction\":[{\"@type\":\"SearchAction\",\"target\":{\"@type\":\"EntryPoint\",\"urlTemplate\":\"https:\/\/noti-america.com\/site\/venezuela\/?s={search_term_string}\"},\"query-input\":{\"@type\":\"PropertyValueSpecification\",\"valueRequired\":true,\"valueName\":\"search_term_string\"}}],\"inLanguage\":\"es\"},{\"@type\":\"Organization\",\"@id\":\"https:\/\/noti-america.com\/site\/venezuela\/#organization\",\"name\":\"Noti-America LLC | Venezuela\",\"url\":\"https:\/\/noti-america.com\/site\/venezuela\/\",\"logo\":{\"@type\":\"ImageObject\",\"inLanguage\":\"es\",\"@id\":\"https:\/\/noti-america.com\/site\/venezuela\/#\/schema\/logo\/image\/\",\"url\":\"https:\/\/noti-america.com\/site\/venezuela\/wp-content\/uploads\/sites\/2\/2020\/07\/LogoNA-4x3-1.jpg\",\"contentUrl\":\"https:\/\/noti-america.com\/site\/venezuela\/wp-content\/uploads\/sites\/2\/2020\/07\/LogoNA-4x3-1.jpg\",\"width\":1236,\"height\":1080,\"caption\":\"Noti-America LLC | Venezuela\"},\"image\":{\"@id\":\"https:\/\/noti-america.com\/site\/venezuela\/#\/schema\/logo\/image\/\"}},{\"@type\":\"Person\",\"@id\":\"https:\/\/noti-america.com\/site\/venezuela\/#\/schema\/person\/a2e478ba496331ce89bcd0c731cd6533\",\"name\":\"rloaiza\",\"image\":{\"@type\":\"ImageObject\",\"inLanguage\":\"es\",\"@id\":\"https:\/\/secure.gravatar.com\/avatar\/190058e5d4427934610b99c45aa7a6558806850adedd53ddeddd194b04773e22?s=96&d=mm&r=g\",\"url\":\"https:\/\/secure.gravatar.com\/avatar\/190058e5d4427934610b99c45aa7a6558806850adedd53ddeddd194b04773e22?s=96&d=mm&r=g\",\"contentUrl\":\"https:\/\/secure.gravatar.com\/avatar\/190058e5d4427934610b99c45aa7a6558806850adedd53ddeddd194b04773e22?s=96&d=mm&r=g\",\"caption\":\"rloaiza\"},\"url\":\"https:\/\/noti-america.com\/site\/venezuela\/author\/rloaiza\/\"}]}<\/script>\n<!-- \/ Yoast SEO Premium plugin. -->","yoast_head_json":{"title":"\u00bfPODREMOS\u00a0VOLVER A TENER LA CALIDAD DE VIDA DE HACE 30 A\u00d1OS? - Venezuela | Noti-America.com","robots":{"index":"index","follow":"follow","max-snippet":"max-snippet:-1","max-image-preview":"max-image-preview:large","max-video-preview":"max-video-preview:-1"},"canonical":"https:\/\/noti-america.com\/site\/venezuela\/2021\/01\/17\/podremos-volver-a-tener-la-calidad-de-vida-de-hace-30-anos\/","og_locale":"es_ES","og_type":"article","og_title":"\u00bfPODREMOS\u00a0VOLVER A TENER LA CALIDAD DE VIDA DE HACE 30 A\u00d1OS?","og_description":"Venezuela | Noti-America.com \u00bfPODREMOS\u00a0VOLVER A TENER LA CALIDAD DE VIDA DE HACE 30 A\u00d1OS? \u00a0 A pesar de las dificultades a las cuales nos encontramos sometidos, los Venezolanos sostienen sus esperanzas en que si&#46;&#46;&#46;","og_url":"https:\/\/noti-america.com\/site\/venezuela\/2021\/01\/17\/podremos-volver-a-tener-la-calidad-de-vida-de-hace-30-anos\/","og_site_name":"Venezuela | Noti-America.com","article_published_time":"2021-01-17T14:15:04+00:00","article_modified_time":"2021-01-17T18:15:11+00:00","og_image":[{"url":"https:\/\/noti-america.com\/site\/venezuela\/wp-content\/uploads\/sites\/2\/2021\/01\/vicente-brito1.png","width":1,"height":1,"type":"image\/png"}],"author":"rloaiza","twitter_card":"summary_large_image","twitter_misc":{"Escrito por":"rloaiza","Tiempo estimado de lectura":"4 minutos"},"schema":{"@context":"https:\/\/schema.org","@graph":[{"@type":"Article","@id":"https:\/\/noti-america.com\/site\/venezuela\/2021\/01\/17\/podremos-volver-a-tener-la-calidad-de-vida-de-hace-30-anos\/#article","isPartOf":{"@id":"https:\/\/noti-america.com\/site\/venezuela\/2021\/01\/17\/podremos-volver-a-tener-la-calidad-de-vida-de-hace-30-anos\/"},"author":{"name":"rloaiza","@id":"https:\/\/noti-america.com\/site\/venezuela\/#\/schema\/person\/a2e478ba496331ce89bcd0c731cd6533"},"headline":"\u00bfPODREMOS\u00a0VOLVER A TENER LA CALIDAD DE VIDA DE HACE 30 A\u00d1OS?","datePublished":"2021-01-17T14:15:04+00:00","dateModified":"2021-01-17T18:15:11+00:00","mainEntityOfPage":{"@id":"https:\/\/noti-america.com\/site\/venezuela\/2021\/01\/17\/podremos-volver-a-tener-la-calidad-de-vida-de-hace-30-anos\/"},"wordCount":779,"commentCount":0,"publisher":{"@id":"https:\/\/noti-america.com\/site\/venezuela\/#organization"},"image":{"@id":"https:\/\/noti-america.com\/site\/venezuela\/2021\/01\/17\/podremos-volver-a-tener-la-calidad-de-vida-de-hace-30-anos\/#primaryimage"},"thumbnailUrl":"https:\/\/noti-america.com\/site\/venezuela\/wp-content\/uploads\/sites\/2\/2021\/01\/vicente-brito1.png","articleSection":["Pol\u00edtica"],"inLanguage":"es","potentialAction":[{"@type":"CommentAction","name":"Comment","target":["https:\/\/noti-america.com\/site\/venezuela\/2021\/01\/17\/podremos-volver-a-tener-la-calidad-de-vida-de-hace-30-anos\/#respond"]}]},{"@type":"WebPage","@id":"https:\/\/noti-america.com\/site\/venezuela\/2021\/01\/17\/podremos-volver-a-tener-la-calidad-de-vida-de-hace-30-anos\/","url":"https:\/\/noti-america.com\/site\/venezuela\/2021\/01\/17\/podremos-volver-a-tener-la-calidad-de-vida-de-hace-30-anos\/","name":"\u00bfPODREMOS\u00a0VOLVER A TENER LA CALIDAD DE VIDA DE HACE 30 A\u00d1OS? - Venezuela | Noti-America.com","isPartOf":{"@id":"https:\/\/noti-america.com\/site\/venezuela\/#website"},"primaryImageOfPage":{"@id":"https:\/\/noti-america.com\/site\/venezuela\/2021\/01\/17\/podremos-volver-a-tener-la-calidad-de-vida-de-hace-30-anos\/#primaryimage"},"image":{"@id":"https:\/\/noti-america.com\/site\/venezuela\/2021\/01\/17\/podremos-volver-a-tener-la-calidad-de-vida-de-hace-30-anos\/#primaryimage"},"thumbnailUrl":"https:\/\/noti-america.com\/site\/venezuela\/wp-content\/uploads\/sites\/2\/2021\/01\/vicente-brito1.png","datePublished":"2021-01-17T14:15:04+00:00","dateModified":"2021-01-17T18:15:11+00:00","breadcrumb":{"@id":"https:\/\/noti-america.com\/site\/venezuela\/2021\/01\/17\/podremos-volver-a-tener-la-calidad-de-vida-de-hace-30-anos\/#breadcrumb"},"inLanguage":"es","potentialAction":[{"@type":"ReadAction","target":["https:\/\/noti-america.com\/site\/venezuela\/2021\/01\/17\/podremos-volver-a-tener-la-calidad-de-vida-de-hace-30-anos\/"]}]},{"@type":"ImageObject","inLanguage":"es","@id":"https:\/\/noti-america.com\/site\/venezuela\/2021\/01\/17\/podremos-volver-a-tener-la-calidad-de-vida-de-hace-30-anos\/#primaryimage","url":"https:\/\/noti-america.com\/site\/venezuela\/wp-content\/uploads\/sites\/2\/2021\/01\/vicente-brito1.png","contentUrl":"https:\/\/noti-america.com\/site\/venezuela\/wp-content\/uploads\/sites\/2\/2021\/01\/vicente-brito1.png"},{"@type":"BreadcrumbList","@id":"https:\/\/noti-america.com\/site\/venezuela\/2021\/01\/17\/podremos-volver-a-tener-la-calidad-de-vida-de-hace-30-anos\/#breadcrumb","itemListElement":[{"@type":"ListItem","position":1,"name":"Portada","item":"https:\/\/noti-america.com\/site\/venezuela\/"},{"@type":"ListItem","position":2,"name":"\u00bfPODREMOS\u00a0VOLVER A TENER LA CALIDAD DE VIDA DE HACE 30 A\u00d1OS?"}]},{"@type":"WebSite","@id":"https:\/\/noti-america.com\/site\/venezuela\/#website","url":"https:\/\/noti-america.com\/site\/venezuela\/","name":"Venezuela | Noti-America.com","description":"","publisher":{"@id":"https:\/\/noti-america.com\/site\/venezuela\/#organization"},"potentialAction":[{"@type":"SearchAction","target":{"@type":"EntryPoint","urlTemplate":"https:\/\/noti-america.com\/site\/venezuela\/?s={search_term_string}"},"query-input":{"@type":"PropertyValueSpecification","valueRequired":true,"valueName":"search_term_string"}}],"inLanguage":"es"},{"@type":"Organization","@id":"https:\/\/noti-america.com\/site\/venezuela\/#organization","name":"Noti-America LLC | Venezuela","url":"https:\/\/noti-america.com\/site\/venezuela\/","logo":{"@type":"ImageObject","inLanguage":"es","@id":"https:\/\/noti-america.com\/site\/venezuela\/#\/schema\/logo\/image\/","url":"https:\/\/noti-america.com\/site\/venezuela\/wp-content\/uploads\/sites\/2\/2020\/07\/LogoNA-4x3-1.jpg","contentUrl":"https:\/\/noti-america.com\/site\/venezuela\/wp-content\/uploads\/sites\/2\/2020\/07\/LogoNA-4x3-1.jpg","width":1236,"height":1080,"caption":"Noti-America LLC | Venezuela"},"image":{"@id":"https:\/\/noti-america.com\/site\/venezuela\/#\/schema\/logo\/image\/"}},{"@type":"Person","@id":"https:\/\/noti-america.com\/site\/venezuela\/#\/schema\/person\/a2e478ba496331ce89bcd0c731cd6533","name":"rloaiza","image":{"@type":"ImageObject","inLanguage":"es","@id":"https:\/\/secure.gravatar.com\/avatar\/190058e5d4427934610b99c45aa7a6558806850adedd53ddeddd194b04773e22?s=96&d=mm&r=g","url":"https:\/\/secure.gravatar.com\/avatar\/190058e5d4427934610b99c45aa7a6558806850adedd53ddeddd194b04773e22?s=96&d=mm&r=g","contentUrl":"https:\/\/secure.gravatar.com\/avatar\/190058e5d4427934610b99c45aa7a6558806850adedd53ddeddd194b04773e22?s=96&d=mm&r=g","caption":"rloaiza"},"url":"https:\/\/noti-america.com\/site\/venezuela\/author\/rloaiza\/"}]}},"_links":{"self":[{"href":"https:\/\/noti-america.com\/site\/venezuela\/wp-json\/wp\/v2\/posts\/13931","targetHints":{"allow":["GET"]}}],"collection":[{"href":"https:\/\/noti-america.com\/site\/venezuela\/wp-json\/wp\/v2\/posts"}],"about":[{"href":"https:\/\/noti-america.com\/site\/venezuela\/wp-json\/wp\/v2\/types\/post"}],"author":[{"embeddable":true,"href":"https:\/\/noti-america.com\/site\/venezuela\/wp-json\/wp\/v2\/users\/2"}],"replies":[{"embeddable":true,"href":"https:\/\/noti-america.com\/site\/venezuela\/wp-json\/wp\/v2\/comments?post=13931"}],"version-history":[{"count":1,"href":"https:\/\/noti-america.com\/site\/venezuela\/wp-json\/wp\/v2\/posts\/13931\/revisions"}],"predecessor-version":[{"id":13932,"href":"https:\/\/noti-america.com\/site\/venezuela\/wp-json\/wp\/v2\/posts\/13931\/revisions\/13932"}],"wp:featuredmedia":[{"embeddable":true,"href":"https:\/\/noti-america.com\/site\/venezuela\/wp-json\/wp\/v2\/media\/13890"}],"wp:attachment":[{"href":"https:\/\/noti-america.com\/site\/venezuela\/wp-json\/wp\/v2\/media?parent=13931"}],"wp:term":[{"taxonomy":"category","embeddable":true,"href":"https:\/\/noti-america.com\/site\/venezuela\/wp-json\/wp\/v2\/categories?post=13931"},{"taxonomy":"post_tag","embeddable":true,"href":"https:\/\/noti-america.com\/site\/venezuela\/wp-json\/wp\/v2\/tags?post=13931"}],"curies":[{"name":"wp","href":"https:\/\/api.w.org\/{rel}","templated":true}]}}