{"id":1382,"date":"2017-12-24T02:48:50","date_gmt":"2017-12-24T02:48:50","guid":{"rendered":"http:\/\/noti-america.com\/site\/venezuela\/?p=1382"},"modified":"2017-12-24T02:48:50","modified_gmt":"2017-12-24T02:48:50","slug":"liberan-presos-politicos-en-momentos-de-grave-crisis-por-combustible","status":"publish","type":"post","link":"https:\/\/noti-america.com\/site\/venezuela\/2017\/12\/24\/liberan-presos-politicos-en-momentos-de-grave-crisis-por-combustible\/","title":{"rendered":"LIBERAN PRESOS POL\u00cdTICOS EN MOMENTOS DE GRAVE CRISIS POR COMBUSTIBLE"},"content":{"rendered":"<div style=\"width: 2058px\" class=\"wp-caption alignnone\"><img loading=\"lazy\" decoding=\"async\" src=\"https:\/\/pbs.twimg.com\/media\/DRxdUnuXkAENhIG.jpg:large\" alt=\"\" width=\"2048\" height=\"1536\" \/><p class=\"wp-caption-text\">Uno de los beneficiados hoy 23 de diciembre, es el Alcalde de Iribarren, Alfredo Ramos, preso en El Helicoide.<\/p><\/div>\n<p>Un grupo de 13 presos pol\u00edticos fue liberado la noche de este s\u00e1bado de la sede del Servicio Bolivariano de Inteligencia Nacional (Sebin) en El Helicoide tras la \u201crecomendaci\u00f3n\u201d de la Asamblea Nacional Constituyente (ANC) aplicar medidas sustitutivas a 80 presos, <strong>como parte de las negociaciones con la oposici\u00f3n.<\/strong><\/p>\n<blockquote><p><em>\u00abAgradezco el gesto del gobierno. Pero insisto en solicitar la liberaci\u00f3n de todos los presos pol\u00edticos, porque mientras haya un solo preso pol\u00edtico en nuestro pa\u00eds, todos los venezolanos somos presos pol\u00edticos\u00bb,<\/em> <em>expres\u00f3 Luis Vicente Le\u00f3n, presidente de Datan\u00e1lisis<\/em><\/p><\/blockquote>\n<p>Entre los privados de libertad a ser liberados est\u00e1n Roberto Pic\u00f3n, Betty Grossi, Alfredo Ramos, Ar\u00edstides Moreno, Danny Abreu, Andrea Gonz\u00e1lez, Marcos Rada, Jhosman Paredes, Carmen Bri\u00f3n, Rafael Liendo, Ronny Navarro, V\u00edctor Ugas y Gregory Sanabria.<\/p>\n<p>Tambi\u00e9n se conoci\u00f3\u00a0la excarcelaci\u00f3n de Francisco Alejandro S\u00e1nchez y Francisco Jos\u00e9 S\u00e1nchez, militantes de Primero Justicia.<\/p>\n<p>\u201cLos morochos est\u00e1n en libertad. Nunca debieron estar presos. El mejor regalo para nosotros es saber que est\u00e1n con su familia\u201d, inform\u00f3 Tom\u00e1s Guanipa, secretario general del partido.<\/p>\n<p>Se desconoce qu\u00e9 tipo de medidas que se les otorgar\u00e1n; tambi\u00e9n se desconoce cu\u00e1ndo se procesar\u00e1n a los dem\u00e1s presos pol\u00edticos, puesto a que Delcy Rodr\u00edguez afirm\u00f3 que se beneficiar\u00edan al menos 80.<\/p>\n<blockquote><p><strong>Andr\u00e9s Vel\u00e1squez, dirigente de La Causa R, afirm\u00f3: \u00abTodos los presos pol\u00edticos deben ser liberados. Basta de persecuci\u00f3n. Basta de violaci\u00f3n de los derechos humanos. Libertad es el grito de Venezuela\u00bb.\u00a0<\/strong><\/p><\/blockquote>\n<h3>LIBERAN PRESOS POL\u00cdTICOS EN MEDIO DE SEVERA CRISIS ENERG\u00c9TICA<\/h3>\n<p>Mientras se liberan presos pol\u00edticos, en el estado Lara, al igual que Zulia,T\u00e1chira y Barinas, se padece ante los embates de la crisis de combustible que viene afectando a varios Estados de Venezuela, al parecer anunciar que el centrooccidente esta sin gasolina, deja al descubierto la gravedad de la petrolera PDVSA.<\/p>\n<p>Desde tempranas horas de la madrugada, se observaban a choferes mantenerse en cola en varias estaciones de servicio de la ciudad de Barquisimeto, as\u00ed como tambi\u00e9n en M\u00e9rida, San Crist\u00f3bal, Barinas y Maracaibo, muchos lamentan que \u00abUn pa\u00eds petrolero y rico est\u00e9 sin combustible\u00bb.<\/p>\n<p>Seg\u00fan fuentes oficiales de PDVSA, a trav\u00e9s de su cuenta en twitter, s\u00f3lo se destaca como culpable de este hecho, \u00ablas sanciones de Estados Unidos\u00bb, sin embargo informaron que los buques que transportaban combustible no pudieron atracar debido a un problema de financiaci\u00f3n y pagos.<\/p>\n<p>Esta grave situaci\u00f3n est\u00e1 perjudicando a todo el territorio nacional, y no hay un pronunciamiento formal por parte de la estatal petrolera, destacan los usuarios y agraviados.<\/p>\n<p>Lo m\u00e1s ins\u00f3lito es que esta situaci\u00f3n sea en d\u00edas de v\u00edspera de navidad, lo cual a ennegrecido las ya fr\u00e1giles festividades decembrinas, se\u00f1alan muchos larenses.<\/p>\n<div id=\"attachment_1384\" style=\"width: 310px\" class=\"wp-caption alignnone\"><img loading=\"lazy\" decoding=\"async\" aria-describedby=\"caption-attachment-1384\" class=\"wp-image-1384 size-medium\" src=\"http:\/\/noti-america.com\/site\/venezuela\/wp-content\/uploads\/sites\/2\/2017\/12\/SIN-GASOLINA-001-300x225.jpg\" alt=\"\" width=\"300\" height=\"225\" srcset=\"https:\/\/noti-america.com\/site\/venezuela\/wp-content\/uploads\/sites\/2\/2017\/12\/SIN-GASOLINA-001-300x225.jpg 300w, https:\/\/noti-america.com\/site\/venezuela\/wp-content\/uploads\/sites\/2\/2017\/12\/SIN-GASOLINA-001.jpg 640w\" sizes=\"auto, (max-width: 300px) 100vw, 300px\" \/><p id=\"caption-attachment-1384\" class=\"wp-caption-text\">Las personas duermen en sus carros para cuidar su puesto en cola por una gasolina que no se sabe si llegar\u00e1.<\/p><\/div>\n<div id=\"attachment_1386\" style=\"width: 310px\" class=\"wp-caption alignnone\"><img loading=\"lazy\" decoding=\"async\" aria-describedby=\"caption-attachment-1386\" class=\"wp-image-1386 size-medium\" src=\"http:\/\/noti-america.com\/site\/venezuela\/wp-content\/uploads\/sites\/2\/2017\/12\/SIN-GASOLINA-004-300x225.jpg\" alt=\"\" width=\"300\" height=\"225\" srcset=\"https:\/\/noti-america.com\/site\/venezuela\/wp-content\/uploads\/sites\/2\/2017\/12\/SIN-GASOLINA-004-300x225.jpg 300w, https:\/\/noti-america.com\/site\/venezuela\/wp-content\/uploads\/sites\/2\/2017\/12\/SIN-GASOLINA-004.jpg 640w\" sizes=\"auto, (max-width: 300px) 100vw, 300px\" \/><p id=\"caption-attachment-1386\" class=\"wp-caption-text\">la ciudadan\u00eda tiene que soportar horas en largas colas<\/p><\/div>\n<div id=\"attachment_1387\" style=\"width: 310px\" class=\"wp-caption alignnone\"><img loading=\"lazy\" decoding=\"async\" aria-describedby=\"caption-attachment-1387\" class=\"wp-image-1387 size-medium\" src=\"http:\/\/noti-america.com\/site\/venezuela\/wp-content\/uploads\/sites\/2\/2017\/12\/SIN-GASOLINA-005-300x225.jpg\" alt=\"\" width=\"300\" height=\"225\" srcset=\"https:\/\/noti-america.com\/site\/venezuela\/wp-content\/uploads\/sites\/2\/2017\/12\/SIN-GASOLINA-005-300x225.jpg 300w, https:\/\/noti-america.com\/site\/venezuela\/wp-content\/uploads\/sites\/2\/2017\/12\/SIN-GASOLINA-005.jpg 640w\" sizes=\"auto, (max-width: 300px) 100vw, 300px\" \/><p id=\"caption-attachment-1387\" class=\"wp-caption-text\">No s\u00f3lo hacer cola es el problema, sino tambi\u00e9n tener que entorpecer el tr\u00e1fico<\/p><\/div>\n<p><img loading=\"lazy\" decoding=\"async\" class=\"alignnone size-medium wp-image-1385\" src=\"http:\/\/noti-america.com\/site\/venezuela\/wp-content\/uploads\/sites\/2\/2017\/12\/SIN-GASOLINA-002-300x225.jpg\" alt=\"\" width=\"300\" height=\"225\" srcset=\"https:\/\/noti-america.com\/site\/venezuela\/wp-content\/uploads\/sites\/2\/2017\/12\/SIN-GASOLINA-002-300x225.jpg 300w, https:\/\/noti-america.com\/site\/venezuela\/wp-content\/uploads\/sites\/2\/2017\/12\/SIN-GASOLINA-002.jpg 640w\" sizes=\"auto, (max-width: 300px) 100vw, 300px\" \/> <img loading=\"lazy\" decoding=\"async\" class=\"alignnone size-medium wp-image-1388\" src=\"http:\/\/noti-america.com\/site\/venezuela\/wp-content\/uploads\/sites\/2\/2017\/12\/SIN-GASOLINA-006-300x225.jpg\" alt=\"\" width=\"300\" height=\"225\" srcset=\"https:\/\/noti-america.com\/site\/venezuela\/wp-content\/uploads\/sites\/2\/2017\/12\/SIN-GASOLINA-006-300x225.jpg 300w, https:\/\/noti-america.com\/site\/venezuela\/wp-content\/uploads\/sites\/2\/2017\/12\/SIN-GASOLINA-006.jpg 640w\" sizes=\"auto, (max-width: 300px) 100vw, 300px\" \/><\/p>\n<p>El malestar de la ciudadan\u00eda es notorio dados los severos inconvenientes por tratar de conseguir gasolina, en multiples casos las personas se han mantenido en colas, por m\u00e1s de 3 horas, a la espera de lo que no llega, y en otras que dispensan, el problema se torna peor, porque tras someterse a tanta espera no logran su objetivo, ya que se acaba.<\/p>\n<blockquote class=\"twitter-tweet\" data-width=\"500\" data-dnt=\"true\">\n<p lang=\"es\" dir=\"ltr\">Ayer hubo protestas en Catia, La Vega, La Urbina, 23 de Enero, Tucacas, Cuman\u00e1, Matur\u00edn, Charallave, Cojedes, Guanare, M\u00e9rida, Naguanagua. A dos d\u00edas de la Navidad. Pura felicidad revolucionaria.<\/p>\n<p>&mdash; Leonardo Padr\u00f3n (@Leonardo_Padron) <a href=\"https:\/\/twitter.com\/Leonardo_Padron\/status\/944550803913797632?ref_src=twsrc%5Etfw\">December 23, 2017<\/a><\/p><\/blockquote>\n<p><script async src=\"https:\/\/platform.twitter.com\/widgets.js\" charset=\"utf-8\"><\/script><\/p>\n<blockquote class=\"twitter-tweet\" data-width=\"500\" data-dnt=\"true\">\n<p lang=\"es\" dir=\"ltr\">Liberaci\u00f3n de presos pol\u00edticos es OTRA CORTINA DE HUMO ANTE LAS NAVIDADES FELICES QUE SE VIVEN EN VZLA, SIN GASOLINA; ALIMENTO, HIPERINFLACI\u00d3N, sin medicinas, y el COLMO APAGONES EN EL OESTE DE BARQUISIMETO, EXPLIQUEN CUANTO M\u00c1S SE SOPORTA, ENCIERRO CERO HALLACAS, Qu\u00e9 m\u00e1s quieren<\/p>\n<p>&mdash; Decidida y Segura (@ylianaduque) <a href=\"https:\/\/twitter.com\/ylianaduque\/status\/944761428652806144?ref_src=twsrc%5Etfw\">December 24, 2017<\/a><\/p><\/blockquote>\n<p><script async src=\"https:\/\/platform.twitter.com\/widgets.js\" charset=\"utf-8\"><\/script><\/p>\n<ul>\n<li>\n<blockquote><p>El ex alcalde de Iribarren, Alfredo Ramos, fue liberado junto a otros 12 presos pol\u00edticos como parte de las acciones anunciadas m\u00e1s temprano por la Asamblea Nacional Constituyente<\/p><\/blockquote>\n<\/li>\n<\/ul>\n<blockquote class=\"twitter-tweet\" data-width=\"500\" data-dnt=\"true\">\n<p lang=\"es\" dir=\"ltr\">EN DIRECTO en <a href=\"https:\/\/twitter.com\/hashtag\/Periscope?src=hash&amp;ref_src=twsrc%5Etfw\">#Periscope<\/a>: Liberaci\u00f3n presos pol\u00edticos Zerpa   <a href=\"https:\/\/t.co\/HxIpDqtV8X\">https:\/\/t.co\/HxIpDqtV8X<\/a><\/p>\n<p>&mdash; Dinorah Figuera. (@Dinorahfiguera) <a href=\"https:\/\/twitter.com\/Dinorahfiguera\/status\/944734757019160576?ref_src=twsrc%5Etfw\">December 24, 2017<\/a><\/p><\/blockquote>\n<p><script async src=\"https:\/\/platform.twitter.com\/widgets.js\" charset=\"utf-8\"><\/script><\/p>\n<ul>\n<li>\n<blockquote><p>El presidente de Per\u00fa, Pedro Pablo Kuczynski, autoriz\u00f3 hoy que el exmandatario Ollanta Humala y su esposa, Nadine Heredia, ambos en prisi\u00f3n preventiva por presunto lavado de activos, pasen la Navidad juntos con sus tres hijos.<\/p><\/blockquote>\n<\/li>\n<\/ul>\n","protected":false},"excerpt":{"rendered":"<p>Un grupo de 13 presos pol\u00edticos fue liberado la noche de este s\u00e1bado de la sede del Servicio Bolivariano de Inteligencia Nacional (Sebin) en El Helicoide tras la \u201crecomendaci\u00f3n\u201d de la Asamblea Nacional Constituyente&#46;&#46;&#46;<\/p>\n","protected":false},"author":11,"featured_media":1383,"comment_status":"open","ping_status":"open","sticky":false,"template":"","format":"standard","meta":{"_acf_changed":false,"om_disable_all_campaigns":false,"rop_custom_images_group":[],"rop_custom_messages_group":[],"rop_publish_now":"initial","rop_publish_now_accounts":{"twitter_242054905_242054905":""},"rop_publish_now_history":[],"rop_publish_now_status":"pending","_uf_show_specific_survey":0,"_uf_disable_surveys":false,"footnotes":""},"categories":[5,4,12,3],"tags":[],"class_list":["post-1382","post","type-post","status-publish","format-standard","has-post-thumbnail","hentry","category-economia","category-internacionales","category-opinion","category-politica"],"acf":[],"aioseo_notices":[],"yoast_head":"<!-- This site is optimized with the Yoast SEO Premium plugin v24.9 (Yoast SEO v27.2) - https:\/\/yoast.com\/product\/yoast-seo-premium-wordpress\/ -->\n<title>LIBERAN PRESOS POL\u00cdTICOS EN MOMENTOS DE GRAVE CRISIS POR COMBUSTIBLE - Venezuela | Noti-America.com<\/title>\n<meta name=\"robots\" content=\"index, follow, max-snippet:-1, max-image-preview:large, max-video-preview:-1\" \/>\n<link rel=\"canonical\" href=\"https:\/\/noti-america.com\/site\/venezuela\/2017\/12\/24\/liberan-presos-politicos-en-momentos-de-grave-crisis-por-combustible\/\" \/>\n<meta property=\"og:locale\" content=\"es_ES\" \/>\n<meta property=\"og:type\" content=\"article\" \/>\n<meta property=\"og:title\" content=\"LIBERAN PRESOS POL\u00cdTICOS EN MOMENTOS DE GRAVE CRISIS POR COMBUSTIBLE\" \/>\n<meta property=\"og:description\" content=\"Un grupo de 13 presos pol\u00edticos fue liberado la noche de este s\u00e1bado de la sede del Servicio Bolivariano de Inteligencia Nacional (Sebin) en El Helicoide tras la \u201crecomendaci\u00f3n\u201d de la Asamblea Nacional Constituyente&#046;&#046;&#046;\" \/>\n<meta property=\"og:url\" content=\"https:\/\/noti-america.com\/site\/venezuela\/2017\/12\/24\/liberan-presos-politicos-en-momentos-de-grave-crisis-por-combustible\/\" \/>\n<meta property=\"og:site_name\" content=\"Venezuela | Noti-America.com\" \/>\n<meta property=\"article:published_time\" content=\"2017-12-24T02:48:50+00:00\" \/>\n<meta property=\"og:image\" content=\"https:\/\/noti-america.com\/site\/venezuela\/wp-content\/uploads\/sites\/2\/2017\/12\/ramos-libre.jpg\" \/>\n\t<meta property=\"og:image:width\" content=\"834\" \/>\n\t<meta property=\"og:image:height\" content=\"457\" \/>\n\t<meta property=\"og:image:type\" content=\"image\/jpeg\" \/>\n<meta name=\"author\" content=\"Yliana Duque\" \/>\n<meta name=\"twitter:card\" content=\"summary_large_image\" \/>\n<meta name=\"twitter:creator\" content=\"@ylianaduque\" \/>\n<meta name=\"twitter:label1\" content=\"Escrito por\" \/>\n\t<meta name=\"twitter:data1\" content=\"Yliana Duque\" \/>\n\t<meta name=\"twitter:label2\" content=\"Tiempo estimado de lectura\" \/>\n\t<meta name=\"twitter:data2\" content=\"4 minutos\" \/>\n<script type=\"application\/ld+json\" class=\"yoast-schema-graph\">{\"@context\":\"https:\/\/schema.org\",\"@graph\":[{\"@type\":\"Article\",\"@id\":\"https:\/\/noti-america.com\/site\/venezuela\/2017\/12\/24\/liberan-presos-politicos-en-momentos-de-grave-crisis-por-combustible\/#article\",\"isPartOf\":{\"@id\":\"https:\/\/noti-america.com\/site\/venezuela\/2017\/12\/24\/liberan-presos-politicos-en-momentos-de-grave-crisis-por-combustible\/\"},\"author\":{\"name\":\"Yliana Duque\",\"@id\":\"https:\/\/noti-america.com\/site\/venezuela\/#\/schema\/person\/a166d9d45f249dbd09521fbc2e7342d8\"},\"headline\":\"LIBERAN PRESOS POL\u00cdTICOS EN MOMENTOS DE GRAVE CRISIS POR COMBUSTIBLE\",\"datePublished\":\"2017-12-24T02:48:50+00:00\",\"mainEntityOfPage\":{\"@id\":\"https:\/\/noti-america.com\/site\/venezuela\/2017\/12\/24\/liberan-presos-politicos-en-momentos-de-grave-crisis-por-combustible\/\"},\"wordCount\":740,\"commentCount\":0,\"publisher\":{\"@id\":\"https:\/\/noti-america.com\/site\/venezuela\/#organization\"},\"image\":{\"@id\":\"https:\/\/noti-america.com\/site\/venezuela\/2017\/12\/24\/liberan-presos-politicos-en-momentos-de-grave-crisis-por-combustible\/#primaryimage\"},\"thumbnailUrl\":\"https:\/\/noti-america.com\/site\/venezuela\/wp-content\/uploads\/sites\/2\/2017\/12\/ramos-libre.jpg\",\"articleSection\":[\"Econom\u00eda\",\"Internacionales\",\"Opini\u00f3n\",\"Pol\u00edtica\"],\"inLanguage\":\"es\",\"potentialAction\":[{\"@type\":\"CommentAction\",\"name\":\"Comment\",\"target\":[\"https:\/\/noti-america.com\/site\/venezuela\/2017\/12\/24\/liberan-presos-politicos-en-momentos-de-grave-crisis-por-combustible\/#respond\"]}]},{\"@type\":\"WebPage\",\"@id\":\"https:\/\/noti-america.com\/site\/venezuela\/2017\/12\/24\/liberan-presos-politicos-en-momentos-de-grave-crisis-por-combustible\/\",\"url\":\"https:\/\/noti-america.com\/site\/venezuela\/2017\/12\/24\/liberan-presos-politicos-en-momentos-de-grave-crisis-por-combustible\/\",\"name\":\"LIBERAN PRESOS POL\u00cdTICOS EN MOMENTOS DE GRAVE CRISIS POR COMBUSTIBLE - Venezuela | Noti-America.com\",\"isPartOf\":{\"@id\":\"https:\/\/noti-america.com\/site\/venezuela\/#website\"},\"primaryImageOfPage\":{\"@id\":\"https:\/\/noti-america.com\/site\/venezuela\/2017\/12\/24\/liberan-presos-politicos-en-momentos-de-grave-crisis-por-combustible\/#primaryimage\"},\"image\":{\"@id\":\"https:\/\/noti-america.com\/site\/venezuela\/2017\/12\/24\/liberan-presos-politicos-en-momentos-de-grave-crisis-por-combustible\/#primaryimage\"},\"thumbnailUrl\":\"https:\/\/noti-america.com\/site\/venezuela\/wp-content\/uploads\/sites\/2\/2017\/12\/ramos-libre.jpg\",\"datePublished\":\"2017-12-24T02:48:50+00:00\",\"breadcrumb\":{\"@id\":\"https:\/\/noti-america.com\/site\/venezuela\/2017\/12\/24\/liberan-presos-politicos-en-momentos-de-grave-crisis-por-combustible\/#breadcrumb\"},\"inLanguage\":\"es\",\"potentialAction\":[{\"@type\":\"ReadAction\",\"target\":[\"https:\/\/noti-america.com\/site\/venezuela\/2017\/12\/24\/liberan-presos-politicos-en-momentos-de-grave-crisis-por-combustible\/\"]}]},{\"@type\":\"ImageObject\",\"inLanguage\":\"es\",\"@id\":\"https:\/\/noti-america.com\/site\/venezuela\/2017\/12\/24\/liberan-presos-politicos-en-momentos-de-grave-crisis-por-combustible\/#primaryimage\",\"url\":\"https:\/\/noti-america.com\/site\/venezuela\/wp-content\/uploads\/sites\/2\/2017\/12\/ramos-libre.jpg\",\"contentUrl\":\"https:\/\/noti-america.com\/site\/venezuela\/wp-content\/uploads\/sites\/2\/2017\/12\/ramos-libre.jpg\",\"width\":834,\"height\":457},{\"@type\":\"BreadcrumbList\",\"@id\":\"https:\/\/noti-america.com\/site\/venezuela\/2017\/12\/24\/liberan-presos-politicos-en-momentos-de-grave-crisis-por-combustible\/#breadcrumb\",\"itemListElement\":[{\"@type\":\"ListItem\",\"position\":1,\"name\":\"Portada\",\"item\":\"https:\/\/noti-america.com\/site\/venezuela\/\"},{\"@type\":\"ListItem\",\"position\":2,\"name\":\"LIBERAN PRESOS POL\u00cdTICOS EN MOMENTOS DE GRAVE CRISIS POR COMBUSTIBLE\"}]},{\"@type\":\"WebSite\",\"@id\":\"https:\/\/noti-america.com\/site\/venezuela\/#website\",\"url\":\"https:\/\/noti-america.com\/site\/venezuela\/\",\"name\":\"Venezuela | Noti-America.com\",\"description\":\"\",\"publisher\":{\"@id\":\"https:\/\/noti-america.com\/site\/venezuela\/#organization\"},\"potentialAction\":[{\"@type\":\"SearchAction\",\"target\":{\"@type\":\"EntryPoint\",\"urlTemplate\":\"https:\/\/noti-america.com\/site\/venezuela\/?s={search_term_string}\"},\"query-input\":{\"@type\":\"PropertyValueSpecification\",\"valueRequired\":true,\"valueName\":\"search_term_string\"}}],\"inLanguage\":\"es\"},{\"@type\":\"Organization\",\"@id\":\"https:\/\/noti-america.com\/site\/venezuela\/#organization\",\"name\":\"Noti-America LLC | Venezuela\",\"url\":\"https:\/\/noti-america.com\/site\/venezuela\/\",\"logo\":{\"@type\":\"ImageObject\",\"inLanguage\":\"es\",\"@id\":\"https:\/\/noti-america.com\/site\/venezuela\/#\/schema\/logo\/image\/\",\"url\":\"https:\/\/noti-america.com\/site\/venezuela\/wp-content\/uploads\/sites\/2\/2020\/07\/LogoNA-4x3-1.jpg\",\"contentUrl\":\"https:\/\/noti-america.com\/site\/venezuela\/wp-content\/uploads\/sites\/2\/2020\/07\/LogoNA-4x3-1.jpg\",\"width\":1236,\"height\":1080,\"caption\":\"Noti-America LLC | Venezuela\"},\"image\":{\"@id\":\"https:\/\/noti-america.com\/site\/venezuela\/#\/schema\/logo\/image\/\"}},{\"@type\":\"Person\",\"@id\":\"https:\/\/noti-america.com\/site\/venezuela\/#\/schema\/person\/a166d9d45f249dbd09521fbc2e7342d8\",\"name\":\"Yliana Duque\",\"image\":{\"@type\":\"ImageObject\",\"inLanguage\":\"es\",\"@id\":\"https:\/\/secure.gravatar.com\/avatar\/8caf2a4035762b3be44c3a0455581febe2d5273a41ac40dacc575b8aa348fe65?s=96&d=mm&r=g\",\"url\":\"https:\/\/secure.gravatar.com\/avatar\/8caf2a4035762b3be44c3a0455581febe2d5273a41ac40dacc575b8aa348fe65?s=96&d=mm&r=g\",\"contentUrl\":\"https:\/\/secure.gravatar.com\/avatar\/8caf2a4035762b3be44c3a0455581febe2d5273a41ac40dacc575b8aa348fe65?s=96&d=mm&r=g\",\"caption\":\"Yliana Duque\"},\"description\":\"Ejercer el periodismo requiere de pasi\u00f3n y conocimiento en investigaci\u00f3n de campo. Siempre en la b\u00fasqueda de la verdad para aportar claridad y poder discernir sobre el hecho noticioso. Egresada de la Universidad de los Andes. Maestria en Relaciones Internacionales (UCV). Diplomado de Educaci\u00f3n Superior (Universidad Experimental LIbertador (UPEL), y Educaci\u00f3n superior a distancia (UFT). Estudios de Locuci\u00f3n- Actuaci\u00f3n-Publicidad y Mercadeo, Redes. Subdirectora de relaciones p\u00fablicas de la Asamablea Legislativa del Estado Sucre(1995)-Periodista de TELESOL,Telecaribe (Sucre). Jefe de Prensa de la Gobernaci\u00f3n del Estado Amazonas(1997). Periodista Comandancia General del Ej\u00e9rcito, Fuerte Tiuna (1996). Lider de Proyectos en educaci\u00f3n Superior en la Universidad Ferm\u00edn Toro (UFT) (2000). Docente Universitario UFT (2002-2007)-Docente de Educaci\u00f3n Superior a Distancia -titulado. Periodista Diario El Informador. Periodista en Apoyo A\u00e9reo de la Guardia Nacional, Aeropuerto Jacinto Lara. www.Noti-america.com (Venezuela)\",\"sameAs\":[\"https:\/\/x.com\/ylianaduque\"],\"url\":\"https:\/\/noti-america.com\/site\/venezuela\/author\/yduque\/\"}]}<\/script>\n<!-- \/ Yoast SEO Premium plugin. -->","yoast_head_json":{"title":"LIBERAN PRESOS POL\u00cdTICOS EN MOMENTOS DE GRAVE CRISIS POR COMBUSTIBLE - Venezuela | Noti-America.com","robots":{"index":"index","follow":"follow","max-snippet":"max-snippet:-1","max-image-preview":"max-image-preview:large","max-video-preview":"max-video-preview:-1"},"canonical":"https:\/\/noti-america.com\/site\/venezuela\/2017\/12\/24\/liberan-presos-politicos-en-momentos-de-grave-crisis-por-combustible\/","og_locale":"es_ES","og_type":"article","og_title":"LIBERAN PRESOS POL\u00cdTICOS EN MOMENTOS DE GRAVE CRISIS POR COMBUSTIBLE","og_description":"Un grupo de 13 presos pol\u00edticos fue liberado la noche de este s\u00e1bado de la sede del Servicio Bolivariano de Inteligencia Nacional (Sebin) en El Helicoide tras la \u201crecomendaci\u00f3n\u201d de la Asamblea Nacional Constituyente&#46;&#46;&#46;","og_url":"https:\/\/noti-america.com\/site\/venezuela\/2017\/12\/24\/liberan-presos-politicos-en-momentos-de-grave-crisis-por-combustible\/","og_site_name":"Venezuela | Noti-America.com","article_published_time":"2017-12-24T02:48:50+00:00","og_image":[{"width":834,"height":457,"url":"https:\/\/noti-america.com\/site\/venezuela\/wp-content\/uploads\/sites\/2\/2017\/12\/ramos-libre.jpg","type":"image\/jpeg"}],"author":"Yliana Duque","twitter_card":"summary_large_image","twitter_creator":"@ylianaduque","twitter_misc":{"Escrito por":"Yliana Duque","Tiempo estimado de lectura":"4 minutos"},"schema":{"@context":"https:\/\/schema.org","@graph":[{"@type":"Article","@id":"https:\/\/noti-america.com\/site\/venezuela\/2017\/12\/24\/liberan-presos-politicos-en-momentos-de-grave-crisis-por-combustible\/#article","isPartOf":{"@id":"https:\/\/noti-america.com\/site\/venezuela\/2017\/12\/24\/liberan-presos-politicos-en-momentos-de-grave-crisis-por-combustible\/"},"author":{"name":"Yliana Duque","@id":"https:\/\/noti-america.com\/site\/venezuela\/#\/schema\/person\/a166d9d45f249dbd09521fbc2e7342d8"},"headline":"LIBERAN PRESOS POL\u00cdTICOS EN MOMENTOS DE GRAVE CRISIS POR COMBUSTIBLE","datePublished":"2017-12-24T02:48:50+00:00","mainEntityOfPage":{"@id":"https:\/\/noti-america.com\/site\/venezuela\/2017\/12\/24\/liberan-presos-politicos-en-momentos-de-grave-crisis-por-combustible\/"},"wordCount":740,"commentCount":0,"publisher":{"@id":"https:\/\/noti-america.com\/site\/venezuela\/#organization"},"image":{"@id":"https:\/\/noti-america.com\/site\/venezuela\/2017\/12\/24\/liberan-presos-politicos-en-momentos-de-grave-crisis-por-combustible\/#primaryimage"},"thumbnailUrl":"https:\/\/noti-america.com\/site\/venezuela\/wp-content\/uploads\/sites\/2\/2017\/12\/ramos-libre.jpg","articleSection":["Econom\u00eda","Internacionales","Opini\u00f3n","Pol\u00edtica"],"inLanguage":"es","potentialAction":[{"@type":"CommentAction","name":"Comment","target":["https:\/\/noti-america.com\/site\/venezuela\/2017\/12\/24\/liberan-presos-politicos-en-momentos-de-grave-crisis-por-combustible\/#respond"]}]},{"@type":"WebPage","@id":"https:\/\/noti-america.com\/site\/venezuela\/2017\/12\/24\/liberan-presos-politicos-en-momentos-de-grave-crisis-por-combustible\/","url":"https:\/\/noti-america.com\/site\/venezuela\/2017\/12\/24\/liberan-presos-politicos-en-momentos-de-grave-crisis-por-combustible\/","name":"LIBERAN PRESOS POL\u00cdTICOS EN MOMENTOS DE GRAVE CRISIS POR COMBUSTIBLE - Venezuela | Noti-America.com","isPartOf":{"@id":"https:\/\/noti-america.com\/site\/venezuela\/#website"},"primaryImageOfPage":{"@id":"https:\/\/noti-america.com\/site\/venezuela\/2017\/12\/24\/liberan-presos-politicos-en-momentos-de-grave-crisis-por-combustible\/#primaryimage"},"image":{"@id":"https:\/\/noti-america.com\/site\/venezuela\/2017\/12\/24\/liberan-presos-politicos-en-momentos-de-grave-crisis-por-combustible\/#primaryimage"},"thumbnailUrl":"https:\/\/noti-america.com\/site\/venezuela\/wp-content\/uploads\/sites\/2\/2017\/12\/ramos-libre.jpg","datePublished":"2017-12-24T02:48:50+00:00","breadcrumb":{"@id":"https:\/\/noti-america.com\/site\/venezuela\/2017\/12\/24\/liberan-presos-politicos-en-momentos-de-grave-crisis-por-combustible\/#breadcrumb"},"inLanguage":"es","potentialAction":[{"@type":"ReadAction","target":["https:\/\/noti-america.com\/site\/venezuela\/2017\/12\/24\/liberan-presos-politicos-en-momentos-de-grave-crisis-por-combustible\/"]}]},{"@type":"ImageObject","inLanguage":"es","@id":"https:\/\/noti-america.com\/site\/venezuela\/2017\/12\/24\/liberan-presos-politicos-en-momentos-de-grave-crisis-por-combustible\/#primaryimage","url":"https:\/\/noti-america.com\/site\/venezuela\/wp-content\/uploads\/sites\/2\/2017\/12\/ramos-libre.jpg","contentUrl":"https:\/\/noti-america.com\/site\/venezuela\/wp-content\/uploads\/sites\/2\/2017\/12\/ramos-libre.jpg","width":834,"height":457},{"@type":"BreadcrumbList","@id":"https:\/\/noti-america.com\/site\/venezuela\/2017\/12\/24\/liberan-presos-politicos-en-momentos-de-grave-crisis-por-combustible\/#breadcrumb","itemListElement":[{"@type":"ListItem","position":1,"name":"Portada","item":"https:\/\/noti-america.com\/site\/venezuela\/"},{"@type":"ListItem","position":2,"name":"LIBERAN PRESOS POL\u00cdTICOS EN MOMENTOS DE GRAVE CRISIS POR COMBUSTIBLE"}]},{"@type":"WebSite","@id":"https:\/\/noti-america.com\/site\/venezuela\/#website","url":"https:\/\/noti-america.com\/site\/venezuela\/","name":"Venezuela | Noti-America.com","description":"","publisher":{"@id":"https:\/\/noti-america.com\/site\/venezuela\/#organization"},"potentialAction":[{"@type":"SearchAction","target":{"@type":"EntryPoint","urlTemplate":"https:\/\/noti-america.com\/site\/venezuela\/?s={search_term_string}"},"query-input":{"@type":"PropertyValueSpecification","valueRequired":true,"valueName":"search_term_string"}}],"inLanguage":"es"},{"@type":"Organization","@id":"https:\/\/noti-america.com\/site\/venezuela\/#organization","name":"Noti-America LLC | Venezuela","url":"https:\/\/noti-america.com\/site\/venezuela\/","logo":{"@type":"ImageObject","inLanguage":"es","@id":"https:\/\/noti-america.com\/site\/venezuela\/#\/schema\/logo\/image\/","url":"https:\/\/noti-america.com\/site\/venezuela\/wp-content\/uploads\/sites\/2\/2020\/07\/LogoNA-4x3-1.jpg","contentUrl":"https:\/\/noti-america.com\/site\/venezuela\/wp-content\/uploads\/sites\/2\/2020\/07\/LogoNA-4x3-1.jpg","width":1236,"height":1080,"caption":"Noti-America LLC | Venezuela"},"image":{"@id":"https:\/\/noti-america.com\/site\/venezuela\/#\/schema\/logo\/image\/"}},{"@type":"Person","@id":"https:\/\/noti-america.com\/site\/venezuela\/#\/schema\/person\/a166d9d45f249dbd09521fbc2e7342d8","name":"Yliana Duque","image":{"@type":"ImageObject","inLanguage":"es","@id":"https:\/\/secure.gravatar.com\/avatar\/8caf2a4035762b3be44c3a0455581febe2d5273a41ac40dacc575b8aa348fe65?s=96&d=mm&r=g","url":"https:\/\/secure.gravatar.com\/avatar\/8caf2a4035762b3be44c3a0455581febe2d5273a41ac40dacc575b8aa348fe65?s=96&d=mm&r=g","contentUrl":"https:\/\/secure.gravatar.com\/avatar\/8caf2a4035762b3be44c3a0455581febe2d5273a41ac40dacc575b8aa348fe65?s=96&d=mm&r=g","caption":"Yliana Duque"},"description":"Ejercer el periodismo requiere de pasi\u00f3n y conocimiento en investigaci\u00f3n de campo. Siempre en la b\u00fasqueda de la verdad para aportar claridad y poder discernir sobre el hecho noticioso. Egresada de la Universidad de los Andes. Maestria en Relaciones Internacionales (UCV). Diplomado de Educaci\u00f3n Superior (Universidad Experimental LIbertador (UPEL), y Educaci\u00f3n superior a distancia (UFT). Estudios de Locuci\u00f3n- Actuaci\u00f3n-Publicidad y Mercadeo, Redes. Subdirectora de relaciones p\u00fablicas de la Asamablea Legislativa del Estado Sucre(1995)-Periodista de TELESOL,Telecaribe (Sucre). Jefe de Prensa de la Gobernaci\u00f3n del Estado Amazonas(1997). Periodista Comandancia General del Ej\u00e9rcito, Fuerte Tiuna (1996). Lider de Proyectos en educaci\u00f3n Superior en la Universidad Ferm\u00edn Toro (UFT) (2000). Docente Universitario UFT (2002-2007)-Docente de Educaci\u00f3n Superior a Distancia -titulado. Periodista Diario El Informador. Periodista en Apoyo A\u00e9reo de la Guardia Nacional, Aeropuerto Jacinto Lara. www.Noti-america.com (Venezuela)","sameAs":["https:\/\/x.com\/ylianaduque"],"url":"https:\/\/noti-america.com\/site\/venezuela\/author\/yduque\/"}]}},"_links":{"self":[{"href":"https:\/\/noti-america.com\/site\/venezuela\/wp-json\/wp\/v2\/posts\/1382","targetHints":{"allow":["GET"]}}],"collection":[{"href":"https:\/\/noti-america.com\/site\/venezuela\/wp-json\/wp\/v2\/posts"}],"about":[{"href":"https:\/\/noti-america.com\/site\/venezuela\/wp-json\/wp\/v2\/types\/post"}],"author":[{"embeddable":true,"href":"https:\/\/noti-america.com\/site\/venezuela\/wp-json\/wp\/v2\/users\/11"}],"replies":[{"embeddable":true,"href":"https:\/\/noti-america.com\/site\/venezuela\/wp-json\/wp\/v2\/comments?post=1382"}],"version-history":[{"count":1,"href":"https:\/\/noti-america.com\/site\/venezuela\/wp-json\/wp\/v2\/posts\/1382\/revisions"}],"predecessor-version":[{"id":1389,"href":"https:\/\/noti-america.com\/site\/venezuela\/wp-json\/wp\/v2\/posts\/1382\/revisions\/1389"}],"wp:featuredmedia":[{"embeddable":true,"href":"https:\/\/noti-america.com\/site\/venezuela\/wp-json\/wp\/v2\/media\/1383"}],"wp:attachment":[{"href":"https:\/\/noti-america.com\/site\/venezuela\/wp-json\/wp\/v2\/media?parent=1382"}],"wp:term":[{"taxonomy":"category","embeddable":true,"href":"https:\/\/noti-america.com\/site\/venezuela\/wp-json\/wp\/v2\/categories?post=1382"},{"taxonomy":"post_tag","embeddable":true,"href":"https:\/\/noti-america.com\/site\/venezuela\/wp-json\/wp\/v2\/tags?post=1382"}],"curies":[{"name":"wp","href":"https:\/\/api.w.org\/{rel}","templated":true}]}}