{"id":13767,"date":"2020-12-18T22:14:08","date_gmt":"2020-12-18T22:14:08","guid":{"rendered":"https:\/\/noti-america.com\/site\/venezuela\/2020\/12\/18\/con-estreno-mundial-de-contigo-el-duo-sanluis-se-suma-a-celebracion-global-por-60-anos-de-harina-p-a-n\/"},"modified":"2020-12-19T02:14:52","modified_gmt":"2020-12-19T02:14:52","slug":"con-estreno-mundial-de-contigo-el-duo-sanluis-se-suma-a-celebracion-global-por-60-anos-de-harina-p-a-n","status":"publish","type":"post","link":"https:\/\/noti-america.com\/site\/venezuela\/2020\/12\/18\/con-estreno-mundial-de-contigo-el-duo-sanluis-se-suma-a-celebracion-global-por-60-anos-de-harina-p-a-n\/","title":{"rendered":"Con estreno mundial de &#8220;Contigo&#8221;, el d\u00fao SanLuis se suma a celebraci\u00f3n global por 60 a\u00f1os de Harina P.A.N"},"content":{"rendered":"<p style=\"text-align: justify;\">Nota de Prensa<\/p>\n<p style=\"text-align: justify;\">Miami, 18 de diciembre de 2020<\/p>\n<p>Los hermanos Santiago y Luigi Castillo, del du\u0301o SanLuis, celebran con su m\u00fasica los 60 an\u0303os de Harina P.A.N y\u00a0reflejan lo que representa para los venezolanos la expansio\u0301n global de esa marca: la harina precocida de mai\u0301z ma\u0301s reconocida en el mundo, con presencia en ma\u0301s de 60 pai\u0301ses.<\/p>\n<p>Asi\u0301 lo afirmaron los artistas en sus redes sociales, provocando miles de reacciones de sus coterra\u0301neos en diferentes lugares del mundo.<\/p>\n<p>\u00abHay muy pocas cosas en la vida que realmente permanecen contigo, de seguro Harina P.A.N es una de ellas. Cuando algo nos acompan\u0303a por 60 an\u0303os todos los di\u0301as, pasa a formar parte definitiva de lo que somos, de la cara que mostramos con orgullo. Hoy hacemos un homenaje con una cancio\u0301n a una parte esencial de todos los venezolanos, a ese si\u0301mbolo de lo que verdaderamente somos y seremos, hoy le cantamos a la Harina P.A.N para celebrar sus 60 an\u0303os contigo\u00bb, afirmaron Santiago y Luigi Castillo.<\/p>\n<p>El estreno mundial de \u00abContigo\u00bb en su canal de YouTube marca el inicio del proyecto P.A.N Music, en el que los tres veces ganadores del Latin Grammy se convierten en embajadores principales de la marca. Progresivamente se ira\u0301n sumando otros artistas, con \u200buna colaboracio\u0301n entre voces de la mu\u0301sica latina.<\/p>\n<p>Al respecto, Mar\u00eda Alexandra Mendoza, gerente de Marca de P.A.N\u00a0Global, expresa: \u00abEstamos muy contentos de dar inicio a P.A.N. Music en el marco de la celebraci\u00f3n de los 60 a\u00f1os de P.A.N., junto a SanLuis con el lanzamiento de &#8216;Contigo&#8217;. Una canci\u00f3n que representa desde la met\u00e1fora el sentimiento de conexi\u00f3n de los venezolanos con Harina P.A.N., nuestra arepa y que resalta la ilusi\u00f3n que nos une. Gracias, SanLuis\u00bb.<\/p>\n<p>Este proyecto rinde homenaje a Venezuela. En palabras de SanLuis, \u200bla cancio\u0301n \u00abes como una buena arepa, nos alimenta de esperanza, de fe y de la grandeza de ser venezolanos\u00bb.<\/p>\n<p>Todo esto sucede a pocos di\u0301as de haber celebrado la conquista de P.A.N en Nueva York, con su presencia en \u200bcuatro pantallas gigantes de Times Square, el lanzamiento del nuevo logo y la activacio\u0301n del P.A.N. Art Challenge a trave\u0301s de Instagram.<\/p>\n<p><a href=\"https:\/\/michelsuarez.us17.list-manage.com\/track\/click?u=ed4b953a69f2cd18e92677996&amp;id=8b03abf89a&amp;e=8a8d2652b9\" target=\"_blank\" rel=\"noopener noreferrer\">El video ya se encuentra disponible<\/a>\u00a0en su canal de YouTube SanLuis Oficial y sirve de antesala al pro\u0301ximo estreno de Toma2 Sessions especial de Navidad, que promete seguir dibujando sonrisas y provocando la\u0301grimas de nostalgia entre sus seguidores.<\/p>\n<p style=\"text-align: center;\"><a href=\"https:\/\/www.youtube.com\/watch?v=HdgaocrSGXc&amp;feature=youtu.be\"><img loading=\"lazy\" decoding=\"async\" class=\"alignnone size-full wp-image-13768\" src=\"https:\/\/noti-america.com\/site\/venezuela\/wp-content\/uploads\/sites\/2\/2020\/12\/6f6a35e618c019257e334c3a3c197e09.png\" alt=\"\" width=\"640\" height=\"480\" srcset=\"https:\/\/noti-america.com\/site\/venezuela\/wp-content\/uploads\/sites\/2\/2020\/12\/6f6a35e618c019257e334c3a3c197e09.png 640w, https:\/\/noti-america.com\/site\/venezuela\/wp-content\/uploads\/sites\/2\/2020\/12\/6f6a35e618c019257e334c3a3c197e09-300x225.png 300w\" sizes=\"auto, (max-width: 640px) 100vw, 640px\" \/><\/a><\/p>\n","protected":false},"excerpt":{"rendered":"<p>Nota de Prensa Miami, 18 de diciembre de 2020 Los hermanos Santiago y Luigi Castillo, del du\u0301o SanLuis, celebran con su m\u00fasica los 60 an\u0303os de Harina P.A.N y\u00a0reflejan lo que representa para los&#46;&#46;&#46;<\/p>\n","protected":false},"author":1,"featured_media":13770,"comment_status":"open","ping_status":"open","sticky":false,"template":"","format":"image","meta":{"_acf_changed":false,"om_disable_all_campaigns":false,"rop_custom_images_group":[],"rop_custom_messages_group":[],"rop_publish_now":"initial","rop_publish_now_accounts":{"twitter_242054905_242054905":""},"rop_publish_now_history":[],"rop_publish_now_status":"pending","_uf_show_specific_survey":0,"_uf_disable_surveys":false,"footnotes":""},"categories":[132,8],"tags":[],"class_list":["post-13767","post","type-post","status-publish","format-image","has-post-thumbnail","hentry","category-actualidad","category-arte-y-espectaculos","post_format-post-format-image"],"acf":[],"aioseo_notices":[],"yoast_head":"<!-- This site is optimized with the Yoast SEO Premium plugin v24.9 (Yoast SEO v27.2) - https:\/\/yoast.com\/product\/yoast-seo-premium-wordpress\/ -->\n<title>Con estreno mundial de &#8220;Contigo&#8221;, el d\u00fao SanLuis se suma a celebraci\u00f3n global por 60 a\u00f1os de Harina P.A.N - Venezuela | Noti-America.com<\/title>\n<meta name=\"robots\" content=\"index, follow, max-snippet:-1, max-image-preview:large, max-video-preview:-1\" \/>\n<link rel=\"canonical\" href=\"https:\/\/noti-america.com\/site\/venezuela\/2020\/12\/18\/con-estreno-mundial-de-contigo-el-duo-sanluis-se-suma-a-celebracion-global-por-60-anos-de-harina-p-a-n\/\" \/>\n<meta property=\"og:locale\" content=\"es_ES\" \/>\n<meta property=\"og:type\" content=\"article\" \/>\n<meta property=\"og:title\" content=\"Con estreno mundial de &#8220;Contigo&#8221;, el d\u00fao SanLuis se suma a celebraci\u00f3n global por 60 a\u00f1os de Harina P.A.N\" \/>\n<meta property=\"og:description\" content=\"Nota de Prensa Miami, 18 de diciembre de 2020 Los hermanos Santiago y Luigi Castillo, del du\u0301o SanLuis, celebran con su m\u00fasica los 60 an\u0303os de Harina P.A.N y\u00a0reflejan lo que representa para los&#046;&#046;&#046;\" \/>\n<meta property=\"og:url\" content=\"https:\/\/noti-america.com\/site\/venezuela\/2020\/12\/18\/con-estreno-mundial-de-contigo-el-duo-sanluis-se-suma-a-celebracion-global-por-60-anos-de-harina-p-a-n\/\" \/>\n<meta property=\"og:site_name\" content=\"Venezuela | Noti-America.com\" \/>\n<meta property=\"article:published_time\" content=\"2020-12-18T22:14:08+00:00\" \/>\n<meta property=\"article:modified_time\" content=\"2020-12-19T02:14:52+00:00\" \/>\n<meta property=\"og:image\" content=\"https:\/\/noti-america.com\/site\/venezuela\/wp-content\/uploads\/sites\/2\/2020\/12\/0f8f19d3-010d-4782-b2d5-96e93ab3fdee.jpg\" \/>\n\t<meta property=\"og:image:width\" content=\"1200\" \/>\n\t<meta property=\"og:image:height\" content=\"675\" \/>\n\t<meta property=\"og:image:type\" content=\"image\/jpeg\" \/>\n<meta name=\"author\" content=\"Rosmer Herrera\" \/>\n<meta name=\"twitter:card\" content=\"summary_large_image\" \/>\n<meta name=\"twitter:label1\" content=\"Escrito por\" \/>\n\t<meta name=\"twitter:data1\" content=\"Rosmer Herrera\" \/>\n\t<meta name=\"twitter:label2\" content=\"Tiempo estimado de lectura\" \/>\n\t<meta name=\"twitter:data2\" content=\"2 minutos\" \/>\n<script type=\"application\/ld+json\" class=\"yoast-schema-graph\">{\"@context\":\"https:\/\/schema.org\",\"@graph\":[{\"@type\":\"Article\",\"@id\":\"https:\/\/noti-america.com\/site\/venezuela\/2020\/12\/18\/con-estreno-mundial-de-contigo-el-duo-sanluis-se-suma-a-celebracion-global-por-60-anos-de-harina-p-a-n\/#article\",\"isPartOf\":{\"@id\":\"https:\/\/noti-america.com\/site\/venezuela\/2020\/12\/18\/con-estreno-mundial-de-contigo-el-duo-sanluis-se-suma-a-celebracion-global-por-60-anos-de-harina-p-a-n\/\"},\"author\":{\"name\":\"Rosmer Herrera\",\"@id\":\"https:\/\/noti-america.com\/site\/venezuela\/#\/schema\/person\/fd58dbfb92a257e9dc5761bf69a855ff\"},\"headline\":\"Con estreno mundial de &#8220;Contigo&#8221;, el d\u00fao SanLuis se suma a celebraci\u00f3n global por 60 a\u00f1os de Harina P.A.N\",\"datePublished\":\"2020-12-18T22:14:08+00:00\",\"dateModified\":\"2020-12-19T02:14:52+00:00\",\"mainEntityOfPage\":{\"@id\":\"https:\/\/noti-america.com\/site\/venezuela\/2020\/12\/18\/con-estreno-mundial-de-contigo-el-duo-sanluis-se-suma-a-celebracion-global-por-60-anos-de-harina-p-a-n\/\"},\"wordCount\":466,\"commentCount\":0,\"publisher\":{\"@id\":\"https:\/\/noti-america.com\/site\/venezuela\/#organization\"},\"image\":{\"@id\":\"https:\/\/noti-america.com\/site\/venezuela\/2020\/12\/18\/con-estreno-mundial-de-contigo-el-duo-sanluis-se-suma-a-celebracion-global-por-60-anos-de-harina-p-a-n\/#primaryimage\"},\"thumbnailUrl\":\"https:\/\/noti-america.com\/site\/venezuela\/wp-content\/uploads\/sites\/2\/2020\/12\/0f8f19d3-010d-4782-b2d5-96e93ab3fdee.jpg\",\"articleSection\":[\"Actualidad\",\"Arte y Espect\u00e1culos\"],\"inLanguage\":\"es\",\"potentialAction\":[{\"@type\":\"CommentAction\",\"name\":\"Comment\",\"target\":[\"https:\/\/noti-america.com\/site\/venezuela\/2020\/12\/18\/con-estreno-mundial-de-contigo-el-duo-sanluis-se-suma-a-celebracion-global-por-60-anos-de-harina-p-a-n\/#respond\"]}]},{\"@type\":\"WebPage\",\"@id\":\"https:\/\/noti-america.com\/site\/venezuela\/2020\/12\/18\/con-estreno-mundial-de-contigo-el-duo-sanluis-se-suma-a-celebracion-global-por-60-anos-de-harina-p-a-n\/\",\"url\":\"https:\/\/noti-america.com\/site\/venezuela\/2020\/12\/18\/con-estreno-mundial-de-contigo-el-duo-sanluis-se-suma-a-celebracion-global-por-60-anos-de-harina-p-a-n\/\",\"name\":\"Con estreno mundial de &#8220;Contigo&#8221;, el d\u00fao SanLuis se suma a celebraci\u00f3n global por 60 a\u00f1os de Harina P.A.N - Venezuela | Noti-America.com\",\"isPartOf\":{\"@id\":\"https:\/\/noti-america.com\/site\/venezuela\/#website\"},\"primaryImageOfPage\":{\"@id\":\"https:\/\/noti-america.com\/site\/venezuela\/2020\/12\/18\/con-estreno-mundial-de-contigo-el-duo-sanluis-se-suma-a-celebracion-global-por-60-anos-de-harina-p-a-n\/#primaryimage\"},\"image\":{\"@id\":\"https:\/\/noti-america.com\/site\/venezuela\/2020\/12\/18\/con-estreno-mundial-de-contigo-el-duo-sanluis-se-suma-a-celebracion-global-por-60-anos-de-harina-p-a-n\/#primaryimage\"},\"thumbnailUrl\":\"https:\/\/noti-america.com\/site\/venezuela\/wp-content\/uploads\/sites\/2\/2020\/12\/0f8f19d3-010d-4782-b2d5-96e93ab3fdee.jpg\",\"datePublished\":\"2020-12-18T22:14:08+00:00\",\"dateModified\":\"2020-12-19T02:14:52+00:00\",\"breadcrumb\":{\"@id\":\"https:\/\/noti-america.com\/site\/venezuela\/2020\/12\/18\/con-estreno-mundial-de-contigo-el-duo-sanluis-se-suma-a-celebracion-global-por-60-anos-de-harina-p-a-n\/#breadcrumb\"},\"inLanguage\":\"es\",\"potentialAction\":[{\"@type\":\"ReadAction\",\"target\":[\"https:\/\/noti-america.com\/site\/venezuela\/2020\/12\/18\/con-estreno-mundial-de-contigo-el-duo-sanluis-se-suma-a-celebracion-global-por-60-anos-de-harina-p-a-n\/\"]}]},{\"@type\":\"ImageObject\",\"inLanguage\":\"es\",\"@id\":\"https:\/\/noti-america.com\/site\/venezuela\/2020\/12\/18\/con-estreno-mundial-de-contigo-el-duo-sanluis-se-suma-a-celebracion-global-por-60-anos-de-harina-p-a-n\/#primaryimage\",\"url\":\"https:\/\/noti-america.com\/site\/venezuela\/wp-content\/uploads\/sites\/2\/2020\/12\/0f8f19d3-010d-4782-b2d5-96e93ab3fdee.jpg\",\"contentUrl\":\"https:\/\/noti-america.com\/site\/venezuela\/wp-content\/uploads\/sites\/2\/2020\/12\/0f8f19d3-010d-4782-b2d5-96e93ab3fdee.jpg\",\"width\":1200,\"height\":675},{\"@type\":\"BreadcrumbList\",\"@id\":\"https:\/\/noti-america.com\/site\/venezuela\/2020\/12\/18\/con-estreno-mundial-de-contigo-el-duo-sanluis-se-suma-a-celebracion-global-por-60-anos-de-harina-p-a-n\/#breadcrumb\",\"itemListElement\":[{\"@type\":\"ListItem\",\"position\":1,\"name\":\"Portada\",\"item\":\"https:\/\/noti-america.com\/site\/venezuela\/\"},{\"@type\":\"ListItem\",\"position\":2,\"name\":\"Con estreno mundial de &#8220;Contigo&#8221;, el d\u00fao SanLuis se suma a celebraci\u00f3n global por 60 a\u00f1os de Harina P.A.N\"}]},{\"@type\":\"WebSite\",\"@id\":\"https:\/\/noti-america.com\/site\/venezuela\/#website\",\"url\":\"https:\/\/noti-america.com\/site\/venezuela\/\",\"name\":\"Venezuela | Noti-America.com\",\"description\":\"\",\"publisher\":{\"@id\":\"https:\/\/noti-america.com\/site\/venezuela\/#organization\"},\"potentialAction\":[{\"@type\":\"SearchAction\",\"target\":{\"@type\":\"EntryPoint\",\"urlTemplate\":\"https:\/\/noti-america.com\/site\/venezuela\/?s={search_term_string}\"},\"query-input\":{\"@type\":\"PropertyValueSpecification\",\"valueRequired\":true,\"valueName\":\"search_term_string\"}}],\"inLanguage\":\"es\"},{\"@type\":\"Organization\",\"@id\":\"https:\/\/noti-america.com\/site\/venezuela\/#organization\",\"name\":\"Noti-America LLC | Venezuela\",\"url\":\"https:\/\/noti-america.com\/site\/venezuela\/\",\"logo\":{\"@type\":\"ImageObject\",\"inLanguage\":\"es\",\"@id\":\"https:\/\/noti-america.com\/site\/venezuela\/#\/schema\/logo\/image\/\",\"url\":\"https:\/\/noti-america.com\/site\/venezuela\/wp-content\/uploads\/sites\/2\/2020\/07\/LogoNA-4x3-1.jpg\",\"contentUrl\":\"https:\/\/noti-america.com\/site\/venezuela\/wp-content\/uploads\/sites\/2\/2020\/07\/LogoNA-4x3-1.jpg\",\"width\":1236,\"height\":1080,\"caption\":\"Noti-America LLC | Venezuela\"},\"image\":{\"@id\":\"https:\/\/noti-america.com\/site\/venezuela\/#\/schema\/logo\/image\/\"}},{\"@type\":\"Person\",\"@id\":\"https:\/\/noti-america.com\/site\/venezuela\/#\/schema\/person\/fd58dbfb92a257e9dc5761bf69a855ff\",\"name\":\"Rosmer Herrera\",\"image\":{\"@type\":\"ImageObject\",\"inLanguage\":\"es\",\"@id\":\"https:\/\/secure.gravatar.com\/avatar\/153e75c261394dbf20ff1a1e70ea2be9494f2b40b7fc4e7704084db13220ae08?s=96&d=mm&r=g\",\"url\":\"https:\/\/secure.gravatar.com\/avatar\/153e75c261394dbf20ff1a1e70ea2be9494f2b40b7fc4e7704084db13220ae08?s=96&d=mm&r=g\",\"contentUrl\":\"https:\/\/secure.gravatar.com\/avatar\/153e75c261394dbf20ff1a1e70ea2be9494f2b40b7fc4e7704084db13220ae08?s=96&d=mm&r=g\",\"caption\":\"Rosmer Herrera\"},\"url\":\"https:\/\/noti-america.com\/site\/venezuela\/author\/rosmer33\/\"}]}<\/script>\n<!-- \/ Yoast SEO Premium plugin. -->","yoast_head_json":{"title":"Con estreno mundial de &#8220;Contigo&#8221;, el d\u00fao SanLuis se suma a celebraci\u00f3n global por 60 a\u00f1os de Harina P.A.N - Venezuela | Noti-America.com","robots":{"index":"index","follow":"follow","max-snippet":"max-snippet:-1","max-image-preview":"max-image-preview:large","max-video-preview":"max-video-preview:-1"},"canonical":"https:\/\/noti-america.com\/site\/venezuela\/2020\/12\/18\/con-estreno-mundial-de-contigo-el-duo-sanluis-se-suma-a-celebracion-global-por-60-anos-de-harina-p-a-n\/","og_locale":"es_ES","og_type":"article","og_title":"Con estreno mundial de &#8220;Contigo&#8221;, el d\u00fao SanLuis se suma a celebraci\u00f3n global por 60 a\u00f1os de Harina P.A.N","og_description":"Nota de Prensa Miami, 18 de diciembre de 2020 Los hermanos Santiago y Luigi Castillo, del du\u0301o SanLuis, celebran con su m\u00fasica los 60 an\u0303os de Harina P.A.N y\u00a0reflejan lo que representa para los&#46;&#46;&#46;","og_url":"https:\/\/noti-america.com\/site\/venezuela\/2020\/12\/18\/con-estreno-mundial-de-contigo-el-duo-sanluis-se-suma-a-celebracion-global-por-60-anos-de-harina-p-a-n\/","og_site_name":"Venezuela | Noti-America.com","article_published_time":"2020-12-18T22:14:08+00:00","article_modified_time":"2020-12-19T02:14:52+00:00","og_image":[{"width":1200,"height":675,"url":"https:\/\/noti-america.com\/site\/venezuela\/wp-content\/uploads\/sites\/2\/2020\/12\/0f8f19d3-010d-4782-b2d5-96e93ab3fdee.jpg","type":"image\/jpeg"}],"author":"Rosmer Herrera","twitter_card":"summary_large_image","twitter_misc":{"Escrito por":"Rosmer Herrera","Tiempo estimado de lectura":"2 minutos"},"schema":{"@context":"https:\/\/schema.org","@graph":[{"@type":"Article","@id":"https:\/\/noti-america.com\/site\/venezuela\/2020\/12\/18\/con-estreno-mundial-de-contigo-el-duo-sanluis-se-suma-a-celebracion-global-por-60-anos-de-harina-p-a-n\/#article","isPartOf":{"@id":"https:\/\/noti-america.com\/site\/venezuela\/2020\/12\/18\/con-estreno-mundial-de-contigo-el-duo-sanluis-se-suma-a-celebracion-global-por-60-anos-de-harina-p-a-n\/"},"author":{"name":"Rosmer Herrera","@id":"https:\/\/noti-america.com\/site\/venezuela\/#\/schema\/person\/fd58dbfb92a257e9dc5761bf69a855ff"},"headline":"Con estreno mundial de &#8220;Contigo&#8221;, el d\u00fao SanLuis se suma a celebraci\u00f3n global por 60 a\u00f1os de Harina P.A.N","datePublished":"2020-12-18T22:14:08+00:00","dateModified":"2020-12-19T02:14:52+00:00","mainEntityOfPage":{"@id":"https:\/\/noti-america.com\/site\/venezuela\/2020\/12\/18\/con-estreno-mundial-de-contigo-el-duo-sanluis-se-suma-a-celebracion-global-por-60-anos-de-harina-p-a-n\/"},"wordCount":466,"commentCount":0,"publisher":{"@id":"https:\/\/noti-america.com\/site\/venezuela\/#organization"},"image":{"@id":"https:\/\/noti-america.com\/site\/venezuela\/2020\/12\/18\/con-estreno-mundial-de-contigo-el-duo-sanluis-se-suma-a-celebracion-global-por-60-anos-de-harina-p-a-n\/#primaryimage"},"thumbnailUrl":"https:\/\/noti-america.com\/site\/venezuela\/wp-content\/uploads\/sites\/2\/2020\/12\/0f8f19d3-010d-4782-b2d5-96e93ab3fdee.jpg","articleSection":["Actualidad","Arte y Espect\u00e1culos"],"inLanguage":"es","potentialAction":[{"@type":"CommentAction","name":"Comment","target":["https:\/\/noti-america.com\/site\/venezuela\/2020\/12\/18\/con-estreno-mundial-de-contigo-el-duo-sanluis-se-suma-a-celebracion-global-por-60-anos-de-harina-p-a-n\/#respond"]}]},{"@type":"WebPage","@id":"https:\/\/noti-america.com\/site\/venezuela\/2020\/12\/18\/con-estreno-mundial-de-contigo-el-duo-sanluis-se-suma-a-celebracion-global-por-60-anos-de-harina-p-a-n\/","url":"https:\/\/noti-america.com\/site\/venezuela\/2020\/12\/18\/con-estreno-mundial-de-contigo-el-duo-sanluis-se-suma-a-celebracion-global-por-60-anos-de-harina-p-a-n\/","name":"Con estreno mundial de &#8220;Contigo&#8221;, el d\u00fao SanLuis se suma a celebraci\u00f3n global por 60 a\u00f1os de Harina P.A.N - Venezuela | Noti-America.com","isPartOf":{"@id":"https:\/\/noti-america.com\/site\/venezuela\/#website"},"primaryImageOfPage":{"@id":"https:\/\/noti-america.com\/site\/venezuela\/2020\/12\/18\/con-estreno-mundial-de-contigo-el-duo-sanluis-se-suma-a-celebracion-global-por-60-anos-de-harina-p-a-n\/#primaryimage"},"image":{"@id":"https:\/\/noti-america.com\/site\/venezuela\/2020\/12\/18\/con-estreno-mundial-de-contigo-el-duo-sanluis-se-suma-a-celebracion-global-por-60-anos-de-harina-p-a-n\/#primaryimage"},"thumbnailUrl":"https:\/\/noti-america.com\/site\/venezuela\/wp-content\/uploads\/sites\/2\/2020\/12\/0f8f19d3-010d-4782-b2d5-96e93ab3fdee.jpg","datePublished":"2020-12-18T22:14:08+00:00","dateModified":"2020-12-19T02:14:52+00:00","breadcrumb":{"@id":"https:\/\/noti-america.com\/site\/venezuela\/2020\/12\/18\/con-estreno-mundial-de-contigo-el-duo-sanluis-se-suma-a-celebracion-global-por-60-anos-de-harina-p-a-n\/#breadcrumb"},"inLanguage":"es","potentialAction":[{"@type":"ReadAction","target":["https:\/\/noti-america.com\/site\/venezuela\/2020\/12\/18\/con-estreno-mundial-de-contigo-el-duo-sanluis-se-suma-a-celebracion-global-por-60-anos-de-harina-p-a-n\/"]}]},{"@type":"ImageObject","inLanguage":"es","@id":"https:\/\/noti-america.com\/site\/venezuela\/2020\/12\/18\/con-estreno-mundial-de-contigo-el-duo-sanluis-se-suma-a-celebracion-global-por-60-anos-de-harina-p-a-n\/#primaryimage","url":"https:\/\/noti-america.com\/site\/venezuela\/wp-content\/uploads\/sites\/2\/2020\/12\/0f8f19d3-010d-4782-b2d5-96e93ab3fdee.jpg","contentUrl":"https:\/\/noti-america.com\/site\/venezuela\/wp-content\/uploads\/sites\/2\/2020\/12\/0f8f19d3-010d-4782-b2d5-96e93ab3fdee.jpg","width":1200,"height":675},{"@type":"BreadcrumbList","@id":"https:\/\/noti-america.com\/site\/venezuela\/2020\/12\/18\/con-estreno-mundial-de-contigo-el-duo-sanluis-se-suma-a-celebracion-global-por-60-anos-de-harina-p-a-n\/#breadcrumb","itemListElement":[{"@type":"ListItem","position":1,"name":"Portada","item":"https:\/\/noti-america.com\/site\/venezuela\/"},{"@type":"ListItem","position":2,"name":"Con estreno mundial de &#8220;Contigo&#8221;, el d\u00fao SanLuis se suma a celebraci\u00f3n global por 60 a\u00f1os de Harina P.A.N"}]},{"@type":"WebSite","@id":"https:\/\/noti-america.com\/site\/venezuela\/#website","url":"https:\/\/noti-america.com\/site\/venezuela\/","name":"Venezuela | Noti-America.com","description":"","publisher":{"@id":"https:\/\/noti-america.com\/site\/venezuela\/#organization"},"potentialAction":[{"@type":"SearchAction","target":{"@type":"EntryPoint","urlTemplate":"https:\/\/noti-america.com\/site\/venezuela\/?s={search_term_string}"},"query-input":{"@type":"PropertyValueSpecification","valueRequired":true,"valueName":"search_term_string"}}],"inLanguage":"es"},{"@type":"Organization","@id":"https:\/\/noti-america.com\/site\/venezuela\/#organization","name":"Noti-America LLC | Venezuela","url":"https:\/\/noti-america.com\/site\/venezuela\/","logo":{"@type":"ImageObject","inLanguage":"es","@id":"https:\/\/noti-america.com\/site\/venezuela\/#\/schema\/logo\/image\/","url":"https:\/\/noti-america.com\/site\/venezuela\/wp-content\/uploads\/sites\/2\/2020\/07\/LogoNA-4x3-1.jpg","contentUrl":"https:\/\/noti-america.com\/site\/venezuela\/wp-content\/uploads\/sites\/2\/2020\/07\/LogoNA-4x3-1.jpg","width":1236,"height":1080,"caption":"Noti-America LLC | Venezuela"},"image":{"@id":"https:\/\/noti-america.com\/site\/venezuela\/#\/schema\/logo\/image\/"}},{"@type":"Person","@id":"https:\/\/noti-america.com\/site\/venezuela\/#\/schema\/person\/fd58dbfb92a257e9dc5761bf69a855ff","name":"Rosmer Herrera","image":{"@type":"ImageObject","inLanguage":"es","@id":"https:\/\/secure.gravatar.com\/avatar\/153e75c261394dbf20ff1a1e70ea2be9494f2b40b7fc4e7704084db13220ae08?s=96&d=mm&r=g","url":"https:\/\/secure.gravatar.com\/avatar\/153e75c261394dbf20ff1a1e70ea2be9494f2b40b7fc4e7704084db13220ae08?s=96&d=mm&r=g","contentUrl":"https:\/\/secure.gravatar.com\/avatar\/153e75c261394dbf20ff1a1e70ea2be9494f2b40b7fc4e7704084db13220ae08?s=96&d=mm&r=g","caption":"Rosmer Herrera"},"url":"https:\/\/noti-america.com\/site\/venezuela\/author\/rosmer33\/"}]}},"_links":{"self":[{"href":"https:\/\/noti-america.com\/site\/venezuela\/wp-json\/wp\/v2\/posts\/13767","targetHints":{"allow":["GET"]}}],"collection":[{"href":"https:\/\/noti-america.com\/site\/venezuela\/wp-json\/wp\/v2\/posts"}],"about":[{"href":"https:\/\/noti-america.com\/site\/venezuela\/wp-json\/wp\/v2\/types\/post"}],"author":[{"embeddable":true,"href":"https:\/\/noti-america.com\/site\/venezuela\/wp-json\/wp\/v2\/users\/1"}],"replies":[{"embeddable":true,"href":"https:\/\/noti-america.com\/site\/venezuela\/wp-json\/wp\/v2\/comments?post=13767"}],"version-history":[{"count":3,"href":"https:\/\/noti-america.com\/site\/venezuela\/wp-json\/wp\/v2\/posts\/13767\/revisions"}],"predecessor-version":[{"id":13772,"href":"https:\/\/noti-america.com\/site\/venezuela\/wp-json\/wp\/v2\/posts\/13767\/revisions\/13772"}],"wp:featuredmedia":[{"embeddable":true,"href":"https:\/\/noti-america.com\/site\/venezuela\/wp-json\/wp\/v2\/media\/13770"}],"wp:attachment":[{"href":"https:\/\/noti-america.com\/site\/venezuela\/wp-json\/wp\/v2\/media?parent=13767"}],"wp:term":[{"taxonomy":"category","embeddable":true,"href":"https:\/\/noti-america.com\/site\/venezuela\/wp-json\/wp\/v2\/categories?post=13767"},{"taxonomy":"post_tag","embeddable":true,"href":"https:\/\/noti-america.com\/site\/venezuela\/wp-json\/wp\/v2\/tags?post=13767"}],"curies":[{"name":"wp","href":"https:\/\/api.w.org\/{rel}","templated":true}]}}