{"id":13590,"date":"2020-11-19T11:39:56","date_gmt":"2020-11-19T11:39:56","guid":{"rendered":"https:\/\/noti-america.com\/site\/venezuela\/2020\/11\/19\/fin-de-las-universidades-autonomas-por-marlon-s-jimenez-garcia\/"},"modified":"2020-11-19T15:40:07","modified_gmt":"2020-11-19T15:40:07","slug":"fin-de-las-universidades-autonomas-por-marlon-s-jimenez-garcia","status":"publish","type":"post","link":"https:\/\/noti-america.com\/site\/venezuela\/2020\/11\/19\/fin-de-las-universidades-autonomas-por-marlon-s-jimenez-garcia\/","title":{"rendered":"\u00bfFIN DE LAS UNIVERSIDADES AUT\u00d3NOMAS?  Por:.\u00a0 Marlon S. Jim\u00e9nez Garc\u00eda"},"content":{"rendered":"<p>www.noti-america.com\/site\/venezuela<\/p>\n<p style=\"text-align: center;\"><em>\u00bfFIN DE LAS UNIVERSIDADES AUT\u00d3NOMAS?<\/em><\/p>\n<p style=\"text-align: center;\"><em>Por:.\u00a0 Marlon S. Jim\u00e9nez Garc\u00eda<\/em><\/p>\n<p><img loading=\"lazy\" decoding=\"async\" class=\"alignnone size-full wp-image-13522 aligncenter\" src=\"https:\/\/noti-america.com\/site\/venezuela\/wp-content\/uploads\/sites\/2\/2020\/11\/marlon-jimenez1.jpeg\" alt=\"\" width=\"240\" height=\"180\" \/><\/p>\n<p><em>La universidad aut\u00f3noma venezolana, en su mayor\u00eda centenaria y de gran raigambre acad\u00e9mica, investigaci\u00f3n y de extensi\u00f3n no solo en la geograf\u00eda patria, sino en el resto del continente y del mundo, vive, con la mal llamada 5ta rep\u00fablica, sus peores momentos existenciales. La universidad como generadora de conocimiento, ciencia y verdad, ha sido, es y ser\u00e1 por siempre, enemiga de aut\u00f3cratas y del comunismo como fuente del poder politico.<\/em><\/p>\n<p><em>Desde que nacieron, las universidades, con fines y principios espec\u00edficos por alll\u00e1 por el siglo IX, la filosof\u00eda de acci\u00f3n de ellas se fundament\u00f3 en su orientaci\u00f3n no solo hacia la ense\u00f1anza y difusion de la ciencia y el saber universal, sino que es concebida para la defensa y proteccion del pluralismo en todo su \u00e1mbito de aplicaci\u00f3n. En el \u00e1mbito universitario, el pluralismo hace referencia natural e inobjetable a diversos criterios, puntos de vista o pareceres que se confrotan en el arduo camino hacia la busqueda de la verdad.<\/em><\/p>\n<p><em>Sin embargo, lo que estamos viendo en la actulidad en la gesti\u00f3n comunista es digno de replay y parad\u00f3jico a la vez. Ahora resulta que los civiles que est\u00e1n en cargos importantes dentro del r\u00e9gimen comunista (ministros, viceministros, gobernadores, alcaldes, diputados, embajadores y jalamecates) son contrarios a la universidad y\u00a0 su autonom\u00eda y propugnan su eliminaci\u00f3n; para ellos las universidades no est\u00e1n cuadradas con los par\u00e1metros pol\u00edticos &#8211; partidistas ordenados por los cubanos desde Miraflores.<\/em><\/p>\n<p><em>Esas personas a las cuales nos referimos \u00abvivieron\u00bb de las universidades, la usufructuaron acad\u00e9mica y admin\u00edstrativamente, las controlaron por muchos a\u00f1os, pusieron autoridades rectorales hasta que se cansaron; ingresaron muchos de ellos como profesores (promedio de 10 puntos y mas de 10 materias reprobadas) y el \u00fanico requisito era simplemente ser de \u00abizquierda\u00bb, y todo eso, gracias a la autonom\u00eda universitaria, la cual defend\u00edan hasta con su propia vida. Los que hemos hecho vida universitaria sabemos que eso es una verdad inobejatble. <\/em><\/p>\n<p><em>Como el lector podr\u00e1 observar, no nos referimos directamente al \u00abcomandante eternamente enterrado\u00bb ni al engendro; ellos no vivieron el mundo universitario y mostraron poco inter\u00e9s por \u00e9stas, pero si saben la importancia que las universidades tienen en el contexto socio-cultural y la influencia de las mismas en la generaci\u00f3n del conocimiento. De all\u00ed el prop\u00f3sito del engendro y de los cubanos de eliminar la autonom\u00eda universitaria, para dominarlas y ponerlas a disposici\u00f3n de sus designios ideol\u00f3gicos y dictatoriales Los adl\u00e1teres y ac\u00f3litos que le siguen apluden y festejan esa idea; total, ellos defienden sus prebendas econ\u00f3micas (inclu\u00eddo el robo de los dineros p\u00fablicos y actividades como el narcotr\u00e1fico, el contrabando, entre otras).<\/em><\/p>\n<p><em>Siempre han sido falsos, lo fueron en las universidades y ahora lo son en el poder; por eso siempre los hemos enfrentados y los hemos derrotados tambi\u00e9n. La autonom\u00eda universitaria, derecho consagrado en la CN, es garant\u00eda de tener una universidad como debe ser: cr\u00edtica, formadora y orientadora de la consciencia ciudadana y fundamentalmente l\u00edder de la sociedad. La universidad se la engulle el comunismo; los trabajadores son sus principales carnadas; les bajaron los sueldos de 4ta rep\u00fablica y le pusieron salario de 5ta rep\u00fablica; es decir, salarios de hambre; le eliminaron vorazmente sus servicios m\u00e9dicos; las cajas de ahorros, en otrora apoyo inconmesurable de la calidad de vida de la familia, las llevaron a la bancarrota; no hay ning\u00fan tipo de protecci\u00f3n a la vida de su personal jubilado, ni siquiera para prepararse para algo irremediable como la muerte. A las universidades propiamente hablando las convirtieron en una piltrafa f\u00edsica, sin presupuesto de funcionamiento y las dejaron a merced del hampa que ellos mismos han creado con sus pol\u00edticas comunistas. Para recuperarlas vamos a necesitar la ayuda de los organismos internacionales y de un compromiso interno de defensa integral. <\/em><\/p>\n<p><em>La sociedad civil, comprometida con la democracia y libertades ciudadanas, tiene que detener el desmadre que el engendro y los cubanos han realizado con nuestras universidades aut\u00f3nomas, y \u00e9sta involuci\u00f3n, es rechazada hasta por los propios chavistas.; Las clases populares han graduado\u00a0 a sus hijos en ellas; un 75 % de ellos, seg\u00fan la encuesta de la UCAB 2020, devienen de esas familias. El desarrollo potencial de nuestro pa\u00eds, en la 4ta rep\u00fablica, se debe principalmente, a la inluencia decisiva de los egresados de nuestras universidades aut\u00f3nomas; y hasta en los pa\u00edses donde han viajado, para huir del comunismo, para desgracia de la patria, son contratados de inmediato por su calidad profesional.<\/em><\/p>\n<p><em>Activ\u00e9monos, dejemos de ser pasivos para impedir denodadamente que la universidad aut\u00f3noma perezca, ante la mirada complaciente y risue\u00f1a del comunismo , del engendro y de los cubanos. PRIMERO MUERTOS Y BA\u00d1ADOS EN SANGRE.<\/em><\/p>\n<p><em>Profesor Universitario\u00a0 <\/em><\/p>\n<p><em>marjimgar54@hotmail.com <\/em><\/p>\n<p><em>@marjimgar<\/em><\/p>\n","protected":false},"excerpt":{"rendered":"<p>www.noti-america.com\/site\/venezuela \u00bfFIN DE LAS UNIVERSIDADES AUT\u00d3NOMAS? Por:.\u00a0 Marlon S. Jim\u00e9nez Garc\u00eda La universidad aut\u00f3noma venezolana, en su mayor\u00eda centenaria y de gran raigambre acad\u00e9mica, investigaci\u00f3n y de extensi\u00f3n no solo en la geograf\u00eda patria,&#46;&#46;&#46;<\/p>\n","protected":false},"author":2,"featured_media":13522,"comment_status":"open","ping_status":"open","sticky":false,"template":"","format":"standard","meta":{"_acf_changed":false,"om_disable_all_campaigns":false,"rop_custom_images_group":[],"rop_custom_messages_group":[],"rop_publish_now":"initial","rop_publish_now_accounts":{"twitter_242054905_242054905":""},"rop_publish_now_history":[],"rop_publish_now_status":"pending","_uf_show_specific_survey":0,"_uf_disable_surveys":false,"footnotes":""},"categories":[3],"tags":[],"class_list":["post-13590","post","type-post","status-publish","format-standard","has-post-thumbnail","hentry","category-politica"],"acf":[],"aioseo_notices":[],"yoast_head":"<!-- This site is optimized with the Yoast SEO Premium plugin v24.9 (Yoast SEO v27.2) - https:\/\/yoast.com\/product\/yoast-seo-premium-wordpress\/ -->\n<title>\u00bfFIN DE LAS UNIVERSIDADES AUT\u00d3NOMAS? Por:.\u00a0 Marlon S. Jim\u00e9nez Garc\u00eda - Venezuela | Noti-America.com<\/title>\n<meta name=\"robots\" content=\"index, follow, max-snippet:-1, max-image-preview:large, max-video-preview:-1\" \/>\n<link rel=\"canonical\" href=\"https:\/\/noti-america.com\/site\/venezuela\/2020\/11\/19\/fin-de-las-universidades-autonomas-por-marlon-s-jimenez-garcia\/\" \/>\n<meta property=\"og:locale\" content=\"es_ES\" \/>\n<meta property=\"og:type\" content=\"article\" \/>\n<meta property=\"og:title\" content=\"\u00bfFIN DE LAS UNIVERSIDADES AUT\u00d3NOMAS? Por:.\u00a0 Marlon S. Jim\u00e9nez Garc\u00eda\" \/>\n<meta property=\"og:description\" content=\"www.noti-america.com\/site\/venezuela \u00bfFIN DE LAS UNIVERSIDADES AUT\u00d3NOMAS? Por:.\u00a0 Marlon S. Jim\u00e9nez Garc\u00eda La universidad aut\u00f3noma venezolana, en su mayor\u00eda centenaria y de gran raigambre acad\u00e9mica, investigaci\u00f3n y de extensi\u00f3n no solo en la geograf\u00eda patria,&#046;&#046;&#046;\" \/>\n<meta property=\"og:url\" content=\"https:\/\/noti-america.com\/site\/venezuela\/2020\/11\/19\/fin-de-las-universidades-autonomas-por-marlon-s-jimenez-garcia\/\" \/>\n<meta property=\"og:site_name\" content=\"Venezuela | Noti-America.com\" \/>\n<meta property=\"article:published_time\" content=\"2020-11-19T11:39:56+00:00\" \/>\n<meta property=\"article:modified_time\" content=\"2020-11-19T15:40:07+00:00\" \/>\n<meta property=\"og:image\" content=\"https:\/\/noti-america.com\/site\/venezuela\/wp-content\/uploads\/sites\/2\/2020\/11\/marlon-jimenez1.jpeg\" \/>\n\t<meta property=\"og:image:width\" content=\"1\" \/>\n\t<meta property=\"og:image:height\" content=\"1\" \/>\n\t<meta property=\"og:image:type\" content=\"image\/jpeg\" \/>\n<meta name=\"author\" content=\"rloaiza\" \/>\n<meta name=\"twitter:card\" content=\"summary_large_image\" \/>\n<meta name=\"twitter:label1\" content=\"Escrito por\" \/>\n\t<meta name=\"twitter:data1\" content=\"rloaiza\" \/>\n\t<meta name=\"twitter:label2\" content=\"Tiempo estimado de lectura\" \/>\n\t<meta name=\"twitter:data2\" content=\"4 minutos\" \/>\n<script type=\"application\/ld+json\" class=\"yoast-schema-graph\">{\"@context\":\"https:\/\/schema.org\",\"@graph\":[{\"@type\":\"Article\",\"@id\":\"https:\/\/noti-america.com\/site\/venezuela\/2020\/11\/19\/fin-de-las-universidades-autonomas-por-marlon-s-jimenez-garcia\/#article\",\"isPartOf\":{\"@id\":\"https:\/\/noti-america.com\/site\/venezuela\/2020\/11\/19\/fin-de-las-universidades-autonomas-por-marlon-s-jimenez-garcia\/\"},\"author\":{\"name\":\"rloaiza\",\"@id\":\"https:\/\/noti-america.com\/site\/venezuela\/#\/schema\/person\/a2e478ba496331ce89bcd0c731cd6533\"},\"headline\":\"\u00bfFIN DE LAS UNIVERSIDADES AUT\u00d3NOMAS? Por:.\u00a0 Marlon S. Jim\u00e9nez Garc\u00eda\",\"datePublished\":\"2020-11-19T11:39:56+00:00\",\"dateModified\":\"2020-11-19T15:40:07+00:00\",\"mainEntityOfPage\":{\"@id\":\"https:\/\/noti-america.com\/site\/venezuela\/2020\/11\/19\/fin-de-las-universidades-autonomas-por-marlon-s-jimenez-garcia\/\"},\"wordCount\":860,\"commentCount\":0,\"publisher\":{\"@id\":\"https:\/\/noti-america.com\/site\/venezuela\/#organization\"},\"image\":{\"@id\":\"https:\/\/noti-america.com\/site\/venezuela\/2020\/11\/19\/fin-de-las-universidades-autonomas-por-marlon-s-jimenez-garcia\/#primaryimage\"},\"thumbnailUrl\":\"https:\/\/noti-america.com\/site\/venezuela\/wp-content\/uploads\/sites\/2\/2020\/11\/marlon-jimenez1.jpeg\",\"articleSection\":[\"Pol\u00edtica\"],\"inLanguage\":\"es\",\"potentialAction\":[{\"@type\":\"CommentAction\",\"name\":\"Comment\",\"target\":[\"https:\/\/noti-america.com\/site\/venezuela\/2020\/11\/19\/fin-de-las-universidades-autonomas-por-marlon-s-jimenez-garcia\/#respond\"]}]},{\"@type\":\"WebPage\",\"@id\":\"https:\/\/noti-america.com\/site\/venezuela\/2020\/11\/19\/fin-de-las-universidades-autonomas-por-marlon-s-jimenez-garcia\/\",\"url\":\"https:\/\/noti-america.com\/site\/venezuela\/2020\/11\/19\/fin-de-las-universidades-autonomas-por-marlon-s-jimenez-garcia\/\",\"name\":\"\u00bfFIN DE LAS UNIVERSIDADES AUT\u00d3NOMAS? Por:.\u00a0 Marlon S. Jim\u00e9nez Garc\u00eda - Venezuela | Noti-America.com\",\"isPartOf\":{\"@id\":\"https:\/\/noti-america.com\/site\/venezuela\/#website\"},\"primaryImageOfPage\":{\"@id\":\"https:\/\/noti-america.com\/site\/venezuela\/2020\/11\/19\/fin-de-las-universidades-autonomas-por-marlon-s-jimenez-garcia\/#primaryimage\"},\"image\":{\"@id\":\"https:\/\/noti-america.com\/site\/venezuela\/2020\/11\/19\/fin-de-las-universidades-autonomas-por-marlon-s-jimenez-garcia\/#primaryimage\"},\"thumbnailUrl\":\"https:\/\/noti-america.com\/site\/venezuela\/wp-content\/uploads\/sites\/2\/2020\/11\/marlon-jimenez1.jpeg\",\"datePublished\":\"2020-11-19T11:39:56+00:00\",\"dateModified\":\"2020-11-19T15:40:07+00:00\",\"breadcrumb\":{\"@id\":\"https:\/\/noti-america.com\/site\/venezuela\/2020\/11\/19\/fin-de-las-universidades-autonomas-por-marlon-s-jimenez-garcia\/#breadcrumb\"},\"inLanguage\":\"es\",\"potentialAction\":[{\"@type\":\"ReadAction\",\"target\":[\"https:\/\/noti-america.com\/site\/venezuela\/2020\/11\/19\/fin-de-las-universidades-autonomas-por-marlon-s-jimenez-garcia\/\"]}]},{\"@type\":\"ImageObject\",\"inLanguage\":\"es\",\"@id\":\"https:\/\/noti-america.com\/site\/venezuela\/2020\/11\/19\/fin-de-las-universidades-autonomas-por-marlon-s-jimenez-garcia\/#primaryimage\",\"url\":\"https:\/\/noti-america.com\/site\/venezuela\/wp-content\/uploads\/sites\/2\/2020\/11\/marlon-jimenez1.jpeg\",\"contentUrl\":\"https:\/\/noti-america.com\/site\/venezuela\/wp-content\/uploads\/sites\/2\/2020\/11\/marlon-jimenez1.jpeg\"},{\"@type\":\"BreadcrumbList\",\"@id\":\"https:\/\/noti-america.com\/site\/venezuela\/2020\/11\/19\/fin-de-las-universidades-autonomas-por-marlon-s-jimenez-garcia\/#breadcrumb\",\"itemListElement\":[{\"@type\":\"ListItem\",\"position\":1,\"name\":\"Portada\",\"item\":\"https:\/\/noti-america.com\/site\/venezuela\/\"},{\"@type\":\"ListItem\",\"position\":2,\"name\":\"\u00bfFIN DE LAS UNIVERSIDADES AUT\u00d3NOMAS? Por:.\u00a0 Marlon S. Jim\u00e9nez Garc\u00eda\"}]},{\"@type\":\"WebSite\",\"@id\":\"https:\/\/noti-america.com\/site\/venezuela\/#website\",\"url\":\"https:\/\/noti-america.com\/site\/venezuela\/\",\"name\":\"Venezuela | Noti-America.com\",\"description\":\"\",\"publisher\":{\"@id\":\"https:\/\/noti-america.com\/site\/venezuela\/#organization\"},\"potentialAction\":[{\"@type\":\"SearchAction\",\"target\":{\"@type\":\"EntryPoint\",\"urlTemplate\":\"https:\/\/noti-america.com\/site\/venezuela\/?s={search_term_string}\"},\"query-input\":{\"@type\":\"PropertyValueSpecification\",\"valueRequired\":true,\"valueName\":\"search_term_string\"}}],\"inLanguage\":\"es\"},{\"@type\":\"Organization\",\"@id\":\"https:\/\/noti-america.com\/site\/venezuela\/#organization\",\"name\":\"Noti-America LLC | Venezuela\",\"url\":\"https:\/\/noti-america.com\/site\/venezuela\/\",\"logo\":{\"@type\":\"ImageObject\",\"inLanguage\":\"es\",\"@id\":\"https:\/\/noti-america.com\/site\/venezuela\/#\/schema\/logo\/image\/\",\"url\":\"https:\/\/noti-america.com\/site\/venezuela\/wp-content\/uploads\/sites\/2\/2020\/07\/LogoNA-4x3-1.jpg\",\"contentUrl\":\"https:\/\/noti-america.com\/site\/venezuela\/wp-content\/uploads\/sites\/2\/2020\/07\/LogoNA-4x3-1.jpg\",\"width\":1236,\"height\":1080,\"caption\":\"Noti-America LLC | Venezuela\"},\"image\":{\"@id\":\"https:\/\/noti-america.com\/site\/venezuela\/#\/schema\/logo\/image\/\"}},{\"@type\":\"Person\",\"@id\":\"https:\/\/noti-america.com\/site\/venezuela\/#\/schema\/person\/a2e478ba496331ce89bcd0c731cd6533\",\"name\":\"rloaiza\",\"image\":{\"@type\":\"ImageObject\",\"inLanguage\":\"es\",\"@id\":\"https:\/\/secure.gravatar.com\/avatar\/190058e5d4427934610b99c45aa7a6558806850adedd53ddeddd194b04773e22?s=96&d=mm&r=g\",\"url\":\"https:\/\/secure.gravatar.com\/avatar\/190058e5d4427934610b99c45aa7a6558806850adedd53ddeddd194b04773e22?s=96&d=mm&r=g\",\"contentUrl\":\"https:\/\/secure.gravatar.com\/avatar\/190058e5d4427934610b99c45aa7a6558806850adedd53ddeddd194b04773e22?s=96&d=mm&r=g\",\"caption\":\"rloaiza\"},\"url\":\"https:\/\/noti-america.com\/site\/venezuela\/author\/rloaiza\/\"}]}<\/script>\n<!-- \/ Yoast SEO Premium plugin. -->","yoast_head_json":{"title":"\u00bfFIN DE LAS UNIVERSIDADES AUT\u00d3NOMAS? Por:.\u00a0 Marlon S. Jim\u00e9nez Garc\u00eda - Venezuela | Noti-America.com","robots":{"index":"index","follow":"follow","max-snippet":"max-snippet:-1","max-image-preview":"max-image-preview:large","max-video-preview":"max-video-preview:-1"},"canonical":"https:\/\/noti-america.com\/site\/venezuela\/2020\/11\/19\/fin-de-las-universidades-autonomas-por-marlon-s-jimenez-garcia\/","og_locale":"es_ES","og_type":"article","og_title":"\u00bfFIN DE LAS UNIVERSIDADES AUT\u00d3NOMAS? Por:.\u00a0 Marlon S. Jim\u00e9nez Garc\u00eda","og_description":"www.noti-america.com\/site\/venezuela \u00bfFIN DE LAS UNIVERSIDADES AUT\u00d3NOMAS? Por:.\u00a0 Marlon S. Jim\u00e9nez Garc\u00eda La universidad aut\u00f3noma venezolana, en su mayor\u00eda centenaria y de gran raigambre acad\u00e9mica, investigaci\u00f3n y de extensi\u00f3n no solo en la geograf\u00eda patria,&#46;&#46;&#46;","og_url":"https:\/\/noti-america.com\/site\/venezuela\/2020\/11\/19\/fin-de-las-universidades-autonomas-por-marlon-s-jimenez-garcia\/","og_site_name":"Venezuela | Noti-America.com","article_published_time":"2020-11-19T11:39:56+00:00","article_modified_time":"2020-11-19T15:40:07+00:00","og_image":[{"url":"https:\/\/noti-america.com\/site\/venezuela\/wp-content\/uploads\/sites\/2\/2020\/11\/marlon-jimenez1.jpeg","width":1,"height":1,"type":"image\/jpeg"}],"author":"rloaiza","twitter_card":"summary_large_image","twitter_misc":{"Escrito por":"rloaiza","Tiempo estimado de lectura":"4 minutos"},"schema":{"@context":"https:\/\/schema.org","@graph":[{"@type":"Article","@id":"https:\/\/noti-america.com\/site\/venezuela\/2020\/11\/19\/fin-de-las-universidades-autonomas-por-marlon-s-jimenez-garcia\/#article","isPartOf":{"@id":"https:\/\/noti-america.com\/site\/venezuela\/2020\/11\/19\/fin-de-las-universidades-autonomas-por-marlon-s-jimenez-garcia\/"},"author":{"name":"rloaiza","@id":"https:\/\/noti-america.com\/site\/venezuela\/#\/schema\/person\/a2e478ba496331ce89bcd0c731cd6533"},"headline":"\u00bfFIN DE LAS UNIVERSIDADES AUT\u00d3NOMAS? Por:.\u00a0 Marlon S. Jim\u00e9nez Garc\u00eda","datePublished":"2020-11-19T11:39:56+00:00","dateModified":"2020-11-19T15:40:07+00:00","mainEntityOfPage":{"@id":"https:\/\/noti-america.com\/site\/venezuela\/2020\/11\/19\/fin-de-las-universidades-autonomas-por-marlon-s-jimenez-garcia\/"},"wordCount":860,"commentCount":0,"publisher":{"@id":"https:\/\/noti-america.com\/site\/venezuela\/#organization"},"image":{"@id":"https:\/\/noti-america.com\/site\/venezuela\/2020\/11\/19\/fin-de-las-universidades-autonomas-por-marlon-s-jimenez-garcia\/#primaryimage"},"thumbnailUrl":"https:\/\/noti-america.com\/site\/venezuela\/wp-content\/uploads\/sites\/2\/2020\/11\/marlon-jimenez1.jpeg","articleSection":["Pol\u00edtica"],"inLanguage":"es","potentialAction":[{"@type":"CommentAction","name":"Comment","target":["https:\/\/noti-america.com\/site\/venezuela\/2020\/11\/19\/fin-de-las-universidades-autonomas-por-marlon-s-jimenez-garcia\/#respond"]}]},{"@type":"WebPage","@id":"https:\/\/noti-america.com\/site\/venezuela\/2020\/11\/19\/fin-de-las-universidades-autonomas-por-marlon-s-jimenez-garcia\/","url":"https:\/\/noti-america.com\/site\/venezuela\/2020\/11\/19\/fin-de-las-universidades-autonomas-por-marlon-s-jimenez-garcia\/","name":"\u00bfFIN DE LAS UNIVERSIDADES AUT\u00d3NOMAS? Por:.\u00a0 Marlon S. Jim\u00e9nez Garc\u00eda - Venezuela | Noti-America.com","isPartOf":{"@id":"https:\/\/noti-america.com\/site\/venezuela\/#website"},"primaryImageOfPage":{"@id":"https:\/\/noti-america.com\/site\/venezuela\/2020\/11\/19\/fin-de-las-universidades-autonomas-por-marlon-s-jimenez-garcia\/#primaryimage"},"image":{"@id":"https:\/\/noti-america.com\/site\/venezuela\/2020\/11\/19\/fin-de-las-universidades-autonomas-por-marlon-s-jimenez-garcia\/#primaryimage"},"thumbnailUrl":"https:\/\/noti-america.com\/site\/venezuela\/wp-content\/uploads\/sites\/2\/2020\/11\/marlon-jimenez1.jpeg","datePublished":"2020-11-19T11:39:56+00:00","dateModified":"2020-11-19T15:40:07+00:00","breadcrumb":{"@id":"https:\/\/noti-america.com\/site\/venezuela\/2020\/11\/19\/fin-de-las-universidades-autonomas-por-marlon-s-jimenez-garcia\/#breadcrumb"},"inLanguage":"es","potentialAction":[{"@type":"ReadAction","target":["https:\/\/noti-america.com\/site\/venezuela\/2020\/11\/19\/fin-de-las-universidades-autonomas-por-marlon-s-jimenez-garcia\/"]}]},{"@type":"ImageObject","inLanguage":"es","@id":"https:\/\/noti-america.com\/site\/venezuela\/2020\/11\/19\/fin-de-las-universidades-autonomas-por-marlon-s-jimenez-garcia\/#primaryimage","url":"https:\/\/noti-america.com\/site\/venezuela\/wp-content\/uploads\/sites\/2\/2020\/11\/marlon-jimenez1.jpeg","contentUrl":"https:\/\/noti-america.com\/site\/venezuela\/wp-content\/uploads\/sites\/2\/2020\/11\/marlon-jimenez1.jpeg"},{"@type":"BreadcrumbList","@id":"https:\/\/noti-america.com\/site\/venezuela\/2020\/11\/19\/fin-de-las-universidades-autonomas-por-marlon-s-jimenez-garcia\/#breadcrumb","itemListElement":[{"@type":"ListItem","position":1,"name":"Portada","item":"https:\/\/noti-america.com\/site\/venezuela\/"},{"@type":"ListItem","position":2,"name":"\u00bfFIN DE LAS UNIVERSIDADES AUT\u00d3NOMAS? Por:.\u00a0 Marlon S. Jim\u00e9nez Garc\u00eda"}]},{"@type":"WebSite","@id":"https:\/\/noti-america.com\/site\/venezuela\/#website","url":"https:\/\/noti-america.com\/site\/venezuela\/","name":"Venezuela | Noti-America.com","description":"","publisher":{"@id":"https:\/\/noti-america.com\/site\/venezuela\/#organization"},"potentialAction":[{"@type":"SearchAction","target":{"@type":"EntryPoint","urlTemplate":"https:\/\/noti-america.com\/site\/venezuela\/?s={search_term_string}"},"query-input":{"@type":"PropertyValueSpecification","valueRequired":true,"valueName":"search_term_string"}}],"inLanguage":"es"},{"@type":"Organization","@id":"https:\/\/noti-america.com\/site\/venezuela\/#organization","name":"Noti-America LLC | Venezuela","url":"https:\/\/noti-america.com\/site\/venezuela\/","logo":{"@type":"ImageObject","inLanguage":"es","@id":"https:\/\/noti-america.com\/site\/venezuela\/#\/schema\/logo\/image\/","url":"https:\/\/noti-america.com\/site\/venezuela\/wp-content\/uploads\/sites\/2\/2020\/07\/LogoNA-4x3-1.jpg","contentUrl":"https:\/\/noti-america.com\/site\/venezuela\/wp-content\/uploads\/sites\/2\/2020\/07\/LogoNA-4x3-1.jpg","width":1236,"height":1080,"caption":"Noti-America LLC | Venezuela"},"image":{"@id":"https:\/\/noti-america.com\/site\/venezuela\/#\/schema\/logo\/image\/"}},{"@type":"Person","@id":"https:\/\/noti-america.com\/site\/venezuela\/#\/schema\/person\/a2e478ba496331ce89bcd0c731cd6533","name":"rloaiza","image":{"@type":"ImageObject","inLanguage":"es","@id":"https:\/\/secure.gravatar.com\/avatar\/190058e5d4427934610b99c45aa7a6558806850adedd53ddeddd194b04773e22?s=96&d=mm&r=g","url":"https:\/\/secure.gravatar.com\/avatar\/190058e5d4427934610b99c45aa7a6558806850adedd53ddeddd194b04773e22?s=96&d=mm&r=g","contentUrl":"https:\/\/secure.gravatar.com\/avatar\/190058e5d4427934610b99c45aa7a6558806850adedd53ddeddd194b04773e22?s=96&d=mm&r=g","caption":"rloaiza"},"url":"https:\/\/noti-america.com\/site\/venezuela\/author\/rloaiza\/"}]}},"_links":{"self":[{"href":"https:\/\/noti-america.com\/site\/venezuela\/wp-json\/wp\/v2\/posts\/13590","targetHints":{"allow":["GET"]}}],"collection":[{"href":"https:\/\/noti-america.com\/site\/venezuela\/wp-json\/wp\/v2\/posts"}],"about":[{"href":"https:\/\/noti-america.com\/site\/venezuela\/wp-json\/wp\/v2\/types\/post"}],"author":[{"embeddable":true,"href":"https:\/\/noti-america.com\/site\/venezuela\/wp-json\/wp\/v2\/users\/2"}],"replies":[{"embeddable":true,"href":"https:\/\/noti-america.com\/site\/venezuela\/wp-json\/wp\/v2\/comments?post=13590"}],"version-history":[{"count":1,"href":"https:\/\/noti-america.com\/site\/venezuela\/wp-json\/wp\/v2\/posts\/13590\/revisions"}],"predecessor-version":[{"id":13591,"href":"https:\/\/noti-america.com\/site\/venezuela\/wp-json\/wp\/v2\/posts\/13590\/revisions\/13591"}],"wp:featuredmedia":[{"embeddable":true,"href":"https:\/\/noti-america.com\/site\/venezuela\/wp-json\/wp\/v2\/media\/13522"}],"wp:attachment":[{"href":"https:\/\/noti-america.com\/site\/venezuela\/wp-json\/wp\/v2\/media?parent=13590"}],"wp:term":[{"taxonomy":"category","embeddable":true,"href":"https:\/\/noti-america.com\/site\/venezuela\/wp-json\/wp\/v2\/categories?post=13590"},{"taxonomy":"post_tag","embeddable":true,"href":"https:\/\/noti-america.com\/site\/venezuela\/wp-json\/wp\/v2\/tags?post=13590"}],"curies":[{"name":"wp","href":"https:\/\/api.w.org\/{rel}","templated":true}]}}