{"id":1352,"date":"2017-12-16T21:46:04","date_gmt":"2017-12-16T21:46:04","guid":{"rendered":"http:\/\/noti-america.com\/site\/venezuela\/?p=1352"},"modified":"2017-12-16T21:46:04","modified_gmt":"2017-12-16T21:46:04","slug":"aseguran-que-refineria-cienfuegos-pertenece-a-cuba","status":"publish","type":"post","link":"https:\/\/noti-america.com\/site\/venezuela\/2017\/12\/16\/aseguran-que-refineria-cienfuegos-pertenece-a-cuba\/","title":{"rendered":"Aseguran que Refiner\u00eda Cienfuegos pertenece a Cuba"},"content":{"rendered":"<p>&nbsp;<\/p>\n<blockquote><p><strong>PDVSA ten\u00eda un 49 por ciento de participaci\u00f3n en la refiner\u00eda de Cienfuegos, una instalaci\u00f3n de la era sovi\u00e9tica que proces\u00f3 crudo ruso hasta principios de la d\u00e9cada de 1990.<\/strong><\/p>\n<p><img decoding=\"async\" src=\"http:\/\/www.noticierodigital.com\/cms\/wp-content\/uploads\/refineria_de_cienfuegos_14dic2017.jpg\" alt=\"Imagen relacionada\" \/><\/p><\/blockquote>\n<p>Surgi\u00f3 una aclaratoria acerca de que la refiner\u00eda de Cienfuegos \u00abopera como entidad estatal plenamente cubana, bajo la \u00e9gida de la Uni\u00f3n Cuba-Petr\u00f3leo (Cupet)\u00bb. \u00a0Vale destacar que en\u00a0la nota del\u00a0<strong><em>Granma<\/em><\/strong>\u00a0no se hace menci\u00f3n al supuesto traspaso de acciones por parte de PDVSA que refleja Reuters.<\/p>\n<p>\u00abLa empresa mixta CUVENPETROL que administraba la refiner\u00eda Cienfuegos se constituy\u00f3 a partir de un proyecto que se compon\u00eda de varias fases: refinar crudo para la venta, obtener productos para el mercado interno venezolano como parte del circuito refinador del pa\u00eds (bajo la misma modalidad que la Refiner\u00eda Isla en Curazao) y modernizar y actualizar las instalaciones de la refiner\u00eda y su esquema de conversi\u00f3n, en las cuales t\u00e9cnicos de PDVSA y de Cuba trabajaron en conjunto\u00bb, coment\u00f3 una fuente del sector petrolero venezolano consultada por\u00a0<strong>Misi\u00f3n Verdad<\/strong>\u00a0ofreci\u00f3 un conjunto de informaciones sobre el caso que contradicen el art\u00edculo de Reuters.<\/p>\n<blockquote>\n<h3>Cuba excluye a Pdvsa de la administraci\u00f3n de la refiner\u00eda de Cienfuegos<\/h3>\n<\/blockquote>\n<p>Inicialmente desde La Habana, y en momentos de visita de nicol\u00e1s Maduro a la Isla de Cuba, en\u00a0<strong>La Habana.- <\/strong>Se anunci\u00f3 \u00a0que la refiner\u00eda cubana Cienfuegos \u2013originalmente era una empresa binacional administrada por Cuba y Venezuela\u2013 pas\u00f3 completamente a manos del Gobierno de Ra\u00fal Castro, anunci\u00f3 este viernes el director de la compa\u00f1\u00eda, Hermenegildo Montalvo.<\/p>\n<p>Asimismo, se ten\u00eda informaci\u00f3n a trav\u00e9s del peri\u00f3dico 5 de Septiembre donde se agreg\u00f3 que \u00abdurante 2017, el enclave proces\u00f3 ocho millones de barriles de petr\u00f3leo\u00bb.<\/p>\n<p>Con la colaboraci\u00f3n de PDVSA, la planta lleg\u00f3 a procesar hasta 65.000 barriles de crudo por d\u00eda (bpd). Cuba ha dependido durante mucho tiempo de la naci\u00f3n petrolera sudamericana, cubriendo alrededor de un 70 por ciento de sus necesidades de combustible. Pero los env\u00edos han disminuido un 40 por ciento desde 2014.<\/p>\n<p>Resp\u00e9cto a si efectivamente PDVSA hab\u00eda cedido su participaci\u00f3n accionaria, contin\u00faa Misi\u00f3n Verdad afirmando \u00abque la refiner\u00eda de Cienfuegos trabaj\u00f3 como una instalaci\u00f3n arrendada, cuya contraprestaci\u00f3n consist\u00eda en el desarrollo del proyecto de Conversi\u00f3n Media, con el objetivo de que la refiner\u00eda procesara crudos de distintos grados API, toda vez que el mercado interno venezolano se beneficiaba de los distintos productos de la refiner\u00eda\u00bb.<\/p>\n<p><em>Reuters<\/em><em>\u00a0<\/em>rese\u00f1\u00f3 que en La Habana, el canciller de Venezuela,<strong> Jorge Arreaza, dijo no tener \u201cdetalles de la informaci\u00f3n\u201d.<\/strong><\/p>\n<p>Tambi\u00e9n un exfuncionario del gobierno venezolano dijo a Reuters que <strong>la decisi\u00f3n se tom\u00f3 para saldar deudas pendientes de Venezuela con Cuba, incluyendo servicios profesionales y renta de tanqueros petroleros a PDVSA.<\/strong><\/p>\n<h2>Antecedentes de Refiner\u00eda Cienfuegos muestran otra \u00abVerdad\u00bb<\/h2>\n<blockquote><p><strong><em>Fuente de informaci\u00f3n Misi\u00f3n Verdad, genera campa\u00f1a contra antichavistas, afirmando que esto es una cortina de humo por caida de la oposici\u00f3n en elecciones del 10D\u00a0<\/em><\/strong><\/p><\/blockquote>\n<p>En 2005, La Habana y Caracas acordaron emprender la reactivaci\u00f3n de la instalaci\u00f3n con petr\u00f3leo venezolano. Para ello crearon una empresa mixta, con un 51 por ciento de capital cubano y 49 por ciento venezolano, con una inversi\u00f3n de 136 millones de d\u00f3lares.<\/p>\n<p><img decoding=\"async\" src=\"https:\/\/www.lacomunidadpetrolera.com\/wp-content\/uploads\/2017\/12\/N570.jpg\" alt=\"Imagen relacionada\" \/><\/p>\n<p>Pavel Vidal, profesor de la Universidad Javeriana en Cali, Colombia, afirm\u00f3 en uno de sus m\u00e1s recientes an\u00e1lisis de la econom\u00eda isle\u00f1a que la ca\u00edda del suministro venezolano en 2016 pr\u00e1cticamente paraliz\u00f3 las operaciones en Cienfuegos, que pasaron de procesar 100 mil a 55 mil barriles diarios en el segundo semestre de ese a\u00f1o.<\/p>\n<p>Parte de ese petr\u00f3leo Cuba lo vendi\u00f3 al mercado internacional, pero seg\u00fan c\u00e1lculos de Vidal los ingresos por exportaci\u00f3n de petr\u00f3leo y derivados pudieron haber ca\u00eddo de 1.149 millones de d\u00f3lares en 2015 a 600 millones en 2016.<\/p>\n<p>En mayo pasado, el ex ministro cubano de Econom\u00eda y Planificaci\u00f3n, Jos\u00e9 Luis Rodr\u00edguez, reconoci\u00f3 que \u00ablas exportaciones cubanas de productos refinados de petr\u00f3leo cayeron alrededor de un 97% entre 2013 y 2016\u00bb.<\/p>\n<p><img decoding=\"async\" src=\"http:\/\/www.perlavision.cu\/wp-content\/uploads\/2016\/03\/refineria-petroleo-cienfuegos-cuba.jpg\" alt=\"Resultado de imagen para refineria cienfuegos\" \/><\/p>\n<p>Cuba llega a producir casi el 50% del petr\u00f3leo que consume, pero la mayor parte es un crudo de poca calidad y con alto contenido de azufre que necesita combinar con otros m\u00e1s ligeros.<\/p>\n<p>Seg\u00fan Montalvo, a lo largo del 2017 la planta se prepar\u00f3 para procesar crudos que \u00abincluso superan las caracter\u00edsticas para los que fue dise\u00f1ada nuestra industria en la etapa sovi\u00e9tica, solo destinada entonces a los de tipo dulce de bajo contenido de azufre\u00bb.<\/p>\n<p>El exdirector de Pdvsa y experto petrolero Jos\u00e9 Toro Hardy se pregunta c\u00f3mo es posible que Pdvsa haya dejado de ser socio de la refiner\u00eda Cienfuegos, y los venezolanos se enteren porque Reuters recogi\u00f3 el anuncio hecho por los medios oficiales del Gobierno cubano, y no por el Gobierno venezolano.<\/p>\n<p>El experto se\u00f1ala que el Gobierno de Nicol\u00e1s Maduro, quien lleg\u00f3 a Cuba horas despu\u00e9s del anuncio, y la petrolera estatal, tienen frentes abiertos incluso con sus socios m\u00e1s cercanos por deudas, y afirma que la eventual cesi\u00f3n de la refiner\u00eda de Amuay a Rosneft, como se ha rumorado, complicar\u00eda a\u00fan m\u00e1s el abastecimiento del mercado interno de combustibles, porque muy probablemente el crudo que procesara esta planta se destinar\u00eda a la exportaci\u00f3n.<\/p>\n<p><a href=\"https:\/\/twitter.com\/josetorohardy\"><strong>Jose Toro Hardy<\/strong>@josetorohardy<\/a>\u00a0a trav\u00e9s de su cuenta en twitter hizo varios comentarios, entre ellos: \u00abA pesar de todo el petr\u00f3leo que se env\u00eda, resulta que a Cuba m\u00e1s bien le deb\u00edamos dinero y como est\u00e1bamos atrasados en el pago, por lo visto nos quitaron la participaci\u00f3n que ten\u00edamos en la refiner\u00eda Cienfuegos. \u00bfSer\u00e1 que alguien explicar\u00e1 c\u00f3mo ocurri\u00f3?\u00bb<\/p>\n<blockquote><p><strong>En relaci\u00f3n con el anuncio sobre la refiner\u00eda Cienfuegos, uno se formula misma pregunta: \u00bfC\u00f3mo es posible que Venezuela le deba a Cuba? \u00bfY c\u00f3mo es posible que el anuncio se haga con Maduro en Cuba y el Gobierno venezolano no reaccione?<\/strong><\/p><\/blockquote>\n<p>Yo creo que le dieron un jal\u00f3n de orejas a Maduro en Cuba, porque no env\u00eda petr\u00f3leo (risas). Aparentemente es porque Venezuela le alquila a Cuba los tanqueros con los que le regala el petr\u00f3leo, y adem\u00e1s les debemos los servicios que nos prestan. Pero con todos los aliados hay problemas:\u00a0Resulta que no se le paga a China, al punto de que Sinopec demanda a Pdvsa, y ya Pdvsa tuvo que pagarle; la famosa refiner\u00eda de Cabruta, que se iba a hacer, se qued\u00f3 en el papel, y las famosas inversiones chinas por 12.500 millones de d\u00f3lares que se iban a hacer en petr\u00f3leo tambi\u00e9n se quedaron en el papel.<\/p>\n<p>&nbsp;<\/p>\n","protected":false},"excerpt":{"rendered":"<p>&nbsp; PDVSA ten\u00eda un 49 por ciento de participaci\u00f3n en la refiner\u00eda de Cienfuegos, una instalaci\u00f3n de la era sovi\u00e9tica que proces\u00f3 crudo ruso hasta principios de la d\u00e9cada de 1990. Surgi\u00f3 una aclaratoria&#46;&#46;&#46;<\/p>\n","protected":false},"author":11,"featured_media":1353,"comment_status":"open","ping_status":"open","sticky":false,"template":"","format":"standard","meta":{"_acf_changed":false,"om_disable_all_campaigns":false,"rop_custom_images_group":[],"rop_custom_messages_group":[],"rop_publish_now":"initial","rop_publish_now_accounts":{"twitter_242054905_242054905":""},"rop_publish_now_history":[],"rop_publish_now_status":"pending","_uf_show_specific_survey":0,"_uf_disable_surveys":false,"footnotes":""},"categories":[5,4,12,3,11],"tags":[],"class_list":["post-1352","post","type-post","status-publish","format-standard","has-post-thumbnail","hentry","category-economia","category-internacionales","category-opinion","category-politica","category-sucesos"],"acf":[],"aioseo_notices":[],"yoast_head":"<!-- This site is optimized with the Yoast SEO Premium plugin v24.9 (Yoast SEO v27.2) - https:\/\/yoast.com\/product\/yoast-seo-premium-wordpress\/ -->\n<title>Aseguran que Refiner\u00eda Cienfuegos pertenece a Cuba - Venezuela | Noti-America.com<\/title>\n<meta name=\"robots\" content=\"index, follow, max-snippet:-1, max-image-preview:large, max-video-preview:-1\" \/>\n<link rel=\"canonical\" href=\"https:\/\/noti-america.com\/site\/venezuela\/2017\/12\/16\/aseguran-que-refineria-cienfuegos-pertenece-a-cuba\/\" \/>\n<meta property=\"og:locale\" content=\"es_ES\" \/>\n<meta property=\"og:type\" content=\"article\" \/>\n<meta property=\"og:title\" content=\"Aseguran que Refiner\u00eda Cienfuegos pertenece a Cuba\" \/>\n<meta property=\"og:description\" content=\"&nbsp; PDVSA ten\u00eda un 49 por ciento de participaci\u00f3n en la refiner\u00eda de Cienfuegos, una instalaci\u00f3n de la era sovi\u00e9tica que proces\u00f3 crudo ruso hasta principios de la d\u00e9cada de 1990. Surgi\u00f3 una aclaratoria&#046;&#046;&#046;\" \/>\n<meta property=\"og:url\" content=\"https:\/\/noti-america.com\/site\/venezuela\/2017\/12\/16\/aseguran-que-refineria-cienfuegos-pertenece-a-cuba\/\" \/>\n<meta property=\"og:site_name\" content=\"Venezuela | Noti-America.com\" \/>\n<meta property=\"article:published_time\" content=\"2017-12-16T21:46:04+00:00\" \/>\n<meta property=\"og:image\" content=\"https:\/\/noti-america.com\/site\/venezuela\/wp-content\/uploads\/sites\/2\/2017\/12\/refineria-cuba-venezuela-615x311.jpg\" \/>\n\t<meta property=\"og:image:width\" content=\"1200\" \/>\n\t<meta property=\"og:image:height\" content=\"630\" \/>\n\t<meta property=\"og:image:type\" content=\"image\/jpeg\" \/>\n<meta name=\"author\" content=\"Yliana Duque\" \/>\n<meta name=\"twitter:card\" content=\"summary_large_image\" \/>\n<meta name=\"twitter:creator\" content=\"@ylianaduque\" \/>\n<meta name=\"twitter:label1\" content=\"Escrito por\" \/>\n\t<meta name=\"twitter:data1\" content=\"Yliana Duque\" \/>\n\t<meta name=\"twitter:label2\" content=\"Tiempo estimado de lectura\" \/>\n\t<meta name=\"twitter:data2\" content=\"6 minutos\" \/>\n<script type=\"application\/ld+json\" class=\"yoast-schema-graph\">{\"@context\":\"https:\/\/schema.org\",\"@graph\":[{\"@type\":\"Article\",\"@id\":\"https:\/\/noti-america.com\/site\/venezuela\/2017\/12\/16\/aseguran-que-refineria-cienfuegos-pertenece-a-cuba\/#article\",\"isPartOf\":{\"@id\":\"https:\/\/noti-america.com\/site\/venezuela\/2017\/12\/16\/aseguran-que-refineria-cienfuegos-pertenece-a-cuba\/\"},\"author\":{\"name\":\"Yliana Duque\",\"@id\":\"https:\/\/noti-america.com\/site\/venezuela\/#\/schema\/person\/a166d9d45f249dbd09521fbc2e7342d8\"},\"headline\":\"Aseguran que Refiner\u00eda Cienfuegos pertenece a Cuba\",\"datePublished\":\"2017-12-16T21:46:04+00:00\",\"mainEntityOfPage\":{\"@id\":\"https:\/\/noti-america.com\/site\/venezuela\/2017\/12\/16\/aseguran-que-refineria-cienfuegos-pertenece-a-cuba\/\"},\"wordCount\":1160,\"commentCount\":0,\"publisher\":{\"@id\":\"https:\/\/noti-america.com\/site\/venezuela\/#organization\"},\"image\":{\"@id\":\"https:\/\/noti-america.com\/site\/venezuela\/2017\/12\/16\/aseguran-que-refineria-cienfuegos-pertenece-a-cuba\/#primaryimage\"},\"thumbnailUrl\":\"https:\/\/noti-america.com\/site\/venezuela\/wp-content\/uploads\/sites\/2\/2017\/12\/refineria-cuba-venezuela-615x311.jpg\",\"articleSection\":[\"Econom\u00eda\",\"Internacionales\",\"Opini\u00f3n\",\"Pol\u00edtica\",\"Sucesos\"],\"inLanguage\":\"es\",\"potentialAction\":[{\"@type\":\"CommentAction\",\"name\":\"Comment\",\"target\":[\"https:\/\/noti-america.com\/site\/venezuela\/2017\/12\/16\/aseguran-que-refineria-cienfuegos-pertenece-a-cuba\/#respond\"]}]},{\"@type\":\"WebPage\",\"@id\":\"https:\/\/noti-america.com\/site\/venezuela\/2017\/12\/16\/aseguran-que-refineria-cienfuegos-pertenece-a-cuba\/\",\"url\":\"https:\/\/noti-america.com\/site\/venezuela\/2017\/12\/16\/aseguran-que-refineria-cienfuegos-pertenece-a-cuba\/\",\"name\":\"Aseguran que Refiner\u00eda Cienfuegos pertenece a Cuba - Venezuela | Noti-America.com\",\"isPartOf\":{\"@id\":\"https:\/\/noti-america.com\/site\/venezuela\/#website\"},\"primaryImageOfPage\":{\"@id\":\"https:\/\/noti-america.com\/site\/venezuela\/2017\/12\/16\/aseguran-que-refineria-cienfuegos-pertenece-a-cuba\/#primaryimage\"},\"image\":{\"@id\":\"https:\/\/noti-america.com\/site\/venezuela\/2017\/12\/16\/aseguran-que-refineria-cienfuegos-pertenece-a-cuba\/#primaryimage\"},\"thumbnailUrl\":\"https:\/\/noti-america.com\/site\/venezuela\/wp-content\/uploads\/sites\/2\/2017\/12\/refineria-cuba-venezuela-615x311.jpg\",\"datePublished\":\"2017-12-16T21:46:04+00:00\",\"breadcrumb\":{\"@id\":\"https:\/\/noti-america.com\/site\/venezuela\/2017\/12\/16\/aseguran-que-refineria-cienfuegos-pertenece-a-cuba\/#breadcrumb\"},\"inLanguage\":\"es\",\"potentialAction\":[{\"@type\":\"ReadAction\",\"target\":[\"https:\/\/noti-america.com\/site\/venezuela\/2017\/12\/16\/aseguran-que-refineria-cienfuegos-pertenece-a-cuba\/\"]}]},{\"@type\":\"ImageObject\",\"inLanguage\":\"es\",\"@id\":\"https:\/\/noti-america.com\/site\/venezuela\/2017\/12\/16\/aseguran-que-refineria-cienfuegos-pertenece-a-cuba\/#primaryimage\",\"url\":\"https:\/\/noti-america.com\/site\/venezuela\/wp-content\/uploads\/sites\/2\/2017\/12\/refineria-cuba-venezuela-615x311.jpg\",\"contentUrl\":\"https:\/\/noti-america.com\/site\/venezuela\/wp-content\/uploads\/sites\/2\/2017\/12\/refineria-cuba-venezuela-615x311.jpg\",\"width\":1200,\"height\":630},{\"@type\":\"BreadcrumbList\",\"@id\":\"https:\/\/noti-america.com\/site\/venezuela\/2017\/12\/16\/aseguran-que-refineria-cienfuegos-pertenece-a-cuba\/#breadcrumb\",\"itemListElement\":[{\"@type\":\"ListItem\",\"position\":1,\"name\":\"Portada\",\"item\":\"https:\/\/noti-america.com\/site\/venezuela\/\"},{\"@type\":\"ListItem\",\"position\":2,\"name\":\"Aseguran que Refiner\u00eda Cienfuegos pertenece a Cuba\"}]},{\"@type\":\"WebSite\",\"@id\":\"https:\/\/noti-america.com\/site\/venezuela\/#website\",\"url\":\"https:\/\/noti-america.com\/site\/venezuela\/\",\"name\":\"Venezuela | Noti-America.com\",\"description\":\"\",\"publisher\":{\"@id\":\"https:\/\/noti-america.com\/site\/venezuela\/#organization\"},\"potentialAction\":[{\"@type\":\"SearchAction\",\"target\":{\"@type\":\"EntryPoint\",\"urlTemplate\":\"https:\/\/noti-america.com\/site\/venezuela\/?s={search_term_string}\"},\"query-input\":{\"@type\":\"PropertyValueSpecification\",\"valueRequired\":true,\"valueName\":\"search_term_string\"}}],\"inLanguage\":\"es\"},{\"@type\":\"Organization\",\"@id\":\"https:\/\/noti-america.com\/site\/venezuela\/#organization\",\"name\":\"Noti-America LLC | Venezuela\",\"url\":\"https:\/\/noti-america.com\/site\/venezuela\/\",\"logo\":{\"@type\":\"ImageObject\",\"inLanguage\":\"es\",\"@id\":\"https:\/\/noti-america.com\/site\/venezuela\/#\/schema\/logo\/image\/\",\"url\":\"https:\/\/noti-america.com\/site\/venezuela\/wp-content\/uploads\/sites\/2\/2020\/07\/LogoNA-4x3-1.jpg\",\"contentUrl\":\"https:\/\/noti-america.com\/site\/venezuela\/wp-content\/uploads\/sites\/2\/2020\/07\/LogoNA-4x3-1.jpg\",\"width\":1236,\"height\":1080,\"caption\":\"Noti-America LLC | Venezuela\"},\"image\":{\"@id\":\"https:\/\/noti-america.com\/site\/venezuela\/#\/schema\/logo\/image\/\"}},{\"@type\":\"Person\",\"@id\":\"https:\/\/noti-america.com\/site\/venezuela\/#\/schema\/person\/a166d9d45f249dbd09521fbc2e7342d8\",\"name\":\"Yliana Duque\",\"image\":{\"@type\":\"ImageObject\",\"inLanguage\":\"es\",\"@id\":\"https:\/\/secure.gravatar.com\/avatar\/8caf2a4035762b3be44c3a0455581febe2d5273a41ac40dacc575b8aa348fe65?s=96&d=mm&r=g\",\"url\":\"https:\/\/secure.gravatar.com\/avatar\/8caf2a4035762b3be44c3a0455581febe2d5273a41ac40dacc575b8aa348fe65?s=96&d=mm&r=g\",\"contentUrl\":\"https:\/\/secure.gravatar.com\/avatar\/8caf2a4035762b3be44c3a0455581febe2d5273a41ac40dacc575b8aa348fe65?s=96&d=mm&r=g\",\"caption\":\"Yliana Duque\"},\"description\":\"Ejercer el periodismo requiere de pasi\u00f3n y conocimiento en investigaci\u00f3n de campo. Siempre en la b\u00fasqueda de la verdad para aportar claridad y poder discernir sobre el hecho noticioso. Egresada de la Universidad de los Andes. Maestria en Relaciones Internacionales (UCV). Diplomado de Educaci\u00f3n Superior (Universidad Experimental LIbertador (UPEL), y Educaci\u00f3n superior a distancia (UFT). Estudios de Locuci\u00f3n- Actuaci\u00f3n-Publicidad y Mercadeo, Redes. Subdirectora de relaciones p\u00fablicas de la Asamablea Legislativa del Estado Sucre(1995)-Periodista de TELESOL,Telecaribe (Sucre). Jefe de Prensa de la Gobernaci\u00f3n del Estado Amazonas(1997). Periodista Comandancia General del Ej\u00e9rcito, Fuerte Tiuna (1996). Lider de Proyectos en educaci\u00f3n Superior en la Universidad Ferm\u00edn Toro (UFT) (2000). Docente Universitario UFT (2002-2007)-Docente de Educaci\u00f3n Superior a Distancia -titulado. Periodista Diario El Informador. Periodista en Apoyo A\u00e9reo de la Guardia Nacional, Aeropuerto Jacinto Lara. www.Noti-america.com (Venezuela)\",\"sameAs\":[\"https:\/\/x.com\/ylianaduque\"],\"url\":\"https:\/\/noti-america.com\/site\/venezuela\/author\/yduque\/\"}]}<\/script>\n<!-- \/ Yoast SEO Premium plugin. -->","yoast_head_json":{"title":"Aseguran que Refiner\u00eda Cienfuegos pertenece a Cuba - Venezuela | Noti-America.com","robots":{"index":"index","follow":"follow","max-snippet":"max-snippet:-1","max-image-preview":"max-image-preview:large","max-video-preview":"max-video-preview:-1"},"canonical":"https:\/\/noti-america.com\/site\/venezuela\/2017\/12\/16\/aseguran-que-refineria-cienfuegos-pertenece-a-cuba\/","og_locale":"es_ES","og_type":"article","og_title":"Aseguran que Refiner\u00eda Cienfuegos pertenece a Cuba","og_description":"&nbsp; PDVSA ten\u00eda un 49 por ciento de participaci\u00f3n en la refiner\u00eda de Cienfuegos, una instalaci\u00f3n de la era sovi\u00e9tica que proces\u00f3 crudo ruso hasta principios de la d\u00e9cada de 1990. Surgi\u00f3 una aclaratoria&#46;&#46;&#46;","og_url":"https:\/\/noti-america.com\/site\/venezuela\/2017\/12\/16\/aseguran-que-refineria-cienfuegos-pertenece-a-cuba\/","og_site_name":"Venezuela | Noti-America.com","article_published_time":"2017-12-16T21:46:04+00:00","og_image":[{"width":1200,"height":630,"url":"https:\/\/noti-america.com\/site\/venezuela\/wp-content\/uploads\/sites\/2\/2017\/12\/refineria-cuba-venezuela-615x311.jpg","type":"image\/jpeg"}],"author":"Yliana Duque","twitter_card":"summary_large_image","twitter_creator":"@ylianaduque","twitter_misc":{"Escrito por":"Yliana Duque","Tiempo estimado de lectura":"6 minutos"},"schema":{"@context":"https:\/\/schema.org","@graph":[{"@type":"Article","@id":"https:\/\/noti-america.com\/site\/venezuela\/2017\/12\/16\/aseguran-que-refineria-cienfuegos-pertenece-a-cuba\/#article","isPartOf":{"@id":"https:\/\/noti-america.com\/site\/venezuela\/2017\/12\/16\/aseguran-que-refineria-cienfuegos-pertenece-a-cuba\/"},"author":{"name":"Yliana Duque","@id":"https:\/\/noti-america.com\/site\/venezuela\/#\/schema\/person\/a166d9d45f249dbd09521fbc2e7342d8"},"headline":"Aseguran que Refiner\u00eda Cienfuegos pertenece a Cuba","datePublished":"2017-12-16T21:46:04+00:00","mainEntityOfPage":{"@id":"https:\/\/noti-america.com\/site\/venezuela\/2017\/12\/16\/aseguran-que-refineria-cienfuegos-pertenece-a-cuba\/"},"wordCount":1160,"commentCount":0,"publisher":{"@id":"https:\/\/noti-america.com\/site\/venezuela\/#organization"},"image":{"@id":"https:\/\/noti-america.com\/site\/venezuela\/2017\/12\/16\/aseguran-que-refineria-cienfuegos-pertenece-a-cuba\/#primaryimage"},"thumbnailUrl":"https:\/\/noti-america.com\/site\/venezuela\/wp-content\/uploads\/sites\/2\/2017\/12\/refineria-cuba-venezuela-615x311.jpg","articleSection":["Econom\u00eda","Internacionales","Opini\u00f3n","Pol\u00edtica","Sucesos"],"inLanguage":"es","potentialAction":[{"@type":"CommentAction","name":"Comment","target":["https:\/\/noti-america.com\/site\/venezuela\/2017\/12\/16\/aseguran-que-refineria-cienfuegos-pertenece-a-cuba\/#respond"]}]},{"@type":"WebPage","@id":"https:\/\/noti-america.com\/site\/venezuela\/2017\/12\/16\/aseguran-que-refineria-cienfuegos-pertenece-a-cuba\/","url":"https:\/\/noti-america.com\/site\/venezuela\/2017\/12\/16\/aseguran-que-refineria-cienfuegos-pertenece-a-cuba\/","name":"Aseguran que Refiner\u00eda Cienfuegos pertenece a Cuba - Venezuela | Noti-America.com","isPartOf":{"@id":"https:\/\/noti-america.com\/site\/venezuela\/#website"},"primaryImageOfPage":{"@id":"https:\/\/noti-america.com\/site\/venezuela\/2017\/12\/16\/aseguran-que-refineria-cienfuegos-pertenece-a-cuba\/#primaryimage"},"image":{"@id":"https:\/\/noti-america.com\/site\/venezuela\/2017\/12\/16\/aseguran-que-refineria-cienfuegos-pertenece-a-cuba\/#primaryimage"},"thumbnailUrl":"https:\/\/noti-america.com\/site\/venezuela\/wp-content\/uploads\/sites\/2\/2017\/12\/refineria-cuba-venezuela-615x311.jpg","datePublished":"2017-12-16T21:46:04+00:00","breadcrumb":{"@id":"https:\/\/noti-america.com\/site\/venezuela\/2017\/12\/16\/aseguran-que-refineria-cienfuegos-pertenece-a-cuba\/#breadcrumb"},"inLanguage":"es","potentialAction":[{"@type":"ReadAction","target":["https:\/\/noti-america.com\/site\/venezuela\/2017\/12\/16\/aseguran-que-refineria-cienfuegos-pertenece-a-cuba\/"]}]},{"@type":"ImageObject","inLanguage":"es","@id":"https:\/\/noti-america.com\/site\/venezuela\/2017\/12\/16\/aseguran-que-refineria-cienfuegos-pertenece-a-cuba\/#primaryimage","url":"https:\/\/noti-america.com\/site\/venezuela\/wp-content\/uploads\/sites\/2\/2017\/12\/refineria-cuba-venezuela-615x311.jpg","contentUrl":"https:\/\/noti-america.com\/site\/venezuela\/wp-content\/uploads\/sites\/2\/2017\/12\/refineria-cuba-venezuela-615x311.jpg","width":1200,"height":630},{"@type":"BreadcrumbList","@id":"https:\/\/noti-america.com\/site\/venezuela\/2017\/12\/16\/aseguran-que-refineria-cienfuegos-pertenece-a-cuba\/#breadcrumb","itemListElement":[{"@type":"ListItem","position":1,"name":"Portada","item":"https:\/\/noti-america.com\/site\/venezuela\/"},{"@type":"ListItem","position":2,"name":"Aseguran que Refiner\u00eda Cienfuegos pertenece a Cuba"}]},{"@type":"WebSite","@id":"https:\/\/noti-america.com\/site\/venezuela\/#website","url":"https:\/\/noti-america.com\/site\/venezuela\/","name":"Venezuela | Noti-America.com","description":"","publisher":{"@id":"https:\/\/noti-america.com\/site\/venezuela\/#organization"},"potentialAction":[{"@type":"SearchAction","target":{"@type":"EntryPoint","urlTemplate":"https:\/\/noti-america.com\/site\/venezuela\/?s={search_term_string}"},"query-input":{"@type":"PropertyValueSpecification","valueRequired":true,"valueName":"search_term_string"}}],"inLanguage":"es"},{"@type":"Organization","@id":"https:\/\/noti-america.com\/site\/venezuela\/#organization","name":"Noti-America LLC | Venezuela","url":"https:\/\/noti-america.com\/site\/venezuela\/","logo":{"@type":"ImageObject","inLanguage":"es","@id":"https:\/\/noti-america.com\/site\/venezuela\/#\/schema\/logo\/image\/","url":"https:\/\/noti-america.com\/site\/venezuela\/wp-content\/uploads\/sites\/2\/2020\/07\/LogoNA-4x3-1.jpg","contentUrl":"https:\/\/noti-america.com\/site\/venezuela\/wp-content\/uploads\/sites\/2\/2020\/07\/LogoNA-4x3-1.jpg","width":1236,"height":1080,"caption":"Noti-America LLC | Venezuela"},"image":{"@id":"https:\/\/noti-america.com\/site\/venezuela\/#\/schema\/logo\/image\/"}},{"@type":"Person","@id":"https:\/\/noti-america.com\/site\/venezuela\/#\/schema\/person\/a166d9d45f249dbd09521fbc2e7342d8","name":"Yliana Duque","image":{"@type":"ImageObject","inLanguage":"es","@id":"https:\/\/secure.gravatar.com\/avatar\/8caf2a4035762b3be44c3a0455581febe2d5273a41ac40dacc575b8aa348fe65?s=96&d=mm&r=g","url":"https:\/\/secure.gravatar.com\/avatar\/8caf2a4035762b3be44c3a0455581febe2d5273a41ac40dacc575b8aa348fe65?s=96&d=mm&r=g","contentUrl":"https:\/\/secure.gravatar.com\/avatar\/8caf2a4035762b3be44c3a0455581febe2d5273a41ac40dacc575b8aa348fe65?s=96&d=mm&r=g","caption":"Yliana Duque"},"description":"Ejercer el periodismo requiere de pasi\u00f3n y conocimiento en investigaci\u00f3n de campo. Siempre en la b\u00fasqueda de la verdad para aportar claridad y poder discernir sobre el hecho noticioso. Egresada de la Universidad de los Andes. Maestria en Relaciones Internacionales (UCV). Diplomado de Educaci\u00f3n Superior (Universidad Experimental LIbertador (UPEL), y Educaci\u00f3n superior a distancia (UFT). Estudios de Locuci\u00f3n- Actuaci\u00f3n-Publicidad y Mercadeo, Redes. Subdirectora de relaciones p\u00fablicas de la Asamablea Legislativa del Estado Sucre(1995)-Periodista de TELESOL,Telecaribe (Sucre). Jefe de Prensa de la Gobernaci\u00f3n del Estado Amazonas(1997). Periodista Comandancia General del Ej\u00e9rcito, Fuerte Tiuna (1996). Lider de Proyectos en educaci\u00f3n Superior en la Universidad Ferm\u00edn Toro (UFT) (2000). Docente Universitario UFT (2002-2007)-Docente de Educaci\u00f3n Superior a Distancia -titulado. Periodista Diario El Informador. Periodista en Apoyo A\u00e9reo de la Guardia Nacional, Aeropuerto Jacinto Lara. www.Noti-america.com (Venezuela)","sameAs":["https:\/\/x.com\/ylianaduque"],"url":"https:\/\/noti-america.com\/site\/venezuela\/author\/yduque\/"}]}},"_links":{"self":[{"href":"https:\/\/noti-america.com\/site\/venezuela\/wp-json\/wp\/v2\/posts\/1352","targetHints":{"allow":["GET"]}}],"collection":[{"href":"https:\/\/noti-america.com\/site\/venezuela\/wp-json\/wp\/v2\/posts"}],"about":[{"href":"https:\/\/noti-america.com\/site\/venezuela\/wp-json\/wp\/v2\/types\/post"}],"author":[{"embeddable":true,"href":"https:\/\/noti-america.com\/site\/venezuela\/wp-json\/wp\/v2\/users\/11"}],"replies":[{"embeddable":true,"href":"https:\/\/noti-america.com\/site\/venezuela\/wp-json\/wp\/v2\/comments?post=1352"}],"version-history":[{"count":1,"href":"https:\/\/noti-america.com\/site\/venezuela\/wp-json\/wp\/v2\/posts\/1352\/revisions"}],"predecessor-version":[{"id":1354,"href":"https:\/\/noti-america.com\/site\/venezuela\/wp-json\/wp\/v2\/posts\/1352\/revisions\/1354"}],"wp:featuredmedia":[{"embeddable":true,"href":"https:\/\/noti-america.com\/site\/venezuela\/wp-json\/wp\/v2\/media\/1353"}],"wp:attachment":[{"href":"https:\/\/noti-america.com\/site\/venezuela\/wp-json\/wp\/v2\/media?parent=1352"}],"wp:term":[{"taxonomy":"category","embeddable":true,"href":"https:\/\/noti-america.com\/site\/venezuela\/wp-json\/wp\/v2\/categories?post=1352"},{"taxonomy":"post_tag","embeddable":true,"href":"https:\/\/noti-america.com\/site\/venezuela\/wp-json\/wp\/v2\/tags?post=1352"}],"curies":[{"name":"wp","href":"https:\/\/api.w.org\/{rel}","templated":true}]}}