{"id":13189,"date":"2020-09-25T14:38:49","date_gmt":"2020-09-25T14:38:49","guid":{"rendered":"https:\/\/noti-america.com\/site\/venezuela\/2020\/09\/25\/balance-del-programa-heroes-de-la-salud\/"},"modified":"2020-09-25T18:39:00","modified_gmt":"2020-09-25T18:39:00","slug":"balance-del-programa-heroes-de-la-salud","status":"publish","type":"post","link":"https:\/\/noti-america.com\/site\/venezuela\/2020\/09\/25\/balance-del-programa-heroes-de-la-salud\/","title":{"rendered":"Balance del programa H\u00e9roes de la Salud"},"content":{"rendered":"<p style=\"text-align: justify;\">Nota de Prensa &#8211; Centro de Comunicaci\u00f3n Nacional<\/p>\n<p style=\"text-align: justify;\">Para poder llevar una mano amiga a los m\u00e1s vulnerables por la Emergencia Humanitaria Compleja, que se agudiza con la presencia del Covid-19, el Presidente (e) de Venezuela y de la Asamblea Nacional, Juan Guaid\u00f3, pidi\u00f3 al Parlamento nacional evaluar la posibilidad de extender el programa H\u00e9roes de la Salud a otros sectores.<\/p>\n<p style=\"text-align: justify;\">La solicitud la hizo durante la presentaci\u00f3n del balance del programa con el que fueron beneficiados m\u00e1s de 62 mil m\u00e9dicos, enfermeras y trabajadores de la salud, quienes recibir\u00e1n un aporte de 300 d\u00f3lares en un lapso de tres meses, como parte del reconocimiento a la lucha que dan en la primera l\u00ednea de batalla contra el coronavirus.<\/p>\n<p style=\"text-align: justify;\">Asimismo indic\u00f3 que el verdadero agradecimiento ser\u00e1 cuando gocen de un salario digno y de los respectivos beneficios de ley.<\/p>\n<p style=\"text-align: justify;\">\u201cLe pido al Parlamento que eval\u00fae la ampliaci\u00f3n y factibilidad del programa H\u00e9roes de la Salud a otros sectores vulnerables del pa\u00eds. A nuestros m\u00e9dicos y enfermeras les agradezco en nombre de Venezuela por el sacrificio, por vencer el miedo ante las amenazas que recibieron (de parte del r\u00e9gimen) para que no se registraran\u201d.<\/p>\n<p style=\"text-align: justify;\">Record\u00f3 que desde la dictadura intentaron por todos los medios sabotear la ejecuci\u00f3n del programa; y entre las acciones que emprendieron fue bloquear el acceso a la plataforma por donde se realizar\u00eda el pago.<\/p>\n<h4 style=\"text-align: justify;\">El balance<\/h4>\n<p style=\"text-align: justify;\">Dentro del balance presentado, el Presidente encargado dijo que hasta la fecha aproximadamente 45 mil beneficiados han recibido el pago de los primeros 100 d\u00f3lares. Asimismo indic\u00f3 que la cancelaci\u00f3n de los que faltan se continuar\u00e1 realizando de manera paulatina.<\/p>\n<p style=\"text-align: justify;\">Inform\u00f3 que a\u00fan faltan siete mil beneficiados por registrarse en la plataforma de Airtm, por lo que aclar\u00f3 que el proceso no cerrar\u00e1 hasta tanto todos no se inscriban.<\/p>\n<p style=\"text-align: justify;\">\u201cM\u00e1s del 70% de los beneficiados son mujeres, y de ese porcentaje, el 48% no tiene otro ingreso, o sea, sobrevive con 4 d\u00f3lares al mes\u201d.<\/p>\n<p style=\"text-align: justify;\">Guaid\u00f3 aprovech\u00f3 la oportunidad para agradecer p\u00fablicamente a la empresa de VPN, TunnelBear, por el apoyo que dio a los H\u00e9roes de la Salud con los 10GB gratis de navegaci\u00f3n por un mes para que pudieran registrarse y hacer uso de la plataforma de Airtm tras recibir el pago. Anunci\u00f3 que la compa\u00f1\u00eda hab\u00eda extendido por un mes m\u00e1s los 10GB gratis.<\/p>\n<p style=\"text-align: justify;\">Por otro lado, el tambi\u00e9n Presidente de la AN denunci\u00f3 que la Superintendencia de las Instituciones del Sector Bancario de Venezuela (Sudeban) ha intentado bloquear algunas cuentas bancarias de los m\u00e9dicos, enfermeras y personal de la salud para que se les dificulte recibir bol\u00edvares al hacer la venta de los d\u00f3lares que reciben del bono H\u00e9roes de la Salud.<\/p>\n<figure id=\"attachment_43107\" class=\"wp-caption alignnone\" style=\"text-align: justify;\" aria-describedby=\"caption-attachment-43107\"><img loading=\"lazy\" decoding=\"async\" class=\"size-full wp-image-43107\" src=\"https:\/\/presidenciave.com\/wp-content\/uploads\/2020\/09\/guaido-24.09.2020.jpeg\" sizes=\"auto, (max-width: 1080px) 100vw, 1080px\" srcset=\"https:\/\/presidenciave.com\/wp-content\/uploads\/2020\/09\/guaido-24.09.2020.jpeg 1080w, https:\/\/presidenciave.com\/wp-content\/uploads\/2020\/09\/guaido-24.09.2020-300x200.jpeg 300w, https:\/\/presidenciave.com\/wp-content\/uploads\/2020\/09\/guaido-24.09.2020-1024x683.jpeg 1024w, https:\/\/presidenciave.com\/wp-content\/uploads\/2020\/09\/guaido-24.09.2020-768x512.jpeg 768w, https:\/\/presidenciave.com\/wp-content\/uploads\/2020\/09\/guaido-24.09.2020-750x500.jpeg 750w\" alt=\"\" width=\"1080\" height=\"720\" \/><\/figure>\n<h4 style=\"text-align: justify;\">Rendirse no es opci\u00f3n<\/h4>\n<p style=\"text-align: justify;\">En el mensaje de agradecimiento y reconocimiento que Guaid\u00f3 dio a los H\u00e9roes de la Salud, les pidi\u00f3 no rendirse y seguir firmes dando la batalla contra el Covid-19 para salvar la vida de otros. A los venezolanos tambi\u00e9n les hizo la misma solicitud.<\/p>\n<p style=\"text-align: justify;\">\u201cEl que se cans\u00f3 que se haga a un lado. Los animo a no rendirnos, a que sigamos el ejemplo de Yaracuy o de Maracaibo cuyos habitantes han salido a las calles a reclamar sus derechos porque no se rinden, porque no se acostumbran. Ellos (en referencia al r\u00e9gimen) pretenden que nos quedemos callados, pero est\u00e1n equivocados, nos van a encontrar en las calles\u201d.<\/p>\n<p style=\"text-align: justify;\">Dijo que la dictadura est\u00e1 \u201cderrotada\u201d y que Maduro \u201cs\u00f3lo controla el desastre\u201d.<\/p>\n<p style=\"text-align: justify;\">Record\u00f3 que tampoco es una opci\u00f3n el fraude convocado por el r\u00e9gimen para el 6 de diciembre, el cual ha sido rechazado por las fuerzas democr\u00e1ticas del pa\u00eds y por la comunidad internacional. Al respecto se\u00f1al\u00f3 que no existen las condiciones m\u00ednimas que lo hagan unas elecciones competitivas.<\/p>\n<p style=\"text-align: justify;\">\u201cLa lucha es por las condiciones electorales. Son cinco condiciones m\u00ednimas que exigimos para la celebraci\u00f3n de elecciones parlamentarias y presidenciales libres, justas y verificables. Tenemos que emplearnos a fondo hasta lograrlo\u201d.<\/p>\n<p style=\"text-align: justify;\">Finalmente agradeci\u00f3 el apoyo de los pa\u00edses que brindaron su respaldo al mensaje que dio en el marco de la 75 Asamblea General de la ONU, en donde solicit\u00f3 a la comunidad internacional que evaluara la implementaci\u00f3n de la responsabilidad de proteger a los venezolanos dados los cr\u00edmenes de lesa humanidad.<\/p>\n<p style=\"text-align: justify;\">\u201cNo vamos a ser relatores de torturas, sino constructores de futuro; pero debe llamar la atenci\u00f3n que un dictador ocupe una silla en el Consejo de DDHH\u201d.<\/p>\n<p><img loading=\"lazy\" decoding=\"async\" class=\"size-full wp-image-43109 aligncenter\" src=\"https:\/\/presidenciave.com\/wp-content\/uploads\/2020\/09\/heroes-de-la-salud-24.09.2020.jpeg\" sizes=\"auto, (max-width: 1080px) 100vw, 1080px\" srcset=\"https:\/\/presidenciave.com\/wp-content\/uploads\/2020\/09\/heroes-de-la-salud-24.09.2020.jpeg 1080w, https:\/\/presidenciave.com\/wp-content\/uploads\/2020\/09\/heroes-de-la-salud-24.09.2020-300x200.jpeg 300w, https:\/\/presidenciave.com\/wp-content\/uploads\/2020\/09\/heroes-de-la-salud-24.09.2020-1024x683.jpeg 1024w, https:\/\/presidenciave.com\/wp-content\/uploads\/2020\/09\/heroes-de-la-salud-24.09.2020-768x512.jpeg 768w, https:\/\/presidenciave.com\/wp-content\/uploads\/2020\/09\/heroes-de-la-salud-24.09.2020-750x500.jpeg 750w\" alt=\"\" width=\"1080\" height=\"720\" \/><\/p>\n<p style=\"text-align: center;\"><em><strong>El evento de rendici\u00f3n de cuentas de H\u00e9roes de la Salud cont\u00f3 con la participaci\u00f3n de miembros del sector salud<\/strong><\/em><\/p>\n","protected":false},"excerpt":{"rendered":"<p>Nota de Prensa &#8211; Centro de Comunicaci\u00f3n Nacional Para poder llevar una mano amiga a los m\u00e1s vulnerables por la Emergencia Humanitaria Compleja, que se agudiza con la presencia del Covid-19, el Presidente (e)&#46;&#46;&#46;<\/p>\n","protected":false},"author":1,"featured_media":13190,"comment_status":"open","ping_status":"open","sticky":false,"template":"","format":"image","meta":{"_acf_changed":false,"om_disable_all_campaigns":false,"rop_custom_images_group":[],"rop_custom_messages_group":[],"rop_publish_now":"initial","rop_publish_now_accounts":{"twitter_242054905_242054905":""},"rop_publish_now_history":[],"rop_publish_now_status":"pending","_uf_show_specific_survey":0,"_uf_disable_surveys":false,"footnotes":""},"categories":[132,3],"tags":[],"class_list":["post-13189","post","type-post","status-publish","format-image","has-post-thumbnail","hentry","category-actualidad","category-politica","post_format-post-format-image"],"acf":[],"aioseo_notices":[],"yoast_head":"<!-- This site is optimized with the Yoast SEO Premium plugin v24.9 (Yoast SEO v27.2) - https:\/\/yoast.com\/product\/yoast-seo-premium-wordpress\/ -->\n<title>Balance del programa H\u00e9roes de la Salud - Venezuela | Noti-America.com<\/title>\n<meta name=\"robots\" content=\"index, follow, max-snippet:-1, max-image-preview:large, max-video-preview:-1\" \/>\n<link rel=\"canonical\" href=\"https:\/\/noti-america.com\/site\/venezuela\/2020\/09\/25\/balance-del-programa-heroes-de-la-salud\/\" \/>\n<meta property=\"og:locale\" content=\"es_ES\" \/>\n<meta property=\"og:type\" content=\"article\" \/>\n<meta property=\"og:title\" content=\"Balance del programa H\u00e9roes de la Salud\" \/>\n<meta property=\"og:description\" content=\"Nota de Prensa &#8211; Centro de Comunicaci\u00f3n Nacional Para poder llevar una mano amiga a los m\u00e1s vulnerables por la Emergencia Humanitaria Compleja, que se agudiza con la presencia del Covid-19, el Presidente (e)&#046;&#046;&#046;\" \/>\n<meta property=\"og:url\" content=\"https:\/\/noti-america.com\/site\/venezuela\/2020\/09\/25\/balance-del-programa-heroes-de-la-salud\/\" \/>\n<meta property=\"og:site_name\" content=\"Venezuela | Noti-America.com\" \/>\n<meta property=\"article:published_time\" content=\"2020-09-25T14:38:49+00:00\" \/>\n<meta property=\"article:modified_time\" content=\"2020-09-25T18:39:00+00:00\" \/>\n<meta property=\"og:image\" content=\"https:\/\/noti-america.com\/site\/venezuela\/wp-content\/uploads\/sites\/2\/2020\/09\/guaido-heroes-de-la-salud-24.09.2020-e1600987879832-750x375-1.jpeg\" \/>\n\t<meta property=\"og:image:width\" content=\"750\" \/>\n\t<meta property=\"og:image:height\" content=\"375\" \/>\n\t<meta property=\"og:image:type\" content=\"image\/jpeg\" \/>\n<meta name=\"author\" content=\"Rosmer Herrera\" \/>\n<meta name=\"twitter:card\" content=\"summary_large_image\" \/>\n<meta name=\"twitter:label1\" content=\"Escrito por\" \/>\n\t<meta name=\"twitter:data1\" content=\"Rosmer Herrera\" \/>\n\t<meta name=\"twitter:label2\" content=\"Tiempo estimado de lectura\" \/>\n\t<meta name=\"twitter:data2\" content=\"4 minutos\" \/>\n<script type=\"application\/ld+json\" class=\"yoast-schema-graph\">{\"@context\":\"https:\/\/schema.org\",\"@graph\":[{\"@type\":\"Article\",\"@id\":\"https:\/\/noti-america.com\/site\/venezuela\/2020\/09\/25\/balance-del-programa-heroes-de-la-salud\/#article\",\"isPartOf\":{\"@id\":\"https:\/\/noti-america.com\/site\/venezuela\/2020\/09\/25\/balance-del-programa-heroes-de-la-salud\/\"},\"author\":{\"name\":\"Rosmer Herrera\",\"@id\":\"https:\/\/noti-america.com\/site\/venezuela\/#\/schema\/person\/fd58dbfb92a257e9dc5761bf69a855ff\"},\"headline\":\"Balance del programa H\u00e9roes de la Salud\",\"datePublished\":\"2020-09-25T14:38:49+00:00\",\"dateModified\":\"2020-09-25T18:39:00+00:00\",\"mainEntityOfPage\":{\"@id\":\"https:\/\/noti-america.com\/site\/venezuela\/2020\/09\/25\/balance-del-programa-heroes-de-la-salud\/\"},\"wordCount\":801,\"commentCount\":0,\"publisher\":{\"@id\":\"https:\/\/noti-america.com\/site\/venezuela\/#organization\"},\"image\":{\"@id\":\"https:\/\/noti-america.com\/site\/venezuela\/2020\/09\/25\/balance-del-programa-heroes-de-la-salud\/#primaryimage\"},\"thumbnailUrl\":\"https:\/\/noti-america.com\/site\/venezuela\/wp-content\/uploads\/sites\/2\/2020\/09\/guaido-heroes-de-la-salud-24.09.2020-e1600987879832-750x375-1.jpeg\",\"articleSection\":[\"Actualidad\",\"Pol\u00edtica\"],\"inLanguage\":\"es\",\"potentialAction\":[{\"@type\":\"CommentAction\",\"name\":\"Comment\",\"target\":[\"https:\/\/noti-america.com\/site\/venezuela\/2020\/09\/25\/balance-del-programa-heroes-de-la-salud\/#respond\"]}]},{\"@type\":\"WebPage\",\"@id\":\"https:\/\/noti-america.com\/site\/venezuela\/2020\/09\/25\/balance-del-programa-heroes-de-la-salud\/\",\"url\":\"https:\/\/noti-america.com\/site\/venezuela\/2020\/09\/25\/balance-del-programa-heroes-de-la-salud\/\",\"name\":\"Balance del programa H\u00e9roes de la Salud - Venezuela | Noti-America.com\",\"isPartOf\":{\"@id\":\"https:\/\/noti-america.com\/site\/venezuela\/#website\"},\"primaryImageOfPage\":{\"@id\":\"https:\/\/noti-america.com\/site\/venezuela\/2020\/09\/25\/balance-del-programa-heroes-de-la-salud\/#primaryimage\"},\"image\":{\"@id\":\"https:\/\/noti-america.com\/site\/venezuela\/2020\/09\/25\/balance-del-programa-heroes-de-la-salud\/#primaryimage\"},\"thumbnailUrl\":\"https:\/\/noti-america.com\/site\/venezuela\/wp-content\/uploads\/sites\/2\/2020\/09\/guaido-heroes-de-la-salud-24.09.2020-e1600987879832-750x375-1.jpeg\",\"datePublished\":\"2020-09-25T14:38:49+00:00\",\"dateModified\":\"2020-09-25T18:39:00+00:00\",\"breadcrumb\":{\"@id\":\"https:\/\/noti-america.com\/site\/venezuela\/2020\/09\/25\/balance-del-programa-heroes-de-la-salud\/#breadcrumb\"},\"inLanguage\":\"es\",\"potentialAction\":[{\"@type\":\"ReadAction\",\"target\":[\"https:\/\/noti-america.com\/site\/venezuela\/2020\/09\/25\/balance-del-programa-heroes-de-la-salud\/\"]}]},{\"@type\":\"ImageObject\",\"inLanguage\":\"es\",\"@id\":\"https:\/\/noti-america.com\/site\/venezuela\/2020\/09\/25\/balance-del-programa-heroes-de-la-salud\/#primaryimage\",\"url\":\"https:\/\/noti-america.com\/site\/venezuela\/wp-content\/uploads\/sites\/2\/2020\/09\/guaido-heroes-de-la-salud-24.09.2020-e1600987879832-750x375-1.jpeg\",\"contentUrl\":\"https:\/\/noti-america.com\/site\/venezuela\/wp-content\/uploads\/sites\/2\/2020\/09\/guaido-heroes-de-la-salud-24.09.2020-e1600987879832-750x375-1.jpeg\",\"width\":750,\"height\":375},{\"@type\":\"BreadcrumbList\",\"@id\":\"https:\/\/noti-america.com\/site\/venezuela\/2020\/09\/25\/balance-del-programa-heroes-de-la-salud\/#breadcrumb\",\"itemListElement\":[{\"@type\":\"ListItem\",\"position\":1,\"name\":\"Portada\",\"item\":\"https:\/\/noti-america.com\/site\/venezuela\/\"},{\"@type\":\"ListItem\",\"position\":2,\"name\":\"Balance del programa H\u00e9roes de la Salud\"}]},{\"@type\":\"WebSite\",\"@id\":\"https:\/\/noti-america.com\/site\/venezuela\/#website\",\"url\":\"https:\/\/noti-america.com\/site\/venezuela\/\",\"name\":\"Venezuela | Noti-America.com\",\"description\":\"\",\"publisher\":{\"@id\":\"https:\/\/noti-america.com\/site\/venezuela\/#organization\"},\"potentialAction\":[{\"@type\":\"SearchAction\",\"target\":{\"@type\":\"EntryPoint\",\"urlTemplate\":\"https:\/\/noti-america.com\/site\/venezuela\/?s={search_term_string}\"},\"query-input\":{\"@type\":\"PropertyValueSpecification\",\"valueRequired\":true,\"valueName\":\"search_term_string\"}}],\"inLanguage\":\"es\"},{\"@type\":\"Organization\",\"@id\":\"https:\/\/noti-america.com\/site\/venezuela\/#organization\",\"name\":\"Noti-America LLC | Venezuela\",\"url\":\"https:\/\/noti-america.com\/site\/venezuela\/\",\"logo\":{\"@type\":\"ImageObject\",\"inLanguage\":\"es\",\"@id\":\"https:\/\/noti-america.com\/site\/venezuela\/#\/schema\/logo\/image\/\",\"url\":\"https:\/\/noti-america.com\/site\/venezuela\/wp-content\/uploads\/sites\/2\/2020\/07\/LogoNA-4x3-1.jpg\",\"contentUrl\":\"https:\/\/noti-america.com\/site\/venezuela\/wp-content\/uploads\/sites\/2\/2020\/07\/LogoNA-4x3-1.jpg\",\"width\":1236,\"height\":1080,\"caption\":\"Noti-America LLC | Venezuela\"},\"image\":{\"@id\":\"https:\/\/noti-america.com\/site\/venezuela\/#\/schema\/logo\/image\/\"}},{\"@type\":\"Person\",\"@id\":\"https:\/\/noti-america.com\/site\/venezuela\/#\/schema\/person\/fd58dbfb92a257e9dc5761bf69a855ff\",\"name\":\"Rosmer Herrera\",\"image\":{\"@type\":\"ImageObject\",\"inLanguage\":\"es\",\"@id\":\"https:\/\/secure.gravatar.com\/avatar\/153e75c261394dbf20ff1a1e70ea2be9494f2b40b7fc4e7704084db13220ae08?s=96&d=mm&r=g\",\"url\":\"https:\/\/secure.gravatar.com\/avatar\/153e75c261394dbf20ff1a1e70ea2be9494f2b40b7fc4e7704084db13220ae08?s=96&d=mm&r=g\",\"contentUrl\":\"https:\/\/secure.gravatar.com\/avatar\/153e75c261394dbf20ff1a1e70ea2be9494f2b40b7fc4e7704084db13220ae08?s=96&d=mm&r=g\",\"caption\":\"Rosmer Herrera\"},\"url\":\"https:\/\/noti-america.com\/site\/venezuela\/author\/rosmer33\/\"}]}<\/script>\n<!-- \/ Yoast SEO Premium plugin. -->","yoast_head_json":{"title":"Balance del programa H\u00e9roes de la Salud - Venezuela | Noti-America.com","robots":{"index":"index","follow":"follow","max-snippet":"max-snippet:-1","max-image-preview":"max-image-preview:large","max-video-preview":"max-video-preview:-1"},"canonical":"https:\/\/noti-america.com\/site\/venezuela\/2020\/09\/25\/balance-del-programa-heroes-de-la-salud\/","og_locale":"es_ES","og_type":"article","og_title":"Balance del programa H\u00e9roes de la Salud","og_description":"Nota de Prensa &#8211; Centro de Comunicaci\u00f3n Nacional Para poder llevar una mano amiga a los m\u00e1s vulnerables por la Emergencia Humanitaria Compleja, que se agudiza con la presencia del Covid-19, el Presidente (e)&#46;&#46;&#46;","og_url":"https:\/\/noti-america.com\/site\/venezuela\/2020\/09\/25\/balance-del-programa-heroes-de-la-salud\/","og_site_name":"Venezuela | Noti-America.com","article_published_time":"2020-09-25T14:38:49+00:00","article_modified_time":"2020-09-25T18:39:00+00:00","og_image":[{"width":750,"height":375,"url":"https:\/\/noti-america.com\/site\/venezuela\/wp-content\/uploads\/sites\/2\/2020\/09\/guaido-heroes-de-la-salud-24.09.2020-e1600987879832-750x375-1.jpeg","type":"image\/jpeg"}],"author":"Rosmer Herrera","twitter_card":"summary_large_image","twitter_misc":{"Escrito por":"Rosmer Herrera","Tiempo estimado de lectura":"4 minutos"},"schema":{"@context":"https:\/\/schema.org","@graph":[{"@type":"Article","@id":"https:\/\/noti-america.com\/site\/venezuela\/2020\/09\/25\/balance-del-programa-heroes-de-la-salud\/#article","isPartOf":{"@id":"https:\/\/noti-america.com\/site\/venezuela\/2020\/09\/25\/balance-del-programa-heroes-de-la-salud\/"},"author":{"name":"Rosmer Herrera","@id":"https:\/\/noti-america.com\/site\/venezuela\/#\/schema\/person\/fd58dbfb92a257e9dc5761bf69a855ff"},"headline":"Balance del programa H\u00e9roes de la Salud","datePublished":"2020-09-25T14:38:49+00:00","dateModified":"2020-09-25T18:39:00+00:00","mainEntityOfPage":{"@id":"https:\/\/noti-america.com\/site\/venezuela\/2020\/09\/25\/balance-del-programa-heroes-de-la-salud\/"},"wordCount":801,"commentCount":0,"publisher":{"@id":"https:\/\/noti-america.com\/site\/venezuela\/#organization"},"image":{"@id":"https:\/\/noti-america.com\/site\/venezuela\/2020\/09\/25\/balance-del-programa-heroes-de-la-salud\/#primaryimage"},"thumbnailUrl":"https:\/\/noti-america.com\/site\/venezuela\/wp-content\/uploads\/sites\/2\/2020\/09\/guaido-heroes-de-la-salud-24.09.2020-e1600987879832-750x375-1.jpeg","articleSection":["Actualidad","Pol\u00edtica"],"inLanguage":"es","potentialAction":[{"@type":"CommentAction","name":"Comment","target":["https:\/\/noti-america.com\/site\/venezuela\/2020\/09\/25\/balance-del-programa-heroes-de-la-salud\/#respond"]}]},{"@type":"WebPage","@id":"https:\/\/noti-america.com\/site\/venezuela\/2020\/09\/25\/balance-del-programa-heroes-de-la-salud\/","url":"https:\/\/noti-america.com\/site\/venezuela\/2020\/09\/25\/balance-del-programa-heroes-de-la-salud\/","name":"Balance del programa H\u00e9roes de la Salud - Venezuela | Noti-America.com","isPartOf":{"@id":"https:\/\/noti-america.com\/site\/venezuela\/#website"},"primaryImageOfPage":{"@id":"https:\/\/noti-america.com\/site\/venezuela\/2020\/09\/25\/balance-del-programa-heroes-de-la-salud\/#primaryimage"},"image":{"@id":"https:\/\/noti-america.com\/site\/venezuela\/2020\/09\/25\/balance-del-programa-heroes-de-la-salud\/#primaryimage"},"thumbnailUrl":"https:\/\/noti-america.com\/site\/venezuela\/wp-content\/uploads\/sites\/2\/2020\/09\/guaido-heroes-de-la-salud-24.09.2020-e1600987879832-750x375-1.jpeg","datePublished":"2020-09-25T14:38:49+00:00","dateModified":"2020-09-25T18:39:00+00:00","breadcrumb":{"@id":"https:\/\/noti-america.com\/site\/venezuela\/2020\/09\/25\/balance-del-programa-heroes-de-la-salud\/#breadcrumb"},"inLanguage":"es","potentialAction":[{"@type":"ReadAction","target":["https:\/\/noti-america.com\/site\/venezuela\/2020\/09\/25\/balance-del-programa-heroes-de-la-salud\/"]}]},{"@type":"ImageObject","inLanguage":"es","@id":"https:\/\/noti-america.com\/site\/venezuela\/2020\/09\/25\/balance-del-programa-heroes-de-la-salud\/#primaryimage","url":"https:\/\/noti-america.com\/site\/venezuela\/wp-content\/uploads\/sites\/2\/2020\/09\/guaido-heroes-de-la-salud-24.09.2020-e1600987879832-750x375-1.jpeg","contentUrl":"https:\/\/noti-america.com\/site\/venezuela\/wp-content\/uploads\/sites\/2\/2020\/09\/guaido-heroes-de-la-salud-24.09.2020-e1600987879832-750x375-1.jpeg","width":750,"height":375},{"@type":"BreadcrumbList","@id":"https:\/\/noti-america.com\/site\/venezuela\/2020\/09\/25\/balance-del-programa-heroes-de-la-salud\/#breadcrumb","itemListElement":[{"@type":"ListItem","position":1,"name":"Portada","item":"https:\/\/noti-america.com\/site\/venezuela\/"},{"@type":"ListItem","position":2,"name":"Balance del programa H\u00e9roes de la Salud"}]},{"@type":"WebSite","@id":"https:\/\/noti-america.com\/site\/venezuela\/#website","url":"https:\/\/noti-america.com\/site\/venezuela\/","name":"Venezuela | Noti-America.com","description":"","publisher":{"@id":"https:\/\/noti-america.com\/site\/venezuela\/#organization"},"potentialAction":[{"@type":"SearchAction","target":{"@type":"EntryPoint","urlTemplate":"https:\/\/noti-america.com\/site\/venezuela\/?s={search_term_string}"},"query-input":{"@type":"PropertyValueSpecification","valueRequired":true,"valueName":"search_term_string"}}],"inLanguage":"es"},{"@type":"Organization","@id":"https:\/\/noti-america.com\/site\/venezuela\/#organization","name":"Noti-America LLC | Venezuela","url":"https:\/\/noti-america.com\/site\/venezuela\/","logo":{"@type":"ImageObject","inLanguage":"es","@id":"https:\/\/noti-america.com\/site\/venezuela\/#\/schema\/logo\/image\/","url":"https:\/\/noti-america.com\/site\/venezuela\/wp-content\/uploads\/sites\/2\/2020\/07\/LogoNA-4x3-1.jpg","contentUrl":"https:\/\/noti-america.com\/site\/venezuela\/wp-content\/uploads\/sites\/2\/2020\/07\/LogoNA-4x3-1.jpg","width":1236,"height":1080,"caption":"Noti-America LLC | Venezuela"},"image":{"@id":"https:\/\/noti-america.com\/site\/venezuela\/#\/schema\/logo\/image\/"}},{"@type":"Person","@id":"https:\/\/noti-america.com\/site\/venezuela\/#\/schema\/person\/fd58dbfb92a257e9dc5761bf69a855ff","name":"Rosmer Herrera","image":{"@type":"ImageObject","inLanguage":"es","@id":"https:\/\/secure.gravatar.com\/avatar\/153e75c261394dbf20ff1a1e70ea2be9494f2b40b7fc4e7704084db13220ae08?s=96&d=mm&r=g","url":"https:\/\/secure.gravatar.com\/avatar\/153e75c261394dbf20ff1a1e70ea2be9494f2b40b7fc4e7704084db13220ae08?s=96&d=mm&r=g","contentUrl":"https:\/\/secure.gravatar.com\/avatar\/153e75c261394dbf20ff1a1e70ea2be9494f2b40b7fc4e7704084db13220ae08?s=96&d=mm&r=g","caption":"Rosmer Herrera"},"url":"https:\/\/noti-america.com\/site\/venezuela\/author\/rosmer33\/"}]}},"_links":{"self":[{"href":"https:\/\/noti-america.com\/site\/venezuela\/wp-json\/wp\/v2\/posts\/13189","targetHints":{"allow":["GET"]}}],"collection":[{"href":"https:\/\/noti-america.com\/site\/venezuela\/wp-json\/wp\/v2\/posts"}],"about":[{"href":"https:\/\/noti-america.com\/site\/venezuela\/wp-json\/wp\/v2\/types\/post"}],"author":[{"embeddable":true,"href":"https:\/\/noti-america.com\/site\/venezuela\/wp-json\/wp\/v2\/users\/1"}],"replies":[{"embeddable":true,"href":"https:\/\/noti-america.com\/site\/venezuela\/wp-json\/wp\/v2\/comments?post=13189"}],"version-history":[{"count":1,"href":"https:\/\/noti-america.com\/site\/venezuela\/wp-json\/wp\/v2\/posts\/13189\/revisions"}],"predecessor-version":[{"id":13191,"href":"https:\/\/noti-america.com\/site\/venezuela\/wp-json\/wp\/v2\/posts\/13189\/revisions\/13191"}],"wp:featuredmedia":[{"embeddable":true,"href":"https:\/\/noti-america.com\/site\/venezuela\/wp-json\/wp\/v2\/media\/13190"}],"wp:attachment":[{"href":"https:\/\/noti-america.com\/site\/venezuela\/wp-json\/wp\/v2\/media?parent=13189"}],"wp:term":[{"taxonomy":"category","embeddable":true,"href":"https:\/\/noti-america.com\/site\/venezuela\/wp-json\/wp\/v2\/categories?post=13189"},{"taxonomy":"post_tag","embeddable":true,"href":"https:\/\/noti-america.com\/site\/venezuela\/wp-json\/wp\/v2\/tags?post=13189"}],"curies":[{"name":"wp","href":"https:\/\/api.w.org\/{rel}","templated":true}]}}