{"id":13077,"date":"2020-09-13T12:33:55","date_gmt":"2020-09-13T12:33:55","guid":{"rendered":"https:\/\/noti-america.com\/site\/venezuela\/2020\/09\/13\/crisis-de-migrana-afecta-mas-a-las-mujeres\/"},"modified":"2020-09-13T16:34:09","modified_gmt":"2020-09-13T16:34:09","slug":"crisis-de-migrana-afecta-mas-a-las-mujeres","status":"publish","type":"post","link":"https:\/\/noti-america.com\/site\/venezuela\/2020\/09\/13\/crisis-de-migrana-afecta-mas-a-las-mujeres\/","title":{"rendered":"Crisis de migra\u00f1a afecta m\u00e1s a las mujeres"},"content":{"rendered":"<p><strong>NOTI-AMERICA.COM (VENEZUELA)<\/strong><\/p>\n<p><img loading=\"lazy\" decoding=\"async\" class=\"alignnone size-medium wp-image-13078 aligncenter\" src=\"https:\/\/noti-america.com\/site\/venezuela\/wp-content\/uploads\/sites\/2\/2020\/09\/mujer-migrana_23-2147768282-300x200.jpg\" alt=\"\" width=\"300\" height=\"200\" srcset=\"https:\/\/noti-america.com\/site\/venezuela\/wp-content\/uploads\/sites\/2\/2020\/09\/mujer-migrana_23-2147768282-300x200.jpg 300w, https:\/\/noti-america.com\/site\/venezuela\/wp-content\/uploads\/sites\/2\/2020\/09\/mujer-migrana_23-2147768282-272x182.jpg 272w, https:\/\/noti-america.com\/site\/venezuela\/wp-content\/uploads\/sites\/2\/2020\/09\/mujer-migrana_23-2147768282.jpg 625w\" sizes=\"auto, (max-width: 300px) 100vw, 300px\" \/><\/p>\n<p style=\"text-align: center;\"><strong>Crisis de migra\u00f1a afecta m\u00e1s a las mujeres<\/strong><\/p>\n<p><em>***La doctora Carolina Izquierdo, del GMSP, \u00a0advierte que no es un \u201csimple dolor de cabeza\u201d, si no que se trata de una enfermedad cr\u00f3nica que requiere atenci\u00f3n.<\/em><\/p>\n<p>La mayor\u00eda de los casos de pacientes que acuden al especialista por migra\u00f1a est\u00e1n relacionados con factores como el estr\u00e9s, el consumo de cigarrillo, anticonceptivos orales, por la ingesta de algunos alimentos e incluso por la obesidad.<\/p>\n<p>As\u00ed lo inform\u00f3 la doctora Carolina Izquierdo, m\u00e9dico internista del Grupo M\u00e9dico Santa Paula (GMSP), quien sostiene que \u201cla migra\u00f1a se ha convertido en uno de los s\u00edntomas que motiva el mayor caso de consultas; de all\u00ed, la necesidad de \u00a0prestar mucha atenci\u00f3n porque la cefalea puede ser de origen migra\u00f1oso, pero tambi\u00e9n por otros motivos y lamentablemente no se trata de un simple dolor de cabeza sino de una enfermedad cr\u00f3nica que requiere atenci\u00f3n\u201d.<\/p>\n<p>Explica especialista que la migra\u00f1a suele aparecer en la pubertad y afecta con mayor frecuencia m\u00e1s a mujeres que a hombres, especialmente entre los 35 y 45 a\u00f1os de edad.<\/p>\n<p>Esta patolog\u00eda puede generar dolores fuertes, agudos y hasta con palpitaciones de intensidad variable en una zona en particular; provocar n\u00e1useas y sensibilidad a la luz y al sonido.\u00a0 En algunos pacientes incluso puede generar irritabilidad, congesti\u00f3n nasal, enrojecimiento del cuello e incluso visi\u00f3n borrosa.<\/p>\n<p><strong>Estudios imagenol\u00f3gicos aliados en el diagn\u00f3stico<\/strong><\/p>\n<p>La especialista se\u00f1ala es necesario estudiar en profundidad a un paciente con migra\u00f1a, lo que supone, hacerle sus ex\u00e1menes de laboratorio y un estudio\u00a0 imagenol\u00f3gico para identificar si se trata de una migra\u00f1a, o si existe alguna otra alteraci\u00f3n que est\u00e9 provocando el dolor.<\/p>\n<p>\u201cCuando el paciente acude a consulta, ya ha sufrido dos d\u00edas\u00a0 y hasta tres d\u00edas de la evoluci\u00f3n de dolor, y la migra\u00f1a puede haber causado n\u00e1useas y v\u00f3mitos, pero no cede con analg\u00e9sicos leves, y all\u00ed es donde entra el internista. Realizamos\u00a0 el interrogatorio al paciente para conocer sus antecedentes m\u00e9dicos, personales y familiares, sus h\u00e1bitos\u00a0 para luego pasar a los estudios cl\u00ednicos, tanto examen de laboratorio como de imagenolog\u00eda.\u201d<\/p>\n<p>Advierte la doctora Izquierdo que, en esta etapa son imprescindibles los estudios de imagen (Tac de Cr\u00e1neo y Angioresonancia Cerebral) as\u00ed como tambi\u00e9n el Electroencefalograma que indica actividad cerebral y posibles focos irritativos que permiten descartar alg\u00fan tipo de aneurismas cerebrales, malformaciones arteriovenosas, tumores y cualquier otra patolog\u00eda asociada.<\/p>\n<p>\u201cEs pertinente hacer la tomograf\u00eda de cr\u00e1neo y sustentarlo con una angioresonancia cerebral, si es posible considerando siempre las posibles alergias de los pacientes. En el GMSP contamos con\u00a0 la Unidad de Imageneolog\u00eda\u00a0 con tecnolog\u00eda de \u00faltima generaci\u00f3n para hacer todos estos estudios a nuestros pacientes de forma r\u00e1pida\u201d.<\/p>\n<p><strong>Tratamiento de la migra\u00f1a<\/strong><\/p>\n<p>Detectar el origen de la migra\u00f1a es el objetivo inicial del especialista seg\u00fan explica la doctora Izquierdo, sin embargo \u201ces necesario aliviar el dolor del paciente y para ello iniciamos con\u00a0 tratamientos generales con antiinflamatorios no esteroideos, tipo Ibuprofeno, Diclofenac o Ketoprofeno, siempre cuando el paciente no sea al\u00e9rgico. En ocasiones utilizamos tratamientos anti vertiginosos para \u00a0evitar esas descargas el\u00e9ctricas que se presentan en partes de nuestro cerebro y que no\u00a0 sigan progresando a crisis mayores.\u201d<\/p>\n<p>Tras el tratamiento para para aliviarle la molestia al paciente deben realizarse los estudios de laboratorio, como por ejemplo Perfil 20 perfil, tiroideo, perfil hormonal femenino \u00a0y si es hombre perfil hormonal masculino, \u00a0si hay antecedentes en la familia de migra\u00f1a \u00a0entonces la experta sugiere\u00a0 incluir \u00a0una tomograf\u00eda de cr\u00e1neo para descartar alg\u00fan alguna lesi\u00f3n que pudiera ser tumoral o no tumoral.<\/p>\n<p>\u201cSe practican estudios relacionados con las arterias que pueden \u00a0ser la causa de la migra\u00f1a e inclusive, si el dolor es muy intenso, \u00a0se piden \u00a0estudios m\u00e1s complejos como la Geo-resonancia cerebral. Recurrimos tambi\u00e9n a otros estudios como el electroencefalograma porque hay migra\u00f1as que surgen por crisis epil\u00e9pticas. En el GMSP tenemos todos los equipos\u00a0 adecuados para el diagn\u00f3stico preciso y certero de lo que es una migra\u00f1a\u201d, puntualiz\u00f3 la doctora Izquierdo.<\/p>\n<p>Es importante destacar que en el GMSP se siguen todos los protocolos de bioseguridad previstos en la normativa sanitaria para Covid-19, a fin de garantizar la tranquilidad al paciente que acude a las instalaciones, para cualquier consulta o uso de los servicios.<\/p>\n<p>&nbsp;<\/p>\n","protected":false},"excerpt":{"rendered":"<p>NOTI-AMERICA.COM (VENEZUELA) Crisis de migra\u00f1a afecta m\u00e1s a las mujeres ***La doctora Carolina Izquierdo, del GMSP, \u00a0advierte que no es un \u201csimple dolor de cabeza\u201d, si no que se trata de una enfermedad cr\u00f3nica&#46;&#46;&#46;<\/p>\n","protected":false},"author":2,"featured_media":13078,"comment_status":"open","ping_status":"open","sticky":false,"template":"","format":"standard","meta":{"_acf_changed":false,"om_disable_all_campaigns":false,"rop_custom_images_group":[],"rop_custom_messages_group":[],"rop_publish_now":"initial","rop_publish_now_accounts":{"twitter_242054905_242054905":""},"rop_publish_now_history":[],"rop_publish_now_status":"pending","_uf_show_specific_survey":0,"_uf_disable_surveys":false,"footnotes":""},"categories":[13],"tags":[],"class_list":["post-13077","post","type-post","status-publish","format-standard","has-post-thumbnail","hentry","category-vida-y-salud"],"acf":[],"aioseo_notices":[],"yoast_head":"<!-- This site is optimized with the Yoast SEO Premium plugin v24.9 (Yoast SEO v27.2) - https:\/\/yoast.com\/product\/yoast-seo-premium-wordpress\/ -->\n<title>Crisis de migra\u00f1a afecta m\u00e1s a las mujeres - Venezuela | Noti-America.com<\/title>\n<meta name=\"robots\" content=\"index, follow, max-snippet:-1, max-image-preview:large, max-video-preview:-1\" \/>\n<link rel=\"canonical\" href=\"https:\/\/noti-america.com\/site\/venezuela\/2020\/09\/13\/crisis-de-migrana-afecta-mas-a-las-mujeres\/\" \/>\n<meta property=\"og:locale\" content=\"es_ES\" \/>\n<meta property=\"og:type\" content=\"article\" \/>\n<meta property=\"og:title\" content=\"Crisis de migra\u00f1a afecta m\u00e1s a las mujeres\" \/>\n<meta property=\"og:description\" content=\"NOTI-AMERICA.COM (VENEZUELA) Crisis de migra\u00f1a afecta m\u00e1s a las mujeres ***La doctora Carolina Izquierdo, del GMSP, \u00a0advierte que no es un \u201csimple dolor de cabeza\u201d, si no que se trata de una enfermedad cr\u00f3nica&#046;&#046;&#046;\" \/>\n<meta property=\"og:url\" content=\"https:\/\/noti-america.com\/site\/venezuela\/2020\/09\/13\/crisis-de-migrana-afecta-mas-a-las-mujeres\/\" \/>\n<meta property=\"og:site_name\" content=\"Venezuela | Noti-America.com\" \/>\n<meta property=\"article:published_time\" content=\"2020-09-13T12:33:55+00:00\" \/>\n<meta property=\"article:modified_time\" content=\"2020-09-13T16:34:09+00:00\" \/>\n<meta property=\"og:image\" content=\"https:\/\/noti-america.com\/site\/venezuela\/wp-content\/uploads\/sites\/2\/2020\/09\/mujer-migrana_23-2147768282.jpg\" \/>\n\t<meta property=\"og:image:width\" content=\"625\" \/>\n\t<meta property=\"og:image:height\" content=\"417\" \/>\n\t<meta property=\"og:image:type\" content=\"image\/jpeg\" \/>\n<meta name=\"author\" content=\"rloaiza\" \/>\n<meta name=\"twitter:card\" content=\"summary_large_image\" \/>\n<meta name=\"twitter:label1\" content=\"Escrito por\" \/>\n\t<meta name=\"twitter:data1\" content=\"rloaiza\" \/>\n\t<meta name=\"twitter:label2\" content=\"Tiempo estimado de lectura\" \/>\n\t<meta name=\"twitter:data2\" content=\"4 minutos\" \/>\n<script type=\"application\/ld+json\" class=\"yoast-schema-graph\">{\"@context\":\"https:\/\/schema.org\",\"@graph\":[{\"@type\":\"Article\",\"@id\":\"https:\/\/noti-america.com\/site\/venezuela\/2020\/09\/13\/crisis-de-migrana-afecta-mas-a-las-mujeres\/#article\",\"isPartOf\":{\"@id\":\"https:\/\/noti-america.com\/site\/venezuela\/2020\/09\/13\/crisis-de-migrana-afecta-mas-a-las-mujeres\/\"},\"author\":{\"name\":\"rloaiza\",\"@id\":\"https:\/\/noti-america.com\/site\/venezuela\/#\/schema\/person\/a2e478ba496331ce89bcd0c731cd6533\"},\"headline\":\"Crisis de migra\u00f1a afecta m\u00e1s a las mujeres\",\"datePublished\":\"2020-09-13T12:33:55+00:00\",\"dateModified\":\"2020-09-13T16:34:09+00:00\",\"mainEntityOfPage\":{\"@id\":\"https:\/\/noti-america.com\/site\/venezuela\/2020\/09\/13\/crisis-de-migrana-afecta-mas-a-las-mujeres\/\"},\"wordCount\":778,\"commentCount\":0,\"publisher\":{\"@id\":\"https:\/\/noti-america.com\/site\/venezuela\/#organization\"},\"image\":{\"@id\":\"https:\/\/noti-america.com\/site\/venezuela\/2020\/09\/13\/crisis-de-migrana-afecta-mas-a-las-mujeres\/#primaryimage\"},\"thumbnailUrl\":\"https:\/\/noti-america.com\/site\/venezuela\/wp-content\/uploads\/sites\/2\/2020\/09\/mujer-migrana_23-2147768282.jpg\",\"articleSection\":[\"Vida y Salud\"],\"inLanguage\":\"es\",\"potentialAction\":[{\"@type\":\"CommentAction\",\"name\":\"Comment\",\"target\":[\"https:\/\/noti-america.com\/site\/venezuela\/2020\/09\/13\/crisis-de-migrana-afecta-mas-a-las-mujeres\/#respond\"]}]},{\"@type\":\"WebPage\",\"@id\":\"https:\/\/noti-america.com\/site\/venezuela\/2020\/09\/13\/crisis-de-migrana-afecta-mas-a-las-mujeres\/\",\"url\":\"https:\/\/noti-america.com\/site\/venezuela\/2020\/09\/13\/crisis-de-migrana-afecta-mas-a-las-mujeres\/\",\"name\":\"Crisis de migra\u00f1a afecta m\u00e1s a las mujeres - Venezuela | Noti-America.com\",\"isPartOf\":{\"@id\":\"https:\/\/noti-america.com\/site\/venezuela\/#website\"},\"primaryImageOfPage\":{\"@id\":\"https:\/\/noti-america.com\/site\/venezuela\/2020\/09\/13\/crisis-de-migrana-afecta-mas-a-las-mujeres\/#primaryimage\"},\"image\":{\"@id\":\"https:\/\/noti-america.com\/site\/venezuela\/2020\/09\/13\/crisis-de-migrana-afecta-mas-a-las-mujeres\/#primaryimage\"},\"thumbnailUrl\":\"https:\/\/noti-america.com\/site\/venezuela\/wp-content\/uploads\/sites\/2\/2020\/09\/mujer-migrana_23-2147768282.jpg\",\"datePublished\":\"2020-09-13T12:33:55+00:00\",\"dateModified\":\"2020-09-13T16:34:09+00:00\",\"breadcrumb\":{\"@id\":\"https:\/\/noti-america.com\/site\/venezuela\/2020\/09\/13\/crisis-de-migrana-afecta-mas-a-las-mujeres\/#breadcrumb\"},\"inLanguage\":\"es\",\"potentialAction\":[{\"@type\":\"ReadAction\",\"target\":[\"https:\/\/noti-america.com\/site\/venezuela\/2020\/09\/13\/crisis-de-migrana-afecta-mas-a-las-mujeres\/\"]}]},{\"@type\":\"ImageObject\",\"inLanguage\":\"es\",\"@id\":\"https:\/\/noti-america.com\/site\/venezuela\/2020\/09\/13\/crisis-de-migrana-afecta-mas-a-las-mujeres\/#primaryimage\",\"url\":\"https:\/\/noti-america.com\/site\/venezuela\/wp-content\/uploads\/sites\/2\/2020\/09\/mujer-migrana_23-2147768282.jpg\",\"contentUrl\":\"https:\/\/noti-america.com\/site\/venezuela\/wp-content\/uploads\/sites\/2\/2020\/09\/mujer-migrana_23-2147768282.jpg\",\"width\":625,\"height\":417},{\"@type\":\"BreadcrumbList\",\"@id\":\"https:\/\/noti-america.com\/site\/venezuela\/2020\/09\/13\/crisis-de-migrana-afecta-mas-a-las-mujeres\/#breadcrumb\",\"itemListElement\":[{\"@type\":\"ListItem\",\"position\":1,\"name\":\"Portada\",\"item\":\"https:\/\/noti-america.com\/site\/venezuela\/\"},{\"@type\":\"ListItem\",\"position\":2,\"name\":\"Crisis de migra\u00f1a afecta m\u00e1s a las mujeres\"}]},{\"@type\":\"WebSite\",\"@id\":\"https:\/\/noti-america.com\/site\/venezuela\/#website\",\"url\":\"https:\/\/noti-america.com\/site\/venezuela\/\",\"name\":\"Venezuela | Noti-America.com\",\"description\":\"\",\"publisher\":{\"@id\":\"https:\/\/noti-america.com\/site\/venezuela\/#organization\"},\"potentialAction\":[{\"@type\":\"SearchAction\",\"target\":{\"@type\":\"EntryPoint\",\"urlTemplate\":\"https:\/\/noti-america.com\/site\/venezuela\/?s={search_term_string}\"},\"query-input\":{\"@type\":\"PropertyValueSpecification\",\"valueRequired\":true,\"valueName\":\"search_term_string\"}}],\"inLanguage\":\"es\"},{\"@type\":\"Organization\",\"@id\":\"https:\/\/noti-america.com\/site\/venezuela\/#organization\",\"name\":\"Noti-America LLC | Venezuela\",\"url\":\"https:\/\/noti-america.com\/site\/venezuela\/\",\"logo\":{\"@type\":\"ImageObject\",\"inLanguage\":\"es\",\"@id\":\"https:\/\/noti-america.com\/site\/venezuela\/#\/schema\/logo\/image\/\",\"url\":\"https:\/\/noti-america.com\/site\/venezuela\/wp-content\/uploads\/sites\/2\/2020\/07\/LogoNA-4x3-1.jpg\",\"contentUrl\":\"https:\/\/noti-america.com\/site\/venezuela\/wp-content\/uploads\/sites\/2\/2020\/07\/LogoNA-4x3-1.jpg\",\"width\":1236,\"height\":1080,\"caption\":\"Noti-America LLC | Venezuela\"},\"image\":{\"@id\":\"https:\/\/noti-america.com\/site\/venezuela\/#\/schema\/logo\/image\/\"}},{\"@type\":\"Person\",\"@id\":\"https:\/\/noti-america.com\/site\/venezuela\/#\/schema\/person\/a2e478ba496331ce89bcd0c731cd6533\",\"name\":\"rloaiza\",\"image\":{\"@type\":\"ImageObject\",\"inLanguage\":\"es\",\"@id\":\"https:\/\/secure.gravatar.com\/avatar\/190058e5d4427934610b99c45aa7a6558806850adedd53ddeddd194b04773e22?s=96&d=mm&r=g\",\"url\":\"https:\/\/secure.gravatar.com\/avatar\/190058e5d4427934610b99c45aa7a6558806850adedd53ddeddd194b04773e22?s=96&d=mm&r=g\",\"contentUrl\":\"https:\/\/secure.gravatar.com\/avatar\/190058e5d4427934610b99c45aa7a6558806850adedd53ddeddd194b04773e22?s=96&d=mm&r=g\",\"caption\":\"rloaiza\"},\"url\":\"https:\/\/noti-america.com\/site\/venezuela\/author\/rloaiza\/\"}]}<\/script>\n<!-- \/ Yoast SEO Premium plugin. -->","yoast_head_json":{"title":"Crisis de migra\u00f1a afecta m\u00e1s a las mujeres - Venezuela | Noti-America.com","robots":{"index":"index","follow":"follow","max-snippet":"max-snippet:-1","max-image-preview":"max-image-preview:large","max-video-preview":"max-video-preview:-1"},"canonical":"https:\/\/noti-america.com\/site\/venezuela\/2020\/09\/13\/crisis-de-migrana-afecta-mas-a-las-mujeres\/","og_locale":"es_ES","og_type":"article","og_title":"Crisis de migra\u00f1a afecta m\u00e1s a las mujeres","og_description":"NOTI-AMERICA.COM (VENEZUELA) Crisis de migra\u00f1a afecta m\u00e1s a las mujeres ***La doctora Carolina Izquierdo, del GMSP, \u00a0advierte que no es un \u201csimple dolor de cabeza\u201d, si no que se trata de una enfermedad cr\u00f3nica&#46;&#46;&#46;","og_url":"https:\/\/noti-america.com\/site\/venezuela\/2020\/09\/13\/crisis-de-migrana-afecta-mas-a-las-mujeres\/","og_site_name":"Venezuela | Noti-America.com","article_published_time":"2020-09-13T12:33:55+00:00","article_modified_time":"2020-09-13T16:34:09+00:00","og_image":[{"width":625,"height":417,"url":"https:\/\/noti-america.com\/site\/venezuela\/wp-content\/uploads\/sites\/2\/2020\/09\/mujer-migrana_23-2147768282.jpg","type":"image\/jpeg"}],"author":"rloaiza","twitter_card":"summary_large_image","twitter_misc":{"Escrito por":"rloaiza","Tiempo estimado de lectura":"4 minutos"},"schema":{"@context":"https:\/\/schema.org","@graph":[{"@type":"Article","@id":"https:\/\/noti-america.com\/site\/venezuela\/2020\/09\/13\/crisis-de-migrana-afecta-mas-a-las-mujeres\/#article","isPartOf":{"@id":"https:\/\/noti-america.com\/site\/venezuela\/2020\/09\/13\/crisis-de-migrana-afecta-mas-a-las-mujeres\/"},"author":{"name":"rloaiza","@id":"https:\/\/noti-america.com\/site\/venezuela\/#\/schema\/person\/a2e478ba496331ce89bcd0c731cd6533"},"headline":"Crisis de migra\u00f1a afecta m\u00e1s a las mujeres","datePublished":"2020-09-13T12:33:55+00:00","dateModified":"2020-09-13T16:34:09+00:00","mainEntityOfPage":{"@id":"https:\/\/noti-america.com\/site\/venezuela\/2020\/09\/13\/crisis-de-migrana-afecta-mas-a-las-mujeres\/"},"wordCount":778,"commentCount":0,"publisher":{"@id":"https:\/\/noti-america.com\/site\/venezuela\/#organization"},"image":{"@id":"https:\/\/noti-america.com\/site\/venezuela\/2020\/09\/13\/crisis-de-migrana-afecta-mas-a-las-mujeres\/#primaryimage"},"thumbnailUrl":"https:\/\/noti-america.com\/site\/venezuela\/wp-content\/uploads\/sites\/2\/2020\/09\/mujer-migrana_23-2147768282.jpg","articleSection":["Vida y Salud"],"inLanguage":"es","potentialAction":[{"@type":"CommentAction","name":"Comment","target":["https:\/\/noti-america.com\/site\/venezuela\/2020\/09\/13\/crisis-de-migrana-afecta-mas-a-las-mujeres\/#respond"]}]},{"@type":"WebPage","@id":"https:\/\/noti-america.com\/site\/venezuela\/2020\/09\/13\/crisis-de-migrana-afecta-mas-a-las-mujeres\/","url":"https:\/\/noti-america.com\/site\/venezuela\/2020\/09\/13\/crisis-de-migrana-afecta-mas-a-las-mujeres\/","name":"Crisis de migra\u00f1a afecta m\u00e1s a las mujeres - Venezuela | Noti-America.com","isPartOf":{"@id":"https:\/\/noti-america.com\/site\/venezuela\/#website"},"primaryImageOfPage":{"@id":"https:\/\/noti-america.com\/site\/venezuela\/2020\/09\/13\/crisis-de-migrana-afecta-mas-a-las-mujeres\/#primaryimage"},"image":{"@id":"https:\/\/noti-america.com\/site\/venezuela\/2020\/09\/13\/crisis-de-migrana-afecta-mas-a-las-mujeres\/#primaryimage"},"thumbnailUrl":"https:\/\/noti-america.com\/site\/venezuela\/wp-content\/uploads\/sites\/2\/2020\/09\/mujer-migrana_23-2147768282.jpg","datePublished":"2020-09-13T12:33:55+00:00","dateModified":"2020-09-13T16:34:09+00:00","breadcrumb":{"@id":"https:\/\/noti-america.com\/site\/venezuela\/2020\/09\/13\/crisis-de-migrana-afecta-mas-a-las-mujeres\/#breadcrumb"},"inLanguage":"es","potentialAction":[{"@type":"ReadAction","target":["https:\/\/noti-america.com\/site\/venezuela\/2020\/09\/13\/crisis-de-migrana-afecta-mas-a-las-mujeres\/"]}]},{"@type":"ImageObject","inLanguage":"es","@id":"https:\/\/noti-america.com\/site\/venezuela\/2020\/09\/13\/crisis-de-migrana-afecta-mas-a-las-mujeres\/#primaryimage","url":"https:\/\/noti-america.com\/site\/venezuela\/wp-content\/uploads\/sites\/2\/2020\/09\/mujer-migrana_23-2147768282.jpg","contentUrl":"https:\/\/noti-america.com\/site\/venezuela\/wp-content\/uploads\/sites\/2\/2020\/09\/mujer-migrana_23-2147768282.jpg","width":625,"height":417},{"@type":"BreadcrumbList","@id":"https:\/\/noti-america.com\/site\/venezuela\/2020\/09\/13\/crisis-de-migrana-afecta-mas-a-las-mujeres\/#breadcrumb","itemListElement":[{"@type":"ListItem","position":1,"name":"Portada","item":"https:\/\/noti-america.com\/site\/venezuela\/"},{"@type":"ListItem","position":2,"name":"Crisis de migra\u00f1a afecta m\u00e1s a las mujeres"}]},{"@type":"WebSite","@id":"https:\/\/noti-america.com\/site\/venezuela\/#website","url":"https:\/\/noti-america.com\/site\/venezuela\/","name":"Venezuela | Noti-America.com","description":"","publisher":{"@id":"https:\/\/noti-america.com\/site\/venezuela\/#organization"},"potentialAction":[{"@type":"SearchAction","target":{"@type":"EntryPoint","urlTemplate":"https:\/\/noti-america.com\/site\/venezuela\/?s={search_term_string}"},"query-input":{"@type":"PropertyValueSpecification","valueRequired":true,"valueName":"search_term_string"}}],"inLanguage":"es"},{"@type":"Organization","@id":"https:\/\/noti-america.com\/site\/venezuela\/#organization","name":"Noti-America LLC | Venezuela","url":"https:\/\/noti-america.com\/site\/venezuela\/","logo":{"@type":"ImageObject","inLanguage":"es","@id":"https:\/\/noti-america.com\/site\/venezuela\/#\/schema\/logo\/image\/","url":"https:\/\/noti-america.com\/site\/venezuela\/wp-content\/uploads\/sites\/2\/2020\/07\/LogoNA-4x3-1.jpg","contentUrl":"https:\/\/noti-america.com\/site\/venezuela\/wp-content\/uploads\/sites\/2\/2020\/07\/LogoNA-4x3-1.jpg","width":1236,"height":1080,"caption":"Noti-America LLC | Venezuela"},"image":{"@id":"https:\/\/noti-america.com\/site\/venezuela\/#\/schema\/logo\/image\/"}},{"@type":"Person","@id":"https:\/\/noti-america.com\/site\/venezuela\/#\/schema\/person\/a2e478ba496331ce89bcd0c731cd6533","name":"rloaiza","image":{"@type":"ImageObject","inLanguage":"es","@id":"https:\/\/secure.gravatar.com\/avatar\/190058e5d4427934610b99c45aa7a6558806850adedd53ddeddd194b04773e22?s=96&d=mm&r=g","url":"https:\/\/secure.gravatar.com\/avatar\/190058e5d4427934610b99c45aa7a6558806850adedd53ddeddd194b04773e22?s=96&d=mm&r=g","contentUrl":"https:\/\/secure.gravatar.com\/avatar\/190058e5d4427934610b99c45aa7a6558806850adedd53ddeddd194b04773e22?s=96&d=mm&r=g","caption":"rloaiza"},"url":"https:\/\/noti-america.com\/site\/venezuela\/author\/rloaiza\/"}]}},"_links":{"self":[{"href":"https:\/\/noti-america.com\/site\/venezuela\/wp-json\/wp\/v2\/posts\/13077","targetHints":{"allow":["GET"]}}],"collection":[{"href":"https:\/\/noti-america.com\/site\/venezuela\/wp-json\/wp\/v2\/posts"}],"about":[{"href":"https:\/\/noti-america.com\/site\/venezuela\/wp-json\/wp\/v2\/types\/post"}],"author":[{"embeddable":true,"href":"https:\/\/noti-america.com\/site\/venezuela\/wp-json\/wp\/v2\/users\/2"}],"replies":[{"embeddable":true,"href":"https:\/\/noti-america.com\/site\/venezuela\/wp-json\/wp\/v2\/comments?post=13077"}],"version-history":[{"count":1,"href":"https:\/\/noti-america.com\/site\/venezuela\/wp-json\/wp\/v2\/posts\/13077\/revisions"}],"predecessor-version":[{"id":13079,"href":"https:\/\/noti-america.com\/site\/venezuela\/wp-json\/wp\/v2\/posts\/13077\/revisions\/13079"}],"wp:featuredmedia":[{"embeddable":true,"href":"https:\/\/noti-america.com\/site\/venezuela\/wp-json\/wp\/v2\/media\/13078"}],"wp:attachment":[{"href":"https:\/\/noti-america.com\/site\/venezuela\/wp-json\/wp\/v2\/media?parent=13077"}],"wp:term":[{"taxonomy":"category","embeddable":true,"href":"https:\/\/noti-america.com\/site\/venezuela\/wp-json\/wp\/v2\/categories?post=13077"},{"taxonomy":"post_tag","embeddable":true,"href":"https:\/\/noti-america.com\/site\/venezuela\/wp-json\/wp\/v2\/tags?post=13077"}],"curies":[{"name":"wp","href":"https:\/\/api.w.org\/{rel}","templated":true}]}}