{"id":12961,"date":"2020-08-31T20:51:23","date_gmt":"2020-08-31T20:51:23","guid":{"rendered":"https:\/\/noti-america.com\/site\/venezuela\/2020\/08\/31\/libertades-individuales-y-pandemia-por-jose-luis-mendez-la-fuente\/"},"modified":"2020-09-01T00:51:37","modified_gmt":"2020-09-01T00:51:37","slug":"libertades-individuales-y-pandemia-por-jose-luis-mendez-la-fuente","status":"publish","type":"post","link":"https:\/\/noti-america.com\/site\/venezuela\/2020\/08\/31\/libertades-individuales-y-pandemia-por-jose-luis-mendez-la-fuente\/","title":{"rendered":"Libertades individuales y pandemia Por: Jos\u00e9 Lu\u00eds M\u00e9ndez La Fuente"},"content":{"rendered":"<p><strong>NOTI-AMERICA.COM (VENEZUELA)<\/strong><\/p>\n<div id=\"attachment_2003\" style=\"width: 256px\" class=\"wp-caption aligncenter\"><img loading=\"lazy\" decoding=\"async\" aria-describedby=\"caption-attachment-2003\" class=\"size-medium wp-image-2113\" src=\"https:\/\/noti-america.com\/site\/venezuela\/wp-content\/uploads\/sites\/2\/2020\/09\/Jos\u00e9-Luis-M\u00e9ndez-La-fuente-246x300.jpg\" alt=\"\" width=\"246\" height=\"300\" \/><p id=\"caption-attachment-2003\" class=\"wp-caption-text\">\u00a0\u00a0\u00a0\u00a0\u00a0\u00a0\u00a0\u00a0\u00a0\u00a0\u00a0 Jos\u00e9 Luis M\u00e9ndez La Fuente<\/p><\/div>\n<p style=\"text-align: center;\">Libertades individuales y pandemia<\/p>\n<p style=\"text-align: center;\">Jos\u00e9 Lu\u00eds M\u00e9ndez La Fuente<\/p>\n<p>Con el recrudecimiento de la pandemia en el mundo, que seg\u00fan todos los pron\u00f3sticos se va a prolongar indefinidamente, las manifestaciones p\u00fablicas principalmente en Europa, contra las pol\u00edticas adoptadas por los gobiernos para aumentar las restricciones a la ciudadan\u00eda, se han exacerbado y recrudecido, al igual que el Covid-19, encendiendo, nuevamente, todas las alarmas sociales.<\/p>\n<p>Lo que llama la atenci\u00f3n es que haya sido en Alemania, pa\u00eds con uno de los gobiernos m\u00e1s eficientes en el manejo de la crisis provocada por el coronavirus, donde se produjo, hace apenas unos d\u00edas, la que para nosotros es la marcha de protesta m\u00e1s significativa de todas las que se han dado, hasta ahora, relacionada con la pandemia. La acci\u00f3n, fue promovida por iniciativas como Pensamiento Lateral 711, a la que se unieron espectros ultra y antisistema entre los que se encuentran los ya conocidos movimientos antivacunas, anti europeos o anti extranjeros, as\u00ed como los negacionistas, esos mismos que son capaces de desconocer tanto la existencia de Dios como la del propio coronavirus.<\/p>\n<p>Y decimos que es las m\u00e1s significativa debido al asunto de fondo que plantea, t\u00e1citamente, a trav\u00e9s de la reivindicaci\u00f3n de derechos y libertades individuales como el de salir a la calle cuando quiera o reunirme con quien quiera en plana pandemia. Nos referimos al problema de si deben ser eliminados de los textos constitucionales, con el objeto de evitar abusos de los gobernantes de turno, figuras como las de los estados de excepci\u00f3n, de alarma, de emergencia, de cat\u00e1strofe o de calamidad p\u00fablica, dependiendo del nombre que hayan adoptado en el respectivo pa\u00eds, y los cuales pueden conllevar la suspensi\u00f3n de garant\u00edas constitucionales como la libertad de circulaci\u00f3n o de reuni\u00f3n, entre otras. Adem\u00e1s, la hace tan especial el aval recibido de las autoridades judiciales de Berl\u00edn al rechazar los tribunales de la capital alemana, contra lo que indicaba el sentido com\u00fan, el recurso de \u00faltima hora presentado por la polic\u00eda, fundamentado, precisamente, en el riesgo de contagio que conllevaba, para que la marcha no fuera permitida. Una advertencia que el tribunal desestim\u00f3 y que en la pr\u00e1ctica qued\u00f3 comprobada al no guardarse ninguna medida de protecci\u00f3n elemental como el uso de mascarilla o distanciamiento entre los asistentes a la concentraci\u00f3n, la cual se desarroll\u00f3 durante dos horas aproximadamente, antes de ser disuelta por las fuerzas del orden p\u00fablico.<\/p>\n<p>No estamos diciendo con ello que la letra de alguna constituci\u00f3n vaya a ser modificada, simplemente, por las protestas de un grupo minoritario de ciudadanos de algunos pa\u00edses europeos, ni mucho menos que tengan raz\u00f3n en sus planteamientos. Pero en un mundo como el actual donde las minor\u00edas agrupadas alrededor de un inter\u00e9s com\u00fan cualquiera, social o ideol\u00f3gicamente permeable, tienden a cobrar fuerza diariamente con el apoyo de los partidos pol\u00edticos de izquierdas o derechas, da lo mismo, que solo ven en aquellas, nichos de votantes potenciales, los derechos de las mayor\u00edas en situaci\u00f3n de calamidad, por ejemplo, como la del Covid-19, se encuentran en peligro. Y no nos estamos refiriendo a votos, sino a vidas humanas expuestas a riesgos que no deber\u00edan correr y que en la actualidad est\u00e1n protegidos por esas mismas constituciones que se pretenden derrumbar. Mayor\u00edas convencidas, por ejemplo, de que la ciencia y la vacunaci\u00f3n nos han sacado de la ignorancia y el oscurantismo de la Edad Media, o que el uso de medidas excepcionales por los gobiernos es a veces necesario para manejar adversidades colectivas como las sanitarias, las causadas por las fuerzas de la naturaleza o incluso las guerras. Hasta en la gloriosa Republica romana se acostumbraba concentrar, con la autorizaci\u00f3n del Senado y por un tiempo limitado, todo el poder posible en la figura de un dictador, con el fin de afrontar una guerra o una crisis social que requiriese medidas excepcionales.<\/p>\n<p>Si en lugar de Alemania, donde las limitaciones a los derechos de los ciudadanos han sido m\u00ednimas, se hubiese efectuado en pa\u00edses como Venezuela o Espa\u00f1a, la protesta seguramente hubiese tenido m\u00e1s sentido. En Venezuela, debido a que con un r\u00e9gimen autocr\u00e1tico en toda la extensi\u00f3n de la palabra como el de Maduro, el Estado de Alarma va ya para seis meses y no se sabe cu\u00e1ndo tendr\u00e1 fin. En Espa\u00f1a, porque trat\u00e1ndose de un pa\u00eds de la Uni\u00f3n Europea como Alemania, el Estado de Alarma se prolong\u00f3 innecesariamente por tres meses, sin que las recomendaciones sanitarias impulsadas en su \u00ednterin, resultasen del todo exitosas. De haber sido as\u00ed, la manifestaci\u00f3n hubiese encajado mejor, y hasta pareciera m\u00e1s entendible que fuesen los espa\u00f1oles y no los alemanes quienes pretendiesen reformar su constituci\u00f3n temerosos de que los volviesen a encerrar en sus casas por tanto tiempo. Mas ahora, cuando la pandemia resurge con nuevos br\u00edos y el gobierno de S\u00e1nchez les ofrece a los espa\u00f1oles, que apenas empezaban a respirar el aire de la calle, un confinamiento auton\u00f3mico a la medida, absurdo, adem\u00e1s de irresponsable.<\/p>\n<p>@xlmlf<\/p>\n","protected":false},"excerpt":{"rendered":"<p>NOTI-AMERICA.COM (VENEZUELA) Libertades individuales y pandemia Jos\u00e9 Lu\u00eds M\u00e9ndez La Fuente Con el recrudecimiento de la pandemia en el mundo, que seg\u00fan todos los pron\u00f3sticos se va a prolongar indefinidamente, las manifestaciones p\u00fablicas principalmente&#46;&#46;&#46;<\/p>\n","protected":false},"author":2,"featured_media":2113,"comment_status":"open","ping_status":"open","sticky":false,"template":"","format":"standard","meta":{"_acf_changed":false,"om_disable_all_campaigns":false,"rop_custom_images_group":[],"rop_custom_messages_group":[],"rop_publish_now":"initial","rop_publish_now_accounts":{"twitter_242054905_242054905":""},"rop_publish_now_history":[],"rop_publish_now_status":"pending","_uf_show_specific_survey":0,"_uf_disable_surveys":false,"footnotes":""},"categories":[3],"tags":[],"class_list":["post-12961","post","type-post","status-publish","format-standard","has-post-thumbnail","hentry","category-politica"],"acf":[],"aioseo_notices":[],"yoast_head":"<!-- This site is optimized with the Yoast SEO Premium plugin v24.9 (Yoast SEO v27.2) - https:\/\/yoast.com\/product\/yoast-seo-premium-wordpress\/ -->\n<title>Libertades individuales y pandemia Por: Jos\u00e9 Lu\u00eds M\u00e9ndez La Fuente - Venezuela | Noti-America.com<\/title>\n<meta name=\"robots\" content=\"index, follow, max-snippet:-1, max-image-preview:large, max-video-preview:-1\" \/>\n<link rel=\"canonical\" href=\"https:\/\/noti-america.com\/site\/venezuela\/2020\/08\/31\/libertades-individuales-y-pandemia-por-jose-luis-mendez-la-fuente\/\" \/>\n<meta property=\"og:locale\" content=\"es_ES\" \/>\n<meta property=\"og:type\" content=\"article\" \/>\n<meta property=\"og:title\" content=\"Libertades individuales y pandemia Por: Jos\u00e9 Lu\u00eds M\u00e9ndez La Fuente\" \/>\n<meta property=\"og:description\" content=\"NOTI-AMERICA.COM (VENEZUELA) Libertades individuales y pandemia Jos\u00e9 Lu\u00eds M\u00e9ndez La Fuente Con el recrudecimiento de la pandemia en el mundo, que seg\u00fan todos los pron\u00f3sticos se va a prolongar indefinidamente, las manifestaciones p\u00fablicas principalmente&#046;&#046;&#046;\" \/>\n<meta property=\"og:url\" content=\"https:\/\/noti-america.com\/site\/venezuela\/2020\/08\/31\/libertades-individuales-y-pandemia-por-jose-luis-mendez-la-fuente\/\" \/>\n<meta property=\"og:site_name\" content=\"Venezuela | Noti-America.com\" \/>\n<meta property=\"article:published_time\" content=\"2020-08-31T20:51:23+00:00\" \/>\n<meta property=\"article:modified_time\" content=\"2020-09-01T00:51:37+00:00\" \/>\n<meta property=\"og:image\" content=\"https:\/\/noti-america.com\/site\/venezuela\/wp-content\/uploads\/sites\/2\/2018\/05\/Jos\u00e9-Luis-M\u00e9ndez-La-fuente.jpg\" \/>\n\t<meta property=\"og:image:width\" content=\"1\" \/>\n\t<meta property=\"og:image:height\" content=\"1\" \/>\n\t<meta property=\"og:image:type\" content=\"image\/jpeg\" \/>\n<meta name=\"author\" content=\"rloaiza\" \/>\n<meta name=\"twitter:card\" content=\"summary_large_image\" \/>\n<meta name=\"twitter:label1\" content=\"Escrito por\" \/>\n\t<meta name=\"twitter:data1\" content=\"rloaiza\" \/>\n\t<meta name=\"twitter:label2\" content=\"Tiempo estimado de lectura\" \/>\n\t<meta name=\"twitter:data2\" content=\"5 minutos\" \/>\n<script type=\"application\/ld+json\" class=\"yoast-schema-graph\">{\"@context\":\"https:\/\/schema.org\",\"@graph\":[{\"@type\":\"Article\",\"@id\":\"https:\/\/noti-america.com\/site\/venezuela\/2020\/08\/31\/libertades-individuales-y-pandemia-por-jose-luis-mendez-la-fuente\/#article\",\"isPartOf\":{\"@id\":\"https:\/\/noti-america.com\/site\/venezuela\/2020\/08\/31\/libertades-individuales-y-pandemia-por-jose-luis-mendez-la-fuente\/\"},\"author\":{\"name\":\"rloaiza\",\"@id\":\"https:\/\/noti-america.com\/site\/venezuela\/#\/schema\/person\/a2e478ba496331ce89bcd0c731cd6533\"},\"headline\":\"Libertades individuales y pandemia Por: Jos\u00e9 Lu\u00eds M\u00e9ndez La Fuente\",\"datePublished\":\"2020-08-31T20:51:23+00:00\",\"dateModified\":\"2020-09-01T00:51:37+00:00\",\"mainEntityOfPage\":{\"@id\":\"https:\/\/noti-america.com\/site\/venezuela\/2020\/08\/31\/libertades-individuales-y-pandemia-por-jose-luis-mendez-la-fuente\/\"},\"wordCount\":920,\"commentCount\":0,\"publisher\":{\"@id\":\"https:\/\/noti-america.com\/site\/venezuela\/#organization\"},\"image\":{\"@id\":\"https:\/\/noti-america.com\/site\/venezuela\/2020\/08\/31\/libertades-individuales-y-pandemia-por-jose-luis-mendez-la-fuente\/#primaryimage\"},\"thumbnailUrl\":\"https:\/\/noti-america.com\/site\/venezuela\/wp-content\/uploads\/sites\/2\/2018\/05\/Jos\u00e9-Luis-M\u00e9ndez-La-fuente.jpg\",\"articleSection\":[\"Pol\u00edtica\"],\"inLanguage\":\"es\",\"potentialAction\":[{\"@type\":\"CommentAction\",\"name\":\"Comment\",\"target\":[\"https:\/\/noti-america.com\/site\/venezuela\/2020\/08\/31\/libertades-individuales-y-pandemia-por-jose-luis-mendez-la-fuente\/#respond\"]}]},{\"@type\":\"WebPage\",\"@id\":\"https:\/\/noti-america.com\/site\/venezuela\/2020\/08\/31\/libertades-individuales-y-pandemia-por-jose-luis-mendez-la-fuente\/\",\"url\":\"https:\/\/noti-america.com\/site\/venezuela\/2020\/08\/31\/libertades-individuales-y-pandemia-por-jose-luis-mendez-la-fuente\/\",\"name\":\"Libertades individuales y pandemia Por: Jos\u00e9 Lu\u00eds M\u00e9ndez La Fuente - Venezuela | Noti-America.com\",\"isPartOf\":{\"@id\":\"https:\/\/noti-america.com\/site\/venezuela\/#website\"},\"primaryImageOfPage\":{\"@id\":\"https:\/\/noti-america.com\/site\/venezuela\/2020\/08\/31\/libertades-individuales-y-pandemia-por-jose-luis-mendez-la-fuente\/#primaryimage\"},\"image\":{\"@id\":\"https:\/\/noti-america.com\/site\/venezuela\/2020\/08\/31\/libertades-individuales-y-pandemia-por-jose-luis-mendez-la-fuente\/#primaryimage\"},\"thumbnailUrl\":\"https:\/\/noti-america.com\/site\/venezuela\/wp-content\/uploads\/sites\/2\/2018\/05\/Jos\u00e9-Luis-M\u00e9ndez-La-fuente.jpg\",\"datePublished\":\"2020-08-31T20:51:23+00:00\",\"dateModified\":\"2020-09-01T00:51:37+00:00\",\"breadcrumb\":{\"@id\":\"https:\/\/noti-america.com\/site\/venezuela\/2020\/08\/31\/libertades-individuales-y-pandemia-por-jose-luis-mendez-la-fuente\/#breadcrumb\"},\"inLanguage\":\"es\",\"potentialAction\":[{\"@type\":\"ReadAction\",\"target\":[\"https:\/\/noti-america.com\/site\/venezuela\/2020\/08\/31\/libertades-individuales-y-pandemia-por-jose-luis-mendez-la-fuente\/\"]}]},{\"@type\":\"ImageObject\",\"inLanguage\":\"es\",\"@id\":\"https:\/\/noti-america.com\/site\/venezuela\/2020\/08\/31\/libertades-individuales-y-pandemia-por-jose-luis-mendez-la-fuente\/#primaryimage\",\"url\":\"https:\/\/noti-america.com\/site\/venezuela\/wp-content\/uploads\/sites\/2\/2018\/05\/Jos\u00e9-Luis-M\u00e9ndez-La-fuente.jpg\",\"contentUrl\":\"https:\/\/noti-america.com\/site\/venezuela\/wp-content\/uploads\/sites\/2\/2018\/05\/Jos\u00e9-Luis-M\u00e9ndez-La-fuente.jpg\",\"caption\":\"Jos\u00e9 Luis M\u00e9ndez La Fuente\"},{\"@type\":\"BreadcrumbList\",\"@id\":\"https:\/\/noti-america.com\/site\/venezuela\/2020\/08\/31\/libertades-individuales-y-pandemia-por-jose-luis-mendez-la-fuente\/#breadcrumb\",\"itemListElement\":[{\"@type\":\"ListItem\",\"position\":1,\"name\":\"Portada\",\"item\":\"https:\/\/noti-america.com\/site\/venezuela\/\"},{\"@type\":\"ListItem\",\"position\":2,\"name\":\"Libertades individuales y pandemia Por: Jos\u00e9 Lu\u00eds M\u00e9ndez La Fuente\"}]},{\"@type\":\"WebSite\",\"@id\":\"https:\/\/noti-america.com\/site\/venezuela\/#website\",\"url\":\"https:\/\/noti-america.com\/site\/venezuela\/\",\"name\":\"Venezuela | Noti-America.com\",\"description\":\"\",\"publisher\":{\"@id\":\"https:\/\/noti-america.com\/site\/venezuela\/#organization\"},\"potentialAction\":[{\"@type\":\"SearchAction\",\"target\":{\"@type\":\"EntryPoint\",\"urlTemplate\":\"https:\/\/noti-america.com\/site\/venezuela\/?s={search_term_string}\"},\"query-input\":{\"@type\":\"PropertyValueSpecification\",\"valueRequired\":true,\"valueName\":\"search_term_string\"}}],\"inLanguage\":\"es\"},{\"@type\":\"Organization\",\"@id\":\"https:\/\/noti-america.com\/site\/venezuela\/#organization\",\"name\":\"Noti-America LLC | Venezuela\",\"url\":\"https:\/\/noti-america.com\/site\/venezuela\/\",\"logo\":{\"@type\":\"ImageObject\",\"inLanguage\":\"es\",\"@id\":\"https:\/\/noti-america.com\/site\/venezuela\/#\/schema\/logo\/image\/\",\"url\":\"https:\/\/noti-america.com\/site\/venezuela\/wp-content\/uploads\/sites\/2\/2020\/07\/LogoNA-4x3-1.jpg\",\"contentUrl\":\"https:\/\/noti-america.com\/site\/venezuela\/wp-content\/uploads\/sites\/2\/2020\/07\/LogoNA-4x3-1.jpg\",\"width\":1236,\"height\":1080,\"caption\":\"Noti-America LLC | Venezuela\"},\"image\":{\"@id\":\"https:\/\/noti-america.com\/site\/venezuela\/#\/schema\/logo\/image\/\"}},{\"@type\":\"Person\",\"@id\":\"https:\/\/noti-america.com\/site\/venezuela\/#\/schema\/person\/a2e478ba496331ce89bcd0c731cd6533\",\"name\":\"rloaiza\",\"image\":{\"@type\":\"ImageObject\",\"inLanguage\":\"es\",\"@id\":\"https:\/\/secure.gravatar.com\/avatar\/190058e5d4427934610b99c45aa7a6558806850adedd53ddeddd194b04773e22?s=96&d=mm&r=g\",\"url\":\"https:\/\/secure.gravatar.com\/avatar\/190058e5d4427934610b99c45aa7a6558806850adedd53ddeddd194b04773e22?s=96&d=mm&r=g\",\"contentUrl\":\"https:\/\/secure.gravatar.com\/avatar\/190058e5d4427934610b99c45aa7a6558806850adedd53ddeddd194b04773e22?s=96&d=mm&r=g\",\"caption\":\"rloaiza\"},\"url\":\"https:\/\/noti-america.com\/site\/venezuela\/author\/rloaiza\/\"}]}<\/script>\n<!-- \/ Yoast SEO Premium plugin. -->","yoast_head_json":{"title":"Libertades individuales y pandemia Por: Jos\u00e9 Lu\u00eds M\u00e9ndez La Fuente - Venezuela | Noti-America.com","robots":{"index":"index","follow":"follow","max-snippet":"max-snippet:-1","max-image-preview":"max-image-preview:large","max-video-preview":"max-video-preview:-1"},"canonical":"https:\/\/noti-america.com\/site\/venezuela\/2020\/08\/31\/libertades-individuales-y-pandemia-por-jose-luis-mendez-la-fuente\/","og_locale":"es_ES","og_type":"article","og_title":"Libertades individuales y pandemia Por: Jos\u00e9 Lu\u00eds M\u00e9ndez La Fuente","og_description":"NOTI-AMERICA.COM (VENEZUELA) Libertades individuales y pandemia Jos\u00e9 Lu\u00eds M\u00e9ndez La Fuente Con el recrudecimiento de la pandemia en el mundo, que seg\u00fan todos los pron\u00f3sticos se va a prolongar indefinidamente, las manifestaciones p\u00fablicas principalmente&#46;&#46;&#46;","og_url":"https:\/\/noti-america.com\/site\/venezuela\/2020\/08\/31\/libertades-individuales-y-pandemia-por-jose-luis-mendez-la-fuente\/","og_site_name":"Venezuela | Noti-America.com","article_published_time":"2020-08-31T20:51:23+00:00","article_modified_time":"2020-09-01T00:51:37+00:00","og_image":[{"url":"https:\/\/noti-america.com\/site\/venezuela\/wp-content\/uploads\/sites\/2\/2018\/05\/Jos\u00e9-Luis-M\u00e9ndez-La-fuente.jpg","width":1,"height":1,"type":"image\/jpeg"}],"author":"rloaiza","twitter_card":"summary_large_image","twitter_misc":{"Escrito por":"rloaiza","Tiempo estimado de lectura":"5 minutos"},"schema":{"@context":"https:\/\/schema.org","@graph":[{"@type":"Article","@id":"https:\/\/noti-america.com\/site\/venezuela\/2020\/08\/31\/libertades-individuales-y-pandemia-por-jose-luis-mendez-la-fuente\/#article","isPartOf":{"@id":"https:\/\/noti-america.com\/site\/venezuela\/2020\/08\/31\/libertades-individuales-y-pandemia-por-jose-luis-mendez-la-fuente\/"},"author":{"name":"rloaiza","@id":"https:\/\/noti-america.com\/site\/venezuela\/#\/schema\/person\/a2e478ba496331ce89bcd0c731cd6533"},"headline":"Libertades individuales y pandemia Por: Jos\u00e9 Lu\u00eds M\u00e9ndez La Fuente","datePublished":"2020-08-31T20:51:23+00:00","dateModified":"2020-09-01T00:51:37+00:00","mainEntityOfPage":{"@id":"https:\/\/noti-america.com\/site\/venezuela\/2020\/08\/31\/libertades-individuales-y-pandemia-por-jose-luis-mendez-la-fuente\/"},"wordCount":920,"commentCount":0,"publisher":{"@id":"https:\/\/noti-america.com\/site\/venezuela\/#organization"},"image":{"@id":"https:\/\/noti-america.com\/site\/venezuela\/2020\/08\/31\/libertades-individuales-y-pandemia-por-jose-luis-mendez-la-fuente\/#primaryimage"},"thumbnailUrl":"https:\/\/noti-america.com\/site\/venezuela\/wp-content\/uploads\/sites\/2\/2018\/05\/Jos\u00e9-Luis-M\u00e9ndez-La-fuente.jpg","articleSection":["Pol\u00edtica"],"inLanguage":"es","potentialAction":[{"@type":"CommentAction","name":"Comment","target":["https:\/\/noti-america.com\/site\/venezuela\/2020\/08\/31\/libertades-individuales-y-pandemia-por-jose-luis-mendez-la-fuente\/#respond"]}]},{"@type":"WebPage","@id":"https:\/\/noti-america.com\/site\/venezuela\/2020\/08\/31\/libertades-individuales-y-pandemia-por-jose-luis-mendez-la-fuente\/","url":"https:\/\/noti-america.com\/site\/venezuela\/2020\/08\/31\/libertades-individuales-y-pandemia-por-jose-luis-mendez-la-fuente\/","name":"Libertades individuales y pandemia Por: Jos\u00e9 Lu\u00eds M\u00e9ndez La Fuente - Venezuela | Noti-America.com","isPartOf":{"@id":"https:\/\/noti-america.com\/site\/venezuela\/#website"},"primaryImageOfPage":{"@id":"https:\/\/noti-america.com\/site\/venezuela\/2020\/08\/31\/libertades-individuales-y-pandemia-por-jose-luis-mendez-la-fuente\/#primaryimage"},"image":{"@id":"https:\/\/noti-america.com\/site\/venezuela\/2020\/08\/31\/libertades-individuales-y-pandemia-por-jose-luis-mendez-la-fuente\/#primaryimage"},"thumbnailUrl":"https:\/\/noti-america.com\/site\/venezuela\/wp-content\/uploads\/sites\/2\/2018\/05\/Jos\u00e9-Luis-M\u00e9ndez-La-fuente.jpg","datePublished":"2020-08-31T20:51:23+00:00","dateModified":"2020-09-01T00:51:37+00:00","breadcrumb":{"@id":"https:\/\/noti-america.com\/site\/venezuela\/2020\/08\/31\/libertades-individuales-y-pandemia-por-jose-luis-mendez-la-fuente\/#breadcrumb"},"inLanguage":"es","potentialAction":[{"@type":"ReadAction","target":["https:\/\/noti-america.com\/site\/venezuela\/2020\/08\/31\/libertades-individuales-y-pandemia-por-jose-luis-mendez-la-fuente\/"]}]},{"@type":"ImageObject","inLanguage":"es","@id":"https:\/\/noti-america.com\/site\/venezuela\/2020\/08\/31\/libertades-individuales-y-pandemia-por-jose-luis-mendez-la-fuente\/#primaryimage","url":"https:\/\/noti-america.com\/site\/venezuela\/wp-content\/uploads\/sites\/2\/2018\/05\/Jos\u00e9-Luis-M\u00e9ndez-La-fuente.jpg","contentUrl":"https:\/\/noti-america.com\/site\/venezuela\/wp-content\/uploads\/sites\/2\/2018\/05\/Jos\u00e9-Luis-M\u00e9ndez-La-fuente.jpg","caption":"Jos\u00e9 Luis M\u00e9ndez La Fuente"},{"@type":"BreadcrumbList","@id":"https:\/\/noti-america.com\/site\/venezuela\/2020\/08\/31\/libertades-individuales-y-pandemia-por-jose-luis-mendez-la-fuente\/#breadcrumb","itemListElement":[{"@type":"ListItem","position":1,"name":"Portada","item":"https:\/\/noti-america.com\/site\/venezuela\/"},{"@type":"ListItem","position":2,"name":"Libertades individuales y pandemia Por: Jos\u00e9 Lu\u00eds M\u00e9ndez La Fuente"}]},{"@type":"WebSite","@id":"https:\/\/noti-america.com\/site\/venezuela\/#website","url":"https:\/\/noti-america.com\/site\/venezuela\/","name":"Venezuela | Noti-America.com","description":"","publisher":{"@id":"https:\/\/noti-america.com\/site\/venezuela\/#organization"},"potentialAction":[{"@type":"SearchAction","target":{"@type":"EntryPoint","urlTemplate":"https:\/\/noti-america.com\/site\/venezuela\/?s={search_term_string}"},"query-input":{"@type":"PropertyValueSpecification","valueRequired":true,"valueName":"search_term_string"}}],"inLanguage":"es"},{"@type":"Organization","@id":"https:\/\/noti-america.com\/site\/venezuela\/#organization","name":"Noti-America LLC | Venezuela","url":"https:\/\/noti-america.com\/site\/venezuela\/","logo":{"@type":"ImageObject","inLanguage":"es","@id":"https:\/\/noti-america.com\/site\/venezuela\/#\/schema\/logo\/image\/","url":"https:\/\/noti-america.com\/site\/venezuela\/wp-content\/uploads\/sites\/2\/2020\/07\/LogoNA-4x3-1.jpg","contentUrl":"https:\/\/noti-america.com\/site\/venezuela\/wp-content\/uploads\/sites\/2\/2020\/07\/LogoNA-4x3-1.jpg","width":1236,"height":1080,"caption":"Noti-America LLC | Venezuela"},"image":{"@id":"https:\/\/noti-america.com\/site\/venezuela\/#\/schema\/logo\/image\/"}},{"@type":"Person","@id":"https:\/\/noti-america.com\/site\/venezuela\/#\/schema\/person\/a2e478ba496331ce89bcd0c731cd6533","name":"rloaiza","image":{"@type":"ImageObject","inLanguage":"es","@id":"https:\/\/secure.gravatar.com\/avatar\/190058e5d4427934610b99c45aa7a6558806850adedd53ddeddd194b04773e22?s=96&d=mm&r=g","url":"https:\/\/secure.gravatar.com\/avatar\/190058e5d4427934610b99c45aa7a6558806850adedd53ddeddd194b04773e22?s=96&d=mm&r=g","contentUrl":"https:\/\/secure.gravatar.com\/avatar\/190058e5d4427934610b99c45aa7a6558806850adedd53ddeddd194b04773e22?s=96&d=mm&r=g","caption":"rloaiza"},"url":"https:\/\/noti-america.com\/site\/venezuela\/author\/rloaiza\/"}]}},"_links":{"self":[{"href":"https:\/\/noti-america.com\/site\/venezuela\/wp-json\/wp\/v2\/posts\/12961","targetHints":{"allow":["GET"]}}],"collection":[{"href":"https:\/\/noti-america.com\/site\/venezuela\/wp-json\/wp\/v2\/posts"}],"about":[{"href":"https:\/\/noti-america.com\/site\/venezuela\/wp-json\/wp\/v2\/types\/post"}],"author":[{"embeddable":true,"href":"https:\/\/noti-america.com\/site\/venezuela\/wp-json\/wp\/v2\/users\/2"}],"replies":[{"embeddable":true,"href":"https:\/\/noti-america.com\/site\/venezuela\/wp-json\/wp\/v2\/comments?post=12961"}],"version-history":[{"count":1,"href":"https:\/\/noti-america.com\/site\/venezuela\/wp-json\/wp\/v2\/posts\/12961\/revisions"}],"predecessor-version":[{"id":12962,"href":"https:\/\/noti-america.com\/site\/venezuela\/wp-json\/wp\/v2\/posts\/12961\/revisions\/12962"}],"wp:featuredmedia":[{"embeddable":true,"href":"https:\/\/noti-america.com\/site\/venezuela\/wp-json\/wp\/v2\/media\/2113"}],"wp:attachment":[{"href":"https:\/\/noti-america.com\/site\/venezuela\/wp-json\/wp\/v2\/media?parent=12961"}],"wp:term":[{"taxonomy":"category","embeddable":true,"href":"https:\/\/noti-america.com\/site\/venezuela\/wp-json\/wp\/v2\/categories?post=12961"},{"taxonomy":"post_tag","embeddable":true,"href":"https:\/\/noti-america.com\/site\/venezuela\/wp-json\/wp\/v2\/tags?post=12961"}],"curies":[{"name":"wp","href":"https:\/\/api.w.org\/{rel}","templated":true}]}}