{"id":12958,"date":"2020-08-30T16:38:53","date_gmt":"2020-08-30T16:38:53","guid":{"rendered":"https:\/\/noti-america.com\/site\/venezuela\/2020\/08\/30\/eset-se-suma-a-una-nueva-edicion-de-comprometidos\/"},"modified":"2020-08-30T20:39:03","modified_gmt":"2020-08-30T20:39:03","slug":"eset-se-suma-a-una-nueva-edicion-de-comprometidos","status":"publish","type":"post","link":"https:\/\/noti-america.com\/site\/venezuela\/2020\/08\/30\/eset-se-suma-a-una-nueva-edicion-de-comprometidos\/","title":{"rendered":"ESET se suma a una nueva edici\u00f3n de Comprometidos"},"content":{"rendered":"<p style=\"text-align: justify;\">Nota de Prensa<\/p>\n<p style=\"text-align: justify;\"><strong><em>La compa\u00f1\u00eda de seguridad inform\u00e1tica acompa\u00f1a nuevamente esta iniciativa que busca incentivar a los m\u00e1s j\u00f3venes a ser l\u00edderes de cambio y as\u00ed generar un impacto social positivo.<\/em><\/strong><\/p>\n<p style=\"text-align: justify;\"><strong>ESET<\/strong>, compa\u00f1\u00eda l\u00edder en detecci\u00f3n proactiva de amenazas, como parte de su <strong>apoyo al desarrollo de proyectos que fomenten la inclusi\u00f3n e innovaci\u00f3n social<\/strong>, y en funci\u00f3n de <strong>generar un impacto positivo en sus acciones<\/strong>, se suma nuevamente a\u00a0<a href=\"https:\/\/www.instagram.com\/estamoscomprometidos\/\"><strong>Comprometidos<\/strong><\/a>, el desaf\u00edo llevado a cabo por las ONG\u00a0<a href=\"https:\/\/www.facebook.com\/AshokaArgentina\/\">Ashoka<\/a>,\u00a0<a href=\"https:\/\/es-la.facebook.com\/SocialabAr\/\">Socialab<\/a>\u00a0y la\u00a0<a href=\"https:\/\/www.facebook.com\/UNESCOes\/\">UNESCO<\/a>.<\/p>\n<p style=\"text-align: justify;\"><a href=\"https:\/\/www.instagram.com\/estamoscomprometidos\/\">Comprometidos<\/a> es una iniciativa anual que se lleva a cabo desde 2015 con el fin de<strong>\u00a0promover el liderazgo juvenil e involucrar activamente a j\u00f3venes de Am\u00e9rica Latina y el Caribe con la Agenda 2030 y sus Objetivos de Desarrollo Sostenible<\/strong>. Desde esta visi\u00f3n, se entiende que el esp\u00edritu juvenil es un motor determinante e insustituible para poder mejorar los entornos sociales, econ\u00f3micos y ambientales a trav\u00e9s de iniciativas innovadoras con impacto que beneficien a la comunidad.<\/p>\n<p style=\"text-align: justify;\">En esta edici\u00f3n, se busca apoyar a los y las j\u00f3venes que lideren propuestas de transformaci\u00f3n social, a pesar de los desaf\u00edos que impone la pandemia. \u201cVarios an\u00e1lisis se\u00f1alan que las consecuencias de la pandemia afectar\u00e1n en especial a los j\u00f3venes, incluso hablan de\u00a0<em>generaci\u00f3n perdida<\/em>. Eso significa que hay que redoblar los esfuerzos para trabajar con y por los y las j\u00f3venes. Comprometidos viene a ser un gran espacio para potenciar esas iniciativas transformadoras de los y las j\u00f3venes que necesitamos en momentos como el que estamos viviendo\u201d, resalt\u00f3 Lidia Brito, directora de la Oficina regional de Ciencias de UNESCO para Am\u00e9rica Latina y el Caribe.<\/p>\n<p style=\"text-align: justify;\">En esta nueva edici\u00f3n de Comprometidos se seleccionaron a 100 j\u00f3venes que ya han participado con sus proyectos innovadores en versiones anteriores de Comprometidos. Representan a 13 pa\u00edses de la regi\u00f3n y en su mayor\u00eda son mujeres. Durante tres meses estos j\u00f3venes tendr\u00e1n acceso exclusivo a la comunidad virtual de Comprometidos donde recibir\u00e1n mentor\u00edas personalizadas, webinars, charlas, sesiones entre pares y capacitaciones para el mejoramiento de sus proyectos y el crecimiento personal.<\/p>\n<p style=\"text-align: justify;\">El principal objetivo este a\u00f1o es fortalecer esta comunidad de j\u00f3venes latinoamericanos que llevan adelante iniciativas transformadoras, y ampliar el contacto entre ellos mismos y sus proyectos. Que esa sinergia se potencie e impulse la creaci\u00f3n de la <strong>#ComunidadComprometidos2020<\/strong>.<\/p>\n<p style=\"text-align: justify;\"><em>\u201cDesde ESET nos parece clave acompa\u00f1ar este tipo de iniciativas que articulan el trabajo desde diferentes \u00e1mbitos para generar una diferencia. Desde el sector privado, desde el Estado y desde las organizaciones de sociedad civil buscamos trabajar en conjunto para cumplir objetivos que son el bien com\u00fan.<\/em> <em>Nos enorgullece poder apoyar y participar nuevamente de este proyecto que busca el impulsar el cambio desde los j\u00f3venes<\/em>\u201d, mencion\u00f3 Carolina Kaplan, Responsable de Sustentabilidad de ESET Latinoam\u00e9rica.<\/p>\n<p style=\"text-align: justify;\">Adem\u00e1s de apoyar esta iniciativa, los <strong>colaboradores y colaboradoras de <\/strong><a href=\"https:\/\/www.eset.com\/latam\/\"><strong>ESET<\/strong><\/a><strong> participar\u00e1n en la etapa de Profundizaci\u00f3n<\/strong> y como <strong>asesores <\/strong>de algunos de los proyectos que se presenten en la plataforma.<\/p>\n<p style=\"text-align: justify;\">\n<p style=\"text-align: justify;\">Para acceder a m\u00e1s informaci\u00f3n del proyecto puede ingresar a: <a href=\"https:\/\/somoseset.com\/2020\/08\/13\/comprometidos-iniciativa-promueve-jovenes-como-agentes-de-cambio\/\">https:\/\/somoseset.com\/2020\/08\/13\/comprometidos-iniciativa-promueve-jovenes-como-agentes-de-cambio\/<\/a><\/p>\n","protected":false},"excerpt":{"rendered":"<p>Nota de Prensa La compa\u00f1\u00eda de seguridad inform\u00e1tica acompa\u00f1a nuevamente esta iniciativa que busca incentivar a los m\u00e1s j\u00f3venes a ser l\u00edderes de cambio y as\u00ed generar un impacto social positivo. ESET, compa\u00f1\u00eda l\u00edder&#46;&#46;&#46;<\/p>\n","protected":false},"author":1,"featured_media":12959,"comment_status":"open","ping_status":"open","sticky":false,"template":"","format":"image","meta":{"_acf_changed":false,"om_disable_all_campaigns":false,"rop_custom_images_group":[],"rop_custom_messages_group":[],"rop_publish_now":"initial","rop_publish_now_accounts":{"twitter_242054905_242054905":""},"rop_publish_now_history":[],"rop_publish_now_status":"pending","_uf_show_specific_survey":0,"_uf_disable_surveys":false,"footnotes":""},"categories":[132,9],"tags":[],"class_list":["post-12958","post","type-post","status-publish","format-image","has-post-thumbnail","hentry","category-actualidad","category-tecnologia","post_format-post-format-image"],"acf":[],"aioseo_notices":[],"yoast_head":"<!-- This site is optimized with the Yoast SEO Premium plugin v24.9 (Yoast SEO v27.2) - https:\/\/yoast.com\/product\/yoast-seo-premium-wordpress\/ -->\n<title>ESET se suma a una nueva edici\u00f3n de Comprometidos - Venezuela | Noti-America.com<\/title>\n<meta name=\"robots\" content=\"index, follow, max-snippet:-1, max-image-preview:large, max-video-preview:-1\" \/>\n<link rel=\"canonical\" href=\"https:\/\/noti-america.com\/site\/venezuela\/2020\/08\/30\/eset-se-suma-a-una-nueva-edicion-de-comprometidos\/\" \/>\n<meta property=\"og:locale\" content=\"es_ES\" \/>\n<meta property=\"og:type\" content=\"article\" \/>\n<meta property=\"og:title\" content=\"ESET se suma a una nueva edici\u00f3n de Comprometidos\" \/>\n<meta property=\"og:description\" content=\"Nota de Prensa La compa\u00f1\u00eda de seguridad inform\u00e1tica acompa\u00f1a nuevamente esta iniciativa que busca incentivar a los m\u00e1s j\u00f3venes a ser l\u00edderes de cambio y as\u00ed generar un impacto social positivo. ESET, compa\u00f1\u00eda l\u00edder&#046;&#046;&#046;\" \/>\n<meta property=\"og:url\" content=\"https:\/\/noti-america.com\/site\/venezuela\/2020\/08\/30\/eset-se-suma-a-una-nueva-edicion-de-comprometidos\/\" \/>\n<meta property=\"og:site_name\" content=\"Venezuela | Noti-America.com\" \/>\n<meta property=\"article:published_time\" content=\"2020-08-30T16:38:53+00:00\" \/>\n<meta property=\"article:modified_time\" content=\"2020-08-30T20:39:03+00:00\" \/>\n<meta property=\"og:image\" content=\"https:\/\/noti-america.com\/site\/venezuela\/wp-content\/uploads\/sites\/2\/2020\/08\/nueva-edicion-de-comprometidos.jpg\" \/>\n\t<meta property=\"og:image:width\" content=\"1280\" \/>\n\t<meta property=\"og:image:height\" content=\"720\" \/>\n\t<meta property=\"og:image:type\" content=\"image\/jpeg\" \/>\n<meta name=\"author\" content=\"Rosmer Herrera\" \/>\n<meta name=\"twitter:card\" content=\"summary_large_image\" \/>\n<meta name=\"twitter:label1\" content=\"Escrito por\" \/>\n\t<meta name=\"twitter:data1\" content=\"Rosmer Herrera\" \/>\n\t<meta name=\"twitter:label2\" content=\"Tiempo estimado de lectura\" \/>\n\t<meta name=\"twitter:data2\" content=\"3 minutos\" \/>\n<script type=\"application\/ld+json\" class=\"yoast-schema-graph\">{\"@context\":\"https:\/\/schema.org\",\"@graph\":[{\"@type\":\"Article\",\"@id\":\"https:\/\/noti-america.com\/site\/venezuela\/2020\/08\/30\/eset-se-suma-a-una-nueva-edicion-de-comprometidos\/#article\",\"isPartOf\":{\"@id\":\"https:\/\/noti-america.com\/site\/venezuela\/2020\/08\/30\/eset-se-suma-a-una-nueva-edicion-de-comprometidos\/\"},\"author\":{\"name\":\"Rosmer Herrera\",\"@id\":\"https:\/\/noti-america.com\/site\/venezuela\/#\/schema\/person\/fd58dbfb92a257e9dc5761bf69a855ff\"},\"headline\":\"ESET se suma a una nueva edici\u00f3n de Comprometidos\",\"datePublished\":\"2020-08-30T16:38:53+00:00\",\"dateModified\":\"2020-08-30T20:39:03+00:00\",\"mainEntityOfPage\":{\"@id\":\"https:\/\/noti-america.com\/site\/venezuela\/2020\/08\/30\/eset-se-suma-a-una-nueva-edicion-de-comprometidos\/\"},\"wordCount\":557,\"commentCount\":0,\"publisher\":{\"@id\":\"https:\/\/noti-america.com\/site\/venezuela\/#organization\"},\"image\":{\"@id\":\"https:\/\/noti-america.com\/site\/venezuela\/2020\/08\/30\/eset-se-suma-a-una-nueva-edicion-de-comprometidos\/#primaryimage\"},\"thumbnailUrl\":\"https:\/\/noti-america.com\/site\/venezuela\/wp-content\/uploads\/sites\/2\/2020\/08\/nueva-edicion-de-comprometidos.jpg\",\"articleSection\":[\"Actualidad\",\"Tecnolog\u00eda\"],\"inLanguage\":\"es\",\"potentialAction\":[{\"@type\":\"CommentAction\",\"name\":\"Comment\",\"target\":[\"https:\/\/noti-america.com\/site\/venezuela\/2020\/08\/30\/eset-se-suma-a-una-nueva-edicion-de-comprometidos\/#respond\"]}]},{\"@type\":\"WebPage\",\"@id\":\"https:\/\/noti-america.com\/site\/venezuela\/2020\/08\/30\/eset-se-suma-a-una-nueva-edicion-de-comprometidos\/\",\"url\":\"https:\/\/noti-america.com\/site\/venezuela\/2020\/08\/30\/eset-se-suma-a-una-nueva-edicion-de-comprometidos\/\",\"name\":\"ESET se suma a una nueva edici\u00f3n de Comprometidos - Venezuela | Noti-America.com\",\"isPartOf\":{\"@id\":\"https:\/\/noti-america.com\/site\/venezuela\/#website\"},\"primaryImageOfPage\":{\"@id\":\"https:\/\/noti-america.com\/site\/venezuela\/2020\/08\/30\/eset-se-suma-a-una-nueva-edicion-de-comprometidos\/#primaryimage\"},\"image\":{\"@id\":\"https:\/\/noti-america.com\/site\/venezuela\/2020\/08\/30\/eset-se-suma-a-una-nueva-edicion-de-comprometidos\/#primaryimage\"},\"thumbnailUrl\":\"https:\/\/noti-america.com\/site\/venezuela\/wp-content\/uploads\/sites\/2\/2020\/08\/nueva-edicion-de-comprometidos.jpg\",\"datePublished\":\"2020-08-30T16:38:53+00:00\",\"dateModified\":\"2020-08-30T20:39:03+00:00\",\"breadcrumb\":{\"@id\":\"https:\/\/noti-america.com\/site\/venezuela\/2020\/08\/30\/eset-se-suma-a-una-nueva-edicion-de-comprometidos\/#breadcrumb\"},\"inLanguage\":\"es\",\"potentialAction\":[{\"@type\":\"ReadAction\",\"target\":[\"https:\/\/noti-america.com\/site\/venezuela\/2020\/08\/30\/eset-se-suma-a-una-nueva-edicion-de-comprometidos\/\"]}]},{\"@type\":\"ImageObject\",\"inLanguage\":\"es\",\"@id\":\"https:\/\/noti-america.com\/site\/venezuela\/2020\/08\/30\/eset-se-suma-a-una-nueva-edicion-de-comprometidos\/#primaryimage\",\"url\":\"https:\/\/noti-america.com\/site\/venezuela\/wp-content\/uploads\/sites\/2\/2020\/08\/nueva-edicion-de-comprometidos.jpg\",\"contentUrl\":\"https:\/\/noti-america.com\/site\/venezuela\/wp-content\/uploads\/sites\/2\/2020\/08\/nueva-edicion-de-comprometidos.jpg\",\"width\":1280,\"height\":720},{\"@type\":\"BreadcrumbList\",\"@id\":\"https:\/\/noti-america.com\/site\/venezuela\/2020\/08\/30\/eset-se-suma-a-una-nueva-edicion-de-comprometidos\/#breadcrumb\",\"itemListElement\":[{\"@type\":\"ListItem\",\"position\":1,\"name\":\"Portada\",\"item\":\"https:\/\/noti-america.com\/site\/venezuela\/\"},{\"@type\":\"ListItem\",\"position\":2,\"name\":\"ESET se suma a una nueva edici\u00f3n de Comprometidos\"}]},{\"@type\":\"WebSite\",\"@id\":\"https:\/\/noti-america.com\/site\/venezuela\/#website\",\"url\":\"https:\/\/noti-america.com\/site\/venezuela\/\",\"name\":\"Venezuela | Noti-America.com\",\"description\":\"\",\"publisher\":{\"@id\":\"https:\/\/noti-america.com\/site\/venezuela\/#organization\"},\"potentialAction\":[{\"@type\":\"SearchAction\",\"target\":{\"@type\":\"EntryPoint\",\"urlTemplate\":\"https:\/\/noti-america.com\/site\/venezuela\/?s={search_term_string}\"},\"query-input\":{\"@type\":\"PropertyValueSpecification\",\"valueRequired\":true,\"valueName\":\"search_term_string\"}}],\"inLanguage\":\"es\"},{\"@type\":\"Organization\",\"@id\":\"https:\/\/noti-america.com\/site\/venezuela\/#organization\",\"name\":\"Noti-America LLC | Venezuela\",\"url\":\"https:\/\/noti-america.com\/site\/venezuela\/\",\"logo\":{\"@type\":\"ImageObject\",\"inLanguage\":\"es\",\"@id\":\"https:\/\/noti-america.com\/site\/venezuela\/#\/schema\/logo\/image\/\",\"url\":\"https:\/\/noti-america.com\/site\/venezuela\/wp-content\/uploads\/sites\/2\/2020\/07\/LogoNA-4x3-1.jpg\",\"contentUrl\":\"https:\/\/noti-america.com\/site\/venezuela\/wp-content\/uploads\/sites\/2\/2020\/07\/LogoNA-4x3-1.jpg\",\"width\":1236,\"height\":1080,\"caption\":\"Noti-America LLC | Venezuela\"},\"image\":{\"@id\":\"https:\/\/noti-america.com\/site\/venezuela\/#\/schema\/logo\/image\/\"}},{\"@type\":\"Person\",\"@id\":\"https:\/\/noti-america.com\/site\/venezuela\/#\/schema\/person\/fd58dbfb92a257e9dc5761bf69a855ff\",\"name\":\"Rosmer Herrera\",\"image\":{\"@type\":\"ImageObject\",\"inLanguage\":\"es\",\"@id\":\"https:\/\/secure.gravatar.com\/avatar\/153e75c261394dbf20ff1a1e70ea2be9494f2b40b7fc4e7704084db13220ae08?s=96&d=mm&r=g\",\"url\":\"https:\/\/secure.gravatar.com\/avatar\/153e75c261394dbf20ff1a1e70ea2be9494f2b40b7fc4e7704084db13220ae08?s=96&d=mm&r=g\",\"contentUrl\":\"https:\/\/secure.gravatar.com\/avatar\/153e75c261394dbf20ff1a1e70ea2be9494f2b40b7fc4e7704084db13220ae08?s=96&d=mm&r=g\",\"caption\":\"Rosmer Herrera\"},\"url\":\"https:\/\/noti-america.com\/site\/venezuela\/author\/rosmer33\/\"}]}<\/script>\n<!-- \/ Yoast SEO Premium plugin. -->","yoast_head_json":{"title":"ESET se suma a una nueva edici\u00f3n de Comprometidos - Venezuela | Noti-America.com","robots":{"index":"index","follow":"follow","max-snippet":"max-snippet:-1","max-image-preview":"max-image-preview:large","max-video-preview":"max-video-preview:-1"},"canonical":"https:\/\/noti-america.com\/site\/venezuela\/2020\/08\/30\/eset-se-suma-a-una-nueva-edicion-de-comprometidos\/","og_locale":"es_ES","og_type":"article","og_title":"ESET se suma a una nueva edici\u00f3n de Comprometidos","og_description":"Nota de Prensa La compa\u00f1\u00eda de seguridad inform\u00e1tica acompa\u00f1a nuevamente esta iniciativa que busca incentivar a los m\u00e1s j\u00f3venes a ser l\u00edderes de cambio y as\u00ed generar un impacto social positivo. ESET, compa\u00f1\u00eda l\u00edder&#46;&#46;&#46;","og_url":"https:\/\/noti-america.com\/site\/venezuela\/2020\/08\/30\/eset-se-suma-a-una-nueva-edicion-de-comprometidos\/","og_site_name":"Venezuela | Noti-America.com","article_published_time":"2020-08-30T16:38:53+00:00","article_modified_time":"2020-08-30T20:39:03+00:00","og_image":[{"width":1280,"height":720,"url":"https:\/\/noti-america.com\/site\/venezuela\/wp-content\/uploads\/sites\/2\/2020\/08\/nueva-edicion-de-comprometidos.jpg","type":"image\/jpeg"}],"author":"Rosmer Herrera","twitter_card":"summary_large_image","twitter_misc":{"Escrito por":"Rosmer Herrera","Tiempo estimado de lectura":"3 minutos"},"schema":{"@context":"https:\/\/schema.org","@graph":[{"@type":"Article","@id":"https:\/\/noti-america.com\/site\/venezuela\/2020\/08\/30\/eset-se-suma-a-una-nueva-edicion-de-comprometidos\/#article","isPartOf":{"@id":"https:\/\/noti-america.com\/site\/venezuela\/2020\/08\/30\/eset-se-suma-a-una-nueva-edicion-de-comprometidos\/"},"author":{"name":"Rosmer Herrera","@id":"https:\/\/noti-america.com\/site\/venezuela\/#\/schema\/person\/fd58dbfb92a257e9dc5761bf69a855ff"},"headline":"ESET se suma a una nueva edici\u00f3n de Comprometidos","datePublished":"2020-08-30T16:38:53+00:00","dateModified":"2020-08-30T20:39:03+00:00","mainEntityOfPage":{"@id":"https:\/\/noti-america.com\/site\/venezuela\/2020\/08\/30\/eset-se-suma-a-una-nueva-edicion-de-comprometidos\/"},"wordCount":557,"commentCount":0,"publisher":{"@id":"https:\/\/noti-america.com\/site\/venezuela\/#organization"},"image":{"@id":"https:\/\/noti-america.com\/site\/venezuela\/2020\/08\/30\/eset-se-suma-a-una-nueva-edicion-de-comprometidos\/#primaryimage"},"thumbnailUrl":"https:\/\/noti-america.com\/site\/venezuela\/wp-content\/uploads\/sites\/2\/2020\/08\/nueva-edicion-de-comprometidos.jpg","articleSection":["Actualidad","Tecnolog\u00eda"],"inLanguage":"es","potentialAction":[{"@type":"CommentAction","name":"Comment","target":["https:\/\/noti-america.com\/site\/venezuela\/2020\/08\/30\/eset-se-suma-a-una-nueva-edicion-de-comprometidos\/#respond"]}]},{"@type":"WebPage","@id":"https:\/\/noti-america.com\/site\/venezuela\/2020\/08\/30\/eset-se-suma-a-una-nueva-edicion-de-comprometidos\/","url":"https:\/\/noti-america.com\/site\/venezuela\/2020\/08\/30\/eset-se-suma-a-una-nueva-edicion-de-comprometidos\/","name":"ESET se suma a una nueva edici\u00f3n de Comprometidos - Venezuela | Noti-America.com","isPartOf":{"@id":"https:\/\/noti-america.com\/site\/venezuela\/#website"},"primaryImageOfPage":{"@id":"https:\/\/noti-america.com\/site\/venezuela\/2020\/08\/30\/eset-se-suma-a-una-nueva-edicion-de-comprometidos\/#primaryimage"},"image":{"@id":"https:\/\/noti-america.com\/site\/venezuela\/2020\/08\/30\/eset-se-suma-a-una-nueva-edicion-de-comprometidos\/#primaryimage"},"thumbnailUrl":"https:\/\/noti-america.com\/site\/venezuela\/wp-content\/uploads\/sites\/2\/2020\/08\/nueva-edicion-de-comprometidos.jpg","datePublished":"2020-08-30T16:38:53+00:00","dateModified":"2020-08-30T20:39:03+00:00","breadcrumb":{"@id":"https:\/\/noti-america.com\/site\/venezuela\/2020\/08\/30\/eset-se-suma-a-una-nueva-edicion-de-comprometidos\/#breadcrumb"},"inLanguage":"es","potentialAction":[{"@type":"ReadAction","target":["https:\/\/noti-america.com\/site\/venezuela\/2020\/08\/30\/eset-se-suma-a-una-nueva-edicion-de-comprometidos\/"]}]},{"@type":"ImageObject","inLanguage":"es","@id":"https:\/\/noti-america.com\/site\/venezuela\/2020\/08\/30\/eset-se-suma-a-una-nueva-edicion-de-comprometidos\/#primaryimage","url":"https:\/\/noti-america.com\/site\/venezuela\/wp-content\/uploads\/sites\/2\/2020\/08\/nueva-edicion-de-comprometidos.jpg","contentUrl":"https:\/\/noti-america.com\/site\/venezuela\/wp-content\/uploads\/sites\/2\/2020\/08\/nueva-edicion-de-comprometidos.jpg","width":1280,"height":720},{"@type":"BreadcrumbList","@id":"https:\/\/noti-america.com\/site\/venezuela\/2020\/08\/30\/eset-se-suma-a-una-nueva-edicion-de-comprometidos\/#breadcrumb","itemListElement":[{"@type":"ListItem","position":1,"name":"Portada","item":"https:\/\/noti-america.com\/site\/venezuela\/"},{"@type":"ListItem","position":2,"name":"ESET se suma a una nueva edici\u00f3n de Comprometidos"}]},{"@type":"WebSite","@id":"https:\/\/noti-america.com\/site\/venezuela\/#website","url":"https:\/\/noti-america.com\/site\/venezuela\/","name":"Venezuela | Noti-America.com","description":"","publisher":{"@id":"https:\/\/noti-america.com\/site\/venezuela\/#organization"},"potentialAction":[{"@type":"SearchAction","target":{"@type":"EntryPoint","urlTemplate":"https:\/\/noti-america.com\/site\/venezuela\/?s={search_term_string}"},"query-input":{"@type":"PropertyValueSpecification","valueRequired":true,"valueName":"search_term_string"}}],"inLanguage":"es"},{"@type":"Organization","@id":"https:\/\/noti-america.com\/site\/venezuela\/#organization","name":"Noti-America LLC | Venezuela","url":"https:\/\/noti-america.com\/site\/venezuela\/","logo":{"@type":"ImageObject","inLanguage":"es","@id":"https:\/\/noti-america.com\/site\/venezuela\/#\/schema\/logo\/image\/","url":"https:\/\/noti-america.com\/site\/venezuela\/wp-content\/uploads\/sites\/2\/2020\/07\/LogoNA-4x3-1.jpg","contentUrl":"https:\/\/noti-america.com\/site\/venezuela\/wp-content\/uploads\/sites\/2\/2020\/07\/LogoNA-4x3-1.jpg","width":1236,"height":1080,"caption":"Noti-America LLC | Venezuela"},"image":{"@id":"https:\/\/noti-america.com\/site\/venezuela\/#\/schema\/logo\/image\/"}},{"@type":"Person","@id":"https:\/\/noti-america.com\/site\/venezuela\/#\/schema\/person\/fd58dbfb92a257e9dc5761bf69a855ff","name":"Rosmer Herrera","image":{"@type":"ImageObject","inLanguage":"es","@id":"https:\/\/secure.gravatar.com\/avatar\/153e75c261394dbf20ff1a1e70ea2be9494f2b40b7fc4e7704084db13220ae08?s=96&d=mm&r=g","url":"https:\/\/secure.gravatar.com\/avatar\/153e75c261394dbf20ff1a1e70ea2be9494f2b40b7fc4e7704084db13220ae08?s=96&d=mm&r=g","contentUrl":"https:\/\/secure.gravatar.com\/avatar\/153e75c261394dbf20ff1a1e70ea2be9494f2b40b7fc4e7704084db13220ae08?s=96&d=mm&r=g","caption":"Rosmer Herrera"},"url":"https:\/\/noti-america.com\/site\/venezuela\/author\/rosmer33\/"}]}},"_links":{"self":[{"href":"https:\/\/noti-america.com\/site\/venezuela\/wp-json\/wp\/v2\/posts\/12958","targetHints":{"allow":["GET"]}}],"collection":[{"href":"https:\/\/noti-america.com\/site\/venezuela\/wp-json\/wp\/v2\/posts"}],"about":[{"href":"https:\/\/noti-america.com\/site\/venezuela\/wp-json\/wp\/v2\/types\/post"}],"author":[{"embeddable":true,"href":"https:\/\/noti-america.com\/site\/venezuela\/wp-json\/wp\/v2\/users\/1"}],"replies":[{"embeddable":true,"href":"https:\/\/noti-america.com\/site\/venezuela\/wp-json\/wp\/v2\/comments?post=12958"}],"version-history":[{"count":1,"href":"https:\/\/noti-america.com\/site\/venezuela\/wp-json\/wp\/v2\/posts\/12958\/revisions"}],"predecessor-version":[{"id":12960,"href":"https:\/\/noti-america.com\/site\/venezuela\/wp-json\/wp\/v2\/posts\/12958\/revisions\/12960"}],"wp:featuredmedia":[{"embeddable":true,"href":"https:\/\/noti-america.com\/site\/venezuela\/wp-json\/wp\/v2\/media\/12959"}],"wp:attachment":[{"href":"https:\/\/noti-america.com\/site\/venezuela\/wp-json\/wp\/v2\/media?parent=12958"}],"wp:term":[{"taxonomy":"category","embeddable":true,"href":"https:\/\/noti-america.com\/site\/venezuela\/wp-json\/wp\/v2\/categories?post=12958"},{"taxonomy":"post_tag","embeddable":true,"href":"https:\/\/noti-america.com\/site\/venezuela\/wp-json\/wp\/v2\/tags?post=12958"}],"curies":[{"name":"wp","href":"https:\/\/api.w.org\/{rel}","templated":true}]}}