{"id":12747,"date":"2020-08-02T13:00:12","date_gmt":"2020-08-02T13:00:12","guid":{"rendered":"https:\/\/noti-america.com\/site\/venezuela\/2020\/08\/02\/medico-paraguanero-requiere-ayuda-economica-para-que-le-extraigan-un-tumor-cerebral\/"},"modified":"2020-08-02T17:00:20","modified_gmt":"2020-08-02T17:00:20","slug":"medico-paraguanero-requiere-ayuda-economica-para-que-le-extraigan-un-tumor-cerebral","status":"publish","type":"post","link":"https:\/\/noti-america.com\/site\/venezuela\/2020\/08\/02\/medico-paraguanero-requiere-ayuda-economica-para-que-le-extraigan-un-tumor-cerebral\/","title":{"rendered":"M\u00e9dico paraguanero requiere ayuda econ\u00f3mica para que le extraigan un tumor cerebral"},"content":{"rendered":"<p>NOTI-AMERICA.COM (VENEZUELA)<\/p>\n<p><img loading=\"lazy\" decoding=\"async\" class=\"wp-image-12748 aligncenter\" src=\"https:\/\/noti-america.com\/site\/venezuela\/wp-content\/uploads\/sites\/2\/2020\/08\/1-13-300x176.jpg\" alt=\"\" width=\"522\" height=\"306\" srcset=\"https:\/\/noti-america.com\/site\/venezuela\/wp-content\/uploads\/sites\/2\/2020\/08\/1-13-300x176.jpg 300w, https:\/\/noti-america.com\/site\/venezuela\/wp-content\/uploads\/sites\/2\/2020\/08\/1-13.jpg 750w\" sizes=\"auto, (max-width: 522px) 100vw, 522px\" \/><\/p>\n<p><strong>Al cirujano e intensivista Jos\u00e9 Barber\u00e1 Cortell, nacido y residenciado en Punto Fijo, le localizaron un tumor cerebral que est\u00e1 creciendo r\u00e1pidamente y debe someterse a una cirug\u00eda de extracci\u00f3n en un m\u00e1ximo de dos semanas, los gastos ascienden a 20.000 euros, monto que escapa de las posibilidades de su familia.<\/strong><\/p>\n<p>Sus hijas Mariana y Cristina actualmente residenciadas en Espa\u00f1a y Costa Rica respectivamente iniciaron una campa\u00f1a para recaudar los fondos necesarios y salvarle la vida al doctor Barber\u00e1, quien goza de una gran reputaci\u00f3n como m\u00e9dico cirujano, \u00a0ha sido muy querido y admirado por todos sus pacientes y nunca ha dudado en ayudar al m\u00e1s necesitado.<\/p>\n<p>Los fondos recaudados ser\u00e1n destinados a la cobertura de los tratamientos y movilizaci\u00f3n, ya que en Punto Fijo no se cuenta con equipos para hacer las terapias de radiolog\u00eda ni resonancias, ni tomograf\u00edas.<\/p>\n<p>Por razones legales el \u00fanico lugar donde pudieron crear la campa\u00f1a fue a trav\u00e9s de Gofundme y transferir de manera inmediata a Venezuela.\u00a0<a href=\"https:\/\/www.gofundme.com\/f\/necesitamos-operarlo-tumor-cerebral?utm_source=whatsapp-visit&amp;utm_medium=chat&amp;utm_campaign=p_cp+share-sheet\">https:\/\/www.gofundme.com\/f\/necesitamos-operarlo-tumor-cerebral?utm_source=whatsapp-visit&amp;utm_medium=chat&amp;utm_campaign=p_cp+share-sheet<\/a><\/p>\n<p>\u201cSabemos que el mundo est\u00e1 viviendo una situaci\u00f3n dif\u00edcil, pero nos vemos obligadas a pedir ayuda, no contamos con los fondos necesarios a tan corto plazo, es por esto que de la manera m\u00e1s humilde pedimos \u00a0cualquier colaboraci\u00f3n que ser\u00e1n inmensamente y eternamente agradecidas, cada granito de arena nos da un rayo de esperanza, TENEMOS FE que podemos lograrlo pero no solas, NECESITAMOS SU AYUDA! Esperamos lograr ser lo m\u00e1s claras y transparentes posibles, queremos contar con su genuino apoyo, aquellos que nos conocen gracias!!!! esperamos poder pasar este reto y tener la dicha de celebrarlo y retribuirles de la mejor manera.<br \/>\nA todos aquellos que sin conocernos nos apoyan infinitas gracias por confiar en nosotros y en el sistema, por su gran coraz\u00f3n y ojal\u00e1 Dios nos de la dicha de agradecerles en persona o retribuir de alguna manera este gran gesto!\u00bb.<\/p>\n<p>La fmailia tiene las siguientes cuentas adem\u00e1s de Gofundme disponibles para recibir aportes:<\/p>\n<p>Cristina Barbera Gonzalez<br \/>\nCedula: 15385405<br \/>\n01340343193433056397 Correo: cristina-barbera@hotmail.com<\/p>\n<p>Cta en Espa\u00f1a<br \/>\nAbanca Cta ahorro<br \/>\nNro de cuenta<br \/>\n2080-0210-12-3000042540<br \/>\nBarbera Gonzalez Cristina<br \/>\nIBAN<br \/>\nES96 2080 0210 1230 0004 2540<br \/>\nCodigo BIC\/Swift<br \/>\nCAGLESMMXXX<br \/>\nmodalidad<br \/>\nahorro emigrante \u2013 com\u00fan<\/p>\n<p>tel\u00e9fonos +506 8541 7296 y +34 696 35 03 04<\/p>\n<p><strong>CACTUS24 01-08-20<\/strong><\/p>\n","protected":false},"excerpt":{"rendered":"<p>NOTI-AMERICA.COM (VENEZUELA) Al cirujano e intensivista Jos\u00e9 Barber\u00e1 Cortell, nacido y residenciado en Punto Fijo, le localizaron un tumor cerebral que est\u00e1 creciendo r\u00e1pidamente y debe someterse a una cirug\u00eda de extracci\u00f3n en un&#46;&#46;&#46;<\/p>\n","protected":false},"author":2,"featured_media":12748,"comment_status":"open","ping_status":"open","sticky":false,"template":"","format":"standard","meta":{"_acf_changed":false,"om_disable_all_campaigns":false,"rop_custom_images_group":[],"rop_custom_messages_group":[],"rop_publish_now":"initial","rop_publish_now_accounts":{"twitter_242054905_242054905":""},"rop_publish_now_history":[],"rop_publish_now_status":"pending","_uf_show_specific_survey":0,"_uf_disable_surveys":false,"footnotes":""},"categories":[132],"tags":[],"class_list":["post-12747","post","type-post","status-publish","format-standard","has-post-thumbnail","hentry","category-actualidad"],"acf":[],"aioseo_notices":[],"yoast_head":"<!-- This site is optimized with the Yoast SEO Premium plugin v24.9 (Yoast SEO v27.2) - https:\/\/yoast.com\/product\/yoast-seo-premium-wordpress\/ -->\n<title>M\u00e9dico paraguanero requiere ayuda econ\u00f3mica para que le extraigan un tumor cerebral - Venezuela | Noti-America.com<\/title>\n<meta name=\"robots\" content=\"index, follow, max-snippet:-1, max-image-preview:large, max-video-preview:-1\" \/>\n<link rel=\"canonical\" href=\"https:\/\/noti-america.com\/site\/venezuela\/2020\/08\/02\/medico-paraguanero-requiere-ayuda-economica-para-que-le-extraigan-un-tumor-cerebral\/\" \/>\n<meta property=\"og:locale\" content=\"es_ES\" \/>\n<meta property=\"og:type\" content=\"article\" \/>\n<meta property=\"og:title\" content=\"M\u00e9dico paraguanero requiere ayuda econ\u00f3mica para que le extraigan un tumor cerebral\" \/>\n<meta property=\"og:description\" content=\"NOTI-AMERICA.COM (VENEZUELA) Al cirujano e intensivista Jos\u00e9 Barber\u00e1 Cortell, nacido y residenciado en Punto Fijo, le localizaron un tumor cerebral que est\u00e1 creciendo r\u00e1pidamente y debe someterse a una cirug\u00eda de extracci\u00f3n en un&#046;&#046;&#046;\" \/>\n<meta property=\"og:url\" content=\"https:\/\/noti-america.com\/site\/venezuela\/2020\/08\/02\/medico-paraguanero-requiere-ayuda-economica-para-que-le-extraigan-un-tumor-cerebral\/\" \/>\n<meta property=\"og:site_name\" content=\"Venezuela | Noti-America.com\" \/>\n<meta property=\"article:published_time\" content=\"2020-08-02T13:00:12+00:00\" \/>\n<meta property=\"article:modified_time\" content=\"2020-08-02T17:00:20+00:00\" \/>\n<meta property=\"og:image\" content=\"https:\/\/noti-america.com\/site\/venezuela\/wp-content\/uploads\/sites\/2\/2020\/08\/1-13.jpg\" \/>\n\t<meta property=\"og:image:width\" content=\"750\" \/>\n\t<meta property=\"og:image:height\" content=\"441\" \/>\n\t<meta property=\"og:image:type\" content=\"image\/jpeg\" \/>\n<meta name=\"author\" content=\"rloaiza\" \/>\n<meta name=\"twitter:card\" content=\"summary_large_image\" \/>\n<meta name=\"twitter:label1\" content=\"Escrito por\" \/>\n\t<meta name=\"twitter:data1\" content=\"rloaiza\" \/>\n\t<meta name=\"twitter:label2\" content=\"Tiempo estimado de lectura\" \/>\n\t<meta name=\"twitter:data2\" content=\"2 minutos\" \/>\n<script type=\"application\/ld+json\" class=\"yoast-schema-graph\">{\"@context\":\"https:\/\/schema.org\",\"@graph\":[{\"@type\":\"Article\",\"@id\":\"https:\/\/noti-america.com\/site\/venezuela\/2020\/08\/02\/medico-paraguanero-requiere-ayuda-economica-para-que-le-extraigan-un-tumor-cerebral\/#article\",\"isPartOf\":{\"@id\":\"https:\/\/noti-america.com\/site\/venezuela\/2020\/08\/02\/medico-paraguanero-requiere-ayuda-economica-para-que-le-extraigan-un-tumor-cerebral\/\"},\"author\":{\"name\":\"rloaiza\",\"@id\":\"https:\/\/noti-america.com\/site\/venezuela\/#\/schema\/person\/a2e478ba496331ce89bcd0c731cd6533\"},\"headline\":\"M\u00e9dico paraguanero requiere ayuda econ\u00f3mica para que le extraigan un tumor cerebral\",\"datePublished\":\"2020-08-02T13:00:12+00:00\",\"dateModified\":\"2020-08-02T17:00:20+00:00\",\"mainEntityOfPage\":{\"@id\":\"https:\/\/noti-america.com\/site\/venezuela\/2020\/08\/02\/medico-paraguanero-requiere-ayuda-economica-para-que-le-extraigan-un-tumor-cerebral\/\"},\"wordCount\":418,\"commentCount\":0,\"publisher\":{\"@id\":\"https:\/\/noti-america.com\/site\/venezuela\/#organization\"},\"image\":{\"@id\":\"https:\/\/noti-america.com\/site\/venezuela\/2020\/08\/02\/medico-paraguanero-requiere-ayuda-economica-para-que-le-extraigan-un-tumor-cerebral\/#primaryimage\"},\"thumbnailUrl\":\"https:\/\/noti-america.com\/site\/venezuela\/wp-content\/uploads\/sites\/2\/2020\/08\/1-13.jpg\",\"articleSection\":[\"Actualidad\"],\"inLanguage\":\"es\",\"potentialAction\":[{\"@type\":\"CommentAction\",\"name\":\"Comment\",\"target\":[\"https:\/\/noti-america.com\/site\/venezuela\/2020\/08\/02\/medico-paraguanero-requiere-ayuda-economica-para-que-le-extraigan-un-tumor-cerebral\/#respond\"]}]},{\"@type\":\"WebPage\",\"@id\":\"https:\/\/noti-america.com\/site\/venezuela\/2020\/08\/02\/medico-paraguanero-requiere-ayuda-economica-para-que-le-extraigan-un-tumor-cerebral\/\",\"url\":\"https:\/\/noti-america.com\/site\/venezuela\/2020\/08\/02\/medico-paraguanero-requiere-ayuda-economica-para-que-le-extraigan-un-tumor-cerebral\/\",\"name\":\"M\u00e9dico paraguanero requiere ayuda econ\u00f3mica para que le extraigan un tumor cerebral - Venezuela | Noti-America.com\",\"isPartOf\":{\"@id\":\"https:\/\/noti-america.com\/site\/venezuela\/#website\"},\"primaryImageOfPage\":{\"@id\":\"https:\/\/noti-america.com\/site\/venezuela\/2020\/08\/02\/medico-paraguanero-requiere-ayuda-economica-para-que-le-extraigan-un-tumor-cerebral\/#primaryimage\"},\"image\":{\"@id\":\"https:\/\/noti-america.com\/site\/venezuela\/2020\/08\/02\/medico-paraguanero-requiere-ayuda-economica-para-que-le-extraigan-un-tumor-cerebral\/#primaryimage\"},\"thumbnailUrl\":\"https:\/\/noti-america.com\/site\/venezuela\/wp-content\/uploads\/sites\/2\/2020\/08\/1-13.jpg\",\"datePublished\":\"2020-08-02T13:00:12+00:00\",\"dateModified\":\"2020-08-02T17:00:20+00:00\",\"breadcrumb\":{\"@id\":\"https:\/\/noti-america.com\/site\/venezuela\/2020\/08\/02\/medico-paraguanero-requiere-ayuda-economica-para-que-le-extraigan-un-tumor-cerebral\/#breadcrumb\"},\"inLanguage\":\"es\",\"potentialAction\":[{\"@type\":\"ReadAction\",\"target\":[\"https:\/\/noti-america.com\/site\/venezuela\/2020\/08\/02\/medico-paraguanero-requiere-ayuda-economica-para-que-le-extraigan-un-tumor-cerebral\/\"]}]},{\"@type\":\"ImageObject\",\"inLanguage\":\"es\",\"@id\":\"https:\/\/noti-america.com\/site\/venezuela\/2020\/08\/02\/medico-paraguanero-requiere-ayuda-economica-para-que-le-extraigan-un-tumor-cerebral\/#primaryimage\",\"url\":\"https:\/\/noti-america.com\/site\/venezuela\/wp-content\/uploads\/sites\/2\/2020\/08\/1-13.jpg\",\"contentUrl\":\"https:\/\/noti-america.com\/site\/venezuela\/wp-content\/uploads\/sites\/2\/2020\/08\/1-13.jpg\",\"width\":750,\"height\":441},{\"@type\":\"BreadcrumbList\",\"@id\":\"https:\/\/noti-america.com\/site\/venezuela\/2020\/08\/02\/medico-paraguanero-requiere-ayuda-economica-para-que-le-extraigan-un-tumor-cerebral\/#breadcrumb\",\"itemListElement\":[{\"@type\":\"ListItem\",\"position\":1,\"name\":\"Portada\",\"item\":\"https:\/\/noti-america.com\/site\/venezuela\/\"},{\"@type\":\"ListItem\",\"position\":2,\"name\":\"M\u00e9dico paraguanero requiere ayuda econ\u00f3mica para que le extraigan un tumor cerebral\"}]},{\"@type\":\"WebSite\",\"@id\":\"https:\/\/noti-america.com\/site\/venezuela\/#website\",\"url\":\"https:\/\/noti-america.com\/site\/venezuela\/\",\"name\":\"Venezuela | Noti-America.com\",\"description\":\"\",\"publisher\":{\"@id\":\"https:\/\/noti-america.com\/site\/venezuela\/#organization\"},\"potentialAction\":[{\"@type\":\"SearchAction\",\"target\":{\"@type\":\"EntryPoint\",\"urlTemplate\":\"https:\/\/noti-america.com\/site\/venezuela\/?s={search_term_string}\"},\"query-input\":{\"@type\":\"PropertyValueSpecification\",\"valueRequired\":true,\"valueName\":\"search_term_string\"}}],\"inLanguage\":\"es\"},{\"@type\":\"Organization\",\"@id\":\"https:\/\/noti-america.com\/site\/venezuela\/#organization\",\"name\":\"Noti-America LLC | Venezuela\",\"url\":\"https:\/\/noti-america.com\/site\/venezuela\/\",\"logo\":{\"@type\":\"ImageObject\",\"inLanguage\":\"es\",\"@id\":\"https:\/\/noti-america.com\/site\/venezuela\/#\/schema\/logo\/image\/\",\"url\":\"https:\/\/noti-america.com\/site\/venezuela\/wp-content\/uploads\/sites\/2\/2020\/07\/LogoNA-4x3-1.jpg\",\"contentUrl\":\"https:\/\/noti-america.com\/site\/venezuela\/wp-content\/uploads\/sites\/2\/2020\/07\/LogoNA-4x3-1.jpg\",\"width\":1236,\"height\":1080,\"caption\":\"Noti-America LLC | Venezuela\"},\"image\":{\"@id\":\"https:\/\/noti-america.com\/site\/venezuela\/#\/schema\/logo\/image\/\"}},{\"@type\":\"Person\",\"@id\":\"https:\/\/noti-america.com\/site\/venezuela\/#\/schema\/person\/a2e478ba496331ce89bcd0c731cd6533\",\"name\":\"rloaiza\",\"image\":{\"@type\":\"ImageObject\",\"inLanguage\":\"es\",\"@id\":\"https:\/\/secure.gravatar.com\/avatar\/190058e5d4427934610b99c45aa7a6558806850adedd53ddeddd194b04773e22?s=96&d=mm&r=g\",\"url\":\"https:\/\/secure.gravatar.com\/avatar\/190058e5d4427934610b99c45aa7a6558806850adedd53ddeddd194b04773e22?s=96&d=mm&r=g\",\"contentUrl\":\"https:\/\/secure.gravatar.com\/avatar\/190058e5d4427934610b99c45aa7a6558806850adedd53ddeddd194b04773e22?s=96&d=mm&r=g\",\"caption\":\"rloaiza\"},\"url\":\"https:\/\/noti-america.com\/site\/venezuela\/author\/rloaiza\/\"}]}<\/script>\n<!-- \/ Yoast SEO Premium plugin. -->","yoast_head_json":{"title":"M\u00e9dico paraguanero requiere ayuda econ\u00f3mica para que le extraigan un tumor cerebral - Venezuela | Noti-America.com","robots":{"index":"index","follow":"follow","max-snippet":"max-snippet:-1","max-image-preview":"max-image-preview:large","max-video-preview":"max-video-preview:-1"},"canonical":"https:\/\/noti-america.com\/site\/venezuela\/2020\/08\/02\/medico-paraguanero-requiere-ayuda-economica-para-que-le-extraigan-un-tumor-cerebral\/","og_locale":"es_ES","og_type":"article","og_title":"M\u00e9dico paraguanero requiere ayuda econ\u00f3mica para que le extraigan un tumor cerebral","og_description":"NOTI-AMERICA.COM (VENEZUELA) Al cirujano e intensivista Jos\u00e9 Barber\u00e1 Cortell, nacido y residenciado en Punto Fijo, le localizaron un tumor cerebral que est\u00e1 creciendo r\u00e1pidamente y debe someterse a una cirug\u00eda de extracci\u00f3n en un&#46;&#46;&#46;","og_url":"https:\/\/noti-america.com\/site\/venezuela\/2020\/08\/02\/medico-paraguanero-requiere-ayuda-economica-para-que-le-extraigan-un-tumor-cerebral\/","og_site_name":"Venezuela | Noti-America.com","article_published_time":"2020-08-02T13:00:12+00:00","article_modified_time":"2020-08-02T17:00:20+00:00","og_image":[{"width":750,"height":441,"url":"https:\/\/noti-america.com\/site\/venezuela\/wp-content\/uploads\/sites\/2\/2020\/08\/1-13.jpg","type":"image\/jpeg"}],"author":"rloaiza","twitter_card":"summary_large_image","twitter_misc":{"Escrito por":"rloaiza","Tiempo estimado de lectura":"2 minutos"},"schema":{"@context":"https:\/\/schema.org","@graph":[{"@type":"Article","@id":"https:\/\/noti-america.com\/site\/venezuela\/2020\/08\/02\/medico-paraguanero-requiere-ayuda-economica-para-que-le-extraigan-un-tumor-cerebral\/#article","isPartOf":{"@id":"https:\/\/noti-america.com\/site\/venezuela\/2020\/08\/02\/medico-paraguanero-requiere-ayuda-economica-para-que-le-extraigan-un-tumor-cerebral\/"},"author":{"name":"rloaiza","@id":"https:\/\/noti-america.com\/site\/venezuela\/#\/schema\/person\/a2e478ba496331ce89bcd0c731cd6533"},"headline":"M\u00e9dico paraguanero requiere ayuda econ\u00f3mica para que le extraigan un tumor cerebral","datePublished":"2020-08-02T13:00:12+00:00","dateModified":"2020-08-02T17:00:20+00:00","mainEntityOfPage":{"@id":"https:\/\/noti-america.com\/site\/venezuela\/2020\/08\/02\/medico-paraguanero-requiere-ayuda-economica-para-que-le-extraigan-un-tumor-cerebral\/"},"wordCount":418,"commentCount":0,"publisher":{"@id":"https:\/\/noti-america.com\/site\/venezuela\/#organization"},"image":{"@id":"https:\/\/noti-america.com\/site\/venezuela\/2020\/08\/02\/medico-paraguanero-requiere-ayuda-economica-para-que-le-extraigan-un-tumor-cerebral\/#primaryimage"},"thumbnailUrl":"https:\/\/noti-america.com\/site\/venezuela\/wp-content\/uploads\/sites\/2\/2020\/08\/1-13.jpg","articleSection":["Actualidad"],"inLanguage":"es","potentialAction":[{"@type":"CommentAction","name":"Comment","target":["https:\/\/noti-america.com\/site\/venezuela\/2020\/08\/02\/medico-paraguanero-requiere-ayuda-economica-para-que-le-extraigan-un-tumor-cerebral\/#respond"]}]},{"@type":"WebPage","@id":"https:\/\/noti-america.com\/site\/venezuela\/2020\/08\/02\/medico-paraguanero-requiere-ayuda-economica-para-que-le-extraigan-un-tumor-cerebral\/","url":"https:\/\/noti-america.com\/site\/venezuela\/2020\/08\/02\/medico-paraguanero-requiere-ayuda-economica-para-que-le-extraigan-un-tumor-cerebral\/","name":"M\u00e9dico paraguanero requiere ayuda econ\u00f3mica para que le extraigan un tumor cerebral - Venezuela | Noti-America.com","isPartOf":{"@id":"https:\/\/noti-america.com\/site\/venezuela\/#website"},"primaryImageOfPage":{"@id":"https:\/\/noti-america.com\/site\/venezuela\/2020\/08\/02\/medico-paraguanero-requiere-ayuda-economica-para-que-le-extraigan-un-tumor-cerebral\/#primaryimage"},"image":{"@id":"https:\/\/noti-america.com\/site\/venezuela\/2020\/08\/02\/medico-paraguanero-requiere-ayuda-economica-para-que-le-extraigan-un-tumor-cerebral\/#primaryimage"},"thumbnailUrl":"https:\/\/noti-america.com\/site\/venezuela\/wp-content\/uploads\/sites\/2\/2020\/08\/1-13.jpg","datePublished":"2020-08-02T13:00:12+00:00","dateModified":"2020-08-02T17:00:20+00:00","breadcrumb":{"@id":"https:\/\/noti-america.com\/site\/venezuela\/2020\/08\/02\/medico-paraguanero-requiere-ayuda-economica-para-que-le-extraigan-un-tumor-cerebral\/#breadcrumb"},"inLanguage":"es","potentialAction":[{"@type":"ReadAction","target":["https:\/\/noti-america.com\/site\/venezuela\/2020\/08\/02\/medico-paraguanero-requiere-ayuda-economica-para-que-le-extraigan-un-tumor-cerebral\/"]}]},{"@type":"ImageObject","inLanguage":"es","@id":"https:\/\/noti-america.com\/site\/venezuela\/2020\/08\/02\/medico-paraguanero-requiere-ayuda-economica-para-que-le-extraigan-un-tumor-cerebral\/#primaryimage","url":"https:\/\/noti-america.com\/site\/venezuela\/wp-content\/uploads\/sites\/2\/2020\/08\/1-13.jpg","contentUrl":"https:\/\/noti-america.com\/site\/venezuela\/wp-content\/uploads\/sites\/2\/2020\/08\/1-13.jpg","width":750,"height":441},{"@type":"BreadcrumbList","@id":"https:\/\/noti-america.com\/site\/venezuela\/2020\/08\/02\/medico-paraguanero-requiere-ayuda-economica-para-que-le-extraigan-un-tumor-cerebral\/#breadcrumb","itemListElement":[{"@type":"ListItem","position":1,"name":"Portada","item":"https:\/\/noti-america.com\/site\/venezuela\/"},{"@type":"ListItem","position":2,"name":"M\u00e9dico paraguanero requiere ayuda econ\u00f3mica para que le extraigan un tumor cerebral"}]},{"@type":"WebSite","@id":"https:\/\/noti-america.com\/site\/venezuela\/#website","url":"https:\/\/noti-america.com\/site\/venezuela\/","name":"Venezuela | Noti-America.com","description":"","publisher":{"@id":"https:\/\/noti-america.com\/site\/venezuela\/#organization"},"potentialAction":[{"@type":"SearchAction","target":{"@type":"EntryPoint","urlTemplate":"https:\/\/noti-america.com\/site\/venezuela\/?s={search_term_string}"},"query-input":{"@type":"PropertyValueSpecification","valueRequired":true,"valueName":"search_term_string"}}],"inLanguage":"es"},{"@type":"Organization","@id":"https:\/\/noti-america.com\/site\/venezuela\/#organization","name":"Noti-America LLC | Venezuela","url":"https:\/\/noti-america.com\/site\/venezuela\/","logo":{"@type":"ImageObject","inLanguage":"es","@id":"https:\/\/noti-america.com\/site\/venezuela\/#\/schema\/logo\/image\/","url":"https:\/\/noti-america.com\/site\/venezuela\/wp-content\/uploads\/sites\/2\/2020\/07\/LogoNA-4x3-1.jpg","contentUrl":"https:\/\/noti-america.com\/site\/venezuela\/wp-content\/uploads\/sites\/2\/2020\/07\/LogoNA-4x3-1.jpg","width":1236,"height":1080,"caption":"Noti-America LLC | Venezuela"},"image":{"@id":"https:\/\/noti-america.com\/site\/venezuela\/#\/schema\/logo\/image\/"}},{"@type":"Person","@id":"https:\/\/noti-america.com\/site\/venezuela\/#\/schema\/person\/a2e478ba496331ce89bcd0c731cd6533","name":"rloaiza","image":{"@type":"ImageObject","inLanguage":"es","@id":"https:\/\/secure.gravatar.com\/avatar\/190058e5d4427934610b99c45aa7a6558806850adedd53ddeddd194b04773e22?s=96&d=mm&r=g","url":"https:\/\/secure.gravatar.com\/avatar\/190058e5d4427934610b99c45aa7a6558806850adedd53ddeddd194b04773e22?s=96&d=mm&r=g","contentUrl":"https:\/\/secure.gravatar.com\/avatar\/190058e5d4427934610b99c45aa7a6558806850adedd53ddeddd194b04773e22?s=96&d=mm&r=g","caption":"rloaiza"},"url":"https:\/\/noti-america.com\/site\/venezuela\/author\/rloaiza\/"}]}},"_links":{"self":[{"href":"https:\/\/noti-america.com\/site\/venezuela\/wp-json\/wp\/v2\/posts\/12747","targetHints":{"allow":["GET"]}}],"collection":[{"href":"https:\/\/noti-america.com\/site\/venezuela\/wp-json\/wp\/v2\/posts"}],"about":[{"href":"https:\/\/noti-america.com\/site\/venezuela\/wp-json\/wp\/v2\/types\/post"}],"author":[{"embeddable":true,"href":"https:\/\/noti-america.com\/site\/venezuela\/wp-json\/wp\/v2\/users\/2"}],"replies":[{"embeddable":true,"href":"https:\/\/noti-america.com\/site\/venezuela\/wp-json\/wp\/v2\/comments?post=12747"}],"version-history":[{"count":1,"href":"https:\/\/noti-america.com\/site\/venezuela\/wp-json\/wp\/v2\/posts\/12747\/revisions"}],"predecessor-version":[{"id":12749,"href":"https:\/\/noti-america.com\/site\/venezuela\/wp-json\/wp\/v2\/posts\/12747\/revisions\/12749"}],"wp:featuredmedia":[{"embeddable":true,"href":"https:\/\/noti-america.com\/site\/venezuela\/wp-json\/wp\/v2\/media\/12748"}],"wp:attachment":[{"href":"https:\/\/noti-america.com\/site\/venezuela\/wp-json\/wp\/v2\/media?parent=12747"}],"wp:term":[{"taxonomy":"category","embeddable":true,"href":"https:\/\/noti-america.com\/site\/venezuela\/wp-json\/wp\/v2\/categories?post=12747"},{"taxonomy":"post_tag","embeddable":true,"href":"https:\/\/noti-america.com\/site\/venezuela\/wp-json\/wp\/v2\/tags?post=12747"}],"curies":[{"name":"wp","href":"https:\/\/api.w.org\/{rel}","templated":true}]}}