{"id":12704,"date":"2020-07-22T14:46:35","date_gmt":"2020-07-22T14:46:35","guid":{"rendered":"https:\/\/noti-america.com\/site\/venezuela\/2020\/07\/22\/sibelius-estrena-su-tercer-disco-bipolar\/"},"modified":"2020-07-22T18:46:56","modified_gmt":"2020-07-22T18:46:56","slug":"sibelius-estrena-su-tercer-disco-bipolar","status":"publish","type":"post","link":"https:\/\/noti-america.com\/site\/venezuela\/2020\/07\/22\/sibelius-estrena-su-tercer-disco-bipolar\/","title":{"rendered":"Sibelius estrena su tercer disco: Bipolar"},"content":{"rendered":"<p style=\"text-align: justify;\"><strong>Prensa Cresta Metalica<\/strong><\/p>\n<p style=\"text-align: justify;\">Sibelius, una de las bandas m\u00e1s exitosas y creativas del rock venezolano, est\u00e1 de regreso con su tercer disco de estudio, titulado <strong><em>Bipolar<\/em><\/strong>, el cual tom\u00f3 casi 9 a\u00f1os en terminarse, pero finalmente est\u00e1 listo y vaya que vali\u00f3 la pena la espera, porque viene lleno de diversidad musical. Debe su nombre a que en sus 14 temas muestra toda la variedad que representan los dos polos del grupo: lo m\u00e1s sinf\u00f3nico-porogresivo y el lado m\u00e1s rockero. Es una producci\u00f3n que sin duda har\u00e1 historia dentro del rock, por parte de una de las agrupaciones m\u00e1s activas y exitosas.<\/p>\n<p style=\"text-align: justify;\"><strong><em>Bipolar<\/em><\/strong> es un \u00e1lbum de amplitud sonora: rock sinf\u00f3nico, heavy metal neocl\u00e1sico, hard rock, rock and roll, rock moderno, mucho shred, orquestaciones de lujo y hasta un tema al estilo que fusiona el hip-hop. Fue producido por la propia banda y cuenta principalmente con su fundador y compositor principal <strong>Philipp Scheer<\/strong> en la guitarra, junto a uno de los mejores cantantes del rock venezolano: <strong>Ricardo Figueroa<\/strong>.\u00a0 Se les suma una base r\u00edtmica de lujo: <strong>Rafael Rivas en el bajo y Franco Nori<\/strong> en la bater\u00eda.<\/p>\n<p style=\"text-align: justify;\">En cuanto al estilo musical abordado en el nuevo disco, el guitarrista Philipp Scheer expres\u00f3:\u00a0\u00a0 \u201cNuestro fuerte es la m\u00fasica sinf\u00f3nica, pero yo nunca he sido cerrado a otros estilos, siempre escuch\u00e9 de todo un poco porque el rock es un g\u00e9nero muy amplio. Inclusive en el pasado hasta buscamos interpretar m\u00fasica venezolana versionando temas de Sim\u00f3n D\u00edaz y de Aldemaro Romero. Pero ahora, este disco tiene ese nombre, Bipolar, porque ense\u00f1a los dos polos de Sibelius como banda: lo m\u00e1s rockero y lo m\u00e1s sinf\u00f3nico\u201d.<\/p>\n<p style=\"text-align: justify;\">Contaron con una serie de invitados importantes como <strong>Pedro Ren\u00e9 Bastidas<\/strong> en los teclados y arreglos orquestales; <strong>OneChot<\/strong>, uno de los m\u00e1ximos representantes del reggae del pa\u00eds, cant\u00f3 como en el tema <strong><em>Obstinados<\/em><\/strong>. Tambi\u00e9n participaron los virtuosos <strong>Enrique P\u00e9rez Vivas y Jorge Rojas <\/strong>en el bajo. La Mezcla la realiz\u00f3 <strong>Luis Flores<\/strong> y <strong>dBMix Studios<\/strong> estuvo a cargo de la masterizaci\u00f3n. En el tema <strong><em>Obstinados<\/em><\/strong>, la mezcla y el master corrieron por cuenta del renombrado <strong>Felipe Gruber<\/strong>.<\/p>\n<p style=\"text-align: justify;\">La diversidad de Bipolar presenta canciones como <strong><em>Claustrophobia, Destino<\/em><\/strong> o <strong><em>Entre L\u00edneas<\/em><\/strong> que ense\u00f1an el lado m\u00e1s sinf\u00f3nico; en <strong><em>Walking Between Castles<\/em><\/strong> predomina el heavy metal neocl\u00e1sico, mientras que un instrumental como <strong><em>Amnesia<\/em><\/strong> lleva influencias de la guitarra moderna de Steve Vai; <strong><em>Sweet Honey<\/em><\/strong> es puro rock and roll, <strong><em>We don\u2019t care<\/em><\/strong> asoma el rock mel\u00f3dico de grupos como Nickeback y <strong><em>Obstinados<\/em><\/strong> va al estilo Rage Against the Machine. El nacionalismo sigue presente al interpretar al ritmo del rock el <strong><em>Himno Nacional de Venezuela,<\/em><\/strong> m\u00e1s una versi\u00f3n instrumental de la popular <strong><em>Venezuela<\/em><\/strong>.<\/p>\n<p style=\"text-align: justify;\">En cuanto a las diferencias con los dos discos anteriores, Scheer explic\u00f3 que:\u00a0\u00a0 \u201c<strong><em>Bipolar <\/em><\/strong>es 95% un disco cantado y eso es muy diferente a sus antecesores. Esta vez quer\u00eda experimentar la parte vocal y expresar ideas. Tambi\u00e9n tiene temas en ingl\u00e9s y en espa\u00f1ol. <strong><em>Rebellion<\/em><\/strong>, nuestra primera producci\u00f3n iba al m\u00e1s puro estilo sinf\u00f3nico trancado, sumamente neocl\u00e1sico y el segundo, <strong><em>Classical Tendencies<\/em><\/strong>\u00a0 fue un tributo a los grandes compositores universales. Ahora tenemos la evoluci\u00f3n vocal y mostramos las otras caras de la banda m\u00e1s rockeras. Por otra parte si hay algo que tienen en com\u00fan los tres, es que siempre el camino ser\u00e1 unir la orquesta sinf\u00f3nica con la banda de rock\u201d.<\/p>\n<p style=\"text-align: justify;\">Sibelius es una de las bandas m\u00e1s exitosas e innovadoras de los \u00faltimos 14 a\u00f1os. Tiene 3 producciones discogr\u00e1ficas, ha girado por todo el pa\u00eds, es la agrupaci\u00f3n de rock venezolana que m\u00e1s conciertos ha hecho con orquestas al tocar acompa\u00f1ados por la Sinf\u00f3nica Juvenil de Chacao, la Sinf\u00f3nica Juvenil de los Altos Mirandinos, la Sinf\u00f3nica del Conservatorio Sim\u00f3n Bol\u00edvar y la Sinf\u00f3nica del estado Lara. Han compartido escena con estrellas internacionales como Apocalyptica (Finlandia), Symphony X (EEUU) y con el guitarrista de Megadeth Kiko Loureiro (Brasil). Son los organizadores del Sibelius Fest, \u00fanico festival de guitarra el\u00e9ctrica que se realiza en Venezuela, que lleva ocho ediciones, m\u00e1s otras dos en M\u00e9xico y Colombia.<\/p>\n<p style=\"text-align: justify;\"><strong><u>Disfruta de los videos de Amnesia y Obstinados que pertenecen a Bipolar:<\/u><\/strong><\/p>\n<p style=\"text-align: justify;\"><strong><a href=\"https:\/\/www.youtube.com\/watch?v=IzrDmp_9Bv0&amp;feature=youtu.be\">https:\/\/www.youtube.com\/watch?v=IzrDmp_9Bv0&amp;feature=youtu.be<\/a><\/strong><\/p>\n<p style=\"text-align: justify;\"><strong><a href=\"https:\/\/www.youtube.com\/watch?v=XHVwsNuYxdA\">https:\/\/www.youtube.com\/watch?v=XHVwsNuYxdA<\/a><\/strong><\/p>\n<p style=\"text-align: justify;\"><strong>Sigue a Sibelius en sus redes sociales:<\/strong><\/p>\n<p style=\"text-align: justify;\">* Instagram: @bandasibelius<\/p>\n<p style=\"text-align: justify;\">* Facebook: Sibelius<\/p>\n<p style=\"text-align: justify;\">* YouTube: Banda Sibelius<\/p>\n","protected":false},"excerpt":{"rendered":"<p>Prensa Cresta Metalica Sibelius, una de las bandas m\u00e1s exitosas y creativas del rock venezolano, est\u00e1 de regreso con su tercer disco de estudio, titulado Bipolar, el cual tom\u00f3 casi 9 a\u00f1os en terminarse,&#46;&#46;&#46;<\/p>\n","protected":false},"author":1,"featured_media":12705,"comment_status":"open","ping_status":"open","sticky":false,"template":"","format":"image","meta":{"_acf_changed":false,"om_disable_all_campaigns":false,"rop_custom_images_group":[],"rop_custom_messages_group":[],"rop_publish_now":"initial","rop_publish_now_accounts":{"twitter_242054905_242054905":""},"rop_publish_now_history":[],"rop_publish_now_status":"pending","_uf_show_specific_survey":0,"_uf_disable_surveys":false,"footnotes":""},"categories":[132,34],"tags":[],"class_list":["post-12704","post","type-post","status-publish","format-image","has-post-thumbnail","hentry","category-actualidad","category-musica","post_format-post-format-image"],"acf":[],"aioseo_notices":[],"yoast_head":"<!-- This site is optimized with the Yoast SEO Premium plugin v24.9 (Yoast SEO v27.2) - https:\/\/yoast.com\/product\/yoast-seo-premium-wordpress\/ -->\n<title>Sibelius estrena su tercer disco: Bipolar - Venezuela | Noti-America.com<\/title>\n<meta name=\"robots\" content=\"index, follow, max-snippet:-1, max-image-preview:large, max-video-preview:-1\" \/>\n<link rel=\"canonical\" href=\"https:\/\/noti-america.com\/site\/venezuela\/2020\/07\/22\/sibelius-estrena-su-tercer-disco-bipolar\/\" \/>\n<meta property=\"og:locale\" content=\"es_ES\" \/>\n<meta property=\"og:type\" content=\"article\" \/>\n<meta property=\"og:title\" content=\"Sibelius estrena su tercer disco: Bipolar\" \/>\n<meta property=\"og:description\" content=\"Prensa Cresta Metalica Sibelius, una de las bandas m\u00e1s exitosas y creativas del rock venezolano, est\u00e1 de regreso con su tercer disco de estudio, titulado Bipolar, el cual tom\u00f3 casi 9 a\u00f1os en terminarse,&#046;&#046;&#046;\" \/>\n<meta property=\"og:url\" content=\"https:\/\/noti-america.com\/site\/venezuela\/2020\/07\/22\/sibelius-estrena-su-tercer-disco-bipolar\/\" \/>\n<meta property=\"og:site_name\" content=\"Venezuela | Noti-America.com\" \/>\n<meta property=\"article:published_time\" content=\"2020-07-22T14:46:35+00:00\" \/>\n<meta property=\"article:modified_time\" content=\"2020-07-22T18:46:56+00:00\" \/>\n<meta property=\"og:image\" content=\"https:\/\/noti-america.com\/site\/venezuela\/wp-content\/uploads\/sites\/2\/2020\/07\/Sibelius-Bipolar1.jpeg\" \/>\n\t<meta property=\"og:image:width\" content=\"1050\" \/>\n\t<meta property=\"og:image:height\" content=\"1050\" \/>\n\t<meta property=\"og:image:type\" content=\"image\/jpeg\" \/>\n<meta name=\"author\" content=\"Rosmer Herrera\" \/>\n<meta name=\"twitter:card\" content=\"summary_large_image\" \/>\n<meta name=\"twitter:label1\" content=\"Escrito por\" \/>\n\t<meta name=\"twitter:data1\" content=\"Rosmer Herrera\" \/>\n\t<meta name=\"twitter:label2\" content=\"Tiempo estimado de lectura\" \/>\n\t<meta name=\"twitter:data2\" content=\"4 minutos\" \/>\n<script type=\"application\/ld+json\" class=\"yoast-schema-graph\">{\"@context\":\"https:\/\/schema.org\",\"@graph\":[{\"@type\":\"Article\",\"@id\":\"https:\/\/noti-america.com\/site\/venezuela\/2020\/07\/22\/sibelius-estrena-su-tercer-disco-bipolar\/#article\",\"isPartOf\":{\"@id\":\"https:\/\/noti-america.com\/site\/venezuela\/2020\/07\/22\/sibelius-estrena-su-tercer-disco-bipolar\/\"},\"author\":{\"name\":\"Rosmer Herrera\",\"@id\":\"https:\/\/noti-america.com\/site\/venezuela\/#\/schema\/person\/fd58dbfb92a257e9dc5761bf69a855ff\"},\"headline\":\"Sibelius estrena su tercer disco: Bipolar\",\"datePublished\":\"2020-07-22T14:46:35+00:00\",\"dateModified\":\"2020-07-22T18:46:56+00:00\",\"mainEntityOfPage\":{\"@id\":\"https:\/\/noti-america.com\/site\/venezuela\/2020\/07\/22\/sibelius-estrena-su-tercer-disco-bipolar\/\"},\"wordCount\":778,\"commentCount\":0,\"publisher\":{\"@id\":\"https:\/\/noti-america.com\/site\/venezuela\/#organization\"},\"image\":{\"@id\":\"https:\/\/noti-america.com\/site\/venezuela\/2020\/07\/22\/sibelius-estrena-su-tercer-disco-bipolar\/#primaryimage\"},\"thumbnailUrl\":\"https:\/\/noti-america.com\/site\/venezuela\/wp-content\/uploads\/sites\/2\/2020\/07\/Sibelius-Bipolar1.jpeg\",\"articleSection\":[\"Actualidad\",\"M\u00fasica\"],\"inLanguage\":\"es\",\"potentialAction\":[{\"@type\":\"CommentAction\",\"name\":\"Comment\",\"target\":[\"https:\/\/noti-america.com\/site\/venezuela\/2020\/07\/22\/sibelius-estrena-su-tercer-disco-bipolar\/#respond\"]}]},{\"@type\":\"WebPage\",\"@id\":\"https:\/\/noti-america.com\/site\/venezuela\/2020\/07\/22\/sibelius-estrena-su-tercer-disco-bipolar\/\",\"url\":\"https:\/\/noti-america.com\/site\/venezuela\/2020\/07\/22\/sibelius-estrena-su-tercer-disco-bipolar\/\",\"name\":\"Sibelius estrena su tercer disco: Bipolar - Venezuela | Noti-America.com\",\"isPartOf\":{\"@id\":\"https:\/\/noti-america.com\/site\/venezuela\/#website\"},\"primaryImageOfPage\":{\"@id\":\"https:\/\/noti-america.com\/site\/venezuela\/2020\/07\/22\/sibelius-estrena-su-tercer-disco-bipolar\/#primaryimage\"},\"image\":{\"@id\":\"https:\/\/noti-america.com\/site\/venezuela\/2020\/07\/22\/sibelius-estrena-su-tercer-disco-bipolar\/#primaryimage\"},\"thumbnailUrl\":\"https:\/\/noti-america.com\/site\/venezuela\/wp-content\/uploads\/sites\/2\/2020\/07\/Sibelius-Bipolar1.jpeg\",\"datePublished\":\"2020-07-22T14:46:35+00:00\",\"dateModified\":\"2020-07-22T18:46:56+00:00\",\"breadcrumb\":{\"@id\":\"https:\/\/noti-america.com\/site\/venezuela\/2020\/07\/22\/sibelius-estrena-su-tercer-disco-bipolar\/#breadcrumb\"},\"inLanguage\":\"es\",\"potentialAction\":[{\"@type\":\"ReadAction\",\"target\":[\"https:\/\/noti-america.com\/site\/venezuela\/2020\/07\/22\/sibelius-estrena-su-tercer-disco-bipolar\/\"]}]},{\"@type\":\"ImageObject\",\"inLanguage\":\"es\",\"@id\":\"https:\/\/noti-america.com\/site\/venezuela\/2020\/07\/22\/sibelius-estrena-su-tercer-disco-bipolar\/#primaryimage\",\"url\":\"https:\/\/noti-america.com\/site\/venezuela\/wp-content\/uploads\/sites\/2\/2020\/07\/Sibelius-Bipolar1.jpeg\",\"contentUrl\":\"https:\/\/noti-america.com\/site\/venezuela\/wp-content\/uploads\/sites\/2\/2020\/07\/Sibelius-Bipolar1.jpeg\",\"width\":1050,\"height\":1050},{\"@type\":\"BreadcrumbList\",\"@id\":\"https:\/\/noti-america.com\/site\/venezuela\/2020\/07\/22\/sibelius-estrena-su-tercer-disco-bipolar\/#breadcrumb\",\"itemListElement\":[{\"@type\":\"ListItem\",\"position\":1,\"name\":\"Portada\",\"item\":\"https:\/\/noti-america.com\/site\/venezuela\/\"},{\"@type\":\"ListItem\",\"position\":2,\"name\":\"Sibelius estrena su tercer disco: Bipolar\"}]},{\"@type\":\"WebSite\",\"@id\":\"https:\/\/noti-america.com\/site\/venezuela\/#website\",\"url\":\"https:\/\/noti-america.com\/site\/venezuela\/\",\"name\":\"Venezuela | Noti-America.com\",\"description\":\"\",\"publisher\":{\"@id\":\"https:\/\/noti-america.com\/site\/venezuela\/#organization\"},\"potentialAction\":[{\"@type\":\"SearchAction\",\"target\":{\"@type\":\"EntryPoint\",\"urlTemplate\":\"https:\/\/noti-america.com\/site\/venezuela\/?s={search_term_string}\"},\"query-input\":{\"@type\":\"PropertyValueSpecification\",\"valueRequired\":true,\"valueName\":\"search_term_string\"}}],\"inLanguage\":\"es\"},{\"@type\":\"Organization\",\"@id\":\"https:\/\/noti-america.com\/site\/venezuela\/#organization\",\"name\":\"Noti-America LLC | Venezuela\",\"url\":\"https:\/\/noti-america.com\/site\/venezuela\/\",\"logo\":{\"@type\":\"ImageObject\",\"inLanguage\":\"es\",\"@id\":\"https:\/\/noti-america.com\/site\/venezuela\/#\/schema\/logo\/image\/\",\"url\":\"https:\/\/noti-america.com\/site\/venezuela\/wp-content\/uploads\/sites\/2\/2020\/07\/LogoNA-4x3-1.jpg\",\"contentUrl\":\"https:\/\/noti-america.com\/site\/venezuela\/wp-content\/uploads\/sites\/2\/2020\/07\/LogoNA-4x3-1.jpg\",\"width\":1236,\"height\":1080,\"caption\":\"Noti-America LLC | Venezuela\"},\"image\":{\"@id\":\"https:\/\/noti-america.com\/site\/venezuela\/#\/schema\/logo\/image\/\"}},{\"@type\":\"Person\",\"@id\":\"https:\/\/noti-america.com\/site\/venezuela\/#\/schema\/person\/fd58dbfb92a257e9dc5761bf69a855ff\",\"name\":\"Rosmer Herrera\",\"image\":{\"@type\":\"ImageObject\",\"inLanguage\":\"es\",\"@id\":\"https:\/\/secure.gravatar.com\/avatar\/153e75c261394dbf20ff1a1e70ea2be9494f2b40b7fc4e7704084db13220ae08?s=96&d=mm&r=g\",\"url\":\"https:\/\/secure.gravatar.com\/avatar\/153e75c261394dbf20ff1a1e70ea2be9494f2b40b7fc4e7704084db13220ae08?s=96&d=mm&r=g\",\"contentUrl\":\"https:\/\/secure.gravatar.com\/avatar\/153e75c261394dbf20ff1a1e70ea2be9494f2b40b7fc4e7704084db13220ae08?s=96&d=mm&r=g\",\"caption\":\"Rosmer Herrera\"},\"url\":\"https:\/\/noti-america.com\/site\/venezuela\/author\/rosmer33\/\"}]}<\/script>\n<!-- \/ Yoast SEO Premium plugin. -->","yoast_head_json":{"title":"Sibelius estrena su tercer disco: Bipolar - Venezuela | Noti-America.com","robots":{"index":"index","follow":"follow","max-snippet":"max-snippet:-1","max-image-preview":"max-image-preview:large","max-video-preview":"max-video-preview:-1"},"canonical":"https:\/\/noti-america.com\/site\/venezuela\/2020\/07\/22\/sibelius-estrena-su-tercer-disco-bipolar\/","og_locale":"es_ES","og_type":"article","og_title":"Sibelius estrena su tercer disco: Bipolar","og_description":"Prensa Cresta Metalica Sibelius, una de las bandas m\u00e1s exitosas y creativas del rock venezolano, est\u00e1 de regreso con su tercer disco de estudio, titulado Bipolar, el cual tom\u00f3 casi 9 a\u00f1os en terminarse,&#46;&#46;&#46;","og_url":"https:\/\/noti-america.com\/site\/venezuela\/2020\/07\/22\/sibelius-estrena-su-tercer-disco-bipolar\/","og_site_name":"Venezuela | Noti-America.com","article_published_time":"2020-07-22T14:46:35+00:00","article_modified_time":"2020-07-22T18:46:56+00:00","og_image":[{"width":1050,"height":1050,"url":"https:\/\/noti-america.com\/site\/venezuela\/wp-content\/uploads\/sites\/2\/2020\/07\/Sibelius-Bipolar1.jpeg","type":"image\/jpeg"}],"author":"Rosmer Herrera","twitter_card":"summary_large_image","twitter_misc":{"Escrito por":"Rosmer Herrera","Tiempo estimado de lectura":"4 minutos"},"schema":{"@context":"https:\/\/schema.org","@graph":[{"@type":"Article","@id":"https:\/\/noti-america.com\/site\/venezuela\/2020\/07\/22\/sibelius-estrena-su-tercer-disco-bipolar\/#article","isPartOf":{"@id":"https:\/\/noti-america.com\/site\/venezuela\/2020\/07\/22\/sibelius-estrena-su-tercer-disco-bipolar\/"},"author":{"name":"Rosmer Herrera","@id":"https:\/\/noti-america.com\/site\/venezuela\/#\/schema\/person\/fd58dbfb92a257e9dc5761bf69a855ff"},"headline":"Sibelius estrena su tercer disco: Bipolar","datePublished":"2020-07-22T14:46:35+00:00","dateModified":"2020-07-22T18:46:56+00:00","mainEntityOfPage":{"@id":"https:\/\/noti-america.com\/site\/venezuela\/2020\/07\/22\/sibelius-estrena-su-tercer-disco-bipolar\/"},"wordCount":778,"commentCount":0,"publisher":{"@id":"https:\/\/noti-america.com\/site\/venezuela\/#organization"},"image":{"@id":"https:\/\/noti-america.com\/site\/venezuela\/2020\/07\/22\/sibelius-estrena-su-tercer-disco-bipolar\/#primaryimage"},"thumbnailUrl":"https:\/\/noti-america.com\/site\/venezuela\/wp-content\/uploads\/sites\/2\/2020\/07\/Sibelius-Bipolar1.jpeg","articleSection":["Actualidad","M\u00fasica"],"inLanguage":"es","potentialAction":[{"@type":"CommentAction","name":"Comment","target":["https:\/\/noti-america.com\/site\/venezuela\/2020\/07\/22\/sibelius-estrena-su-tercer-disco-bipolar\/#respond"]}]},{"@type":"WebPage","@id":"https:\/\/noti-america.com\/site\/venezuela\/2020\/07\/22\/sibelius-estrena-su-tercer-disco-bipolar\/","url":"https:\/\/noti-america.com\/site\/venezuela\/2020\/07\/22\/sibelius-estrena-su-tercer-disco-bipolar\/","name":"Sibelius estrena su tercer disco: Bipolar - Venezuela | Noti-America.com","isPartOf":{"@id":"https:\/\/noti-america.com\/site\/venezuela\/#website"},"primaryImageOfPage":{"@id":"https:\/\/noti-america.com\/site\/venezuela\/2020\/07\/22\/sibelius-estrena-su-tercer-disco-bipolar\/#primaryimage"},"image":{"@id":"https:\/\/noti-america.com\/site\/venezuela\/2020\/07\/22\/sibelius-estrena-su-tercer-disco-bipolar\/#primaryimage"},"thumbnailUrl":"https:\/\/noti-america.com\/site\/venezuela\/wp-content\/uploads\/sites\/2\/2020\/07\/Sibelius-Bipolar1.jpeg","datePublished":"2020-07-22T14:46:35+00:00","dateModified":"2020-07-22T18:46:56+00:00","breadcrumb":{"@id":"https:\/\/noti-america.com\/site\/venezuela\/2020\/07\/22\/sibelius-estrena-su-tercer-disco-bipolar\/#breadcrumb"},"inLanguage":"es","potentialAction":[{"@type":"ReadAction","target":["https:\/\/noti-america.com\/site\/venezuela\/2020\/07\/22\/sibelius-estrena-su-tercer-disco-bipolar\/"]}]},{"@type":"ImageObject","inLanguage":"es","@id":"https:\/\/noti-america.com\/site\/venezuela\/2020\/07\/22\/sibelius-estrena-su-tercer-disco-bipolar\/#primaryimage","url":"https:\/\/noti-america.com\/site\/venezuela\/wp-content\/uploads\/sites\/2\/2020\/07\/Sibelius-Bipolar1.jpeg","contentUrl":"https:\/\/noti-america.com\/site\/venezuela\/wp-content\/uploads\/sites\/2\/2020\/07\/Sibelius-Bipolar1.jpeg","width":1050,"height":1050},{"@type":"BreadcrumbList","@id":"https:\/\/noti-america.com\/site\/venezuela\/2020\/07\/22\/sibelius-estrena-su-tercer-disco-bipolar\/#breadcrumb","itemListElement":[{"@type":"ListItem","position":1,"name":"Portada","item":"https:\/\/noti-america.com\/site\/venezuela\/"},{"@type":"ListItem","position":2,"name":"Sibelius estrena su tercer disco: Bipolar"}]},{"@type":"WebSite","@id":"https:\/\/noti-america.com\/site\/venezuela\/#website","url":"https:\/\/noti-america.com\/site\/venezuela\/","name":"Venezuela | Noti-America.com","description":"","publisher":{"@id":"https:\/\/noti-america.com\/site\/venezuela\/#organization"},"potentialAction":[{"@type":"SearchAction","target":{"@type":"EntryPoint","urlTemplate":"https:\/\/noti-america.com\/site\/venezuela\/?s={search_term_string}"},"query-input":{"@type":"PropertyValueSpecification","valueRequired":true,"valueName":"search_term_string"}}],"inLanguage":"es"},{"@type":"Organization","@id":"https:\/\/noti-america.com\/site\/venezuela\/#organization","name":"Noti-America LLC | Venezuela","url":"https:\/\/noti-america.com\/site\/venezuela\/","logo":{"@type":"ImageObject","inLanguage":"es","@id":"https:\/\/noti-america.com\/site\/venezuela\/#\/schema\/logo\/image\/","url":"https:\/\/noti-america.com\/site\/venezuela\/wp-content\/uploads\/sites\/2\/2020\/07\/LogoNA-4x3-1.jpg","contentUrl":"https:\/\/noti-america.com\/site\/venezuela\/wp-content\/uploads\/sites\/2\/2020\/07\/LogoNA-4x3-1.jpg","width":1236,"height":1080,"caption":"Noti-America LLC | Venezuela"},"image":{"@id":"https:\/\/noti-america.com\/site\/venezuela\/#\/schema\/logo\/image\/"}},{"@type":"Person","@id":"https:\/\/noti-america.com\/site\/venezuela\/#\/schema\/person\/fd58dbfb92a257e9dc5761bf69a855ff","name":"Rosmer Herrera","image":{"@type":"ImageObject","inLanguage":"es","@id":"https:\/\/secure.gravatar.com\/avatar\/153e75c261394dbf20ff1a1e70ea2be9494f2b40b7fc4e7704084db13220ae08?s=96&d=mm&r=g","url":"https:\/\/secure.gravatar.com\/avatar\/153e75c261394dbf20ff1a1e70ea2be9494f2b40b7fc4e7704084db13220ae08?s=96&d=mm&r=g","contentUrl":"https:\/\/secure.gravatar.com\/avatar\/153e75c261394dbf20ff1a1e70ea2be9494f2b40b7fc4e7704084db13220ae08?s=96&d=mm&r=g","caption":"Rosmer Herrera"},"url":"https:\/\/noti-america.com\/site\/venezuela\/author\/rosmer33\/"}]}},"_links":{"self":[{"href":"https:\/\/noti-america.com\/site\/venezuela\/wp-json\/wp\/v2\/posts\/12704","targetHints":{"allow":["GET"]}}],"collection":[{"href":"https:\/\/noti-america.com\/site\/venezuela\/wp-json\/wp\/v2\/posts"}],"about":[{"href":"https:\/\/noti-america.com\/site\/venezuela\/wp-json\/wp\/v2\/types\/post"}],"author":[{"embeddable":true,"href":"https:\/\/noti-america.com\/site\/venezuela\/wp-json\/wp\/v2\/users\/1"}],"replies":[{"embeddable":true,"href":"https:\/\/noti-america.com\/site\/venezuela\/wp-json\/wp\/v2\/comments?post=12704"}],"version-history":[{"count":1,"href":"https:\/\/noti-america.com\/site\/venezuela\/wp-json\/wp\/v2\/posts\/12704\/revisions"}],"predecessor-version":[{"id":12706,"href":"https:\/\/noti-america.com\/site\/venezuela\/wp-json\/wp\/v2\/posts\/12704\/revisions\/12706"}],"wp:featuredmedia":[{"embeddable":true,"href":"https:\/\/noti-america.com\/site\/venezuela\/wp-json\/wp\/v2\/media\/12705"}],"wp:attachment":[{"href":"https:\/\/noti-america.com\/site\/venezuela\/wp-json\/wp\/v2\/media?parent=12704"}],"wp:term":[{"taxonomy":"category","embeddable":true,"href":"https:\/\/noti-america.com\/site\/venezuela\/wp-json\/wp\/v2\/categories?post=12704"},{"taxonomy":"post_tag","embeddable":true,"href":"https:\/\/noti-america.com\/site\/venezuela\/wp-json\/wp\/v2\/tags?post=12704"}],"curies":[{"name":"wp","href":"https:\/\/api.w.org\/{rel}","templated":true}]}}