{"id":12488,"date":"2020-06-24T09:37:52","date_gmt":"2020-06-24T09:37:52","guid":{"rendered":"http:\/\/noti-america.com\/site\/venezuela\/2020\/06\/24\/el-trompetista-jesus-vasquez-prepara-su-carrera-solista\/"},"modified":"2020-06-24T13:38:15","modified_gmt":"2020-06-24T13:38:15","slug":"el-trompetista-jesus-vasquez-prepara-su-carrera-solista","status":"publish","type":"post","link":"https:\/\/noti-america.com\/site\/venezuela\/2020\/06\/24\/el-trompetista-jesus-vasquez-prepara-su-carrera-solista\/","title":{"rendered":"El trompetista Jes\u00fas V\u00e1squez prepara su carrera solista"},"content":{"rendered":"<p style=\"text-align: justify;\"><strong><em>Trabajar\u00e1 con Gerald \u201cChipi\u201d Chac\u00f3n, Juan Ernesto Laya, Pedro V\u00e1squez y Joel Mart\u00ednez entre otros destacados solistas venezolanos<\/em><\/strong><\/p>\n<p style=\"text-align: justify;\"><strong>Prensa Cresta Metalica<\/strong><\/p>\n<p style=\"text-align: justify;\"><strong>Jes\u00fas V\u00e1squez<\/strong> es muy conocido por su trabajo como trompetista del afamado <strong>Ensamble 7\/4<\/strong>, as\u00ed como por ser integrante de la <strong>Orquesta Bol\u00edvar Phil,<\/strong> pero ahora, este joven talento, con la ayuda de renombrados m\u00fasicos da inicio a su carrera solista y se prepara a lanzar su primer tema que ser\u00e1 una versi\u00f3n innovadora de <strong><em>Gabriel\u2019s Oboe<\/em><\/strong>, una pieza cl\u00e1sica que forma parte de la banda sonora de la pel\u00edcula <strong><em>La Misi\u00f3n<\/em><\/strong>, escrita por <strong>Ennio Morriconne<\/strong>, pero llevada al ritmo del vals, con un arreglo realizado nada menos que por el nominado al Latin Grammy <strong>Gerald \u201cChipi\u201d Chac\u00f3n<\/strong>.<\/p>\n<p style=\"text-align: justify;\">\u201cEn este momento estoy enfocado en este proyecto bastante personal. He aprovechado la cuarentena en la que estamos todos para la reflexi\u00f3n, para conectarme de manera significativa conmigo mismo, con mi entorno y dedicarme a hacer realidad ciertos sue\u00f1os que no son exclusivamente m\u00edos, sino compartidos. Mi pap\u00e1 siempre quiso que grabaramos algo juntos y que iron\u00eda tan grande tiene la vida al mandarnos a vivir en continentes distintos, pero a la vez brindarnos las condiciones necesarias para llevar esta idea a cabo. \u00c9l desde Madrid, yo desde Miami; \u00e9l con su tuba, yo con mi trompeta y as\u00ed es que hemos hecho para acortar la distancia que nos separa f\u00edsicamente, gracias a la m\u00fasica y al FaceTime\u201d, explic\u00f3 Jes\u00fas V\u00e1squez.<\/p>\n<p style=\"text-align: justify;\">En relaci\u00f3n a sus planes futuros como solista, el joven larense coment\u00f3 que su gran amigo Gerald Chipi Chac\u00f3n,\u00a0 hizo el arreglo de <strong><em>Gabriel\u2019s Oboe<\/em><\/strong>, pero adem\u00e1s \u201c\u00e9l dijo que quer\u00eda escribirme un tema, que ser\u00e1 el segundo y pronto revelar\u00e9 su t\u00edtulo. Mi pap\u00e1 tambi\u00e9n me propuso otra pieza y ya estamos trabajando en ella, tengo muchas otras ideas y lo que comenz\u00f3 con un solo tema entre amigos, ya lo pienso trasladar en un disco, que en un tiempo no muy lejano lanzar\u00e9 al mercado, que permita ampliar mi mensaje, profundizar en el concepto que estamos desarrollando y seguir disfrutando de todo este proceso creativo que es pura magia\u201d.<\/p>\n<p style=\"text-align: justify;\">Sobre la orientaci\u00f3n musical de su carrera solista, <strong><em>Gabriel\u00b4s Oboe<\/em><\/strong> se llevar\u00e1 al formato del vals venezolano con elementos de varios g\u00e9neros musicales. Las fusiones arriesgadas no son extra\u00f1as para Jes\u00fas V\u00e1squez, por lo que su proyecto solista en general ser\u00e1 una amalgama de estilos que incluyen m\u00fasica tradicional venezolana, m\u00fasica sinf\u00f3nica, jazz latino y ritmos afro-venezolanos, entre otros.<\/p>\n<p style=\"text-align: justify;\">\u201cNo pod\u00eda haber arrancado esta nueva etapa profesional de mi carrera que la defino como de conciencia plena, con una mejor idea que versionando <strong><em>Gabriel\u00b4s Oboe<\/em><\/strong> que ya es una referencia dentro del mundo cl\u00e1sico, adem\u00e1s de tener un significado muy especial en mi vida. Desde que la conozco me ha servido para conectarme con ese ser interno que todos tenemos y al que muchas veces se nos olvida hablarle. Reinterpretarla para mi es una manera de servirle a la m\u00fasica y a mucha gente\u201d, agreg\u00f3.<\/p>\n<p style=\"text-align: justify;\">Vale recordar que este trompetista fue integrante por m\u00e1s de 10 a\u00f1os de la Orquesta Sinf\u00f3nica Juvenil de Lara; tambi\u00e9n form\u00f3 parte importante del Ensamble de Metales de Barquisimeto, fue fundador Del Ensamble 7\/4 con el realiz\u00f3 varias giras internacionales y grab\u00f3 varios discos. Pertenece a la Orquesta Bol\u00edvar Phil, es profesor de trompeta en la academia Let it Beat, colabora con varias orquestas de Miami y tambi\u00e9n ha tenido chance de grabar con el proyecto del saxofonista Pablo Gil: Ra\u00edces Jazz Orchestra.<\/p>\n<p style=\"text-align: justify;\">En relaci\u00f3n a su experiencia con la Orquesta Bol\u00edvar Phil, coment\u00f3 que \u201cha sido incre\u00edble por el hecho de compartir con amigos y colegas con los que nos hemos re-encontrado en otras tierras para seguir haciendo buena m\u00fasica juntos. En el primer concierto tuvimos a Pacho Flores de solista y no s\u00f3lo fue un regalo de experiencia para la orquesta y el p\u00fablico asistente sino que en lo personal debo confesar que lo reafirm\u00e9 como uno de mis grandes referentes musicales. Tambi\u00e9n de ah\u00ed surgi\u00f3 el Ensamble de Metales de la Orquesta, lo que nos tiene muy entusiasmados a todos sus miembros, ya que el hacer m\u00fasica de c\u00e1mara en paralelo a la orquestal, fue algo imperativo dentro de nuestra formaci\u00f3n musical dentro de El Sistema en Venezuela\u201d.<\/p>\n<p style=\"text-align: justify;\">\u201cNac\u00ed y crec\u00ed en el mundo de la m\u00fasica, en el de las orquestas, espec\u00edficamente. Mi pap\u00e1, Pedro V\u00e1squez, un tubista que no s\u00f3lo ha dedicado su vida a tocar como lo hizo durante a\u00f1os en la Orquesta Sinf\u00f3nica de Lara y como lo sigue haciendo con su Quinteto Barquisimetal, ese quien ha construido un importante legado pedag\u00f3gico al fundar la Academia Latinoamericana de Metales y al convertirse en uno de los Maestros m\u00e1s respetados y queridos dentro de El Sistema, adem\u00e1s de ser mi pap\u00e1 y mi principal mentor musical tambi\u00e9n es alguien con el que comparto la historia personal de c\u00f3mo la m\u00fasica termin\u00f3 secuestr\u00e1ndonos y desterr\u00e1ndonos del mundo del beisbol. Un mundo del que alguna vez fuimos parte, pero al que quiz\u00e1s volvamos a trav\u00e9s de la m\u00fasica\u201d, record\u00f3.<\/p>\n<p style=\"text-align: justify;\"><strong><u>Sigue a Jes\u00fas V\u00e1squez en sus redes sociales:<\/u><\/strong><\/p>\n<p style=\"text-align: justify;\">Instagram: @jiva90<\/p>\n<p style=\"text-align: justify;\">Facebook: Jes\u00fas V\u00e1squez<\/p>\n","protected":false},"excerpt":{"rendered":"<p>Trabajar\u00e1 con Gerald \u201cChipi\u201d Chac\u00f3n, Juan Ernesto Laya, Pedro V\u00e1squez y Joel Mart\u00ednez entre otros destacados solistas venezolanos Prensa Cresta Metalica Jes\u00fas V\u00e1squez es muy conocido por su trabajo como trompetista del afamado Ensamble&#46;&#46;&#46;<\/p>\n","protected":false},"author":1,"featured_media":12489,"comment_status":"open","ping_status":"open","sticky":false,"template":"","format":"gallery","meta":{"_acf_changed":false,"om_disable_all_campaigns":false,"rop_custom_images_group":[],"rop_custom_messages_group":[],"rop_publish_now":"initial","rop_publish_now_accounts":{"twitter_242054905_242054905":""},"rop_publish_now_history":[],"rop_publish_now_status":"pending","_uf_show_specific_survey":0,"_uf_disable_surveys":false,"footnotes":""},"categories":[8],"tags":[],"class_list":["post-12488","post","type-post","status-publish","format-gallery","has-post-thumbnail","hentry","category-arte-y-espectaculos","post_format-post-format-gallery"],"acf":[],"aioseo_notices":[],"yoast_head":"<!-- This site is optimized with the Yoast SEO Premium plugin v24.9 (Yoast SEO v27.2) - https:\/\/yoast.com\/product\/yoast-seo-premium-wordpress\/ -->\n<title>El trompetista Jes\u00fas V\u00e1squez prepara su carrera solista - Venezuela | Noti-America.com<\/title>\n<meta name=\"robots\" content=\"index, follow, max-snippet:-1, max-image-preview:large, max-video-preview:-1\" \/>\n<link rel=\"canonical\" href=\"https:\/\/noti-america.com\/site\/venezuela\/2020\/06\/24\/el-trompetista-jesus-vasquez-prepara-su-carrera-solista\/\" \/>\n<meta property=\"og:locale\" content=\"es_ES\" \/>\n<meta property=\"og:type\" content=\"article\" \/>\n<meta property=\"og:title\" content=\"El trompetista Jes\u00fas V\u00e1squez prepara su carrera solista\" \/>\n<meta property=\"og:description\" content=\"Trabajar\u00e1 con Gerald \u201cChipi\u201d Chac\u00f3n, Juan Ernesto Laya, Pedro V\u00e1squez y Joel Mart\u00ednez entre otros destacados solistas venezolanos Prensa Cresta Metalica Jes\u00fas V\u00e1squez es muy conocido por su trabajo como trompetista del afamado Ensamble&#046;&#046;&#046;\" \/>\n<meta property=\"og:url\" content=\"https:\/\/noti-america.com\/site\/venezuela\/2020\/06\/24\/el-trompetista-jesus-vasquez-prepara-su-carrera-solista\/\" \/>\n<meta property=\"og:site_name\" content=\"Venezuela | Noti-America.com\" \/>\n<meta property=\"article:published_time\" content=\"2020-06-24T09:37:52+00:00\" \/>\n<meta property=\"article:modified_time\" content=\"2020-06-24T13:38:15+00:00\" \/>\n<meta property=\"og:image\" content=\"https:\/\/noti-america.com\/site\/venezuela\/wp-content\/uploads\/sites\/2\/2020\/06\/Jesus-Vasquez.jpeg\" \/>\n\t<meta property=\"og:image:width\" content=\"1066\" \/>\n\t<meta property=\"og:image:height\" content=\"1600\" \/>\n\t<meta property=\"og:image:type\" content=\"image\/jpeg\" \/>\n<meta name=\"author\" content=\"Rosmer Herrera\" \/>\n<meta name=\"twitter:card\" content=\"summary_large_image\" \/>\n<meta name=\"twitter:label1\" content=\"Escrito por\" \/>\n\t<meta name=\"twitter:data1\" content=\"Rosmer Herrera\" \/>\n\t<meta name=\"twitter:label2\" content=\"Tiempo estimado de lectura\" \/>\n\t<meta name=\"twitter:data2\" content=\"5 minutos\" \/>\n<script type=\"application\/ld+json\" class=\"yoast-schema-graph\">{\"@context\":\"https:\/\/schema.org\",\"@graph\":[{\"@type\":\"Article\",\"@id\":\"https:\/\/noti-america.com\/site\/venezuela\/2020\/06\/24\/el-trompetista-jesus-vasquez-prepara-su-carrera-solista\/#article\",\"isPartOf\":{\"@id\":\"https:\/\/noti-america.com\/site\/venezuela\/2020\/06\/24\/el-trompetista-jesus-vasquez-prepara-su-carrera-solista\/\"},\"author\":{\"name\":\"Rosmer Herrera\",\"@id\":\"https:\/\/noti-america.com\/site\/venezuela\/#\/schema\/person\/fd58dbfb92a257e9dc5761bf69a855ff\"},\"headline\":\"El trompetista Jes\u00fas V\u00e1squez prepara su carrera solista\",\"datePublished\":\"2020-06-24T09:37:52+00:00\",\"dateModified\":\"2020-06-24T13:38:15+00:00\",\"mainEntityOfPage\":{\"@id\":\"https:\/\/noti-america.com\/site\/venezuela\/2020\/06\/24\/el-trompetista-jesus-vasquez-prepara-su-carrera-solista\/\"},\"wordCount\":939,\"commentCount\":0,\"publisher\":{\"@id\":\"https:\/\/noti-america.com\/site\/venezuela\/#organization\"},\"image\":{\"@id\":\"https:\/\/noti-america.com\/site\/venezuela\/2020\/06\/24\/el-trompetista-jesus-vasquez-prepara-su-carrera-solista\/#primaryimage\"},\"thumbnailUrl\":\"https:\/\/noti-america.com\/site\/venezuela\/wp-content\/uploads\/sites\/2\/2020\/06\/Jesus-Vasquez.jpeg\",\"articleSection\":[\"Arte y Espect\u00e1culos\"],\"inLanguage\":\"es\",\"potentialAction\":[{\"@type\":\"CommentAction\",\"name\":\"Comment\",\"target\":[\"https:\/\/noti-america.com\/site\/venezuela\/2020\/06\/24\/el-trompetista-jesus-vasquez-prepara-su-carrera-solista\/#respond\"]}]},{\"@type\":\"WebPage\",\"@id\":\"https:\/\/noti-america.com\/site\/venezuela\/2020\/06\/24\/el-trompetista-jesus-vasquez-prepara-su-carrera-solista\/\",\"url\":\"https:\/\/noti-america.com\/site\/venezuela\/2020\/06\/24\/el-trompetista-jesus-vasquez-prepara-su-carrera-solista\/\",\"name\":\"El trompetista Jes\u00fas V\u00e1squez prepara su carrera solista - Venezuela | Noti-America.com\",\"isPartOf\":{\"@id\":\"https:\/\/noti-america.com\/site\/venezuela\/#website\"},\"primaryImageOfPage\":{\"@id\":\"https:\/\/noti-america.com\/site\/venezuela\/2020\/06\/24\/el-trompetista-jesus-vasquez-prepara-su-carrera-solista\/#primaryimage\"},\"image\":{\"@id\":\"https:\/\/noti-america.com\/site\/venezuela\/2020\/06\/24\/el-trompetista-jesus-vasquez-prepara-su-carrera-solista\/#primaryimage\"},\"thumbnailUrl\":\"https:\/\/noti-america.com\/site\/venezuela\/wp-content\/uploads\/sites\/2\/2020\/06\/Jesus-Vasquez.jpeg\",\"datePublished\":\"2020-06-24T09:37:52+00:00\",\"dateModified\":\"2020-06-24T13:38:15+00:00\",\"breadcrumb\":{\"@id\":\"https:\/\/noti-america.com\/site\/venezuela\/2020\/06\/24\/el-trompetista-jesus-vasquez-prepara-su-carrera-solista\/#breadcrumb\"},\"inLanguage\":\"es\",\"potentialAction\":[{\"@type\":\"ReadAction\",\"target\":[\"https:\/\/noti-america.com\/site\/venezuela\/2020\/06\/24\/el-trompetista-jesus-vasquez-prepara-su-carrera-solista\/\"]}]},{\"@type\":\"ImageObject\",\"inLanguage\":\"es\",\"@id\":\"https:\/\/noti-america.com\/site\/venezuela\/2020\/06\/24\/el-trompetista-jesus-vasquez-prepara-su-carrera-solista\/#primaryimage\",\"url\":\"https:\/\/noti-america.com\/site\/venezuela\/wp-content\/uploads\/sites\/2\/2020\/06\/Jesus-Vasquez.jpeg\",\"contentUrl\":\"https:\/\/noti-america.com\/site\/venezuela\/wp-content\/uploads\/sites\/2\/2020\/06\/Jesus-Vasquez.jpeg\",\"width\":1066,\"height\":1600},{\"@type\":\"BreadcrumbList\",\"@id\":\"https:\/\/noti-america.com\/site\/venezuela\/2020\/06\/24\/el-trompetista-jesus-vasquez-prepara-su-carrera-solista\/#breadcrumb\",\"itemListElement\":[{\"@type\":\"ListItem\",\"position\":1,\"name\":\"Portada\",\"item\":\"https:\/\/noti-america.com\/site\/venezuela\/\"},{\"@type\":\"ListItem\",\"position\":2,\"name\":\"El trompetista Jes\u00fas V\u00e1squez prepara su carrera solista\"}]},{\"@type\":\"WebSite\",\"@id\":\"https:\/\/noti-america.com\/site\/venezuela\/#website\",\"url\":\"https:\/\/noti-america.com\/site\/venezuela\/\",\"name\":\"Venezuela | Noti-America.com\",\"description\":\"\",\"publisher\":{\"@id\":\"https:\/\/noti-america.com\/site\/venezuela\/#organization\"},\"potentialAction\":[{\"@type\":\"SearchAction\",\"target\":{\"@type\":\"EntryPoint\",\"urlTemplate\":\"https:\/\/noti-america.com\/site\/venezuela\/?s={search_term_string}\"},\"query-input\":{\"@type\":\"PropertyValueSpecification\",\"valueRequired\":true,\"valueName\":\"search_term_string\"}}],\"inLanguage\":\"es\"},{\"@type\":\"Organization\",\"@id\":\"https:\/\/noti-america.com\/site\/venezuela\/#organization\",\"name\":\"Noti-America LLC | Venezuela\",\"url\":\"https:\/\/noti-america.com\/site\/venezuela\/\",\"logo\":{\"@type\":\"ImageObject\",\"inLanguage\":\"es\",\"@id\":\"https:\/\/noti-america.com\/site\/venezuela\/#\/schema\/logo\/image\/\",\"url\":\"https:\/\/noti-america.com\/site\/venezuela\/wp-content\/uploads\/sites\/2\/2020\/07\/LogoNA-4x3-1.jpg\",\"contentUrl\":\"https:\/\/noti-america.com\/site\/venezuela\/wp-content\/uploads\/sites\/2\/2020\/07\/LogoNA-4x3-1.jpg\",\"width\":1236,\"height\":1080,\"caption\":\"Noti-America LLC | Venezuela\"},\"image\":{\"@id\":\"https:\/\/noti-america.com\/site\/venezuela\/#\/schema\/logo\/image\/\"}},{\"@type\":\"Person\",\"@id\":\"https:\/\/noti-america.com\/site\/venezuela\/#\/schema\/person\/fd58dbfb92a257e9dc5761bf69a855ff\",\"name\":\"Rosmer Herrera\",\"image\":{\"@type\":\"ImageObject\",\"inLanguage\":\"es\",\"@id\":\"https:\/\/secure.gravatar.com\/avatar\/153e75c261394dbf20ff1a1e70ea2be9494f2b40b7fc4e7704084db13220ae08?s=96&d=mm&r=g\",\"url\":\"https:\/\/secure.gravatar.com\/avatar\/153e75c261394dbf20ff1a1e70ea2be9494f2b40b7fc4e7704084db13220ae08?s=96&d=mm&r=g\",\"contentUrl\":\"https:\/\/secure.gravatar.com\/avatar\/153e75c261394dbf20ff1a1e70ea2be9494f2b40b7fc4e7704084db13220ae08?s=96&d=mm&r=g\",\"caption\":\"Rosmer Herrera\"},\"url\":\"https:\/\/noti-america.com\/site\/venezuela\/author\/rosmer33\/\"}]}<\/script>\n<!-- \/ Yoast SEO Premium plugin. -->","yoast_head_json":{"title":"El trompetista Jes\u00fas V\u00e1squez prepara su carrera solista - Venezuela | Noti-America.com","robots":{"index":"index","follow":"follow","max-snippet":"max-snippet:-1","max-image-preview":"max-image-preview:large","max-video-preview":"max-video-preview:-1"},"canonical":"https:\/\/noti-america.com\/site\/venezuela\/2020\/06\/24\/el-trompetista-jesus-vasquez-prepara-su-carrera-solista\/","og_locale":"es_ES","og_type":"article","og_title":"El trompetista Jes\u00fas V\u00e1squez prepara su carrera solista","og_description":"Trabajar\u00e1 con Gerald \u201cChipi\u201d Chac\u00f3n, Juan Ernesto Laya, Pedro V\u00e1squez y Joel Mart\u00ednez entre otros destacados solistas venezolanos Prensa Cresta Metalica Jes\u00fas V\u00e1squez es muy conocido por su trabajo como trompetista del afamado Ensamble&#46;&#46;&#46;","og_url":"https:\/\/noti-america.com\/site\/venezuela\/2020\/06\/24\/el-trompetista-jesus-vasquez-prepara-su-carrera-solista\/","og_site_name":"Venezuela | Noti-America.com","article_published_time":"2020-06-24T09:37:52+00:00","article_modified_time":"2020-06-24T13:38:15+00:00","og_image":[{"width":1066,"height":1600,"url":"https:\/\/noti-america.com\/site\/venezuela\/wp-content\/uploads\/sites\/2\/2020\/06\/Jesus-Vasquez.jpeg","type":"image\/jpeg"}],"author":"Rosmer Herrera","twitter_card":"summary_large_image","twitter_misc":{"Escrito por":"Rosmer Herrera","Tiempo estimado de lectura":"5 minutos"},"schema":{"@context":"https:\/\/schema.org","@graph":[{"@type":"Article","@id":"https:\/\/noti-america.com\/site\/venezuela\/2020\/06\/24\/el-trompetista-jesus-vasquez-prepara-su-carrera-solista\/#article","isPartOf":{"@id":"https:\/\/noti-america.com\/site\/venezuela\/2020\/06\/24\/el-trompetista-jesus-vasquez-prepara-su-carrera-solista\/"},"author":{"name":"Rosmer Herrera","@id":"https:\/\/noti-america.com\/site\/venezuela\/#\/schema\/person\/fd58dbfb92a257e9dc5761bf69a855ff"},"headline":"El trompetista Jes\u00fas V\u00e1squez prepara su carrera solista","datePublished":"2020-06-24T09:37:52+00:00","dateModified":"2020-06-24T13:38:15+00:00","mainEntityOfPage":{"@id":"https:\/\/noti-america.com\/site\/venezuela\/2020\/06\/24\/el-trompetista-jesus-vasquez-prepara-su-carrera-solista\/"},"wordCount":939,"commentCount":0,"publisher":{"@id":"https:\/\/noti-america.com\/site\/venezuela\/#organization"},"image":{"@id":"https:\/\/noti-america.com\/site\/venezuela\/2020\/06\/24\/el-trompetista-jesus-vasquez-prepara-su-carrera-solista\/#primaryimage"},"thumbnailUrl":"https:\/\/noti-america.com\/site\/venezuela\/wp-content\/uploads\/sites\/2\/2020\/06\/Jesus-Vasquez.jpeg","articleSection":["Arte y Espect\u00e1culos"],"inLanguage":"es","potentialAction":[{"@type":"CommentAction","name":"Comment","target":["https:\/\/noti-america.com\/site\/venezuela\/2020\/06\/24\/el-trompetista-jesus-vasquez-prepara-su-carrera-solista\/#respond"]}]},{"@type":"WebPage","@id":"https:\/\/noti-america.com\/site\/venezuela\/2020\/06\/24\/el-trompetista-jesus-vasquez-prepara-su-carrera-solista\/","url":"https:\/\/noti-america.com\/site\/venezuela\/2020\/06\/24\/el-trompetista-jesus-vasquez-prepara-su-carrera-solista\/","name":"El trompetista Jes\u00fas V\u00e1squez prepara su carrera solista - Venezuela | Noti-America.com","isPartOf":{"@id":"https:\/\/noti-america.com\/site\/venezuela\/#website"},"primaryImageOfPage":{"@id":"https:\/\/noti-america.com\/site\/venezuela\/2020\/06\/24\/el-trompetista-jesus-vasquez-prepara-su-carrera-solista\/#primaryimage"},"image":{"@id":"https:\/\/noti-america.com\/site\/venezuela\/2020\/06\/24\/el-trompetista-jesus-vasquez-prepara-su-carrera-solista\/#primaryimage"},"thumbnailUrl":"https:\/\/noti-america.com\/site\/venezuela\/wp-content\/uploads\/sites\/2\/2020\/06\/Jesus-Vasquez.jpeg","datePublished":"2020-06-24T09:37:52+00:00","dateModified":"2020-06-24T13:38:15+00:00","breadcrumb":{"@id":"https:\/\/noti-america.com\/site\/venezuela\/2020\/06\/24\/el-trompetista-jesus-vasquez-prepara-su-carrera-solista\/#breadcrumb"},"inLanguage":"es","potentialAction":[{"@type":"ReadAction","target":["https:\/\/noti-america.com\/site\/venezuela\/2020\/06\/24\/el-trompetista-jesus-vasquez-prepara-su-carrera-solista\/"]}]},{"@type":"ImageObject","inLanguage":"es","@id":"https:\/\/noti-america.com\/site\/venezuela\/2020\/06\/24\/el-trompetista-jesus-vasquez-prepara-su-carrera-solista\/#primaryimage","url":"https:\/\/noti-america.com\/site\/venezuela\/wp-content\/uploads\/sites\/2\/2020\/06\/Jesus-Vasquez.jpeg","contentUrl":"https:\/\/noti-america.com\/site\/venezuela\/wp-content\/uploads\/sites\/2\/2020\/06\/Jesus-Vasquez.jpeg","width":1066,"height":1600},{"@type":"BreadcrumbList","@id":"https:\/\/noti-america.com\/site\/venezuela\/2020\/06\/24\/el-trompetista-jesus-vasquez-prepara-su-carrera-solista\/#breadcrumb","itemListElement":[{"@type":"ListItem","position":1,"name":"Portada","item":"https:\/\/noti-america.com\/site\/venezuela\/"},{"@type":"ListItem","position":2,"name":"El trompetista Jes\u00fas V\u00e1squez prepara su carrera solista"}]},{"@type":"WebSite","@id":"https:\/\/noti-america.com\/site\/venezuela\/#website","url":"https:\/\/noti-america.com\/site\/venezuela\/","name":"Venezuela | Noti-America.com","description":"","publisher":{"@id":"https:\/\/noti-america.com\/site\/venezuela\/#organization"},"potentialAction":[{"@type":"SearchAction","target":{"@type":"EntryPoint","urlTemplate":"https:\/\/noti-america.com\/site\/venezuela\/?s={search_term_string}"},"query-input":{"@type":"PropertyValueSpecification","valueRequired":true,"valueName":"search_term_string"}}],"inLanguage":"es"},{"@type":"Organization","@id":"https:\/\/noti-america.com\/site\/venezuela\/#organization","name":"Noti-America LLC | Venezuela","url":"https:\/\/noti-america.com\/site\/venezuela\/","logo":{"@type":"ImageObject","inLanguage":"es","@id":"https:\/\/noti-america.com\/site\/venezuela\/#\/schema\/logo\/image\/","url":"https:\/\/noti-america.com\/site\/venezuela\/wp-content\/uploads\/sites\/2\/2020\/07\/LogoNA-4x3-1.jpg","contentUrl":"https:\/\/noti-america.com\/site\/venezuela\/wp-content\/uploads\/sites\/2\/2020\/07\/LogoNA-4x3-1.jpg","width":1236,"height":1080,"caption":"Noti-America LLC | Venezuela"},"image":{"@id":"https:\/\/noti-america.com\/site\/venezuela\/#\/schema\/logo\/image\/"}},{"@type":"Person","@id":"https:\/\/noti-america.com\/site\/venezuela\/#\/schema\/person\/fd58dbfb92a257e9dc5761bf69a855ff","name":"Rosmer Herrera","image":{"@type":"ImageObject","inLanguage":"es","@id":"https:\/\/secure.gravatar.com\/avatar\/153e75c261394dbf20ff1a1e70ea2be9494f2b40b7fc4e7704084db13220ae08?s=96&d=mm&r=g","url":"https:\/\/secure.gravatar.com\/avatar\/153e75c261394dbf20ff1a1e70ea2be9494f2b40b7fc4e7704084db13220ae08?s=96&d=mm&r=g","contentUrl":"https:\/\/secure.gravatar.com\/avatar\/153e75c261394dbf20ff1a1e70ea2be9494f2b40b7fc4e7704084db13220ae08?s=96&d=mm&r=g","caption":"Rosmer Herrera"},"url":"https:\/\/noti-america.com\/site\/venezuela\/author\/rosmer33\/"}]}},"_links":{"self":[{"href":"https:\/\/noti-america.com\/site\/venezuela\/wp-json\/wp\/v2\/posts\/12488","targetHints":{"allow":["GET"]}}],"collection":[{"href":"https:\/\/noti-america.com\/site\/venezuela\/wp-json\/wp\/v2\/posts"}],"about":[{"href":"https:\/\/noti-america.com\/site\/venezuela\/wp-json\/wp\/v2\/types\/post"}],"author":[{"embeddable":true,"href":"https:\/\/noti-america.com\/site\/venezuela\/wp-json\/wp\/v2\/users\/1"}],"replies":[{"embeddable":true,"href":"https:\/\/noti-america.com\/site\/venezuela\/wp-json\/wp\/v2\/comments?post=12488"}],"version-history":[{"count":1,"href":"https:\/\/noti-america.com\/site\/venezuela\/wp-json\/wp\/v2\/posts\/12488\/revisions"}],"predecessor-version":[{"id":12490,"href":"https:\/\/noti-america.com\/site\/venezuela\/wp-json\/wp\/v2\/posts\/12488\/revisions\/12490"}],"wp:featuredmedia":[{"embeddable":true,"href":"https:\/\/noti-america.com\/site\/venezuela\/wp-json\/wp\/v2\/media\/12489"}],"wp:attachment":[{"href":"https:\/\/noti-america.com\/site\/venezuela\/wp-json\/wp\/v2\/media?parent=12488"}],"wp:term":[{"taxonomy":"category","embeddable":true,"href":"https:\/\/noti-america.com\/site\/venezuela\/wp-json\/wp\/v2\/categories?post=12488"},{"taxonomy":"post_tag","embeddable":true,"href":"https:\/\/noti-america.com\/site\/venezuela\/wp-json\/wp\/v2\/tags?post=12488"}],"curies":[{"name":"wp","href":"https:\/\/api.w.org\/{rel}","templated":true}]}}