{"id":1246,"date":"2017-12-06T16:18:58","date_gmt":"2017-12-06T16:18:58","guid":{"rendered":"http:\/\/noti-america.com\/site\/venezuela\/?p=1246"},"modified":"2017-12-06T16:21:17","modified_gmt":"2017-12-06T16:21:17","slug":"obligan-sacar-carnet-de-la-patria-para-poder-obtener-beneficios-del-estado","status":"publish","type":"post","link":"https:\/\/noti-america.com\/site\/venezuela\/2017\/12\/06\/obligan-sacar-carnet-de-la-patria-para-poder-obtener-beneficios-del-estado\/","title":{"rendered":"Obligan sacar \u00abCarnet de la Patria\u00bb para poder obtener beneficios del Estado"},"content":{"rendered":"<blockquote><p><strong>\u2014\u00bfSindicaliza el carnet de la patria?\u00a0<\/strong>Para nada. Lo vuelve miserable al trabajador, lo torna en mendigo de un Estado que le destruy\u00f3 el salario, los sindicatos, los contratos colectivos. \u201c\u00bfP\u00e1 qu\u00e9 m\u00e1s?\u201d, como dijera aquel c\u00f3mico de la Radio Rochela.. &#8211;<strong>Froil\u00e1n Barrios, secretario ejecutivo de la CTV, opin\u00f3 ante El Nacional<\/strong><\/p>\n<p>Oficialismo asegura que han carnetizado a m\u00e1s de 16 millones, y resulta que m\u00e1s de 16 millones no aceptan este instrumento. \u00bfA qui\u00e9n creer?<\/p>\n<p>Durante los ultimos comicios denunciaron que cada carnet permit\u00eda el registro de 3 venezolanos para votar al mismo tiempo.<\/p>\n<p><img decoding=\"async\" src=\"https:\/\/encrypted-tbn0.gstatic.com\/images?q=tbn:ANd9GcRToMTJ_eVBL5t_rMbuShXnnracSE1GQH_zXIRngZM_-0xhRxPI\" alt=\"Resultado de imagen para carnet de la patria\" \/><\/p>\n<p>No hay un registro formal que autentique cu\u00e1ntos venezolanos han obtenido el carnet, s\u00f3lo especulaciones de parte del Gobierno.<\/p><\/blockquote>\n<p>El pasado domingo el Presidente Maduro confirm\u00f3 en su acostumbrada cadena el plazo de\u00a0 3 d\u00edas para sacar el denominado \u00abcarnet de la patria\u00bb que le permitir\u00e1 a la ciudadan\u00eda realizar tramites institucionales y obtener al mismo tiempo beneficios del Estado.<\/p>\n<blockquote>\n<h4>HASTA LOS OPOSICIONISTAS DEBER\u00c1N SACAR EL CARNET PARA PODER HACER TR\u00c1MITES EN NOTAR\u00cdAS O TRATAMIENTOS EN HOSPITALES Credito: Web Aporrea<\/h4>\n<\/blockquote>\n<p>Esto ha tra\u00eddo consigo discrepancias y severas cr\u00edticas entre un amplio sector de la poblaci\u00f3n, renuente a sacar esta herramienta, por considerar que la constituci\u00f3n de la Rep\u00fablica Bolivariana de Venezuela establece como \u00fanico documento de identificaci\u00f3n la ya reconocida \u00abc\u00e9dula de identidad laminada\u00bb, sin embargo, a\u00fan no sin concretarse legalmente establecen como obligatorio presentar el fulano\u00bbcarnet\u00bb para poder tramitar una solicitud de pensi\u00f3n y tal como lo anunci\u00f3 el ahora ministro para la Comunicaci\u00f3n y la Informaci\u00f3n, Jorge Rodr\u00edguez al\u00a0refirirse este domingo al Plan 0800 Salud Ya, asegur\u00f3 que las personas para poder recibir los medicamentos para \u201csus dolencias\u201ddeber\u00e1n presentar r\u00e9cipe m\u00e9dico y Carnet de la Patria.<\/p>\n<div style=\"width: 787px\" class=\"wp-caption alignnone\"><img loading=\"lazy\" decoding=\"async\" src=\"https:\/\/www.aporrea.org\/imagenes\/2017\/12\/75883-chacaocolas0112171.jpg\" alt=\"Hasta los oposicionistas deber\u00e1n sacar el carnet para poder hacer tr\u00e1mites en notar\u00edas o tratamientos en hospitales\" width=\"777\" height=\"600\" \/><p class=\"wp-caption-text\">se observan extensas colas y quejas por esta exigencia, sometiendo al pueblo, \u00absi ya tenemos c\u00e9dula por qu\u00e9 esto?\u00bb, desde\u00f1a la mayor\u00eda.<\/p><\/div>\n<p>Muchos se preguntan si el anuncio de Nicol\u00e1s Maduro acerca de que la nueva c\u00e9dula ser\u00e1 el \u00abnada aceptado\u00bb carnet de la Patria por considerarlo ilegal.<\/p>\n<p>Entre tanto, la quejumbrosa actitud del venezolano ha sido la de recurrir a verse obligado a sacar el nuevo instrumento implementado por el Estado, \u00abporque de no ser as\u00ed no se podr\u00e1 accesar a instancias gubernamentales\u00bb indicaron varias personas al\u00a0 momento de hacer cola, desde tempranas horas de la madrugada en la plaza bol\u00edvar de Barquisimeto.<\/p>\n<p>Por los momentos, s\u00f3lo resta esperar por las \u00abnuevas exigencias, sorpresa que acostumbra Maduro\u00bb, dice otro entrevistado. Teniendo en cuenta que se anunci\u00f3 a trav\u00e9s de los medios televisivos que se extendi\u00f3 el plazo para darles oportunidad de obtener el \u00abcarnet de la Patria\u00bb, afirm\u00f3 el mandatario en cadena nacional.<\/p>\n<p>De igual forma, aunque el gobierno asume este tipo de acciones con la convicci\u00f3n de que va a ser la forma id\u00f3nea para entregar los productos Clap (Comit\u00e9 Locales de abastecimiento y producci\u00f3n), sin pormenores y para evitar el \u00abbachaqueo\u00bb, la colectividad denuncia que a\u00fan no obtiene \u00e9se beneficio, mismo que condicion\u00f3 el Presidente a ser entregado cada 15 d\u00edas, y que no ha llegado\u00a0 ni a un 30% de las familias venezolanas, seg\u00fan diversas opoiniones de personas que anteriormente recib\u00edan las bolsas CLAP.<\/p>\n<p>\u00abBast\u00f3 que el Presidente dijera que se entregar\u00eda el CLAP cada 15 d\u00edas, para que este desapareciera y no volviera\u00bb, indicaron familias en un sector de bajos recursos en Barquisimeto.<\/p>\n<p><img decoding=\"async\" src=\"http:\/\/cdn.venezuelaaldia.com\/wp-content\/uploads\/2017\/12\/utilidades.tapa_-696x454.jpg\" \/><\/p>\n<p>\u201cNavidad\u00a0que vuelve.\u00a0Tradici\u00f3n del a\u00f1o.\u00a0Unos van alegres. Otros van llorando\u201d. As\u00ed como dice la famosa canci\u00f3n de Billos, la mayor\u00eda de los venezolanos est\u00e1 entre re\u00edr y llorar ante la cr\u00edtica situaci\u00f3n que atraviesa el pa\u00eds, gracias a las nefastas pol\u00edticas del madurismo. La inflaci\u00f3n alcanz\u00f3 niveles extremos, el desabastecimiento no se detiene y el caos sigue aumentando.\u00a0<strong>Redacci\u00f3n Venezuela Al D\u00eda<\/strong><\/p>\n<p>Esta excelente entrada de la noticia sobre la afectaci\u00f3n de gran parte de la poblaci\u00f3n es el sentimiento de todo un sector que no consigue o mejor no concibe c\u00f3mo es que el gobierno niega ante organismos internacionales la gravedad de la situaci\u00f3n en el pa\u00eds.<\/p>\n<blockquote><p>\u201cLlam\u00e9 al 0800Salud y eso fue una locura. Lo primero que me pidieron fue el\u00a0<em>carnet de la patria<\/em><strong>\u00a0y yo les dije que no lo ten\u00eda. No me pueden pedir algo que no quiero\u201d, expres\u00f3 Concha. La paciente se negaba a creer que deb\u00eda sacar el carnet para conseguir sus medicamentos.<\/strong><\/p><\/blockquote>\n<p>No hay medicinas, pero Jorge Rodr\u00edguez declar\u00f3 que se inviertieron\u00a0 m\u00e1s de 300 millones de d\u00f3lares en un cargamento de medicamentos para hipertensivos, la cuesti\u00f3n es que para conseguirlos resulta toda una proeza, porque no hay forma de obtener respuesta del 0800SALUD-YA que ofreci\u00f3 el gobierno para obtener medicinas, as\u00ed lo afirmaron personas que trataron de comunicarse con el referido n\u00famero, y esc que realmente resulta imposible, porque \u00abyo\u00bb he intentado desde el d\u00eda en que lo anunciaron y siempre cae ocupado.<\/p>\n<p>Esta denuncia ya ha sido expuesta en varios medios radiales informativos, dirigidos a ser escuchados por funcionarios del gobierno.<\/p>\n<p>https:\/\/twitter.com\/TITORODRIGUEZZ\/status\/938411334168924160<\/p>\n<p><a class=\"twitter-timeline\" data-width=\"500\" data-height=\"750\" data-dnt=\"true\" href=\"https:\/\/twitter.com\/AlbertoRavell?ref_src=twsrc%5Etfw\">Tweets by AlbertoRavell<\/a><script async src=\"https:\/\/platform.twitter.com\/widgets.js\" charset=\"utf-8\"><\/script><\/p>\n<p>&nbsp;<\/p>\n<p>&nbsp;<\/p>\n","protected":false},"excerpt":{"rendered":"<p>\u2014\u00bfSindicaliza el carnet de la patria?\u00a0Para nada. Lo vuelve miserable al trabajador, lo torna en mendigo de un Estado que le destruy\u00f3 el salario, los sindicatos, los contratos colectivos. \u201c\u00bfP\u00e1 qu\u00e9 m\u00e1s?\u201d, como dijera&#46;&#46;&#46;<\/p>\n","protected":false},"author":11,"featured_media":1248,"comment_status":"open","ping_status":"open","sticky":false,"template":"","format":"standard","meta":{"_acf_changed":false,"om_disable_all_campaigns":false,"rop_custom_images_group":[],"rop_custom_messages_group":[],"rop_publish_now":"initial","rop_publish_now_accounts":{"twitter_242054905_242054905":""},"rop_publish_now_history":[],"rop_publish_now_status":"pending","_uf_show_specific_survey":0,"_uf_disable_surveys":false,"footnotes":""},"categories":[5,4,12,3],"tags":[],"class_list":["post-1246","post","type-post","status-publish","format-standard","has-post-thumbnail","hentry","category-economia","category-internacionales","category-opinion","category-politica"],"acf":[],"aioseo_notices":[],"yoast_head":"<!-- This site is optimized with the Yoast SEO Premium plugin v24.9 (Yoast SEO v27.2) - https:\/\/yoast.com\/product\/yoast-seo-premium-wordpress\/ -->\n<title>Obligan sacar &quot;Carnet de la Patria&quot; para poder obtener beneficios del Estado - Venezuela | Noti-America.com<\/title>\n<meta name=\"robots\" content=\"index, follow, max-snippet:-1, max-image-preview:large, max-video-preview:-1\" \/>\n<link rel=\"canonical\" href=\"https:\/\/noti-america.com\/site\/venezuela\/2017\/12\/06\/obligan-sacar-carnet-de-la-patria-para-poder-obtener-beneficios-del-estado\/\" \/>\n<meta property=\"og:locale\" content=\"es_ES\" \/>\n<meta property=\"og:type\" content=\"article\" \/>\n<meta property=\"og:title\" content=\"Obligan sacar &quot;Carnet de la Patria&quot; para poder obtener beneficios del Estado\" \/>\n<meta property=\"og:description\" content=\"\u2014\u00bfSindicaliza el carnet de la patria?\u00a0Para nada. Lo vuelve miserable al trabajador, lo torna en mendigo de un Estado que le destruy\u00f3 el salario, los sindicatos, los contratos colectivos. \u201c\u00bfP\u00e1 qu\u00e9 m\u00e1s?\u201d, como dijera&#046;&#046;&#046;\" \/>\n<meta property=\"og:url\" content=\"https:\/\/noti-america.com\/site\/venezuela\/2017\/12\/06\/obligan-sacar-carnet-de-la-patria-para-poder-obtener-beneficios-del-estado\/\" \/>\n<meta property=\"og:site_name\" content=\"Venezuela | Noti-America.com\" \/>\n<meta property=\"article:published_time\" content=\"2017-12-06T16:18:58+00:00\" \/>\n<meta property=\"article:modified_time\" content=\"2017-12-06T16:21:17+00:00\" \/>\n<meta property=\"og:image\" content=\"https:\/\/noti-america.com\/site\/venezuela\/wp-content\/uploads\/sites\/2\/2017\/12\/carnet-de-la-patria-1-696x473.jpg\" \/>\n\t<meta property=\"og:image:width\" content=\"696\" \/>\n\t<meta property=\"og:image:height\" content=\"473\" \/>\n\t<meta property=\"og:image:type\" content=\"image\/jpeg\" \/>\n<meta name=\"author\" content=\"Yliana Duque\" \/>\n<meta name=\"twitter:card\" content=\"summary_large_image\" \/>\n<meta name=\"twitter:creator\" content=\"@ylianaduque\" \/>\n<meta name=\"twitter:label1\" content=\"Escrito por\" \/>\n\t<meta name=\"twitter:data1\" content=\"Yliana Duque\" \/>\n\t<meta name=\"twitter:label2\" content=\"Tiempo estimado de lectura\" \/>\n\t<meta name=\"twitter:data2\" content=\"4 minutos\" \/>\n<script type=\"application\/ld+json\" class=\"yoast-schema-graph\">{\"@context\":\"https:\/\/schema.org\",\"@graph\":[{\"@type\":\"Article\",\"@id\":\"https:\/\/noti-america.com\/site\/venezuela\/2017\/12\/06\/obligan-sacar-carnet-de-la-patria-para-poder-obtener-beneficios-del-estado\/#article\",\"isPartOf\":{\"@id\":\"https:\/\/noti-america.com\/site\/venezuela\/2017\/12\/06\/obligan-sacar-carnet-de-la-patria-para-poder-obtener-beneficios-del-estado\/\"},\"author\":{\"name\":\"Yliana Duque\",\"@id\":\"https:\/\/noti-america.com\/site\/venezuela\/#\/schema\/person\/a166d9d45f249dbd09521fbc2e7342d8\"},\"headline\":\"Obligan sacar \u00abCarnet de la Patria\u00bb para poder obtener beneficios del Estado\",\"datePublished\":\"2017-12-06T16:18:58+00:00\",\"dateModified\":\"2017-12-06T16:21:17+00:00\",\"mainEntityOfPage\":{\"@id\":\"https:\/\/noti-america.com\/site\/venezuela\/2017\/12\/06\/obligan-sacar-carnet-de-la-patria-para-poder-obtener-beneficios-del-estado\/\"},\"wordCount\":908,\"commentCount\":0,\"publisher\":{\"@id\":\"https:\/\/noti-america.com\/site\/venezuela\/#organization\"},\"image\":{\"@id\":\"https:\/\/noti-america.com\/site\/venezuela\/2017\/12\/06\/obligan-sacar-carnet-de-la-patria-para-poder-obtener-beneficios-del-estado\/#primaryimage\"},\"thumbnailUrl\":\"https:\/\/noti-america.com\/site\/venezuela\/wp-content\/uploads\/sites\/2\/2017\/12\/carnet-de-la-patria-1-696x473.jpg\",\"articleSection\":[\"Econom\u00eda\",\"Internacionales\",\"Opini\u00f3n\",\"Pol\u00edtica\"],\"inLanguage\":\"es\",\"potentialAction\":[{\"@type\":\"CommentAction\",\"name\":\"Comment\",\"target\":[\"https:\/\/noti-america.com\/site\/venezuela\/2017\/12\/06\/obligan-sacar-carnet-de-la-patria-para-poder-obtener-beneficios-del-estado\/#respond\"]}]},{\"@type\":\"WebPage\",\"@id\":\"https:\/\/noti-america.com\/site\/venezuela\/2017\/12\/06\/obligan-sacar-carnet-de-la-patria-para-poder-obtener-beneficios-del-estado\/\",\"url\":\"https:\/\/noti-america.com\/site\/venezuela\/2017\/12\/06\/obligan-sacar-carnet-de-la-patria-para-poder-obtener-beneficios-del-estado\/\",\"name\":\"Obligan sacar \\\"Carnet de la Patria\\\" para poder obtener beneficios del Estado - Venezuela | Noti-America.com\",\"isPartOf\":{\"@id\":\"https:\/\/noti-america.com\/site\/venezuela\/#website\"},\"primaryImageOfPage\":{\"@id\":\"https:\/\/noti-america.com\/site\/venezuela\/2017\/12\/06\/obligan-sacar-carnet-de-la-patria-para-poder-obtener-beneficios-del-estado\/#primaryimage\"},\"image\":{\"@id\":\"https:\/\/noti-america.com\/site\/venezuela\/2017\/12\/06\/obligan-sacar-carnet-de-la-patria-para-poder-obtener-beneficios-del-estado\/#primaryimage\"},\"thumbnailUrl\":\"https:\/\/noti-america.com\/site\/venezuela\/wp-content\/uploads\/sites\/2\/2017\/12\/carnet-de-la-patria-1-696x473.jpg\",\"datePublished\":\"2017-12-06T16:18:58+00:00\",\"dateModified\":\"2017-12-06T16:21:17+00:00\",\"breadcrumb\":{\"@id\":\"https:\/\/noti-america.com\/site\/venezuela\/2017\/12\/06\/obligan-sacar-carnet-de-la-patria-para-poder-obtener-beneficios-del-estado\/#breadcrumb\"},\"inLanguage\":\"es\",\"potentialAction\":[{\"@type\":\"ReadAction\",\"target\":[\"https:\/\/noti-america.com\/site\/venezuela\/2017\/12\/06\/obligan-sacar-carnet-de-la-patria-para-poder-obtener-beneficios-del-estado\/\"]}]},{\"@type\":\"ImageObject\",\"inLanguage\":\"es\",\"@id\":\"https:\/\/noti-america.com\/site\/venezuela\/2017\/12\/06\/obligan-sacar-carnet-de-la-patria-para-poder-obtener-beneficios-del-estado\/#primaryimage\",\"url\":\"https:\/\/noti-america.com\/site\/venezuela\/wp-content\/uploads\/sites\/2\/2017\/12\/carnet-de-la-patria-1-696x473.jpg\",\"contentUrl\":\"https:\/\/noti-america.com\/site\/venezuela\/wp-content\/uploads\/sites\/2\/2017\/12\/carnet-de-la-patria-1-696x473.jpg\",\"width\":696,\"height\":473},{\"@type\":\"BreadcrumbList\",\"@id\":\"https:\/\/noti-america.com\/site\/venezuela\/2017\/12\/06\/obligan-sacar-carnet-de-la-patria-para-poder-obtener-beneficios-del-estado\/#breadcrumb\",\"itemListElement\":[{\"@type\":\"ListItem\",\"position\":1,\"name\":\"Portada\",\"item\":\"https:\/\/noti-america.com\/site\/venezuela\/\"},{\"@type\":\"ListItem\",\"position\":2,\"name\":\"Obligan sacar \u00abCarnet de la Patria\u00bb para poder obtener beneficios del Estado\"}]},{\"@type\":\"WebSite\",\"@id\":\"https:\/\/noti-america.com\/site\/venezuela\/#website\",\"url\":\"https:\/\/noti-america.com\/site\/venezuela\/\",\"name\":\"Venezuela | Noti-America.com\",\"description\":\"\",\"publisher\":{\"@id\":\"https:\/\/noti-america.com\/site\/venezuela\/#organization\"},\"potentialAction\":[{\"@type\":\"SearchAction\",\"target\":{\"@type\":\"EntryPoint\",\"urlTemplate\":\"https:\/\/noti-america.com\/site\/venezuela\/?s={search_term_string}\"},\"query-input\":{\"@type\":\"PropertyValueSpecification\",\"valueRequired\":true,\"valueName\":\"search_term_string\"}}],\"inLanguage\":\"es\"},{\"@type\":\"Organization\",\"@id\":\"https:\/\/noti-america.com\/site\/venezuela\/#organization\",\"name\":\"Noti-America LLC | Venezuela\",\"url\":\"https:\/\/noti-america.com\/site\/venezuela\/\",\"logo\":{\"@type\":\"ImageObject\",\"inLanguage\":\"es\",\"@id\":\"https:\/\/noti-america.com\/site\/venezuela\/#\/schema\/logo\/image\/\",\"url\":\"https:\/\/noti-america.com\/site\/venezuela\/wp-content\/uploads\/sites\/2\/2020\/07\/LogoNA-4x3-1.jpg\",\"contentUrl\":\"https:\/\/noti-america.com\/site\/venezuela\/wp-content\/uploads\/sites\/2\/2020\/07\/LogoNA-4x3-1.jpg\",\"width\":1236,\"height\":1080,\"caption\":\"Noti-America LLC | Venezuela\"},\"image\":{\"@id\":\"https:\/\/noti-america.com\/site\/venezuela\/#\/schema\/logo\/image\/\"}},{\"@type\":\"Person\",\"@id\":\"https:\/\/noti-america.com\/site\/venezuela\/#\/schema\/person\/a166d9d45f249dbd09521fbc2e7342d8\",\"name\":\"Yliana Duque\",\"image\":{\"@type\":\"ImageObject\",\"inLanguage\":\"es\",\"@id\":\"https:\/\/secure.gravatar.com\/avatar\/8caf2a4035762b3be44c3a0455581febe2d5273a41ac40dacc575b8aa348fe65?s=96&d=mm&r=g\",\"url\":\"https:\/\/secure.gravatar.com\/avatar\/8caf2a4035762b3be44c3a0455581febe2d5273a41ac40dacc575b8aa348fe65?s=96&d=mm&r=g\",\"contentUrl\":\"https:\/\/secure.gravatar.com\/avatar\/8caf2a4035762b3be44c3a0455581febe2d5273a41ac40dacc575b8aa348fe65?s=96&d=mm&r=g\",\"caption\":\"Yliana Duque\"},\"description\":\"Ejercer el periodismo requiere de pasi\u00f3n y conocimiento en investigaci\u00f3n de campo. Siempre en la b\u00fasqueda de la verdad para aportar claridad y poder discernir sobre el hecho noticioso. Egresada de la Universidad de los Andes. Maestria en Relaciones Internacionales (UCV). Diplomado de Educaci\u00f3n Superior (Universidad Experimental LIbertador (UPEL), y Educaci\u00f3n superior a distancia (UFT). Estudios de Locuci\u00f3n- Actuaci\u00f3n-Publicidad y Mercadeo, Redes. Subdirectora de relaciones p\u00fablicas de la Asamablea Legislativa del Estado Sucre(1995)-Periodista de TELESOL,Telecaribe (Sucre). Jefe de Prensa de la Gobernaci\u00f3n del Estado Amazonas(1997). Periodista Comandancia General del Ej\u00e9rcito, Fuerte Tiuna (1996). Lider de Proyectos en educaci\u00f3n Superior en la Universidad Ferm\u00edn Toro (UFT) (2000). Docente Universitario UFT (2002-2007)-Docente de Educaci\u00f3n Superior a Distancia -titulado. Periodista Diario El Informador. Periodista en Apoyo A\u00e9reo de la Guardia Nacional, Aeropuerto Jacinto Lara. www.Noti-america.com (Venezuela)\",\"sameAs\":[\"https:\/\/x.com\/ylianaduque\"],\"url\":\"https:\/\/noti-america.com\/site\/venezuela\/author\/yduque\/\"}]}<\/script>\n<!-- \/ Yoast SEO Premium plugin. -->","yoast_head_json":{"title":"Obligan sacar \"Carnet de la Patria\" para poder obtener beneficios del Estado - Venezuela | Noti-America.com","robots":{"index":"index","follow":"follow","max-snippet":"max-snippet:-1","max-image-preview":"max-image-preview:large","max-video-preview":"max-video-preview:-1"},"canonical":"https:\/\/noti-america.com\/site\/venezuela\/2017\/12\/06\/obligan-sacar-carnet-de-la-patria-para-poder-obtener-beneficios-del-estado\/","og_locale":"es_ES","og_type":"article","og_title":"Obligan sacar \"Carnet de la Patria\" para poder obtener beneficios del Estado","og_description":"\u2014\u00bfSindicaliza el carnet de la patria?\u00a0Para nada. Lo vuelve miserable al trabajador, lo torna en mendigo de un Estado que le destruy\u00f3 el salario, los sindicatos, los contratos colectivos. \u201c\u00bfP\u00e1 qu\u00e9 m\u00e1s?\u201d, como dijera&#46;&#46;&#46;","og_url":"https:\/\/noti-america.com\/site\/venezuela\/2017\/12\/06\/obligan-sacar-carnet-de-la-patria-para-poder-obtener-beneficios-del-estado\/","og_site_name":"Venezuela | Noti-America.com","article_published_time":"2017-12-06T16:18:58+00:00","article_modified_time":"2017-12-06T16:21:17+00:00","og_image":[{"width":696,"height":473,"url":"https:\/\/noti-america.com\/site\/venezuela\/wp-content\/uploads\/sites\/2\/2017\/12\/carnet-de-la-patria-1-696x473.jpg","type":"image\/jpeg"}],"author":"Yliana Duque","twitter_card":"summary_large_image","twitter_creator":"@ylianaduque","twitter_misc":{"Escrito por":"Yliana Duque","Tiempo estimado de lectura":"4 minutos"},"schema":{"@context":"https:\/\/schema.org","@graph":[{"@type":"Article","@id":"https:\/\/noti-america.com\/site\/venezuela\/2017\/12\/06\/obligan-sacar-carnet-de-la-patria-para-poder-obtener-beneficios-del-estado\/#article","isPartOf":{"@id":"https:\/\/noti-america.com\/site\/venezuela\/2017\/12\/06\/obligan-sacar-carnet-de-la-patria-para-poder-obtener-beneficios-del-estado\/"},"author":{"name":"Yliana Duque","@id":"https:\/\/noti-america.com\/site\/venezuela\/#\/schema\/person\/a166d9d45f249dbd09521fbc2e7342d8"},"headline":"Obligan sacar \u00abCarnet de la Patria\u00bb para poder obtener beneficios del Estado","datePublished":"2017-12-06T16:18:58+00:00","dateModified":"2017-12-06T16:21:17+00:00","mainEntityOfPage":{"@id":"https:\/\/noti-america.com\/site\/venezuela\/2017\/12\/06\/obligan-sacar-carnet-de-la-patria-para-poder-obtener-beneficios-del-estado\/"},"wordCount":908,"commentCount":0,"publisher":{"@id":"https:\/\/noti-america.com\/site\/venezuela\/#organization"},"image":{"@id":"https:\/\/noti-america.com\/site\/venezuela\/2017\/12\/06\/obligan-sacar-carnet-de-la-patria-para-poder-obtener-beneficios-del-estado\/#primaryimage"},"thumbnailUrl":"https:\/\/noti-america.com\/site\/venezuela\/wp-content\/uploads\/sites\/2\/2017\/12\/carnet-de-la-patria-1-696x473.jpg","articleSection":["Econom\u00eda","Internacionales","Opini\u00f3n","Pol\u00edtica"],"inLanguage":"es","potentialAction":[{"@type":"CommentAction","name":"Comment","target":["https:\/\/noti-america.com\/site\/venezuela\/2017\/12\/06\/obligan-sacar-carnet-de-la-patria-para-poder-obtener-beneficios-del-estado\/#respond"]}]},{"@type":"WebPage","@id":"https:\/\/noti-america.com\/site\/venezuela\/2017\/12\/06\/obligan-sacar-carnet-de-la-patria-para-poder-obtener-beneficios-del-estado\/","url":"https:\/\/noti-america.com\/site\/venezuela\/2017\/12\/06\/obligan-sacar-carnet-de-la-patria-para-poder-obtener-beneficios-del-estado\/","name":"Obligan sacar \"Carnet de la Patria\" para poder obtener beneficios del Estado - Venezuela | Noti-America.com","isPartOf":{"@id":"https:\/\/noti-america.com\/site\/venezuela\/#website"},"primaryImageOfPage":{"@id":"https:\/\/noti-america.com\/site\/venezuela\/2017\/12\/06\/obligan-sacar-carnet-de-la-patria-para-poder-obtener-beneficios-del-estado\/#primaryimage"},"image":{"@id":"https:\/\/noti-america.com\/site\/venezuela\/2017\/12\/06\/obligan-sacar-carnet-de-la-patria-para-poder-obtener-beneficios-del-estado\/#primaryimage"},"thumbnailUrl":"https:\/\/noti-america.com\/site\/venezuela\/wp-content\/uploads\/sites\/2\/2017\/12\/carnet-de-la-patria-1-696x473.jpg","datePublished":"2017-12-06T16:18:58+00:00","dateModified":"2017-12-06T16:21:17+00:00","breadcrumb":{"@id":"https:\/\/noti-america.com\/site\/venezuela\/2017\/12\/06\/obligan-sacar-carnet-de-la-patria-para-poder-obtener-beneficios-del-estado\/#breadcrumb"},"inLanguage":"es","potentialAction":[{"@type":"ReadAction","target":["https:\/\/noti-america.com\/site\/venezuela\/2017\/12\/06\/obligan-sacar-carnet-de-la-patria-para-poder-obtener-beneficios-del-estado\/"]}]},{"@type":"ImageObject","inLanguage":"es","@id":"https:\/\/noti-america.com\/site\/venezuela\/2017\/12\/06\/obligan-sacar-carnet-de-la-patria-para-poder-obtener-beneficios-del-estado\/#primaryimage","url":"https:\/\/noti-america.com\/site\/venezuela\/wp-content\/uploads\/sites\/2\/2017\/12\/carnet-de-la-patria-1-696x473.jpg","contentUrl":"https:\/\/noti-america.com\/site\/venezuela\/wp-content\/uploads\/sites\/2\/2017\/12\/carnet-de-la-patria-1-696x473.jpg","width":696,"height":473},{"@type":"BreadcrumbList","@id":"https:\/\/noti-america.com\/site\/venezuela\/2017\/12\/06\/obligan-sacar-carnet-de-la-patria-para-poder-obtener-beneficios-del-estado\/#breadcrumb","itemListElement":[{"@type":"ListItem","position":1,"name":"Portada","item":"https:\/\/noti-america.com\/site\/venezuela\/"},{"@type":"ListItem","position":2,"name":"Obligan sacar \u00abCarnet de la Patria\u00bb para poder obtener beneficios del Estado"}]},{"@type":"WebSite","@id":"https:\/\/noti-america.com\/site\/venezuela\/#website","url":"https:\/\/noti-america.com\/site\/venezuela\/","name":"Venezuela | Noti-America.com","description":"","publisher":{"@id":"https:\/\/noti-america.com\/site\/venezuela\/#organization"},"potentialAction":[{"@type":"SearchAction","target":{"@type":"EntryPoint","urlTemplate":"https:\/\/noti-america.com\/site\/venezuela\/?s={search_term_string}"},"query-input":{"@type":"PropertyValueSpecification","valueRequired":true,"valueName":"search_term_string"}}],"inLanguage":"es"},{"@type":"Organization","@id":"https:\/\/noti-america.com\/site\/venezuela\/#organization","name":"Noti-America LLC | Venezuela","url":"https:\/\/noti-america.com\/site\/venezuela\/","logo":{"@type":"ImageObject","inLanguage":"es","@id":"https:\/\/noti-america.com\/site\/venezuela\/#\/schema\/logo\/image\/","url":"https:\/\/noti-america.com\/site\/venezuela\/wp-content\/uploads\/sites\/2\/2020\/07\/LogoNA-4x3-1.jpg","contentUrl":"https:\/\/noti-america.com\/site\/venezuela\/wp-content\/uploads\/sites\/2\/2020\/07\/LogoNA-4x3-1.jpg","width":1236,"height":1080,"caption":"Noti-America LLC | Venezuela"},"image":{"@id":"https:\/\/noti-america.com\/site\/venezuela\/#\/schema\/logo\/image\/"}},{"@type":"Person","@id":"https:\/\/noti-america.com\/site\/venezuela\/#\/schema\/person\/a166d9d45f249dbd09521fbc2e7342d8","name":"Yliana Duque","image":{"@type":"ImageObject","inLanguage":"es","@id":"https:\/\/secure.gravatar.com\/avatar\/8caf2a4035762b3be44c3a0455581febe2d5273a41ac40dacc575b8aa348fe65?s=96&d=mm&r=g","url":"https:\/\/secure.gravatar.com\/avatar\/8caf2a4035762b3be44c3a0455581febe2d5273a41ac40dacc575b8aa348fe65?s=96&d=mm&r=g","contentUrl":"https:\/\/secure.gravatar.com\/avatar\/8caf2a4035762b3be44c3a0455581febe2d5273a41ac40dacc575b8aa348fe65?s=96&d=mm&r=g","caption":"Yliana Duque"},"description":"Ejercer el periodismo requiere de pasi\u00f3n y conocimiento en investigaci\u00f3n de campo. Siempre en la b\u00fasqueda de la verdad para aportar claridad y poder discernir sobre el hecho noticioso. Egresada de la Universidad de los Andes. Maestria en Relaciones Internacionales (UCV). Diplomado de Educaci\u00f3n Superior (Universidad Experimental LIbertador (UPEL), y Educaci\u00f3n superior a distancia (UFT). Estudios de Locuci\u00f3n- Actuaci\u00f3n-Publicidad y Mercadeo, Redes. Subdirectora de relaciones p\u00fablicas de la Asamablea Legislativa del Estado Sucre(1995)-Periodista de TELESOL,Telecaribe (Sucre). Jefe de Prensa de la Gobernaci\u00f3n del Estado Amazonas(1997). Periodista Comandancia General del Ej\u00e9rcito, Fuerte Tiuna (1996). Lider de Proyectos en educaci\u00f3n Superior en la Universidad Ferm\u00edn Toro (UFT) (2000). Docente Universitario UFT (2002-2007)-Docente de Educaci\u00f3n Superior a Distancia -titulado. Periodista Diario El Informador. Periodista en Apoyo A\u00e9reo de la Guardia Nacional, Aeropuerto Jacinto Lara. www.Noti-america.com (Venezuela)","sameAs":["https:\/\/x.com\/ylianaduque"],"url":"https:\/\/noti-america.com\/site\/venezuela\/author\/yduque\/"}]}},"_links":{"self":[{"href":"https:\/\/noti-america.com\/site\/venezuela\/wp-json\/wp\/v2\/posts\/1246","targetHints":{"allow":["GET"]}}],"collection":[{"href":"https:\/\/noti-america.com\/site\/venezuela\/wp-json\/wp\/v2\/posts"}],"about":[{"href":"https:\/\/noti-america.com\/site\/venezuela\/wp-json\/wp\/v2\/types\/post"}],"author":[{"embeddable":true,"href":"https:\/\/noti-america.com\/site\/venezuela\/wp-json\/wp\/v2\/users\/11"}],"replies":[{"embeddable":true,"href":"https:\/\/noti-america.com\/site\/venezuela\/wp-json\/wp\/v2\/comments?post=1246"}],"version-history":[{"count":3,"href":"https:\/\/noti-america.com\/site\/venezuela\/wp-json\/wp\/v2\/posts\/1246\/revisions"}],"predecessor-version":[{"id":1250,"href":"https:\/\/noti-america.com\/site\/venezuela\/wp-json\/wp\/v2\/posts\/1246\/revisions\/1250"}],"wp:featuredmedia":[{"embeddable":true,"href":"https:\/\/noti-america.com\/site\/venezuela\/wp-json\/wp\/v2\/media\/1248"}],"wp:attachment":[{"href":"https:\/\/noti-america.com\/site\/venezuela\/wp-json\/wp\/v2\/media?parent=1246"}],"wp:term":[{"taxonomy":"category","embeddable":true,"href":"https:\/\/noti-america.com\/site\/venezuela\/wp-json\/wp\/v2\/categories?post=1246"},{"taxonomy":"post_tag","embeddable":true,"href":"https:\/\/noti-america.com\/site\/venezuela\/wp-json\/wp\/v2\/tags?post=1246"}],"curies":[{"name":"wp","href":"https:\/\/api.w.org\/{rel}","templated":true}]}}