{"id":12278,"date":"2020-06-04T19:58:42","date_gmt":"2020-06-04T19:58:42","guid":{"rendered":"http:\/\/noti-america.com\/site\/venezuela\/2020\/06\/04\/en-ocumare-de-la-costa-tambien-protestan-por-agua\/"},"modified":"2020-06-04T23:58:53","modified_gmt":"2020-06-04T23:58:53","slug":"en-ocumare-de-la-costa-tambien-protestan-por-agua","status":"publish","type":"post","link":"https:\/\/noti-america.com\/site\/venezuela\/2020\/06\/04\/en-ocumare-de-la-costa-tambien-protestan-por-agua\/","title":{"rendered":"*En Ocumare de la Costa tambi\u00e9n protestan por agua*"},"content":{"rendered":"<p>REDACCION NOTI-AMERICA.COM (VENEZUELA)<\/p>\n<p><img loading=\"lazy\" decoding=\"async\" class=\"alignnone size-medium wp-image-12279 aligncenter\" src=\"http:\/\/noti-america.com\/site\/venezuela\/venezuela\/wp-content\/uploads\/sites\/2\/2020\/06\/PHOTO-2020-06-04-08-47-23-225x300.jpg\" alt=\"\" width=\"225\" height=\"300\" srcset=\"https:\/\/noti-america.com\/site\/venezuela\/wp-content\/uploads\/sites\/2\/2020\/06\/PHOTO-2020-06-04-08-47-23-225x300.jpg 225w, https:\/\/noti-america.com\/site\/venezuela\/wp-content\/uploads\/sites\/2\/2020\/06\/PHOTO-2020-06-04-08-47-23.jpg 480w\" sizes=\"auto, (max-width: 225px) 100vw, 225px\" \/><\/p>\n<p>*En Ocumare de la Costa tambi\u00e9n protestan por agua*<\/p>\n<p>*\u25aa\ufe0eLos apagones son constantes y los residentes deben esperar que desde Maracay, a 43 kil\u00f3metros, Corpoelec env\u00ede un veh\u00edculo que eleva una cabina para reparar los generadores*.<\/p>\n<p>*Caracas, 4 junio*. Dos o tres horas una vez al mes llega el agua en Ocumare de la Costa de Oro, uno de los 18 municipios del estado Aragua, con 15 mil habitantes ubicado en el extremo norte de esa regi\u00f3n central del pa\u00eds.<\/p>\n<p>La denuncia la hizo el diputado Jos\u00e9 Trujillo, vicepresidente de la Subcomisi\u00f3n de Salud de la Asamblea Nacional (AN) y el dirigente vecinal Diego Mora.<\/p>\n<p>\u00abLa falta de agua es otro de los problemas que afecta al pa\u00eds. Solo el 6,6% de la poblaci\u00f3n es abastecida de agua potable\u00bb dijo Trujillo, citando datos de la encuesta Crisis Venezuela 2020 que peri\u00f3dicamente realiza la AN.<\/p>\n<p>\u00abEn Aragua todos los municipios est\u00e1n afectados y en igual situaci\u00f3n los estados circunvecinos: Gu\u00e1rico, Carabobo, Miranda y Vargas\u00bb, agreg\u00f3 el parlamentario.<\/p>\n<p>Culp\u00f3 de la escasez de agua a la empresa estatal Hidrocentro, encargada del servicio en la regi\u00f3n central del pa\u00eds, y al gobernador de Aragua, Rodolfo Marco Torres.<\/p>\n<p>\u00abSin agua no podemos defendernos de la pandemia del coronavirus y m\u00e1s a\u00fan para una regi\u00f3n agropecuaria y tur\u00edstica como lo es Ocumare de la Costa de Oro\u00bb, agreg\u00f3.<\/p>\n<p>Trujillo denunci\u00f3 que las fallas en el suministro el\u00e9ctrico tambi\u00e9n son recurrentes en Ocumare de la Costa, e indic\u00f3 que el 94,9% de la poblaci\u00f3n venezolana sufre de constantes interrupciones seg\u00fan las evaluaciones peri\u00f3dicas del Parlamento.<\/p>\n<p>Explic\u00f3 que la poblaci\u00f3n tiene que esperar hasta ocho horas para que desde Maracay, a 43 kil\u00f3metros, Corpoelec env\u00ede un veh\u00edculo que eleva una cabina para reparar los generadores o transformadores.<\/p>\n<p>*Tanque de agua en Play\u00f3n*<\/p>\n<p>El dirigente vecinal Diego Mora explic\u00f3 que la soluci\u00f3n en el suministro de agua en el municipio Ocumare de la Costa de Oro estar\u00eda en la reparaci\u00f3n de un gigantesco tanque ubicado en el sector El Play\u00f3n, el cual tiene una capacidad de cinco millones de litros.<\/p>\n<p>\u00abSu estructura de concreto se encuentra abandonada desde hace 15 a\u00f1os pero a\u00fan es recuperable porque presenta da\u00f1os menores\u00bb, dijo Mora.<\/p>\n<p>Indic\u00f3 que la reparaci\u00f3n de ese tanque podr\u00eda beneficiar a cinco mil habitantes de Ocumare de la Costa y refiri\u00f3 que la solicitud la han planteado en numerosas oportunidades al Ministerio del Agua.<\/p>\n<p>Leyenda:<br \/>\nEn Ocumare de la Costa piden reparar un tanque de agua de cinco millones de litros (Cortes\u00eda)<\/p>\n","protected":false},"excerpt":{"rendered":"<p>REDACCION NOTI-AMERICA.COM (VENEZUELA) *En Ocumare de la Costa tambi\u00e9n protestan por agua* *\u25aa\ufe0eLos apagones son constantes y los residentes deben esperar que desde Maracay, a 43 kil\u00f3metros, Corpoelec env\u00ede un veh\u00edculo que eleva una&#46;&#46;&#46;<\/p>\n","protected":false},"author":2,"featured_media":12279,"comment_status":"open","ping_status":"open","sticky":false,"template":"","format":"standard","meta":{"_acf_changed":false,"om_disable_all_campaigns":false,"rop_custom_images_group":[],"rop_custom_messages_group":[],"rop_publish_now":"initial","rop_publish_now_accounts":{"twitter_242054905_242054905":""},"rop_publish_now_history":[],"rop_publish_now_status":"pending","_uf_show_specific_survey":0,"_uf_disable_surveys":false,"footnotes":""},"categories":[157],"tags":[],"class_list":["post-12278","post","type-post","status-publish","format-standard","has-post-thumbnail","hentry","category-noticias"],"acf":[],"aioseo_notices":[],"yoast_head":"<!-- This site is optimized with the Yoast SEO Premium plugin v24.9 (Yoast SEO v27.2) - https:\/\/yoast.com\/product\/yoast-seo-premium-wordpress\/ -->\n<title>*En Ocumare de la Costa tambi\u00e9n protestan por agua* - Venezuela | Noti-America.com<\/title>\n<meta name=\"robots\" content=\"index, follow, max-snippet:-1, max-image-preview:large, max-video-preview:-1\" \/>\n<link rel=\"canonical\" href=\"https:\/\/noti-america.com\/site\/venezuela\/2020\/06\/04\/en-ocumare-de-la-costa-tambien-protestan-por-agua\/\" \/>\n<meta property=\"og:locale\" content=\"es_ES\" \/>\n<meta property=\"og:type\" content=\"article\" \/>\n<meta property=\"og:title\" content=\"*En Ocumare de la Costa tambi\u00e9n protestan por agua*\" \/>\n<meta property=\"og:description\" content=\"REDACCION NOTI-AMERICA.COM (VENEZUELA) *En Ocumare de la Costa tambi\u00e9n protestan por agua* *\u25aa\ufe0eLos apagones son constantes y los residentes deben esperar que desde Maracay, a 43 kil\u00f3metros, Corpoelec env\u00ede un veh\u00edculo que eleva una&#046;&#046;&#046;\" \/>\n<meta property=\"og:url\" content=\"https:\/\/noti-america.com\/site\/venezuela\/2020\/06\/04\/en-ocumare-de-la-costa-tambien-protestan-por-agua\/\" \/>\n<meta property=\"og:site_name\" content=\"Venezuela | Noti-America.com\" \/>\n<meta property=\"article:published_time\" content=\"2020-06-04T19:58:42+00:00\" \/>\n<meta property=\"article:modified_time\" content=\"2020-06-04T23:58:53+00:00\" \/>\n<meta property=\"og:image\" content=\"https:\/\/noti-america.com\/site\/venezuela\/wp-content\/uploads\/sites\/2\/2020\/06\/PHOTO-2020-06-04-08-47-23.jpg\" \/>\n\t<meta property=\"og:image:width\" content=\"480\" \/>\n\t<meta property=\"og:image:height\" content=\"640\" \/>\n\t<meta property=\"og:image:type\" content=\"image\/jpeg\" \/>\n<meta name=\"author\" content=\"rloaiza\" \/>\n<meta name=\"twitter:card\" content=\"summary_large_image\" \/>\n<meta name=\"twitter:label1\" content=\"Escrito por\" \/>\n\t<meta name=\"twitter:data1\" content=\"rloaiza\" \/>\n\t<meta name=\"twitter:label2\" content=\"Tiempo estimado de lectura\" \/>\n\t<meta name=\"twitter:data2\" content=\"2 minutos\" \/>\n<script type=\"application\/ld+json\" class=\"yoast-schema-graph\">{\"@context\":\"https:\/\/schema.org\",\"@graph\":[{\"@type\":\"Article\",\"@id\":\"https:\/\/noti-america.com\/site\/venezuela\/2020\/06\/04\/en-ocumare-de-la-costa-tambien-protestan-por-agua\/#article\",\"isPartOf\":{\"@id\":\"https:\/\/noti-america.com\/site\/venezuela\/2020\/06\/04\/en-ocumare-de-la-costa-tambien-protestan-por-agua\/\"},\"author\":{\"name\":\"rloaiza\",\"@id\":\"https:\/\/noti-america.com\/site\/venezuela\/#\/schema\/person\/a2e478ba496331ce89bcd0c731cd6533\"},\"headline\":\"*En Ocumare de la Costa tambi\u00e9n protestan por agua*\",\"datePublished\":\"2020-06-04T19:58:42+00:00\",\"dateModified\":\"2020-06-04T23:58:53+00:00\",\"mainEntityOfPage\":{\"@id\":\"https:\/\/noti-america.com\/site\/venezuela\/2020\/06\/04\/en-ocumare-de-la-costa-tambien-protestan-por-agua\/\"},\"wordCount\":458,\"commentCount\":0,\"publisher\":{\"@id\":\"https:\/\/noti-america.com\/site\/venezuela\/#organization\"},\"image\":{\"@id\":\"https:\/\/noti-america.com\/site\/venezuela\/2020\/06\/04\/en-ocumare-de-la-costa-tambien-protestan-por-agua\/#primaryimage\"},\"thumbnailUrl\":\"https:\/\/noti-america.com\/site\/venezuela\/wp-content\/uploads\/sites\/2\/2020\/06\/PHOTO-2020-06-04-08-47-23.jpg\",\"articleSection\":[\"Noticias\"],\"inLanguage\":\"es\",\"potentialAction\":[{\"@type\":\"CommentAction\",\"name\":\"Comment\",\"target\":[\"https:\/\/noti-america.com\/site\/venezuela\/2020\/06\/04\/en-ocumare-de-la-costa-tambien-protestan-por-agua\/#respond\"]}]},{\"@type\":\"WebPage\",\"@id\":\"https:\/\/noti-america.com\/site\/venezuela\/2020\/06\/04\/en-ocumare-de-la-costa-tambien-protestan-por-agua\/\",\"url\":\"https:\/\/noti-america.com\/site\/venezuela\/2020\/06\/04\/en-ocumare-de-la-costa-tambien-protestan-por-agua\/\",\"name\":\"*En Ocumare de la Costa tambi\u00e9n protestan por agua* - Venezuela | Noti-America.com\",\"isPartOf\":{\"@id\":\"https:\/\/noti-america.com\/site\/venezuela\/#website\"},\"primaryImageOfPage\":{\"@id\":\"https:\/\/noti-america.com\/site\/venezuela\/2020\/06\/04\/en-ocumare-de-la-costa-tambien-protestan-por-agua\/#primaryimage\"},\"image\":{\"@id\":\"https:\/\/noti-america.com\/site\/venezuela\/2020\/06\/04\/en-ocumare-de-la-costa-tambien-protestan-por-agua\/#primaryimage\"},\"thumbnailUrl\":\"https:\/\/noti-america.com\/site\/venezuela\/wp-content\/uploads\/sites\/2\/2020\/06\/PHOTO-2020-06-04-08-47-23.jpg\",\"datePublished\":\"2020-06-04T19:58:42+00:00\",\"dateModified\":\"2020-06-04T23:58:53+00:00\",\"breadcrumb\":{\"@id\":\"https:\/\/noti-america.com\/site\/venezuela\/2020\/06\/04\/en-ocumare-de-la-costa-tambien-protestan-por-agua\/#breadcrumb\"},\"inLanguage\":\"es\",\"potentialAction\":[{\"@type\":\"ReadAction\",\"target\":[\"https:\/\/noti-america.com\/site\/venezuela\/2020\/06\/04\/en-ocumare-de-la-costa-tambien-protestan-por-agua\/\"]}]},{\"@type\":\"ImageObject\",\"inLanguage\":\"es\",\"@id\":\"https:\/\/noti-america.com\/site\/venezuela\/2020\/06\/04\/en-ocumare-de-la-costa-tambien-protestan-por-agua\/#primaryimage\",\"url\":\"https:\/\/noti-america.com\/site\/venezuela\/wp-content\/uploads\/sites\/2\/2020\/06\/PHOTO-2020-06-04-08-47-23.jpg\",\"contentUrl\":\"https:\/\/noti-america.com\/site\/venezuela\/wp-content\/uploads\/sites\/2\/2020\/06\/PHOTO-2020-06-04-08-47-23.jpg\",\"width\":480,\"height\":640},{\"@type\":\"BreadcrumbList\",\"@id\":\"https:\/\/noti-america.com\/site\/venezuela\/2020\/06\/04\/en-ocumare-de-la-costa-tambien-protestan-por-agua\/#breadcrumb\",\"itemListElement\":[{\"@type\":\"ListItem\",\"position\":1,\"name\":\"Portada\",\"item\":\"https:\/\/noti-america.com\/site\/venezuela\/\"},{\"@type\":\"ListItem\",\"position\":2,\"name\":\"*En Ocumare de la Costa tambi\u00e9n protestan por agua*\"}]},{\"@type\":\"WebSite\",\"@id\":\"https:\/\/noti-america.com\/site\/venezuela\/#website\",\"url\":\"https:\/\/noti-america.com\/site\/venezuela\/\",\"name\":\"Venezuela | Noti-America.com\",\"description\":\"\",\"publisher\":{\"@id\":\"https:\/\/noti-america.com\/site\/venezuela\/#organization\"},\"potentialAction\":[{\"@type\":\"SearchAction\",\"target\":{\"@type\":\"EntryPoint\",\"urlTemplate\":\"https:\/\/noti-america.com\/site\/venezuela\/?s={search_term_string}\"},\"query-input\":{\"@type\":\"PropertyValueSpecification\",\"valueRequired\":true,\"valueName\":\"search_term_string\"}}],\"inLanguage\":\"es\"},{\"@type\":\"Organization\",\"@id\":\"https:\/\/noti-america.com\/site\/venezuela\/#organization\",\"name\":\"Noti-America LLC | Venezuela\",\"url\":\"https:\/\/noti-america.com\/site\/venezuela\/\",\"logo\":{\"@type\":\"ImageObject\",\"inLanguage\":\"es\",\"@id\":\"https:\/\/noti-america.com\/site\/venezuela\/#\/schema\/logo\/image\/\",\"url\":\"https:\/\/noti-america.com\/site\/venezuela\/wp-content\/uploads\/sites\/2\/2020\/07\/LogoNA-4x3-1.jpg\",\"contentUrl\":\"https:\/\/noti-america.com\/site\/venezuela\/wp-content\/uploads\/sites\/2\/2020\/07\/LogoNA-4x3-1.jpg\",\"width\":1236,\"height\":1080,\"caption\":\"Noti-America LLC | Venezuela\"},\"image\":{\"@id\":\"https:\/\/noti-america.com\/site\/venezuela\/#\/schema\/logo\/image\/\"}},{\"@type\":\"Person\",\"@id\":\"https:\/\/noti-america.com\/site\/venezuela\/#\/schema\/person\/a2e478ba496331ce89bcd0c731cd6533\",\"name\":\"rloaiza\",\"image\":{\"@type\":\"ImageObject\",\"inLanguage\":\"es\",\"@id\":\"https:\/\/secure.gravatar.com\/avatar\/190058e5d4427934610b99c45aa7a6558806850adedd53ddeddd194b04773e22?s=96&d=mm&r=g\",\"url\":\"https:\/\/secure.gravatar.com\/avatar\/190058e5d4427934610b99c45aa7a6558806850adedd53ddeddd194b04773e22?s=96&d=mm&r=g\",\"contentUrl\":\"https:\/\/secure.gravatar.com\/avatar\/190058e5d4427934610b99c45aa7a6558806850adedd53ddeddd194b04773e22?s=96&d=mm&r=g\",\"caption\":\"rloaiza\"},\"url\":\"https:\/\/noti-america.com\/site\/venezuela\/author\/rloaiza\/\"}]}<\/script>\n<!-- \/ Yoast SEO Premium plugin. -->","yoast_head_json":{"title":"*En Ocumare de la Costa tambi\u00e9n protestan por agua* - Venezuela | Noti-America.com","robots":{"index":"index","follow":"follow","max-snippet":"max-snippet:-1","max-image-preview":"max-image-preview:large","max-video-preview":"max-video-preview:-1"},"canonical":"https:\/\/noti-america.com\/site\/venezuela\/2020\/06\/04\/en-ocumare-de-la-costa-tambien-protestan-por-agua\/","og_locale":"es_ES","og_type":"article","og_title":"*En Ocumare de la Costa tambi\u00e9n protestan por agua*","og_description":"REDACCION NOTI-AMERICA.COM (VENEZUELA) *En Ocumare de la Costa tambi\u00e9n protestan por agua* *\u25aa\ufe0eLos apagones son constantes y los residentes deben esperar que desde Maracay, a 43 kil\u00f3metros, Corpoelec env\u00ede un veh\u00edculo que eleva una&#46;&#46;&#46;","og_url":"https:\/\/noti-america.com\/site\/venezuela\/2020\/06\/04\/en-ocumare-de-la-costa-tambien-protestan-por-agua\/","og_site_name":"Venezuela | Noti-America.com","article_published_time":"2020-06-04T19:58:42+00:00","article_modified_time":"2020-06-04T23:58:53+00:00","og_image":[{"width":480,"height":640,"url":"https:\/\/noti-america.com\/site\/venezuela\/wp-content\/uploads\/sites\/2\/2020\/06\/PHOTO-2020-06-04-08-47-23.jpg","type":"image\/jpeg"}],"author":"rloaiza","twitter_card":"summary_large_image","twitter_misc":{"Escrito por":"rloaiza","Tiempo estimado de lectura":"2 minutos"},"schema":{"@context":"https:\/\/schema.org","@graph":[{"@type":"Article","@id":"https:\/\/noti-america.com\/site\/venezuela\/2020\/06\/04\/en-ocumare-de-la-costa-tambien-protestan-por-agua\/#article","isPartOf":{"@id":"https:\/\/noti-america.com\/site\/venezuela\/2020\/06\/04\/en-ocumare-de-la-costa-tambien-protestan-por-agua\/"},"author":{"name":"rloaiza","@id":"https:\/\/noti-america.com\/site\/venezuela\/#\/schema\/person\/a2e478ba496331ce89bcd0c731cd6533"},"headline":"*En Ocumare de la Costa tambi\u00e9n protestan por agua*","datePublished":"2020-06-04T19:58:42+00:00","dateModified":"2020-06-04T23:58:53+00:00","mainEntityOfPage":{"@id":"https:\/\/noti-america.com\/site\/venezuela\/2020\/06\/04\/en-ocumare-de-la-costa-tambien-protestan-por-agua\/"},"wordCount":458,"commentCount":0,"publisher":{"@id":"https:\/\/noti-america.com\/site\/venezuela\/#organization"},"image":{"@id":"https:\/\/noti-america.com\/site\/venezuela\/2020\/06\/04\/en-ocumare-de-la-costa-tambien-protestan-por-agua\/#primaryimage"},"thumbnailUrl":"https:\/\/noti-america.com\/site\/venezuela\/wp-content\/uploads\/sites\/2\/2020\/06\/PHOTO-2020-06-04-08-47-23.jpg","articleSection":["Noticias"],"inLanguage":"es","potentialAction":[{"@type":"CommentAction","name":"Comment","target":["https:\/\/noti-america.com\/site\/venezuela\/2020\/06\/04\/en-ocumare-de-la-costa-tambien-protestan-por-agua\/#respond"]}]},{"@type":"WebPage","@id":"https:\/\/noti-america.com\/site\/venezuela\/2020\/06\/04\/en-ocumare-de-la-costa-tambien-protestan-por-agua\/","url":"https:\/\/noti-america.com\/site\/venezuela\/2020\/06\/04\/en-ocumare-de-la-costa-tambien-protestan-por-agua\/","name":"*En Ocumare de la Costa tambi\u00e9n protestan por agua* - Venezuela | Noti-America.com","isPartOf":{"@id":"https:\/\/noti-america.com\/site\/venezuela\/#website"},"primaryImageOfPage":{"@id":"https:\/\/noti-america.com\/site\/venezuela\/2020\/06\/04\/en-ocumare-de-la-costa-tambien-protestan-por-agua\/#primaryimage"},"image":{"@id":"https:\/\/noti-america.com\/site\/venezuela\/2020\/06\/04\/en-ocumare-de-la-costa-tambien-protestan-por-agua\/#primaryimage"},"thumbnailUrl":"https:\/\/noti-america.com\/site\/venezuela\/wp-content\/uploads\/sites\/2\/2020\/06\/PHOTO-2020-06-04-08-47-23.jpg","datePublished":"2020-06-04T19:58:42+00:00","dateModified":"2020-06-04T23:58:53+00:00","breadcrumb":{"@id":"https:\/\/noti-america.com\/site\/venezuela\/2020\/06\/04\/en-ocumare-de-la-costa-tambien-protestan-por-agua\/#breadcrumb"},"inLanguage":"es","potentialAction":[{"@type":"ReadAction","target":["https:\/\/noti-america.com\/site\/venezuela\/2020\/06\/04\/en-ocumare-de-la-costa-tambien-protestan-por-agua\/"]}]},{"@type":"ImageObject","inLanguage":"es","@id":"https:\/\/noti-america.com\/site\/venezuela\/2020\/06\/04\/en-ocumare-de-la-costa-tambien-protestan-por-agua\/#primaryimage","url":"https:\/\/noti-america.com\/site\/venezuela\/wp-content\/uploads\/sites\/2\/2020\/06\/PHOTO-2020-06-04-08-47-23.jpg","contentUrl":"https:\/\/noti-america.com\/site\/venezuela\/wp-content\/uploads\/sites\/2\/2020\/06\/PHOTO-2020-06-04-08-47-23.jpg","width":480,"height":640},{"@type":"BreadcrumbList","@id":"https:\/\/noti-america.com\/site\/venezuela\/2020\/06\/04\/en-ocumare-de-la-costa-tambien-protestan-por-agua\/#breadcrumb","itemListElement":[{"@type":"ListItem","position":1,"name":"Portada","item":"https:\/\/noti-america.com\/site\/venezuela\/"},{"@type":"ListItem","position":2,"name":"*En Ocumare de la Costa tambi\u00e9n protestan por agua*"}]},{"@type":"WebSite","@id":"https:\/\/noti-america.com\/site\/venezuela\/#website","url":"https:\/\/noti-america.com\/site\/venezuela\/","name":"Venezuela | Noti-America.com","description":"","publisher":{"@id":"https:\/\/noti-america.com\/site\/venezuela\/#organization"},"potentialAction":[{"@type":"SearchAction","target":{"@type":"EntryPoint","urlTemplate":"https:\/\/noti-america.com\/site\/venezuela\/?s={search_term_string}"},"query-input":{"@type":"PropertyValueSpecification","valueRequired":true,"valueName":"search_term_string"}}],"inLanguage":"es"},{"@type":"Organization","@id":"https:\/\/noti-america.com\/site\/venezuela\/#organization","name":"Noti-America LLC | Venezuela","url":"https:\/\/noti-america.com\/site\/venezuela\/","logo":{"@type":"ImageObject","inLanguage":"es","@id":"https:\/\/noti-america.com\/site\/venezuela\/#\/schema\/logo\/image\/","url":"https:\/\/noti-america.com\/site\/venezuela\/wp-content\/uploads\/sites\/2\/2020\/07\/LogoNA-4x3-1.jpg","contentUrl":"https:\/\/noti-america.com\/site\/venezuela\/wp-content\/uploads\/sites\/2\/2020\/07\/LogoNA-4x3-1.jpg","width":1236,"height":1080,"caption":"Noti-America LLC | Venezuela"},"image":{"@id":"https:\/\/noti-america.com\/site\/venezuela\/#\/schema\/logo\/image\/"}},{"@type":"Person","@id":"https:\/\/noti-america.com\/site\/venezuela\/#\/schema\/person\/a2e478ba496331ce89bcd0c731cd6533","name":"rloaiza","image":{"@type":"ImageObject","inLanguage":"es","@id":"https:\/\/secure.gravatar.com\/avatar\/190058e5d4427934610b99c45aa7a6558806850adedd53ddeddd194b04773e22?s=96&d=mm&r=g","url":"https:\/\/secure.gravatar.com\/avatar\/190058e5d4427934610b99c45aa7a6558806850adedd53ddeddd194b04773e22?s=96&d=mm&r=g","contentUrl":"https:\/\/secure.gravatar.com\/avatar\/190058e5d4427934610b99c45aa7a6558806850adedd53ddeddd194b04773e22?s=96&d=mm&r=g","caption":"rloaiza"},"url":"https:\/\/noti-america.com\/site\/venezuela\/author\/rloaiza\/"}]}},"_links":{"self":[{"href":"https:\/\/noti-america.com\/site\/venezuela\/wp-json\/wp\/v2\/posts\/12278","targetHints":{"allow":["GET"]}}],"collection":[{"href":"https:\/\/noti-america.com\/site\/venezuela\/wp-json\/wp\/v2\/posts"}],"about":[{"href":"https:\/\/noti-america.com\/site\/venezuela\/wp-json\/wp\/v2\/types\/post"}],"author":[{"embeddable":true,"href":"https:\/\/noti-america.com\/site\/venezuela\/wp-json\/wp\/v2\/users\/2"}],"replies":[{"embeddable":true,"href":"https:\/\/noti-america.com\/site\/venezuela\/wp-json\/wp\/v2\/comments?post=12278"}],"version-history":[{"count":1,"href":"https:\/\/noti-america.com\/site\/venezuela\/wp-json\/wp\/v2\/posts\/12278\/revisions"}],"predecessor-version":[{"id":12280,"href":"https:\/\/noti-america.com\/site\/venezuela\/wp-json\/wp\/v2\/posts\/12278\/revisions\/12280"}],"wp:featuredmedia":[{"embeddable":true,"href":"https:\/\/noti-america.com\/site\/venezuela\/wp-json\/wp\/v2\/media\/12279"}],"wp:attachment":[{"href":"https:\/\/noti-america.com\/site\/venezuela\/wp-json\/wp\/v2\/media?parent=12278"}],"wp:term":[{"taxonomy":"category","embeddable":true,"href":"https:\/\/noti-america.com\/site\/venezuela\/wp-json\/wp\/v2\/categories?post=12278"},{"taxonomy":"post_tag","embeddable":true,"href":"https:\/\/noti-america.com\/site\/venezuela\/wp-json\/wp\/v2\/tags?post=12278"}],"curies":[{"name":"wp","href":"https:\/\/api.w.org\/{rel}","templated":true}]}}