{"id":1226,"date":"2017-12-03T21:28:17","date_gmt":"2017-12-03T21:28:17","guid":{"rendered":"http:\/\/noti-america.com\/site\/venezuela\/?p=1226"},"modified":"2017-12-03T21:28:59","modified_gmt":"2017-12-03T21:28:59","slug":"rodriguez-ejemplarizo-caso-venezuela-como-una-falsa-alarma-mediatica","status":"publish","type":"post","link":"https:\/\/noti-america.com\/site\/venezuela\/2017\/12\/03\/rodriguez-ejemplarizo-caso-venezuela-como-una-falsa-alarma-mediatica\/","title":{"rendered":"Rodriguez ejemplarizo caso Venezuela como una falsa alarma medi\u00e1tica"},"content":{"rendered":"<blockquote><p><strong>Mientras oposici\u00f3n juega una sola carta, la dictadura juega varias, ahora es el tema de cambiar la c\u00e9dula de identidad por \u00abel carnet de la patria\u00bb para controlar y para humillar al pueblo venezolano.\u00a0<\/strong><\/p><\/blockquote>\n<p>Jorge Rodr\u00edguez en compa\u00f1\u00eda de Delcy Rodr\u00edguez y Elias Jaua, desde Rep\u00fablica Dominicana\u00a0 fueron increpados por periodistas en una rueda de prensa para informar acerca de las negociaciones entre el Gobierno de Nicol\u00e1s Maduro y la oposici\u00f3n, dejando claro ante los medios que la crisis en Venezuela es m\u00e1s una farsa medi\u00e1tica que busca desprestigiar la imagen del gobierno revolucionario en Venezuela.<\/p>\n<p>En referencia a los avances en el tema de la ayuda humanitaria, Rodr\u00edguez aleg\u00f3 que ese fue un t\u00e9rmino impuesto para justificar una posible intervenci\u00f3n militar.<\/p>\n<p>Seguidamente a su respuesta fue interpelado por el periodista Francisco Valencia de Codevida, quien le describi\u00f3 su situaci\u00f3n exponiendo, \u201cYo soy trasplantado renal tengo seis sin recibir mi tratamiento\u201d, a lo que respondi\u00f3 el ministro: \u201cEstamos en una rueda de prensa, puedo contestar la pregunta que me hicieron\u201d.<\/p>\n<p><iframe loading=\"lazy\" title=\"La c\u00ednica respuesta de Jorge Rodr\u00edguez a un transplantado que tiene seis meses sin medicamentos\" width=\"500\" height=\"375\" src=\"https:\/\/www.youtube.com\/embed\/n0aqdTayuBs?feature=oembed&#038;wmode=opaque\" frameborder=\"0\" allow=\"accelerometer; autoplay; clipboard-write; encrypted-media; gyroscope; picture-in-picture; web-share\" referrerpolicy=\"strict-origin-when-cross-origin\" allowfullscreen><\/iframe><\/p>\n<p>Con sus respectivas actitudes de sonrisa y buscando el control de la rueda de prensa Rodr\u00edguez no aport\u00f3 respuestas concretas acerca de una apertura humanitaria en el pa\u00eds, s\u00f3lo dedico agradecimientos a la oposici\u00f3n con respecto al proceso de di\u00e1logo \u00abpor la paz\u00bb.<\/p>\n<blockquote class=\"twitter-tweet\" data-width=\"500\" data-dnt=\"true\">\n<p lang=\"es\" dir=\"ltr\">No hay nada acordado en RD, ni corredor humanitario ni soluci\u00f3n alguna, entre otras cosas porque esa reuni\u00f3n carece del compromiso real del r\u00e9gimen de negociar. Las dictaduras no negocian. Hay que seguir con la presi\u00f3n internacional para buscar salidas antes que sea tarde.<\/p>\n<p>&mdash; Maibort Petit (@maibortpetit) <a href=\"https:\/\/twitter.com\/maibortpetit\/status\/937095001301012481?ref_src=twsrc%5Etfw\">December 2, 2017<\/a><\/p><\/blockquote>\n<p><script async src=\"https:\/\/platform.twitter.com\/widgets.js\" charset=\"utf-8\"><\/script><\/p>\n<blockquote class=\"twitter-tweet\" data-width=\"500\" data-dnt=\"true\">\n<p lang=\"es\" dir=\"ltr\">\u201cMinistro de Salud: No permitiremos esa supuesta ayuda humanitaria\u201d &#8230;para estos supuestos humanos, le falt\u00f3 decir.<\/p>\n<p>&mdash; Laureano Marquez (@laureanomar) <a href=\"https:\/\/twitter.com\/laureanomar\/status\/937276539833667584?ref_src=twsrc%5Etfw\">December 3, 2017<\/a><\/p><\/blockquote>\n<p><script async src=\"https:\/\/platform.twitter.com\/widgets.js\" charset=\"utf-8\"><\/script><\/p>\n<blockquote class=\"twitter-tweet\" data-width=\"500\" data-dnt=\"true\">\n<p lang=\"es\" dir=\"ltr\">Ciudadanos dejaron de difundir los mensajes de los dirigentes de la MUD, les retiraron el apoyo por falta de credibilidad<\/p>\n<p>&mdash; Ciudadano (@venezolanoenpie) <a href=\"https:\/\/twitter.com\/venezolanoenpie\/status\/937320658492710912?ref_src=twsrc%5Etfw\">December 3, 2017<\/a><\/p><\/blockquote>\n<p><script async src=\"https:\/\/platform.twitter.com\/widgets.js\" charset=\"utf-8\"><\/script><\/p>\n<blockquote class=\"twitter-tweet\" data-width=\"500\" data-dnt=\"true\">\n<p lang=\"es\" dir=\"ltr\">LO ULTIMO De acuerdo a varias fuentes cre\u00edbles, Jos\u00e9 Luis Parada S\u00e1nchez, pr\u00f3fugo por el caso de corrupci\u00f3n de Pdvsa, se encuentra viviendo tranquilo en el norte, disfrutando de un exilio en Canad\u00e1. Parada se escap\u00f3 de su domicilio. <a href=\"https:\/\/t.co\/lTEBRxFFOH\">pic.twitter.com\/lTEBRxFFOH<\/a><\/p>\n<p>&mdash; Maibort Petit (@maibortpetit) <a href=\"https:\/\/twitter.com\/maibortpetit\/status\/937338837482786816?ref_src=twsrc%5Etfw\">December 3, 2017<\/a><\/p><\/blockquote>\n<p><script async src=\"https:\/\/platform.twitter.com\/widgets.js\" charset=\"utf-8\"><\/script><\/p>\n<blockquote class=\"twitter-tweet\" data-width=\"500\" data-dnt=\"true\">\n<p lang=\"es\" dir=\"ltr\">Ya culmin\u00f3 <a href=\"https:\/\/twitter.com\/hashtag\/DomingosConMaduro98?src=hash&amp;ref_src=twsrc%5Etfw\">#DomingosConMaduro98<\/a>, entre los anuncios m\u00e1s importantes del Presidente <a href=\"https:\/\/twitter.com\/NicolasMaduro?ref_src=twsrc%5Etfw\">@nicolasmaduro<\/a>, est\u00e1 la invitaci\u00f3n que realiz\u00f3 a los integrantes de la oposici\u00f3n a reunirse esta semana en el Palacio de Miraflores para profundizar el di\u00e1logo formal. Tam\u2026 <a href=\"https:\/\/t.co\/EtwSiu1G6O\">https:\/\/t.co\/EtwSiu1G6O<\/a> <a href=\"https:\/\/t.co\/PGSzAHUenW\">pic.twitter.com\/PGSzAHUenW<\/a><\/p>\n<p>&mdash; Ministerio de Energ\u00eda El\u00e9ctrica (@mppeevzla) <a href=\"https:\/\/twitter.com\/mppeevzla\/status\/937428797011439616?ref_src=twsrc%5Etfw\">December 3, 2017<\/a><\/p><\/blockquote>\n<p><script async src=\"https:\/\/platform.twitter.com\/widgets.js\" charset=\"utf-8\"><\/script><\/p>\n<p>&nbsp;<\/p>\n<p>&nbsp;<\/p>\n<p>&nbsp;<\/p>\n","protected":false},"excerpt":{"rendered":"<p>Mientras oposici\u00f3n juega una sola carta, la dictadura juega varias, ahora es el tema de cambiar la c\u00e9dula de identidad por \u00abel carnet de la patria\u00bb para controlar y para humillar al pueblo venezolano.\u00a0&#46;&#46;&#46;<\/p>\n","protected":false},"author":11,"featured_media":1227,"comment_status":"open","ping_status":"open","sticky":false,"template":"","format":"standard","meta":{"_acf_changed":false,"om_disable_all_campaigns":false,"rop_custom_images_group":[],"rop_custom_messages_group":[],"rop_publish_now":"initial","rop_publish_now_accounts":{"twitter_242054905_242054905":""},"rop_publish_now_history":[],"rop_publish_now_status":"pending","_uf_show_specific_survey":0,"_uf_disable_surveys":false,"footnotes":""},"categories":[5,4,3],"tags":[],"class_list":["post-1226","post","type-post","status-publish","format-standard","has-post-thumbnail","hentry","category-economia","category-internacionales","category-politica"],"acf":[],"aioseo_notices":[],"yoast_head":"<!-- This site is optimized with the Yoast SEO Premium plugin v24.9 (Yoast SEO v27.2) - https:\/\/yoast.com\/product\/yoast-seo-premium-wordpress\/ -->\n<title>Rodriguez ejemplarizo caso Venezuela como una falsa alarma medi\u00e1tica - Venezuela | Noti-America.com<\/title>\n<meta name=\"robots\" content=\"index, follow, max-snippet:-1, max-image-preview:large, max-video-preview:-1\" \/>\n<link rel=\"canonical\" href=\"https:\/\/noti-america.com\/site\/venezuela\/2017\/12\/03\/rodriguez-ejemplarizo-caso-venezuela-como-una-falsa-alarma-mediatica\/\" \/>\n<meta property=\"og:locale\" content=\"es_ES\" \/>\n<meta property=\"og:type\" content=\"article\" \/>\n<meta property=\"og:title\" content=\"Rodriguez ejemplarizo caso Venezuela como una falsa alarma medi\u00e1tica\" \/>\n<meta property=\"og:description\" content=\"Mientras oposici\u00f3n juega una sola carta, la dictadura juega varias, ahora es el tema de cambiar la c\u00e9dula de identidad por \u00abel carnet de la patria\u00bb para controlar y para humillar al pueblo venezolano.\u00a0&#046;&#046;&#046;\" \/>\n<meta property=\"og:url\" content=\"https:\/\/noti-america.com\/site\/venezuela\/2017\/12\/03\/rodriguez-ejemplarizo-caso-venezuela-como-una-falsa-alarma-mediatica\/\" \/>\n<meta property=\"og:site_name\" content=\"Venezuela | Noti-America.com\" \/>\n<meta property=\"article:published_time\" content=\"2017-12-03T21:28:17+00:00\" \/>\n<meta property=\"article:modified_time\" content=\"2017-12-03T21:28:59+00:00\" \/>\n<meta property=\"og:image\" content=\"https:\/\/noti-america.com\/site\/venezuela\/wp-content\/uploads\/sites\/2\/2017\/12\/jorge-R.jpg\" \/>\n\t<meta property=\"og:image:width\" content=\"916\" \/>\n\t<meta property=\"og:image:height\" content=\"785\" \/>\n\t<meta property=\"og:image:type\" content=\"image\/jpeg\" \/>\n<meta name=\"author\" content=\"Yliana Duque\" \/>\n<meta name=\"twitter:card\" content=\"summary_large_image\" \/>\n<meta name=\"twitter:creator\" content=\"@ylianaduque\" \/>\n<meta name=\"twitter:label1\" content=\"Escrito por\" \/>\n\t<meta name=\"twitter:data1\" content=\"Yliana Duque\" \/>\n\t<meta name=\"twitter:label2\" content=\"Tiempo estimado de lectura\" \/>\n\t<meta name=\"twitter:data2\" content=\"1 minuto\" \/>\n<script type=\"application\/ld+json\" class=\"yoast-schema-graph\">{\"@context\":\"https:\/\/schema.org\",\"@graph\":[{\"@type\":\"Article\",\"@id\":\"https:\/\/noti-america.com\/site\/venezuela\/2017\/12\/03\/rodriguez-ejemplarizo-caso-venezuela-como-una-falsa-alarma-mediatica\/#article\",\"isPartOf\":{\"@id\":\"https:\/\/noti-america.com\/site\/venezuela\/2017\/12\/03\/rodriguez-ejemplarizo-caso-venezuela-como-una-falsa-alarma-mediatica\/\"},\"author\":{\"name\":\"Yliana Duque\",\"@id\":\"https:\/\/noti-america.com\/site\/venezuela\/#\/schema\/person\/a166d9d45f249dbd09521fbc2e7342d8\"},\"headline\":\"Rodriguez ejemplarizo caso Venezuela como una falsa alarma medi\u00e1tica\",\"datePublished\":\"2017-12-03T21:28:17+00:00\",\"dateModified\":\"2017-12-03T21:28:59+00:00\",\"mainEntityOfPage\":{\"@id\":\"https:\/\/noti-america.com\/site\/venezuela\/2017\/12\/03\/rodriguez-ejemplarizo-caso-venezuela-como-una-falsa-alarma-mediatica\/\"},\"wordCount\":275,\"commentCount\":0,\"publisher\":{\"@id\":\"https:\/\/noti-america.com\/site\/venezuela\/#organization\"},\"image\":{\"@id\":\"https:\/\/noti-america.com\/site\/venezuela\/2017\/12\/03\/rodriguez-ejemplarizo-caso-venezuela-como-una-falsa-alarma-mediatica\/#primaryimage\"},\"thumbnailUrl\":\"https:\/\/noti-america.com\/site\/venezuela\/wp-content\/uploads\/sites\/2\/2017\/12\/jorge-R.jpg\",\"articleSection\":[\"Econom\u00eda\",\"Internacionales\",\"Pol\u00edtica\"],\"inLanguage\":\"es\",\"potentialAction\":[{\"@type\":\"CommentAction\",\"name\":\"Comment\",\"target\":[\"https:\/\/noti-america.com\/site\/venezuela\/2017\/12\/03\/rodriguez-ejemplarizo-caso-venezuela-como-una-falsa-alarma-mediatica\/#respond\"]}]},{\"@type\":\"WebPage\",\"@id\":\"https:\/\/noti-america.com\/site\/venezuela\/2017\/12\/03\/rodriguez-ejemplarizo-caso-venezuela-como-una-falsa-alarma-mediatica\/\",\"url\":\"https:\/\/noti-america.com\/site\/venezuela\/2017\/12\/03\/rodriguez-ejemplarizo-caso-venezuela-como-una-falsa-alarma-mediatica\/\",\"name\":\"Rodriguez ejemplarizo caso Venezuela como una falsa alarma medi\u00e1tica - Venezuela | Noti-America.com\",\"isPartOf\":{\"@id\":\"https:\/\/noti-america.com\/site\/venezuela\/#website\"},\"primaryImageOfPage\":{\"@id\":\"https:\/\/noti-america.com\/site\/venezuela\/2017\/12\/03\/rodriguez-ejemplarizo-caso-venezuela-como-una-falsa-alarma-mediatica\/#primaryimage\"},\"image\":{\"@id\":\"https:\/\/noti-america.com\/site\/venezuela\/2017\/12\/03\/rodriguez-ejemplarizo-caso-venezuela-como-una-falsa-alarma-mediatica\/#primaryimage\"},\"thumbnailUrl\":\"https:\/\/noti-america.com\/site\/venezuela\/wp-content\/uploads\/sites\/2\/2017\/12\/jorge-R.jpg\",\"datePublished\":\"2017-12-03T21:28:17+00:00\",\"dateModified\":\"2017-12-03T21:28:59+00:00\",\"breadcrumb\":{\"@id\":\"https:\/\/noti-america.com\/site\/venezuela\/2017\/12\/03\/rodriguez-ejemplarizo-caso-venezuela-como-una-falsa-alarma-mediatica\/#breadcrumb\"},\"inLanguage\":\"es\",\"potentialAction\":[{\"@type\":\"ReadAction\",\"target\":[\"https:\/\/noti-america.com\/site\/venezuela\/2017\/12\/03\/rodriguez-ejemplarizo-caso-venezuela-como-una-falsa-alarma-mediatica\/\"]}]},{\"@type\":\"ImageObject\",\"inLanguage\":\"es\",\"@id\":\"https:\/\/noti-america.com\/site\/venezuela\/2017\/12\/03\/rodriguez-ejemplarizo-caso-venezuela-como-una-falsa-alarma-mediatica\/#primaryimage\",\"url\":\"https:\/\/noti-america.com\/site\/venezuela\/wp-content\/uploads\/sites\/2\/2017\/12\/jorge-R.jpg\",\"contentUrl\":\"https:\/\/noti-america.com\/site\/venezuela\/wp-content\/uploads\/sites\/2\/2017\/12\/jorge-R.jpg\",\"width\":916,\"height\":785},{\"@type\":\"BreadcrumbList\",\"@id\":\"https:\/\/noti-america.com\/site\/venezuela\/2017\/12\/03\/rodriguez-ejemplarizo-caso-venezuela-como-una-falsa-alarma-mediatica\/#breadcrumb\",\"itemListElement\":[{\"@type\":\"ListItem\",\"position\":1,\"name\":\"Portada\",\"item\":\"https:\/\/noti-america.com\/site\/venezuela\/\"},{\"@type\":\"ListItem\",\"position\":2,\"name\":\"Rodriguez ejemplarizo caso Venezuela como una falsa alarma medi\u00e1tica\"}]},{\"@type\":\"WebSite\",\"@id\":\"https:\/\/noti-america.com\/site\/venezuela\/#website\",\"url\":\"https:\/\/noti-america.com\/site\/venezuela\/\",\"name\":\"Venezuela | Noti-America.com\",\"description\":\"\",\"publisher\":{\"@id\":\"https:\/\/noti-america.com\/site\/venezuela\/#organization\"},\"potentialAction\":[{\"@type\":\"SearchAction\",\"target\":{\"@type\":\"EntryPoint\",\"urlTemplate\":\"https:\/\/noti-america.com\/site\/venezuela\/?s={search_term_string}\"},\"query-input\":{\"@type\":\"PropertyValueSpecification\",\"valueRequired\":true,\"valueName\":\"search_term_string\"}}],\"inLanguage\":\"es\"},{\"@type\":\"Organization\",\"@id\":\"https:\/\/noti-america.com\/site\/venezuela\/#organization\",\"name\":\"Noti-America LLC | Venezuela\",\"url\":\"https:\/\/noti-america.com\/site\/venezuela\/\",\"logo\":{\"@type\":\"ImageObject\",\"inLanguage\":\"es\",\"@id\":\"https:\/\/noti-america.com\/site\/venezuela\/#\/schema\/logo\/image\/\",\"url\":\"https:\/\/noti-america.com\/site\/venezuela\/wp-content\/uploads\/sites\/2\/2020\/07\/LogoNA-4x3-1.jpg\",\"contentUrl\":\"https:\/\/noti-america.com\/site\/venezuela\/wp-content\/uploads\/sites\/2\/2020\/07\/LogoNA-4x3-1.jpg\",\"width\":1236,\"height\":1080,\"caption\":\"Noti-America LLC | Venezuela\"},\"image\":{\"@id\":\"https:\/\/noti-america.com\/site\/venezuela\/#\/schema\/logo\/image\/\"}},{\"@type\":\"Person\",\"@id\":\"https:\/\/noti-america.com\/site\/venezuela\/#\/schema\/person\/a166d9d45f249dbd09521fbc2e7342d8\",\"name\":\"Yliana Duque\",\"image\":{\"@type\":\"ImageObject\",\"inLanguage\":\"es\",\"@id\":\"https:\/\/secure.gravatar.com\/avatar\/8caf2a4035762b3be44c3a0455581febe2d5273a41ac40dacc575b8aa348fe65?s=96&d=mm&r=g\",\"url\":\"https:\/\/secure.gravatar.com\/avatar\/8caf2a4035762b3be44c3a0455581febe2d5273a41ac40dacc575b8aa348fe65?s=96&d=mm&r=g\",\"contentUrl\":\"https:\/\/secure.gravatar.com\/avatar\/8caf2a4035762b3be44c3a0455581febe2d5273a41ac40dacc575b8aa348fe65?s=96&d=mm&r=g\",\"caption\":\"Yliana Duque\"},\"description\":\"Ejercer el periodismo requiere de pasi\u00f3n y conocimiento en investigaci\u00f3n de campo. Siempre en la b\u00fasqueda de la verdad para aportar claridad y poder discernir sobre el hecho noticioso. Egresada de la Universidad de los Andes. Maestria en Relaciones Internacionales (UCV). Diplomado de Educaci\u00f3n Superior (Universidad Experimental LIbertador (UPEL), y Educaci\u00f3n superior a distancia (UFT). Estudios de Locuci\u00f3n- Actuaci\u00f3n-Publicidad y Mercadeo, Redes. Subdirectora de relaciones p\u00fablicas de la Asamablea Legislativa del Estado Sucre(1995)-Periodista de TELESOL,Telecaribe (Sucre). Jefe de Prensa de la Gobernaci\u00f3n del Estado Amazonas(1997). Periodista Comandancia General del Ej\u00e9rcito, Fuerte Tiuna (1996). Lider de Proyectos en educaci\u00f3n Superior en la Universidad Ferm\u00edn Toro (UFT) (2000). Docente Universitario UFT (2002-2007)-Docente de Educaci\u00f3n Superior a Distancia -titulado. Periodista Diario El Informador. Periodista en Apoyo A\u00e9reo de la Guardia Nacional, Aeropuerto Jacinto Lara. www.Noti-america.com (Venezuela)\",\"sameAs\":[\"https:\/\/x.com\/ylianaduque\"],\"url\":\"https:\/\/noti-america.com\/site\/venezuela\/author\/yduque\/\"}]}<\/script>\n<!-- \/ Yoast SEO Premium plugin. -->","yoast_head_json":{"title":"Rodriguez ejemplarizo caso Venezuela como una falsa alarma medi\u00e1tica - Venezuela | Noti-America.com","robots":{"index":"index","follow":"follow","max-snippet":"max-snippet:-1","max-image-preview":"max-image-preview:large","max-video-preview":"max-video-preview:-1"},"canonical":"https:\/\/noti-america.com\/site\/venezuela\/2017\/12\/03\/rodriguez-ejemplarizo-caso-venezuela-como-una-falsa-alarma-mediatica\/","og_locale":"es_ES","og_type":"article","og_title":"Rodriguez ejemplarizo caso Venezuela como una falsa alarma medi\u00e1tica","og_description":"Mientras oposici\u00f3n juega una sola carta, la dictadura juega varias, ahora es el tema de cambiar la c\u00e9dula de identidad por \u00abel carnet de la patria\u00bb para controlar y para humillar al pueblo venezolano.\u00a0&#46;&#46;&#46;","og_url":"https:\/\/noti-america.com\/site\/venezuela\/2017\/12\/03\/rodriguez-ejemplarizo-caso-venezuela-como-una-falsa-alarma-mediatica\/","og_site_name":"Venezuela | Noti-America.com","article_published_time":"2017-12-03T21:28:17+00:00","article_modified_time":"2017-12-03T21:28:59+00:00","og_image":[{"width":916,"height":785,"url":"https:\/\/noti-america.com\/site\/venezuela\/wp-content\/uploads\/sites\/2\/2017\/12\/jorge-R.jpg","type":"image\/jpeg"}],"author":"Yliana Duque","twitter_card":"summary_large_image","twitter_creator":"@ylianaduque","twitter_misc":{"Escrito por":"Yliana Duque","Tiempo estimado de lectura":"1 minuto"},"schema":{"@context":"https:\/\/schema.org","@graph":[{"@type":"Article","@id":"https:\/\/noti-america.com\/site\/venezuela\/2017\/12\/03\/rodriguez-ejemplarizo-caso-venezuela-como-una-falsa-alarma-mediatica\/#article","isPartOf":{"@id":"https:\/\/noti-america.com\/site\/venezuela\/2017\/12\/03\/rodriguez-ejemplarizo-caso-venezuela-como-una-falsa-alarma-mediatica\/"},"author":{"name":"Yliana Duque","@id":"https:\/\/noti-america.com\/site\/venezuela\/#\/schema\/person\/a166d9d45f249dbd09521fbc2e7342d8"},"headline":"Rodriguez ejemplarizo caso Venezuela como una falsa alarma medi\u00e1tica","datePublished":"2017-12-03T21:28:17+00:00","dateModified":"2017-12-03T21:28:59+00:00","mainEntityOfPage":{"@id":"https:\/\/noti-america.com\/site\/venezuela\/2017\/12\/03\/rodriguez-ejemplarizo-caso-venezuela-como-una-falsa-alarma-mediatica\/"},"wordCount":275,"commentCount":0,"publisher":{"@id":"https:\/\/noti-america.com\/site\/venezuela\/#organization"},"image":{"@id":"https:\/\/noti-america.com\/site\/venezuela\/2017\/12\/03\/rodriguez-ejemplarizo-caso-venezuela-como-una-falsa-alarma-mediatica\/#primaryimage"},"thumbnailUrl":"https:\/\/noti-america.com\/site\/venezuela\/wp-content\/uploads\/sites\/2\/2017\/12\/jorge-R.jpg","articleSection":["Econom\u00eda","Internacionales","Pol\u00edtica"],"inLanguage":"es","potentialAction":[{"@type":"CommentAction","name":"Comment","target":["https:\/\/noti-america.com\/site\/venezuela\/2017\/12\/03\/rodriguez-ejemplarizo-caso-venezuela-como-una-falsa-alarma-mediatica\/#respond"]}]},{"@type":"WebPage","@id":"https:\/\/noti-america.com\/site\/venezuela\/2017\/12\/03\/rodriguez-ejemplarizo-caso-venezuela-como-una-falsa-alarma-mediatica\/","url":"https:\/\/noti-america.com\/site\/venezuela\/2017\/12\/03\/rodriguez-ejemplarizo-caso-venezuela-como-una-falsa-alarma-mediatica\/","name":"Rodriguez ejemplarizo caso Venezuela como una falsa alarma medi\u00e1tica - Venezuela | Noti-America.com","isPartOf":{"@id":"https:\/\/noti-america.com\/site\/venezuela\/#website"},"primaryImageOfPage":{"@id":"https:\/\/noti-america.com\/site\/venezuela\/2017\/12\/03\/rodriguez-ejemplarizo-caso-venezuela-como-una-falsa-alarma-mediatica\/#primaryimage"},"image":{"@id":"https:\/\/noti-america.com\/site\/venezuela\/2017\/12\/03\/rodriguez-ejemplarizo-caso-venezuela-como-una-falsa-alarma-mediatica\/#primaryimage"},"thumbnailUrl":"https:\/\/noti-america.com\/site\/venezuela\/wp-content\/uploads\/sites\/2\/2017\/12\/jorge-R.jpg","datePublished":"2017-12-03T21:28:17+00:00","dateModified":"2017-12-03T21:28:59+00:00","breadcrumb":{"@id":"https:\/\/noti-america.com\/site\/venezuela\/2017\/12\/03\/rodriguez-ejemplarizo-caso-venezuela-como-una-falsa-alarma-mediatica\/#breadcrumb"},"inLanguage":"es","potentialAction":[{"@type":"ReadAction","target":["https:\/\/noti-america.com\/site\/venezuela\/2017\/12\/03\/rodriguez-ejemplarizo-caso-venezuela-como-una-falsa-alarma-mediatica\/"]}]},{"@type":"ImageObject","inLanguage":"es","@id":"https:\/\/noti-america.com\/site\/venezuela\/2017\/12\/03\/rodriguez-ejemplarizo-caso-venezuela-como-una-falsa-alarma-mediatica\/#primaryimage","url":"https:\/\/noti-america.com\/site\/venezuela\/wp-content\/uploads\/sites\/2\/2017\/12\/jorge-R.jpg","contentUrl":"https:\/\/noti-america.com\/site\/venezuela\/wp-content\/uploads\/sites\/2\/2017\/12\/jorge-R.jpg","width":916,"height":785},{"@type":"BreadcrumbList","@id":"https:\/\/noti-america.com\/site\/venezuela\/2017\/12\/03\/rodriguez-ejemplarizo-caso-venezuela-como-una-falsa-alarma-mediatica\/#breadcrumb","itemListElement":[{"@type":"ListItem","position":1,"name":"Portada","item":"https:\/\/noti-america.com\/site\/venezuela\/"},{"@type":"ListItem","position":2,"name":"Rodriguez ejemplarizo caso Venezuela como una falsa alarma medi\u00e1tica"}]},{"@type":"WebSite","@id":"https:\/\/noti-america.com\/site\/venezuela\/#website","url":"https:\/\/noti-america.com\/site\/venezuela\/","name":"Venezuela | Noti-America.com","description":"","publisher":{"@id":"https:\/\/noti-america.com\/site\/venezuela\/#organization"},"potentialAction":[{"@type":"SearchAction","target":{"@type":"EntryPoint","urlTemplate":"https:\/\/noti-america.com\/site\/venezuela\/?s={search_term_string}"},"query-input":{"@type":"PropertyValueSpecification","valueRequired":true,"valueName":"search_term_string"}}],"inLanguage":"es"},{"@type":"Organization","@id":"https:\/\/noti-america.com\/site\/venezuela\/#organization","name":"Noti-America LLC | Venezuela","url":"https:\/\/noti-america.com\/site\/venezuela\/","logo":{"@type":"ImageObject","inLanguage":"es","@id":"https:\/\/noti-america.com\/site\/venezuela\/#\/schema\/logo\/image\/","url":"https:\/\/noti-america.com\/site\/venezuela\/wp-content\/uploads\/sites\/2\/2020\/07\/LogoNA-4x3-1.jpg","contentUrl":"https:\/\/noti-america.com\/site\/venezuela\/wp-content\/uploads\/sites\/2\/2020\/07\/LogoNA-4x3-1.jpg","width":1236,"height":1080,"caption":"Noti-America LLC | Venezuela"},"image":{"@id":"https:\/\/noti-america.com\/site\/venezuela\/#\/schema\/logo\/image\/"}},{"@type":"Person","@id":"https:\/\/noti-america.com\/site\/venezuela\/#\/schema\/person\/a166d9d45f249dbd09521fbc2e7342d8","name":"Yliana Duque","image":{"@type":"ImageObject","inLanguage":"es","@id":"https:\/\/secure.gravatar.com\/avatar\/8caf2a4035762b3be44c3a0455581febe2d5273a41ac40dacc575b8aa348fe65?s=96&d=mm&r=g","url":"https:\/\/secure.gravatar.com\/avatar\/8caf2a4035762b3be44c3a0455581febe2d5273a41ac40dacc575b8aa348fe65?s=96&d=mm&r=g","contentUrl":"https:\/\/secure.gravatar.com\/avatar\/8caf2a4035762b3be44c3a0455581febe2d5273a41ac40dacc575b8aa348fe65?s=96&d=mm&r=g","caption":"Yliana Duque"},"description":"Ejercer el periodismo requiere de pasi\u00f3n y conocimiento en investigaci\u00f3n de campo. Siempre en la b\u00fasqueda de la verdad para aportar claridad y poder discernir sobre el hecho noticioso. Egresada de la Universidad de los Andes. Maestria en Relaciones Internacionales (UCV). Diplomado de Educaci\u00f3n Superior (Universidad Experimental LIbertador (UPEL), y Educaci\u00f3n superior a distancia (UFT). Estudios de Locuci\u00f3n- Actuaci\u00f3n-Publicidad y Mercadeo, Redes. Subdirectora de relaciones p\u00fablicas de la Asamablea Legislativa del Estado Sucre(1995)-Periodista de TELESOL,Telecaribe (Sucre). Jefe de Prensa de la Gobernaci\u00f3n del Estado Amazonas(1997). Periodista Comandancia General del Ej\u00e9rcito, Fuerte Tiuna (1996). Lider de Proyectos en educaci\u00f3n Superior en la Universidad Ferm\u00edn Toro (UFT) (2000). Docente Universitario UFT (2002-2007)-Docente de Educaci\u00f3n Superior a Distancia -titulado. Periodista Diario El Informador. Periodista en Apoyo A\u00e9reo de la Guardia Nacional, Aeropuerto Jacinto Lara. www.Noti-america.com (Venezuela)","sameAs":["https:\/\/x.com\/ylianaduque"],"url":"https:\/\/noti-america.com\/site\/venezuela\/author\/yduque\/"}]}},"_links":{"self":[{"href":"https:\/\/noti-america.com\/site\/venezuela\/wp-json\/wp\/v2\/posts\/1226","targetHints":{"allow":["GET"]}}],"collection":[{"href":"https:\/\/noti-america.com\/site\/venezuela\/wp-json\/wp\/v2\/posts"}],"about":[{"href":"https:\/\/noti-america.com\/site\/venezuela\/wp-json\/wp\/v2\/types\/post"}],"author":[{"embeddable":true,"href":"https:\/\/noti-america.com\/site\/venezuela\/wp-json\/wp\/v2\/users\/11"}],"replies":[{"embeddable":true,"href":"https:\/\/noti-america.com\/site\/venezuela\/wp-json\/wp\/v2\/comments?post=1226"}],"version-history":[{"count":1,"href":"https:\/\/noti-america.com\/site\/venezuela\/wp-json\/wp\/v2\/posts\/1226\/revisions"}],"predecessor-version":[{"id":1228,"href":"https:\/\/noti-america.com\/site\/venezuela\/wp-json\/wp\/v2\/posts\/1226\/revisions\/1228"}],"wp:featuredmedia":[{"embeddable":true,"href":"https:\/\/noti-america.com\/site\/venezuela\/wp-json\/wp\/v2\/media\/1227"}],"wp:attachment":[{"href":"https:\/\/noti-america.com\/site\/venezuela\/wp-json\/wp\/v2\/media?parent=1226"}],"wp:term":[{"taxonomy":"category","embeddable":true,"href":"https:\/\/noti-america.com\/site\/venezuela\/wp-json\/wp\/v2\/categories?post=1226"},{"taxonomy":"post_tag","embeddable":true,"href":"https:\/\/noti-america.com\/site\/venezuela\/wp-json\/wp\/v2\/tags?post=1226"}],"curies":[{"name":"wp","href":"https:\/\/api.w.org\/{rel}","templated":true}]}}