{"id":12220,"date":"2020-05-29T14:55:47","date_gmt":"2020-05-29T14:55:47","guid":{"rendered":"http:\/\/noti-america.com\/site\/venezuela\/2020\/05\/29\/abolir-el-comunismo-es-la-meta-por-marlon-s-jimenez-garcia-profesor-universitario\/"},"modified":"2020-05-29T18:55:54","modified_gmt":"2020-05-29T18:55:54","slug":"abolir-el-comunismo-es-la-meta-por-marlon-s-jimenez-garcia-profesor-universitario","status":"publish","type":"post","link":"https:\/\/noti-america.com\/site\/venezuela\/2020\/05\/29\/abolir-el-comunismo-es-la-meta-por-marlon-s-jimenez-garcia-profesor-universitario\/","title":{"rendered":"ABOLIR EL COMUNISMO ES LA META  Por: Marlon S Jim\u00e9nez Garc\u00eda, Profesor Universitario."},"content":{"rendered":"<p>REDACCION NOTI-AMERICA.COM VENEZUELA<\/p>\n<p style=\"text-align: center;\">ABOLIR EL COMUNISMO ES LA META<\/p>\n<p style=\"text-align: center;\">Por: Marlon S Jim\u00e9nez Garc\u00eda, Profesor Universitario.<\/p>\n<p style=\"text-align: center;\"><a href=\"mailto:Marjimgar54@hotmail.com\">Marjimgar54@hotmail.com<\/a>.<\/p>\n<p style=\"text-align: center;\"><img loading=\"lazy\" decoding=\"async\" class=\"alignnone size-full wp-image-1837\" src=\"http:\/\/noti-america.com\/site\/venezuela\/venezuela\/wp-content\/uploads\/sites\/2\/2020\/05\/marlon.jpg\" alt=\"\" width=\"259\" height=\"194\" \/><\/p>\n<p style=\"text-align: center;\">\n<p>Los comunistas, desde el inicio de su propia conformaci\u00f3n ideol\u00f3gica, han sido y ser\u00e1n siempre una \u00b4\u00b4cosa soez y despreciable. Desde que los Jacobinos (radicales, corruptos, asesinos y miserables) fundaron un movimiento llamado de izquierda, por el solo hecho de estar sentados a la \u00b4\u00b4izquierda\u00b4\u00b4 del Presidente del cen\u00e1culo de la Asamblea Nacional, nacida en los hechos que hicieron realidad la \u00b4\u00b4edad contempor\u00e1nea\u00b4\u00b4 a trav\u00e9s de la Revoluci\u00f3n Francesa, y que adem\u00e1s se dieron el tup\u00e9 de inventar \u00b4\u00b4la guillotina\u00b4\u00b4, por cierto, donde murieron muchos de sus l\u00edderes, por castigar a los opositores a sus \u00ednfulas de poder; son los que m\u00e1s han empleado, demag\u00f3gicamente, el t\u00e9rmino de \u00b4\u00b4conciencia social\u00b4\u00b4 y muchas veces las sociedades heterog\u00e9neas en el mundo, lo creyeron, hasta que las propias realidades pol\u00edticas, econ\u00f3micas y sociales revirtieron esa idea. El comunismo, es una ideolog\u00eda social caracterizada por el control y planificaci\u00f3n de la vida colectiva, de la vida comunitaria, la abolici\u00f3n de la propiedad privada sobre el trabajo y los medios de producci\u00f3n, y la eliminaci\u00f3n de las clases sociales. <strong>La<\/strong> <strong>conciencia comunista<\/strong>, al contrario de la <strong>conciencia social<\/strong>, es una conciencia totalmente enajenada, que no trasciende m\u00e1s all\u00e1 de los principios ideol\u00f3gicos que le constituyen y ocultan sus verdaderos intereses bajo la excusa de defender los intereses generales. El comunismo fracas\u00f3 y es casi imposible que en la sociedad mundial democr\u00e1tica, de libertades ciudadanas y econ\u00f3micas y del pluralismo pol\u00edtico, que pueda resurgir de sus cenizas. Es imposible que la Europa Oriental regrese a reg\u00edmenes comunistas; esa juventud que hoy gobierna en los pa\u00edses que lo conforman son anticomunistas y plantean su abolici\u00f3n a trav\u00e9s de la Constituci\u00f3n Nacional de sus pa\u00edses y por supuesto, defienden la democracia, las libertades individuales y colectivas, la pluralidad pol\u00edtica, la justicia social y la \u00e9tica como concepci\u00f3n primaria de actuaci\u00f3n de los que conforman el gobierno.<\/p>\n<p>&nbsp;<\/p>\n<p>El t\u00e9rmino <strong>\u00b4\u00b4conciencia social\u00b4\u00b4<\/strong> hace referencia a la capacidad de determinados individuos, grupos u organizaciones sociales de percibir aquellas realidades circundantes que requieren atenci\u00f3n, de reflexionar sobre ellas y en algunos casos, de actuar para la transformaci\u00f3n de las mismas. La idea de conciencia social est\u00e1 hoy altamente extendida por el importante aumento de grupos poblacionales en inferioridad de condiciones y por la necesidad cada vez m\u00e1s acuciante de actuar de modo positivo en las modificaciones de esas realidades sociales alternativas a la de uno mismo. Ligado muy fuertemente a las ideas de solidaridad y compromiso, la conciencia social es el primer paso en el camino hacia la alteraci\u00f3n de estructuras de discriminaci\u00f3n voluntaria e involuntaria ejercidas sobre determinados grupos sociales dentro de una comunidad.<\/p>\n<p>&nbsp;<\/p>\n<p>La conciencia social, por tanto, tiene que ver con la posibilidad de estar al tanto de los problemas intr\u00ednsecos a una sociedad que requieren soluci\u00f3n. Si bien normalmente se utiliza para hacer referencia a la necesidad de actuar en beneficio de aquellos que viven en situaciones de pobreza, marginalidad y exclusi\u00f3n. Ese es el cambio, salir de la conciencia comunista excluyente y aut\u00f3crata, por una conciencia social de compromiso democr\u00e1tico, de todos los actores: p\u00fablicos y privados, por encontrar v\u00edas de soluci\u00f3n a los problemas inherentes al ser humano y a la sociedad en general. Para ello, es fundamental, combatir y abolir la propuesta cubana (DE MANTENERSE EN EL PODER, COMO SEA), aceptada por mandato ideol\u00f3gico por el engendro heredero, de: apoderarse, como si fuera propio, del erario nacional; de aliarse con grupos ligados al narcotr\u00e1fico, al terrorismo (financiados por Siria, Ir\u00e1n, entre otros). Los cubanos quieren, despu\u00e9s de 59 a\u00f1os de tener una ideolog\u00eda de izquierda en el poder, que ha causado: pobreza, miseria y muerte; convertir al pueblo venezolano en imb\u00e9ciles y est\u00fapidos, como ellos.<\/p>\n<p>&nbsp;<\/p>\n<p>El engendro comunista con mente saturada de bazofia, no nos va a imponer su ideolog\u00eda; \u00e9sta no tiene asidero ni l\u00f3gica, ni jur\u00eddicamente en el contexto constitucional; el rechazo a ella es superior al 92%, seg\u00fan las \u00faltimas encuestas. Qu\u00e9 pueblo va a claudicar en su lucha por la democracia y su libertad, cuando sus gobernantes est\u00e1n perseguidos por la justicia internacional, por delitos de lesa humanidad y adem\u00e1s ofrecen una recompensa por sus capturas. As\u00ed ocurri\u00f3 con los altos \u00b4gobernantes comunistas, todos terminaron en el cadalso de la conciencia social, que es peor que la muerte. La consigna, es la abolici\u00f3n del comunismo de la actividad pol\u00edtica; simplemente, porque es contrario a la inteligencia humana y a las libertades. M\u00e1s raz\u00f3n es imposible, salvemos a nuestro pueblo para siempre.<\/p>\n","protected":false},"excerpt":{"rendered":"<p>REDACCION NOTI-AMERICA.COM VENEZUELA ABOLIR EL COMUNISMO ES LA META Por: Marlon S Jim\u00e9nez Garc\u00eda, Profesor Universitario. Marjimgar54@hotmail.com. Los comunistas, desde el inicio de su propia conformaci\u00f3n ideol\u00f3gica, han sido y ser\u00e1n siempre una \u00b4\u00b4cosa&#46;&#46;&#46;<\/p>\n","protected":false},"author":2,"featured_media":1837,"comment_status":"open","ping_status":"open","sticky":false,"template":"","format":"standard","meta":{"_acf_changed":false,"om_disable_all_campaigns":false,"rop_custom_images_group":[],"rop_custom_messages_group":[],"rop_publish_now":"initial","rop_publish_now_accounts":{"twitter_242054905_242054905":""},"rop_publish_now_history":[],"rop_publish_now_status":"pending","_uf_show_specific_survey":0,"_uf_disable_surveys":false,"footnotes":""},"categories":[3],"tags":[],"class_list":["post-12220","post","type-post","status-publish","format-standard","has-post-thumbnail","hentry","category-politica"],"acf":[],"aioseo_notices":[],"yoast_head":"<!-- This site is optimized with the Yoast SEO Premium plugin v24.9 (Yoast SEO v27.2) - https:\/\/yoast.com\/product\/yoast-seo-premium-wordpress\/ -->\n<title>ABOLIR EL COMUNISMO ES LA META Por: Marlon S Jim\u00e9nez Garc\u00eda, Profesor Universitario. - Venezuela | Noti-America.com<\/title>\n<meta name=\"robots\" content=\"index, follow, max-snippet:-1, max-image-preview:large, max-video-preview:-1\" \/>\n<link rel=\"canonical\" href=\"https:\/\/noti-america.com\/site\/venezuela\/2020\/05\/29\/abolir-el-comunismo-es-la-meta-por-marlon-s-jimenez-garcia-profesor-universitario\/\" \/>\n<meta property=\"og:locale\" content=\"es_ES\" \/>\n<meta property=\"og:type\" content=\"article\" \/>\n<meta property=\"og:title\" content=\"ABOLIR EL COMUNISMO ES LA META Por: Marlon S Jim\u00e9nez Garc\u00eda, Profesor Universitario.\" \/>\n<meta property=\"og:description\" content=\"REDACCION NOTI-AMERICA.COM VENEZUELA ABOLIR EL COMUNISMO ES LA META Por: Marlon S Jim\u00e9nez Garc\u00eda, Profesor Universitario. Marjimgar54@hotmail.com. Los comunistas, desde el inicio de su propia conformaci\u00f3n ideol\u00f3gica, han sido y ser\u00e1n siempre una \u00b4\u00b4cosa&#046;&#046;&#046;\" \/>\n<meta property=\"og:url\" content=\"https:\/\/noti-america.com\/site\/venezuela\/2020\/05\/29\/abolir-el-comunismo-es-la-meta-por-marlon-s-jimenez-garcia-profesor-universitario\/\" \/>\n<meta property=\"og:site_name\" content=\"Venezuela | Noti-America.com\" \/>\n<meta property=\"article:published_time\" content=\"2020-05-29T14:55:47+00:00\" \/>\n<meta property=\"article:modified_time\" content=\"2020-05-29T18:55:54+00:00\" \/>\n<meta property=\"og:image\" content=\"https:\/\/noti-america.com\/site\/venezuela\/wp-content\/uploads\/sites\/2\/2018\/04\/marlon.jpg\" \/>\n\t<meta property=\"og:image:width\" content=\"1\" \/>\n\t<meta property=\"og:image:height\" content=\"1\" \/>\n\t<meta property=\"og:image:type\" content=\"image\/jpeg\" \/>\n<meta name=\"author\" content=\"rloaiza\" \/>\n<meta name=\"twitter:card\" content=\"summary_large_image\" \/>\n<meta name=\"twitter:label1\" content=\"Escrito por\" \/>\n\t<meta name=\"twitter:data1\" content=\"rloaiza\" \/>\n\t<meta name=\"twitter:label2\" content=\"Tiempo estimado de lectura\" \/>\n\t<meta name=\"twitter:data2\" content=\"4 minutos\" \/>\n<script type=\"application\/ld+json\" class=\"yoast-schema-graph\">{\"@context\":\"https:\/\/schema.org\",\"@graph\":[{\"@type\":\"Article\",\"@id\":\"https:\/\/noti-america.com\/site\/venezuela\/2020\/05\/29\/abolir-el-comunismo-es-la-meta-por-marlon-s-jimenez-garcia-profesor-universitario\/#article\",\"isPartOf\":{\"@id\":\"https:\/\/noti-america.com\/site\/venezuela\/2020\/05\/29\/abolir-el-comunismo-es-la-meta-por-marlon-s-jimenez-garcia-profesor-universitario\/\"},\"author\":{\"name\":\"rloaiza\",\"@id\":\"https:\/\/noti-america.com\/site\/venezuela\/#\/schema\/person\/a2e478ba496331ce89bcd0c731cd6533\"},\"headline\":\"ABOLIR EL COMUNISMO ES LA META Por: Marlon S Jim\u00e9nez Garc\u00eda, Profesor Universitario.\",\"datePublished\":\"2020-05-29T14:55:47+00:00\",\"dateModified\":\"2020-05-29T18:55:54+00:00\",\"mainEntityOfPage\":{\"@id\":\"https:\/\/noti-america.com\/site\/venezuela\/2020\/05\/29\/abolir-el-comunismo-es-la-meta-por-marlon-s-jimenez-garcia-profesor-universitario\/\"},\"wordCount\":844,\"commentCount\":0,\"publisher\":{\"@id\":\"https:\/\/noti-america.com\/site\/venezuela\/#organization\"},\"image\":{\"@id\":\"https:\/\/noti-america.com\/site\/venezuela\/2020\/05\/29\/abolir-el-comunismo-es-la-meta-por-marlon-s-jimenez-garcia-profesor-universitario\/#primaryimage\"},\"thumbnailUrl\":\"https:\/\/noti-america.com\/site\/venezuela\/wp-content\/uploads\/sites\/2\/2018\/04\/marlon.jpg\",\"articleSection\":[\"Pol\u00edtica\"],\"inLanguage\":\"es\",\"potentialAction\":[{\"@type\":\"CommentAction\",\"name\":\"Comment\",\"target\":[\"https:\/\/noti-america.com\/site\/venezuela\/2020\/05\/29\/abolir-el-comunismo-es-la-meta-por-marlon-s-jimenez-garcia-profesor-universitario\/#respond\"]}]},{\"@type\":\"WebPage\",\"@id\":\"https:\/\/noti-america.com\/site\/venezuela\/2020\/05\/29\/abolir-el-comunismo-es-la-meta-por-marlon-s-jimenez-garcia-profesor-universitario\/\",\"url\":\"https:\/\/noti-america.com\/site\/venezuela\/2020\/05\/29\/abolir-el-comunismo-es-la-meta-por-marlon-s-jimenez-garcia-profesor-universitario\/\",\"name\":\"ABOLIR EL COMUNISMO ES LA META Por: Marlon S Jim\u00e9nez Garc\u00eda, Profesor Universitario. - Venezuela | Noti-America.com\",\"isPartOf\":{\"@id\":\"https:\/\/noti-america.com\/site\/venezuela\/#website\"},\"primaryImageOfPage\":{\"@id\":\"https:\/\/noti-america.com\/site\/venezuela\/2020\/05\/29\/abolir-el-comunismo-es-la-meta-por-marlon-s-jimenez-garcia-profesor-universitario\/#primaryimage\"},\"image\":{\"@id\":\"https:\/\/noti-america.com\/site\/venezuela\/2020\/05\/29\/abolir-el-comunismo-es-la-meta-por-marlon-s-jimenez-garcia-profesor-universitario\/#primaryimage\"},\"thumbnailUrl\":\"https:\/\/noti-america.com\/site\/venezuela\/wp-content\/uploads\/sites\/2\/2018\/04\/marlon.jpg\",\"datePublished\":\"2020-05-29T14:55:47+00:00\",\"dateModified\":\"2020-05-29T18:55:54+00:00\",\"breadcrumb\":{\"@id\":\"https:\/\/noti-america.com\/site\/venezuela\/2020\/05\/29\/abolir-el-comunismo-es-la-meta-por-marlon-s-jimenez-garcia-profesor-universitario\/#breadcrumb\"},\"inLanguage\":\"es\",\"potentialAction\":[{\"@type\":\"ReadAction\",\"target\":[\"https:\/\/noti-america.com\/site\/venezuela\/2020\/05\/29\/abolir-el-comunismo-es-la-meta-por-marlon-s-jimenez-garcia-profesor-universitario\/\"]}]},{\"@type\":\"ImageObject\",\"inLanguage\":\"es\",\"@id\":\"https:\/\/noti-america.com\/site\/venezuela\/2020\/05\/29\/abolir-el-comunismo-es-la-meta-por-marlon-s-jimenez-garcia-profesor-universitario\/#primaryimage\",\"url\":\"https:\/\/noti-america.com\/site\/venezuela\/wp-content\/uploads\/sites\/2\/2018\/04\/marlon.jpg\",\"contentUrl\":\"https:\/\/noti-america.com\/site\/venezuela\/wp-content\/uploads\/sites\/2\/2018\/04\/marlon.jpg\"},{\"@type\":\"BreadcrumbList\",\"@id\":\"https:\/\/noti-america.com\/site\/venezuela\/2020\/05\/29\/abolir-el-comunismo-es-la-meta-por-marlon-s-jimenez-garcia-profesor-universitario\/#breadcrumb\",\"itemListElement\":[{\"@type\":\"ListItem\",\"position\":1,\"name\":\"Portada\",\"item\":\"https:\/\/noti-america.com\/site\/venezuela\/\"},{\"@type\":\"ListItem\",\"position\":2,\"name\":\"ABOLIR EL COMUNISMO ES LA META Por: Marlon S Jim\u00e9nez Garc\u00eda, Profesor Universitario.\"}]},{\"@type\":\"WebSite\",\"@id\":\"https:\/\/noti-america.com\/site\/venezuela\/#website\",\"url\":\"https:\/\/noti-america.com\/site\/venezuela\/\",\"name\":\"Venezuela | Noti-America.com\",\"description\":\"\",\"publisher\":{\"@id\":\"https:\/\/noti-america.com\/site\/venezuela\/#organization\"},\"potentialAction\":[{\"@type\":\"SearchAction\",\"target\":{\"@type\":\"EntryPoint\",\"urlTemplate\":\"https:\/\/noti-america.com\/site\/venezuela\/?s={search_term_string}\"},\"query-input\":{\"@type\":\"PropertyValueSpecification\",\"valueRequired\":true,\"valueName\":\"search_term_string\"}}],\"inLanguage\":\"es\"},{\"@type\":\"Organization\",\"@id\":\"https:\/\/noti-america.com\/site\/venezuela\/#organization\",\"name\":\"Noti-America LLC | Venezuela\",\"url\":\"https:\/\/noti-america.com\/site\/venezuela\/\",\"logo\":{\"@type\":\"ImageObject\",\"inLanguage\":\"es\",\"@id\":\"https:\/\/noti-america.com\/site\/venezuela\/#\/schema\/logo\/image\/\",\"url\":\"https:\/\/noti-america.com\/site\/venezuela\/wp-content\/uploads\/sites\/2\/2020\/07\/LogoNA-4x3-1.jpg\",\"contentUrl\":\"https:\/\/noti-america.com\/site\/venezuela\/wp-content\/uploads\/sites\/2\/2020\/07\/LogoNA-4x3-1.jpg\",\"width\":1236,\"height\":1080,\"caption\":\"Noti-America LLC | Venezuela\"},\"image\":{\"@id\":\"https:\/\/noti-america.com\/site\/venezuela\/#\/schema\/logo\/image\/\"}},{\"@type\":\"Person\",\"@id\":\"https:\/\/noti-america.com\/site\/venezuela\/#\/schema\/person\/a2e478ba496331ce89bcd0c731cd6533\",\"name\":\"rloaiza\",\"image\":{\"@type\":\"ImageObject\",\"inLanguage\":\"es\",\"@id\":\"https:\/\/secure.gravatar.com\/avatar\/190058e5d4427934610b99c45aa7a6558806850adedd53ddeddd194b04773e22?s=96&d=mm&r=g\",\"url\":\"https:\/\/secure.gravatar.com\/avatar\/190058e5d4427934610b99c45aa7a6558806850adedd53ddeddd194b04773e22?s=96&d=mm&r=g\",\"contentUrl\":\"https:\/\/secure.gravatar.com\/avatar\/190058e5d4427934610b99c45aa7a6558806850adedd53ddeddd194b04773e22?s=96&d=mm&r=g\",\"caption\":\"rloaiza\"},\"url\":\"https:\/\/noti-america.com\/site\/venezuela\/author\/rloaiza\/\"}]}<\/script>\n<!-- \/ Yoast SEO Premium plugin. -->","yoast_head_json":{"title":"ABOLIR EL COMUNISMO ES LA META Por: Marlon S Jim\u00e9nez Garc\u00eda, Profesor Universitario. - Venezuela | Noti-America.com","robots":{"index":"index","follow":"follow","max-snippet":"max-snippet:-1","max-image-preview":"max-image-preview:large","max-video-preview":"max-video-preview:-1"},"canonical":"https:\/\/noti-america.com\/site\/venezuela\/2020\/05\/29\/abolir-el-comunismo-es-la-meta-por-marlon-s-jimenez-garcia-profesor-universitario\/","og_locale":"es_ES","og_type":"article","og_title":"ABOLIR EL COMUNISMO ES LA META Por: Marlon S Jim\u00e9nez Garc\u00eda, Profesor Universitario.","og_description":"REDACCION NOTI-AMERICA.COM VENEZUELA ABOLIR EL COMUNISMO ES LA META Por: Marlon S Jim\u00e9nez Garc\u00eda, Profesor Universitario. Marjimgar54@hotmail.com. Los comunistas, desde el inicio de su propia conformaci\u00f3n ideol\u00f3gica, han sido y ser\u00e1n siempre una \u00b4\u00b4cosa&#46;&#46;&#46;","og_url":"https:\/\/noti-america.com\/site\/venezuela\/2020\/05\/29\/abolir-el-comunismo-es-la-meta-por-marlon-s-jimenez-garcia-profesor-universitario\/","og_site_name":"Venezuela | Noti-America.com","article_published_time":"2020-05-29T14:55:47+00:00","article_modified_time":"2020-05-29T18:55:54+00:00","og_image":[{"url":"https:\/\/noti-america.com\/site\/venezuela\/wp-content\/uploads\/sites\/2\/2018\/04\/marlon.jpg","width":1,"height":1,"type":"image\/jpeg"}],"author":"rloaiza","twitter_card":"summary_large_image","twitter_misc":{"Escrito por":"rloaiza","Tiempo estimado de lectura":"4 minutos"},"schema":{"@context":"https:\/\/schema.org","@graph":[{"@type":"Article","@id":"https:\/\/noti-america.com\/site\/venezuela\/2020\/05\/29\/abolir-el-comunismo-es-la-meta-por-marlon-s-jimenez-garcia-profesor-universitario\/#article","isPartOf":{"@id":"https:\/\/noti-america.com\/site\/venezuela\/2020\/05\/29\/abolir-el-comunismo-es-la-meta-por-marlon-s-jimenez-garcia-profesor-universitario\/"},"author":{"name":"rloaiza","@id":"https:\/\/noti-america.com\/site\/venezuela\/#\/schema\/person\/a2e478ba496331ce89bcd0c731cd6533"},"headline":"ABOLIR EL COMUNISMO ES LA META Por: Marlon S Jim\u00e9nez Garc\u00eda, Profesor Universitario.","datePublished":"2020-05-29T14:55:47+00:00","dateModified":"2020-05-29T18:55:54+00:00","mainEntityOfPage":{"@id":"https:\/\/noti-america.com\/site\/venezuela\/2020\/05\/29\/abolir-el-comunismo-es-la-meta-por-marlon-s-jimenez-garcia-profesor-universitario\/"},"wordCount":844,"commentCount":0,"publisher":{"@id":"https:\/\/noti-america.com\/site\/venezuela\/#organization"},"image":{"@id":"https:\/\/noti-america.com\/site\/venezuela\/2020\/05\/29\/abolir-el-comunismo-es-la-meta-por-marlon-s-jimenez-garcia-profesor-universitario\/#primaryimage"},"thumbnailUrl":"https:\/\/noti-america.com\/site\/venezuela\/wp-content\/uploads\/sites\/2\/2018\/04\/marlon.jpg","articleSection":["Pol\u00edtica"],"inLanguage":"es","potentialAction":[{"@type":"CommentAction","name":"Comment","target":["https:\/\/noti-america.com\/site\/venezuela\/2020\/05\/29\/abolir-el-comunismo-es-la-meta-por-marlon-s-jimenez-garcia-profesor-universitario\/#respond"]}]},{"@type":"WebPage","@id":"https:\/\/noti-america.com\/site\/venezuela\/2020\/05\/29\/abolir-el-comunismo-es-la-meta-por-marlon-s-jimenez-garcia-profesor-universitario\/","url":"https:\/\/noti-america.com\/site\/venezuela\/2020\/05\/29\/abolir-el-comunismo-es-la-meta-por-marlon-s-jimenez-garcia-profesor-universitario\/","name":"ABOLIR EL COMUNISMO ES LA META Por: Marlon S Jim\u00e9nez Garc\u00eda, Profesor Universitario. - Venezuela | Noti-America.com","isPartOf":{"@id":"https:\/\/noti-america.com\/site\/venezuela\/#website"},"primaryImageOfPage":{"@id":"https:\/\/noti-america.com\/site\/venezuela\/2020\/05\/29\/abolir-el-comunismo-es-la-meta-por-marlon-s-jimenez-garcia-profesor-universitario\/#primaryimage"},"image":{"@id":"https:\/\/noti-america.com\/site\/venezuela\/2020\/05\/29\/abolir-el-comunismo-es-la-meta-por-marlon-s-jimenez-garcia-profesor-universitario\/#primaryimage"},"thumbnailUrl":"https:\/\/noti-america.com\/site\/venezuela\/wp-content\/uploads\/sites\/2\/2018\/04\/marlon.jpg","datePublished":"2020-05-29T14:55:47+00:00","dateModified":"2020-05-29T18:55:54+00:00","breadcrumb":{"@id":"https:\/\/noti-america.com\/site\/venezuela\/2020\/05\/29\/abolir-el-comunismo-es-la-meta-por-marlon-s-jimenez-garcia-profesor-universitario\/#breadcrumb"},"inLanguage":"es","potentialAction":[{"@type":"ReadAction","target":["https:\/\/noti-america.com\/site\/venezuela\/2020\/05\/29\/abolir-el-comunismo-es-la-meta-por-marlon-s-jimenez-garcia-profesor-universitario\/"]}]},{"@type":"ImageObject","inLanguage":"es","@id":"https:\/\/noti-america.com\/site\/venezuela\/2020\/05\/29\/abolir-el-comunismo-es-la-meta-por-marlon-s-jimenez-garcia-profesor-universitario\/#primaryimage","url":"https:\/\/noti-america.com\/site\/venezuela\/wp-content\/uploads\/sites\/2\/2018\/04\/marlon.jpg","contentUrl":"https:\/\/noti-america.com\/site\/venezuela\/wp-content\/uploads\/sites\/2\/2018\/04\/marlon.jpg"},{"@type":"BreadcrumbList","@id":"https:\/\/noti-america.com\/site\/venezuela\/2020\/05\/29\/abolir-el-comunismo-es-la-meta-por-marlon-s-jimenez-garcia-profesor-universitario\/#breadcrumb","itemListElement":[{"@type":"ListItem","position":1,"name":"Portada","item":"https:\/\/noti-america.com\/site\/venezuela\/"},{"@type":"ListItem","position":2,"name":"ABOLIR EL COMUNISMO ES LA META Por: Marlon S Jim\u00e9nez Garc\u00eda, Profesor Universitario."}]},{"@type":"WebSite","@id":"https:\/\/noti-america.com\/site\/venezuela\/#website","url":"https:\/\/noti-america.com\/site\/venezuela\/","name":"Venezuela | Noti-America.com","description":"","publisher":{"@id":"https:\/\/noti-america.com\/site\/venezuela\/#organization"},"potentialAction":[{"@type":"SearchAction","target":{"@type":"EntryPoint","urlTemplate":"https:\/\/noti-america.com\/site\/venezuela\/?s={search_term_string}"},"query-input":{"@type":"PropertyValueSpecification","valueRequired":true,"valueName":"search_term_string"}}],"inLanguage":"es"},{"@type":"Organization","@id":"https:\/\/noti-america.com\/site\/venezuela\/#organization","name":"Noti-America LLC | Venezuela","url":"https:\/\/noti-america.com\/site\/venezuela\/","logo":{"@type":"ImageObject","inLanguage":"es","@id":"https:\/\/noti-america.com\/site\/venezuela\/#\/schema\/logo\/image\/","url":"https:\/\/noti-america.com\/site\/venezuela\/wp-content\/uploads\/sites\/2\/2020\/07\/LogoNA-4x3-1.jpg","contentUrl":"https:\/\/noti-america.com\/site\/venezuela\/wp-content\/uploads\/sites\/2\/2020\/07\/LogoNA-4x3-1.jpg","width":1236,"height":1080,"caption":"Noti-America LLC | Venezuela"},"image":{"@id":"https:\/\/noti-america.com\/site\/venezuela\/#\/schema\/logo\/image\/"}},{"@type":"Person","@id":"https:\/\/noti-america.com\/site\/venezuela\/#\/schema\/person\/a2e478ba496331ce89bcd0c731cd6533","name":"rloaiza","image":{"@type":"ImageObject","inLanguage":"es","@id":"https:\/\/secure.gravatar.com\/avatar\/190058e5d4427934610b99c45aa7a6558806850adedd53ddeddd194b04773e22?s=96&d=mm&r=g","url":"https:\/\/secure.gravatar.com\/avatar\/190058e5d4427934610b99c45aa7a6558806850adedd53ddeddd194b04773e22?s=96&d=mm&r=g","contentUrl":"https:\/\/secure.gravatar.com\/avatar\/190058e5d4427934610b99c45aa7a6558806850adedd53ddeddd194b04773e22?s=96&d=mm&r=g","caption":"rloaiza"},"url":"https:\/\/noti-america.com\/site\/venezuela\/author\/rloaiza\/"}]}},"_links":{"self":[{"href":"https:\/\/noti-america.com\/site\/venezuela\/wp-json\/wp\/v2\/posts\/12220","targetHints":{"allow":["GET"]}}],"collection":[{"href":"https:\/\/noti-america.com\/site\/venezuela\/wp-json\/wp\/v2\/posts"}],"about":[{"href":"https:\/\/noti-america.com\/site\/venezuela\/wp-json\/wp\/v2\/types\/post"}],"author":[{"embeddable":true,"href":"https:\/\/noti-america.com\/site\/venezuela\/wp-json\/wp\/v2\/users\/2"}],"replies":[{"embeddable":true,"href":"https:\/\/noti-america.com\/site\/venezuela\/wp-json\/wp\/v2\/comments?post=12220"}],"version-history":[{"count":1,"href":"https:\/\/noti-america.com\/site\/venezuela\/wp-json\/wp\/v2\/posts\/12220\/revisions"}],"predecessor-version":[{"id":12221,"href":"https:\/\/noti-america.com\/site\/venezuela\/wp-json\/wp\/v2\/posts\/12220\/revisions\/12221"}],"wp:featuredmedia":[{"embeddable":true,"href":"https:\/\/noti-america.com\/site\/venezuela\/wp-json\/wp\/v2\/media\/1837"}],"wp:attachment":[{"href":"https:\/\/noti-america.com\/site\/venezuela\/wp-json\/wp\/v2\/media?parent=12220"}],"wp:term":[{"taxonomy":"category","embeddable":true,"href":"https:\/\/noti-america.com\/site\/venezuela\/wp-json\/wp\/v2\/categories?post=12220"},{"taxonomy":"post_tag","embeddable":true,"href":"https:\/\/noti-america.com\/site\/venezuela\/wp-json\/wp\/v2\/tags?post=12220"}],"curies":[{"name":"wp","href":"https:\/\/api.w.org\/{rel}","templated":true}]}}