{"id":1212,"date":"2017-11-30T20:37:30","date_gmt":"2017-11-30T20:37:30","guid":{"rendered":"http:\/\/noti-america.com\/site\/venezuela\/?p=1212"},"modified":"2017-12-01T22:41:10","modified_gmt":"2017-12-01T22:41:10","slug":"detienen-a-expresidente-de-pdvsa-eulogio-del-pino-por-casos-de-corrupcion","status":"publish","type":"post","link":"https:\/\/noti-america.com\/site\/venezuela\/2017\/11\/30\/detienen-a-expresidente-de-pdvsa-eulogio-del-pino-por-casos-de-corrupcion\/","title":{"rendered":"Detienen a expresidente de PDVSA Eulogio del Pino por casos de corrupci\u00f3n"},"content":{"rendered":"<p><strong>Redacci\u00f3n Noti-America Venezuela<\/strong><\/p>\n<blockquote>\n<ul>\n<li>Eulogio del P\u00eeno, realiza declaraciones a trav\u00e9s de su cuenta en twitter, acerca de los recursos y situaci\u00f3n que afronta PDVSA<\/li>\n<li>Gobierno confirma detenci\u00f3n del exMinistro de Petr\u00f3leo de Venezuela y ex-Presidente de PDVSA, Eulogio del Pino y Nelson Martinez.<\/li>\n<\/ul>\n<\/blockquote>\n<p>Seg\u00fan declaraciones del Fiscal, Tarek William Saab fue confirmada la detenci\u00f3n formal de los ex funcionarios del gobierno, Eulogio del Pino y Nelson Martinez, quienes fueron acusados de peculado doloso propio y legitimaci\u00f3n de capitales.<\/p>\n<p>Asegur\u00f3 el alto funcionario de la fiscal\u00eda que la detenci\u00f3n es motivada a una amplia investigaci\u00f3n contra el cartel que ha deteriorado las estructuras de la empresa petrolera venezolana.<\/p>\n<p>La detenci\u00f3n se llev\u00f3 a cabo este jueves en horas de la madrugada por efectivos de la Direcci\u00f3n General de Contrainteligencia Militar (DGcim).<\/p>\n<p>https:\/\/www.youtube.com\/watch?v=yRypZI-MD9I<\/p>\n<p>Estas circunstancias se dan luego de que\u00a0los ex funcionarios afectos al chavismo\u00a0agradecieran al presidente Nicol\u00e1s Maduro por los cargos que representaron en su gobierno, donde al mismo tiempo, les ratificaron su apoyo incondicional.<\/p>\n<blockquote><p>https:\/\/twitter.com\/delpinoeulogio\/status\/936324603810430976<\/p><\/blockquote>\n","protected":false},"excerpt":{"rendered":"<p>Redacci\u00f3n Noti-America Venezuela Eulogio del P\u00eeno, realiza declaraciones a trav\u00e9s de su cuenta en twitter, acerca de los recursos y situaci\u00f3n que afronta PDVSA Gobierno confirma detenci\u00f3n del exMinistro de Petr\u00f3leo de Venezuela y&#46;&#46;&#46;<\/p>\n","protected":false},"author":11,"featured_media":1213,"comment_status":"open","ping_status":"open","sticky":false,"template":"","format":"standard","meta":{"_acf_changed":false,"om_disable_all_campaigns":false,"rop_custom_images_group":[],"rop_custom_messages_group":[],"rop_publish_now":"initial","rop_publish_now_accounts":{"twitter_242054905_242054905":""},"rop_publish_now_history":[],"rop_publish_now_status":"pending","_uf_show_specific_survey":0,"_uf_disable_surveys":false,"footnotes":""},"categories":[5,4,12,3,11],"tags":[],"class_list":["post-1212","post","type-post","status-publish","format-standard","has-post-thumbnail","hentry","category-economia","category-internacionales","category-opinion","category-politica","category-sucesos"],"acf":[],"aioseo_notices":[],"yoast_head":"<!-- This site is optimized with the Yoast SEO Premium plugin v24.9 (Yoast SEO v27.2) - https:\/\/yoast.com\/product\/yoast-seo-premium-wordpress\/ -->\n<title>Detienen a expresidente de PDVSA Eulogio del Pino por casos de corrupci\u00f3n - Venezuela | Noti-America.com<\/title>\n<meta name=\"robots\" content=\"index, follow, max-snippet:-1, max-image-preview:large, max-video-preview:-1\" \/>\n<link rel=\"canonical\" href=\"https:\/\/noti-america.com\/site\/venezuela\/2017\/11\/30\/detienen-a-expresidente-de-pdvsa-eulogio-del-pino-por-casos-de-corrupcion\/\" \/>\n<meta property=\"og:locale\" content=\"es_ES\" \/>\n<meta property=\"og:type\" content=\"article\" \/>\n<meta property=\"og:title\" content=\"Detienen a expresidente de PDVSA Eulogio del Pino por casos de corrupci\u00f3n\" \/>\n<meta property=\"og:description\" content=\"Redacci\u00f3n Noti-America Venezuela Eulogio del P\u00eeno, realiza declaraciones a trav\u00e9s de su cuenta en twitter, acerca de los recursos y situaci\u00f3n que afronta PDVSA Gobierno confirma detenci\u00f3n del exMinistro de Petr\u00f3leo de Venezuela y&#046;&#046;&#046;\" \/>\n<meta property=\"og:url\" content=\"https:\/\/noti-america.com\/site\/venezuela\/2017\/11\/30\/detienen-a-expresidente-de-pdvsa-eulogio-del-pino-por-casos-de-corrupcion\/\" \/>\n<meta property=\"og:site_name\" content=\"Venezuela | Noti-America.com\" \/>\n<meta property=\"article:published_time\" content=\"2017-11-30T20:37:30+00:00\" \/>\n<meta property=\"article:modified_time\" content=\"2017-12-01T22:41:10+00:00\" \/>\n<meta property=\"og:image\" content=\"https:\/\/noti-america.com\/site\/venezuela\/wp-content\/uploads\/sites\/2\/2017\/11\/expres-de-PDVSA.jpg\" \/>\n\t<meta property=\"og:image:width\" content=\"1242\" \/>\n\t<meta property=\"og:image:height\" content=\"828\" \/>\n\t<meta property=\"og:image:type\" content=\"image\/jpeg\" \/>\n<meta name=\"author\" content=\"Yliana Duque\" \/>\n<meta name=\"twitter:card\" content=\"summary_large_image\" \/>\n<meta name=\"twitter:creator\" content=\"@ylianaduque\" \/>\n<meta name=\"twitter:label1\" content=\"Escrito por\" \/>\n\t<meta name=\"twitter:data1\" content=\"Yliana Duque\" \/>\n\t<meta name=\"twitter:label2\" content=\"Tiempo estimado de lectura\" \/>\n\t<meta name=\"twitter:data2\" content=\"1 minuto\" \/>\n<script type=\"application\/ld+json\" class=\"yoast-schema-graph\">{\"@context\":\"https:\/\/schema.org\",\"@graph\":[{\"@type\":\"Article\",\"@id\":\"https:\/\/noti-america.com\/site\/venezuela\/2017\/11\/30\/detienen-a-expresidente-de-pdvsa-eulogio-del-pino-por-casos-de-corrupcion\/#article\",\"isPartOf\":{\"@id\":\"https:\/\/noti-america.com\/site\/venezuela\/2017\/11\/30\/detienen-a-expresidente-de-pdvsa-eulogio-del-pino-por-casos-de-corrupcion\/\"},\"author\":{\"name\":\"Yliana Duque\",\"@id\":\"https:\/\/noti-america.com\/site\/venezuela\/#\/schema\/person\/a166d9d45f249dbd09521fbc2e7342d8\"},\"headline\":\"Detienen a expresidente de PDVSA Eulogio del Pino por casos de corrupci\u00f3n\",\"datePublished\":\"2017-11-30T20:37:30+00:00\",\"dateModified\":\"2017-12-01T22:41:10+00:00\",\"mainEntityOfPage\":{\"@id\":\"https:\/\/noti-america.com\/site\/venezuela\/2017\/11\/30\/detienen-a-expresidente-de-pdvsa-eulogio-del-pino-por-casos-de-corrupcion\/\"},\"wordCount\":206,\"commentCount\":0,\"publisher\":{\"@id\":\"https:\/\/noti-america.com\/site\/venezuela\/#organization\"},\"image\":{\"@id\":\"https:\/\/noti-america.com\/site\/venezuela\/2017\/11\/30\/detienen-a-expresidente-de-pdvsa-eulogio-del-pino-por-casos-de-corrupcion\/#primaryimage\"},\"thumbnailUrl\":\"https:\/\/noti-america.com\/site\/venezuela\/wp-content\/uploads\/sites\/2\/2017\/11\/expres-de-PDVSA.jpg\",\"articleSection\":[\"Econom\u00eda\",\"Internacionales\",\"Opini\u00f3n\",\"Pol\u00edtica\",\"Sucesos\"],\"inLanguage\":\"es\",\"potentialAction\":[{\"@type\":\"CommentAction\",\"name\":\"Comment\",\"target\":[\"https:\/\/noti-america.com\/site\/venezuela\/2017\/11\/30\/detienen-a-expresidente-de-pdvsa-eulogio-del-pino-por-casos-de-corrupcion\/#respond\"]}]},{\"@type\":\"WebPage\",\"@id\":\"https:\/\/noti-america.com\/site\/venezuela\/2017\/11\/30\/detienen-a-expresidente-de-pdvsa-eulogio-del-pino-por-casos-de-corrupcion\/\",\"url\":\"https:\/\/noti-america.com\/site\/venezuela\/2017\/11\/30\/detienen-a-expresidente-de-pdvsa-eulogio-del-pino-por-casos-de-corrupcion\/\",\"name\":\"Detienen a expresidente de PDVSA Eulogio del Pino por casos de corrupci\u00f3n - Venezuela | Noti-America.com\",\"isPartOf\":{\"@id\":\"https:\/\/noti-america.com\/site\/venezuela\/#website\"},\"primaryImageOfPage\":{\"@id\":\"https:\/\/noti-america.com\/site\/venezuela\/2017\/11\/30\/detienen-a-expresidente-de-pdvsa-eulogio-del-pino-por-casos-de-corrupcion\/#primaryimage\"},\"image\":{\"@id\":\"https:\/\/noti-america.com\/site\/venezuela\/2017\/11\/30\/detienen-a-expresidente-de-pdvsa-eulogio-del-pino-por-casos-de-corrupcion\/#primaryimage\"},\"thumbnailUrl\":\"https:\/\/noti-america.com\/site\/venezuela\/wp-content\/uploads\/sites\/2\/2017\/11\/expres-de-PDVSA.jpg\",\"datePublished\":\"2017-11-30T20:37:30+00:00\",\"dateModified\":\"2017-12-01T22:41:10+00:00\",\"breadcrumb\":{\"@id\":\"https:\/\/noti-america.com\/site\/venezuela\/2017\/11\/30\/detienen-a-expresidente-de-pdvsa-eulogio-del-pino-por-casos-de-corrupcion\/#breadcrumb\"},\"inLanguage\":\"es\",\"potentialAction\":[{\"@type\":\"ReadAction\",\"target\":[\"https:\/\/noti-america.com\/site\/venezuela\/2017\/11\/30\/detienen-a-expresidente-de-pdvsa-eulogio-del-pino-por-casos-de-corrupcion\/\"]}]},{\"@type\":\"ImageObject\",\"inLanguage\":\"es\",\"@id\":\"https:\/\/noti-america.com\/site\/venezuela\/2017\/11\/30\/detienen-a-expresidente-de-pdvsa-eulogio-del-pino-por-casos-de-corrupcion\/#primaryimage\",\"url\":\"https:\/\/noti-america.com\/site\/venezuela\/wp-content\/uploads\/sites\/2\/2017\/11\/expres-de-PDVSA.jpg\",\"contentUrl\":\"https:\/\/noti-america.com\/site\/venezuela\/wp-content\/uploads\/sites\/2\/2017\/11\/expres-de-PDVSA.jpg\",\"width\":1242,\"height\":828},{\"@type\":\"BreadcrumbList\",\"@id\":\"https:\/\/noti-america.com\/site\/venezuela\/2017\/11\/30\/detienen-a-expresidente-de-pdvsa-eulogio-del-pino-por-casos-de-corrupcion\/#breadcrumb\",\"itemListElement\":[{\"@type\":\"ListItem\",\"position\":1,\"name\":\"Portada\",\"item\":\"https:\/\/noti-america.com\/site\/venezuela\/\"},{\"@type\":\"ListItem\",\"position\":2,\"name\":\"Detienen a expresidente de PDVSA Eulogio del Pino por casos de corrupci\u00f3n\"}]},{\"@type\":\"WebSite\",\"@id\":\"https:\/\/noti-america.com\/site\/venezuela\/#website\",\"url\":\"https:\/\/noti-america.com\/site\/venezuela\/\",\"name\":\"Venezuela | Noti-America.com\",\"description\":\"\",\"publisher\":{\"@id\":\"https:\/\/noti-america.com\/site\/venezuela\/#organization\"},\"potentialAction\":[{\"@type\":\"SearchAction\",\"target\":{\"@type\":\"EntryPoint\",\"urlTemplate\":\"https:\/\/noti-america.com\/site\/venezuela\/?s={search_term_string}\"},\"query-input\":{\"@type\":\"PropertyValueSpecification\",\"valueRequired\":true,\"valueName\":\"search_term_string\"}}],\"inLanguage\":\"es\"},{\"@type\":\"Organization\",\"@id\":\"https:\/\/noti-america.com\/site\/venezuela\/#organization\",\"name\":\"Noti-America LLC | Venezuela\",\"url\":\"https:\/\/noti-america.com\/site\/venezuela\/\",\"logo\":{\"@type\":\"ImageObject\",\"inLanguage\":\"es\",\"@id\":\"https:\/\/noti-america.com\/site\/venezuela\/#\/schema\/logo\/image\/\",\"url\":\"https:\/\/noti-america.com\/site\/venezuela\/wp-content\/uploads\/sites\/2\/2020\/07\/LogoNA-4x3-1.jpg\",\"contentUrl\":\"https:\/\/noti-america.com\/site\/venezuela\/wp-content\/uploads\/sites\/2\/2020\/07\/LogoNA-4x3-1.jpg\",\"width\":1236,\"height\":1080,\"caption\":\"Noti-America LLC | Venezuela\"},\"image\":{\"@id\":\"https:\/\/noti-america.com\/site\/venezuela\/#\/schema\/logo\/image\/\"}},{\"@type\":\"Person\",\"@id\":\"https:\/\/noti-america.com\/site\/venezuela\/#\/schema\/person\/a166d9d45f249dbd09521fbc2e7342d8\",\"name\":\"Yliana Duque\",\"image\":{\"@type\":\"ImageObject\",\"inLanguage\":\"es\",\"@id\":\"https:\/\/secure.gravatar.com\/avatar\/8caf2a4035762b3be44c3a0455581febe2d5273a41ac40dacc575b8aa348fe65?s=96&d=mm&r=g\",\"url\":\"https:\/\/secure.gravatar.com\/avatar\/8caf2a4035762b3be44c3a0455581febe2d5273a41ac40dacc575b8aa348fe65?s=96&d=mm&r=g\",\"contentUrl\":\"https:\/\/secure.gravatar.com\/avatar\/8caf2a4035762b3be44c3a0455581febe2d5273a41ac40dacc575b8aa348fe65?s=96&d=mm&r=g\",\"caption\":\"Yliana Duque\"},\"description\":\"Ejercer el periodismo requiere de pasi\u00f3n y conocimiento en investigaci\u00f3n de campo. Siempre en la b\u00fasqueda de la verdad para aportar claridad y poder discernir sobre el hecho noticioso. Egresada de la Universidad de los Andes. Maestria en Relaciones Internacionales (UCV). Diplomado de Educaci\u00f3n Superior (Universidad Experimental LIbertador (UPEL), y Educaci\u00f3n superior a distancia (UFT). Estudios de Locuci\u00f3n- Actuaci\u00f3n-Publicidad y Mercadeo, Redes. Subdirectora de relaciones p\u00fablicas de la Asamablea Legislativa del Estado Sucre(1995)-Periodista de TELESOL,Telecaribe (Sucre). Jefe de Prensa de la Gobernaci\u00f3n del Estado Amazonas(1997). Periodista Comandancia General del Ej\u00e9rcito, Fuerte Tiuna (1996). Lider de Proyectos en educaci\u00f3n Superior en la Universidad Ferm\u00edn Toro (UFT) (2000). Docente Universitario UFT (2002-2007)-Docente de Educaci\u00f3n Superior a Distancia -titulado. Periodista Diario El Informador. Periodista en Apoyo A\u00e9reo de la Guardia Nacional, Aeropuerto Jacinto Lara. www.Noti-america.com (Venezuela)\",\"sameAs\":[\"https:\/\/x.com\/ylianaduque\"],\"url\":\"https:\/\/noti-america.com\/site\/venezuela\/author\/yduque\/\"}]}<\/script>\n<!-- \/ Yoast SEO Premium plugin. -->","yoast_head_json":{"title":"Detienen a expresidente de PDVSA Eulogio del Pino por casos de corrupci\u00f3n - Venezuela | Noti-America.com","robots":{"index":"index","follow":"follow","max-snippet":"max-snippet:-1","max-image-preview":"max-image-preview:large","max-video-preview":"max-video-preview:-1"},"canonical":"https:\/\/noti-america.com\/site\/venezuela\/2017\/11\/30\/detienen-a-expresidente-de-pdvsa-eulogio-del-pino-por-casos-de-corrupcion\/","og_locale":"es_ES","og_type":"article","og_title":"Detienen a expresidente de PDVSA Eulogio del Pino por casos de corrupci\u00f3n","og_description":"Redacci\u00f3n Noti-America Venezuela Eulogio del P\u00eeno, realiza declaraciones a trav\u00e9s de su cuenta en twitter, acerca de los recursos y situaci\u00f3n que afronta PDVSA Gobierno confirma detenci\u00f3n del exMinistro de Petr\u00f3leo de Venezuela y&#46;&#46;&#46;","og_url":"https:\/\/noti-america.com\/site\/venezuela\/2017\/11\/30\/detienen-a-expresidente-de-pdvsa-eulogio-del-pino-por-casos-de-corrupcion\/","og_site_name":"Venezuela | Noti-America.com","article_published_time":"2017-11-30T20:37:30+00:00","article_modified_time":"2017-12-01T22:41:10+00:00","og_image":[{"width":1242,"height":828,"url":"https:\/\/noti-america.com\/site\/venezuela\/wp-content\/uploads\/sites\/2\/2017\/11\/expres-de-PDVSA.jpg","type":"image\/jpeg"}],"author":"Yliana Duque","twitter_card":"summary_large_image","twitter_creator":"@ylianaduque","twitter_misc":{"Escrito por":"Yliana Duque","Tiempo estimado de lectura":"1 minuto"},"schema":{"@context":"https:\/\/schema.org","@graph":[{"@type":"Article","@id":"https:\/\/noti-america.com\/site\/venezuela\/2017\/11\/30\/detienen-a-expresidente-de-pdvsa-eulogio-del-pino-por-casos-de-corrupcion\/#article","isPartOf":{"@id":"https:\/\/noti-america.com\/site\/venezuela\/2017\/11\/30\/detienen-a-expresidente-de-pdvsa-eulogio-del-pino-por-casos-de-corrupcion\/"},"author":{"name":"Yliana Duque","@id":"https:\/\/noti-america.com\/site\/venezuela\/#\/schema\/person\/a166d9d45f249dbd09521fbc2e7342d8"},"headline":"Detienen a expresidente de PDVSA Eulogio del Pino por casos de corrupci\u00f3n","datePublished":"2017-11-30T20:37:30+00:00","dateModified":"2017-12-01T22:41:10+00:00","mainEntityOfPage":{"@id":"https:\/\/noti-america.com\/site\/venezuela\/2017\/11\/30\/detienen-a-expresidente-de-pdvsa-eulogio-del-pino-por-casos-de-corrupcion\/"},"wordCount":206,"commentCount":0,"publisher":{"@id":"https:\/\/noti-america.com\/site\/venezuela\/#organization"},"image":{"@id":"https:\/\/noti-america.com\/site\/venezuela\/2017\/11\/30\/detienen-a-expresidente-de-pdvsa-eulogio-del-pino-por-casos-de-corrupcion\/#primaryimage"},"thumbnailUrl":"https:\/\/noti-america.com\/site\/venezuela\/wp-content\/uploads\/sites\/2\/2017\/11\/expres-de-PDVSA.jpg","articleSection":["Econom\u00eda","Internacionales","Opini\u00f3n","Pol\u00edtica","Sucesos"],"inLanguage":"es","potentialAction":[{"@type":"CommentAction","name":"Comment","target":["https:\/\/noti-america.com\/site\/venezuela\/2017\/11\/30\/detienen-a-expresidente-de-pdvsa-eulogio-del-pino-por-casos-de-corrupcion\/#respond"]}]},{"@type":"WebPage","@id":"https:\/\/noti-america.com\/site\/venezuela\/2017\/11\/30\/detienen-a-expresidente-de-pdvsa-eulogio-del-pino-por-casos-de-corrupcion\/","url":"https:\/\/noti-america.com\/site\/venezuela\/2017\/11\/30\/detienen-a-expresidente-de-pdvsa-eulogio-del-pino-por-casos-de-corrupcion\/","name":"Detienen a expresidente de PDVSA Eulogio del Pino por casos de corrupci\u00f3n - Venezuela | Noti-America.com","isPartOf":{"@id":"https:\/\/noti-america.com\/site\/venezuela\/#website"},"primaryImageOfPage":{"@id":"https:\/\/noti-america.com\/site\/venezuela\/2017\/11\/30\/detienen-a-expresidente-de-pdvsa-eulogio-del-pino-por-casos-de-corrupcion\/#primaryimage"},"image":{"@id":"https:\/\/noti-america.com\/site\/venezuela\/2017\/11\/30\/detienen-a-expresidente-de-pdvsa-eulogio-del-pino-por-casos-de-corrupcion\/#primaryimage"},"thumbnailUrl":"https:\/\/noti-america.com\/site\/venezuela\/wp-content\/uploads\/sites\/2\/2017\/11\/expres-de-PDVSA.jpg","datePublished":"2017-11-30T20:37:30+00:00","dateModified":"2017-12-01T22:41:10+00:00","breadcrumb":{"@id":"https:\/\/noti-america.com\/site\/venezuela\/2017\/11\/30\/detienen-a-expresidente-de-pdvsa-eulogio-del-pino-por-casos-de-corrupcion\/#breadcrumb"},"inLanguage":"es","potentialAction":[{"@type":"ReadAction","target":["https:\/\/noti-america.com\/site\/venezuela\/2017\/11\/30\/detienen-a-expresidente-de-pdvsa-eulogio-del-pino-por-casos-de-corrupcion\/"]}]},{"@type":"ImageObject","inLanguage":"es","@id":"https:\/\/noti-america.com\/site\/venezuela\/2017\/11\/30\/detienen-a-expresidente-de-pdvsa-eulogio-del-pino-por-casos-de-corrupcion\/#primaryimage","url":"https:\/\/noti-america.com\/site\/venezuela\/wp-content\/uploads\/sites\/2\/2017\/11\/expres-de-PDVSA.jpg","contentUrl":"https:\/\/noti-america.com\/site\/venezuela\/wp-content\/uploads\/sites\/2\/2017\/11\/expres-de-PDVSA.jpg","width":1242,"height":828},{"@type":"BreadcrumbList","@id":"https:\/\/noti-america.com\/site\/venezuela\/2017\/11\/30\/detienen-a-expresidente-de-pdvsa-eulogio-del-pino-por-casos-de-corrupcion\/#breadcrumb","itemListElement":[{"@type":"ListItem","position":1,"name":"Portada","item":"https:\/\/noti-america.com\/site\/venezuela\/"},{"@type":"ListItem","position":2,"name":"Detienen a expresidente de PDVSA Eulogio del Pino por casos de corrupci\u00f3n"}]},{"@type":"WebSite","@id":"https:\/\/noti-america.com\/site\/venezuela\/#website","url":"https:\/\/noti-america.com\/site\/venezuela\/","name":"Venezuela | Noti-America.com","description":"","publisher":{"@id":"https:\/\/noti-america.com\/site\/venezuela\/#organization"},"potentialAction":[{"@type":"SearchAction","target":{"@type":"EntryPoint","urlTemplate":"https:\/\/noti-america.com\/site\/venezuela\/?s={search_term_string}"},"query-input":{"@type":"PropertyValueSpecification","valueRequired":true,"valueName":"search_term_string"}}],"inLanguage":"es"},{"@type":"Organization","@id":"https:\/\/noti-america.com\/site\/venezuela\/#organization","name":"Noti-America LLC | Venezuela","url":"https:\/\/noti-america.com\/site\/venezuela\/","logo":{"@type":"ImageObject","inLanguage":"es","@id":"https:\/\/noti-america.com\/site\/venezuela\/#\/schema\/logo\/image\/","url":"https:\/\/noti-america.com\/site\/venezuela\/wp-content\/uploads\/sites\/2\/2020\/07\/LogoNA-4x3-1.jpg","contentUrl":"https:\/\/noti-america.com\/site\/venezuela\/wp-content\/uploads\/sites\/2\/2020\/07\/LogoNA-4x3-1.jpg","width":1236,"height":1080,"caption":"Noti-America LLC | Venezuela"},"image":{"@id":"https:\/\/noti-america.com\/site\/venezuela\/#\/schema\/logo\/image\/"}},{"@type":"Person","@id":"https:\/\/noti-america.com\/site\/venezuela\/#\/schema\/person\/a166d9d45f249dbd09521fbc2e7342d8","name":"Yliana Duque","image":{"@type":"ImageObject","inLanguage":"es","@id":"https:\/\/secure.gravatar.com\/avatar\/8caf2a4035762b3be44c3a0455581febe2d5273a41ac40dacc575b8aa348fe65?s=96&d=mm&r=g","url":"https:\/\/secure.gravatar.com\/avatar\/8caf2a4035762b3be44c3a0455581febe2d5273a41ac40dacc575b8aa348fe65?s=96&d=mm&r=g","contentUrl":"https:\/\/secure.gravatar.com\/avatar\/8caf2a4035762b3be44c3a0455581febe2d5273a41ac40dacc575b8aa348fe65?s=96&d=mm&r=g","caption":"Yliana Duque"},"description":"Ejercer el periodismo requiere de pasi\u00f3n y conocimiento en investigaci\u00f3n de campo. Siempre en la b\u00fasqueda de la verdad para aportar claridad y poder discernir sobre el hecho noticioso. Egresada de la Universidad de los Andes. Maestria en Relaciones Internacionales (UCV). Diplomado de Educaci\u00f3n Superior (Universidad Experimental LIbertador (UPEL), y Educaci\u00f3n superior a distancia (UFT). Estudios de Locuci\u00f3n- Actuaci\u00f3n-Publicidad y Mercadeo, Redes. Subdirectora de relaciones p\u00fablicas de la Asamablea Legislativa del Estado Sucre(1995)-Periodista de TELESOL,Telecaribe (Sucre). Jefe de Prensa de la Gobernaci\u00f3n del Estado Amazonas(1997). Periodista Comandancia General del Ej\u00e9rcito, Fuerte Tiuna (1996). Lider de Proyectos en educaci\u00f3n Superior en la Universidad Ferm\u00edn Toro (UFT) (2000). Docente Universitario UFT (2002-2007)-Docente de Educaci\u00f3n Superior a Distancia -titulado. Periodista Diario El Informador. Periodista en Apoyo A\u00e9reo de la Guardia Nacional, Aeropuerto Jacinto Lara. www.Noti-america.com (Venezuela)","sameAs":["https:\/\/x.com\/ylianaduque"],"url":"https:\/\/noti-america.com\/site\/venezuela\/author\/yduque\/"}]}},"_links":{"self":[{"href":"https:\/\/noti-america.com\/site\/venezuela\/wp-json\/wp\/v2\/posts\/1212","targetHints":{"allow":["GET"]}}],"collection":[{"href":"https:\/\/noti-america.com\/site\/venezuela\/wp-json\/wp\/v2\/posts"}],"about":[{"href":"https:\/\/noti-america.com\/site\/venezuela\/wp-json\/wp\/v2\/types\/post"}],"author":[{"embeddable":true,"href":"https:\/\/noti-america.com\/site\/venezuela\/wp-json\/wp\/v2\/users\/11"}],"replies":[{"embeddable":true,"href":"https:\/\/noti-america.com\/site\/venezuela\/wp-json\/wp\/v2\/comments?post=1212"}],"version-history":[{"count":4,"href":"https:\/\/noti-america.com\/site\/venezuela\/wp-json\/wp\/v2\/posts\/1212\/revisions"}],"predecessor-version":[{"id":1217,"href":"https:\/\/noti-america.com\/site\/venezuela\/wp-json\/wp\/v2\/posts\/1212\/revisions\/1217"}],"wp:featuredmedia":[{"embeddable":true,"href":"https:\/\/noti-america.com\/site\/venezuela\/wp-json\/wp\/v2\/media\/1213"}],"wp:attachment":[{"href":"https:\/\/noti-america.com\/site\/venezuela\/wp-json\/wp\/v2\/media?parent=1212"}],"wp:term":[{"taxonomy":"category","embeddable":true,"href":"https:\/\/noti-america.com\/site\/venezuela\/wp-json\/wp\/v2\/categories?post=1212"},{"taxonomy":"post_tag","embeddable":true,"href":"https:\/\/noti-america.com\/site\/venezuela\/wp-json\/wp\/v2\/tags?post=1212"}],"curies":[{"name":"wp","href":"https:\/\/api.w.org\/{rel}","templated":true}]}}