{"id":11787,"date":"2020-03-21T12:24:18","date_gmt":"2020-03-22T10:56:18","guid":{"rendered":"http:\/\/noti-america.com\/site\/venezuela\/2020\/03\/22\/falla-de-combustible-en-venezuela-la-escudan-con-el-covid-19\/"},"modified":"2020-03-22T14:57:50","modified_gmt":"2020-03-22T14:57:50","slug":"falla-de-combustible-en-venezuela-la-escudan-con-el-covid-19","status":"publish","type":"post","link":"https:\/\/noti-america.com\/site\/venezuela\/2020\/03\/21\/falla-de-combustible-en-venezuela-la-escudan-con-el-covid-19\/","title":{"rendered":"Falla de combustible en Venezuela la escudan con el COVID-19"},"content":{"rendered":"<p>El gobierno venezolano no asume responsabilidad con respecto a la interrupci\u00f3n desmesurada de gasolina en el territorio nacional, y se escudan en el Estado de Alerta generado por el Covid-19, y as\u00ed obligar a un aislamiento ciudadano imprescindible.<\/p>\n<p><strong><em>El barril perdi\u00f3 hasta un tercio de su valor el lunes y cay\u00f3 el mi\u00e9rcoles a alrededor de 36 d\u00f3lares por barril<\/em><\/strong>.<\/p>\n<p>El malestar y descontento de los venezolanos consecuencia de la falta de gasolina, les impide realizar actividades para responder a obligaciones que deber\u00edan ejecutarse con las prevenciones que el caso exige, m\u00e1s sin embargo el gobierno no facilita el combustible.<\/p>\n<p>En anuncios oficiales se inform\u00f3 que surtir\u00edan combustible a aquellas personas que presentaran informes m\u00e9dicos o salvoconductos, no obstante las respuestas de los funcionarios de la Guardia Nacional que controlan las estaciones servicio, han resultado en negativas absolutas, as\u00ed lo refirieron pacientes con padecimientos renales al momento de querer surtirse en una bomba habilitada para ello, en Barquisimeto.<\/p>\n<p><strong><em>\u00abHemos visto a Funcionarios policales y de las FANB que\u00a0 facilitan y revenden gasolina a amigos y allegados\u00bb, aseguran testigos.<\/em><\/strong><\/p>\n<p>La producci\u00f3n de la estatal petrolera venezolana PDVSA CAY\u00d3 A 500 MDB luego de la llegada del coronavirus o COVID-19. Algunos campos se encuentran cerrados, otros restringidos y un gran n\u00famero de trabajadores han abandonado sus actividades en b\u00fasqueda de protecci\u00f3n por la pandemia.<\/p>\n<p>Estiman que los env\u00edos\u00a0 de gasolina a Cuba y Nicaragua ocasionaron la fuerte crisis del mercado interno de combustible, adem\u00e1s de la p\u00e9rdida de mano de obra, como el robo de equipos y maquinaria deteriorada.<\/p>\n<p>Sumado a esto, actualmente se han presentado derrames petroleros, de acuerdo con testimonios del personal obrero, y miembros del Frente de Trabajadores Petroleros , quienes vienen denunciando que desde hace 3 d\u00edas en el distrito morichal, la faja del orinoco,\u00a0 la zona de El Tigre que lleva por nombre BARE-5, no se han tomado previsiones ni asumido acciones para limpiar o detener el fluido.<\/p>\n<p>Derrame zona de El Tigre, BARE-5 en plena faja petrolifera del Orinoco, complejo Hugo Rafael Ch\u00e1vez Fr\u00edas<\/p>\n<p>Seg\u00fan Lu\u00eds Hern\u00e1ndez, Director del Frente de trabajadores petroleros, s\u00f3lo una de las 6 refiner\u00edas, est\u00e1 actualmente a medio funcionamiento ya que el resto est\u00e1n fuera de servicio; el Complejo refinador de Paraguan\u00e1, Card\u00f3n, Amuy, El Palito, Puerto La Cruz, San Roque.<\/p>\n<p>Entre los complejos refinadores de Puerto La Cruz\u00a0 y el Palito se consegu\u00eda producir 1.370 barriles diarios, sin embargo,\u00a0 ya no hay producci\u00f3n.<\/p>\n<p>Aunado a esto el sistema de distribuci\u00f3n de transporte que contaba con 1200 cisterna ahora s\u00f3lo cuenta con la operatividad de 85\u00a0 unidades para cubrir la demanda nacional.<\/p>\n<p>Aclar\u00f3 el director del FTP que se ha alertado a las autoridades, desde febrero 2019, que Venezuela se quedar\u00eda sin combustibles, denuncias que no han sido tomadas en cuenta por el gobierno central.<\/p>\n<p>Aparte de esto, \u00abya ni Rusia le quiere suministrar gasolina al gobierno venezolano\u00bb.<\/p>\n<p>&nbsp;<\/p>\n","protected":false},"excerpt":{"rendered":"<p>El gobierno venezolano no asume responsabilidad con respecto a la interrupci\u00f3n desmesurada de gasolina en el territorio nacional, y se escudan en el Estado de Alerta generado por el Covid-19, y as\u00ed obligar a&#46;&#46;&#46;<\/p>\n","protected":false},"author":11,"featured_media":11788,"comment_status":"open","ping_status":"open","sticky":false,"template":"","format":"standard","meta":{"_acf_changed":false,"om_disable_all_campaigns":false,"rop_custom_images_group":[],"rop_custom_messages_group":[],"rop_publish_now":"initial","rop_publish_now_accounts":{"twitter_242054905_242054905":""},"rop_publish_now_history":[],"rop_publish_now_status":"pending","_uf_show_specific_survey":0,"_uf_disable_surveys":false,"footnotes":""},"categories":[132],"tags":[],"class_list":["post-11787","post","type-post","status-publish","format-standard","has-post-thumbnail","hentry","category-actualidad"],"acf":[],"aioseo_notices":[],"yoast_head":"<!-- This site is optimized with the Yoast SEO Premium plugin v24.9 (Yoast SEO v27.2) - https:\/\/yoast.com\/product\/yoast-seo-premium-wordpress\/ -->\n<title>Falla de combustible en Venezuela la escudan con el COVID-19 - Venezuela | Noti-America.com<\/title>\n<meta name=\"robots\" content=\"index, follow, max-snippet:-1, max-image-preview:large, max-video-preview:-1\" \/>\n<link rel=\"canonical\" href=\"https:\/\/noti-america.com\/site\/venezuela\/2020\/03\/21\/falla-de-combustible-en-venezuela-la-escudan-con-el-covid-19\/\" \/>\n<meta property=\"og:locale\" content=\"es_ES\" \/>\n<meta property=\"og:type\" content=\"article\" \/>\n<meta property=\"og:title\" content=\"Falla de combustible en Venezuela la escudan con el COVID-19\" \/>\n<meta property=\"og:description\" content=\"El gobierno venezolano no asume responsabilidad con respecto a la interrupci\u00f3n desmesurada de gasolina en el territorio nacional, y se escudan en el Estado de Alerta generado por el Covid-19, y as\u00ed obligar a&#046;&#046;&#046;\" \/>\n<meta property=\"og:url\" content=\"https:\/\/noti-america.com\/site\/venezuela\/2020\/03\/21\/falla-de-combustible-en-venezuela-la-escudan-con-el-covid-19\/\" \/>\n<meta property=\"og:site_name\" content=\"Venezuela | Noti-America.com\" \/>\n<meta property=\"article:published_time\" content=\"2020-03-22T10:56:18+00:00\" \/>\n<meta property=\"article:modified_time\" content=\"2020-03-22T14:57:50+00:00\" \/>\n<meta property=\"og:image\" content=\"https:\/\/noti-america.com\/site\/venezuela\/wp-content\/uploads\/sites\/2\/2020\/03\/escsez_gasolina-15_05_19.jpg\" \/>\n\t<meta property=\"og:image:width\" content=\"1068\" \/>\n\t<meta property=\"og:image:height\" content=\"712\" \/>\n\t<meta property=\"og:image:type\" content=\"image\/jpeg\" \/>\n<meta name=\"author\" content=\"Yliana Duque\" \/>\n<meta name=\"twitter:card\" content=\"summary_large_image\" \/>\n<meta name=\"twitter:creator\" content=\"@ylianaduque\" \/>\n<meta name=\"twitter:label1\" content=\"Escrito por\" \/>\n\t<meta name=\"twitter:data1\" content=\"Yliana Duque\" \/>\n\t<meta name=\"twitter:label2\" content=\"Tiempo estimado de lectura\" \/>\n\t<meta name=\"twitter:data2\" content=\"2 minutos\" \/>\n<script type=\"application\/ld+json\" class=\"yoast-schema-graph\">{\"@context\":\"https:\/\/schema.org\",\"@graph\":[{\"@type\":\"Article\",\"@id\":\"https:\/\/noti-america.com\/site\/venezuela\/2020\/03\/21\/falla-de-combustible-en-venezuela-la-escudan-con-el-covid-19\/#article\",\"isPartOf\":{\"@id\":\"https:\/\/noti-america.com\/site\/venezuela\/2020\/03\/21\/falla-de-combustible-en-venezuela-la-escudan-con-el-covid-19\/\"},\"author\":{\"name\":\"Yliana Duque\",\"@id\":\"https:\/\/noti-america.com\/site\/venezuela\/#\/schema\/person\/a166d9d45f249dbd09521fbc2e7342d8\"},\"headline\":\"Falla de combustible en Venezuela la escudan con el COVID-19\",\"datePublished\":\"2020-03-22T10:56:18+00:00\",\"dateModified\":\"2020-03-22T14:57:50+00:00\",\"mainEntityOfPage\":{\"@id\":\"https:\/\/noti-america.com\/site\/venezuela\/2020\/03\/21\/falla-de-combustible-en-venezuela-la-escudan-con-el-covid-19\/\"},\"wordCount\":508,\"commentCount\":0,\"publisher\":{\"@id\":\"https:\/\/noti-america.com\/site\/venezuela\/#organization\"},\"image\":{\"@id\":\"https:\/\/noti-america.com\/site\/venezuela\/2020\/03\/21\/falla-de-combustible-en-venezuela-la-escudan-con-el-covid-19\/#primaryimage\"},\"thumbnailUrl\":\"https:\/\/noti-america.com\/site\/venezuela\/wp-content\/uploads\/sites\/2\/2020\/03\/escsez_gasolina-15_05_19.jpg\",\"articleSection\":[\"Actualidad\"],\"inLanguage\":\"es\",\"potentialAction\":[{\"@type\":\"CommentAction\",\"name\":\"Comment\",\"target\":[\"https:\/\/noti-america.com\/site\/venezuela\/2020\/03\/21\/falla-de-combustible-en-venezuela-la-escudan-con-el-covid-19\/#respond\"]}]},{\"@type\":\"WebPage\",\"@id\":\"https:\/\/noti-america.com\/site\/venezuela\/2020\/03\/21\/falla-de-combustible-en-venezuela-la-escudan-con-el-covid-19\/\",\"url\":\"https:\/\/noti-america.com\/site\/venezuela\/2020\/03\/21\/falla-de-combustible-en-venezuela-la-escudan-con-el-covid-19\/\",\"name\":\"Falla de combustible en Venezuela la escudan con el COVID-19 - Venezuela | Noti-America.com\",\"isPartOf\":{\"@id\":\"https:\/\/noti-america.com\/site\/venezuela\/#website\"},\"primaryImageOfPage\":{\"@id\":\"https:\/\/noti-america.com\/site\/venezuela\/2020\/03\/21\/falla-de-combustible-en-venezuela-la-escudan-con-el-covid-19\/#primaryimage\"},\"image\":{\"@id\":\"https:\/\/noti-america.com\/site\/venezuela\/2020\/03\/21\/falla-de-combustible-en-venezuela-la-escudan-con-el-covid-19\/#primaryimage\"},\"thumbnailUrl\":\"https:\/\/noti-america.com\/site\/venezuela\/wp-content\/uploads\/sites\/2\/2020\/03\/escsez_gasolina-15_05_19.jpg\",\"datePublished\":\"2020-03-22T10:56:18+00:00\",\"dateModified\":\"2020-03-22T14:57:50+00:00\",\"breadcrumb\":{\"@id\":\"https:\/\/noti-america.com\/site\/venezuela\/2020\/03\/21\/falla-de-combustible-en-venezuela-la-escudan-con-el-covid-19\/#breadcrumb\"},\"inLanguage\":\"es\",\"potentialAction\":[{\"@type\":\"ReadAction\",\"target\":[\"https:\/\/noti-america.com\/site\/venezuela\/2020\/03\/21\/falla-de-combustible-en-venezuela-la-escudan-con-el-covid-19\/\"]}]},{\"@type\":\"ImageObject\",\"inLanguage\":\"es\",\"@id\":\"https:\/\/noti-america.com\/site\/venezuela\/2020\/03\/21\/falla-de-combustible-en-venezuela-la-escudan-con-el-covid-19\/#primaryimage\",\"url\":\"https:\/\/noti-america.com\/site\/venezuela\/wp-content\/uploads\/sites\/2\/2020\/03\/escsez_gasolina-15_05_19.jpg\",\"contentUrl\":\"https:\/\/noti-america.com\/site\/venezuela\/wp-content\/uploads\/sites\/2\/2020\/03\/escsez_gasolina-15_05_19.jpg\",\"width\":1068,\"height\":712},{\"@type\":\"BreadcrumbList\",\"@id\":\"https:\/\/noti-america.com\/site\/venezuela\/2020\/03\/21\/falla-de-combustible-en-venezuela-la-escudan-con-el-covid-19\/#breadcrumb\",\"itemListElement\":[{\"@type\":\"ListItem\",\"position\":1,\"name\":\"Portada\",\"item\":\"https:\/\/noti-america.com\/site\/venezuela\/\"},{\"@type\":\"ListItem\",\"position\":2,\"name\":\"Falla de combustible en Venezuela la escudan con el COVID-19\"}]},{\"@type\":\"WebSite\",\"@id\":\"https:\/\/noti-america.com\/site\/venezuela\/#website\",\"url\":\"https:\/\/noti-america.com\/site\/venezuela\/\",\"name\":\"Venezuela | Noti-America.com\",\"description\":\"\",\"publisher\":{\"@id\":\"https:\/\/noti-america.com\/site\/venezuela\/#organization\"},\"potentialAction\":[{\"@type\":\"SearchAction\",\"target\":{\"@type\":\"EntryPoint\",\"urlTemplate\":\"https:\/\/noti-america.com\/site\/venezuela\/?s={search_term_string}\"},\"query-input\":{\"@type\":\"PropertyValueSpecification\",\"valueRequired\":true,\"valueName\":\"search_term_string\"}}],\"inLanguage\":\"es\"},{\"@type\":\"Organization\",\"@id\":\"https:\/\/noti-america.com\/site\/venezuela\/#organization\",\"name\":\"Noti-America LLC | Venezuela\",\"url\":\"https:\/\/noti-america.com\/site\/venezuela\/\",\"logo\":{\"@type\":\"ImageObject\",\"inLanguage\":\"es\",\"@id\":\"https:\/\/noti-america.com\/site\/venezuela\/#\/schema\/logo\/image\/\",\"url\":\"https:\/\/noti-america.com\/site\/venezuela\/wp-content\/uploads\/sites\/2\/2020\/07\/LogoNA-4x3-1.jpg\",\"contentUrl\":\"https:\/\/noti-america.com\/site\/venezuela\/wp-content\/uploads\/sites\/2\/2020\/07\/LogoNA-4x3-1.jpg\",\"width\":1236,\"height\":1080,\"caption\":\"Noti-America LLC | Venezuela\"},\"image\":{\"@id\":\"https:\/\/noti-america.com\/site\/venezuela\/#\/schema\/logo\/image\/\"}},{\"@type\":\"Person\",\"@id\":\"https:\/\/noti-america.com\/site\/venezuela\/#\/schema\/person\/a166d9d45f249dbd09521fbc2e7342d8\",\"name\":\"Yliana Duque\",\"image\":{\"@type\":\"ImageObject\",\"inLanguage\":\"es\",\"@id\":\"https:\/\/secure.gravatar.com\/avatar\/8caf2a4035762b3be44c3a0455581febe2d5273a41ac40dacc575b8aa348fe65?s=96&d=mm&r=g\",\"url\":\"https:\/\/secure.gravatar.com\/avatar\/8caf2a4035762b3be44c3a0455581febe2d5273a41ac40dacc575b8aa348fe65?s=96&d=mm&r=g\",\"contentUrl\":\"https:\/\/secure.gravatar.com\/avatar\/8caf2a4035762b3be44c3a0455581febe2d5273a41ac40dacc575b8aa348fe65?s=96&d=mm&r=g\",\"caption\":\"Yliana Duque\"},\"description\":\"Ejercer el periodismo requiere de pasi\u00f3n y conocimiento en investigaci\u00f3n de campo. Siempre en la b\u00fasqueda de la verdad para aportar claridad y poder discernir sobre el hecho noticioso. Egresada de la Universidad de los Andes. Maestria en Relaciones Internacionales (UCV). Diplomado de Educaci\u00f3n Superior (Universidad Experimental LIbertador (UPEL), y Educaci\u00f3n superior a distancia (UFT). Estudios de Locuci\u00f3n- Actuaci\u00f3n-Publicidad y Mercadeo, Redes. Subdirectora de relaciones p\u00fablicas de la Asamablea Legislativa del Estado Sucre(1995)-Periodista de TELESOL,Telecaribe (Sucre). Jefe de Prensa de la Gobernaci\u00f3n del Estado Amazonas(1997). Periodista Comandancia General del Ej\u00e9rcito, Fuerte Tiuna (1996). Lider de Proyectos en educaci\u00f3n Superior en la Universidad Ferm\u00edn Toro (UFT) (2000). Docente Universitario UFT (2002-2007)-Docente de Educaci\u00f3n Superior a Distancia -titulado. Periodista Diario El Informador. Periodista en Apoyo A\u00e9reo de la Guardia Nacional, Aeropuerto Jacinto Lara. www.Noti-america.com (Venezuela)\",\"sameAs\":[\"https:\/\/x.com\/ylianaduque\"],\"url\":\"https:\/\/noti-america.com\/site\/venezuela\/author\/yduque\/\"}]}<\/script>\n<!-- \/ Yoast SEO Premium plugin. -->","yoast_head_json":{"title":"Falla de combustible en Venezuela la escudan con el COVID-19 - Venezuela | Noti-America.com","robots":{"index":"index","follow":"follow","max-snippet":"max-snippet:-1","max-image-preview":"max-image-preview:large","max-video-preview":"max-video-preview:-1"},"canonical":"https:\/\/noti-america.com\/site\/venezuela\/2020\/03\/21\/falla-de-combustible-en-venezuela-la-escudan-con-el-covid-19\/","og_locale":"es_ES","og_type":"article","og_title":"Falla de combustible en Venezuela la escudan con el COVID-19","og_description":"El gobierno venezolano no asume responsabilidad con respecto a la interrupci\u00f3n desmesurada de gasolina en el territorio nacional, y se escudan en el Estado de Alerta generado por el Covid-19, y as\u00ed obligar a&#46;&#46;&#46;","og_url":"https:\/\/noti-america.com\/site\/venezuela\/2020\/03\/21\/falla-de-combustible-en-venezuela-la-escudan-con-el-covid-19\/","og_site_name":"Venezuela | Noti-America.com","article_published_time":"2020-03-22T10:56:18+00:00","article_modified_time":"2020-03-22T14:57:50+00:00","og_image":[{"width":1068,"height":712,"url":"https:\/\/noti-america.com\/site\/venezuela\/wp-content\/uploads\/sites\/2\/2020\/03\/escsez_gasolina-15_05_19.jpg","type":"image\/jpeg"}],"author":"Yliana Duque","twitter_card":"summary_large_image","twitter_creator":"@ylianaduque","twitter_misc":{"Escrito por":"Yliana Duque","Tiempo estimado de lectura":"2 minutos"},"schema":{"@context":"https:\/\/schema.org","@graph":[{"@type":"Article","@id":"https:\/\/noti-america.com\/site\/venezuela\/2020\/03\/21\/falla-de-combustible-en-venezuela-la-escudan-con-el-covid-19\/#article","isPartOf":{"@id":"https:\/\/noti-america.com\/site\/venezuela\/2020\/03\/21\/falla-de-combustible-en-venezuela-la-escudan-con-el-covid-19\/"},"author":{"name":"Yliana Duque","@id":"https:\/\/noti-america.com\/site\/venezuela\/#\/schema\/person\/a166d9d45f249dbd09521fbc2e7342d8"},"headline":"Falla de combustible en Venezuela la escudan con el COVID-19","datePublished":"2020-03-22T10:56:18+00:00","dateModified":"2020-03-22T14:57:50+00:00","mainEntityOfPage":{"@id":"https:\/\/noti-america.com\/site\/venezuela\/2020\/03\/21\/falla-de-combustible-en-venezuela-la-escudan-con-el-covid-19\/"},"wordCount":508,"commentCount":0,"publisher":{"@id":"https:\/\/noti-america.com\/site\/venezuela\/#organization"},"image":{"@id":"https:\/\/noti-america.com\/site\/venezuela\/2020\/03\/21\/falla-de-combustible-en-venezuela-la-escudan-con-el-covid-19\/#primaryimage"},"thumbnailUrl":"https:\/\/noti-america.com\/site\/venezuela\/wp-content\/uploads\/sites\/2\/2020\/03\/escsez_gasolina-15_05_19.jpg","articleSection":["Actualidad"],"inLanguage":"es","potentialAction":[{"@type":"CommentAction","name":"Comment","target":["https:\/\/noti-america.com\/site\/venezuela\/2020\/03\/21\/falla-de-combustible-en-venezuela-la-escudan-con-el-covid-19\/#respond"]}]},{"@type":"WebPage","@id":"https:\/\/noti-america.com\/site\/venezuela\/2020\/03\/21\/falla-de-combustible-en-venezuela-la-escudan-con-el-covid-19\/","url":"https:\/\/noti-america.com\/site\/venezuela\/2020\/03\/21\/falla-de-combustible-en-venezuela-la-escudan-con-el-covid-19\/","name":"Falla de combustible en Venezuela la escudan con el COVID-19 - Venezuela | Noti-America.com","isPartOf":{"@id":"https:\/\/noti-america.com\/site\/venezuela\/#website"},"primaryImageOfPage":{"@id":"https:\/\/noti-america.com\/site\/venezuela\/2020\/03\/21\/falla-de-combustible-en-venezuela-la-escudan-con-el-covid-19\/#primaryimage"},"image":{"@id":"https:\/\/noti-america.com\/site\/venezuela\/2020\/03\/21\/falla-de-combustible-en-venezuela-la-escudan-con-el-covid-19\/#primaryimage"},"thumbnailUrl":"https:\/\/noti-america.com\/site\/venezuela\/wp-content\/uploads\/sites\/2\/2020\/03\/escsez_gasolina-15_05_19.jpg","datePublished":"2020-03-22T10:56:18+00:00","dateModified":"2020-03-22T14:57:50+00:00","breadcrumb":{"@id":"https:\/\/noti-america.com\/site\/venezuela\/2020\/03\/21\/falla-de-combustible-en-venezuela-la-escudan-con-el-covid-19\/#breadcrumb"},"inLanguage":"es","potentialAction":[{"@type":"ReadAction","target":["https:\/\/noti-america.com\/site\/venezuela\/2020\/03\/21\/falla-de-combustible-en-venezuela-la-escudan-con-el-covid-19\/"]}]},{"@type":"ImageObject","inLanguage":"es","@id":"https:\/\/noti-america.com\/site\/venezuela\/2020\/03\/21\/falla-de-combustible-en-venezuela-la-escudan-con-el-covid-19\/#primaryimage","url":"https:\/\/noti-america.com\/site\/venezuela\/wp-content\/uploads\/sites\/2\/2020\/03\/escsez_gasolina-15_05_19.jpg","contentUrl":"https:\/\/noti-america.com\/site\/venezuela\/wp-content\/uploads\/sites\/2\/2020\/03\/escsez_gasolina-15_05_19.jpg","width":1068,"height":712},{"@type":"BreadcrumbList","@id":"https:\/\/noti-america.com\/site\/venezuela\/2020\/03\/21\/falla-de-combustible-en-venezuela-la-escudan-con-el-covid-19\/#breadcrumb","itemListElement":[{"@type":"ListItem","position":1,"name":"Portada","item":"https:\/\/noti-america.com\/site\/venezuela\/"},{"@type":"ListItem","position":2,"name":"Falla de combustible en Venezuela la escudan con el COVID-19"}]},{"@type":"WebSite","@id":"https:\/\/noti-america.com\/site\/venezuela\/#website","url":"https:\/\/noti-america.com\/site\/venezuela\/","name":"Venezuela | Noti-America.com","description":"","publisher":{"@id":"https:\/\/noti-america.com\/site\/venezuela\/#organization"},"potentialAction":[{"@type":"SearchAction","target":{"@type":"EntryPoint","urlTemplate":"https:\/\/noti-america.com\/site\/venezuela\/?s={search_term_string}"},"query-input":{"@type":"PropertyValueSpecification","valueRequired":true,"valueName":"search_term_string"}}],"inLanguage":"es"},{"@type":"Organization","@id":"https:\/\/noti-america.com\/site\/venezuela\/#organization","name":"Noti-America LLC | Venezuela","url":"https:\/\/noti-america.com\/site\/venezuela\/","logo":{"@type":"ImageObject","inLanguage":"es","@id":"https:\/\/noti-america.com\/site\/venezuela\/#\/schema\/logo\/image\/","url":"https:\/\/noti-america.com\/site\/venezuela\/wp-content\/uploads\/sites\/2\/2020\/07\/LogoNA-4x3-1.jpg","contentUrl":"https:\/\/noti-america.com\/site\/venezuela\/wp-content\/uploads\/sites\/2\/2020\/07\/LogoNA-4x3-1.jpg","width":1236,"height":1080,"caption":"Noti-America LLC | Venezuela"},"image":{"@id":"https:\/\/noti-america.com\/site\/venezuela\/#\/schema\/logo\/image\/"}},{"@type":"Person","@id":"https:\/\/noti-america.com\/site\/venezuela\/#\/schema\/person\/a166d9d45f249dbd09521fbc2e7342d8","name":"Yliana Duque","image":{"@type":"ImageObject","inLanguage":"es","@id":"https:\/\/secure.gravatar.com\/avatar\/8caf2a4035762b3be44c3a0455581febe2d5273a41ac40dacc575b8aa348fe65?s=96&d=mm&r=g","url":"https:\/\/secure.gravatar.com\/avatar\/8caf2a4035762b3be44c3a0455581febe2d5273a41ac40dacc575b8aa348fe65?s=96&d=mm&r=g","contentUrl":"https:\/\/secure.gravatar.com\/avatar\/8caf2a4035762b3be44c3a0455581febe2d5273a41ac40dacc575b8aa348fe65?s=96&d=mm&r=g","caption":"Yliana Duque"},"description":"Ejercer el periodismo requiere de pasi\u00f3n y conocimiento en investigaci\u00f3n de campo. Siempre en la b\u00fasqueda de la verdad para aportar claridad y poder discernir sobre el hecho noticioso. Egresada de la Universidad de los Andes. Maestria en Relaciones Internacionales (UCV). Diplomado de Educaci\u00f3n Superior (Universidad Experimental LIbertador (UPEL), y Educaci\u00f3n superior a distancia (UFT). Estudios de Locuci\u00f3n- Actuaci\u00f3n-Publicidad y Mercadeo, Redes. Subdirectora de relaciones p\u00fablicas de la Asamablea Legislativa del Estado Sucre(1995)-Periodista de TELESOL,Telecaribe (Sucre). Jefe de Prensa de la Gobernaci\u00f3n del Estado Amazonas(1997). Periodista Comandancia General del Ej\u00e9rcito, Fuerte Tiuna (1996). Lider de Proyectos en educaci\u00f3n Superior en la Universidad Ferm\u00edn Toro (UFT) (2000). Docente Universitario UFT (2002-2007)-Docente de Educaci\u00f3n Superior a Distancia -titulado. Periodista Diario El Informador. Periodista en Apoyo A\u00e9reo de la Guardia Nacional, Aeropuerto Jacinto Lara. www.Noti-america.com (Venezuela)","sameAs":["https:\/\/x.com\/ylianaduque"],"url":"https:\/\/noti-america.com\/site\/venezuela\/author\/yduque\/"}]}},"_links":{"self":[{"href":"https:\/\/noti-america.com\/site\/venezuela\/wp-json\/wp\/v2\/posts\/11787","targetHints":{"allow":["GET"]}}],"collection":[{"href":"https:\/\/noti-america.com\/site\/venezuela\/wp-json\/wp\/v2\/posts"}],"about":[{"href":"https:\/\/noti-america.com\/site\/venezuela\/wp-json\/wp\/v2\/types\/post"}],"author":[{"embeddable":true,"href":"https:\/\/noti-america.com\/site\/venezuela\/wp-json\/wp\/v2\/users\/11"}],"replies":[{"embeddable":true,"href":"https:\/\/noti-america.com\/site\/venezuela\/wp-json\/wp\/v2\/comments?post=11787"}],"version-history":[{"count":1,"href":"https:\/\/noti-america.com\/site\/venezuela\/wp-json\/wp\/v2\/posts\/11787\/revisions"}],"predecessor-version":[{"id":11789,"href":"https:\/\/noti-america.com\/site\/venezuela\/wp-json\/wp\/v2\/posts\/11787\/revisions\/11789"}],"wp:featuredmedia":[{"embeddable":true,"href":"https:\/\/noti-america.com\/site\/venezuela\/wp-json\/wp\/v2\/media\/11788"}],"wp:attachment":[{"href":"https:\/\/noti-america.com\/site\/venezuela\/wp-json\/wp\/v2\/media?parent=11787"}],"wp:term":[{"taxonomy":"category","embeddable":true,"href":"https:\/\/noti-america.com\/site\/venezuela\/wp-json\/wp\/v2\/categories?post=11787"},{"taxonomy":"post_tag","embeddable":true,"href":"https:\/\/noti-america.com\/site\/venezuela\/wp-json\/wp\/v2\/tags?post=11787"}],"curies":[{"name":"wp","href":"https:\/\/api.w.org\/{rel}","templated":true}]}}