{"id":1173,"date":"2017-11-24T02:39:59","date_gmt":"2017-11-24T02:39:59","guid":{"rendered":"http:\/\/noti-america.com\/site\/venezuela\/?p=1173"},"modified":"2017-11-24T19:54:45","modified_gmt":"2017-11-24T19:54:45","slug":"por-las-redes-nos-enteramos-los-venezolanos","status":"publish","type":"post","link":"https:\/\/noti-america.com\/site\/venezuela\/2017\/11\/24\/por-las-redes-nos-enteramos-los-venezolanos\/","title":{"rendered":"Por las redes \u00abnos enteramos los venezolanos\u00bb"},"content":{"rendered":"<p>REDACCION NOTI-AMERICA (VENEZUELA) La multiplicidad de hechos que pesan en el territorio venezolano es desconocida por muchos, a no ser que puedan tener acceso a m\u00f3viles e internet.<\/p>\n<p>P\u00e1ginas como Twitter e Instagram facilitan el conocer los sucesos m\u00e1s destacados en el territorio nacional, ya que los medios oficiales dedican espacios es ha atacar la gesti\u00f3n estadounidense y las actividades de la oposici\u00f3n, desvirtuando las capacidades pol\u00edticas de dicho sector.<\/p>\n<p>Los medios impresos del Estado, a los que si les entregan papel, son o regalados, o a un muy bajo precio de venta al p\u00fablico, lo que demuestra el gran subsidio aportado por el gobierno s\u00f3lo para fines publicitarios de las actividades que realizan, mismas que no cuentan con la presencia de una poblaci\u00f3n significativa que valide sus informaciones, ya que en la mayor\u00eda prevalece el hecho declarado por funcionarios, sin posibilidad de cr\u00edticas u opiniones.<\/p>\n<p>Es decir, los peri\u00f3dicos de \u00abRelaciones P\u00fablicas\u00bb del gobierno dedican su espacio impreso a vender la imagen de rectitud y confianza tal cual campa\u00f1a pol\u00edtica, no hay entrevistas que ofrezcan discusi\u00f3n o generen opini\u00f3n p\u00fablica, y es que el g\u00e9nero period\u00edstico de la cr\u00edtica y la opini\u00f3n, pas\u00f3 a ser un factor contra la revoluci\u00f3n y en detrimento del gobierno.<\/p>\n<p>Por ende, ver la realidad a trav\u00e9s de las redes, es un sarcasmo, para los seguidores oficialistas, carente de toda realidad revolucionaria, tal como lo expresan los adeptos al regimen.<\/p>\n<p>En este particular, a continuaci\u00f3n les dejo, una peque\u00f1a parte de las informaciones que en las redes permiten a la colectividad expresar su opini\u00f3n y saber qu\u00e9 pasa, por ende lo mucho o m\u00e1s resaltante de ayer que hoy pueden verlo y leerlo ahora, y as\u00ed es que realmente est\u00e1 Venezuela, no como la pintan en cadenas estatales de Radio y televisi\u00f3n, o en el famoso \u00abnoticiero de la patria\u00bb, de quien sabe quien, porque no es la patria de \u00abnosotros\u00bb.<\/p>\n<p>https:\/\/twitter.com\/InfoVzlaNet\/status\/933807068301185025<\/p>\n<blockquote class=\"twitter-tweet\" data-width=\"500\" data-dnt=\"true\">\n<p lang=\"es\" dir=\"ltr\">En medio de la peor hambruna, el presidente de Venezuela celebra su cumplea\u00f1os 55 con artistas internacionales <a href=\"https:\/\/t.co\/Vv6NLjvvLr\">https:\/\/t.co\/Vv6NLjvvLr<\/a> <a href=\"https:\/\/t.co\/XlAoRmbD5L\">pic.twitter.com\/XlAoRmbD5L<\/a><\/p>\n<p>&mdash; NTN24 Venezuela (@NTN24ve) <a href=\"https:\/\/twitter.com\/NTN24ve\/status\/933814543301701632?ref_src=twsrc%5Etfw\">November 23, 2017<\/a><\/p><\/blockquote>\n<p><script async src=\"https:\/\/platform.twitter.com\/widgets.js\" charset=\"utf-8\"><\/script><\/p>\n<p>https:\/\/twitter.com\/trafficLARA\/status\/933802518550798336<\/p>\n<p>https:\/\/twitter.com\/cristiancrespoj\/status\/933823066865590273<\/p>\n<blockquote class=\"twitter-tweet\" data-width=\"500\" data-dnt=\"true\">\n<p lang=\"es\" dir=\"ltr\">La ley de &quot;precios acordados&quot; es basura. Es otra de las medidas estupidas y enga\u00f1osas del regimen. Mientras persista el modelo inflacionario y corrupto el costo de vida seguira elevandose<\/p>\n<p>&mdash; Andr\u00e9s Vel\u00e1squez (@AndresVelasqz) <a href=\"https:\/\/twitter.com\/AndresVelasqz\/status\/933873204346740736?ref_src=twsrc%5Etfw\">November 24, 2017<\/a><\/p><\/blockquote>\n<p><script async src=\"https:\/\/platform.twitter.com\/widgets.js\" charset=\"utf-8\"><\/script><\/p>\n<p>&nbsp;<\/p>\n<blockquote class=\"twitter-tweet\" data-width=\"500\" data-dnt=\"true\">\n<p lang=\"es\" dir=\"ltr\">Nuevo transporte socialista en maracay 800bolos el pasaje <a href=\"https:\/\/t.co\/OJta2jQUSE\">pic.twitter.com\/OJta2jQUSE<\/a><\/p>\n<p>&mdash; DolarToday\u00ae (@DolarToday) <a href=\"https:\/\/twitter.com\/DolarToday\/status\/933770024938074114?ref_src=twsrc%5Etfw\">November 23, 2017<\/a><\/p><\/blockquote>\n<p><script async src=\"https:\/\/platform.twitter.com\/widgets.js\" charset=\"utf-8\"><\/script><\/p>\n<p>https:\/\/twitter.com\/TITORODRIGUEZZ\/status\/933842532538208257<\/p>\n<p>https:\/\/twitter.com\/IndignadosVezla\/status\/933760480191111168<\/p>\n","protected":false},"excerpt":{"rendered":"<p>REDACCION NOTI-AMERICA (VENEZUELA) La multiplicidad de hechos que pesan en el territorio venezolano es desconocida por muchos, a no ser que puedan tener acceso a m\u00f3viles e internet. P\u00e1ginas como Twitter e Instagram facilitan&#46;&#46;&#46;<\/p>\n","protected":false},"author":11,"featured_media":1174,"comment_status":"open","ping_status":"open","sticky":false,"template":"","format":"standard","meta":{"_acf_changed":false,"om_disable_all_campaigns":false,"rop_custom_images_group":[],"rop_custom_messages_group":[],"rop_publish_now":"initial","rop_publish_now_accounts":{"twitter_242054905_242054905":""},"rop_publish_now_history":[],"rop_publish_now_status":"pending","_uf_show_specific_survey":0,"_uf_disable_surveys":false,"footnotes":""},"categories":[5,4,12],"tags":[],"class_list":["post-1173","post","type-post","status-publish","format-standard","has-post-thumbnail","hentry","category-economia","category-internacionales","category-opinion"],"acf":[],"aioseo_notices":[],"yoast_head":"<!-- This site is optimized with the Yoast SEO Premium plugin v24.9 (Yoast SEO v27.2) - https:\/\/yoast.com\/product\/yoast-seo-premium-wordpress\/ -->\n<title>Por las redes &quot;nos enteramos los venezolanos&quot; - Venezuela | Noti-America.com<\/title>\n<meta name=\"robots\" content=\"index, follow, max-snippet:-1, max-image-preview:large, max-video-preview:-1\" \/>\n<link rel=\"canonical\" href=\"https:\/\/noti-america.com\/site\/venezuela\/2017\/11\/24\/por-las-redes-nos-enteramos-los-venezolanos\/\" \/>\n<meta property=\"og:locale\" content=\"es_ES\" \/>\n<meta property=\"og:type\" content=\"article\" \/>\n<meta property=\"og:title\" content=\"Por las redes &quot;nos enteramos los venezolanos&quot;\" \/>\n<meta property=\"og:description\" content=\"REDACCION NOTI-AMERICA (VENEZUELA) La multiplicidad de hechos que pesan en el territorio venezolano es desconocida por muchos, a no ser que puedan tener acceso a m\u00f3viles e internet. P\u00e1ginas como Twitter e Instagram facilitan&#046;&#046;&#046;\" \/>\n<meta property=\"og:url\" content=\"https:\/\/noti-america.com\/site\/venezuela\/2017\/11\/24\/por-las-redes-nos-enteramos-los-venezolanos\/\" \/>\n<meta property=\"og:site_name\" content=\"Venezuela | Noti-America.com\" \/>\n<meta property=\"article:published_time\" content=\"2017-11-24T02:39:59+00:00\" \/>\n<meta property=\"article:modified_time\" content=\"2017-11-24T19:54:45+00:00\" \/>\n<meta property=\"og:image\" content=\"https:\/\/noti-america.com\/site\/venezuela\/wp-content\/uploads\/sites\/2\/2017\/11\/detenido.jpg\" \/>\n\t<meta property=\"og:image:width\" content=\"600\" \/>\n\t<meta property=\"og:image:height\" content=\"314\" \/>\n\t<meta property=\"og:image:type\" content=\"image\/jpeg\" \/>\n<meta name=\"author\" content=\"Yliana Duque\" \/>\n<meta name=\"twitter:card\" content=\"summary_large_image\" \/>\n<meta name=\"twitter:creator\" content=\"@ylianaduque\" \/>\n<meta name=\"twitter:label1\" content=\"Escrito por\" \/>\n\t<meta name=\"twitter:data1\" content=\"Yliana Duque\" \/>\n\t<meta name=\"twitter:label2\" content=\"Tiempo estimado de lectura\" \/>\n\t<meta name=\"twitter:data2\" content=\"2 minutos\" \/>\n<script type=\"application\/ld+json\" class=\"yoast-schema-graph\">{\"@context\":\"https:\/\/schema.org\",\"@graph\":[{\"@type\":\"Article\",\"@id\":\"https:\/\/noti-america.com\/site\/venezuela\/2017\/11\/24\/por-las-redes-nos-enteramos-los-venezolanos\/#article\",\"isPartOf\":{\"@id\":\"https:\/\/noti-america.com\/site\/venezuela\/2017\/11\/24\/por-las-redes-nos-enteramos-los-venezolanos\/\"},\"author\":{\"name\":\"Yliana Duque\",\"@id\":\"https:\/\/noti-america.com\/site\/venezuela\/#\/schema\/person\/a166d9d45f249dbd09521fbc2e7342d8\"},\"headline\":\"Por las redes \u00abnos enteramos los venezolanos\u00bb\",\"datePublished\":\"2017-11-24T02:39:59+00:00\",\"dateModified\":\"2017-11-24T19:54:45+00:00\",\"mainEntityOfPage\":{\"@id\":\"https:\/\/noti-america.com\/site\/venezuela\/2017\/11\/24\/por-las-redes-nos-enteramos-los-venezolanos\/\"},\"wordCount\":395,\"commentCount\":0,\"publisher\":{\"@id\":\"https:\/\/noti-america.com\/site\/venezuela\/#organization\"},\"image\":{\"@id\":\"https:\/\/noti-america.com\/site\/venezuela\/2017\/11\/24\/por-las-redes-nos-enteramos-los-venezolanos\/#primaryimage\"},\"thumbnailUrl\":\"https:\/\/noti-america.com\/site\/venezuela\/wp-content\/uploads\/sites\/2\/2017\/11\/detenido.jpg\",\"articleSection\":[\"Econom\u00eda\",\"Internacionales\",\"Opini\u00f3n\"],\"inLanguage\":\"es\",\"potentialAction\":[{\"@type\":\"CommentAction\",\"name\":\"Comment\",\"target\":[\"https:\/\/noti-america.com\/site\/venezuela\/2017\/11\/24\/por-las-redes-nos-enteramos-los-venezolanos\/#respond\"]}]},{\"@type\":\"WebPage\",\"@id\":\"https:\/\/noti-america.com\/site\/venezuela\/2017\/11\/24\/por-las-redes-nos-enteramos-los-venezolanos\/\",\"url\":\"https:\/\/noti-america.com\/site\/venezuela\/2017\/11\/24\/por-las-redes-nos-enteramos-los-venezolanos\/\",\"name\":\"Por las redes \\\"nos enteramos los venezolanos\\\" - Venezuela | Noti-America.com\",\"isPartOf\":{\"@id\":\"https:\/\/noti-america.com\/site\/venezuela\/#website\"},\"primaryImageOfPage\":{\"@id\":\"https:\/\/noti-america.com\/site\/venezuela\/2017\/11\/24\/por-las-redes-nos-enteramos-los-venezolanos\/#primaryimage\"},\"image\":{\"@id\":\"https:\/\/noti-america.com\/site\/venezuela\/2017\/11\/24\/por-las-redes-nos-enteramos-los-venezolanos\/#primaryimage\"},\"thumbnailUrl\":\"https:\/\/noti-america.com\/site\/venezuela\/wp-content\/uploads\/sites\/2\/2017\/11\/detenido.jpg\",\"datePublished\":\"2017-11-24T02:39:59+00:00\",\"dateModified\":\"2017-11-24T19:54:45+00:00\",\"breadcrumb\":{\"@id\":\"https:\/\/noti-america.com\/site\/venezuela\/2017\/11\/24\/por-las-redes-nos-enteramos-los-venezolanos\/#breadcrumb\"},\"inLanguage\":\"es\",\"potentialAction\":[{\"@type\":\"ReadAction\",\"target\":[\"https:\/\/noti-america.com\/site\/venezuela\/2017\/11\/24\/por-las-redes-nos-enteramos-los-venezolanos\/\"]}]},{\"@type\":\"ImageObject\",\"inLanguage\":\"es\",\"@id\":\"https:\/\/noti-america.com\/site\/venezuela\/2017\/11\/24\/por-las-redes-nos-enteramos-los-venezolanos\/#primaryimage\",\"url\":\"https:\/\/noti-america.com\/site\/venezuela\/wp-content\/uploads\/sites\/2\/2017\/11\/detenido.jpg\",\"contentUrl\":\"https:\/\/noti-america.com\/site\/venezuela\/wp-content\/uploads\/sites\/2\/2017\/11\/detenido.jpg\",\"width\":600,\"height\":314},{\"@type\":\"BreadcrumbList\",\"@id\":\"https:\/\/noti-america.com\/site\/venezuela\/2017\/11\/24\/por-las-redes-nos-enteramos-los-venezolanos\/#breadcrumb\",\"itemListElement\":[{\"@type\":\"ListItem\",\"position\":1,\"name\":\"Portada\",\"item\":\"https:\/\/noti-america.com\/site\/venezuela\/\"},{\"@type\":\"ListItem\",\"position\":2,\"name\":\"Por las redes \u00abnos enteramos los venezolanos\u00bb\"}]},{\"@type\":\"WebSite\",\"@id\":\"https:\/\/noti-america.com\/site\/venezuela\/#website\",\"url\":\"https:\/\/noti-america.com\/site\/venezuela\/\",\"name\":\"Venezuela | Noti-America.com\",\"description\":\"\",\"publisher\":{\"@id\":\"https:\/\/noti-america.com\/site\/venezuela\/#organization\"},\"potentialAction\":[{\"@type\":\"SearchAction\",\"target\":{\"@type\":\"EntryPoint\",\"urlTemplate\":\"https:\/\/noti-america.com\/site\/venezuela\/?s={search_term_string}\"},\"query-input\":{\"@type\":\"PropertyValueSpecification\",\"valueRequired\":true,\"valueName\":\"search_term_string\"}}],\"inLanguage\":\"es\"},{\"@type\":\"Organization\",\"@id\":\"https:\/\/noti-america.com\/site\/venezuela\/#organization\",\"name\":\"Noti-America LLC | Venezuela\",\"url\":\"https:\/\/noti-america.com\/site\/venezuela\/\",\"logo\":{\"@type\":\"ImageObject\",\"inLanguage\":\"es\",\"@id\":\"https:\/\/noti-america.com\/site\/venezuela\/#\/schema\/logo\/image\/\",\"url\":\"https:\/\/noti-america.com\/site\/venezuela\/wp-content\/uploads\/sites\/2\/2020\/07\/LogoNA-4x3-1.jpg\",\"contentUrl\":\"https:\/\/noti-america.com\/site\/venezuela\/wp-content\/uploads\/sites\/2\/2020\/07\/LogoNA-4x3-1.jpg\",\"width\":1236,\"height\":1080,\"caption\":\"Noti-America LLC | Venezuela\"},\"image\":{\"@id\":\"https:\/\/noti-america.com\/site\/venezuela\/#\/schema\/logo\/image\/\"}},{\"@type\":\"Person\",\"@id\":\"https:\/\/noti-america.com\/site\/venezuela\/#\/schema\/person\/a166d9d45f249dbd09521fbc2e7342d8\",\"name\":\"Yliana Duque\",\"image\":{\"@type\":\"ImageObject\",\"inLanguage\":\"es\",\"@id\":\"https:\/\/secure.gravatar.com\/avatar\/8caf2a4035762b3be44c3a0455581febe2d5273a41ac40dacc575b8aa348fe65?s=96&d=mm&r=g\",\"url\":\"https:\/\/secure.gravatar.com\/avatar\/8caf2a4035762b3be44c3a0455581febe2d5273a41ac40dacc575b8aa348fe65?s=96&d=mm&r=g\",\"contentUrl\":\"https:\/\/secure.gravatar.com\/avatar\/8caf2a4035762b3be44c3a0455581febe2d5273a41ac40dacc575b8aa348fe65?s=96&d=mm&r=g\",\"caption\":\"Yliana Duque\"},\"description\":\"Ejercer el periodismo requiere de pasi\u00f3n y conocimiento en investigaci\u00f3n de campo. Siempre en la b\u00fasqueda de la verdad para aportar claridad y poder discernir sobre el hecho noticioso. Egresada de la Universidad de los Andes. Maestria en Relaciones Internacionales (UCV). Diplomado de Educaci\u00f3n Superior (Universidad Experimental LIbertador (UPEL), y Educaci\u00f3n superior a distancia (UFT). Estudios de Locuci\u00f3n- Actuaci\u00f3n-Publicidad y Mercadeo, Redes. Subdirectora de relaciones p\u00fablicas de la Asamablea Legislativa del Estado Sucre(1995)-Periodista de TELESOL,Telecaribe (Sucre). Jefe de Prensa de la Gobernaci\u00f3n del Estado Amazonas(1997). Periodista Comandancia General del Ej\u00e9rcito, Fuerte Tiuna (1996). Lider de Proyectos en educaci\u00f3n Superior en la Universidad Ferm\u00edn Toro (UFT) (2000). Docente Universitario UFT (2002-2007)-Docente de Educaci\u00f3n Superior a Distancia -titulado. Periodista Diario El Informador. Periodista en Apoyo A\u00e9reo de la Guardia Nacional, Aeropuerto Jacinto Lara. www.Noti-america.com (Venezuela)\",\"sameAs\":[\"https:\/\/x.com\/ylianaduque\"],\"url\":\"https:\/\/noti-america.com\/site\/venezuela\/author\/yduque\/\"}]}<\/script>\n<!-- \/ Yoast SEO Premium plugin. -->","yoast_head_json":{"title":"Por las redes \"nos enteramos los venezolanos\" - Venezuela | Noti-America.com","robots":{"index":"index","follow":"follow","max-snippet":"max-snippet:-1","max-image-preview":"max-image-preview:large","max-video-preview":"max-video-preview:-1"},"canonical":"https:\/\/noti-america.com\/site\/venezuela\/2017\/11\/24\/por-las-redes-nos-enteramos-los-venezolanos\/","og_locale":"es_ES","og_type":"article","og_title":"Por las redes \"nos enteramos los venezolanos\"","og_description":"REDACCION NOTI-AMERICA (VENEZUELA) La multiplicidad de hechos que pesan en el territorio venezolano es desconocida por muchos, a no ser que puedan tener acceso a m\u00f3viles e internet. P\u00e1ginas como Twitter e Instagram facilitan&#46;&#46;&#46;","og_url":"https:\/\/noti-america.com\/site\/venezuela\/2017\/11\/24\/por-las-redes-nos-enteramos-los-venezolanos\/","og_site_name":"Venezuela | Noti-America.com","article_published_time":"2017-11-24T02:39:59+00:00","article_modified_time":"2017-11-24T19:54:45+00:00","og_image":[{"width":600,"height":314,"url":"https:\/\/noti-america.com\/site\/venezuela\/wp-content\/uploads\/sites\/2\/2017\/11\/detenido.jpg","type":"image\/jpeg"}],"author":"Yliana Duque","twitter_card":"summary_large_image","twitter_creator":"@ylianaduque","twitter_misc":{"Escrito por":"Yliana Duque","Tiempo estimado de lectura":"2 minutos"},"schema":{"@context":"https:\/\/schema.org","@graph":[{"@type":"Article","@id":"https:\/\/noti-america.com\/site\/venezuela\/2017\/11\/24\/por-las-redes-nos-enteramos-los-venezolanos\/#article","isPartOf":{"@id":"https:\/\/noti-america.com\/site\/venezuela\/2017\/11\/24\/por-las-redes-nos-enteramos-los-venezolanos\/"},"author":{"name":"Yliana Duque","@id":"https:\/\/noti-america.com\/site\/venezuela\/#\/schema\/person\/a166d9d45f249dbd09521fbc2e7342d8"},"headline":"Por las redes \u00abnos enteramos los venezolanos\u00bb","datePublished":"2017-11-24T02:39:59+00:00","dateModified":"2017-11-24T19:54:45+00:00","mainEntityOfPage":{"@id":"https:\/\/noti-america.com\/site\/venezuela\/2017\/11\/24\/por-las-redes-nos-enteramos-los-venezolanos\/"},"wordCount":395,"commentCount":0,"publisher":{"@id":"https:\/\/noti-america.com\/site\/venezuela\/#organization"},"image":{"@id":"https:\/\/noti-america.com\/site\/venezuela\/2017\/11\/24\/por-las-redes-nos-enteramos-los-venezolanos\/#primaryimage"},"thumbnailUrl":"https:\/\/noti-america.com\/site\/venezuela\/wp-content\/uploads\/sites\/2\/2017\/11\/detenido.jpg","articleSection":["Econom\u00eda","Internacionales","Opini\u00f3n"],"inLanguage":"es","potentialAction":[{"@type":"CommentAction","name":"Comment","target":["https:\/\/noti-america.com\/site\/venezuela\/2017\/11\/24\/por-las-redes-nos-enteramos-los-venezolanos\/#respond"]}]},{"@type":"WebPage","@id":"https:\/\/noti-america.com\/site\/venezuela\/2017\/11\/24\/por-las-redes-nos-enteramos-los-venezolanos\/","url":"https:\/\/noti-america.com\/site\/venezuela\/2017\/11\/24\/por-las-redes-nos-enteramos-los-venezolanos\/","name":"Por las redes \"nos enteramos los venezolanos\" - Venezuela | Noti-America.com","isPartOf":{"@id":"https:\/\/noti-america.com\/site\/venezuela\/#website"},"primaryImageOfPage":{"@id":"https:\/\/noti-america.com\/site\/venezuela\/2017\/11\/24\/por-las-redes-nos-enteramos-los-venezolanos\/#primaryimage"},"image":{"@id":"https:\/\/noti-america.com\/site\/venezuela\/2017\/11\/24\/por-las-redes-nos-enteramos-los-venezolanos\/#primaryimage"},"thumbnailUrl":"https:\/\/noti-america.com\/site\/venezuela\/wp-content\/uploads\/sites\/2\/2017\/11\/detenido.jpg","datePublished":"2017-11-24T02:39:59+00:00","dateModified":"2017-11-24T19:54:45+00:00","breadcrumb":{"@id":"https:\/\/noti-america.com\/site\/venezuela\/2017\/11\/24\/por-las-redes-nos-enteramos-los-venezolanos\/#breadcrumb"},"inLanguage":"es","potentialAction":[{"@type":"ReadAction","target":["https:\/\/noti-america.com\/site\/venezuela\/2017\/11\/24\/por-las-redes-nos-enteramos-los-venezolanos\/"]}]},{"@type":"ImageObject","inLanguage":"es","@id":"https:\/\/noti-america.com\/site\/venezuela\/2017\/11\/24\/por-las-redes-nos-enteramos-los-venezolanos\/#primaryimage","url":"https:\/\/noti-america.com\/site\/venezuela\/wp-content\/uploads\/sites\/2\/2017\/11\/detenido.jpg","contentUrl":"https:\/\/noti-america.com\/site\/venezuela\/wp-content\/uploads\/sites\/2\/2017\/11\/detenido.jpg","width":600,"height":314},{"@type":"BreadcrumbList","@id":"https:\/\/noti-america.com\/site\/venezuela\/2017\/11\/24\/por-las-redes-nos-enteramos-los-venezolanos\/#breadcrumb","itemListElement":[{"@type":"ListItem","position":1,"name":"Portada","item":"https:\/\/noti-america.com\/site\/venezuela\/"},{"@type":"ListItem","position":2,"name":"Por las redes \u00abnos enteramos los venezolanos\u00bb"}]},{"@type":"WebSite","@id":"https:\/\/noti-america.com\/site\/venezuela\/#website","url":"https:\/\/noti-america.com\/site\/venezuela\/","name":"Venezuela | Noti-America.com","description":"","publisher":{"@id":"https:\/\/noti-america.com\/site\/venezuela\/#organization"},"potentialAction":[{"@type":"SearchAction","target":{"@type":"EntryPoint","urlTemplate":"https:\/\/noti-america.com\/site\/venezuela\/?s={search_term_string}"},"query-input":{"@type":"PropertyValueSpecification","valueRequired":true,"valueName":"search_term_string"}}],"inLanguage":"es"},{"@type":"Organization","@id":"https:\/\/noti-america.com\/site\/venezuela\/#organization","name":"Noti-America LLC | Venezuela","url":"https:\/\/noti-america.com\/site\/venezuela\/","logo":{"@type":"ImageObject","inLanguage":"es","@id":"https:\/\/noti-america.com\/site\/venezuela\/#\/schema\/logo\/image\/","url":"https:\/\/noti-america.com\/site\/venezuela\/wp-content\/uploads\/sites\/2\/2020\/07\/LogoNA-4x3-1.jpg","contentUrl":"https:\/\/noti-america.com\/site\/venezuela\/wp-content\/uploads\/sites\/2\/2020\/07\/LogoNA-4x3-1.jpg","width":1236,"height":1080,"caption":"Noti-America LLC | Venezuela"},"image":{"@id":"https:\/\/noti-america.com\/site\/venezuela\/#\/schema\/logo\/image\/"}},{"@type":"Person","@id":"https:\/\/noti-america.com\/site\/venezuela\/#\/schema\/person\/a166d9d45f249dbd09521fbc2e7342d8","name":"Yliana Duque","image":{"@type":"ImageObject","inLanguage":"es","@id":"https:\/\/secure.gravatar.com\/avatar\/8caf2a4035762b3be44c3a0455581febe2d5273a41ac40dacc575b8aa348fe65?s=96&d=mm&r=g","url":"https:\/\/secure.gravatar.com\/avatar\/8caf2a4035762b3be44c3a0455581febe2d5273a41ac40dacc575b8aa348fe65?s=96&d=mm&r=g","contentUrl":"https:\/\/secure.gravatar.com\/avatar\/8caf2a4035762b3be44c3a0455581febe2d5273a41ac40dacc575b8aa348fe65?s=96&d=mm&r=g","caption":"Yliana Duque"},"description":"Ejercer el periodismo requiere de pasi\u00f3n y conocimiento en investigaci\u00f3n de campo. Siempre en la b\u00fasqueda de la verdad para aportar claridad y poder discernir sobre el hecho noticioso. Egresada de la Universidad de los Andes. Maestria en Relaciones Internacionales (UCV). Diplomado de Educaci\u00f3n Superior (Universidad Experimental LIbertador (UPEL), y Educaci\u00f3n superior a distancia (UFT). Estudios de Locuci\u00f3n- Actuaci\u00f3n-Publicidad y Mercadeo, Redes. Subdirectora de relaciones p\u00fablicas de la Asamablea Legislativa del Estado Sucre(1995)-Periodista de TELESOL,Telecaribe (Sucre). Jefe de Prensa de la Gobernaci\u00f3n del Estado Amazonas(1997). Periodista Comandancia General del Ej\u00e9rcito, Fuerte Tiuna (1996). Lider de Proyectos en educaci\u00f3n Superior en la Universidad Ferm\u00edn Toro (UFT) (2000). Docente Universitario UFT (2002-2007)-Docente de Educaci\u00f3n Superior a Distancia -titulado. Periodista Diario El Informador. Periodista en Apoyo A\u00e9reo de la Guardia Nacional, Aeropuerto Jacinto Lara. www.Noti-america.com (Venezuela)","sameAs":["https:\/\/x.com\/ylianaduque"],"url":"https:\/\/noti-america.com\/site\/venezuela\/author\/yduque\/"}]}},"_links":{"self":[{"href":"https:\/\/noti-america.com\/site\/venezuela\/wp-json\/wp\/v2\/posts\/1173","targetHints":{"allow":["GET"]}}],"collection":[{"href":"https:\/\/noti-america.com\/site\/venezuela\/wp-json\/wp\/v2\/posts"}],"about":[{"href":"https:\/\/noti-america.com\/site\/venezuela\/wp-json\/wp\/v2\/types\/post"}],"author":[{"embeddable":true,"href":"https:\/\/noti-america.com\/site\/venezuela\/wp-json\/wp\/v2\/users\/11"}],"replies":[{"embeddable":true,"href":"https:\/\/noti-america.com\/site\/venezuela\/wp-json\/wp\/v2\/comments?post=1173"}],"version-history":[{"count":2,"href":"https:\/\/noti-america.com\/site\/venezuela\/wp-json\/wp\/v2\/posts\/1173\/revisions"}],"predecessor-version":[{"id":1179,"href":"https:\/\/noti-america.com\/site\/venezuela\/wp-json\/wp\/v2\/posts\/1173\/revisions\/1179"}],"wp:featuredmedia":[{"embeddable":true,"href":"https:\/\/noti-america.com\/site\/venezuela\/wp-json\/wp\/v2\/media\/1174"}],"wp:attachment":[{"href":"https:\/\/noti-america.com\/site\/venezuela\/wp-json\/wp\/v2\/media?parent=1173"}],"wp:term":[{"taxonomy":"category","embeddable":true,"href":"https:\/\/noti-america.com\/site\/venezuela\/wp-json\/wp\/v2\/categories?post=1173"},{"taxonomy":"post_tag","embeddable":true,"href":"https:\/\/noti-america.com\/site\/venezuela\/wp-json\/wp\/v2\/tags?post=1173"}],"curies":[{"name":"wp","href":"https:\/\/api.w.org\/{rel}","templated":true}]}}