{"id":11564,"date":"2020-02-05T10:18:34","date_gmt":"2020-02-05T10:18:34","guid":{"rendered":"http:\/\/noti-america.com\/site\/venezuela\/2020\/02\/05\/el-duelo-migratorio-en-ninos-requiere-de-un-proceso-de-contencion-animica\/"},"modified":"2020-02-05T14:18:47","modified_gmt":"2020-02-05T14:18:47","slug":"el-duelo-migratorio-en-ninos-requiere-de-un-proceso-de-contencion-animica","status":"publish","type":"post","link":"https:\/\/noti-america.com\/site\/venezuela\/2020\/02\/05\/el-duelo-migratorio-en-ninos-requiere-de-un-proceso-de-contencion-animica\/","title":{"rendered":"El duelo migratorio en ni\u00f1os requiere de un proceso de contenci\u00f3n an\u00edmica"},"content":{"rendered":"<p style=\"text-align: justify;\"><strong>Nota de Prensa<\/strong><\/p>\n<p style=\"text-align: justify;\"><strong><em>Es considerado altamente riesgoso por afectar la salud mental del ni\u00f1o, quien se ve en una situaci\u00f3n de abandono y deprimido, porque teme no volver a ver\u00a0 a sus padres<\/em><\/strong><\/p>\n<p style=\"text-align: justify;\">Entendido como un estado emocional que puede invadir a la persona, la cual debe separarse de sus seres m\u00e1s queridos, el llamado duelo migratorio se presenta en los ni\u00f1os con s\u00edntomas que demandan la atenci\u00f3n de sus padres, antes de irse, con las herramientas b\u00e1sicas que permitan brindarles la contenci\u00f3n an\u00edmica que requieren. As\u00ed lo se\u00f1ala el psic\u00f3logo-cl\u00ednico Mar\u00eda Mendoza Hitcher, en relaci\u00f3n con los efectos sobre el menor ante situaciones de separaci\u00f3n de su entorno familiar \u00edntimo.<\/p>\n<p style=\"text-align: justify;\">Con una amplia experiencia en el abordaje de problem\u00e1ticas en el \u00e1rea infanto-juvenil, tales como trastornos emocionales y conductuales, la experta forma parte del grupo de profesionales de la salud al servicio\u00a0 la Fundaci\u00f3n Centro \u00cdtalo-Venezolano (Fundaciv).<\/p>\n<p style=\"text-align: justify;\">Explica, en cuanto a la separaci\u00f3n a la que generalmente se pueden ver obligados los miembros de una familia, que en el caso de la migraci\u00f3n se produce\u00a0 una situaci\u00f3n\u00a0 de duelo emocional, donde define el duelo migratorio como una p\u00e9rdida psicol\u00f3gica y social que, aunque es diferente a una p\u00e9rdida f\u00edsica,\u00a0 presenta los mismos s\u00edntoma y etapas ya que igualmente es un duelo emocional.\u201d, agreg\u00f3.<\/p>\n<p style=\"text-align: justify;\"><strong>La intensidad\u00a0\u00a0\u00a0 <\/strong><\/p>\n<p style=\"text-align: justify;\">\u00a0Mendoza Hitcher se\u00f1ala dos situaciones a las que se someten en la actualidad los ni\u00f1os ante una contingencia migratoria como la que hoy se observa en Venezuela: en primer lugar, la del ni\u00f1o que se marcha junto con sus padres del pa\u00eds, dejando atr\u00e1s a sus amigos y compa\u00f1eros de estudios, la cual considera que impone un estado emocional \u201cmenos complejo\u201d del que pueden experimentar cuando son los padres los que se alejan, dej\u00e1ndolos bajo la protecci\u00f3n de familiares m\u00e1s cercanos despu\u00e9s de sus propios padres.<\/p>\n<p style=\"text-align: justify;\">Esta realidad est\u00e1 siendo abordada por los\u00a0 Centros Comunitarios de Aprendizaje (CECODAP), con el prop\u00f3sito de orientar a los padres y cuidadores en la atenci\u00f3n a los ni\u00f1os sometidos a este tipo de situaciones, ya que \u201cel duelo migratorio es considerado altamente riesgoso, por afectar la salud mental, ya que el ni\u00f1o se ve en una situaci\u00f3n de abandono, deprimido, porque teme no volver a ver\u00a0 a sus padres, y esto va dejando marcas importantes en su autoestima\u201d.<\/p>\n<p style=\"text-align: justify;\"><strong>La tarea de padres y cuidadores\u00a0\u00a0\u00a0\u00a0\u00a0\u00a0\u00a0\u00a0\u00a0\u00a0\u00a0\u00a0\u00a0 <\/strong><\/p>\n<p style=\"text-align: justify;\">\u00a0Para quienes est\u00e1n llamados\u00a0 a asumir la responsabilidad de atender debidamente a los ni\u00f1os que est\u00e1n bajo su cuidado, la profesional estima que deben manejar las herramientas b\u00e1sicas para \u201cbrindarles la contenci\u00f3n emocional antes de irse, buscar la ayuda de un psic\u00f3logo o de alg\u00fan consejero que pueda apoyarlos para procesar lo que es la experiencia en estos casos; \u00a0as\u00ed como utilizar todos los medios tecnol\u00f3gicos\u00a0 que pueda tener a su disposici\u00f3n para mantener vivo ese v\u00ednculo a\u00fan despu\u00e9s de su partida\u201d.<\/p>\n<p style=\"text-align: justify;\">Agrega que, los procesos y promesas hechas a los hijos deben ser respetados, \u201cya que cada ni\u00f1o tiene una proceso diferente, y \u00a0lo que est\u00e1 m\u00e1s en peligro ante este duelo es la confianza, dado que en \u00e9l queda la duda de si volver\u00e1 a ver a sus padres\u201d, y que,\u00a0 si no pueden cumplirles, lo mejor es que no lo hagan \u201cporque llenan al ni\u00f1o de unas expectativas que al no verse cumplidas generan una gran frustraci\u00f3n, y desencadenan una cantidad de sintomatolog\u00edas importantes en \u00e9l\u201d.<\/p>\n<p style=\"text-align: justify;\">Por otra parte, es muy importante proteger al cuidador desde todo punto de vista, cuando se le asigna tal tarea, brind\u00e1ndole todas las herramientas; y en tal sentido insiste en recomendar los cursos de CECODAP, al igual que protegerlos en materia legal, y que estos cuenten con los instrumentos establecidos en las leyes del pa\u00eds para ejercer de forma reglamentaria la representaci\u00f3n de ese menor o menores encomendados.<\/p>\n<p style=\"text-align: justify;\">El apoyo de los padres ser\u00e1 fundamental en el tema del duelo migratorio. Para esto, no existe una receta m\u00e1gica ni r\u00edgida, pero si se pueden destacar 4 recomendaciones fundamentales: ser sinceros, comprensivos sobre los desaf\u00edos emocionales, aumentar la comunicaci\u00f3n con sus hijos y tratar de contener sus miedos.<\/p>\n<p style=\"text-align: justify;\"><strong>\u00a0Observar los s\u00edntomas\u00a0 <\/strong><\/p>\n<p style=\"text-align: justify;\">\u00a0Los padres y cuidadores deben estar muy atentos \u00a0a los cambios de humor del ni\u00f1o,\u00a0 sobre todo cuando se vuelven muy llorones, irritables, rabiosos, e impulsivos. As\u00ed como alteraciones del estado de \u00e1nimo y del sue\u00f1o que, seg\u00fan indica la experta,\u00a0 pueden venir acompa\u00f1ados de pesadillas o de insomnio, sentimientos de abatimiento, falta de inter\u00e9s y de apetito. \u201cEstos s\u00edntomas pueden estar presente mientras el ni\u00f1o reorganiza su mundo interior,\u00a0 e internaliza la perdida a su nueva vida; pero si \u00a0persisten por m\u00e1s de seis meses y aumentan su intensidad y frecuencia, ser\u00e1 preciso buscar ayuda,porque podr\u00edamos\u00a0 estar all\u00ed ante un duelo complicado, que requiere de una debida orientaci\u00f3n\u201d.<\/p>\n<p style=\"text-align: justify;\"><strong>Acerca de Fundaciv\u00a0 <\/strong><\/p>\n<p style=\"text-align: justify;\">La Fundaci\u00f3n Centro Italiano Venezolano (FUNDACIV), es una instituci\u00f3n sin fines de lucro que desarrolla actividades de salud p\u00fablica y educativa. Tiene como pilar fundamental prestar servicio a la comunidad de socios del club y al personal que labora en dichas instalaciones. Tambi\u00e9n desarrolla actividades y jornadas para atender las necesidades de salud de su entorno, como parte de su responsabilidad social.<\/p>\n","protected":false},"excerpt":{"rendered":"<p>Nota de Prensa Es considerado altamente riesgoso por afectar la salud mental del ni\u00f1o, quien se ve en una situaci\u00f3n de abandono y deprimido, porque teme no volver a ver\u00a0 a sus padres Entendido&#46;&#46;&#46;<\/p>\n","protected":false},"author":1,"featured_media":11565,"comment_status":"open","ping_status":"open","sticky":false,"template":"","format":"standard","meta":{"_acf_changed":false,"om_disable_all_campaigns":false,"rop_custom_images_group":[],"rop_custom_messages_group":[],"rop_publish_now":"initial","rop_publish_now_accounts":[],"rop_publish_now_history":[],"rop_publish_now_status":"pending","_uf_show_specific_survey":0,"_uf_disable_surveys":false,"footnotes":""},"categories":[132,13],"tags":[],"class_list":["post-11564","post","type-post","status-publish","format-standard","has-post-thumbnail","hentry","category-actualidad","category-vida-y-salud"],"acf":[],"aioseo_notices":[],"yoast_head":"<!-- This site is optimized with the Yoast SEO Premium plugin v24.9 (Yoast SEO v27.2) - https:\/\/yoast.com\/product\/yoast-seo-premium-wordpress\/ -->\n<title>El duelo migratorio en ni\u00f1os requiere de un proceso de contenci\u00f3n an\u00edmica - Venezuela | Noti-America.com<\/title>\n<meta name=\"robots\" content=\"index, follow, max-snippet:-1, max-image-preview:large, max-video-preview:-1\" \/>\n<link rel=\"canonical\" href=\"https:\/\/noti-america.com\/site\/venezuela\/2020\/02\/05\/el-duelo-migratorio-en-ninos-requiere-de-un-proceso-de-contencion-animica\/\" \/>\n<meta property=\"og:locale\" content=\"es_ES\" \/>\n<meta property=\"og:type\" content=\"article\" \/>\n<meta property=\"og:title\" content=\"El duelo migratorio en ni\u00f1os requiere de un proceso de contenci\u00f3n an\u00edmica\" \/>\n<meta property=\"og:description\" content=\"Nota de Prensa Es considerado altamente riesgoso por afectar la salud mental del ni\u00f1o, quien se ve en una situaci\u00f3n de abandono y deprimido, porque teme no volver a ver\u00a0 a sus padres Entendido&#046;&#046;&#046;\" \/>\n<meta property=\"og:url\" content=\"https:\/\/noti-america.com\/site\/venezuela\/2020\/02\/05\/el-duelo-migratorio-en-ninos-requiere-de-un-proceso-de-contencion-animica\/\" \/>\n<meta property=\"og:site_name\" content=\"Venezuela | Noti-America.com\" \/>\n<meta property=\"article:published_time\" content=\"2020-02-05T10:18:34+00:00\" \/>\n<meta property=\"article:modified_time\" content=\"2020-02-05T14:18:47+00:00\" \/>\n<meta property=\"og:image\" content=\"https:\/\/noti-america.com\/site\/venezuela\/wp-content\/uploads\/sites\/2\/2020\/02\/Duelo-migratorio.jpg\" \/>\n\t<meta property=\"og:image:width\" content=\"960\" \/>\n\t<meta property=\"og:image:height\" content=\"637\" \/>\n\t<meta property=\"og:image:type\" content=\"image\/jpeg\" \/>\n<meta name=\"author\" content=\"Rosmer Herrera\" \/>\n<meta name=\"twitter:card\" content=\"summary_large_image\" \/>\n<meta name=\"twitter:label1\" content=\"Escrito por\" \/>\n\t<meta name=\"twitter:data1\" content=\"Rosmer Herrera\" \/>\n\t<meta name=\"twitter:label2\" content=\"Tiempo estimado de lectura\" \/>\n\t<meta name=\"twitter:data2\" content=\"5 minutos\" \/>\n<script type=\"application\/ld+json\" class=\"yoast-schema-graph\">{\"@context\":\"https:\/\/schema.org\",\"@graph\":[{\"@type\":\"Article\",\"@id\":\"https:\/\/noti-america.com\/site\/venezuela\/2020\/02\/05\/el-duelo-migratorio-en-ninos-requiere-de-un-proceso-de-contencion-animica\/#article\",\"isPartOf\":{\"@id\":\"https:\/\/noti-america.com\/site\/venezuela\/2020\/02\/05\/el-duelo-migratorio-en-ninos-requiere-de-un-proceso-de-contencion-animica\/\"},\"author\":{\"name\":\"Rosmer Herrera\",\"@id\":\"https:\/\/noti-america.com\/site\/venezuela\/#\/schema\/person\/fd58dbfb92a257e9dc5761bf69a855ff\"},\"headline\":\"El duelo migratorio en ni\u00f1os requiere de un proceso de contenci\u00f3n an\u00edmica\",\"datePublished\":\"2020-02-05T10:18:34+00:00\",\"dateModified\":\"2020-02-05T14:18:47+00:00\",\"mainEntityOfPage\":{\"@id\":\"https:\/\/noti-america.com\/site\/venezuela\/2020\/02\/05\/el-duelo-migratorio-en-ninos-requiere-de-un-proceso-de-contencion-animica\/\"},\"wordCount\":943,\"commentCount\":0,\"publisher\":{\"@id\":\"https:\/\/noti-america.com\/site\/venezuela\/#organization\"},\"image\":{\"@id\":\"https:\/\/noti-america.com\/site\/venezuela\/2020\/02\/05\/el-duelo-migratorio-en-ninos-requiere-de-un-proceso-de-contencion-animica\/#primaryimage\"},\"thumbnailUrl\":\"https:\/\/noti-america.com\/site\/venezuela\/wp-content\/uploads\/sites\/2\/2020\/02\/Duelo-migratorio.jpg\",\"articleSection\":[\"Actualidad\",\"Vida y Salud\"],\"inLanguage\":\"es\",\"potentialAction\":[{\"@type\":\"CommentAction\",\"name\":\"Comment\",\"target\":[\"https:\/\/noti-america.com\/site\/venezuela\/2020\/02\/05\/el-duelo-migratorio-en-ninos-requiere-de-un-proceso-de-contencion-animica\/#respond\"]}]},{\"@type\":\"WebPage\",\"@id\":\"https:\/\/noti-america.com\/site\/venezuela\/2020\/02\/05\/el-duelo-migratorio-en-ninos-requiere-de-un-proceso-de-contencion-animica\/\",\"url\":\"https:\/\/noti-america.com\/site\/venezuela\/2020\/02\/05\/el-duelo-migratorio-en-ninos-requiere-de-un-proceso-de-contencion-animica\/\",\"name\":\"El duelo migratorio en ni\u00f1os requiere de un proceso de contenci\u00f3n an\u00edmica - Venezuela | Noti-America.com\",\"isPartOf\":{\"@id\":\"https:\/\/noti-america.com\/site\/venezuela\/#website\"},\"primaryImageOfPage\":{\"@id\":\"https:\/\/noti-america.com\/site\/venezuela\/2020\/02\/05\/el-duelo-migratorio-en-ninos-requiere-de-un-proceso-de-contencion-animica\/#primaryimage\"},\"image\":{\"@id\":\"https:\/\/noti-america.com\/site\/venezuela\/2020\/02\/05\/el-duelo-migratorio-en-ninos-requiere-de-un-proceso-de-contencion-animica\/#primaryimage\"},\"thumbnailUrl\":\"https:\/\/noti-america.com\/site\/venezuela\/wp-content\/uploads\/sites\/2\/2020\/02\/Duelo-migratorio.jpg\",\"datePublished\":\"2020-02-05T10:18:34+00:00\",\"dateModified\":\"2020-02-05T14:18:47+00:00\",\"breadcrumb\":{\"@id\":\"https:\/\/noti-america.com\/site\/venezuela\/2020\/02\/05\/el-duelo-migratorio-en-ninos-requiere-de-un-proceso-de-contencion-animica\/#breadcrumb\"},\"inLanguage\":\"es\",\"potentialAction\":[{\"@type\":\"ReadAction\",\"target\":[\"https:\/\/noti-america.com\/site\/venezuela\/2020\/02\/05\/el-duelo-migratorio-en-ninos-requiere-de-un-proceso-de-contencion-animica\/\"]}]},{\"@type\":\"ImageObject\",\"inLanguage\":\"es\",\"@id\":\"https:\/\/noti-america.com\/site\/venezuela\/2020\/02\/05\/el-duelo-migratorio-en-ninos-requiere-de-un-proceso-de-contencion-animica\/#primaryimage\",\"url\":\"https:\/\/noti-america.com\/site\/venezuela\/wp-content\/uploads\/sites\/2\/2020\/02\/Duelo-migratorio.jpg\",\"contentUrl\":\"https:\/\/noti-america.com\/site\/venezuela\/wp-content\/uploads\/sites\/2\/2020\/02\/Duelo-migratorio.jpg\",\"width\":960,\"height\":637},{\"@type\":\"BreadcrumbList\",\"@id\":\"https:\/\/noti-america.com\/site\/venezuela\/2020\/02\/05\/el-duelo-migratorio-en-ninos-requiere-de-un-proceso-de-contencion-animica\/#breadcrumb\",\"itemListElement\":[{\"@type\":\"ListItem\",\"position\":1,\"name\":\"Portada\",\"item\":\"https:\/\/noti-america.com\/site\/venezuela\/\"},{\"@type\":\"ListItem\",\"position\":2,\"name\":\"El duelo migratorio en ni\u00f1os requiere de un proceso de contenci\u00f3n an\u00edmica\"}]},{\"@type\":\"WebSite\",\"@id\":\"https:\/\/noti-america.com\/site\/venezuela\/#website\",\"url\":\"https:\/\/noti-america.com\/site\/venezuela\/\",\"name\":\"Venezuela | Noti-America.com\",\"description\":\"\",\"publisher\":{\"@id\":\"https:\/\/noti-america.com\/site\/venezuela\/#organization\"},\"potentialAction\":[{\"@type\":\"SearchAction\",\"target\":{\"@type\":\"EntryPoint\",\"urlTemplate\":\"https:\/\/noti-america.com\/site\/venezuela\/?s={search_term_string}\"},\"query-input\":{\"@type\":\"PropertyValueSpecification\",\"valueRequired\":true,\"valueName\":\"search_term_string\"}}],\"inLanguage\":\"es\"},{\"@type\":\"Organization\",\"@id\":\"https:\/\/noti-america.com\/site\/venezuela\/#organization\",\"name\":\"Noti-America LLC | Venezuela\",\"url\":\"https:\/\/noti-america.com\/site\/venezuela\/\",\"logo\":{\"@type\":\"ImageObject\",\"inLanguage\":\"es\",\"@id\":\"https:\/\/noti-america.com\/site\/venezuela\/#\/schema\/logo\/image\/\",\"url\":\"https:\/\/noti-america.com\/site\/venezuela\/wp-content\/uploads\/sites\/2\/2020\/07\/LogoNA-4x3-1.jpg\",\"contentUrl\":\"https:\/\/noti-america.com\/site\/venezuela\/wp-content\/uploads\/sites\/2\/2020\/07\/LogoNA-4x3-1.jpg\",\"width\":1236,\"height\":1080,\"caption\":\"Noti-America LLC | Venezuela\"},\"image\":{\"@id\":\"https:\/\/noti-america.com\/site\/venezuela\/#\/schema\/logo\/image\/\"}},{\"@type\":\"Person\",\"@id\":\"https:\/\/noti-america.com\/site\/venezuela\/#\/schema\/person\/fd58dbfb92a257e9dc5761bf69a855ff\",\"name\":\"Rosmer Herrera\",\"image\":{\"@type\":\"ImageObject\",\"inLanguage\":\"es\",\"@id\":\"https:\/\/secure.gravatar.com\/avatar\/153e75c261394dbf20ff1a1e70ea2be9494f2b40b7fc4e7704084db13220ae08?s=96&d=mm&r=g\",\"url\":\"https:\/\/secure.gravatar.com\/avatar\/153e75c261394dbf20ff1a1e70ea2be9494f2b40b7fc4e7704084db13220ae08?s=96&d=mm&r=g\",\"contentUrl\":\"https:\/\/secure.gravatar.com\/avatar\/153e75c261394dbf20ff1a1e70ea2be9494f2b40b7fc4e7704084db13220ae08?s=96&d=mm&r=g\",\"caption\":\"Rosmer Herrera\"},\"url\":\"https:\/\/noti-america.com\/site\/venezuela\/author\/rosmer33\/\"}]}<\/script>\n<!-- \/ Yoast SEO Premium plugin. -->","yoast_head_json":{"title":"El duelo migratorio en ni\u00f1os requiere de un proceso de contenci\u00f3n an\u00edmica - Venezuela | Noti-America.com","robots":{"index":"index","follow":"follow","max-snippet":"max-snippet:-1","max-image-preview":"max-image-preview:large","max-video-preview":"max-video-preview:-1"},"canonical":"https:\/\/noti-america.com\/site\/venezuela\/2020\/02\/05\/el-duelo-migratorio-en-ninos-requiere-de-un-proceso-de-contencion-animica\/","og_locale":"es_ES","og_type":"article","og_title":"El duelo migratorio en ni\u00f1os requiere de un proceso de contenci\u00f3n an\u00edmica","og_description":"Nota de Prensa Es considerado altamente riesgoso por afectar la salud mental del ni\u00f1o, quien se ve en una situaci\u00f3n de abandono y deprimido, porque teme no volver a ver\u00a0 a sus padres Entendido&#46;&#46;&#46;","og_url":"https:\/\/noti-america.com\/site\/venezuela\/2020\/02\/05\/el-duelo-migratorio-en-ninos-requiere-de-un-proceso-de-contencion-animica\/","og_site_name":"Venezuela | Noti-America.com","article_published_time":"2020-02-05T10:18:34+00:00","article_modified_time":"2020-02-05T14:18:47+00:00","og_image":[{"width":960,"height":637,"url":"https:\/\/noti-america.com\/site\/venezuela\/wp-content\/uploads\/sites\/2\/2020\/02\/Duelo-migratorio.jpg","type":"image\/jpeg"}],"author":"Rosmer Herrera","twitter_card":"summary_large_image","twitter_misc":{"Escrito por":"Rosmer Herrera","Tiempo estimado de lectura":"5 minutos"},"schema":{"@context":"https:\/\/schema.org","@graph":[{"@type":"Article","@id":"https:\/\/noti-america.com\/site\/venezuela\/2020\/02\/05\/el-duelo-migratorio-en-ninos-requiere-de-un-proceso-de-contencion-animica\/#article","isPartOf":{"@id":"https:\/\/noti-america.com\/site\/venezuela\/2020\/02\/05\/el-duelo-migratorio-en-ninos-requiere-de-un-proceso-de-contencion-animica\/"},"author":{"name":"Rosmer Herrera","@id":"https:\/\/noti-america.com\/site\/venezuela\/#\/schema\/person\/fd58dbfb92a257e9dc5761bf69a855ff"},"headline":"El duelo migratorio en ni\u00f1os requiere de un proceso de contenci\u00f3n an\u00edmica","datePublished":"2020-02-05T10:18:34+00:00","dateModified":"2020-02-05T14:18:47+00:00","mainEntityOfPage":{"@id":"https:\/\/noti-america.com\/site\/venezuela\/2020\/02\/05\/el-duelo-migratorio-en-ninos-requiere-de-un-proceso-de-contencion-animica\/"},"wordCount":943,"commentCount":0,"publisher":{"@id":"https:\/\/noti-america.com\/site\/venezuela\/#organization"},"image":{"@id":"https:\/\/noti-america.com\/site\/venezuela\/2020\/02\/05\/el-duelo-migratorio-en-ninos-requiere-de-un-proceso-de-contencion-animica\/#primaryimage"},"thumbnailUrl":"https:\/\/noti-america.com\/site\/venezuela\/wp-content\/uploads\/sites\/2\/2020\/02\/Duelo-migratorio.jpg","articleSection":["Actualidad","Vida y Salud"],"inLanguage":"es","potentialAction":[{"@type":"CommentAction","name":"Comment","target":["https:\/\/noti-america.com\/site\/venezuela\/2020\/02\/05\/el-duelo-migratorio-en-ninos-requiere-de-un-proceso-de-contencion-animica\/#respond"]}]},{"@type":"WebPage","@id":"https:\/\/noti-america.com\/site\/venezuela\/2020\/02\/05\/el-duelo-migratorio-en-ninos-requiere-de-un-proceso-de-contencion-animica\/","url":"https:\/\/noti-america.com\/site\/venezuela\/2020\/02\/05\/el-duelo-migratorio-en-ninos-requiere-de-un-proceso-de-contencion-animica\/","name":"El duelo migratorio en ni\u00f1os requiere de un proceso de contenci\u00f3n an\u00edmica - Venezuela | Noti-America.com","isPartOf":{"@id":"https:\/\/noti-america.com\/site\/venezuela\/#website"},"primaryImageOfPage":{"@id":"https:\/\/noti-america.com\/site\/venezuela\/2020\/02\/05\/el-duelo-migratorio-en-ninos-requiere-de-un-proceso-de-contencion-animica\/#primaryimage"},"image":{"@id":"https:\/\/noti-america.com\/site\/venezuela\/2020\/02\/05\/el-duelo-migratorio-en-ninos-requiere-de-un-proceso-de-contencion-animica\/#primaryimage"},"thumbnailUrl":"https:\/\/noti-america.com\/site\/venezuela\/wp-content\/uploads\/sites\/2\/2020\/02\/Duelo-migratorio.jpg","datePublished":"2020-02-05T10:18:34+00:00","dateModified":"2020-02-05T14:18:47+00:00","breadcrumb":{"@id":"https:\/\/noti-america.com\/site\/venezuela\/2020\/02\/05\/el-duelo-migratorio-en-ninos-requiere-de-un-proceso-de-contencion-animica\/#breadcrumb"},"inLanguage":"es","potentialAction":[{"@type":"ReadAction","target":["https:\/\/noti-america.com\/site\/venezuela\/2020\/02\/05\/el-duelo-migratorio-en-ninos-requiere-de-un-proceso-de-contencion-animica\/"]}]},{"@type":"ImageObject","inLanguage":"es","@id":"https:\/\/noti-america.com\/site\/venezuela\/2020\/02\/05\/el-duelo-migratorio-en-ninos-requiere-de-un-proceso-de-contencion-animica\/#primaryimage","url":"https:\/\/noti-america.com\/site\/venezuela\/wp-content\/uploads\/sites\/2\/2020\/02\/Duelo-migratorio.jpg","contentUrl":"https:\/\/noti-america.com\/site\/venezuela\/wp-content\/uploads\/sites\/2\/2020\/02\/Duelo-migratorio.jpg","width":960,"height":637},{"@type":"BreadcrumbList","@id":"https:\/\/noti-america.com\/site\/venezuela\/2020\/02\/05\/el-duelo-migratorio-en-ninos-requiere-de-un-proceso-de-contencion-animica\/#breadcrumb","itemListElement":[{"@type":"ListItem","position":1,"name":"Portada","item":"https:\/\/noti-america.com\/site\/venezuela\/"},{"@type":"ListItem","position":2,"name":"El duelo migratorio en ni\u00f1os requiere de un proceso de contenci\u00f3n an\u00edmica"}]},{"@type":"WebSite","@id":"https:\/\/noti-america.com\/site\/venezuela\/#website","url":"https:\/\/noti-america.com\/site\/venezuela\/","name":"Venezuela | Noti-America.com","description":"","publisher":{"@id":"https:\/\/noti-america.com\/site\/venezuela\/#organization"},"potentialAction":[{"@type":"SearchAction","target":{"@type":"EntryPoint","urlTemplate":"https:\/\/noti-america.com\/site\/venezuela\/?s={search_term_string}"},"query-input":{"@type":"PropertyValueSpecification","valueRequired":true,"valueName":"search_term_string"}}],"inLanguage":"es"},{"@type":"Organization","@id":"https:\/\/noti-america.com\/site\/venezuela\/#organization","name":"Noti-America LLC | Venezuela","url":"https:\/\/noti-america.com\/site\/venezuela\/","logo":{"@type":"ImageObject","inLanguage":"es","@id":"https:\/\/noti-america.com\/site\/venezuela\/#\/schema\/logo\/image\/","url":"https:\/\/noti-america.com\/site\/venezuela\/wp-content\/uploads\/sites\/2\/2020\/07\/LogoNA-4x3-1.jpg","contentUrl":"https:\/\/noti-america.com\/site\/venezuela\/wp-content\/uploads\/sites\/2\/2020\/07\/LogoNA-4x3-1.jpg","width":1236,"height":1080,"caption":"Noti-America LLC | Venezuela"},"image":{"@id":"https:\/\/noti-america.com\/site\/venezuela\/#\/schema\/logo\/image\/"}},{"@type":"Person","@id":"https:\/\/noti-america.com\/site\/venezuela\/#\/schema\/person\/fd58dbfb92a257e9dc5761bf69a855ff","name":"Rosmer Herrera","image":{"@type":"ImageObject","inLanguage":"es","@id":"https:\/\/secure.gravatar.com\/avatar\/153e75c261394dbf20ff1a1e70ea2be9494f2b40b7fc4e7704084db13220ae08?s=96&d=mm&r=g","url":"https:\/\/secure.gravatar.com\/avatar\/153e75c261394dbf20ff1a1e70ea2be9494f2b40b7fc4e7704084db13220ae08?s=96&d=mm&r=g","contentUrl":"https:\/\/secure.gravatar.com\/avatar\/153e75c261394dbf20ff1a1e70ea2be9494f2b40b7fc4e7704084db13220ae08?s=96&d=mm&r=g","caption":"Rosmer Herrera"},"url":"https:\/\/noti-america.com\/site\/venezuela\/author\/rosmer33\/"}]}},"_links":{"self":[{"href":"https:\/\/noti-america.com\/site\/venezuela\/wp-json\/wp\/v2\/posts\/11564","targetHints":{"allow":["GET"]}}],"collection":[{"href":"https:\/\/noti-america.com\/site\/venezuela\/wp-json\/wp\/v2\/posts"}],"about":[{"href":"https:\/\/noti-america.com\/site\/venezuela\/wp-json\/wp\/v2\/types\/post"}],"author":[{"embeddable":true,"href":"https:\/\/noti-america.com\/site\/venezuela\/wp-json\/wp\/v2\/users\/1"}],"replies":[{"embeddable":true,"href":"https:\/\/noti-america.com\/site\/venezuela\/wp-json\/wp\/v2\/comments?post=11564"}],"version-history":[{"count":1,"href":"https:\/\/noti-america.com\/site\/venezuela\/wp-json\/wp\/v2\/posts\/11564\/revisions"}],"predecessor-version":[{"id":11566,"href":"https:\/\/noti-america.com\/site\/venezuela\/wp-json\/wp\/v2\/posts\/11564\/revisions\/11566"}],"wp:featuredmedia":[{"embeddable":true,"href":"https:\/\/noti-america.com\/site\/venezuela\/wp-json\/wp\/v2\/media\/11565"}],"wp:attachment":[{"href":"https:\/\/noti-america.com\/site\/venezuela\/wp-json\/wp\/v2\/media?parent=11564"}],"wp:term":[{"taxonomy":"category","embeddable":true,"href":"https:\/\/noti-america.com\/site\/venezuela\/wp-json\/wp\/v2\/categories?post=11564"},{"taxonomy":"post_tag","embeddable":true,"href":"https:\/\/noti-america.com\/site\/venezuela\/wp-json\/wp\/v2\/tags?post=11564"}],"curies":[{"name":"wp","href":"https:\/\/api.w.org\/{rel}","templated":true}]}}