{"id":1130,"date":"2017-11-16T23:19:31","date_gmt":"2017-11-16T23:19:31","guid":{"rendered":"http:\/\/noti-america.com\/site\/venezuela\/?p=1130"},"modified":"2017-11-24T19:55:21","modified_gmt":"2017-11-24T19:55:21","slug":"incrementan-precios-de-productos-sin-control-en-venezuela","status":"publish","type":"post","link":"https:\/\/noti-america.com\/site\/venezuela\/2017\/11\/16\/incrementan-precios-de-productos-sin-control-en-venezuela\/","title":{"rendered":"INCREMENTAN PRECIOS DE PRODUCTOS SIN CONTROL EN VENEZUELA"},"content":{"rendered":"<blockquote>\n<ul>\n<li>Precio de la carne regulada es de Bs. 49.000,oo por kilo<\/li>\n<li>El lomito qued\u00f3 como el corte m\u00e1s caro por kilo con un precio de bs 80.000<\/li>\n<li>El presidente de la Federaci\u00f3n Nacional de Ganaderos (Fedenaga), Carlos Albornoz,\u00a0indic\u00f3 que la Sundde les envi\u00f3 un comunicado donde especificaron los nuevos precios de los productos c\u00e1rnicos.<\/li>\n<li>Precio del pollo qued\u00f3 en 24.500,oo bol\u00edvares<\/li>\n<li>Art\u00edculos de higiene como cremas dentales y papel sobrepasan los 30.000,00 bol\u00edvares<\/li>\n<li>Toallas sanitarias, empaques de 8 y 10 unidades, tienen un costo entre los 20 y 45 mil bol\u00edvares.<\/li>\n<\/ul>\n<\/blockquote>\n<p>Crecientes oleadas colectivas, por el pago de la quincena de noviembre, en busca de mercanc\u00eda a precios bajos se presentan en las todas las localidades de\u00a0 Venezuela, incrementando colas por alimentos \u00abregulados\u00bb por el gobierno, como la carne y el pollo, aunque la especulaci\u00f3n no cesa su rumbo y quienes sufren son los ciudadanos ante la carencia de efectivo y de modalidades de pago electr\u00f3nico.<\/p>\n<p><img decoding=\"async\" src=\"https:\/\/zapachic.com\/wp-content\/uploads\/2014\/02\/5-Linio-zapatos-de-tac%C3%B3n-deportivos-zapatos-online-Venezuela-descuentos-.jpg\" alt=\"Resultado de imagen para precio de zapatos en venezuela\" \/><\/p>\n<p>El precio de la mayor\u00eda de los productos aumenta a diario, aun cuando la orden gubernamental a trav\u00e9s del la Superintendencia Nacional para la Defensa de los derechos socioecon\u00f3micos (SUNDEE) establece que el\u00a0Sundde tiene previsto abordar m\u00e1s de 11 mil establecimientos cumpliendo con los lineamientos establecidos por del Presidente\u00a0<span class=\"PrettyLink-value\">Nicolas Maduro, \u00abesto es solamente en Caracas\u00bb.\u00a0<\/span><\/p>\n<p>Sin embargo una informaci\u00f3n a trav\u00e9s de la red social twitter de la cuenta del gobernador de Miranda, Henrique Capriles, mostr\u00f3 una fuerte realidad de los precios de equipos electrodom\u00e9sticos, como lavadoras, en este caso en particular, excede los 19 millones de bol\u00edvares, y est\u00e1 a la venta en los ABASTOS BICENTENARIO, lo que es muestra del reflejo de una hiperinflaci\u00f3n que a todas voces entiende el gobierno, m\u00e1s no asume su responsabilidad para una soluci\u00f3n ante la gravedad de la situaci\u00f3n econ\u00f3mica que afrontan los venezolanos.<\/p>\n<blockquote class=\"twitter-tweet\" data-width=\"500\" data-dnt=\"true\">\n<p lang=\"es\" dir=\"ltr\">\u00bfCu\u00e1ntos a\u00f1os tendr\u00eda que ahorrar un trabajador venezolano que gana salario m\u00ednimo para poder comprarse esta lavadora? Ser\u00edan m\u00e1s de 9 a\u00f1os de la totalidad de su salario m\u00ednimo! \u00bfQui\u00e9n odia a los venezolanos? Maduro y su c\u00fapula! Responsables de esta debacle econ\u00f3mica! <a href=\"https:\/\/t.co\/X61T8vaKZl\">pic.twitter.com\/X61T8vaKZl<\/a><\/p>\n<p>&mdash; Henrique Capriles R. (@hcapriles) <a href=\"https:\/\/twitter.com\/hcapriles\/status\/930842864526950401?ref_src=twsrc%5Etfw\">November 15, 2017<\/a><\/p><\/blockquote>\n<p><script async src=\"https:\/\/platform.twitter.com\/widgets.js\" charset=\"utf-8\"><\/script><\/p>\n<p>Ante la compleja situaci\u00f3n en el pa\u00eds, los anuncios gubernamentales s\u00f3lo generan incertidumbre y temor, como un efecto domin\u00f3, porque con cada decreto u orden presidencial se produce una reacci\u00f3n en cadena que afecta a los consumidores en la calle, tal es el caso de las regulaciones de los productos como la harina de ma\u00edz y trigo, la leche, huevos, el az\u00facar, el caf\u00e9, arroz, pasta, entre otros, los cuales escasearon de inmediato.<\/p>\n<blockquote><p><strong>Jurado de NY declar\u00f3 culpables a los 2 empresarios de Florida acusados de lavar millones de d\u00f3lares a funcionarios del r\u00e9gimen chavista. Luis D\u00edaz Jr y Luis Javier D\u00edaz due\u00f1os de Miami Equipment &amp;Export quedaron el custodia del Departamento de Prisiones de EEUU. Maibort Petit periodista.<\/strong><\/p><\/blockquote>\n<p>M\u00e1s recientemente le correspondi\u00f3 el turno a las carnes rojas y el pollo, los que tambi\u00e9n fueron tocados para ser regulados, creando una desaparici\u00f3n y cierre de establecimientos por sanciones e inconformidad con las decisiones del Estado, nada agradable para quienes salieron a comprar carne y no consiguieron \u00abnada de nada\u00bb.<\/p>\n<p>Los proveedores de carne aseguran que esto solo podr\u00eda llevarlos a la quiebra. \u201cAunque necesitamos la mercanc\u00eda, es un riesgo demasiado grande. No podemos pagar Bs. 45 mil por la carne en canal, y que digan que nos la vendieron en Bs. 30 mil\u201d, expres\u00f3 un carnicero.<\/p>\n<blockquote>\n<p style=\"text-align: center\"><strong>Venta de los escasos productos carnicos han ca\u00eddo un 80%.<\/strong><\/p>\n<\/blockquote>\n<p>Por si fuese poco, explic\u00f3 un proveedor de carne,\u00a0 la fiscalizaci\u00f3n por parte del Gobierno se ha intensificado, verificando inclusive todo el negocio para corroborar que no haya mercanc\u00eda guardada.\u00a0<strong>\u201cSi antes con factura en mano nos mandaron a bajar los precios, no me quiero imaginar c\u00f3mo ser\u00eda tener el documento donde dice que supuestamente compramos regulado\u201d.<\/strong>\u00a0Adem\u00e1s precis\u00f3 que no han sido remunerados los excedentes de la compra de las reses que vendieron cuando bajaron los precios, <strong>tal y como lo prometi\u00f3 la Sundde<\/strong>.<\/p>\n<div style=\"width: 710px\" class=\"wp-caption aligncenter\"><img loading=\"lazy\" decoding=\"async\" src=\"http:\/\/efectococuyo.com\/wp-content\/uploads\/2017\/11\/WhatsApp-Image-2017-11-15-at-18.03.44.jpeg\" alt=\"\" width=\"700\" height=\"524\" \/><p class=\"wp-caption-text\">A una semana de haberse regulado el precio de la carne, en Caracas, muchas carnicer\u00edas permanecen vac\u00edas<\/p><\/div>\n<p><img decoding=\"async\" src=\"https:\/\/pbs.twimg.com\/media\/DNe1RkkXcAgkhG2.jpg\" \/><\/p>\n<p>En este sentido, el <strong>presidente de la Federaci\u00f3n Nacional de Ganaderos &#8211; Fedenaga<\/strong>, Carlos Albornoz,\u00a0 indic\u00f3 que el precio de la carne es alto porque los ganaderos tienen que enfrentar problemas como los altos costos de las vacunas. Por ejemplo, la medicina para una enfermedad que afecta la producci\u00f3n, y que puede transmitirse a los humanos, cuesta m\u00e1s de 100.000 bol\u00edvares, destacando que s\u00f3lo representa una dosis por animal,a \u00e9se costo.<\/p>\n<blockquote><p><em><strong>Se requiere m\u00e1s control sobre el contrabando de extracci\u00f3n, que -afirm\u00f3- es manejado por el grupo guerrillero colombiano Ej\u00e9rcito de Liberaci\u00f3n Nacional y por bandas armadas, alert\u00f3 presidente de Fedenaga.\u00a0<\/strong><\/em><\/p><\/blockquote>\n<p>Con todo lo anteriormente descrito queda en entredicho, una fuerte duda, con respecto al conocimiento o desconocimiento por parte de las autoridades sobre la realidad de lo que es producir en Venezuela, ya que el precio de los insumos para mantener a los bovinos, vacunos, porcinos, aves, y hasta los canes, superan precios que no se equiparan con los costos de venta de los mismos, ejemplo de ello, la perrarina (alimento de perros), con un valor de 500.000,oo bol\u00edvares el bulto de 20 kilos, es decir un salrio m\u00ednimo.<\/p>\n<blockquote><p><strong>Venezuela requiere de medidas macroecon\u00f3micas, afirma presidente de Fedenaga.<\/strong><\/p><\/blockquote>\n<p>Los productores del campo se suman a la desdicha de quienes mantienen animales de corral, ya que los costos de mantenimiento y distribuci\u00f3n no le da un margen de ganancia que les permita dar continuidad con una nueva producci\u00f3n, dada las constantes subidas de precios de materia prima requerida.<\/p>\n<p>Por otra parte, est\u00e1 sumado el problema del transporte p\u00fablico y costos de mantenimientos de los veh\u00edculos en general, con el intermitente fallo de combustible, el excesivo precio del aceite para motores (en un pa\u00eds petrolero), lo que ha conllevado a paralizaciones paulatinas de carros y autobuses que no pueden circular ante el inminente deterioro, ya sea por da\u00f1os mec\u00e1nicos, cauchos, repuestos o lo m\u00e1s reiterativo, insostenibilidad del mismo.<\/p>\n<blockquote class=\"twitter-tweet\" data-width=\"500\" data-dnt=\"true\">\n<p lang=\"es\" dir=\"ltr\">A falta de informaci\u00f3n oficial por parte del BCV, la <a href=\"https:\/\/twitter.com\/hashtag\/CPFinanzas?src=hash&amp;ref_src=twsrc%5Etfw\">#CPFinanzas<\/a> present\u00f3 este martes 07\/11 el \u00cdndice de Precios al Consumidor de la Asamblea Nacional  (IPCAN) \u2b07 <a href=\"https:\/\/t.co\/qeSvLaXSsj\">pic.twitter.com\/qeSvLaXSsj<\/a><\/p>\n<p>&mdash; Asamblea Nacional (@AsambleaVE) <a href=\"https:\/\/twitter.com\/AsambleaVE\/status\/930753615211515904?ref_src=twsrc%5Etfw\">November 15, 2017<\/a><\/p><\/blockquote>\n<p><script async src=\"https:\/\/platform.twitter.com\/widgets.js\" charset=\"utf-8\"><\/script><\/p>\n<p>&nbsp;<\/p>\n<p><img loading=\"lazy\" decoding=\"async\" class=\"aligncenter\" src=\"https:\/\/pbs.twimg.com\/media\/DOwJdwVWkAEMl0S.jpg\" width=\"444\" height=\"527\" \/><\/p>\n<p>https:\/\/twitter.com\/TITORODRIGUEZZ\/status\/931124814198267904<\/p>\n<p>&nbsp;<\/p>\n<blockquote class=\"twitter-tweet\" data-width=\"500\" data-dnt=\"true\">\n<p lang=\"es\" dir=\"ltr\">Es injusto comparar a Mugabe con Maduro!<\/p>\n<p>Mugabe destruy\u00f3 Zimbabue en 37 a\u00f1os<br \/>Maduro destruy\u00f3 Venezuela en 4 a\u00f1os Y CON PETR\u00d3LEO!<\/p>\n<p>&mdash; Ciudadano (@venezolanoenpie) <a href=\"https:\/\/twitter.com\/venezolanoenpie\/status\/930970185208598528?ref_src=twsrc%5Etfw\">November 16, 2017<\/a><\/p><\/blockquote>\n<p><script async src=\"https:\/\/platform.twitter.com\/widgets.js\" charset=\"utf-8\"><\/script><\/p>\n","protected":false},"excerpt":{"rendered":"<p>Precio de la carne regulada es de Bs. 49.000,oo por kilo El lomito qued\u00f3 como el corte m\u00e1s caro por kilo con un precio de bs 80.000 El presidente de la Federaci\u00f3n Nacional de&#46;&#46;&#46;<\/p>\n","protected":false},"author":11,"featured_media":1133,"comment_status":"open","ping_status":"open","sticky":false,"template":"","format":"standard","meta":{"_acf_changed":false,"om_disable_all_campaigns":false,"rop_custom_images_group":[],"rop_custom_messages_group":[],"rop_publish_now":"initial","rop_publish_now_accounts":{"twitter_242054905_242054905":""},"rop_publish_now_history":[],"rop_publish_now_status":"pending","_uf_show_specific_survey":0,"_uf_disable_surveys":false,"footnotes":""},"categories":[5,4,12,3],"tags":[],"class_list":["post-1130","post","type-post","status-publish","format-standard","has-post-thumbnail","hentry","category-economia","category-internacionales","category-opinion","category-politica"],"acf":[],"aioseo_notices":[],"yoast_head":"<!-- This site is optimized with the Yoast SEO Premium plugin v24.9 (Yoast SEO v27.2) - https:\/\/yoast.com\/product\/yoast-seo-premium-wordpress\/ -->\n<title>INCREMENTAN PRECIOS DE PRODUCTOS SIN CONTROL EN VENEZUELA - Venezuela | Noti-America.com<\/title>\n<meta name=\"robots\" content=\"index, follow, max-snippet:-1, max-image-preview:large, max-video-preview:-1\" \/>\n<link rel=\"canonical\" href=\"https:\/\/noti-america.com\/site\/venezuela\/2017\/11\/16\/incrementan-precios-de-productos-sin-control-en-venezuela\/\" \/>\n<meta property=\"og:locale\" content=\"es_ES\" \/>\n<meta property=\"og:type\" content=\"article\" \/>\n<meta property=\"og:title\" content=\"INCREMENTAN PRECIOS DE PRODUCTOS SIN CONTROL EN VENEZUELA\" \/>\n<meta property=\"og:description\" content=\"Precio de la carne regulada es de Bs. 49.000,oo por kilo El lomito qued\u00f3 como el corte m\u00e1s caro por kilo con un precio de bs 80.000 El presidente de la Federaci\u00f3n Nacional de&#046;&#046;&#046;\" \/>\n<meta property=\"og:url\" content=\"https:\/\/noti-america.com\/site\/venezuela\/2017\/11\/16\/incrementan-precios-de-productos-sin-control-en-venezuela\/\" \/>\n<meta property=\"og:site_name\" content=\"Venezuela | Noti-America.com\" \/>\n<meta property=\"article:published_time\" content=\"2017-11-16T23:19:31+00:00\" \/>\n<meta property=\"article:modified_time\" content=\"2017-11-24T19:55:21+00:00\" \/>\n<meta property=\"og:image\" content=\"https:\/\/noti-america.com\/site\/venezuela\/wp-content\/uploads\/sites\/2\/2017\/11\/productos-bachaqueo-1.jpg\" \/>\n\t<meta property=\"og:image:width\" content=\"600\" \/>\n\t<meta property=\"og:image:height\" content=\"901\" \/>\n\t<meta property=\"og:image:type\" content=\"image\/jpeg\" \/>\n<meta name=\"author\" content=\"Yliana Duque\" \/>\n<meta name=\"twitter:card\" content=\"summary_large_image\" \/>\n<meta name=\"twitter:creator\" content=\"@ylianaduque\" \/>\n<meta name=\"twitter:label1\" content=\"Escrito por\" \/>\n\t<meta name=\"twitter:data1\" content=\"Yliana Duque\" \/>\n\t<meta name=\"twitter:label2\" content=\"Tiempo estimado de lectura\" \/>\n\t<meta name=\"twitter:data2\" content=\"5 minutos\" \/>\n<script type=\"application\/ld+json\" class=\"yoast-schema-graph\">{\"@context\":\"https:\/\/schema.org\",\"@graph\":[{\"@type\":\"Article\",\"@id\":\"https:\/\/noti-america.com\/site\/venezuela\/2017\/11\/16\/incrementan-precios-de-productos-sin-control-en-venezuela\/#article\",\"isPartOf\":{\"@id\":\"https:\/\/noti-america.com\/site\/venezuela\/2017\/11\/16\/incrementan-precios-de-productos-sin-control-en-venezuela\/\"},\"author\":{\"name\":\"Yliana Duque\",\"@id\":\"https:\/\/noti-america.com\/site\/venezuela\/#\/schema\/person\/a166d9d45f249dbd09521fbc2e7342d8\"},\"headline\":\"INCREMENTAN PRECIOS DE PRODUCTOS SIN CONTROL EN VENEZUELA\",\"datePublished\":\"2017-11-16T23:19:31+00:00\",\"dateModified\":\"2017-11-24T19:55:21+00:00\",\"mainEntityOfPage\":{\"@id\":\"https:\/\/noti-america.com\/site\/venezuela\/2017\/11\/16\/incrementan-precios-de-productos-sin-control-en-venezuela\/\"},\"wordCount\":1039,\"commentCount\":0,\"publisher\":{\"@id\":\"https:\/\/noti-america.com\/site\/venezuela\/#organization\"},\"image\":{\"@id\":\"https:\/\/noti-america.com\/site\/venezuela\/2017\/11\/16\/incrementan-precios-de-productos-sin-control-en-venezuela\/#primaryimage\"},\"thumbnailUrl\":\"https:\/\/noti-america.com\/site\/venezuela\/wp-content\/uploads\/sites\/2\/2017\/11\/productos-bachaqueo-1.jpg\",\"articleSection\":[\"Econom\u00eda\",\"Internacionales\",\"Opini\u00f3n\",\"Pol\u00edtica\"],\"inLanguage\":\"es\",\"potentialAction\":[{\"@type\":\"CommentAction\",\"name\":\"Comment\",\"target\":[\"https:\/\/noti-america.com\/site\/venezuela\/2017\/11\/16\/incrementan-precios-de-productos-sin-control-en-venezuela\/#respond\"]}]},{\"@type\":\"WebPage\",\"@id\":\"https:\/\/noti-america.com\/site\/venezuela\/2017\/11\/16\/incrementan-precios-de-productos-sin-control-en-venezuela\/\",\"url\":\"https:\/\/noti-america.com\/site\/venezuela\/2017\/11\/16\/incrementan-precios-de-productos-sin-control-en-venezuela\/\",\"name\":\"INCREMENTAN PRECIOS DE PRODUCTOS SIN CONTROL EN VENEZUELA - Venezuela | Noti-America.com\",\"isPartOf\":{\"@id\":\"https:\/\/noti-america.com\/site\/venezuela\/#website\"},\"primaryImageOfPage\":{\"@id\":\"https:\/\/noti-america.com\/site\/venezuela\/2017\/11\/16\/incrementan-precios-de-productos-sin-control-en-venezuela\/#primaryimage\"},\"image\":{\"@id\":\"https:\/\/noti-america.com\/site\/venezuela\/2017\/11\/16\/incrementan-precios-de-productos-sin-control-en-venezuela\/#primaryimage\"},\"thumbnailUrl\":\"https:\/\/noti-america.com\/site\/venezuela\/wp-content\/uploads\/sites\/2\/2017\/11\/productos-bachaqueo-1.jpg\",\"datePublished\":\"2017-11-16T23:19:31+00:00\",\"dateModified\":\"2017-11-24T19:55:21+00:00\",\"breadcrumb\":{\"@id\":\"https:\/\/noti-america.com\/site\/venezuela\/2017\/11\/16\/incrementan-precios-de-productos-sin-control-en-venezuela\/#breadcrumb\"},\"inLanguage\":\"es\",\"potentialAction\":[{\"@type\":\"ReadAction\",\"target\":[\"https:\/\/noti-america.com\/site\/venezuela\/2017\/11\/16\/incrementan-precios-de-productos-sin-control-en-venezuela\/\"]}]},{\"@type\":\"ImageObject\",\"inLanguage\":\"es\",\"@id\":\"https:\/\/noti-america.com\/site\/venezuela\/2017\/11\/16\/incrementan-precios-de-productos-sin-control-en-venezuela\/#primaryimage\",\"url\":\"https:\/\/noti-america.com\/site\/venezuela\/wp-content\/uploads\/sites\/2\/2017\/11\/productos-bachaqueo-1.jpg\",\"contentUrl\":\"https:\/\/noti-america.com\/site\/venezuela\/wp-content\/uploads\/sites\/2\/2017\/11\/productos-bachaqueo-1.jpg\",\"width\":600,\"height\":901},{\"@type\":\"BreadcrumbList\",\"@id\":\"https:\/\/noti-america.com\/site\/venezuela\/2017\/11\/16\/incrementan-precios-de-productos-sin-control-en-venezuela\/#breadcrumb\",\"itemListElement\":[{\"@type\":\"ListItem\",\"position\":1,\"name\":\"Portada\",\"item\":\"https:\/\/noti-america.com\/site\/venezuela\/\"},{\"@type\":\"ListItem\",\"position\":2,\"name\":\"INCREMENTAN PRECIOS DE PRODUCTOS SIN CONTROL EN VENEZUELA\"}]},{\"@type\":\"WebSite\",\"@id\":\"https:\/\/noti-america.com\/site\/venezuela\/#website\",\"url\":\"https:\/\/noti-america.com\/site\/venezuela\/\",\"name\":\"Venezuela | Noti-America.com\",\"description\":\"\",\"publisher\":{\"@id\":\"https:\/\/noti-america.com\/site\/venezuela\/#organization\"},\"potentialAction\":[{\"@type\":\"SearchAction\",\"target\":{\"@type\":\"EntryPoint\",\"urlTemplate\":\"https:\/\/noti-america.com\/site\/venezuela\/?s={search_term_string}\"},\"query-input\":{\"@type\":\"PropertyValueSpecification\",\"valueRequired\":true,\"valueName\":\"search_term_string\"}}],\"inLanguage\":\"es\"},{\"@type\":\"Organization\",\"@id\":\"https:\/\/noti-america.com\/site\/venezuela\/#organization\",\"name\":\"Noti-America LLC | Venezuela\",\"url\":\"https:\/\/noti-america.com\/site\/venezuela\/\",\"logo\":{\"@type\":\"ImageObject\",\"inLanguage\":\"es\",\"@id\":\"https:\/\/noti-america.com\/site\/venezuela\/#\/schema\/logo\/image\/\",\"url\":\"https:\/\/noti-america.com\/site\/venezuela\/wp-content\/uploads\/sites\/2\/2020\/07\/LogoNA-4x3-1.jpg\",\"contentUrl\":\"https:\/\/noti-america.com\/site\/venezuela\/wp-content\/uploads\/sites\/2\/2020\/07\/LogoNA-4x3-1.jpg\",\"width\":1236,\"height\":1080,\"caption\":\"Noti-America LLC | Venezuela\"},\"image\":{\"@id\":\"https:\/\/noti-america.com\/site\/venezuela\/#\/schema\/logo\/image\/\"}},{\"@type\":\"Person\",\"@id\":\"https:\/\/noti-america.com\/site\/venezuela\/#\/schema\/person\/a166d9d45f249dbd09521fbc2e7342d8\",\"name\":\"Yliana Duque\",\"image\":{\"@type\":\"ImageObject\",\"inLanguage\":\"es\",\"@id\":\"https:\/\/secure.gravatar.com\/avatar\/8caf2a4035762b3be44c3a0455581febe2d5273a41ac40dacc575b8aa348fe65?s=96&d=mm&r=g\",\"url\":\"https:\/\/secure.gravatar.com\/avatar\/8caf2a4035762b3be44c3a0455581febe2d5273a41ac40dacc575b8aa348fe65?s=96&d=mm&r=g\",\"contentUrl\":\"https:\/\/secure.gravatar.com\/avatar\/8caf2a4035762b3be44c3a0455581febe2d5273a41ac40dacc575b8aa348fe65?s=96&d=mm&r=g\",\"caption\":\"Yliana Duque\"},\"description\":\"Ejercer el periodismo requiere de pasi\u00f3n y conocimiento en investigaci\u00f3n de campo. Siempre en la b\u00fasqueda de la verdad para aportar claridad y poder discernir sobre el hecho noticioso. Egresada de la Universidad de los Andes. Maestria en Relaciones Internacionales (UCV). Diplomado de Educaci\u00f3n Superior (Universidad Experimental LIbertador (UPEL), y Educaci\u00f3n superior a distancia (UFT). Estudios de Locuci\u00f3n- Actuaci\u00f3n-Publicidad y Mercadeo, Redes. Subdirectora de relaciones p\u00fablicas de la Asamablea Legislativa del Estado Sucre(1995)-Periodista de TELESOL,Telecaribe (Sucre). Jefe de Prensa de la Gobernaci\u00f3n del Estado Amazonas(1997). Periodista Comandancia General del Ej\u00e9rcito, Fuerte Tiuna (1996). Lider de Proyectos en educaci\u00f3n Superior en la Universidad Ferm\u00edn Toro (UFT) (2000). Docente Universitario UFT (2002-2007)-Docente de Educaci\u00f3n Superior a Distancia -titulado. Periodista Diario El Informador. Periodista en Apoyo A\u00e9reo de la Guardia Nacional, Aeropuerto Jacinto Lara. www.Noti-america.com (Venezuela)\",\"sameAs\":[\"https:\/\/x.com\/ylianaduque\"],\"url\":\"https:\/\/noti-america.com\/site\/venezuela\/author\/yduque\/\"}]}<\/script>\n<!-- \/ Yoast SEO Premium plugin. -->","yoast_head_json":{"title":"INCREMENTAN PRECIOS DE PRODUCTOS SIN CONTROL EN VENEZUELA - Venezuela | Noti-America.com","robots":{"index":"index","follow":"follow","max-snippet":"max-snippet:-1","max-image-preview":"max-image-preview:large","max-video-preview":"max-video-preview:-1"},"canonical":"https:\/\/noti-america.com\/site\/venezuela\/2017\/11\/16\/incrementan-precios-de-productos-sin-control-en-venezuela\/","og_locale":"es_ES","og_type":"article","og_title":"INCREMENTAN PRECIOS DE PRODUCTOS SIN CONTROL EN VENEZUELA","og_description":"Precio de la carne regulada es de Bs. 49.000,oo por kilo El lomito qued\u00f3 como el corte m\u00e1s caro por kilo con un precio de bs 80.000 El presidente de la Federaci\u00f3n Nacional de&#46;&#46;&#46;","og_url":"https:\/\/noti-america.com\/site\/venezuela\/2017\/11\/16\/incrementan-precios-de-productos-sin-control-en-venezuela\/","og_site_name":"Venezuela | Noti-America.com","article_published_time":"2017-11-16T23:19:31+00:00","article_modified_time":"2017-11-24T19:55:21+00:00","og_image":[{"width":600,"height":901,"url":"https:\/\/noti-america.com\/site\/venezuela\/wp-content\/uploads\/sites\/2\/2017\/11\/productos-bachaqueo-1.jpg","type":"image\/jpeg"}],"author":"Yliana Duque","twitter_card":"summary_large_image","twitter_creator":"@ylianaduque","twitter_misc":{"Escrito por":"Yliana Duque","Tiempo estimado de lectura":"5 minutos"},"schema":{"@context":"https:\/\/schema.org","@graph":[{"@type":"Article","@id":"https:\/\/noti-america.com\/site\/venezuela\/2017\/11\/16\/incrementan-precios-de-productos-sin-control-en-venezuela\/#article","isPartOf":{"@id":"https:\/\/noti-america.com\/site\/venezuela\/2017\/11\/16\/incrementan-precios-de-productos-sin-control-en-venezuela\/"},"author":{"name":"Yliana Duque","@id":"https:\/\/noti-america.com\/site\/venezuela\/#\/schema\/person\/a166d9d45f249dbd09521fbc2e7342d8"},"headline":"INCREMENTAN PRECIOS DE PRODUCTOS SIN CONTROL EN VENEZUELA","datePublished":"2017-11-16T23:19:31+00:00","dateModified":"2017-11-24T19:55:21+00:00","mainEntityOfPage":{"@id":"https:\/\/noti-america.com\/site\/venezuela\/2017\/11\/16\/incrementan-precios-de-productos-sin-control-en-venezuela\/"},"wordCount":1039,"commentCount":0,"publisher":{"@id":"https:\/\/noti-america.com\/site\/venezuela\/#organization"},"image":{"@id":"https:\/\/noti-america.com\/site\/venezuela\/2017\/11\/16\/incrementan-precios-de-productos-sin-control-en-venezuela\/#primaryimage"},"thumbnailUrl":"https:\/\/noti-america.com\/site\/venezuela\/wp-content\/uploads\/sites\/2\/2017\/11\/productos-bachaqueo-1.jpg","articleSection":["Econom\u00eda","Internacionales","Opini\u00f3n","Pol\u00edtica"],"inLanguage":"es","potentialAction":[{"@type":"CommentAction","name":"Comment","target":["https:\/\/noti-america.com\/site\/venezuela\/2017\/11\/16\/incrementan-precios-de-productos-sin-control-en-venezuela\/#respond"]}]},{"@type":"WebPage","@id":"https:\/\/noti-america.com\/site\/venezuela\/2017\/11\/16\/incrementan-precios-de-productos-sin-control-en-venezuela\/","url":"https:\/\/noti-america.com\/site\/venezuela\/2017\/11\/16\/incrementan-precios-de-productos-sin-control-en-venezuela\/","name":"INCREMENTAN PRECIOS DE PRODUCTOS SIN CONTROL EN VENEZUELA - Venezuela | Noti-America.com","isPartOf":{"@id":"https:\/\/noti-america.com\/site\/venezuela\/#website"},"primaryImageOfPage":{"@id":"https:\/\/noti-america.com\/site\/venezuela\/2017\/11\/16\/incrementan-precios-de-productos-sin-control-en-venezuela\/#primaryimage"},"image":{"@id":"https:\/\/noti-america.com\/site\/venezuela\/2017\/11\/16\/incrementan-precios-de-productos-sin-control-en-venezuela\/#primaryimage"},"thumbnailUrl":"https:\/\/noti-america.com\/site\/venezuela\/wp-content\/uploads\/sites\/2\/2017\/11\/productos-bachaqueo-1.jpg","datePublished":"2017-11-16T23:19:31+00:00","dateModified":"2017-11-24T19:55:21+00:00","breadcrumb":{"@id":"https:\/\/noti-america.com\/site\/venezuela\/2017\/11\/16\/incrementan-precios-de-productos-sin-control-en-venezuela\/#breadcrumb"},"inLanguage":"es","potentialAction":[{"@type":"ReadAction","target":["https:\/\/noti-america.com\/site\/venezuela\/2017\/11\/16\/incrementan-precios-de-productos-sin-control-en-venezuela\/"]}]},{"@type":"ImageObject","inLanguage":"es","@id":"https:\/\/noti-america.com\/site\/venezuela\/2017\/11\/16\/incrementan-precios-de-productos-sin-control-en-venezuela\/#primaryimage","url":"https:\/\/noti-america.com\/site\/venezuela\/wp-content\/uploads\/sites\/2\/2017\/11\/productos-bachaqueo-1.jpg","contentUrl":"https:\/\/noti-america.com\/site\/venezuela\/wp-content\/uploads\/sites\/2\/2017\/11\/productos-bachaqueo-1.jpg","width":600,"height":901},{"@type":"BreadcrumbList","@id":"https:\/\/noti-america.com\/site\/venezuela\/2017\/11\/16\/incrementan-precios-de-productos-sin-control-en-venezuela\/#breadcrumb","itemListElement":[{"@type":"ListItem","position":1,"name":"Portada","item":"https:\/\/noti-america.com\/site\/venezuela\/"},{"@type":"ListItem","position":2,"name":"INCREMENTAN PRECIOS DE PRODUCTOS SIN CONTROL EN VENEZUELA"}]},{"@type":"WebSite","@id":"https:\/\/noti-america.com\/site\/venezuela\/#website","url":"https:\/\/noti-america.com\/site\/venezuela\/","name":"Venezuela | Noti-America.com","description":"","publisher":{"@id":"https:\/\/noti-america.com\/site\/venezuela\/#organization"},"potentialAction":[{"@type":"SearchAction","target":{"@type":"EntryPoint","urlTemplate":"https:\/\/noti-america.com\/site\/venezuela\/?s={search_term_string}"},"query-input":{"@type":"PropertyValueSpecification","valueRequired":true,"valueName":"search_term_string"}}],"inLanguage":"es"},{"@type":"Organization","@id":"https:\/\/noti-america.com\/site\/venezuela\/#organization","name":"Noti-America LLC | Venezuela","url":"https:\/\/noti-america.com\/site\/venezuela\/","logo":{"@type":"ImageObject","inLanguage":"es","@id":"https:\/\/noti-america.com\/site\/venezuela\/#\/schema\/logo\/image\/","url":"https:\/\/noti-america.com\/site\/venezuela\/wp-content\/uploads\/sites\/2\/2020\/07\/LogoNA-4x3-1.jpg","contentUrl":"https:\/\/noti-america.com\/site\/venezuela\/wp-content\/uploads\/sites\/2\/2020\/07\/LogoNA-4x3-1.jpg","width":1236,"height":1080,"caption":"Noti-America LLC | Venezuela"},"image":{"@id":"https:\/\/noti-america.com\/site\/venezuela\/#\/schema\/logo\/image\/"}},{"@type":"Person","@id":"https:\/\/noti-america.com\/site\/venezuela\/#\/schema\/person\/a166d9d45f249dbd09521fbc2e7342d8","name":"Yliana Duque","image":{"@type":"ImageObject","inLanguage":"es","@id":"https:\/\/secure.gravatar.com\/avatar\/8caf2a4035762b3be44c3a0455581febe2d5273a41ac40dacc575b8aa348fe65?s=96&d=mm&r=g","url":"https:\/\/secure.gravatar.com\/avatar\/8caf2a4035762b3be44c3a0455581febe2d5273a41ac40dacc575b8aa348fe65?s=96&d=mm&r=g","contentUrl":"https:\/\/secure.gravatar.com\/avatar\/8caf2a4035762b3be44c3a0455581febe2d5273a41ac40dacc575b8aa348fe65?s=96&d=mm&r=g","caption":"Yliana Duque"},"description":"Ejercer el periodismo requiere de pasi\u00f3n y conocimiento en investigaci\u00f3n de campo. Siempre en la b\u00fasqueda de la verdad para aportar claridad y poder discernir sobre el hecho noticioso. Egresada de la Universidad de los Andes. Maestria en Relaciones Internacionales (UCV). Diplomado de Educaci\u00f3n Superior (Universidad Experimental LIbertador (UPEL), y Educaci\u00f3n superior a distancia (UFT). Estudios de Locuci\u00f3n- Actuaci\u00f3n-Publicidad y Mercadeo, Redes. Subdirectora de relaciones p\u00fablicas de la Asamablea Legislativa del Estado Sucre(1995)-Periodista de TELESOL,Telecaribe (Sucre). Jefe de Prensa de la Gobernaci\u00f3n del Estado Amazonas(1997). Periodista Comandancia General del Ej\u00e9rcito, Fuerte Tiuna (1996). Lider de Proyectos en educaci\u00f3n Superior en la Universidad Ferm\u00edn Toro (UFT) (2000). Docente Universitario UFT (2002-2007)-Docente de Educaci\u00f3n Superior a Distancia -titulado. Periodista Diario El Informador. Periodista en Apoyo A\u00e9reo de la Guardia Nacional, Aeropuerto Jacinto Lara. www.Noti-america.com (Venezuela)","sameAs":["https:\/\/x.com\/ylianaduque"],"url":"https:\/\/noti-america.com\/site\/venezuela\/author\/yduque\/"}]}},"_links":{"self":[{"href":"https:\/\/noti-america.com\/site\/venezuela\/wp-json\/wp\/v2\/posts\/1130","targetHints":{"allow":["GET"]}}],"collection":[{"href":"https:\/\/noti-america.com\/site\/venezuela\/wp-json\/wp\/v2\/posts"}],"about":[{"href":"https:\/\/noti-america.com\/site\/venezuela\/wp-json\/wp\/v2\/types\/post"}],"author":[{"embeddable":true,"href":"https:\/\/noti-america.com\/site\/venezuela\/wp-json\/wp\/v2\/users\/11"}],"replies":[{"embeddable":true,"href":"https:\/\/noti-america.com\/site\/venezuela\/wp-json\/wp\/v2\/comments?post=1130"}],"version-history":[{"count":5,"href":"https:\/\/noti-america.com\/site\/venezuela\/wp-json\/wp\/v2\/posts\/1130\/revisions"}],"predecessor-version":[{"id":1136,"href":"https:\/\/noti-america.com\/site\/venezuela\/wp-json\/wp\/v2\/posts\/1130\/revisions\/1136"}],"wp:featuredmedia":[{"embeddable":true,"href":"https:\/\/noti-america.com\/site\/venezuela\/wp-json\/wp\/v2\/media\/1133"}],"wp:attachment":[{"href":"https:\/\/noti-america.com\/site\/venezuela\/wp-json\/wp\/v2\/media?parent=1130"}],"wp:term":[{"taxonomy":"category","embeddable":true,"href":"https:\/\/noti-america.com\/site\/venezuela\/wp-json\/wp\/v2\/categories?post=1130"},{"taxonomy":"post_tag","embeddable":true,"href":"https:\/\/noti-america.com\/site\/venezuela\/wp-json\/wp\/v2\/tags?post=1130"}],"curies":[{"name":"wp","href":"https:\/\/api.w.org\/{rel}","templated":true}]}}