{"id":10717,"date":"2019-11-22T21:01:31","date_gmt":"2019-11-22T21:01:31","guid":{"rendered":"http:\/\/noti-america.com\/site\/venezuela\/2019\/11\/22\/aumentan-enfermedades-de-la-piel-en-ninos-y-ancianos\/"},"modified":"2019-11-23T01:01:41","modified_gmt":"2019-11-23T01:01:41","slug":"aumentan-enfermedades-de-la-piel-en-ninos-y-ancianos","status":"publish","type":"post","link":"https:\/\/noti-america.com\/site\/venezuela\/2019\/11\/22\/aumentan-enfermedades-de-la-piel-en-ninos-y-ancianos\/","title":{"rendered":"Aumentan enfermedades de la piel en ni\u00f1os y ancianos"},"content":{"rendered":"<p>Nota de Prensa<\/p>\n<p style=\"text-align: justify;\"><strong><em>Revela la doctora Elda Ginsante que pese a que no existen estad\u00edsticas oficiales, en la consulta diaria se detectan incrementos en casos de c\u00e1ncer<\/em><\/strong><\/p>\n<p style=\"text-align: justify;\">\u00a0Aunque no existen cifras oficiales, la consulta m\u00e9dica p\u00fablica y privada revela en la actualidad un aumento de las afecciones dermatol\u00f3gicas, especialmente en escolares y en personas de la tercera edad.<\/p>\n<p style=\"text-align: justify;\">As\u00ed lo se\u00f1ala la doctora Elda Giansante, dirigente del gremio de dermat\u00f3logos, profesora de pre y posgrado de la Universidad Central de Venezuela, coordinadora de la consulta de Enfermedades del Tejido Conectivo del Servicio de Dermatolog\u00eda del Hospital Universitario de Caracas, e integrante del equipo de profesionales de la salud de la Fundaci\u00f3n Centro Italiano-Venezolano (Fundaciv).<\/p>\n<p style=\"text-align: justify;\">De acuerdo con lo expresado por la doctora Giansante, los motivos\u00a0 m\u00e1s frecuentes de la consulta dermatol\u00f3gica en el pa\u00eds est\u00e1n relacionados con la dermatitis inflamatoria de la piel. \u201cEs decir: los eccemas de diferente \u00edndole, bien sea por procesos al\u00e9rgicos, inmunol\u00f3gicos como la dermatitis at\u00f3pica o bien, en un alto porcentaje, por automedicaci\u00f3n\u201d, explic\u00f3.<\/p>\n<p style=\"text-align: justify;\">Revela, sobre la situaci\u00f3n que se observa en el grupo etario correspondiente a los ni\u00f1os, que son frecuentes las infecciones bacterianas; virales y parasitarias, \u201cespecialmente la sarna y los piojos, que se ha vuelto end\u00e9mica en la mayor\u00eda de los centros educacionales en el \u00e1mbito nacional\u201d, y las cuales atribuye a la falta de agua y de jab\u00f3n y, en importante medida, a la falta y mala calidad de los medicamentos aconsejables para el tratamiento de esas afecciones.<\/p>\n<p style=\"text-align: justify;\">En los j\u00f3venes y adultos se detectan principalmente: acn\u00e9, c\u00e1ncer de piel, alopecias, enfermedades virales (verrugas), enfermedades de transmisi\u00f3n sexual (condilomas), infecciones por hongos y dermatitis seborreica, se\u00f1al\u00f3 la experta.<\/p>\n<p style=\"text-align: justify;\">Agreg\u00f3 que en los actuales momentos \u201cestamos viendo un repunte de enfermedades que se exacerban con el estr\u00e9s, como la dermatitis seborreica, acn\u00e9 en la mujer adulta, alopecias aerata, psoriasis, ros\u00e1cea y vit\u00edligo\u201d.<\/p>\n<p style=\"text-align: justify;\">Indic\u00f3 la doctora Giansante que, en los \u00faltimos a\u00f1os se est\u00e1 detectando un aumento de casos de c\u00e1ncer de piel,\u00a0 que llegan a la consulta ya en estadios muy avanzados, y los cuales resultan muy dif\u00edcil de atender y ofrecerle a estos pacientes un adecuado tratamiento curativo, \u201ca veces ni paliativo, especialmente en personas de edad avanzada; la mayor\u00eda de la tercera edad que viven solos porque sus hijos se han marchado fuera del pa\u00eds para un mejor vivir;\u00a0 y la depresi\u00f3n de estos abuelos los lleva a un estado de abandono y de deterioro tanto f\u00edsico como mental\u201d.<\/p>\n<p style=\"text-align: justify;\"><strong>Sin cifras oficiales\u00a0\u00a0\u00a0\u00a0\u00a0\u00a0 <\/strong><\/p>\n<p style=\"text-align: justify;\">Adem\u00e1s de las actividades propias de su ejercicio profesional, la doctora Giansante, desempe\u00f1a en la actualidad tareas gremiales como integrante de la junta directiva del Colegio Iberoamericano de Dermatolog\u00eda. Tambi\u00e9n ha tenido la responsabilidad de presidir la Sociedad Venezolana de Dermatolog\u00eda M\u00e9dica, Quir\u00fargica y Est\u00e9tica por dos per\u00edodos consecutivos; as\u00ed como\u00a0 de la Red de Sociedades Cient\u00edficas M\u00e9dicas Venezolanas. Pese a su especial condici\u00f3n profesional y gremial, se queja de que no tiene acceso a los datos estad\u00edsticos que se supone deben aportar los entes gubernamentales.<\/p>\n<p style=\"text-align: justify;\">\u201cNuestro contacto diario con la realidad, la que percibimos en la consulta, nos indica que los mencionados incrementos de casos obedecen a una serie de factores socio-politicos que no permiten al ciudadano, al paciente, acudir a una consulta bien sea p\u00fablica o privada, y si acuden no tienen como comprar los medicamentos, o no est\u00e1n a disposici\u00f3n en las farmacias ni centros de atenci\u00f3n\u201d, dijo.<\/p>\n<p style=\"text-align: justify;\"><strong>Acerca de FUNDACIV\u00a0\u00a0\u00a0\u00a0\u00a0\u00a0\u00a0\u00a0\u00a0\u00a0 <\/strong><\/p>\n<p style=\"text-align: justify;\">La Fundaci\u00f3n Centro Italiano Venezolano (FUNDACIV), es una instituci\u00f3n sin fines de lucro que desarrolla actividades de salud p\u00fablica y educativa. Tiene como pilar fundamental prestar servicio a la comunidad de socios del club y al personal que labora en dichas instalaciones. Tambi\u00e9n desarrolla actividades y jornadas para atender las necesidades de salud de su entorno, como parte de su responsabilidad social.<\/p>\n","protected":false},"excerpt":{"rendered":"<p>Nota de Prensa Revela la doctora Elda Ginsante que pese a que no existen estad\u00edsticas oficiales, en la consulta diaria se detectan incrementos en casos de c\u00e1ncer \u00a0Aunque no existen cifras oficiales, la consulta&#46;&#46;&#46;<\/p>\n","protected":false},"author":1,"featured_media":10718,"comment_status":"open","ping_status":"open","sticky":false,"template":"","format":"standard","meta":{"_acf_changed":false,"om_disable_all_campaigns":false,"rop_custom_images_group":[],"rop_custom_messages_group":[],"rop_publish_now":"initial","rop_publish_now_accounts":[],"rop_publish_now_history":[],"rop_publish_now_status":"pending","_uf_show_specific_survey":0,"_uf_disable_surveys":false,"footnotes":""},"categories":[13],"tags":[],"class_list":["post-10717","post","type-post","status-publish","format-standard","has-post-thumbnail","hentry","category-vida-y-salud"],"acf":[],"aioseo_notices":[],"yoast_head":"<!-- This site is optimized with the Yoast SEO Premium plugin v24.9 (Yoast SEO v27.2) - https:\/\/yoast.com\/product\/yoast-seo-premium-wordpress\/ -->\n<title>Aumentan enfermedades de la piel en ni\u00f1os y ancianos - Venezuela | Noti-America.com<\/title>\n<meta name=\"robots\" content=\"index, follow, max-snippet:-1, max-image-preview:large, max-video-preview:-1\" \/>\n<link rel=\"canonical\" href=\"https:\/\/noti-america.com\/site\/venezuela\/2019\/11\/22\/aumentan-enfermedades-de-la-piel-en-ninos-y-ancianos\/\" \/>\n<meta property=\"og:locale\" content=\"es_ES\" \/>\n<meta property=\"og:type\" content=\"article\" \/>\n<meta property=\"og:title\" content=\"Aumentan enfermedades de la piel en ni\u00f1os y ancianos\" \/>\n<meta property=\"og:description\" content=\"Nota de Prensa Revela la doctora Elda Ginsante que pese a que no existen estad\u00edsticas oficiales, en la consulta diaria se detectan incrementos en casos de c\u00e1ncer \u00a0Aunque no existen cifras oficiales, la consulta&#046;&#046;&#046;\" \/>\n<meta property=\"og:url\" content=\"https:\/\/noti-america.com\/site\/venezuela\/2019\/11\/22\/aumentan-enfermedades-de-la-piel-en-ninos-y-ancianos\/\" \/>\n<meta property=\"og:site_name\" content=\"Venezuela | Noti-America.com\" \/>\n<meta property=\"article:published_time\" content=\"2019-11-22T21:01:31+00:00\" \/>\n<meta property=\"article:modified_time\" content=\"2019-11-23T01:01:41+00:00\" \/>\n<meta property=\"og:image\" content=\"https:\/\/noti-america.com\/site\/venezuela\/wp-content\/uploads\/sites\/2\/2019\/11\/Dermatitis.jpg\" \/>\n\t<meta property=\"og:image:width\" content=\"510\" \/>\n\t<meta property=\"og:image:height\" content=\"340\" \/>\n\t<meta property=\"og:image:type\" content=\"image\/jpeg\" \/>\n<meta name=\"author\" content=\"Rosmer Herrera\" \/>\n<meta name=\"twitter:card\" content=\"summary_large_image\" \/>\n<meta name=\"twitter:label1\" content=\"Escrito por\" \/>\n\t<meta name=\"twitter:data1\" content=\"Rosmer Herrera\" \/>\n\t<meta name=\"twitter:label2\" content=\"Tiempo estimado de lectura\" \/>\n\t<meta name=\"twitter:data2\" content=\"3 minutos\" \/>\n<script type=\"application\/ld+json\" class=\"yoast-schema-graph\">{\"@context\":\"https:\/\/schema.org\",\"@graph\":[{\"@type\":\"Article\",\"@id\":\"https:\/\/noti-america.com\/site\/venezuela\/2019\/11\/22\/aumentan-enfermedades-de-la-piel-en-ninos-y-ancianos\/#article\",\"isPartOf\":{\"@id\":\"https:\/\/noti-america.com\/site\/venezuela\/2019\/11\/22\/aumentan-enfermedades-de-la-piel-en-ninos-y-ancianos\/\"},\"author\":{\"name\":\"Rosmer Herrera\",\"@id\":\"https:\/\/noti-america.com\/site\/venezuela\/#\/schema\/person\/fd58dbfb92a257e9dc5761bf69a855ff\"},\"headline\":\"Aumentan enfermedades de la piel en ni\u00f1os y ancianos\",\"datePublished\":\"2019-11-22T21:01:31+00:00\",\"dateModified\":\"2019-11-23T01:01:41+00:00\",\"mainEntityOfPage\":{\"@id\":\"https:\/\/noti-america.com\/site\/venezuela\/2019\/11\/22\/aumentan-enfermedades-de-la-piel-en-ninos-y-ancianos\/\"},\"wordCount\":695,\"commentCount\":0,\"publisher\":{\"@id\":\"https:\/\/noti-america.com\/site\/venezuela\/#organization\"},\"image\":{\"@id\":\"https:\/\/noti-america.com\/site\/venezuela\/2019\/11\/22\/aumentan-enfermedades-de-la-piel-en-ninos-y-ancianos\/#primaryimage\"},\"thumbnailUrl\":\"https:\/\/noti-america.com\/site\/venezuela\/wp-content\/uploads\/sites\/2\/2019\/11\/Dermatitis.jpg\",\"articleSection\":[\"Vida y Salud\"],\"inLanguage\":\"es\",\"potentialAction\":[{\"@type\":\"CommentAction\",\"name\":\"Comment\",\"target\":[\"https:\/\/noti-america.com\/site\/venezuela\/2019\/11\/22\/aumentan-enfermedades-de-la-piel-en-ninos-y-ancianos\/#respond\"]}]},{\"@type\":\"WebPage\",\"@id\":\"https:\/\/noti-america.com\/site\/venezuela\/2019\/11\/22\/aumentan-enfermedades-de-la-piel-en-ninos-y-ancianos\/\",\"url\":\"https:\/\/noti-america.com\/site\/venezuela\/2019\/11\/22\/aumentan-enfermedades-de-la-piel-en-ninos-y-ancianos\/\",\"name\":\"Aumentan enfermedades de la piel en ni\u00f1os y ancianos - Venezuela | Noti-America.com\",\"isPartOf\":{\"@id\":\"https:\/\/noti-america.com\/site\/venezuela\/#website\"},\"primaryImageOfPage\":{\"@id\":\"https:\/\/noti-america.com\/site\/venezuela\/2019\/11\/22\/aumentan-enfermedades-de-la-piel-en-ninos-y-ancianos\/#primaryimage\"},\"image\":{\"@id\":\"https:\/\/noti-america.com\/site\/venezuela\/2019\/11\/22\/aumentan-enfermedades-de-la-piel-en-ninos-y-ancianos\/#primaryimage\"},\"thumbnailUrl\":\"https:\/\/noti-america.com\/site\/venezuela\/wp-content\/uploads\/sites\/2\/2019\/11\/Dermatitis.jpg\",\"datePublished\":\"2019-11-22T21:01:31+00:00\",\"dateModified\":\"2019-11-23T01:01:41+00:00\",\"breadcrumb\":{\"@id\":\"https:\/\/noti-america.com\/site\/venezuela\/2019\/11\/22\/aumentan-enfermedades-de-la-piel-en-ninos-y-ancianos\/#breadcrumb\"},\"inLanguage\":\"es\",\"potentialAction\":[{\"@type\":\"ReadAction\",\"target\":[\"https:\/\/noti-america.com\/site\/venezuela\/2019\/11\/22\/aumentan-enfermedades-de-la-piel-en-ninos-y-ancianos\/\"]}]},{\"@type\":\"ImageObject\",\"inLanguage\":\"es\",\"@id\":\"https:\/\/noti-america.com\/site\/venezuela\/2019\/11\/22\/aumentan-enfermedades-de-la-piel-en-ninos-y-ancianos\/#primaryimage\",\"url\":\"https:\/\/noti-america.com\/site\/venezuela\/wp-content\/uploads\/sites\/2\/2019\/11\/Dermatitis.jpg\",\"contentUrl\":\"https:\/\/noti-america.com\/site\/venezuela\/wp-content\/uploads\/sites\/2\/2019\/11\/Dermatitis.jpg\",\"width\":510,\"height\":340},{\"@type\":\"BreadcrumbList\",\"@id\":\"https:\/\/noti-america.com\/site\/venezuela\/2019\/11\/22\/aumentan-enfermedades-de-la-piel-en-ninos-y-ancianos\/#breadcrumb\",\"itemListElement\":[{\"@type\":\"ListItem\",\"position\":1,\"name\":\"Portada\",\"item\":\"https:\/\/noti-america.com\/site\/venezuela\/\"},{\"@type\":\"ListItem\",\"position\":2,\"name\":\"Aumentan enfermedades de la piel en ni\u00f1os y ancianos\"}]},{\"@type\":\"WebSite\",\"@id\":\"https:\/\/noti-america.com\/site\/venezuela\/#website\",\"url\":\"https:\/\/noti-america.com\/site\/venezuela\/\",\"name\":\"Venezuela | Noti-America.com\",\"description\":\"\",\"publisher\":{\"@id\":\"https:\/\/noti-america.com\/site\/venezuela\/#organization\"},\"potentialAction\":[{\"@type\":\"SearchAction\",\"target\":{\"@type\":\"EntryPoint\",\"urlTemplate\":\"https:\/\/noti-america.com\/site\/venezuela\/?s={search_term_string}\"},\"query-input\":{\"@type\":\"PropertyValueSpecification\",\"valueRequired\":true,\"valueName\":\"search_term_string\"}}],\"inLanguage\":\"es\"},{\"@type\":\"Organization\",\"@id\":\"https:\/\/noti-america.com\/site\/venezuela\/#organization\",\"name\":\"Noti-America LLC | Venezuela\",\"url\":\"https:\/\/noti-america.com\/site\/venezuela\/\",\"logo\":{\"@type\":\"ImageObject\",\"inLanguage\":\"es\",\"@id\":\"https:\/\/noti-america.com\/site\/venezuela\/#\/schema\/logo\/image\/\",\"url\":\"https:\/\/noti-america.com\/site\/venezuela\/wp-content\/uploads\/sites\/2\/2020\/07\/LogoNA-4x3-1.jpg\",\"contentUrl\":\"https:\/\/noti-america.com\/site\/venezuela\/wp-content\/uploads\/sites\/2\/2020\/07\/LogoNA-4x3-1.jpg\",\"width\":1236,\"height\":1080,\"caption\":\"Noti-America LLC | Venezuela\"},\"image\":{\"@id\":\"https:\/\/noti-america.com\/site\/venezuela\/#\/schema\/logo\/image\/\"}},{\"@type\":\"Person\",\"@id\":\"https:\/\/noti-america.com\/site\/venezuela\/#\/schema\/person\/fd58dbfb92a257e9dc5761bf69a855ff\",\"name\":\"Rosmer Herrera\",\"image\":{\"@type\":\"ImageObject\",\"inLanguage\":\"es\",\"@id\":\"https:\/\/secure.gravatar.com\/avatar\/153e75c261394dbf20ff1a1e70ea2be9494f2b40b7fc4e7704084db13220ae08?s=96&d=mm&r=g\",\"url\":\"https:\/\/secure.gravatar.com\/avatar\/153e75c261394dbf20ff1a1e70ea2be9494f2b40b7fc4e7704084db13220ae08?s=96&d=mm&r=g\",\"contentUrl\":\"https:\/\/secure.gravatar.com\/avatar\/153e75c261394dbf20ff1a1e70ea2be9494f2b40b7fc4e7704084db13220ae08?s=96&d=mm&r=g\",\"caption\":\"Rosmer Herrera\"},\"url\":\"https:\/\/noti-america.com\/site\/venezuela\/author\/rosmer33\/\"}]}<\/script>\n<!-- \/ Yoast SEO Premium plugin. -->","yoast_head_json":{"title":"Aumentan enfermedades de la piel en ni\u00f1os y ancianos - Venezuela | Noti-America.com","robots":{"index":"index","follow":"follow","max-snippet":"max-snippet:-1","max-image-preview":"max-image-preview:large","max-video-preview":"max-video-preview:-1"},"canonical":"https:\/\/noti-america.com\/site\/venezuela\/2019\/11\/22\/aumentan-enfermedades-de-la-piel-en-ninos-y-ancianos\/","og_locale":"es_ES","og_type":"article","og_title":"Aumentan enfermedades de la piel en ni\u00f1os y ancianos","og_description":"Nota de Prensa Revela la doctora Elda Ginsante que pese a que no existen estad\u00edsticas oficiales, en la consulta diaria se detectan incrementos en casos de c\u00e1ncer \u00a0Aunque no existen cifras oficiales, la consulta&#46;&#46;&#46;","og_url":"https:\/\/noti-america.com\/site\/venezuela\/2019\/11\/22\/aumentan-enfermedades-de-la-piel-en-ninos-y-ancianos\/","og_site_name":"Venezuela | Noti-America.com","article_published_time":"2019-11-22T21:01:31+00:00","article_modified_time":"2019-11-23T01:01:41+00:00","og_image":[{"width":510,"height":340,"url":"https:\/\/noti-america.com\/site\/venezuela\/wp-content\/uploads\/sites\/2\/2019\/11\/Dermatitis.jpg","type":"image\/jpeg"}],"author":"Rosmer Herrera","twitter_card":"summary_large_image","twitter_misc":{"Escrito por":"Rosmer Herrera","Tiempo estimado de lectura":"3 minutos"},"schema":{"@context":"https:\/\/schema.org","@graph":[{"@type":"Article","@id":"https:\/\/noti-america.com\/site\/venezuela\/2019\/11\/22\/aumentan-enfermedades-de-la-piel-en-ninos-y-ancianos\/#article","isPartOf":{"@id":"https:\/\/noti-america.com\/site\/venezuela\/2019\/11\/22\/aumentan-enfermedades-de-la-piel-en-ninos-y-ancianos\/"},"author":{"name":"Rosmer Herrera","@id":"https:\/\/noti-america.com\/site\/venezuela\/#\/schema\/person\/fd58dbfb92a257e9dc5761bf69a855ff"},"headline":"Aumentan enfermedades de la piel en ni\u00f1os y ancianos","datePublished":"2019-11-22T21:01:31+00:00","dateModified":"2019-11-23T01:01:41+00:00","mainEntityOfPage":{"@id":"https:\/\/noti-america.com\/site\/venezuela\/2019\/11\/22\/aumentan-enfermedades-de-la-piel-en-ninos-y-ancianos\/"},"wordCount":695,"commentCount":0,"publisher":{"@id":"https:\/\/noti-america.com\/site\/venezuela\/#organization"},"image":{"@id":"https:\/\/noti-america.com\/site\/venezuela\/2019\/11\/22\/aumentan-enfermedades-de-la-piel-en-ninos-y-ancianos\/#primaryimage"},"thumbnailUrl":"https:\/\/noti-america.com\/site\/venezuela\/wp-content\/uploads\/sites\/2\/2019\/11\/Dermatitis.jpg","articleSection":["Vida y Salud"],"inLanguage":"es","potentialAction":[{"@type":"CommentAction","name":"Comment","target":["https:\/\/noti-america.com\/site\/venezuela\/2019\/11\/22\/aumentan-enfermedades-de-la-piel-en-ninos-y-ancianos\/#respond"]}]},{"@type":"WebPage","@id":"https:\/\/noti-america.com\/site\/venezuela\/2019\/11\/22\/aumentan-enfermedades-de-la-piel-en-ninos-y-ancianos\/","url":"https:\/\/noti-america.com\/site\/venezuela\/2019\/11\/22\/aumentan-enfermedades-de-la-piel-en-ninos-y-ancianos\/","name":"Aumentan enfermedades de la piel en ni\u00f1os y ancianos - Venezuela | Noti-America.com","isPartOf":{"@id":"https:\/\/noti-america.com\/site\/venezuela\/#website"},"primaryImageOfPage":{"@id":"https:\/\/noti-america.com\/site\/venezuela\/2019\/11\/22\/aumentan-enfermedades-de-la-piel-en-ninos-y-ancianos\/#primaryimage"},"image":{"@id":"https:\/\/noti-america.com\/site\/venezuela\/2019\/11\/22\/aumentan-enfermedades-de-la-piel-en-ninos-y-ancianos\/#primaryimage"},"thumbnailUrl":"https:\/\/noti-america.com\/site\/venezuela\/wp-content\/uploads\/sites\/2\/2019\/11\/Dermatitis.jpg","datePublished":"2019-11-22T21:01:31+00:00","dateModified":"2019-11-23T01:01:41+00:00","breadcrumb":{"@id":"https:\/\/noti-america.com\/site\/venezuela\/2019\/11\/22\/aumentan-enfermedades-de-la-piel-en-ninos-y-ancianos\/#breadcrumb"},"inLanguage":"es","potentialAction":[{"@type":"ReadAction","target":["https:\/\/noti-america.com\/site\/venezuela\/2019\/11\/22\/aumentan-enfermedades-de-la-piel-en-ninos-y-ancianos\/"]}]},{"@type":"ImageObject","inLanguage":"es","@id":"https:\/\/noti-america.com\/site\/venezuela\/2019\/11\/22\/aumentan-enfermedades-de-la-piel-en-ninos-y-ancianos\/#primaryimage","url":"https:\/\/noti-america.com\/site\/venezuela\/wp-content\/uploads\/sites\/2\/2019\/11\/Dermatitis.jpg","contentUrl":"https:\/\/noti-america.com\/site\/venezuela\/wp-content\/uploads\/sites\/2\/2019\/11\/Dermatitis.jpg","width":510,"height":340},{"@type":"BreadcrumbList","@id":"https:\/\/noti-america.com\/site\/venezuela\/2019\/11\/22\/aumentan-enfermedades-de-la-piel-en-ninos-y-ancianos\/#breadcrumb","itemListElement":[{"@type":"ListItem","position":1,"name":"Portada","item":"https:\/\/noti-america.com\/site\/venezuela\/"},{"@type":"ListItem","position":2,"name":"Aumentan enfermedades de la piel en ni\u00f1os y ancianos"}]},{"@type":"WebSite","@id":"https:\/\/noti-america.com\/site\/venezuela\/#website","url":"https:\/\/noti-america.com\/site\/venezuela\/","name":"Venezuela | Noti-America.com","description":"","publisher":{"@id":"https:\/\/noti-america.com\/site\/venezuela\/#organization"},"potentialAction":[{"@type":"SearchAction","target":{"@type":"EntryPoint","urlTemplate":"https:\/\/noti-america.com\/site\/venezuela\/?s={search_term_string}"},"query-input":{"@type":"PropertyValueSpecification","valueRequired":true,"valueName":"search_term_string"}}],"inLanguage":"es"},{"@type":"Organization","@id":"https:\/\/noti-america.com\/site\/venezuela\/#organization","name":"Noti-America LLC | Venezuela","url":"https:\/\/noti-america.com\/site\/venezuela\/","logo":{"@type":"ImageObject","inLanguage":"es","@id":"https:\/\/noti-america.com\/site\/venezuela\/#\/schema\/logo\/image\/","url":"https:\/\/noti-america.com\/site\/venezuela\/wp-content\/uploads\/sites\/2\/2020\/07\/LogoNA-4x3-1.jpg","contentUrl":"https:\/\/noti-america.com\/site\/venezuela\/wp-content\/uploads\/sites\/2\/2020\/07\/LogoNA-4x3-1.jpg","width":1236,"height":1080,"caption":"Noti-America LLC | Venezuela"},"image":{"@id":"https:\/\/noti-america.com\/site\/venezuela\/#\/schema\/logo\/image\/"}},{"@type":"Person","@id":"https:\/\/noti-america.com\/site\/venezuela\/#\/schema\/person\/fd58dbfb92a257e9dc5761bf69a855ff","name":"Rosmer Herrera","image":{"@type":"ImageObject","inLanguage":"es","@id":"https:\/\/secure.gravatar.com\/avatar\/153e75c261394dbf20ff1a1e70ea2be9494f2b40b7fc4e7704084db13220ae08?s=96&d=mm&r=g","url":"https:\/\/secure.gravatar.com\/avatar\/153e75c261394dbf20ff1a1e70ea2be9494f2b40b7fc4e7704084db13220ae08?s=96&d=mm&r=g","contentUrl":"https:\/\/secure.gravatar.com\/avatar\/153e75c261394dbf20ff1a1e70ea2be9494f2b40b7fc4e7704084db13220ae08?s=96&d=mm&r=g","caption":"Rosmer Herrera"},"url":"https:\/\/noti-america.com\/site\/venezuela\/author\/rosmer33\/"}]}},"_links":{"self":[{"href":"https:\/\/noti-america.com\/site\/venezuela\/wp-json\/wp\/v2\/posts\/10717","targetHints":{"allow":["GET"]}}],"collection":[{"href":"https:\/\/noti-america.com\/site\/venezuela\/wp-json\/wp\/v2\/posts"}],"about":[{"href":"https:\/\/noti-america.com\/site\/venezuela\/wp-json\/wp\/v2\/types\/post"}],"author":[{"embeddable":true,"href":"https:\/\/noti-america.com\/site\/venezuela\/wp-json\/wp\/v2\/users\/1"}],"replies":[{"embeddable":true,"href":"https:\/\/noti-america.com\/site\/venezuela\/wp-json\/wp\/v2\/comments?post=10717"}],"version-history":[{"count":1,"href":"https:\/\/noti-america.com\/site\/venezuela\/wp-json\/wp\/v2\/posts\/10717\/revisions"}],"predecessor-version":[{"id":10719,"href":"https:\/\/noti-america.com\/site\/venezuela\/wp-json\/wp\/v2\/posts\/10717\/revisions\/10719"}],"wp:featuredmedia":[{"embeddable":true,"href":"https:\/\/noti-america.com\/site\/venezuela\/wp-json\/wp\/v2\/media\/10718"}],"wp:attachment":[{"href":"https:\/\/noti-america.com\/site\/venezuela\/wp-json\/wp\/v2\/media?parent=10717"}],"wp:term":[{"taxonomy":"category","embeddable":true,"href":"https:\/\/noti-america.com\/site\/venezuela\/wp-json\/wp\/v2\/categories?post=10717"},{"taxonomy":"post_tag","embeddable":true,"href":"https:\/\/noti-america.com\/site\/venezuela\/wp-json\/wp\/v2\/tags?post=10717"}],"curies":[{"name":"wp","href":"https:\/\/api.w.org\/{rel}","templated":true}]}}