{"id":10668,"date":"2019-11-13T01:47:22","date_gmt":"2019-11-13T01:47:22","guid":{"rendered":"http:\/\/noti-america.com\/site\/venezuela\/2019\/11\/13\/guaido-en-bolivia-no-hubo-golpe-de-estado\/"},"modified":"2019-11-13T05:47:31","modified_gmt":"2019-11-13T05:47:31","slug":"guaido-en-bolivia-no-hubo-golpe-de-estado","status":"publish","type":"post","link":"https:\/\/noti-america.com\/site\/venezuela\/2019\/11\/13\/guaido-en-bolivia-no-hubo-golpe-de-estado\/","title":{"rendered":"Go Guaid\u00f3: &#171;En Bolivia no hubo golpe de estado&#187;"},"content":{"rendered":"<p><img loading=\"lazy\" decoding=\"async\" class=\"size-large wp-image-10669 aligncenter\" src=\"http:\/\/noti-america.com\/site\/venezuela\/venezuela\/wp-content\/uploads\/sites\/2\/2019\/11\/c21c597f08b5212e15d078daa54f38e53634adc7-1024x683.jpg\" alt=\"\" width=\"1024\" height=\"683\" srcset=\"https:\/\/noti-america.com\/site\/venezuela\/wp-content\/uploads\/sites\/2\/2019\/11\/c21c597f08b5212e15d078daa54f38e53634adc7-1024x683.jpg 1024w, https:\/\/noti-america.com\/site\/venezuela\/wp-content\/uploads\/sites\/2\/2019\/11\/c21c597f08b5212e15d078daa54f38e53634adc7-300x200.jpg 300w, https:\/\/noti-america.com\/site\/venezuela\/wp-content\/uploads\/sites\/2\/2019\/11\/c21c597f08b5212e15d078daa54f38e53634adc7-768x512.jpg 768w, https:\/\/noti-america.com\/site\/venezuela\/wp-content\/uploads\/sites\/2\/2019\/11\/c21c597f08b5212e15d078daa54f38e53634adc7-272x182.jpg 272w, https:\/\/noti-america.com\/site\/venezuela\/wp-content\/uploads\/sites\/2\/2019\/11\/c21c597f08b5212e15d078daa54f38e53634adc7.jpg 1200w\" sizes=\"auto, (max-width: 1024px) 100vw, 1024px\" \/><\/p>\n<p style=\"text-align: justify\">El Presidente interino de Venezuela, Juan Guaid\u00f3, afirm\u00f3 que \u00ablo que ocurri\u00f3 en Bolivia es una demostraci\u00f3n de un fraude electoral\u00bb.<\/p>\n<blockquote>\n<p style=\"text-align: justify\">\u00abNo podemos decir que en Bolivia hubo en golpe de estado. Es decir, hubo demostraci\u00f3n de un fraude electoral, trataron de imponer una reelecci\u00f3n, una segunda vuelta negada. No podemos hablar de golpe de estado entonces, por el contrario, es la exigencia natural de defender los derechos de los ciudadanos\u00bb expres\u00f3 el mandatario.<\/p>\n<\/blockquote>\n","protected":false},"excerpt":{"rendered":"<p>El Presidente interino de Venezuela, Juan Guaid\u00f3, afirm\u00f3 que \u00ablo que ocurri\u00f3 en Bolivia es una demostraci\u00f3n de un fraude electoral\u00bb. \u00abNo podemos decir que en Bolivia hubo en golpe de estado. Es decir,&#46;&#46;&#46;<\/p>\n","protected":false},"author":4,"featured_media":10669,"comment_status":"open","ping_status":"open","sticky":false,"template":"","format":"standard","meta":{"_acf_changed":false,"om_disable_all_campaigns":false,"rop_custom_images_group":[],"rop_custom_messages_group":[],"rop_publish_now":"initial","rop_publish_now_accounts":[],"rop_publish_now_history":[],"rop_publish_now_status":"pending","_uf_show_specific_survey":0,"_uf_disable_surveys":false,"footnotes":""},"categories":[3],"tags":[],"class_list":["post-10668","post","type-post","status-publish","format-standard","has-post-thumbnail","hentry","category-politica"],"acf":[],"aioseo_notices":[],"yoast_head":"<!-- This site is optimized with the Yoast SEO Premium plugin v24.9 (Yoast SEO v27.2) - https:\/\/yoast.com\/product\/yoast-seo-premium-wordpress\/ -->\n<title>Go Guaid\u00f3: &#171;En Bolivia no hubo golpe de estado&#187; - Venezuela | Noti-America.com<\/title>\n<meta name=\"robots\" content=\"index, follow, max-snippet:-1, max-image-preview:large, max-video-preview:-1\" \/>\n<link rel=\"canonical\" href=\"https:\/\/noti-america.com\/site\/venezuela\/2019\/11\/13\/guaido-en-bolivia-no-hubo-golpe-de-estado\/\" \/>\n<meta property=\"og:locale\" content=\"es_ES\" \/>\n<meta property=\"og:type\" content=\"article\" \/>\n<meta property=\"og:title\" content=\"Go Guaid\u00f3: &#171;En Bolivia no hubo golpe de estado&#187;\" \/>\n<meta property=\"og:description\" content=\"El Presidente interino de Venezuela, Juan Guaid\u00f3, afirm\u00f3 que \u00ablo que ocurri\u00f3 en Bolivia es una demostraci\u00f3n de un fraude electoral\u00bb. \u00abNo podemos decir que en Bolivia hubo en golpe de estado. Es decir,&#046;&#046;&#046;\" \/>\n<meta property=\"og:url\" content=\"https:\/\/noti-america.com\/site\/venezuela\/2019\/11\/13\/guaido-en-bolivia-no-hubo-golpe-de-estado\/\" \/>\n<meta property=\"og:site_name\" content=\"Venezuela | Noti-America.com\" \/>\n<meta property=\"article:author\" content=\"https:\/\/www.facebook.com\/AndresSalazarTV\/\" \/>\n<meta property=\"article:published_time\" content=\"2019-11-13T01:47:22+00:00\" \/>\n<meta property=\"article:modified_time\" content=\"2019-11-13T05:47:31+00:00\" \/>\n<meta property=\"og:image\" content=\"https:\/\/noti-america.com\/site\/venezuela\/wp-content\/uploads\/sites\/2\/2019\/11\/c21c597f08b5212e15d078daa54f38e53634adc7.jpg\" \/>\n\t<meta property=\"og:image:width\" content=\"1200\" \/>\n\t<meta property=\"og:image:height\" content=\"800\" \/>\n\t<meta property=\"og:image:type\" content=\"image\/jpeg\" \/>\n<meta name=\"author\" content=\"Andr\u00e9s Salazar TV\" \/>\n<meta name=\"twitter:card\" content=\"summary_large_image\" \/>\n<meta name=\"twitter:label1\" content=\"Escrito por\" \/>\n\t<meta name=\"twitter:data1\" content=\"Andr\u00e9s Salazar TV\" \/>\n<script type=\"application\/ld+json\" class=\"yoast-schema-graph\">{\"@context\":\"https:\/\/schema.org\",\"@graph\":[{\"@type\":\"Article\",\"@id\":\"https:\/\/noti-america.com\/site\/venezuela\/2019\/11\/13\/guaido-en-bolivia-no-hubo-golpe-de-estado\/#article\",\"isPartOf\":{\"@id\":\"https:\/\/noti-america.com\/site\/venezuela\/2019\/11\/13\/guaido-en-bolivia-no-hubo-golpe-de-estado\/\"},\"author\":{\"name\":\"Andr\u00e9s Salazar TV\",\"@id\":\"https:\/\/noti-america.com\/site\/venezuela\/#\/schema\/person\/5536bbfd0e2b9220dabb68be6a79e6a2\"},\"headline\":\"Go Guaid\u00f3: &#171;En Bolivia no hubo golpe de estado&#187;\",\"datePublished\":\"2019-11-13T01:47:22+00:00\",\"dateModified\":\"2019-11-13T05:47:31+00:00\",\"mainEntityOfPage\":{\"@id\":\"https:\/\/noti-america.com\/site\/venezuela\/2019\/11\/13\/guaido-en-bolivia-no-hubo-golpe-de-estado\/\"},\"wordCount\":86,\"commentCount\":0,\"publisher\":{\"@id\":\"https:\/\/noti-america.com\/site\/venezuela\/#organization\"},\"image\":{\"@id\":\"https:\/\/noti-america.com\/site\/venezuela\/2019\/11\/13\/guaido-en-bolivia-no-hubo-golpe-de-estado\/#primaryimage\"},\"thumbnailUrl\":\"https:\/\/noti-america.com\/site\/venezuela\/wp-content\/uploads\/sites\/2\/2019\/11\/c21c597f08b5212e15d078daa54f38e53634adc7.jpg\",\"articleSection\":[\"Pol\u00edtica\"],\"inLanguage\":\"es\",\"potentialAction\":[{\"@type\":\"CommentAction\",\"name\":\"Comment\",\"target\":[\"https:\/\/noti-america.com\/site\/venezuela\/2019\/11\/13\/guaido-en-bolivia-no-hubo-golpe-de-estado\/#respond\"]}]},{\"@type\":\"WebPage\",\"@id\":\"https:\/\/noti-america.com\/site\/venezuela\/2019\/11\/13\/guaido-en-bolivia-no-hubo-golpe-de-estado\/\",\"url\":\"https:\/\/noti-america.com\/site\/venezuela\/2019\/11\/13\/guaido-en-bolivia-no-hubo-golpe-de-estado\/\",\"name\":\"Go Guaid\u00f3: &#171;En Bolivia no hubo golpe de estado&#187; - Venezuela | Noti-America.com\",\"isPartOf\":{\"@id\":\"https:\/\/noti-america.com\/site\/venezuela\/#website\"},\"primaryImageOfPage\":{\"@id\":\"https:\/\/noti-america.com\/site\/venezuela\/2019\/11\/13\/guaido-en-bolivia-no-hubo-golpe-de-estado\/#primaryimage\"},\"image\":{\"@id\":\"https:\/\/noti-america.com\/site\/venezuela\/2019\/11\/13\/guaido-en-bolivia-no-hubo-golpe-de-estado\/#primaryimage\"},\"thumbnailUrl\":\"https:\/\/noti-america.com\/site\/venezuela\/wp-content\/uploads\/sites\/2\/2019\/11\/c21c597f08b5212e15d078daa54f38e53634adc7.jpg\",\"datePublished\":\"2019-11-13T01:47:22+00:00\",\"dateModified\":\"2019-11-13T05:47:31+00:00\",\"breadcrumb\":{\"@id\":\"https:\/\/noti-america.com\/site\/venezuela\/2019\/11\/13\/guaido-en-bolivia-no-hubo-golpe-de-estado\/#breadcrumb\"},\"inLanguage\":\"es\",\"potentialAction\":[{\"@type\":\"ReadAction\",\"target\":[\"https:\/\/noti-america.com\/site\/venezuela\/2019\/11\/13\/guaido-en-bolivia-no-hubo-golpe-de-estado\/\"]}]},{\"@type\":\"ImageObject\",\"inLanguage\":\"es\",\"@id\":\"https:\/\/noti-america.com\/site\/venezuela\/2019\/11\/13\/guaido-en-bolivia-no-hubo-golpe-de-estado\/#primaryimage\",\"url\":\"https:\/\/noti-america.com\/site\/venezuela\/wp-content\/uploads\/sites\/2\/2019\/11\/c21c597f08b5212e15d078daa54f38e53634adc7.jpg\",\"contentUrl\":\"https:\/\/noti-america.com\/site\/venezuela\/wp-content\/uploads\/sites\/2\/2019\/11\/c21c597f08b5212e15d078daa54f38e53634adc7.jpg\",\"width\":1200,\"height\":800},{\"@type\":\"BreadcrumbList\",\"@id\":\"https:\/\/noti-america.com\/site\/venezuela\/2019\/11\/13\/guaido-en-bolivia-no-hubo-golpe-de-estado\/#breadcrumb\",\"itemListElement\":[{\"@type\":\"ListItem\",\"position\":1,\"name\":\"Portada\",\"item\":\"https:\/\/noti-america.com\/site\/venezuela\/\"},{\"@type\":\"ListItem\",\"position\":2,\"name\":\"Go Guaid\u00f3: &#171;En Bolivia no hubo golpe de estado&#187;\"}]},{\"@type\":\"WebSite\",\"@id\":\"https:\/\/noti-america.com\/site\/venezuela\/#website\",\"url\":\"https:\/\/noti-america.com\/site\/venezuela\/\",\"name\":\"Venezuela | Noti-America.com\",\"description\":\"\",\"publisher\":{\"@id\":\"https:\/\/noti-america.com\/site\/venezuela\/#organization\"},\"potentialAction\":[{\"@type\":\"SearchAction\",\"target\":{\"@type\":\"EntryPoint\",\"urlTemplate\":\"https:\/\/noti-america.com\/site\/venezuela\/?s={search_term_string}\"},\"query-input\":{\"@type\":\"PropertyValueSpecification\",\"valueRequired\":true,\"valueName\":\"search_term_string\"}}],\"inLanguage\":\"es\"},{\"@type\":\"Organization\",\"@id\":\"https:\/\/noti-america.com\/site\/venezuela\/#organization\",\"name\":\"Noti-America LLC | Venezuela\",\"url\":\"https:\/\/noti-america.com\/site\/venezuela\/\",\"logo\":{\"@type\":\"ImageObject\",\"inLanguage\":\"es\",\"@id\":\"https:\/\/noti-america.com\/site\/venezuela\/#\/schema\/logo\/image\/\",\"url\":\"https:\/\/noti-america.com\/site\/venezuela\/wp-content\/uploads\/sites\/2\/2020\/07\/LogoNA-4x3-1.jpg\",\"contentUrl\":\"https:\/\/noti-america.com\/site\/venezuela\/wp-content\/uploads\/sites\/2\/2020\/07\/LogoNA-4x3-1.jpg\",\"width\":1236,\"height\":1080,\"caption\":\"Noti-America LLC | Venezuela\"},\"image\":{\"@id\":\"https:\/\/noti-america.com\/site\/venezuela\/#\/schema\/logo\/image\/\"}},{\"@type\":\"Person\",\"@id\":\"https:\/\/noti-america.com\/site\/venezuela\/#\/schema\/person\/5536bbfd0e2b9220dabb68be6a79e6a2\",\"name\":\"Andr\u00e9s Salazar TV\",\"image\":{\"@type\":\"ImageObject\",\"inLanguage\":\"es\",\"@id\":\"https:\/\/secure.gravatar.com\/avatar\/afe6826ba750395b641021d9bf08e5496b9d29671cfabb16346350901fb94310?s=96&d=mm&r=g\",\"url\":\"https:\/\/secure.gravatar.com\/avatar\/afe6826ba750395b641021d9bf08e5496b9d29671cfabb16346350901fb94310?s=96&d=mm&r=g\",\"contentUrl\":\"https:\/\/secure.gravatar.com\/avatar\/afe6826ba750395b641021d9bf08e5496b9d29671cfabb16346350901fb94310?s=96&d=mm&r=g\",\"caption\":\"Andr\u00e9s Salazar TV\"},\"description\":\"Periodista venezolano, especializado en deportes. Con m\u00e1s de 12 a\u00f1os de experiencia en medios de comunicaci\u00f3n. Cobertura informativa de los grandes eventos deportivos de Am\u00e9rica Latina y el Mundo.\",\"sameAs\":[\"https:\/\/www.facebook.com\/AndresSalazarTV\/\"],\"url\":\"https:\/\/noti-america.com\/site\/venezuela\/author\/asalazar\/\"}]}<\/script>\n<!-- \/ Yoast SEO Premium plugin. -->","yoast_head_json":{"title":"Go Guaid\u00f3: &#171;En Bolivia no hubo golpe de estado&#187; - Venezuela | Noti-America.com","robots":{"index":"index","follow":"follow","max-snippet":"max-snippet:-1","max-image-preview":"max-image-preview:large","max-video-preview":"max-video-preview:-1"},"canonical":"https:\/\/noti-america.com\/site\/venezuela\/2019\/11\/13\/guaido-en-bolivia-no-hubo-golpe-de-estado\/","og_locale":"es_ES","og_type":"article","og_title":"Go Guaid\u00f3: &#171;En Bolivia no hubo golpe de estado&#187;","og_description":"El Presidente interino de Venezuela, Juan Guaid\u00f3, afirm\u00f3 que \u00ablo que ocurri\u00f3 en Bolivia es una demostraci\u00f3n de un fraude electoral\u00bb. \u00abNo podemos decir que en Bolivia hubo en golpe de estado. Es decir,&#46;&#46;&#46;","og_url":"https:\/\/noti-america.com\/site\/venezuela\/2019\/11\/13\/guaido-en-bolivia-no-hubo-golpe-de-estado\/","og_site_name":"Venezuela | Noti-America.com","article_author":"https:\/\/www.facebook.com\/AndresSalazarTV\/","article_published_time":"2019-11-13T01:47:22+00:00","article_modified_time":"2019-11-13T05:47:31+00:00","og_image":[{"width":1200,"height":800,"url":"https:\/\/noti-america.com\/site\/venezuela\/wp-content\/uploads\/sites\/2\/2019\/11\/c21c597f08b5212e15d078daa54f38e53634adc7.jpg","type":"image\/jpeg"}],"author":"Andr\u00e9s Salazar TV","twitter_card":"summary_large_image","twitter_misc":{"Escrito por":"Andr\u00e9s Salazar TV"},"schema":{"@context":"https:\/\/schema.org","@graph":[{"@type":"Article","@id":"https:\/\/noti-america.com\/site\/venezuela\/2019\/11\/13\/guaido-en-bolivia-no-hubo-golpe-de-estado\/#article","isPartOf":{"@id":"https:\/\/noti-america.com\/site\/venezuela\/2019\/11\/13\/guaido-en-bolivia-no-hubo-golpe-de-estado\/"},"author":{"name":"Andr\u00e9s Salazar TV","@id":"https:\/\/noti-america.com\/site\/venezuela\/#\/schema\/person\/5536bbfd0e2b9220dabb68be6a79e6a2"},"headline":"Go Guaid\u00f3: &#171;En Bolivia no hubo golpe de estado&#187;","datePublished":"2019-11-13T01:47:22+00:00","dateModified":"2019-11-13T05:47:31+00:00","mainEntityOfPage":{"@id":"https:\/\/noti-america.com\/site\/venezuela\/2019\/11\/13\/guaido-en-bolivia-no-hubo-golpe-de-estado\/"},"wordCount":86,"commentCount":0,"publisher":{"@id":"https:\/\/noti-america.com\/site\/venezuela\/#organization"},"image":{"@id":"https:\/\/noti-america.com\/site\/venezuela\/2019\/11\/13\/guaido-en-bolivia-no-hubo-golpe-de-estado\/#primaryimage"},"thumbnailUrl":"https:\/\/noti-america.com\/site\/venezuela\/wp-content\/uploads\/sites\/2\/2019\/11\/c21c597f08b5212e15d078daa54f38e53634adc7.jpg","articleSection":["Pol\u00edtica"],"inLanguage":"es","potentialAction":[{"@type":"CommentAction","name":"Comment","target":["https:\/\/noti-america.com\/site\/venezuela\/2019\/11\/13\/guaido-en-bolivia-no-hubo-golpe-de-estado\/#respond"]}]},{"@type":"WebPage","@id":"https:\/\/noti-america.com\/site\/venezuela\/2019\/11\/13\/guaido-en-bolivia-no-hubo-golpe-de-estado\/","url":"https:\/\/noti-america.com\/site\/venezuela\/2019\/11\/13\/guaido-en-bolivia-no-hubo-golpe-de-estado\/","name":"Go Guaid\u00f3: &#171;En Bolivia no hubo golpe de estado&#187; - Venezuela | Noti-America.com","isPartOf":{"@id":"https:\/\/noti-america.com\/site\/venezuela\/#website"},"primaryImageOfPage":{"@id":"https:\/\/noti-america.com\/site\/venezuela\/2019\/11\/13\/guaido-en-bolivia-no-hubo-golpe-de-estado\/#primaryimage"},"image":{"@id":"https:\/\/noti-america.com\/site\/venezuela\/2019\/11\/13\/guaido-en-bolivia-no-hubo-golpe-de-estado\/#primaryimage"},"thumbnailUrl":"https:\/\/noti-america.com\/site\/venezuela\/wp-content\/uploads\/sites\/2\/2019\/11\/c21c597f08b5212e15d078daa54f38e53634adc7.jpg","datePublished":"2019-11-13T01:47:22+00:00","dateModified":"2019-11-13T05:47:31+00:00","breadcrumb":{"@id":"https:\/\/noti-america.com\/site\/venezuela\/2019\/11\/13\/guaido-en-bolivia-no-hubo-golpe-de-estado\/#breadcrumb"},"inLanguage":"es","potentialAction":[{"@type":"ReadAction","target":["https:\/\/noti-america.com\/site\/venezuela\/2019\/11\/13\/guaido-en-bolivia-no-hubo-golpe-de-estado\/"]}]},{"@type":"ImageObject","inLanguage":"es","@id":"https:\/\/noti-america.com\/site\/venezuela\/2019\/11\/13\/guaido-en-bolivia-no-hubo-golpe-de-estado\/#primaryimage","url":"https:\/\/noti-america.com\/site\/venezuela\/wp-content\/uploads\/sites\/2\/2019\/11\/c21c597f08b5212e15d078daa54f38e53634adc7.jpg","contentUrl":"https:\/\/noti-america.com\/site\/venezuela\/wp-content\/uploads\/sites\/2\/2019\/11\/c21c597f08b5212e15d078daa54f38e53634adc7.jpg","width":1200,"height":800},{"@type":"BreadcrumbList","@id":"https:\/\/noti-america.com\/site\/venezuela\/2019\/11\/13\/guaido-en-bolivia-no-hubo-golpe-de-estado\/#breadcrumb","itemListElement":[{"@type":"ListItem","position":1,"name":"Portada","item":"https:\/\/noti-america.com\/site\/venezuela\/"},{"@type":"ListItem","position":2,"name":"Go Guaid\u00f3: &#171;En Bolivia no hubo golpe de estado&#187;"}]},{"@type":"WebSite","@id":"https:\/\/noti-america.com\/site\/venezuela\/#website","url":"https:\/\/noti-america.com\/site\/venezuela\/","name":"Venezuela | Noti-America.com","description":"","publisher":{"@id":"https:\/\/noti-america.com\/site\/venezuela\/#organization"},"potentialAction":[{"@type":"SearchAction","target":{"@type":"EntryPoint","urlTemplate":"https:\/\/noti-america.com\/site\/venezuela\/?s={search_term_string}"},"query-input":{"@type":"PropertyValueSpecification","valueRequired":true,"valueName":"search_term_string"}}],"inLanguage":"es"},{"@type":"Organization","@id":"https:\/\/noti-america.com\/site\/venezuela\/#organization","name":"Noti-America LLC | Venezuela","url":"https:\/\/noti-america.com\/site\/venezuela\/","logo":{"@type":"ImageObject","inLanguage":"es","@id":"https:\/\/noti-america.com\/site\/venezuela\/#\/schema\/logo\/image\/","url":"https:\/\/noti-america.com\/site\/venezuela\/wp-content\/uploads\/sites\/2\/2020\/07\/LogoNA-4x3-1.jpg","contentUrl":"https:\/\/noti-america.com\/site\/venezuela\/wp-content\/uploads\/sites\/2\/2020\/07\/LogoNA-4x3-1.jpg","width":1236,"height":1080,"caption":"Noti-America LLC | Venezuela"},"image":{"@id":"https:\/\/noti-america.com\/site\/venezuela\/#\/schema\/logo\/image\/"}},{"@type":"Person","@id":"https:\/\/noti-america.com\/site\/venezuela\/#\/schema\/person\/5536bbfd0e2b9220dabb68be6a79e6a2","name":"Andr\u00e9s Salazar TV","image":{"@type":"ImageObject","inLanguage":"es","@id":"https:\/\/secure.gravatar.com\/avatar\/afe6826ba750395b641021d9bf08e5496b9d29671cfabb16346350901fb94310?s=96&d=mm&r=g","url":"https:\/\/secure.gravatar.com\/avatar\/afe6826ba750395b641021d9bf08e5496b9d29671cfabb16346350901fb94310?s=96&d=mm&r=g","contentUrl":"https:\/\/secure.gravatar.com\/avatar\/afe6826ba750395b641021d9bf08e5496b9d29671cfabb16346350901fb94310?s=96&d=mm&r=g","caption":"Andr\u00e9s Salazar TV"},"description":"Periodista venezolano, especializado en deportes. Con m\u00e1s de 12 a\u00f1os de experiencia en medios de comunicaci\u00f3n. Cobertura informativa de los grandes eventos deportivos de Am\u00e9rica Latina y el Mundo.","sameAs":["https:\/\/www.facebook.com\/AndresSalazarTV\/"],"url":"https:\/\/noti-america.com\/site\/venezuela\/author\/asalazar\/"}]}},"_links":{"self":[{"href":"https:\/\/noti-america.com\/site\/venezuela\/wp-json\/wp\/v2\/posts\/10668","targetHints":{"allow":["GET"]}}],"collection":[{"href":"https:\/\/noti-america.com\/site\/venezuela\/wp-json\/wp\/v2\/posts"}],"about":[{"href":"https:\/\/noti-america.com\/site\/venezuela\/wp-json\/wp\/v2\/types\/post"}],"author":[{"embeddable":true,"href":"https:\/\/noti-america.com\/site\/venezuela\/wp-json\/wp\/v2\/users\/4"}],"replies":[{"embeddable":true,"href":"https:\/\/noti-america.com\/site\/venezuela\/wp-json\/wp\/v2\/comments?post=10668"}],"version-history":[{"count":1,"href":"https:\/\/noti-america.com\/site\/venezuela\/wp-json\/wp\/v2\/posts\/10668\/revisions"}],"predecessor-version":[{"id":10670,"href":"https:\/\/noti-america.com\/site\/venezuela\/wp-json\/wp\/v2\/posts\/10668\/revisions\/10670"}],"wp:featuredmedia":[{"embeddable":true,"href":"https:\/\/noti-america.com\/site\/venezuela\/wp-json\/wp\/v2\/media\/10669"}],"wp:attachment":[{"href":"https:\/\/noti-america.com\/site\/venezuela\/wp-json\/wp\/v2\/media?parent=10668"}],"wp:term":[{"taxonomy":"category","embeddable":true,"href":"https:\/\/noti-america.com\/site\/venezuela\/wp-json\/wp\/v2\/categories?post=10668"},{"taxonomy":"post_tag","embeddable":true,"href":"https:\/\/noti-america.com\/site\/venezuela\/wp-json\/wp\/v2\/tags?post=10668"}],"curies":[{"name":"wp","href":"https:\/\/api.w.org\/{rel}","templated":true}]}}