{"id":10170,"date":"2019-10-11T00:42:47","date_gmt":"2019-10-11T00:42:47","guid":{"rendered":"http:\/\/noti-america.com\/site\/venezuela\/2019\/10\/11\/receta-del-dia-torta-de-bombon\/"},"modified":"2019-10-11T05:42:59","modified_gmt":"2019-10-11T05:42:59","slug":"receta-del-dia-torta-de-bombon","status":"publish","type":"post","link":"https:\/\/noti-america.com\/site\/venezuela\/2019\/10\/11\/receta-del-dia-torta-de-bombon\/","title":{"rendered":"Receta del d\u00eda: Torta de bomb\u00f3n"},"content":{"rendered":"<p><img loading=\"lazy\" decoding=\"async\" class=\"wp-image-10171 size-full aligncenter\" src=\"http:\/\/noti-america.com\/site\/venezuela\/venezuela\/wp-content\/uploads\/sites\/2\/2019\/10\/torta-bombon-banner.jpg\" alt=\"\" width=\"720\" height=\"430\" srcset=\"https:\/\/noti-america.com\/site\/venezuela\/wp-content\/uploads\/sites\/2\/2019\/10\/torta-bombon-banner.jpg 720w, https:\/\/noti-america.com\/site\/venezuela\/wp-content\/uploads\/sites\/2\/2019\/10\/torta-bombon-banner-300x179.jpg 300w\" sizes=\"auto, (max-width: 720px) 100vw, 720px\" \/><\/p>\n<p style=\"text-align: justify\"><span style=\"vertical-align: inherit\"><span style=\"vertical-align: inherit\">Disfruta de esta deliciosa receta \u00abTorta de bomb\u00f3n\u00bb, especialmente para compartir en familia. <\/span><span style=\"vertical-align: inherit\">No te la puedes perder:<\/span><\/span><\/p>\n<p style=\"text-align: justify\"><span style=\"vertical-align: inherit\"><span style=\"vertical-align: inherit\">\u00abIngredientes:<\/span><\/span><\/p>\n<p style=\"text-align: justify\"><span style=\"vertical-align: inherit\"><span style=\"vertical-align: inherit\">Para la cobertura exterior:<\/span><\/span><\/p>\n<p style=\"text-align: justify\"><span style=\"vertical-align: inherit\"><span style=\"vertical-align: inherit\">&#8211; 900 gr. <\/span><span style=\"vertical-align: inherit\">de chocolate blanco dividido<\/span><\/span><\/p>\n<p style=\"text-align: justify\"><span style=\"vertical-align: inherit\"><span style=\"vertical-align: inherit\">&#8211; Para la capa de chocolate oscuro:<\/span><\/span><\/p>\n<p style=\"text-align: justify\"><span style=\"vertical-align: inherit\"><span style=\"vertical-align: inherit\">&#8211; 170 gr. <\/span><span style=\"vertical-align: inherit\">de chocolate negro<\/span><\/span><\/p>\n<p style=\"text-align: justify\"><span style=\"vertical-align: inherit\"><span style=\"vertical-align: inherit\">&#8211; 3\/4 taza de queso crema<\/span><\/span><\/p>\n<p style=\"text-align: justify\"><span style=\"vertical-align: inherit\"><span style=\"vertical-align: inherit\">&#8211; 5 cdtas. <\/span><span style=\"vertical-align: inherit\">de az\u00facar<\/span><\/span><\/p>\n<p style=\"text-align: justify\"><span style=\"vertical-align: inherit\"><span style=\"vertical-align: inherit\">&#8211; 1\/2 taza de crema batida<\/span><\/span><\/p>\n<p style=\"text-align: justify\"><span style=\"vertical-align: inherit\"><span style=\"vertical-align: inherit\">Para la capa de chocolate con leche:<\/span><\/span><\/p>\n<p style=\"text-align: justify\"><span style=\"vertical-align: inherit\"><span style=\"vertical-align: inherit\">&#8211; 220 gr. <\/span><span style=\"vertical-align: inherit\">de chocolate con leche<\/span><\/span><\/p>\n<p style=\"text-align: justify\"><span style=\"vertical-align: inherit\"><span style=\"vertical-align: inherit\">&#8211; 1 taza de queso crema<\/span><\/span><\/p>\n<p style=\"text-align: justify\"><span style=\"vertical-align: inherit\"><span style=\"vertical-align: inherit\">&#8211; 5 cdtas. <\/span><span style=\"vertical-align: inherit\">de az\u00facar<\/span><\/span><\/p>\n<p style=\"text-align: justify\"><span style=\"vertical-align: inherit\"><span style=\"vertical-align: inherit\">&#8211; 1\/2 taza de crema batida<\/span><\/span><\/p>\n<p style=\"text-align: justify\"><span style=\"vertical-align: inherit\"><span style=\"vertical-align: inherit\">&#8211; Para la capa de chocolate blanco:<\/span><\/span><\/p>\n<p style=\"text-align: justify\"><span style=\"vertical-align: inherit\"><span style=\"vertical-align: inherit\">&#8211; 170 gr. <\/span><span style=\"vertical-align: inherit\">de chocolate blanco<\/span><\/span><\/p>\n<p style=\"text-align: justify\"><span style=\"vertical-align: inherit\"><span style=\"vertical-align: inherit\">&#8211; 1 taza de queso crema<\/span><\/span><\/p>\n<p style=\"text-align: justify\"><span style=\"vertical-align: inherit\"><span style=\"vertical-align: inherit\">&#8211; 5 cdtas. <\/span><span style=\"vertical-align: inherit\">de az\u00facar<\/span><\/span><\/p>\n<p style=\"text-align: justify\"><span style=\"vertical-align: inherit\"><span style=\"vertical-align: inherit\">Para la capa de galletas:<\/span><\/span><\/p>\n<p style=\"text-align: justify\"><span style=\"vertical-align: inherit\"><span style=\"vertical-align: inherit\">&#8211; 14 galletas Oreo<\/span><\/span><\/p>\n<p style=\"text-align: justify\"><span style=\"vertical-align: inherit\"><span style=\"vertical-align: inherit\">&#8211; 5 cdas. <\/span><span style=\"vertical-align: inherit\">de mantequilla derretida<\/span><\/span><\/p>\n<p style=\"text-align: justify\"><span style=\"vertical-align: inherit\"><span style=\"vertical-align: inherit\">Preparaci\u00f3n: <\/span><\/span><br \/>\n<span style=\"vertical-align: inherit\"><span style=\"vertical-align: inherit\">1.- Derretir el chocolate blanco de la cobertura a ba\u00f1o mar\u00eda hasta que est\u00e9 fundido.<\/span><\/span><\/p>\n<p style=\"text-align: justify\"><span style=\"vertical-align: inherit\"><span style=\"vertical-align: inherit\">2.- Verter en un molde tipo bundt y moverlo para que cubra toda la superficie. <\/span><span style=\"vertical-align: inherit\">Colocar en la heladera hasta que se aguante.<\/span><\/span><\/p>\n<p style=\"text-align: justify\"><span style=\"vertical-align: inherit\"><span style=\"vertical-align: inherit\">3.- Para la capa de chocolate negro, derretir el chocolate en un bowl a ba\u00f1o mar\u00eda. <\/span><span style=\"vertical-align: inherit\">Reservar<\/span><\/span><\/p>\n<p style=\"text-align: justify\"><span style=\"vertical-align: inherit\"><span style=\"vertical-align: inherit\">4.- Mezclar el queso crema y el az\u00facar. <\/span><span style=\"vertical-align: inherit\">Luego, agregar la crema y el chocolate derretido y batir juntos.<\/span><\/span><\/p>\n<p style=\"text-align: justify\"><span style=\"vertical-align: inherit\"><span style=\"vertical-align: inherit\">5.- Colocar la capa de chocolate oscuro sobre la cobertura y la resistencia en el molde, alisar con una esp\u00e1tula y volver a colocar en la heladera por 1 hora.<\/span><\/span><\/p>\n<p style=\"text-align: justify\"><span style=\"vertical-align: inherit\"><span style=\"vertical-align: inherit\">6.- Repetir estos pasos con la capa de chocolate con leche y la capa de chocolate blanco, dejando en la heladera durante 1 hora entre cada capa.<\/span><\/span><\/p>\n<p style=\"text-align: justify\"><span style=\"vertical-align: inherit\"><span style=\"vertical-align: inherit\">7.- Procesar las oreos junto a la mantequilla derretida Presionar las galletas procesadas en la torta para formar la base y volver a la heladera.<\/span><\/span><\/p>\n<p style=\"text-align: justify\"><span style=\"vertical-align: inherit\"><span style=\"vertical-align: inherit\">8.- Ver la \u00faltima capa de chocolate blanco sobre las galletas y volver a la heladera.<\/span><\/span><\/p>\n<p style=\"text-align: justify\"><span style=\"vertical-align: inherit\"><span style=\"vertical-align: inherit\">9.- Servir bien fr\u00eda y disfrutar! \u00ab.<\/span><\/span><\/p>\n","protected":false},"excerpt":{"rendered":"<p>Disfruta de esta deliciosa receta \u00abTorta de bomb\u00f3n\u00bb, especialmente para compartir en familia. No te la puedes perder: \u00abIngredientes: Para la cobertura exterior: &#8211; 900 gr. de chocolate blanco dividido &#8211; Para la capa&#46;&#46;&#46;<\/p>\n","protected":false},"author":45,"featured_media":10171,"comment_status":"open","ping_status":"open","sticky":false,"template":"","format":"standard","meta":{"_acf_changed":false,"om_disable_all_campaigns":false,"rop_custom_images_group":[],"rop_custom_messages_group":[],"rop_publish_now":"initial","rop_publish_now_accounts":[],"rop_publish_now_history":[],"rop_publish_now_status":"pending","_uf_show_specific_survey":0,"_uf_disable_surveys":false,"footnotes":""},"categories":[13],"tags":[],"class_list":["post-10170","post","type-post","status-publish","format-standard","has-post-thumbnail","hentry","category-vida-y-salud"],"acf":[],"aioseo_notices":[],"yoast_head":"<!-- This site is optimized with the Yoast SEO Premium plugin v24.9 (Yoast SEO v27.2) - https:\/\/yoast.com\/product\/yoast-seo-premium-wordpress\/ -->\n<title>Receta del d\u00eda: Torta de bomb\u00f3n - Venezuela | Noti-America.com<\/title>\n<meta name=\"robots\" content=\"index, follow, max-snippet:-1, max-image-preview:large, max-video-preview:-1\" \/>\n<link rel=\"canonical\" href=\"https:\/\/noti-america.com\/site\/venezuela\/2019\/10\/11\/receta-del-dia-torta-de-bombon\/\" \/>\n<meta property=\"og:locale\" content=\"es_ES\" \/>\n<meta property=\"og:type\" content=\"article\" \/>\n<meta property=\"og:title\" content=\"Receta del d\u00eda: Torta de bomb\u00f3n\" \/>\n<meta property=\"og:description\" content=\"Disfruta de esta deliciosa receta \u00abTorta de bomb\u00f3n\u00bb, especialmente para compartir en familia. No te la puedes perder: \u00abIngredientes: Para la cobertura exterior: &#8211; 900 gr. de chocolate blanco dividido &#8211; Para la capa&#046;&#046;&#046;\" \/>\n<meta property=\"og:url\" content=\"https:\/\/noti-america.com\/site\/venezuela\/2019\/10\/11\/receta-del-dia-torta-de-bombon\/\" \/>\n<meta property=\"og:site_name\" content=\"Venezuela | Noti-America.com\" \/>\n<meta property=\"article:published_time\" content=\"2019-10-11T00:42:47+00:00\" \/>\n<meta property=\"article:modified_time\" content=\"2019-10-11T05:42:59+00:00\" \/>\n<meta property=\"og:image\" content=\"https:\/\/noti-america.com\/site\/venezuela\/wp-content\/uploads\/sites\/2\/2019\/10\/torta-bombon-banner.jpg\" \/>\n\t<meta property=\"og:image:width\" content=\"720\" \/>\n\t<meta property=\"og:image:height\" content=\"430\" \/>\n\t<meta property=\"og:image:type\" content=\"image\/jpeg\" \/>\n<meta name=\"author\" content=\"Marilyn Oviedo\" \/>\n<meta name=\"twitter:card\" content=\"summary_large_image\" \/>\n<meta name=\"twitter:label1\" content=\"Escrito por\" \/>\n\t<meta name=\"twitter:data1\" content=\"Marilyn Oviedo\" \/>\n\t<meta name=\"twitter:label2\" content=\"Tiempo estimado de lectura\" \/>\n\t<meta name=\"twitter:data2\" content=\"2 minutos\" \/>\n<script type=\"application\/ld+json\" class=\"yoast-schema-graph\">{\"@context\":\"https:\/\/schema.org\",\"@graph\":[{\"@type\":\"Article\",\"@id\":\"https:\/\/noti-america.com\/site\/venezuela\/2019\/10\/11\/receta-del-dia-torta-de-bombon\/#article\",\"isPartOf\":{\"@id\":\"https:\/\/noti-america.com\/site\/venezuela\/2019\/10\/11\/receta-del-dia-torta-de-bombon\/\"},\"author\":{\"name\":\"Marilyn Oviedo\",\"@id\":\"https:\/\/noti-america.com\/site\/venezuela\/#\/schema\/person\/17a6ee8c9af7fe2da084805f2d45e6ef\"},\"headline\":\"Receta del d\u00eda: Torta de bomb\u00f3n\",\"datePublished\":\"2019-10-11T00:42:47+00:00\",\"dateModified\":\"2019-10-11T05:42:59+00:00\",\"mainEntityOfPage\":{\"@id\":\"https:\/\/noti-america.com\/site\/venezuela\/2019\/10\/11\/receta-del-dia-torta-de-bombon\/\"},\"wordCount\":313,\"commentCount\":0,\"publisher\":{\"@id\":\"https:\/\/noti-america.com\/site\/venezuela\/#organization\"},\"image\":{\"@id\":\"https:\/\/noti-america.com\/site\/venezuela\/2019\/10\/11\/receta-del-dia-torta-de-bombon\/#primaryimage\"},\"thumbnailUrl\":\"https:\/\/noti-america.com\/site\/venezuela\/wp-content\/uploads\/sites\/2\/2019\/10\/torta-bombon-banner.jpg\",\"articleSection\":[\"Vida y Salud\"],\"inLanguage\":\"es\",\"potentialAction\":[{\"@type\":\"CommentAction\",\"name\":\"Comment\",\"target\":[\"https:\/\/noti-america.com\/site\/venezuela\/2019\/10\/11\/receta-del-dia-torta-de-bombon\/#respond\"]}]},{\"@type\":\"WebPage\",\"@id\":\"https:\/\/noti-america.com\/site\/venezuela\/2019\/10\/11\/receta-del-dia-torta-de-bombon\/\",\"url\":\"https:\/\/noti-america.com\/site\/venezuela\/2019\/10\/11\/receta-del-dia-torta-de-bombon\/\",\"name\":\"Receta del d\u00eda: Torta de bomb\u00f3n - Venezuela | Noti-America.com\",\"isPartOf\":{\"@id\":\"https:\/\/noti-america.com\/site\/venezuela\/#website\"},\"primaryImageOfPage\":{\"@id\":\"https:\/\/noti-america.com\/site\/venezuela\/2019\/10\/11\/receta-del-dia-torta-de-bombon\/#primaryimage\"},\"image\":{\"@id\":\"https:\/\/noti-america.com\/site\/venezuela\/2019\/10\/11\/receta-del-dia-torta-de-bombon\/#primaryimage\"},\"thumbnailUrl\":\"https:\/\/noti-america.com\/site\/venezuela\/wp-content\/uploads\/sites\/2\/2019\/10\/torta-bombon-banner.jpg\",\"datePublished\":\"2019-10-11T00:42:47+00:00\",\"dateModified\":\"2019-10-11T05:42:59+00:00\",\"breadcrumb\":{\"@id\":\"https:\/\/noti-america.com\/site\/venezuela\/2019\/10\/11\/receta-del-dia-torta-de-bombon\/#breadcrumb\"},\"inLanguage\":\"es\",\"potentialAction\":[{\"@type\":\"ReadAction\",\"target\":[\"https:\/\/noti-america.com\/site\/venezuela\/2019\/10\/11\/receta-del-dia-torta-de-bombon\/\"]}]},{\"@type\":\"ImageObject\",\"inLanguage\":\"es\",\"@id\":\"https:\/\/noti-america.com\/site\/venezuela\/2019\/10\/11\/receta-del-dia-torta-de-bombon\/#primaryimage\",\"url\":\"https:\/\/noti-america.com\/site\/venezuela\/wp-content\/uploads\/sites\/2\/2019\/10\/torta-bombon-banner.jpg\",\"contentUrl\":\"https:\/\/noti-america.com\/site\/venezuela\/wp-content\/uploads\/sites\/2\/2019\/10\/torta-bombon-banner.jpg\",\"width\":720,\"height\":430},{\"@type\":\"BreadcrumbList\",\"@id\":\"https:\/\/noti-america.com\/site\/venezuela\/2019\/10\/11\/receta-del-dia-torta-de-bombon\/#breadcrumb\",\"itemListElement\":[{\"@type\":\"ListItem\",\"position\":1,\"name\":\"Portada\",\"item\":\"https:\/\/noti-america.com\/site\/venezuela\/\"},{\"@type\":\"ListItem\",\"position\":2,\"name\":\"Receta del d\u00eda: Torta de bomb\u00f3n\"}]},{\"@type\":\"WebSite\",\"@id\":\"https:\/\/noti-america.com\/site\/venezuela\/#website\",\"url\":\"https:\/\/noti-america.com\/site\/venezuela\/\",\"name\":\"Venezuela | Noti-America.com\",\"description\":\"\",\"publisher\":{\"@id\":\"https:\/\/noti-america.com\/site\/venezuela\/#organization\"},\"potentialAction\":[{\"@type\":\"SearchAction\",\"target\":{\"@type\":\"EntryPoint\",\"urlTemplate\":\"https:\/\/noti-america.com\/site\/venezuela\/?s={search_term_string}\"},\"query-input\":{\"@type\":\"PropertyValueSpecification\",\"valueRequired\":true,\"valueName\":\"search_term_string\"}}],\"inLanguage\":\"es\"},{\"@type\":\"Organization\",\"@id\":\"https:\/\/noti-america.com\/site\/venezuela\/#organization\",\"name\":\"Noti-America LLC | Venezuela\",\"url\":\"https:\/\/noti-america.com\/site\/venezuela\/\",\"logo\":{\"@type\":\"ImageObject\",\"inLanguage\":\"es\",\"@id\":\"https:\/\/noti-america.com\/site\/venezuela\/#\/schema\/logo\/image\/\",\"url\":\"https:\/\/noti-america.com\/site\/venezuela\/wp-content\/uploads\/sites\/2\/2020\/07\/LogoNA-4x3-1.jpg\",\"contentUrl\":\"https:\/\/noti-america.com\/site\/venezuela\/wp-content\/uploads\/sites\/2\/2020\/07\/LogoNA-4x3-1.jpg\",\"width\":1236,\"height\":1080,\"caption\":\"Noti-America LLC | Venezuela\"},\"image\":{\"@id\":\"https:\/\/noti-america.com\/site\/venezuela\/#\/schema\/logo\/image\/\"}},{\"@type\":\"Person\",\"@id\":\"https:\/\/noti-america.com\/site\/venezuela\/#\/schema\/person\/17a6ee8c9af7fe2da084805f2d45e6ef\",\"name\":\"Marilyn Oviedo\",\"image\":{\"@type\":\"ImageObject\",\"inLanguage\":\"es\",\"@id\":\"https:\/\/secure.gravatar.com\/avatar\/6ab070ce76f64b066017eef1247ecdeb7c01b8e99448b515919552ac2123cc84?s=96&d=mm&r=g\",\"url\":\"https:\/\/secure.gravatar.com\/avatar\/6ab070ce76f64b066017eef1247ecdeb7c01b8e99448b515919552ac2123cc84?s=96&d=mm&r=g\",\"contentUrl\":\"https:\/\/secure.gravatar.com\/avatar\/6ab070ce76f64b066017eef1247ecdeb7c01b8e99448b515919552ac2123cc84?s=96&d=mm&r=g\",\"caption\":\"Marilyn Oviedo\"},\"description\":\"Venezolana, Licenciada en Letras | Productora | Redactora de Contenidos | Community Manager.\",\"url\":\"https:\/\/noti-america.com\/site\/venezuela\/author\/moviedo\/\"}]}<\/script>\n<!-- \/ Yoast SEO Premium plugin. -->","yoast_head_json":{"title":"Receta del d\u00eda: Torta de bomb\u00f3n - Venezuela | Noti-America.com","robots":{"index":"index","follow":"follow","max-snippet":"max-snippet:-1","max-image-preview":"max-image-preview:large","max-video-preview":"max-video-preview:-1"},"canonical":"https:\/\/noti-america.com\/site\/venezuela\/2019\/10\/11\/receta-del-dia-torta-de-bombon\/","og_locale":"es_ES","og_type":"article","og_title":"Receta del d\u00eda: Torta de bomb\u00f3n","og_description":"Disfruta de esta deliciosa receta \u00abTorta de bomb\u00f3n\u00bb, especialmente para compartir en familia. No te la puedes perder: \u00abIngredientes: Para la cobertura exterior: &#8211; 900 gr. de chocolate blanco dividido &#8211; Para la capa&#46;&#46;&#46;","og_url":"https:\/\/noti-america.com\/site\/venezuela\/2019\/10\/11\/receta-del-dia-torta-de-bombon\/","og_site_name":"Venezuela | Noti-America.com","article_published_time":"2019-10-11T00:42:47+00:00","article_modified_time":"2019-10-11T05:42:59+00:00","og_image":[{"width":720,"height":430,"url":"https:\/\/noti-america.com\/site\/venezuela\/wp-content\/uploads\/sites\/2\/2019\/10\/torta-bombon-banner.jpg","type":"image\/jpeg"}],"author":"Marilyn Oviedo","twitter_card":"summary_large_image","twitter_misc":{"Escrito por":"Marilyn Oviedo","Tiempo estimado de lectura":"2 minutos"},"schema":{"@context":"https:\/\/schema.org","@graph":[{"@type":"Article","@id":"https:\/\/noti-america.com\/site\/venezuela\/2019\/10\/11\/receta-del-dia-torta-de-bombon\/#article","isPartOf":{"@id":"https:\/\/noti-america.com\/site\/venezuela\/2019\/10\/11\/receta-del-dia-torta-de-bombon\/"},"author":{"name":"Marilyn Oviedo","@id":"https:\/\/noti-america.com\/site\/venezuela\/#\/schema\/person\/17a6ee8c9af7fe2da084805f2d45e6ef"},"headline":"Receta del d\u00eda: Torta de bomb\u00f3n","datePublished":"2019-10-11T00:42:47+00:00","dateModified":"2019-10-11T05:42:59+00:00","mainEntityOfPage":{"@id":"https:\/\/noti-america.com\/site\/venezuela\/2019\/10\/11\/receta-del-dia-torta-de-bombon\/"},"wordCount":313,"commentCount":0,"publisher":{"@id":"https:\/\/noti-america.com\/site\/venezuela\/#organization"},"image":{"@id":"https:\/\/noti-america.com\/site\/venezuela\/2019\/10\/11\/receta-del-dia-torta-de-bombon\/#primaryimage"},"thumbnailUrl":"https:\/\/noti-america.com\/site\/venezuela\/wp-content\/uploads\/sites\/2\/2019\/10\/torta-bombon-banner.jpg","articleSection":["Vida y Salud"],"inLanguage":"es","potentialAction":[{"@type":"CommentAction","name":"Comment","target":["https:\/\/noti-america.com\/site\/venezuela\/2019\/10\/11\/receta-del-dia-torta-de-bombon\/#respond"]}]},{"@type":"WebPage","@id":"https:\/\/noti-america.com\/site\/venezuela\/2019\/10\/11\/receta-del-dia-torta-de-bombon\/","url":"https:\/\/noti-america.com\/site\/venezuela\/2019\/10\/11\/receta-del-dia-torta-de-bombon\/","name":"Receta del d\u00eda: Torta de bomb\u00f3n - Venezuela | Noti-America.com","isPartOf":{"@id":"https:\/\/noti-america.com\/site\/venezuela\/#website"},"primaryImageOfPage":{"@id":"https:\/\/noti-america.com\/site\/venezuela\/2019\/10\/11\/receta-del-dia-torta-de-bombon\/#primaryimage"},"image":{"@id":"https:\/\/noti-america.com\/site\/venezuela\/2019\/10\/11\/receta-del-dia-torta-de-bombon\/#primaryimage"},"thumbnailUrl":"https:\/\/noti-america.com\/site\/venezuela\/wp-content\/uploads\/sites\/2\/2019\/10\/torta-bombon-banner.jpg","datePublished":"2019-10-11T00:42:47+00:00","dateModified":"2019-10-11T05:42:59+00:00","breadcrumb":{"@id":"https:\/\/noti-america.com\/site\/venezuela\/2019\/10\/11\/receta-del-dia-torta-de-bombon\/#breadcrumb"},"inLanguage":"es","potentialAction":[{"@type":"ReadAction","target":["https:\/\/noti-america.com\/site\/venezuela\/2019\/10\/11\/receta-del-dia-torta-de-bombon\/"]}]},{"@type":"ImageObject","inLanguage":"es","@id":"https:\/\/noti-america.com\/site\/venezuela\/2019\/10\/11\/receta-del-dia-torta-de-bombon\/#primaryimage","url":"https:\/\/noti-america.com\/site\/venezuela\/wp-content\/uploads\/sites\/2\/2019\/10\/torta-bombon-banner.jpg","contentUrl":"https:\/\/noti-america.com\/site\/venezuela\/wp-content\/uploads\/sites\/2\/2019\/10\/torta-bombon-banner.jpg","width":720,"height":430},{"@type":"BreadcrumbList","@id":"https:\/\/noti-america.com\/site\/venezuela\/2019\/10\/11\/receta-del-dia-torta-de-bombon\/#breadcrumb","itemListElement":[{"@type":"ListItem","position":1,"name":"Portada","item":"https:\/\/noti-america.com\/site\/venezuela\/"},{"@type":"ListItem","position":2,"name":"Receta del d\u00eda: Torta de bomb\u00f3n"}]},{"@type":"WebSite","@id":"https:\/\/noti-america.com\/site\/venezuela\/#website","url":"https:\/\/noti-america.com\/site\/venezuela\/","name":"Venezuela | Noti-America.com","description":"","publisher":{"@id":"https:\/\/noti-america.com\/site\/venezuela\/#organization"},"potentialAction":[{"@type":"SearchAction","target":{"@type":"EntryPoint","urlTemplate":"https:\/\/noti-america.com\/site\/venezuela\/?s={search_term_string}"},"query-input":{"@type":"PropertyValueSpecification","valueRequired":true,"valueName":"search_term_string"}}],"inLanguage":"es"},{"@type":"Organization","@id":"https:\/\/noti-america.com\/site\/venezuela\/#organization","name":"Noti-America LLC | Venezuela","url":"https:\/\/noti-america.com\/site\/venezuela\/","logo":{"@type":"ImageObject","inLanguage":"es","@id":"https:\/\/noti-america.com\/site\/venezuela\/#\/schema\/logo\/image\/","url":"https:\/\/noti-america.com\/site\/venezuela\/wp-content\/uploads\/sites\/2\/2020\/07\/LogoNA-4x3-1.jpg","contentUrl":"https:\/\/noti-america.com\/site\/venezuela\/wp-content\/uploads\/sites\/2\/2020\/07\/LogoNA-4x3-1.jpg","width":1236,"height":1080,"caption":"Noti-America LLC | Venezuela"},"image":{"@id":"https:\/\/noti-america.com\/site\/venezuela\/#\/schema\/logo\/image\/"}},{"@type":"Person","@id":"https:\/\/noti-america.com\/site\/venezuela\/#\/schema\/person\/17a6ee8c9af7fe2da084805f2d45e6ef","name":"Marilyn Oviedo","image":{"@type":"ImageObject","inLanguage":"es","@id":"https:\/\/secure.gravatar.com\/avatar\/6ab070ce76f64b066017eef1247ecdeb7c01b8e99448b515919552ac2123cc84?s=96&d=mm&r=g","url":"https:\/\/secure.gravatar.com\/avatar\/6ab070ce76f64b066017eef1247ecdeb7c01b8e99448b515919552ac2123cc84?s=96&d=mm&r=g","contentUrl":"https:\/\/secure.gravatar.com\/avatar\/6ab070ce76f64b066017eef1247ecdeb7c01b8e99448b515919552ac2123cc84?s=96&d=mm&r=g","caption":"Marilyn Oviedo"},"description":"Venezolana, Licenciada en Letras | Productora | Redactora de Contenidos | Community Manager.","url":"https:\/\/noti-america.com\/site\/venezuela\/author\/moviedo\/"}]}},"_links":{"self":[{"href":"https:\/\/noti-america.com\/site\/venezuela\/wp-json\/wp\/v2\/posts\/10170","targetHints":{"allow":["GET"]}}],"collection":[{"href":"https:\/\/noti-america.com\/site\/venezuela\/wp-json\/wp\/v2\/posts"}],"about":[{"href":"https:\/\/noti-america.com\/site\/venezuela\/wp-json\/wp\/v2\/types\/post"}],"author":[{"embeddable":true,"href":"https:\/\/noti-america.com\/site\/venezuela\/wp-json\/wp\/v2\/users\/45"}],"replies":[{"embeddable":true,"href":"https:\/\/noti-america.com\/site\/venezuela\/wp-json\/wp\/v2\/comments?post=10170"}],"version-history":[{"count":1,"href":"https:\/\/noti-america.com\/site\/venezuela\/wp-json\/wp\/v2\/posts\/10170\/revisions"}],"predecessor-version":[{"id":10172,"href":"https:\/\/noti-america.com\/site\/venezuela\/wp-json\/wp\/v2\/posts\/10170\/revisions\/10172"}],"wp:featuredmedia":[{"embeddable":true,"href":"https:\/\/noti-america.com\/site\/venezuela\/wp-json\/wp\/v2\/media\/10171"}],"wp:attachment":[{"href":"https:\/\/noti-america.com\/site\/venezuela\/wp-json\/wp\/v2\/media?parent=10170"}],"wp:term":[{"taxonomy":"category","embeddable":true,"href":"https:\/\/noti-america.com\/site\/venezuela\/wp-json\/wp\/v2\/categories?post=10170"},{"taxonomy":"post_tag","embeddable":true,"href":"https:\/\/noti-america.com\/site\/venezuela\/wp-json\/wp\/v2\/tags?post=10170"}],"curies":[{"name":"wp","href":"https:\/\/api.w.org\/{rel}","templated":true}]}}